{"id":18699,"date":"2022-05-15T21:01:02","date_gmt":"2022-05-15T19:01:02","guid":{"rendered":"https:\/\/evertonfc.cz\/?p=18699"},"modified":"2022-05-17T08:17:45","modified_gmt":"2022-05-17T06:17:45","slug":"everton-brentford-23","status":"publish","type":"post","link":"https:\/\/evertonfc.cz\/index.php\/2022\/05\/15\/everton-brentford-23\/","title":{"rendered":"Everton &#8211; Brentford 2:3"},"content":{"rendered":"<h4>Ak si niekto myslel, \u017ee Everton v boji o zotrvanie v najvy\u0161\u0161ej s\u00fa\u0165a\u017ei nebude nap\u00edna\u0165 a\u017e do konca, m\u00fdlil sa. Postarali sa o to aj v\u00fdkony rozhodcov, ktor\u00e9 Lampard op\u00e4\u0165 skritizoval.<\/h4>\n<p>119 sek\u00fand. To\u013eko sta\u010dilo na to, aby sa zlomil odpor nakoniec len dev\u00e4\u0165\u010dlenn\u00e9ho Evertonu na tr\u00e1vniku. Goodison Park neveril. Od za\u010diatku v\u0161etko nasved\u010dovalo jedin\u00e9mu, z\u00e1chrane v Premier League. Od bur\u00e1caj\u00faceho sprievodu fan\u00fa\u0161ikov pri pr\u00edchode hr\u00e1\u010dov, a\u017e po \u00favod stretnutia, ke\u010f mali hostia ve\u013ek\u00e9 probl\u00e9my s ustr\u00e1\u017een\u00edm Karameliek. Tie svojou bojovnos\u0165ou a\u00a0presved\u010den\u00edm o\u00a0vopred danom v\u00fdsledku doslova lepili v\u010dielky k\u00a0vlastnej br\u00e1ne. \u010c\u00edm sme si v\u0161ak zasl\u00fa\u017eili t\u00fato sez\u00f3nu tak\u00fa nev\u00f4\u013eu osudu nevedno, ale rozhodcovia si proti n\u00e1m id\u00fa vlastn\u00fa ligu, a\u00a0s\u00a0t\u00fdm aj in\u00e9 pravidl\u00e1. Nem\u00e1m preto in\u00e9ho vysvetlenia. VAR je na smiech, v\u00fdklad textu a\u00a0aplik\u00e1cia v\u00a0praxi bl\u00e1zniv\u00e1.<\/p>\n<h4><strong>Snov\u00fd za\u010diatok<\/strong><\/h4>\n<p>V predposlednom dom\u00e1com z\u00e1pase sa v z\u00e1klade po dlh\u0161om \u010dase objavil Calvert-Lewin. Gray t\u00fdm p\u00e1dom putoval na lavi\u010dku, odkia\u013e sa opa\u010dn\u00fdm smerom por\u00fa\u010dal e\u0161te Branthwaite a Gomes. Delph toti\u017e viac nevydr\u017eal, Allan nie je \u00faplne v pohode, k \u010domu n\u00e1m e\u0161te ochorel Keane, no a viac mo\u017enost\u00ed do obrany \u010di z\u00e1lohy v podstate nem\u00e1me.<\/p>\n<p>Ako sme u\u017e spomenuli, \u0161tart bol \u00fa\u017easn\u00fd, ke\u010f nech\u00fdbalo ve\u013ea, a mohli sme vies\u0165 rozdielom triedy. Gordona vychytal Raya, na \u010do n\u00e1sledne Richarlison po kontakte hlavi\u010dkoval tesne ved\u013ea. \u010eal\u0161iu \u0161ancu vytvoril Iwobi nad\u00fdchan\u00fdm centrom. Ten si op\u00e4\u0165 na\u0161iel Braz\u00edl\u010dana, a ten znovu p\u00e1lil len mimo. Potom v\u0161ak pri\u0161la \u0161tandardka, ktor\u00e1 sk\u00f3re kone\u010dne zmenila. Gordon zahral na prv\u00fa ty\u010d k Richymu, ktor\u00fd sa jej letmo dotkol. Asi rovnakou intenzitou ako ju Calvert-Lewin poh\u013eadil svojou hru\u010fou, \u010do prispelo k zm\u00e4tku pre brank\u00e1ra. Lopta tak pre\u0161la a\u017e do br\u00e1ny a nikto, absol\u00fatne nikto nemal pochybnosti, \u017ee AK sa ni\u010d extraordin\u00e1rne nestane, EFC vyhr\u00e1.<\/p>\n<p>Len\u017ee ak nepadne\u0161, padne in\u00fd. Tak sa v s\u00fa\u010dasnosti p\u00edska. Coleman zacentroval do v\u00e1pna, Richarlison sa vehementne sna\u017e\u00ed spracova\u0165 loptu, zatia\u013e \u010do s\u00faper ho km\u00e1\u0161e za dres hlava nehlava. Ni\u010d, slepota z\u00a0desiatich metrov. N\u00e1sledn\u00e1 nakopnut\u00e1 lopta na Toneyho, ktor\u00fd utek\u00e1 Branthwaitovi s\u00e1m na br\u00e1nu. Jarrad ho v\u0161ak st\u00edha, no vyberie si zl\u00fa stranu. A\u00a0ke\u010f sa sna\u017e\u00ed dosta\u0165 k\u00a0hr\u00e1\u010dovi, skri\u017euje ho zozadu a\u00a0dostane sa do kol\u00edzie s\u00a0jeho nohami. Jasn\u00fd faul na \u010derven\u00fa. \u010co u\u017e, chlapec sa pou\u010d\u00ed. Minim\u00e1lne v\u00a0druhej lige.<\/p>\n<p>Klasick\u00e9 obliehanie dom\u00e1cej br\u00e1ny, k slovu sa dost\u00e1va re\u017eis\u00e9r Eriksen, a osud duelu sa u\u017e kry\u0161talizuje trochu inak. Kl\u00e1dli sme ale tvrd\u00fd odpor, Gomes to to sk\u00fa\u0161al z dia\u013eky. No inkasovanie bolo, zd\u00e1 sa, nevyhnutn\u00e9. Po prieniku s\u00fapera do \u0161estn\u00e1stky sa dostal k lopte Wissa, ktor\u00fd to sk\u00fasil z uhla. Ku g\u00f3lu v\u0161ak prispel a\u017e Colemanov te\u010d hlavou.<\/p>\n<h4><strong>Vykresan\u00e1 n\u00e1dej a\u00a0r\u00fdchla smr\u0165<\/strong><\/h4>\n<p>S posledn\u00fdm n\u00e1dychom prv\u00e9ho dejstva pri\u0161la vzpruha v podobe pokutov\u00e9ho kopu. Z\u00edskal ho Richarlison po n\u00e1kope Pickforda, ktor\u00fd pred\u013a\u017eil Calvert-Lewin. Fauloval hr\u00e1\u010d, ktor\u00fd u\u017e \u017elt\u00fa kartu mal, a (ne)prekvapivo ostal na ihrisku. Aspo\u0148, \u017ee to Rich chladnokrvne premenil. Do \u0161atn\u00ed sme to preto i\u0161li z obnovenou d\u00f4verou, \u017ee to dok\u00e1\u017eeme aspo\u0148 ubet\u00f3nova\u0165. Dominic mal zlat\u00fa pr\u00edle\u017eitos\u0165 dorazi\u0165 z p\u00e4\u0165ky skvel\u00fd center od Richarlisona, no milimetrovo loptu netrafil. V \u010fal\u0161om priebehu, ako aj v prvom pol\u010dase n\u00e1s dr\u017eal Pickford.<\/p>\n<p>No pri rohu, ktor\u00fd te\u010doval op\u00e4\u0165 Wissa nemal \u0161ancu. Nevad\u00ed, u\u017e len polhodina a mali by sme bod. Len\u017ee prostredn\u00edctvom \u00fanavy sa pridala nekoncentr\u00e1cia. Centrovan\u00e1 lopta z kraja ihriska h\u013eadala Henryho, ktor\u00e9ho mal str\u00e1\u017ei\u0165 Gordon, a absol\u00fatne zaspal. Tak\u017ee stav sa oto\u010dil. Zvy\u0161ok z\u00e1pasu znamenal len nah\u00e1\u0148anie tie\u0148ov. K hrdinsk\u00e9mu vzopretiu nepomohol ani Rond\u00f3n, ke\u010f dve min\u00faty pred uplynut\u00edm riadneho hracieho \u010dasu stup\u00eddne fauloval Henryho. Dvoma nohami a \u0161tuplami napred vo v\u00fdskoku. Idiot.<\/p>\n<h4><strong>Frank Lampard:<\/strong><\/h4>\n<blockquote><p><span style=\"font-size: 12pt;\"><em>\u201eKe\u010f vid\u00edte \u0165ahanie za dres, to je faul kdeko\u013evek na ihrisku. T\u00e1to fr\u00e1za \u201ejasn\u00e9 a\u00a0o\u010dividn\u00e9\u201c neviem, \u010di e\u0161te plat\u00ed, ale je to nonsens. Rozhodnutie je bu\u010f spr\u00e1vne alebo nespr\u00e1vne. Je \u0165ahanie za dres faul? \u00c1no. Je to vo v\u00e1pne? Je. Tak\u017ee je to penalta.\u201c<\/em><\/span><\/p>\n<p><span style=\"font-size: 12pt;\"><em>\u201eHr\u00e1\u010di vydali zo seba v\u0161etko, fan\u00fa\u0161ikovia vydali zo seba v\u0161etko. Ve\u013ek\u00e9 okolnosti boli proti n\u00e1m. Tak\u017ee d\u00fafam, \u017ee Michael Keane bude v \u0161tvrtok sp\u00e4\u0165. V Minu a Godfreyho ned\u00fafam. Dnes sme mali mimo troch stop\u00e9rov, tak\u017ee tam hral Seamus. D\u00f4le\u017eit\u00e9 je, aby sme si zachovali pozit\u00edvny pr\u00edstup. Op\u00e4\u0165 v Goodison Parku a sn\u00e1\u010f s jeden\u00e1stimi hr\u00e1\u010dmi to bude v na\u0161ich ruk\u00e1ch. Snaha bola neuverite\u013en\u00e1, hr\u00e1\u010di si zasl\u00fa\u017eia trochu oddychu.\u201c<\/em><\/span><\/p><\/blockquote>\n<h3 style=\"text-align: center;\"><span style=\"color: #3366ff;\"><em><strong>Come on you Blues !!!<\/strong><\/em><\/span><\/h3>\n<p style=\"text-align: right;\"><span style=\"font-size: 8pt;\">(fotozdroj: Sky Sports)<\/span><\/p>\n<p><strong>Zostrihy + z\u00e1pas:<\/strong>\u00a0<a href=\"https:\/\/hdmatches.net\/2022\/05\/15\/video-everton-vs-brentford-highlights-full-match-15-may-2022\/\" target=\"_blank\" rel=\"noopener\">HDmatches.net<\/a>\u00a0\u00a0<strong>Mu\u017e z\u00e1pasu redakcie:<\/strong> Richarlison<\/p>\n<p><strong>G\u00f3ly:<\/strong> 10\u00b4 Calvert-Lewin (Richarlison), 37\u00b4 Coleman (vlastn\u00fd),<br \/>\n45+2\u00b4 Richarlison (penalta), 62\u00b4 Wissa (Eriksen), 64\u00b4 Henry (Norgaard)<\/p>\n<p><strong>\u017dlt\u00e9 karty: <\/strong>10\u00b4 S\u00f8rensen, 27\u00b4 Jensen, 40\u00b4 Ajer\u00a0 <strong>\u010cerven\u00e9 karty: <\/strong>18\u00b4 Branthwaite, 88\u00b4 Rond\u00f3n<\/p>\n<p><strong>Everton FC:\u00a0<\/strong>Pickford \u2013 Iwobi, Coleman (84\u00b4 Rond\u00f3n), Holgate, Branthwaite, Mykolenko \u2013 Gordon (72\u00b4 Gray), Doucour\u00e9 , Gomes (72\u00b4 Kenny), Richarlison \u2013 Calvert-Lewin<\/p>\n<p><strong>Brentford FC:<\/strong> Raya \u2013 Ajer (59\u00b4 Da silva), Jansson, S\u00f8rensen (46\u00b4 Janelt), Henry \u2013 Jensen, Norgaard, Eriksen \u2013 Mbuemo, Toney, Wissa (64\u00b4 Rasmussen)<\/p>\n<p><strong>Rozhodca: <\/strong>Michael Oliver\u00a0 <strong>Div\u00e1ci:<\/strong> 38 819<\/p>\n","protected":false},"excerpt":{"rendered":"<p>Ak si niekto myslel, \u017ee Everton v boji o zotrvanie v najvy\u0161\u0161ej s\u00fa\u0165a\u017ei nebude nap\u00edna\u0165 a\u017e do konca, m\u00fdlil sa. Postarali sa o to aj v\u00fdkony rozhodcov, ktor\u00e9 Lampard op\u00e4\u0165 skritizoval.<\/p>\n","protected":false},"author":1,"featured_media":18698,"comment_status":"open","ping_status":"closed","sticky":false,"template":"","format":"standard","meta":{"_eb_attr":"","_monsterinsights_skip_tracking":false,"_monsterinsights_sitenote_active":false,"_monsterinsights_sitenote_note":"","_monsterinsights_sitenote_category":0,"footnotes":""},"categories":[4],"tags":[],"yoast_head":"<!-- This site is optimized with the Yoast SEO plugin v23.4 - https:\/\/yoast.com\/wordpress\/plugins\/seo\/ -->\n<title>Everton - Brentford 2:3 - Official Czech &amp; Slovak Everton Supporters&#039; Club<\/title>\n<meta name=\"robots\" content=\"index, follow, max-snippet:-1, max-image-preview:large, max-video-preview:-1\" \/>\n<link rel=\"canonical\" href=\"https:\/\/evertonfc.cz\/index.php\/2022\/05\/15\/everton-brentford-23\/\" \/>\n<meta property=\"og:locale\" content=\"cs_CZ\" \/>\n<meta property=\"og:type\" content=\"article\" \/>\n<meta property=\"og:title\" content=\"Everton - Brentford 2:3 - Official Czech &amp; Slovak Everton Supporters&#039; Club\" \/>\n<meta property=\"og:description\" content=\"Ak si niekto myslel, \u017ee Everton v boji o zotrvanie v najvy\u0161\u0161ej s\u00fa\u0165a\u017ei nebude nap\u00edna\u0165 a\u017e do konca, m\u00fdlil sa. Postarali sa o to aj v\u00fdkony rozhodcov, ktor\u00e9 Lampard op\u00e4\u0165 skritizoval.\" \/>\n<meta property=\"og:url\" content=\"https:\/\/evertonfc.cz\/index.php\/2022\/05\/15\/everton-brentford-23\/\" \/>\n<meta property=\"og:site_name\" content=\"Official Czech &amp; Slovak Everton Supporters&#039; Club\" \/>\n<meta property=\"article:publisher\" content=\"https:\/\/www.facebook.com\/everton.fans.cz.sk\" \/>\n<meta property=\"article:published_time\" content=\"2022-05-15T19:01:02+00:00\" \/>\n<meta property=\"article:modified_time\" content=\"2022-05-17T06:17:45+00:00\" \/>\n<meta property=\"og:image\" content=\"https:\/\/evertonfc.cz\/wp-content\/uploads\/2022\/05\/Skysports-Everton-2-3-Brentford-Pickford-Holgate-15-5-2022.jpg\" \/>\n\t<meta property=\"og:image:width\" content=\"720\" \/>\n\t<meta property=\"og:image:height\" content=\"405\" \/>\n\t<meta property=\"og:image:type\" content=\"image\/jpeg\" \/>\n<meta name=\"author\" content=\"BlueBlooded\" \/>\n<meta name=\"twitter:card\" content=\"summary_large_image\" \/>\n<meta name=\"twitter:label1\" content=\"Napsal(a)\" \/>\n\t<meta name=\"twitter:data1\" content=\"BlueBlooded\" \/>\n\t<meta name=\"twitter:label2\" content=\"Odhadovan\u00e1 doba \u010dten\u00ed\" \/>\n\t<meta name=\"twitter:data2\" content=\"5 minut\" \/>\n<script type=\"application\/ld+json\" class=\"yoast-schema-graph\">{\"@context\":\"https:\/\/schema.org\",\"@graph\":[{\"@type\":\"Article\",\"@id\":\"https:\/\/evertonfc.cz\/index.php\/2022\/05\/15\/everton-brentford-23\/#article\",\"isPartOf\":{\"@id\":\"https:\/\/evertonfc.cz\/index.php\/2022\/05\/15\/everton-brentford-23\/\"},\"author\":{\"name\":\"BlueBlooded\",\"@id\":\"https:\/\/evertonfc.cz\/#\/schema\/person\/d4493b8cbea51532597fbc4685698916\"},\"headline\":\"Everton &#8211; Brentford 2:3\",\"datePublished\":\"2022-05-15T19:01:02+00:00\",\"dateModified\":\"2022-05-17T06:17:45+00:00\",\"mainEntityOfPage\":{\"@id\":\"https:\/\/evertonfc.cz\/index.php\/2022\/05\/15\/everton-brentford-23\/\"},\"wordCount\":975,\"commentCount\":7,\"publisher\":{\"@id\":\"https:\/\/evertonfc.cz\/#organization\"},\"image\":{\"@id\":\"https:\/\/evertonfc.cz\/index.php\/2022\/05\/15\/everton-brentford-23\/#primaryimage\"},\"thumbnailUrl\":\"https:\/\/evertonfc.cz\/wp-content\/uploads\/2022\/05\/Skysports-Everton-2-3-Brentford-Pickford-Holgate-15-5-2022.jpg\",\"articleSection\":[\"Z\u00e1pasy\"],\"inLanguage\":\"cs\",\"potentialAction\":[{\"@type\":\"CommentAction\",\"name\":\"Comment\",\"target\":[\"https:\/\/evertonfc.cz\/index.php\/2022\/05\/15\/everton-brentford-23\/#respond\"]}]},{\"@type\":\"WebPage\",\"@id\":\"https:\/\/evertonfc.cz\/index.php\/2022\/05\/15\/everton-brentford-23\/\",\"url\":\"https:\/\/evertonfc.cz\/index.php\/2022\/05\/15\/everton-brentford-23\/\",\"name\":\"Everton - Brentford 2:3 - Official Czech &amp; Slovak Everton Supporters&#039; Club\",\"isPartOf\":{\"@id\":\"https:\/\/evertonfc.cz\/#website\"},\"primaryImageOfPage\":{\"@id\":\"https:\/\/evertonfc.cz\/index.php\/2022\/05\/15\/everton-brentford-23\/#primaryimage\"},\"image\":{\"@id\":\"https:\/\/evertonfc.cz\/index.php\/2022\/05\/15\/everton-brentford-23\/#primaryimage\"},\"thumbnailUrl\":\"https:\/\/evertonfc.cz\/wp-content\/uploads\/2022\/05\/Skysports-Everton-2-3-Brentford-Pickford-Holgate-15-5-2022.jpg\",\"datePublished\":\"2022-05-15T19:01:02+00:00\",\"dateModified\":\"2022-05-17T06:17:45+00:00\",\"breadcrumb\":{\"@id\":\"https:\/\/evertonfc.cz\/index.php\/2022\/05\/15\/everton-brentford-23\/#breadcrumb\"},\"inLanguage\":\"cs\",\"potentialAction\":[{\"@type\":\"ReadAction\",\"target\":[\"https:\/\/evertonfc.cz\/index.php\/2022\/05\/15\/everton-brentford-23\/\"]}]},{\"@type\":\"ImageObject\",\"inLanguage\":\"cs\",\"@id\":\"https:\/\/evertonfc.cz\/index.php\/2022\/05\/15\/everton-brentford-23\/#primaryimage\",\"url\":\"https:\/\/evertonfc.cz\/wp-content\/uploads\/2022\/05\/Skysports-Everton-2-3-Brentford-Pickford-Holgate-15-5-2022.jpg\",\"contentUrl\":\"https:\/\/evertonfc.cz\/wp-content\/uploads\/2022\/05\/Skysports-Everton-2-3-Brentford-Pickford-Holgate-15-5-2022.jpg\",\"width\":720,\"height\":405},{\"@type\":\"BreadcrumbList\",\"@id\":\"https:\/\/evertonfc.cz\/index.php\/2022\/05\/15\/everton-brentford-23\/#breadcrumb\",\"itemListElement\":[{\"@type\":\"ListItem\",\"position\":1,\"name\":\"Home\",\"item\":\"https:\/\/evertonfc.cz\/\"},{\"@type\":\"ListItem\",\"position\":2,\"name\":\"Everton &#8211; Brentford 2:3\"}]},{\"@type\":\"WebSite\",\"@id\":\"https:\/\/evertonfc.cz\/#website\",\"url\":\"https:\/\/evertonfc.cz\/\",\"name\":\"Official Czech &amp; Slovak Everton Supporters&#039; Club\",\"description\":\"\",\"publisher\":{\"@id\":\"https:\/\/evertonfc.cz\/#organization\"},\"potentialAction\":[{\"@type\":\"SearchAction\",\"target\":{\"@type\":\"EntryPoint\",\"urlTemplate\":\"https:\/\/evertonfc.cz\/?s={search_term_string}\"},\"query-input\":{\"@type\":\"PropertyValueSpecification\",\"valueRequired\":true,\"valueName\":\"search_term_string\"}}],\"inLanguage\":\"cs\"},{\"@type\":\"Organization\",\"@id\":\"https:\/\/evertonfc.cz\/#organization\",\"name\":\"Official Czech & Slovak Everton Supporters' Club\",\"url\":\"https:\/\/evertonfc.cz\/\",\"logo\":{\"@type\":\"ImageObject\",\"inLanguage\":\"cs\",\"@id\":\"https:\/\/evertonfc.cz\/#\/schema\/logo\/image\/\",\"url\":\"https:\/\/evertonfc.cz\/wp-content\/uploads\/2019\/05\/logo.png\",\"contentUrl\":\"https:\/\/evertonfc.cz\/wp-content\/uploads\/2019\/05\/logo.png\",\"width\":112,\"height\":112,\"caption\":\"Official Czech & Slovak Everton Supporters' Club\"},\"image\":{\"@id\":\"https:\/\/evertonfc.cz\/#\/schema\/logo\/image\/\"},\"sameAs\":[\"https:\/\/www.facebook.com\/everton.fans.cz.sk\"]},{\"@type\":\"Person\",\"@id\":\"https:\/\/evertonfc.cz\/#\/schema\/person\/d4493b8cbea51532597fbc4685698916\",\"name\":\"BlueBlooded\",\"url\":\"https:\/\/evertonfc.cz\/index.php\/author\/admin\/\"}]}<\/script>\n<!-- \/ Yoast SEO plugin. -->","yoast_head_json":{"title":"Everton - Brentford 2:3 - Official Czech &amp; Slovak Everton Supporters&#039; Club","robots":{"index":"index","follow":"follow","max-snippet":"max-snippet:-1","max-image-preview":"max-image-preview:large","max-video-preview":"max-video-preview:-1"},"canonical":"https:\/\/evertonfc.cz\/index.php\/2022\/05\/15\/everton-brentford-23\/","og_locale":"cs_CZ","og_type":"article","og_title":"Everton - Brentford 2:3 - Official Czech &amp; Slovak Everton Supporters&#039; Club","og_description":"Ak si niekto myslel, \u017ee Everton v boji o zotrvanie v najvy\u0161\u0161ej s\u00fa\u0165a\u017ei nebude nap\u00edna\u0165 a\u017e do konca, m\u00fdlil sa. Postarali sa o to aj v\u00fdkony rozhodcov, ktor\u00e9 Lampard op\u00e4\u0165 skritizoval.","og_url":"https:\/\/evertonfc.cz\/index.php\/2022\/05\/15\/everton-brentford-23\/","og_site_name":"Official Czech &amp; Slovak Everton Supporters&#039; Club","article_publisher":"https:\/\/www.facebook.com\/everton.fans.cz.sk","article_published_time":"2022-05-15T19:01:02+00:00","article_modified_time":"2022-05-17T06:17:45+00:00","og_image":[{"width":720,"height":405,"url":"https:\/\/evertonfc.cz\/wp-content\/uploads\/2022\/05\/Skysports-Everton-2-3-Brentford-Pickford-Holgate-15-5-2022.jpg","type":"image\/jpeg"}],"author":"BlueBlooded","twitter_card":"summary_large_image","twitter_misc":{"Napsal(a)":"BlueBlooded","Odhadovan\u00e1 doba \u010dten\u00ed":"5 minut"},"schema":{"@context":"https:\/\/schema.org","@graph":[{"@type":"Article","@id":"https:\/\/evertonfc.cz\/index.php\/2022\/05\/15\/everton-brentford-23\/#article","isPartOf":{"@id":"https:\/\/evertonfc.cz\/index.php\/2022\/05\/15\/everton-brentford-23\/"},"author":{"name":"BlueBlooded","@id":"https:\/\/evertonfc.cz\/#\/schema\/person\/d4493b8cbea51532597fbc4685698916"},"headline":"Everton &#8211; Brentford 2:3","datePublished":"2022-05-15T19:01:02+00:00","dateModified":"2022-05-17T06:17:45+00:00","mainEntityOfPage":{"@id":"https:\/\/evertonfc.cz\/index.php\/2022\/05\/15\/everton-brentford-23\/"},"wordCount":975,"commentCount":7,"publisher":{"@id":"https:\/\/evertonfc.cz\/#organization"},"image":{"@id":"https:\/\/evertonfc.cz\/index.php\/2022\/05\/15\/everton-brentford-23\/#primaryimage"},"thumbnailUrl":"https:\/\/evertonfc.cz\/wp-content\/uploads\/2022\/05\/Skysports-Everton-2-3-Brentford-Pickford-Holgate-15-5-2022.jpg","articleSection":["Z\u00e1pasy"],"inLanguage":"cs","potentialAction":[{"@type":"CommentAction","name":"Comment","target":["https:\/\/evertonfc.cz\/index.php\/2022\/05\/15\/everton-brentford-23\/#respond"]}]},{"@type":"WebPage","@id":"https:\/\/evertonfc.cz\/index.php\/2022\/05\/15\/everton-brentford-23\/","url":"https:\/\/evertonfc.cz\/index.php\/2022\/05\/15\/everton-brentford-23\/","name":"Everton - Brentford 2:3 - Official Czech &amp; Slovak Everton Supporters&#039; Club","isPartOf":{"@id":"https:\/\/evertonfc.cz\/#website"},"primaryImageOfPage":{"@id":"https:\/\/evertonfc.cz\/index.php\/2022\/05\/15\/everton-brentford-23\/#primaryimage"},"image":{"@id":"https:\/\/evertonfc.cz\/index.php\/2022\/05\/15\/everton-brentford-23\/#primaryimage"},"thumbnailUrl":"https:\/\/evertonfc.cz\/wp-content\/uploads\/2022\/05\/Skysports-Everton-2-3-Brentford-Pickford-Holgate-15-5-2022.jpg","datePublished":"2022-05-15T19:01:02+00:00","dateModified":"2022-05-17T06:17:45+00:00","breadcrumb":{"@id":"https:\/\/evertonfc.cz\/index.php\/2022\/05\/15\/everton-brentford-23\/#breadcrumb"},"inLanguage":"cs","potentialAction":[{"@type":"ReadAction","target":["https:\/\/evertonfc.cz\/index.php\/2022\/05\/15\/everton-brentford-23\/"]}]},{"@type":"ImageObject","inLanguage":"cs","@id":"https:\/\/evertonfc.cz\/index.php\/2022\/05\/15\/everton-brentford-23\/#primaryimage","url":"https:\/\/evertonfc.cz\/wp-content\/uploads\/2022\/05\/Skysports-Everton-2-3-Brentford-Pickford-Holgate-15-5-2022.jpg","contentUrl":"https:\/\/evertonfc.cz\/wp-content\/uploads\/2022\/05\/Skysports-Everton-2-3-Brentford-Pickford-Holgate-15-5-2022.jpg","width":720,"height":405},{"@type":"BreadcrumbList","@id":"https:\/\/evertonfc.cz\/index.php\/2022\/05\/15\/everton-brentford-23\/#breadcrumb","itemListElement":[{"@type":"ListItem","position":1,"name":"Home","item":"https:\/\/evertonfc.cz\/"},{"@type":"ListItem","position":2,"name":"Everton &#8211; Brentford 2:3"}]},{"@type":"WebSite","@id":"https:\/\/evertonfc.cz\/#website","url":"https:\/\/evertonfc.cz\/","name":"Official Czech &amp; Slovak Everton Supporters&#039; Club","description":"","publisher":{"@id":"https:\/\/evertonfc.cz\/#organization"},"potentialAction":[{"@type":"SearchAction","target":{"@type":"EntryPoint","urlTemplate":"https:\/\/evertonfc.cz\/?s={search_term_string}"},"query-input":{"@type":"PropertyValueSpecification","valueRequired":true,"valueName":"search_term_string"}}],"inLanguage":"cs"},{"@type":"Organization","@id":"https:\/\/evertonfc.cz\/#organization","name":"Official Czech & Slovak Everton Supporters' Club","url":"https:\/\/evertonfc.cz\/","logo":{"@type":"ImageObject","inLanguage":"cs","@id":"https:\/\/evertonfc.cz\/#\/schema\/logo\/image\/","url":"https:\/\/evertonfc.cz\/wp-content\/uploads\/2019\/05\/logo.png","contentUrl":"https:\/\/evertonfc.cz\/wp-content\/uploads\/2019\/05\/logo.png","width":112,"height":112,"caption":"Official Czech & Slovak Everton Supporters' Club"},"image":{"@id":"https:\/\/evertonfc.cz\/#\/schema\/logo\/image\/"},"sameAs":["https:\/\/www.facebook.com\/everton.fans.cz.sk"]},{"@type":"Person","@id":"https:\/\/evertonfc.cz\/#\/schema\/person\/d4493b8cbea51532597fbc4685698916","name":"BlueBlooded","url":"https:\/\/evertonfc.cz\/index.php\/author\/admin\/"}]}},"_links":{"self":[{"href":"https:\/\/evertonfc.cz\/index.php\/wp-json\/wp\/v2\/posts\/18699"}],"collection":[{"href":"https:\/\/evertonfc.cz\/index.php\/wp-json\/wp\/v2\/posts"}],"about":[{"href":"https:\/\/evertonfc.cz\/index.php\/wp-json\/wp\/v2\/types\/post"}],"author":[{"embeddable":true,"href":"https:\/\/evertonfc.cz\/index.php\/wp-json\/wp\/v2\/users\/1"}],"replies":[{"embeddable":true,"href":"https:\/\/evertonfc.cz\/index.php\/wp-json\/wp\/v2\/comments?post=18699"}],"version-history":[{"count":13,"href":"https:\/\/evertonfc.cz\/index.php\/wp-json\/wp\/v2\/posts\/18699\/revisions"}],"predecessor-version":[{"id":18713,"href":"https:\/\/evertonfc.cz\/index.php\/wp-json\/wp\/v2\/posts\/18699\/revisions\/18713"}],"wp:featuredmedia":[{"embeddable":true,"href":"https:\/\/evertonfc.cz\/index.php\/wp-json\/wp\/v2\/media\/18698"}],"wp:attachment":[{"href":"https:\/\/evertonfc.cz\/index.php\/wp-json\/wp\/v2\/media?parent=18699"}],"wp:term":[{"taxonomy":"category","embeddable":true,"href":"https:\/\/evertonfc.cz\/index.php\/wp-json\/wp\/v2\/categories?post=18699"},{"taxonomy":"post_tag","embeddable":true,"href":"https:\/\/evertonfc.cz\/index.php\/wp-json\/wp\/v2\/tags?post=18699"}],"curies":[{"name":"wp","href":"https:\/\/api.w.org\/{rel}","templated":true}]}}