{"id":18719,"date":"2022-05-18T17:01:00","date_gmt":"2022-05-18T15:01:00","guid":{"rendered":"https:\/\/evertonfc.cz\/?p=18719"},"modified":"2022-05-18T17:13:52","modified_gmt":"2022-05-18T15:13:52","slug":"kto-zostupi","status":"publish","type":"post","link":"https:\/\/evertonfc.cz\/index.php\/2022\/05\/18\/kto-zostupi\/","title":{"rendered":"Kto zost\u00fapi?"},"content":{"rendered":"<h4>Everton a\u00a0Burnley cez v\u00edkend prehrali. Leeds v\u0161ak vstrelil neskor\u00fd vyrovn\u00e1vaj\u00faci g\u00f3l. Zostupov\u00e9 boje sa teda bud\u00fa vies\u0165 a\u017e do posledn\u00e9ho t\u00fd\u017ed\u0148a ligovej sez\u00f3ny.<\/h4>\n<p>\u010co n\u00e1s v\u00a0nich \u010dak\u00e1? Pre s\u00faperov v\u00a0boji o\u00a0zotrvanie v\u00a0najvy\u0161\u0161ej s\u00fa\u0165a\u017ei p\u00e4\u0165 z\u00e1pasov, z\u00a0ktor\u00fdch ka\u017ed\u00fd m\u00f4\u017ee ma\u0165 tri r\u00f4zne v\u00fdsledky. To je pod\u013ea kombinatoriky 243 mo\u017en\u00fdch v\u00fdstupov do kone\u010dnej tabu\u013eky Premier League. A\u00a0\u00fadajne len 16 z\u00a0nich by bolo osudov\u00fdch pre Lamparda, jeho zverencov a\u00a0cel\u00e9 osadenstvo Goodison Parku.<\/p>\n<p>T\u00ed v nede\u013eu dvakr\u00e1t viedli proti Brentfordu, aj v\u010faka udelen\u00e9mu pokutov\u00e9mu kopu, no s\u00a0dvomi \u010derven\u00fdmi kartami napokon prehrali 2:3. \u0160koda, v\u00ed\u0165azstvo by toti\u017e zabezpe\u010dilo bud\u00facnos\u0165 v\u00a0najsledovanej\u0161ej lige sveta aj na bud\u00facu sez\u00f3nu. Burnley taktie\u017e prehralo s Tottenhamom 0:1, pri\u010dom dramatick\u00fd g\u00f3l proti Brightonu vytiahol Leeds z p\u00e1sma zostupu. Ale mo\u017eno nie na dlho, ke\u010f\u017ee Burnley, rovnako ako Everton, m\u00e1 z\u00e1pas k\u00a0dobru.<\/p>\n<p><img loading=\"lazy\" decoding=\"async\" class=\"size-full wp-image-18721 aligncenter\" src=\"https:\/\/evertonfc.cz\/wp-content\/uploads\/2022\/05\/EFC-relegation-scrap-18-5-2022.jpg\" alt=\"\" width=\"720\" height=\"211\" srcset=\"https:\/\/evertonfc.cz\/wp-content\/uploads\/2022\/05\/EFC-relegation-scrap-18-5-2022.jpg 720w, https:\/\/evertonfc.cz\/wp-content\/uploads\/2022\/05\/EFC-relegation-scrap-18-5-2022-300x88.jpg 300w\" sizes=\"(max-width: 720px) 100vw, 720px\" \/><\/p>\n<h4><strong>Leeds United = 54% pravdepodobnos\u0165 zostupu<\/strong><\/h4>\n<ul>\n<li>22.5. \u2013 Brentford (vonku)<\/li>\n<\/ul>\n<p>Aj napriek pozi\u010dnej vzpruhe v\u00a0tabu\u013eke The Whites st\u00e1le zost\u00e1vaj\u00fa favoritom na zostup. Ich situ\u00e1cia by bola v\u0161ak ove\u013ea hor\u0161ia, ak by Pascal Struijk rem\u00edzu 1:1 proti Brightonu nezariadil. Tento bod sa m\u00f4\u017ee uk\u00e1za\u0165 ako k\u013e\u00fa\u010dov\u00fd, no ich osud je mimo ich kontrolu. Preto\u017ee ako sme spom\u00ednali, Burnley aj Everton hraj\u00fa ka\u017ed\u00fd z\u00e1pas vo \u0161tvrtok.<\/p>\n<p>Ten bod takisto znamen\u00e1 aj st\u00e1le \u017eiv\u00fa n\u00e1dej pre mu\u017estvo z Elland Road, \u017ee \u010doko\u013evek, \u010do sa stane vo \u0161tvrtok, im umo\u017e\u0148uje \u0161ancu na z\u00e1chranu aj v posledn\u00fd de\u0148, kedy bud\u00fa hra\u0165 na lond\u00fdnskom tr\u00e1vniku Brentfordu. Ak\u00fd v\u00fdsledok bud\u00fa potrebova\u0165, bude samozrejme z\u00e1visie\u0165 od toho, ako bud\u00fa prebieha\u0165 \u0161tvrtkov\u00e9 stretnutia, ale cie\u013eom pre zverencov Jesseho Marscha bud\u00fa ur\u010dite tri body.<\/p>\n<h4><strong>Burnley = 38% pravdepodobnos\u0165 zostupu<\/strong><\/h4>\n<ul>\n<li>19.5. \u2013 Aston Villa (vonku)<\/li>\n<li>22.5. \u2013 Newcastle United (doma)<\/li>\n<\/ul>\n<p>Napriek prehre na ihrisku Spurs 1:0, Burnley na \u010dele s\u00a0Mikom Jasksonom vie, \u017ee vo svojich posledn\u00fdch dvoch z\u00e1pasoch musia z\u00edska\u0165 kone\u010dn\u00fdch 38 bodov. To zaist\u00ed ich bezpe\u010die. \u010ci\u017ee im bud\u00fa sta\u010di\u0165 \u0161tyri body zo \u0161tvrtkov\u00e9ho duelu vonku v Aston Ville a v nede\u013eu doma s Newcastlom. Ak\u00e9ko\u013evek po\u0161myknutia otvoria dvere Leedsu United. V\u010faka ich ve\u013ek\u00e9mu g\u00f3lov\u00e9mu rozdielu by sa Burnley pri rem\u00edze vo \u0161tvrtok posunulo v\u00a0ligovej tabu\u013eke nad Leeds, a\u00a0i\u0161lo tak do posledn\u00e9ho z\u00e1pasu sez\u00f3ny s\u00a0ove\u013ea \u013eah\u0161\u00edm svedom\u00edm.<\/p>\n<h4><strong>Everton = 8% pravdepodobnos\u0165 zostupu<\/strong><\/h4>\n<ul>\n<li>19.5. \u2013 Crystal Palace (doma)<\/li>\n<li>22.5. \u2013 Arsenal (vonku)<\/li>\n<\/ul>\n<p>Everton sa aktu\u00e1lne nach\u00e1dza na 16. mieste. Ale iba dva body mimo z\u00f3ny zostupu, no svoj osud m\u00e1 Lampardov man\u0161aft st\u00e1le pevne vo vlastn\u00fdch ruk\u00e1ch. Vieme, \u017ee tri body zo zost\u00e1vaj\u00facich dvoch z\u00e1pasov &#8211; vo \u0161tvrtok doma s Crystal Palace a v nede\u013eu na Emirates s Arsenalom &#8211; bud\u00fa ur\u010dite sta\u010di\u0165 na pre\u017eitie. A aj dve rem\u00edzy n\u00e1m zaistia z\u00e1chranu. K z\u00e1zra\u010dn\u00e9mu matematick\u00e9mu okab\u00e1teniu osudu Leedsom, ktor\u00fd m\u00e1 o 18 g\u00f3lov hor\u0161\u00ed g\u00f3lov\u00fd rozdiel, zrejme ned\u00f4jde. To by muselo EFC na \u010dele s \u010daruj\u00facim Pickfordom inkasova\u0165 minim\u00e1lne 9 g\u00f3lov za z\u00e1pas, \u017eiadne neda\u0165, a United k\u00fazli\u0165 presne naopak. Preto v podstate tento fakt p\u00f4sob\u00ed v realite ako n\u00e1\u0161 \u010fal\u0161\u00ed bod v tabu\u013eke.<\/p>\n<p style=\"text-align: right;\"><span style=\"font-size: 8pt;\">(% pravdepodobnos\u0165 pod\u013ea port\u00e1lu FiveThirtyEight \/ fotozdroj: sportingnews.com)<\/span><\/p>\n","protected":false},"excerpt":{"rendered":"<p>Everton a\u00a0Burnley cez v\u00edkend prehrali. Leeds v\u0161ak vstrelil neskor\u00fd vyrovn\u00e1vaj\u00faci g\u00f3l. Zostupov\u00e9 boje sa teda bud\u00fa vies\u0165 a\u017e do posledn\u00e9ho t\u00fd\u017ed\u0148a ligovej sez\u00f3ny.<\/p>\n","protected":false},"author":1,"featured_media":18724,"comment_status":"open","ping_status":"closed","sticky":false,"template":"","format":"standard","meta":{"_eb_attr":"","_monsterinsights_skip_tracking":false,"_monsterinsights_sitenote_active":false,"_monsterinsights_sitenote_note":"","_monsterinsights_sitenote_category":0,"footnotes":""},"categories":[39],"tags":[],"yoast_head":"<!-- This site is optimized with the Yoast SEO plugin v23.4 - https:\/\/yoast.com\/wordpress\/plugins\/seo\/ -->\n<title>Kto zost\u00fapi? - Official Czech &amp; Slovak Everton Supporters&#039; Club<\/title>\n<meta name=\"robots\" content=\"index, follow, max-snippet:-1, max-image-preview:large, max-video-preview:-1\" \/>\n<link rel=\"canonical\" href=\"https:\/\/evertonfc.cz\/index.php\/2022\/05\/18\/kto-zostupi\/\" \/>\n<meta property=\"og:locale\" content=\"cs_CZ\" \/>\n<meta property=\"og:type\" content=\"article\" \/>\n<meta property=\"og:title\" content=\"Kto zost\u00fapi? - Official Czech &amp; Slovak Everton Supporters&#039; Club\" \/>\n<meta property=\"og:description\" content=\"Everton a\u00a0Burnley cez v\u00edkend prehrali. Leeds v\u0161ak vstrelil neskor\u00fd vyrovn\u00e1vaj\u00faci g\u00f3l. Zostupov\u00e9 boje sa teda bud\u00fa vies\u0165 a\u017e do posledn\u00e9ho t\u00fd\u017ed\u0148a ligovej sez\u00f3ny.\" \/>\n<meta property=\"og:url\" content=\"https:\/\/evertonfc.cz\/index.php\/2022\/05\/18\/kto-zostupi\/\" \/>\n<meta property=\"og:site_name\" content=\"Official Czech &amp; Slovak Everton Supporters&#039; Club\" \/>\n<meta property=\"article:publisher\" content=\"https:\/\/www.facebook.com\/everton.fans.cz.sk\" \/>\n<meta property=\"article:published_time\" content=\"2022-05-18T15:01:00+00:00\" \/>\n<meta property=\"article:modified_time\" content=\"2022-05-18T15:13:52+00:00\" \/>\n<meta property=\"og:image\" content=\"https:\/\/evertonfc.cz\/wp-content\/uploads\/2022\/05\/Frank-Lampard-Everton-sportingnews-com-18-5-2022.jpg\" \/>\n\t<meta property=\"og:image:width\" content=\"720\" \/>\n\t<meta property=\"og:image:height\" content=\"405\" \/>\n\t<meta property=\"og:image:type\" content=\"image\/jpeg\" \/>\n<meta name=\"author\" content=\"BlueBlooded\" \/>\n<meta name=\"twitter:card\" content=\"summary_large_image\" \/>\n<meta name=\"twitter:label1\" content=\"Napsal(a)\" \/>\n\t<meta name=\"twitter:data1\" content=\"BlueBlooded\" \/>\n\t<meta name=\"twitter:label2\" content=\"Odhadovan\u00e1 doba \u010dten\u00ed\" \/>\n\t<meta name=\"twitter:data2\" content=\"3 minuty\" \/>\n<script type=\"application\/ld+json\" class=\"yoast-schema-graph\">{\"@context\":\"https:\/\/schema.org\",\"@graph\":[{\"@type\":\"Article\",\"@id\":\"https:\/\/evertonfc.cz\/index.php\/2022\/05\/18\/kto-zostupi\/#article\",\"isPartOf\":{\"@id\":\"https:\/\/evertonfc.cz\/index.php\/2022\/05\/18\/kto-zostupi\/\"},\"author\":{\"name\":\"BlueBlooded\",\"@id\":\"https:\/\/evertonfc.cz\/#\/schema\/person\/d4493b8cbea51532597fbc4685698916\"},\"headline\":\"Kto zost\u00fapi?\",\"datePublished\":\"2022-05-18T15:01:00+00:00\",\"dateModified\":\"2022-05-18T15:13:52+00:00\",\"mainEntityOfPage\":{\"@id\":\"https:\/\/evertonfc.cz\/index.php\/2022\/05\/18\/kto-zostupi\/\"},\"wordCount\":608,\"commentCount\":7,\"publisher\":{\"@id\":\"https:\/\/evertonfc.cz\/#organization\"},\"image\":{\"@id\":\"https:\/\/evertonfc.cz\/index.php\/2022\/05\/18\/kto-zostupi\/#primaryimage\"},\"thumbnailUrl\":\"https:\/\/evertonfc.cz\/wp-content\/uploads\/2022\/05\/Frank-Lampard-Everton-sportingnews-com-18-5-2022.jpg\",\"articleSection\":[\"Blog\"],\"inLanguage\":\"cs\",\"potentialAction\":[{\"@type\":\"CommentAction\",\"name\":\"Comment\",\"target\":[\"https:\/\/evertonfc.cz\/index.php\/2022\/05\/18\/kto-zostupi\/#respond\"]}]},{\"@type\":\"WebPage\",\"@id\":\"https:\/\/evertonfc.cz\/index.php\/2022\/05\/18\/kto-zostupi\/\",\"url\":\"https:\/\/evertonfc.cz\/index.php\/2022\/05\/18\/kto-zostupi\/\",\"name\":\"Kto zost\u00fapi? - Official Czech &amp; Slovak Everton Supporters&#039; Club\",\"isPartOf\":{\"@id\":\"https:\/\/evertonfc.cz\/#website\"},\"primaryImageOfPage\":{\"@id\":\"https:\/\/evertonfc.cz\/index.php\/2022\/05\/18\/kto-zostupi\/#primaryimage\"},\"image\":{\"@id\":\"https:\/\/evertonfc.cz\/index.php\/2022\/05\/18\/kto-zostupi\/#primaryimage\"},\"thumbnailUrl\":\"https:\/\/evertonfc.cz\/wp-content\/uploads\/2022\/05\/Frank-Lampard-Everton-sportingnews-com-18-5-2022.jpg\",\"datePublished\":\"2022-05-18T15:01:00+00:00\",\"dateModified\":\"2022-05-18T15:13:52+00:00\",\"breadcrumb\":{\"@id\":\"https:\/\/evertonfc.cz\/index.php\/2022\/05\/18\/kto-zostupi\/#breadcrumb\"},\"inLanguage\":\"cs\",\"potentialAction\":[{\"@type\":\"ReadAction\",\"target\":[\"https:\/\/evertonfc.cz\/index.php\/2022\/05\/18\/kto-zostupi\/\"]}]},{\"@type\":\"ImageObject\",\"inLanguage\":\"cs\",\"@id\":\"https:\/\/evertonfc.cz\/index.php\/2022\/05\/18\/kto-zostupi\/#primaryimage\",\"url\":\"https:\/\/evertonfc.cz\/wp-content\/uploads\/2022\/05\/Frank-Lampard-Everton-sportingnews-com-18-5-2022.jpg\",\"contentUrl\":\"https:\/\/evertonfc.cz\/wp-content\/uploads\/2022\/05\/Frank-Lampard-Everton-sportingnews-com-18-5-2022.jpg\",\"width\":720,\"height\":405},{\"@type\":\"BreadcrumbList\",\"@id\":\"https:\/\/evertonfc.cz\/index.php\/2022\/05\/18\/kto-zostupi\/#breadcrumb\",\"itemListElement\":[{\"@type\":\"ListItem\",\"position\":1,\"name\":\"Home\",\"item\":\"https:\/\/evertonfc.cz\/\"},{\"@type\":\"ListItem\",\"position\":2,\"name\":\"Kto zost\u00fapi?\"}]},{\"@type\":\"WebSite\",\"@id\":\"https:\/\/evertonfc.cz\/#website\",\"url\":\"https:\/\/evertonfc.cz\/\",\"name\":\"Official Czech &amp; Slovak Everton Supporters&#039; Club\",\"description\":\"\",\"publisher\":{\"@id\":\"https:\/\/evertonfc.cz\/#organization\"},\"potentialAction\":[{\"@type\":\"SearchAction\",\"target\":{\"@type\":\"EntryPoint\",\"urlTemplate\":\"https:\/\/evertonfc.cz\/?s={search_term_string}\"},\"query-input\":{\"@type\":\"PropertyValueSpecification\",\"valueRequired\":true,\"valueName\":\"search_term_string\"}}],\"inLanguage\":\"cs\"},{\"@type\":\"Organization\",\"@id\":\"https:\/\/evertonfc.cz\/#organization\",\"name\":\"Official Czech & Slovak Everton Supporters' Club\",\"url\":\"https:\/\/evertonfc.cz\/\",\"logo\":{\"@type\":\"ImageObject\",\"inLanguage\":\"cs\",\"@id\":\"https:\/\/evertonfc.cz\/#\/schema\/logo\/image\/\",\"url\":\"https:\/\/evertonfc.cz\/wp-content\/uploads\/2019\/05\/logo.png\",\"contentUrl\":\"https:\/\/evertonfc.cz\/wp-content\/uploads\/2019\/05\/logo.png\",\"width\":112,\"height\":112,\"caption\":\"Official Czech & Slovak Everton Supporters' Club\"},\"image\":{\"@id\":\"https:\/\/evertonfc.cz\/#\/schema\/logo\/image\/\"},\"sameAs\":[\"https:\/\/www.facebook.com\/everton.fans.cz.sk\"]},{\"@type\":\"Person\",\"@id\":\"https:\/\/evertonfc.cz\/#\/schema\/person\/d4493b8cbea51532597fbc4685698916\",\"name\":\"BlueBlooded\",\"url\":\"https:\/\/evertonfc.cz\/index.php\/author\/admin\/\"}]}<\/script>\n<!-- \/ Yoast SEO plugin. -->","yoast_head_json":{"title":"Kto zost\u00fapi? - Official Czech &amp; Slovak Everton Supporters&#039; Club","robots":{"index":"index","follow":"follow","max-snippet":"max-snippet:-1","max-image-preview":"max-image-preview:large","max-video-preview":"max-video-preview:-1"},"canonical":"https:\/\/evertonfc.cz\/index.php\/2022\/05\/18\/kto-zostupi\/","og_locale":"cs_CZ","og_type":"article","og_title":"Kto zost\u00fapi? - Official Czech &amp; Slovak Everton Supporters&#039; Club","og_description":"Everton a\u00a0Burnley cez v\u00edkend prehrali. Leeds v\u0161ak vstrelil neskor\u00fd vyrovn\u00e1vaj\u00faci g\u00f3l. Zostupov\u00e9 boje sa teda bud\u00fa vies\u0165 a\u017e do posledn\u00e9ho t\u00fd\u017ed\u0148a ligovej sez\u00f3ny.","og_url":"https:\/\/evertonfc.cz\/index.php\/2022\/05\/18\/kto-zostupi\/","og_site_name":"Official Czech &amp; Slovak Everton Supporters&#039; Club","article_publisher":"https:\/\/www.facebook.com\/everton.fans.cz.sk","article_published_time":"2022-05-18T15:01:00+00:00","article_modified_time":"2022-05-18T15:13:52+00:00","og_image":[{"width":720,"height":405,"url":"https:\/\/evertonfc.cz\/wp-content\/uploads\/2022\/05\/Frank-Lampard-Everton-sportingnews-com-18-5-2022.jpg","type":"image\/jpeg"}],"author":"BlueBlooded","twitter_card":"summary_large_image","twitter_misc":{"Napsal(a)":"BlueBlooded","Odhadovan\u00e1 doba \u010dten\u00ed":"3 minuty"},"schema":{"@context":"https:\/\/schema.org","@graph":[{"@type":"Article","@id":"https:\/\/evertonfc.cz\/index.php\/2022\/05\/18\/kto-zostupi\/#article","isPartOf":{"@id":"https:\/\/evertonfc.cz\/index.php\/2022\/05\/18\/kto-zostupi\/"},"author":{"name":"BlueBlooded","@id":"https:\/\/evertonfc.cz\/#\/schema\/person\/d4493b8cbea51532597fbc4685698916"},"headline":"Kto zost\u00fapi?","datePublished":"2022-05-18T15:01:00+00:00","dateModified":"2022-05-18T15:13:52+00:00","mainEntityOfPage":{"@id":"https:\/\/evertonfc.cz\/index.php\/2022\/05\/18\/kto-zostupi\/"},"wordCount":608,"commentCount":7,"publisher":{"@id":"https:\/\/evertonfc.cz\/#organization"},"image":{"@id":"https:\/\/evertonfc.cz\/index.php\/2022\/05\/18\/kto-zostupi\/#primaryimage"},"thumbnailUrl":"https:\/\/evertonfc.cz\/wp-content\/uploads\/2022\/05\/Frank-Lampard-Everton-sportingnews-com-18-5-2022.jpg","articleSection":["Blog"],"inLanguage":"cs","potentialAction":[{"@type":"CommentAction","name":"Comment","target":["https:\/\/evertonfc.cz\/index.php\/2022\/05\/18\/kto-zostupi\/#respond"]}]},{"@type":"WebPage","@id":"https:\/\/evertonfc.cz\/index.php\/2022\/05\/18\/kto-zostupi\/","url":"https:\/\/evertonfc.cz\/index.php\/2022\/05\/18\/kto-zostupi\/","name":"Kto zost\u00fapi? - Official Czech &amp; Slovak Everton Supporters&#039; Club","isPartOf":{"@id":"https:\/\/evertonfc.cz\/#website"},"primaryImageOfPage":{"@id":"https:\/\/evertonfc.cz\/index.php\/2022\/05\/18\/kto-zostupi\/#primaryimage"},"image":{"@id":"https:\/\/evertonfc.cz\/index.php\/2022\/05\/18\/kto-zostupi\/#primaryimage"},"thumbnailUrl":"https:\/\/evertonfc.cz\/wp-content\/uploads\/2022\/05\/Frank-Lampard-Everton-sportingnews-com-18-5-2022.jpg","datePublished":"2022-05-18T15:01:00+00:00","dateModified":"2022-05-18T15:13:52+00:00","breadcrumb":{"@id":"https:\/\/evertonfc.cz\/index.php\/2022\/05\/18\/kto-zostupi\/#breadcrumb"},"inLanguage":"cs","potentialAction":[{"@type":"ReadAction","target":["https:\/\/evertonfc.cz\/index.php\/2022\/05\/18\/kto-zostupi\/"]}]},{"@type":"ImageObject","inLanguage":"cs","@id":"https:\/\/evertonfc.cz\/index.php\/2022\/05\/18\/kto-zostupi\/#primaryimage","url":"https:\/\/evertonfc.cz\/wp-content\/uploads\/2022\/05\/Frank-Lampard-Everton-sportingnews-com-18-5-2022.jpg","contentUrl":"https:\/\/evertonfc.cz\/wp-content\/uploads\/2022\/05\/Frank-Lampard-Everton-sportingnews-com-18-5-2022.jpg","width":720,"height":405},{"@type":"BreadcrumbList","@id":"https:\/\/evertonfc.cz\/index.php\/2022\/05\/18\/kto-zostupi\/#breadcrumb","itemListElement":[{"@type":"ListItem","position":1,"name":"Home","item":"https:\/\/evertonfc.cz\/"},{"@type":"ListItem","position":2,"name":"Kto zost\u00fapi?"}]},{"@type":"WebSite","@id":"https:\/\/evertonfc.cz\/#website","url":"https:\/\/evertonfc.cz\/","name":"Official Czech &amp; Slovak Everton Supporters&#039; Club","description":"","publisher":{"@id":"https:\/\/evertonfc.cz\/#organization"},"potentialAction":[{"@type":"SearchAction","target":{"@type":"EntryPoint","urlTemplate":"https:\/\/evertonfc.cz\/?s={search_term_string}"},"query-input":{"@type":"PropertyValueSpecification","valueRequired":true,"valueName":"search_term_string"}}],"inLanguage":"cs"},{"@type":"Organization","@id":"https:\/\/evertonfc.cz\/#organization","name":"Official Czech & Slovak Everton Supporters' Club","url":"https:\/\/evertonfc.cz\/","logo":{"@type":"ImageObject","inLanguage":"cs","@id":"https:\/\/evertonfc.cz\/#\/schema\/logo\/image\/","url":"https:\/\/evertonfc.cz\/wp-content\/uploads\/2019\/05\/logo.png","contentUrl":"https:\/\/evertonfc.cz\/wp-content\/uploads\/2019\/05\/logo.png","width":112,"height":112,"caption":"Official Czech & Slovak Everton Supporters' Club"},"image":{"@id":"https:\/\/evertonfc.cz\/#\/schema\/logo\/image\/"},"sameAs":["https:\/\/www.facebook.com\/everton.fans.cz.sk"]},{"@type":"Person","@id":"https:\/\/evertonfc.cz\/#\/schema\/person\/d4493b8cbea51532597fbc4685698916","name":"BlueBlooded","url":"https:\/\/evertonfc.cz\/index.php\/author\/admin\/"}]}},"_links":{"self":[{"href":"https:\/\/evertonfc.cz\/index.php\/wp-json\/wp\/v2\/posts\/18719"}],"collection":[{"href":"https:\/\/evertonfc.cz\/index.php\/wp-json\/wp\/v2\/posts"}],"about":[{"href":"https:\/\/evertonfc.cz\/index.php\/wp-json\/wp\/v2\/types\/post"}],"author":[{"embeddable":true,"href":"https:\/\/evertonfc.cz\/index.php\/wp-json\/wp\/v2\/users\/1"}],"replies":[{"embeddable":true,"href":"https:\/\/evertonfc.cz\/index.php\/wp-json\/wp\/v2\/comments?post=18719"}],"version-history":[{"count":9,"href":"https:\/\/evertonfc.cz\/index.php\/wp-json\/wp\/v2\/posts\/18719\/revisions"}],"predecessor-version":[{"id":18730,"href":"https:\/\/evertonfc.cz\/index.php\/wp-json\/wp\/v2\/posts\/18719\/revisions\/18730"}],"wp:featuredmedia":[{"embeddable":true,"href":"https:\/\/evertonfc.cz\/index.php\/wp-json\/wp\/v2\/media\/18724"}],"wp:attachment":[{"href":"https:\/\/evertonfc.cz\/index.php\/wp-json\/wp\/v2\/media?parent=18719"}],"wp:term":[{"taxonomy":"category","embeddable":true,"href":"https:\/\/evertonfc.cz\/index.php\/wp-json\/wp\/v2\/categories?post=18719"},{"taxonomy":"post_tag","embeddable":true,"href":"https:\/\/evertonfc.cz\/index.php\/wp-json\/wp\/v2\/tags?post=18719"}],"curies":[{"name":"wp","href":"https:\/\/api.w.org\/{rel}","templated":true}]}}