{"id":18738,"date":"2022-05-19T23:05:27","date_gmt":"2022-05-19T21:05:27","guid":{"rendered":"https:\/\/evertonfc.cz\/?p=18738"},"modified":"2022-05-21T19:40:18","modified_gmt":"2022-05-21T17:40:18","slug":"everton-crystal-palace-3-2","status":"publish","type":"post","link":"https:\/\/evertonfc.cz\/index.php\/2022\/05\/19\/everton-crystal-palace-3-2\/","title":{"rendered":"Everton \u2013 Crystal Palace 3:2"},"content":{"rendered":"<h4>Everton uh\u00e1jil prvoligovou p\u0159\u00edslu\u0161nost! Z\u00e1chranu si p\u0159itom zajistil v nev\u00eddan\u00e9m dramatu, kdy\u017e t\u0159emi g\u00f3ly ve druh\u00e9m polo\u010dase oto\u010dil dvoubrankov\u00e9 pasivum.<\/h4>\n<p>Lampard provedl pouze jednu vynucenou zm\u011bnu v z\u00e1kladn\u00ed sestav\u011b oproti ned\u011bln\u00edmu prohran\u00e9mu duelu s Brentfordem, potrestan\u00e9ho Branthwaita nahradil ve stopersk\u00e9m trojl\u00edstku z nemoci vyl\u00e9\u010den\u00fd Michael Keane. Aspo\u0148 na lavi\u010dku n\u00e1hradn\u00edk\u016f potom usedli po zran\u011bn\u00edch vracej\u00edc\u00ed se Godfrey a van de Beek.<\/p>\n<p>Toffees vstoupili do utk\u00e1n\u00ed s entuziasmem a tak\u00e9 se dostali do prvn\u00ed \u0161ance. Richarlison v 17. minut\u011b nast\u0159elil b\u0159evno z trestn\u00e9ho kopu zpoza v\u00e1pna. Oraz\u00edtkovan\u00e1 konstrukce byla pro Eagles bud\u00ed\u010dek. Ti p\u0159evzali taktovku a u\u017e ve 22. minut\u011b Eze dob\u0159e zakroutil standardku a nehl\u00eddan\u00fd Jean-Philippe Mateta hlavi\u010dkou p\u0159ekonal Pickforda &#8211; <strong>0:1<\/strong>.<\/p>\n<p>Ve 34. minut\u011b vl\u00e9tl Ayew dv\u011bma nohama nap\u0159ed do Gordona, uvid\u011bl ale pouze \u017elutou kartu. A samoz\u0159ejm\u011b ji\u017e za dal\u0161\u00ed minutu h\u0159\u00ed\u0161n\u00edk Ayew zv\u00fd\u0161il na <strong>2:0<\/strong> po chyb\u011b Colemana v rozehr\u00e1vce a obrovsk\u00e9m zmatku v obran\u011b Toffees.<\/p>\n<p>Eagles si ka\u017edop\u00e1dn\u011b za dominantn\u00ed projev po \u00favodn\u00ed brance zaslou\u017eili jasn\u00e9 veden\u00ed, na rozd\u00edl od sv\u00e9ho soupe\u0159e p\u0159edv\u00e1d\u011bli kvalitu ve fin\u00e1ln\u00ed t\u0159etin\u011b h\u0159i\u0161t\u011b.<\/p>\n<p>Lampard do druh\u00e9ho polo\u010dasu poslal na plac Dele Alliho m\u00edsto nev\u00fdrazn\u00e9ho Gomese a zm\u011bnil rozestaven\u00ed na 4-3-3, kdy\u017e se do st\u0159edu z\u00e1lohy posunul Iwobi. Toffees odstartovali druhou p\u016fli velmi aktivn\u011b, za co\u017e byli brzy odm\u011bn\u011bni g\u00f3lem nad\u011bje. V 54. minut\u011b se prosadil Michael Keane, kter\u00e9mu p\u0159i\u0165ukl m\u00ed\u010d Holgate &#8211; <strong>1:2<\/strong>.<\/p>\n<p>Otev\u0159enou obranu dom\u00e1c\u00edch pochopiteln\u011b vyu\u017e\u00edvali k nebezpe\u010dn\u00fdm v\u00fdpad\u016fm \u0161ikovn\u00ed hr\u00e1\u010di jako Eze \u010di Zaha. V 64. minut\u011b zachra\u0148oval Everton Pickford, jen\u017e zne\u0161kodnil Matetovu st\u0159elu. Vz\u00e1p\u011bt\u00ed Calvert-Lewin zajel nevyb\u00edrav\u00fdm skluzem do Clynea, k p\u0159ekvapen\u00ed v\u0161ech neuvid\u011bl ani \u017elutou kartu, t\u0159eba\u017ee vylou\u010den\u00ed by se asi nikdo nemohl divit \u2013 stejn\u011b jako Ayew v prvn\u00edm polo\u010dase. Vyhrocen\u00e9 minuty posl\u00e9ze podtrhl sv\u00fdm \u017elut\u00fdm faulem Keane.<\/p>\n<p>S p\u0159\u00edchodem Alliho na h\u0159i\u0161t\u011b se Everton v\u00fdrazn\u011b zvedl. Anglick\u00fd z\u00e1lo\u017en\u00edk m\u011bl prsty tak\u00e9 v akci ze 75. minuty, kter\u00e1 skon\u010dila vyrovn\u00e1n\u00edm. Zblokovanou Alliho st\u0159elu si ve v\u00e1pn\u011b sebral Richarlison a s pomoc\u00ed Gallagherovy te\u010de rozvlnil s\u00ed\u0165 &#8211; <strong>2:2<\/strong>. To ale nebylo v\u0161e! V 85. minut\u011b si na Grayovu standardku nasko\u010dil Calvert-Lewin a hlavi\u010dkou dokonal obrat &#8211; <strong>3:2<\/strong>. Obrovsk\u00e1 euforie vygradovala a\u017e vb\u011bhnut\u00edm n\u011bkolika des\u00edtek fanou\u0161k\u016f na hrac\u00ed plochu.<\/p>\n<p>V z\u00e1v\u011bru utk\u00e1n\u00ed u\u017e Everton i p\u0159es sedmiminutov\u00e9 nastaven\u00ed ubr\u00e1nil v\u00fdsledek, a tak si fanou\u0161ci zopakovali vp\u00e1d na hrac\u00ed plochu, aby se sv\u00fdmi hr\u00e1\u010di oslavili z\u00e1chranu. Budi\u017e v\u0161ak tato sez\u00f3na d\u016frazn\u00e9 <em>memento mori<\/em>.<\/p>\n<p><img decoding=\"async\" class=\"aligncenter\" src=\"https:\/\/evertonfc.cz\/wp-content\/uploads\/2022\/05\/cpalace_19_5_2022.png\" \/><\/p>\n<p><strong>Branky:<\/strong> 54. Michael Keane, 75. Richarlison, 85. Dominic Calvert-Lewin &#8211; 21. Jean-Philippe Mateta, 36. Jordan Ayew<\/p>\n<p><strong>\u017dK:<\/strong> 67. Michael Keane, 82. Abdoulaye Doucour\u00e9 &#8211; 32. Will Hughes, 34. Jordan Ayew, 69. Wilfried Zaha<\/p>\n<p><strong>Everton:<\/strong> Jordan Pickford, S\u00e9amus Coleman, Michael Keane, Mason Holgate, Vitalij Mykolenko, Alex Iwobi, Abdoulaye Doucour\u00e9, Andr\u00e9 Gomes (46. Dele Alli), Anthony Gordon (61. Demarai Gray), Richarlison (90+1. Jonjoe Kenny), Dominic Calvert-Lewin<\/p>\n<p><strong>Crystal Palace:<\/strong> Jack Butland, Nathaniel Clyne, Joachim Andersen, Marc Guehi, Tyrick Mitchell, Jeffrey Schlupp (74. Conor Gallagher), Will Hughes (57. Luka Milivojevi\u0107), Eberechi Eze, Jordan Ayew, Jean-Philippe Mateta (81. Christian Benteke), Wilfried Zaha<\/p>\n<p><strong>Rozhod\u010d\u00ed:<\/strong> Anthony Taylor<\/p>\n","protected":false},"excerpt":{"rendered":"<p>Everton uh\u00e1jil prvoligovou p\u0159\u00edslu\u0161nost! Z\u00e1chranu si p\u0159itom zajistil v nev\u00eddan\u00e9m dramatu, kdy\u017e t\u0159emi g\u00f3ly ve druh\u00e9m polo\u010dase oto\u010dil dvoubrankov\u00e9 pasivum.<\/p>\n","protected":false},"author":6,"featured_media":18739,"comment_status":"open","ping_status":"closed","sticky":false,"template":"","format":"standard","meta":{"_eb_attr":"","_monsterinsights_skip_tracking":false,"_monsterinsights_sitenote_active":false,"_monsterinsights_sitenote_note":"","_monsterinsights_sitenote_category":0,"footnotes":""},"categories":[4],"tags":[],"yoast_head":"<!-- This site is optimized with the Yoast SEO plugin v23.4 - https:\/\/yoast.com\/wordpress\/plugins\/seo\/ -->\n<title>Everton \u2013 Crystal Palace 3:2 - Official Czech &amp; Slovak Everton Supporters&#039; Club<\/title>\n<meta name=\"robots\" content=\"index, follow, max-snippet:-1, max-image-preview:large, max-video-preview:-1\" \/>\n<link rel=\"canonical\" href=\"https:\/\/evertonfc.cz\/index.php\/2022\/05\/19\/everton-crystal-palace-3-2\/\" \/>\n<meta property=\"og:locale\" content=\"cs_CZ\" \/>\n<meta property=\"og:type\" content=\"article\" \/>\n<meta property=\"og:title\" content=\"Everton \u2013 Crystal Palace 3:2 - Official Czech &amp; Slovak Everton Supporters&#039; Club\" \/>\n<meta property=\"og:description\" content=\"Everton uh\u00e1jil prvoligovou p\u0159\u00edslu\u0161nost! Z\u00e1chranu si p\u0159itom zajistil v nev\u00eddan\u00e9m dramatu, kdy\u017e t\u0159emi g\u00f3ly ve druh\u00e9m polo\u010dase oto\u010dil dvoubrankov\u00e9 pasivum.\" \/>\n<meta property=\"og:url\" content=\"https:\/\/evertonfc.cz\/index.php\/2022\/05\/19\/everton-crystal-palace-3-2\/\" \/>\n<meta property=\"og:site_name\" content=\"Official Czech &amp; Slovak Everton Supporters&#039; Club\" \/>\n<meta property=\"article:publisher\" content=\"https:\/\/www.facebook.com\/everton.fans.cz.sk\" \/>\n<meta property=\"article:published_time\" content=\"2022-05-19T21:05:27+00:00\" \/>\n<meta property=\"article:modified_time\" content=\"2022-05-21T17:40:18+00:00\" \/>\n<meta property=\"og:image\" content=\"https:\/\/evertonfc.cz\/wp-content\/uploads\/2022\/05\/dcl_19_5_2022.png\" \/>\n\t<meta property=\"og:image:width\" content=\"720\" \/>\n\t<meta property=\"og:image:height\" content=\"405\" \/>\n\t<meta property=\"og:image:type\" content=\"image\/png\" \/>\n<meta name=\"author\" content=\"Ri\u010di\" \/>\n<meta name=\"twitter:card\" content=\"summary_large_image\" \/>\n<meta name=\"twitter:creator\" content=\"@rbrejsa\" \/>\n<meta name=\"twitter:label1\" content=\"Napsal(a)\" \/>\n\t<meta name=\"twitter:data1\" content=\"Ri\u010di\" \/>\n\t<meta name=\"twitter:label2\" content=\"Odhadovan\u00e1 doba \u010dten\u00ed\" \/>\n\t<meta name=\"twitter:data2\" content=\"3 minuty\" \/>\n<script type=\"application\/ld+json\" class=\"yoast-schema-graph\">{\"@context\":\"https:\/\/schema.org\",\"@graph\":[{\"@type\":\"Article\",\"@id\":\"https:\/\/evertonfc.cz\/index.php\/2022\/05\/19\/everton-crystal-palace-3-2\/#article\",\"isPartOf\":{\"@id\":\"https:\/\/evertonfc.cz\/index.php\/2022\/05\/19\/everton-crystal-palace-3-2\/\"},\"author\":{\"name\":\"Ri\u010di\",\"@id\":\"https:\/\/evertonfc.cz\/#\/schema\/person\/f7a5daedb2ffee98480bc70e191aaef1\"},\"headline\":\"Everton \u2013 Crystal Palace 3:2\",\"datePublished\":\"2022-05-19T21:05:27+00:00\",\"dateModified\":\"2022-05-21T17:40:18+00:00\",\"mainEntityOfPage\":{\"@id\":\"https:\/\/evertonfc.cz\/index.php\/2022\/05\/19\/everton-crystal-palace-3-2\/\"},\"wordCount\":602,\"commentCount\":27,\"publisher\":{\"@id\":\"https:\/\/evertonfc.cz\/#organization\"},\"image\":{\"@id\":\"https:\/\/evertonfc.cz\/index.php\/2022\/05\/19\/everton-crystal-palace-3-2\/#primaryimage\"},\"thumbnailUrl\":\"https:\/\/evertonfc.cz\/wp-content\/uploads\/2022\/05\/dcl_19_5_2022.png\",\"articleSection\":[\"Z\u00e1pasy\"],\"inLanguage\":\"cs\",\"potentialAction\":[{\"@type\":\"CommentAction\",\"name\":\"Comment\",\"target\":[\"https:\/\/evertonfc.cz\/index.php\/2022\/05\/19\/everton-crystal-palace-3-2\/#respond\"]}]},{\"@type\":\"WebPage\",\"@id\":\"https:\/\/evertonfc.cz\/index.php\/2022\/05\/19\/everton-crystal-palace-3-2\/\",\"url\":\"https:\/\/evertonfc.cz\/index.php\/2022\/05\/19\/everton-crystal-palace-3-2\/\",\"name\":\"Everton \u2013 Crystal Palace 3:2 - Official Czech &amp; Slovak Everton Supporters&#039; Club\",\"isPartOf\":{\"@id\":\"https:\/\/evertonfc.cz\/#website\"},\"primaryImageOfPage\":{\"@id\":\"https:\/\/evertonfc.cz\/index.php\/2022\/05\/19\/everton-crystal-palace-3-2\/#primaryimage\"},\"image\":{\"@id\":\"https:\/\/evertonfc.cz\/index.php\/2022\/05\/19\/everton-crystal-palace-3-2\/#primaryimage\"},\"thumbnailUrl\":\"https:\/\/evertonfc.cz\/wp-content\/uploads\/2022\/05\/dcl_19_5_2022.png\",\"datePublished\":\"2022-05-19T21:05:27+00:00\",\"dateModified\":\"2022-05-21T17:40:18+00:00\",\"breadcrumb\":{\"@id\":\"https:\/\/evertonfc.cz\/index.php\/2022\/05\/19\/everton-crystal-palace-3-2\/#breadcrumb\"},\"inLanguage\":\"cs\",\"potentialAction\":[{\"@type\":\"ReadAction\",\"target\":[\"https:\/\/evertonfc.cz\/index.php\/2022\/05\/19\/everton-crystal-palace-3-2\/\"]}]},{\"@type\":\"ImageObject\",\"inLanguage\":\"cs\",\"@id\":\"https:\/\/evertonfc.cz\/index.php\/2022\/05\/19\/everton-crystal-palace-3-2\/#primaryimage\",\"url\":\"https:\/\/evertonfc.cz\/wp-content\/uploads\/2022\/05\/dcl_19_5_2022.png\",\"contentUrl\":\"https:\/\/evertonfc.cz\/wp-content\/uploads\/2022\/05\/dcl_19_5_2022.png\",\"width\":720,\"height\":405},{\"@type\":\"BreadcrumbList\",\"@id\":\"https:\/\/evertonfc.cz\/index.php\/2022\/05\/19\/everton-crystal-palace-3-2\/#breadcrumb\",\"itemListElement\":[{\"@type\":\"ListItem\",\"position\":1,\"name\":\"Home\",\"item\":\"https:\/\/evertonfc.cz\/\"},{\"@type\":\"ListItem\",\"position\":2,\"name\":\"Everton \u2013 Crystal Palace 3:2\"}]},{\"@type\":\"WebSite\",\"@id\":\"https:\/\/evertonfc.cz\/#website\",\"url\":\"https:\/\/evertonfc.cz\/\",\"name\":\"Official Czech &amp; Slovak Everton Supporters&#039; Club\",\"description\":\"\",\"publisher\":{\"@id\":\"https:\/\/evertonfc.cz\/#organization\"},\"potentialAction\":[{\"@type\":\"SearchAction\",\"target\":{\"@type\":\"EntryPoint\",\"urlTemplate\":\"https:\/\/evertonfc.cz\/?s={search_term_string}\"},\"query-input\":{\"@type\":\"PropertyValueSpecification\",\"valueRequired\":true,\"valueName\":\"search_term_string\"}}],\"inLanguage\":\"cs\"},{\"@type\":\"Organization\",\"@id\":\"https:\/\/evertonfc.cz\/#organization\",\"name\":\"Official Czech & Slovak Everton Supporters' Club\",\"url\":\"https:\/\/evertonfc.cz\/\",\"logo\":{\"@type\":\"ImageObject\",\"inLanguage\":\"cs\",\"@id\":\"https:\/\/evertonfc.cz\/#\/schema\/logo\/image\/\",\"url\":\"https:\/\/evertonfc.cz\/wp-content\/uploads\/2019\/05\/logo.png\",\"contentUrl\":\"https:\/\/evertonfc.cz\/wp-content\/uploads\/2019\/05\/logo.png\",\"width\":112,\"height\":112,\"caption\":\"Official Czech & Slovak Everton Supporters' Club\"},\"image\":{\"@id\":\"https:\/\/evertonfc.cz\/#\/schema\/logo\/image\/\"},\"sameAs\":[\"https:\/\/www.facebook.com\/everton.fans.cz.sk\"]},{\"@type\":\"Person\",\"@id\":\"https:\/\/evertonfc.cz\/#\/schema\/person\/f7a5daedb2ffee98480bc70e191aaef1\",\"name\":\"Ri\u010di\",\"sameAs\":[\"https:\/\/x.com\/rbrejsa\"],\"url\":\"https:\/\/evertonfc.cz\/index.php\/author\/rici\/\"}]}<\/script>\n<!-- \/ Yoast SEO plugin. -->","yoast_head_json":{"title":"Everton \u2013 Crystal Palace 3:2 - Official Czech &amp; Slovak Everton Supporters&#039; Club","robots":{"index":"index","follow":"follow","max-snippet":"max-snippet:-1","max-image-preview":"max-image-preview:large","max-video-preview":"max-video-preview:-1"},"canonical":"https:\/\/evertonfc.cz\/index.php\/2022\/05\/19\/everton-crystal-palace-3-2\/","og_locale":"cs_CZ","og_type":"article","og_title":"Everton \u2013 Crystal Palace 3:2 - Official Czech &amp; Slovak Everton Supporters&#039; Club","og_description":"Everton uh\u00e1jil prvoligovou p\u0159\u00edslu\u0161nost! Z\u00e1chranu si p\u0159itom zajistil v nev\u00eddan\u00e9m dramatu, kdy\u017e t\u0159emi g\u00f3ly ve druh\u00e9m polo\u010dase oto\u010dil dvoubrankov\u00e9 pasivum.","og_url":"https:\/\/evertonfc.cz\/index.php\/2022\/05\/19\/everton-crystal-palace-3-2\/","og_site_name":"Official Czech &amp; Slovak Everton Supporters&#039; Club","article_publisher":"https:\/\/www.facebook.com\/everton.fans.cz.sk","article_published_time":"2022-05-19T21:05:27+00:00","article_modified_time":"2022-05-21T17:40:18+00:00","og_image":[{"width":720,"height":405,"url":"https:\/\/evertonfc.cz\/wp-content\/uploads\/2022\/05\/dcl_19_5_2022.png","type":"image\/png"}],"author":"Ri\u010di","twitter_card":"summary_large_image","twitter_creator":"@rbrejsa","twitter_misc":{"Napsal(a)":"Ri\u010di","Odhadovan\u00e1 doba \u010dten\u00ed":"3 minuty"},"schema":{"@context":"https:\/\/schema.org","@graph":[{"@type":"Article","@id":"https:\/\/evertonfc.cz\/index.php\/2022\/05\/19\/everton-crystal-palace-3-2\/#article","isPartOf":{"@id":"https:\/\/evertonfc.cz\/index.php\/2022\/05\/19\/everton-crystal-palace-3-2\/"},"author":{"name":"Ri\u010di","@id":"https:\/\/evertonfc.cz\/#\/schema\/person\/f7a5daedb2ffee98480bc70e191aaef1"},"headline":"Everton \u2013 Crystal Palace 3:2","datePublished":"2022-05-19T21:05:27+00:00","dateModified":"2022-05-21T17:40:18+00:00","mainEntityOfPage":{"@id":"https:\/\/evertonfc.cz\/index.php\/2022\/05\/19\/everton-crystal-palace-3-2\/"},"wordCount":602,"commentCount":27,"publisher":{"@id":"https:\/\/evertonfc.cz\/#organization"},"image":{"@id":"https:\/\/evertonfc.cz\/index.php\/2022\/05\/19\/everton-crystal-palace-3-2\/#primaryimage"},"thumbnailUrl":"https:\/\/evertonfc.cz\/wp-content\/uploads\/2022\/05\/dcl_19_5_2022.png","articleSection":["Z\u00e1pasy"],"inLanguage":"cs","potentialAction":[{"@type":"CommentAction","name":"Comment","target":["https:\/\/evertonfc.cz\/index.php\/2022\/05\/19\/everton-crystal-palace-3-2\/#respond"]}]},{"@type":"WebPage","@id":"https:\/\/evertonfc.cz\/index.php\/2022\/05\/19\/everton-crystal-palace-3-2\/","url":"https:\/\/evertonfc.cz\/index.php\/2022\/05\/19\/everton-crystal-palace-3-2\/","name":"Everton \u2013 Crystal Palace 3:2 - Official Czech &amp; Slovak Everton Supporters&#039; Club","isPartOf":{"@id":"https:\/\/evertonfc.cz\/#website"},"primaryImageOfPage":{"@id":"https:\/\/evertonfc.cz\/index.php\/2022\/05\/19\/everton-crystal-palace-3-2\/#primaryimage"},"image":{"@id":"https:\/\/evertonfc.cz\/index.php\/2022\/05\/19\/everton-crystal-palace-3-2\/#primaryimage"},"thumbnailUrl":"https:\/\/evertonfc.cz\/wp-content\/uploads\/2022\/05\/dcl_19_5_2022.png","datePublished":"2022-05-19T21:05:27+00:00","dateModified":"2022-05-21T17:40:18+00:00","breadcrumb":{"@id":"https:\/\/evertonfc.cz\/index.php\/2022\/05\/19\/everton-crystal-palace-3-2\/#breadcrumb"},"inLanguage":"cs","potentialAction":[{"@type":"ReadAction","target":["https:\/\/evertonfc.cz\/index.php\/2022\/05\/19\/everton-crystal-palace-3-2\/"]}]},{"@type":"ImageObject","inLanguage":"cs","@id":"https:\/\/evertonfc.cz\/index.php\/2022\/05\/19\/everton-crystal-palace-3-2\/#primaryimage","url":"https:\/\/evertonfc.cz\/wp-content\/uploads\/2022\/05\/dcl_19_5_2022.png","contentUrl":"https:\/\/evertonfc.cz\/wp-content\/uploads\/2022\/05\/dcl_19_5_2022.png","width":720,"height":405},{"@type":"BreadcrumbList","@id":"https:\/\/evertonfc.cz\/index.php\/2022\/05\/19\/everton-crystal-palace-3-2\/#breadcrumb","itemListElement":[{"@type":"ListItem","position":1,"name":"Home","item":"https:\/\/evertonfc.cz\/"},{"@type":"ListItem","position":2,"name":"Everton \u2013 Crystal Palace 3:2"}]},{"@type":"WebSite","@id":"https:\/\/evertonfc.cz\/#website","url":"https:\/\/evertonfc.cz\/","name":"Official Czech &amp; Slovak Everton Supporters&#039; Club","description":"","publisher":{"@id":"https:\/\/evertonfc.cz\/#organization"},"potentialAction":[{"@type":"SearchAction","target":{"@type":"EntryPoint","urlTemplate":"https:\/\/evertonfc.cz\/?s={search_term_string}"},"query-input":{"@type":"PropertyValueSpecification","valueRequired":true,"valueName":"search_term_string"}}],"inLanguage":"cs"},{"@type":"Organization","@id":"https:\/\/evertonfc.cz\/#organization","name":"Official Czech & Slovak Everton Supporters' Club","url":"https:\/\/evertonfc.cz\/","logo":{"@type":"ImageObject","inLanguage":"cs","@id":"https:\/\/evertonfc.cz\/#\/schema\/logo\/image\/","url":"https:\/\/evertonfc.cz\/wp-content\/uploads\/2019\/05\/logo.png","contentUrl":"https:\/\/evertonfc.cz\/wp-content\/uploads\/2019\/05\/logo.png","width":112,"height":112,"caption":"Official Czech & Slovak Everton Supporters' Club"},"image":{"@id":"https:\/\/evertonfc.cz\/#\/schema\/logo\/image\/"},"sameAs":["https:\/\/www.facebook.com\/everton.fans.cz.sk"]},{"@type":"Person","@id":"https:\/\/evertonfc.cz\/#\/schema\/person\/f7a5daedb2ffee98480bc70e191aaef1","name":"Ri\u010di","sameAs":["https:\/\/x.com\/rbrejsa"],"url":"https:\/\/evertonfc.cz\/index.php\/author\/rici\/"}]}},"_links":{"self":[{"href":"https:\/\/evertonfc.cz\/index.php\/wp-json\/wp\/v2\/posts\/18738"}],"collection":[{"href":"https:\/\/evertonfc.cz\/index.php\/wp-json\/wp\/v2\/posts"}],"about":[{"href":"https:\/\/evertonfc.cz\/index.php\/wp-json\/wp\/v2\/types\/post"}],"author":[{"embeddable":true,"href":"https:\/\/evertonfc.cz\/index.php\/wp-json\/wp\/v2\/users\/6"}],"replies":[{"embeddable":true,"href":"https:\/\/evertonfc.cz\/index.php\/wp-json\/wp\/v2\/comments?post=18738"}],"version-history":[{"count":10,"href":"https:\/\/evertonfc.cz\/index.php\/wp-json\/wp\/v2\/posts\/18738\/revisions"}],"predecessor-version":[{"id":18756,"href":"https:\/\/evertonfc.cz\/index.php\/wp-json\/wp\/v2\/posts\/18738\/revisions\/18756"}],"wp:featuredmedia":[{"embeddable":true,"href":"https:\/\/evertonfc.cz\/index.php\/wp-json\/wp\/v2\/media\/18739"}],"wp:attachment":[{"href":"https:\/\/evertonfc.cz\/index.php\/wp-json\/wp\/v2\/media?parent=18738"}],"wp:term":[{"taxonomy":"category","embeddable":true,"href":"https:\/\/evertonfc.cz\/index.php\/wp-json\/wp\/v2\/categories?post=18738"},{"taxonomy":"post_tag","embeddable":true,"href":"https:\/\/evertonfc.cz\/index.php\/wp-json\/wp\/v2\/tags?post=18738"}],"curies":[{"name":"wp","href":"https:\/\/api.w.org\/{rel}","templated":true}]}}