{"id":18761,"date":"2022-05-22T12:42:25","date_gmt":"2022-05-22T10:42:25","guid":{"rendered":"https:\/\/evertonfc.cz\/?p=18761"},"modified":"2022-05-22T13:41:59","modified_gmt":"2022-05-22T11:41:59","slug":"preview-arsenal-everton-12","status":"publish","type":"post","link":"https:\/\/evertonfc.cz\/index.php\/2022\/05\/22\/preview-arsenal-everton-12\/","title":{"rendered":"Preview: Arsenal \u2013 Everton"},"content":{"rendered":"<h4>Z\u00e1vere\u010dn\u00e1! Cestou do a\u00a0sp\u00e4\u0165 z\u00a0hlavn\u00e9ho mesta m\u00f4\u017eeme duma\u0165 nad t\u00fdm, pre\u010do sme tam, kde sme. A\u00a0tie\u017e\u00a0ako v bud\u00facnosti zariadime, aby sa to u\u017e nikdy viac neopakovalo.<\/h4>\n<p>Evertonians u\u017e p\u00e1r dn\u00ed sp\u00e1vaj\u00fa s k\u013eudn\u00fdm svedom\u00edm, \u017ee svet zajtraj\u0161ka je zachr\u00e1nen\u00fd. To sa ale ned\u00e1 poveda\u0165 o fan\u00fa\u0161ikoch Burnley a Leedsu United. Oba kluby s\u00fa schopn\u00e9 spravi\u0165 pre z\u00e1chranu \u010doko\u013evek, a ke\u010f to nejde na tr\u00e1vniku, sk\u00fa\u0161aj\u00fa to aj ofici\u00e1lnymi s\u0165a\u017enos\u0165ami. Vraj ako je mo\u017en\u00e9, \u017ee Everton, ktor\u00fd je za posledn\u00e9 tri finan\u010dn\u00e9 roky v strate takmer \u00a3372 mili\u00f3nov, nie je postihnut\u00fd \u017eiadnymi sankciami? U\u017e dokopy dva liebesbriefy \u017eiadaj\u00fa o\u00a0uchovanie v\u0161etk\u00fdch dokumentov a\u00a0komunik\u00e1cie medzi EFC a\u00a0PL, a\u00a0tie\u017e zriadenie nez\u00e1vislej komisie na pre\u0161etrenie finan\u010dn\u00fdch \u00fa\u010dtov Karameliek. Inak podnikn\u00fa pr\u00e1vne kroky vo\u010di samotnej lige a\u00a0samozrejme n\u00e1\u0161mu klubu. Komisia sa m\u00e1 zriadi\u0165 do \u0161iestich t\u00fd\u017ed\u0148ov od podania prv\u00e9ho listu (13. m\u00e1j).<\/p>\n<h4><strong>Slamka vo vode<\/strong><\/h4>\n<p>Iste, n\u00e1\u0161 odpo\u010det bodov, \u010do je maxim\u00e1lny trest v tomto pr\u00edpade, by sa im n\u00e1ramne hodil. A chc\u00fa to ma\u0165 \u010dierne na bielom e\u0161te pred 16. j\u00fanom. Vtedy sa zverejn\u00ed rozpis z\u00e1pasov na bud\u00facu sez\u00f3nu. Nechc\u00fa na\u0165ahova\u010dky ako pri Manchesteri City, kde sa podobn\u00e9 \u0165ahanice rie\u0161ili tri roky. Ostatn\u00e9 kluby s\u00fa \u00fadajne naklonen\u00e9 k tak\u00e9muto rie\u0161eniu situ\u00e1cie, ktor\u00e1 priznajme si, ani pre n\u00e1s nie je \u00faplne jasn\u00e1. Pravidl\u00e1 maj\u00fa kv\u00f4li minulosez\u00f3nnym covidov\u00fdm opatreniam \u0161ed\u00fa z\u00f3nu. A \u010das\u0165 klubov\u00fdch str\u00e1t sa m\u00f4\u017ee kv\u00f4li pand\u00e9mii odpisova\u0165.<\/p>\n<p>Nu\u017e, ale situ\u00e1cia sa m\u00e1 dlhodobo tak, \u017ee vedenie EFC si na toto d\u00e1va sakramentsk\u00fd pozor. Pravidelne komunikuje so v\u0161etk\u00fdmi podstatn\u00fdmi org\u00e1nmi, a preto si je ist\u00e9, \u017ee ni\u010d proti srsti nehroz\u00ed. Ofici\u00e1lne vyjadrenie znie, \u017ee klub si je ist\u00fd riadnym plnen\u00edm pravidiel. A ak chc\u00fa topiaci kri\u010da\u0165, nech sa p\u00e1\u010di, je to ich pr\u00e1vo. Extern\u00fd audit klubu jasne preuk\u00e1zal, \u010do m\u00f4\u017eeme pripisova\u0165 koronakr\u00edze, a \u010do nie. Fuck off!<\/p>\n<h4><strong>Pohoda, kl\u00eddek a &#8230;?<\/strong><\/h4>\n<p>Everton sa po vy\u0161e polroku prv\u00fd raz ocit\u00e1 v situ\u00e1cii, kedy nie je pod v\u00fdsledkov\u00fdm tlakom. Lampardovi zverenci u\u017e maj\u00fa v hlav\u00e1ch tabu\u013ekov\u00e9 jasno. A s\u00e1m Frank si to pochva\u013euje. Pr\u00edjemn\u00e1 zmena. Neust\u00e1ly stres toti\u017e vie p\u00f4sobi\u0165 dvojako. No v dlhodobom horizonte pozit\u00edva neh\u013eadajme. Najm\u00e4 ment\u00e1lne nie. Boss v\u0161ak uis\u0165uje, \u017ee do z\u00e1pasu p\u00f4jdeme naplno. Najm\u00e4 z re\u0161pektu k s\u00faperovi a jeho st\u00e1vkam v lige. Aj fan\u00fa\u0161ikom by sme sa radi odv\u010fa\u010dili, tak\u017ee bude zauj\u00edmav\u00e9 ich v\u00fdkony vidie\u0165 s uvo\u013enen\u00fdmi nervami. Ale to v\u0161ak neznamen\u00e1, \u017ee nenastan\u00fa zmeny.<\/p>\n<p>Lampard avizuje, \u017ee \u0161ancu dostan\u00fa aj hr\u00e1\u010di, ktor\u00ed v poslednej dobe hol\u00fd boj o \u017eivot len pozorovali. Net\u00fdka sa to Rond\u00f3na, ktor\u00fd m\u00e1 st\u00e1le trest. Mina aj Delph s\u00fa mimo, tak\u017ee je mo\u017en\u00e9, \u017ee sa do z\u00e1kladu dostan\u00fa hr\u00e1\u010di ako van de Beek, Godfrey, \u010di Allan. Predsa len, bude to tret\u00ed z\u00e1pas za sedem dn\u00ed. Alli by tie\u017e mohol provokova\u0165 dom\u00e1cich div\u00e1kov, a\u00a0El Ghazi mana\u017e\u00e9rom uk\u00e1za\u0165, \u017ee kompletne ho vynecha\u0165 z\u00a0diania bola chyba.<\/p>\n<p>Na margo novej sez\u00f3ny Frank podotkol, \u017ee mus\u00ed pr\u00eds\u0165 k\u00a0zlep\u0161eniu. Od v\u0161etk\u00fdch, vr\u00e1tane jeho. D\u00f4le\u017eit\u00e1 bude letn\u00e1 priprava, a\u00a0takisto spolupr\u00e1ca s\u00a0nov\u00fdm \u0161portov\u00fdm riadite\u013eom Thelwellom. Ak vraj chceme hra\u0165 lep\u0161ie medzi l\u00edniami, mus\u00edme za\u010da\u0165 rie\u0161i\u0165 veci od zadn\u00fdch radov, a\u00a0pokra\u010dova\u0165 v\u00a0z\u00e1lohe. K\u00e1der mus\u00ed by\u0165 v\u00e4\u010d\u0161\u00ed.<\/p>\n<h4><strong>Young Guns<\/strong><\/h4>\n<p>Arsenal del\u00ed od milion\u00e1rskej s\u00fa\u0165a\u017ee rozdiel dvoch bodov Spurs. Rival zo severn\u00e9ho Lond\u00fdna dokonca hr\u00e1 na ihrisku posledn\u00e9ho Norwichu. \u0160ance aj bez odporu Evertonu s\u00fa teda minim\u00e1lne. Ako celkov\u00fd v\u00fdsledok to v\u0161ak pre najmlad\u0161iu kab\u00ednu v lige nie je v\u00f4bec zl\u00e9. Najm\u00e4 ke\u010f vidie\u0165 jasn\u00fd pokrok pod Artetom, v podobe 3 prie\u010dok v lige.<\/p>\n<p>Ten nem\u00e1 \u00faplne najv\u00e4\u010d\u0161iu podporu na prestupovom trhu, \u010do sa uk\u00e1zalo ako k\u013e\u00fa\u010dov\u00e9 v\u00a0janu\u00e1ri. K\u00fdm Spurs a\u00a0Newcastle utr\u00e1cali, Arsenal sedel stranou, a\u00a0svojich hr\u00e1\u010dov sa sk\u00f4r zbavoval. Ke\u010f potom pri\u0161li zranenia, Arsenal sedel op\u00e4\u0165 stranou a\u00a0svoje z\u00e1pasy sk\u00f4r prehr\u00e1val. Mikel svoj biznis h\u00e1jil. Klub pod\u013ea jeho slov rob\u00ed to, na \u010do m\u00e1.<\/p>\n<p>Ve\u013ek\u00fdm negat\u00edvom sez\u00f3ny s\u00fa absencie Thomasa zo z\u00e1lohy. Bez neho m\u00e1 Arsenal o\u00a022% men\u0161iu mieru v\u00fdhry vo v\u0161etk\u00fdch s\u00fa\u0165a\u017eiach. Proti Evertonu nenast\u00fapi, rovnako ako Kieran Tierney. Krajn\u00fd obranca, ktor\u00e9ho strata herne ve\u013emi bol\u00ed. Celkovo na obe tieto poz\u00edcie nemaj\u00fa dobr\u00e9 alternat\u00edvy. Preto piate miesto je pre nich viac ako dobr\u00e9.<\/p>\n<h4 style=\"text-align: center;\"><strong>\u0160tatistick\u00e9 okienko:<\/strong><\/h4>\n<ul>\n<li>98 ligov\u00fdch v\u00ed\u0165azstiev Arsenalu proti Evertonu je rekord v najvy\u0161\u0161ej s\u00fa\u0165a\u017ei proti tomu ist\u00e9mu s\u00faperovi.<\/li>\n<li>Ligov\u00e9 v\u00ed\u0165azstvo Evertonu na Emirates Stadium v minulej sez\u00f3ne ukon\u010dilo 24-z\u00e1pasov\u00fa s\u00e9riu bez v\u00ed\u0165azstva. Naposledy vyhrali po sebe id\u00face ligov\u00e9 n\u00e1v\u0161tevy proti Gunners v roku 1987<strong>.<\/strong><\/li>\n<li>Arsenal prehral posledn\u00e9 tri z\u00e1pasy Premier League proti Evertonu &#8211; to\u013eko ako v predch\u00e1dzaj\u00facich 26 stretnutiach (W16, D7).<\/li>\n<li>Gunners by mohli prehra\u0165 \u0161tyri po sebe id\u00face ligov\u00e9 z\u00e1pasy proti Evertonu len druh\u00fdkr\u00e1t v\u00a0hist\u00f3rii, a\u00a0z\u00e1rove\u0148 prv\u00fdkr\u00e1t od roku 1924.<\/li>\n<li>Toto je tret\u00edkr\u00e1t, \u010do sa tieto dva kluby stretn\u00e4 v posledn\u00fd de\u0148 sez\u00f3ny Premier League, pri\u010dom Arsenal vyhral predch\u00e1dzaj\u00face dva: 4:3 v\u00a02001\/2 a\u00a03:1 v\u00a02016\/17.<\/li>\n<\/ul>\n<h3 style=\"text-align: center;\"><span style=\"color: #3366ff;\"><em><strong>Up The Toffees !!!<\/strong><\/em><\/span><\/h3>\n<p><strong>\u010co:<\/strong> Arsenal FC \u2013 Everton FC, 38. kolo Premier League<br \/>\n<strong>Kedy:<\/strong> 22.5. 2022 od 17:00 SE\u010c<br \/>\n<strong>Ako:<\/strong> pondelkov\u00fd z\u00e1znam Premier Sport 1 v 17:05<br \/>\n<strong>Kde:<\/strong> Emirates Stadium \u2013 Hornsey Rd, London N7 7AJ (kapacita: 60 260)<br \/>\n<strong>Rozhodca:<\/strong> Andre Marriner \u00a0<strong>Asistenti:<\/strong> S. Long, S. Ledger \u00a0<strong>\u0160tvrt\u00fd rozhodca:<\/strong> J. Linington<br \/>\n<strong>VAR: <\/strong>Lee Mason \u00a0<strong>Asistent VAR: <\/strong>Mark Scholes<\/p>\n","protected":false},"excerpt":{"rendered":"<p>Z\u00e1vere\u010dn\u00e1! Cestou do a\u00a0sp\u00e4\u0165 z\u00a0hlavn\u00e9ho mesta m\u00f4\u017eeme duma\u0165 nad t\u00fdm, pre\u010do sme tam, kde sme. A\u00a0tie\u017e\u00a0ako v bud\u00facnosti zariadime, aby sa to u\u017e nikdy viac neopakovalo.<\/p>\n","protected":false},"author":1,"featured_media":15084,"comment_status":"open","ping_status":"closed","sticky":false,"template":"","format":"standard","meta":{"_eb_attr":"","_monsterinsights_skip_tracking":false,"_monsterinsights_sitenote_active":false,"_monsterinsights_sitenote_note":"","_monsterinsights_sitenote_category":0,"footnotes":""},"categories":[4],"tags":[],"yoast_head":"<!-- This site is optimized with the Yoast SEO plugin v23.4 - https:\/\/yoast.com\/wordpress\/plugins\/seo\/ -->\n<title>Preview: Arsenal \u2013 Everton - Official Czech &amp; Slovak Everton Supporters&#039; Club<\/title>\n<meta name=\"robots\" content=\"index, follow, max-snippet:-1, max-image-preview:large, max-video-preview:-1\" \/>\n<link rel=\"canonical\" href=\"https:\/\/evertonfc.cz\/index.php\/2022\/05\/22\/preview-arsenal-everton-12\/\" \/>\n<meta property=\"og:locale\" content=\"cs_CZ\" \/>\n<meta property=\"og:type\" content=\"article\" \/>\n<meta property=\"og:title\" content=\"Preview: Arsenal \u2013 Everton - Official Czech &amp; Slovak Everton Supporters&#039; Club\" \/>\n<meta property=\"og:description\" content=\"Z\u00e1vere\u010dn\u00e1! Cestou do a\u00a0sp\u00e4\u0165 z\u00a0hlavn\u00e9ho mesta m\u00f4\u017eeme duma\u0165 nad t\u00fdm, pre\u010do sme tam, kde sme. A\u00a0tie\u017e\u00a0ako v bud\u00facnosti zariadime, aby sa to u\u017e nikdy viac neopakovalo.\" \/>\n<meta property=\"og:url\" content=\"https:\/\/evertonfc.cz\/index.php\/2022\/05\/22\/preview-arsenal-everton-12\/\" \/>\n<meta property=\"og:site_name\" content=\"Official Czech &amp; Slovak Everton Supporters&#039; Club\" \/>\n<meta property=\"article:publisher\" content=\"https:\/\/www.facebook.com\/everton.fans.cz.sk\" \/>\n<meta property=\"article:published_time\" content=\"2022-05-22T10:42:25+00:00\" \/>\n<meta property=\"article:modified_time\" content=\"2022-05-22T11:41:59+00:00\" \/>\n<meta property=\"og:image\" content=\"https:\/\/evertonfc.cz\/wp-content\/uploads\/2021\/04\/Arsenal-VS-Everton.jpg\" \/>\n\t<meta property=\"og:image:width\" content=\"720\" \/>\n\t<meta property=\"og:image:height\" content=\"405\" \/>\n\t<meta property=\"og:image:type\" content=\"image\/jpeg\" \/>\n<meta name=\"author\" content=\"BlueBlooded\" \/>\n<meta name=\"twitter:card\" content=\"summary_large_image\" \/>\n<meta name=\"twitter:label1\" content=\"Napsal(a)\" \/>\n\t<meta name=\"twitter:data1\" content=\"BlueBlooded\" \/>\n\t<meta name=\"twitter:label2\" content=\"Odhadovan\u00e1 doba \u010dten\u00ed\" \/>\n\t<meta name=\"twitter:data2\" content=\"5 minut\" \/>\n<script type=\"application\/ld+json\" class=\"yoast-schema-graph\">{\"@context\":\"https:\/\/schema.org\",\"@graph\":[{\"@type\":\"Article\",\"@id\":\"https:\/\/evertonfc.cz\/index.php\/2022\/05\/22\/preview-arsenal-everton-12\/#article\",\"isPartOf\":{\"@id\":\"https:\/\/evertonfc.cz\/index.php\/2022\/05\/22\/preview-arsenal-everton-12\/\"},\"author\":{\"name\":\"BlueBlooded\",\"@id\":\"https:\/\/evertonfc.cz\/#\/schema\/person\/d4493b8cbea51532597fbc4685698916\"},\"headline\":\"Preview: Arsenal \u2013 Everton\",\"datePublished\":\"2022-05-22T10:42:25+00:00\",\"dateModified\":\"2022-05-22T11:41:59+00:00\",\"mainEntityOfPage\":{\"@id\":\"https:\/\/evertonfc.cz\/index.php\/2022\/05\/22\/preview-arsenal-everton-12\/\"},\"wordCount\":1048,\"commentCount\":18,\"publisher\":{\"@id\":\"https:\/\/evertonfc.cz\/#organization\"},\"image\":{\"@id\":\"https:\/\/evertonfc.cz\/index.php\/2022\/05\/22\/preview-arsenal-everton-12\/#primaryimage\"},\"thumbnailUrl\":\"https:\/\/evertonfc.cz\/wp-content\/uploads\/2021\/04\/Arsenal-VS-Everton.jpg\",\"articleSection\":[\"Z\u00e1pasy\"],\"inLanguage\":\"cs\",\"potentialAction\":[{\"@type\":\"CommentAction\",\"name\":\"Comment\",\"target\":[\"https:\/\/evertonfc.cz\/index.php\/2022\/05\/22\/preview-arsenal-everton-12\/#respond\"]}]},{\"@type\":\"WebPage\",\"@id\":\"https:\/\/evertonfc.cz\/index.php\/2022\/05\/22\/preview-arsenal-everton-12\/\",\"url\":\"https:\/\/evertonfc.cz\/index.php\/2022\/05\/22\/preview-arsenal-everton-12\/\",\"name\":\"Preview: Arsenal \u2013 Everton - Official Czech &amp; Slovak Everton Supporters&#039; Club\",\"isPartOf\":{\"@id\":\"https:\/\/evertonfc.cz\/#website\"},\"primaryImageOfPage\":{\"@id\":\"https:\/\/evertonfc.cz\/index.php\/2022\/05\/22\/preview-arsenal-everton-12\/#primaryimage\"},\"image\":{\"@id\":\"https:\/\/evertonfc.cz\/index.php\/2022\/05\/22\/preview-arsenal-everton-12\/#primaryimage\"},\"thumbnailUrl\":\"https:\/\/evertonfc.cz\/wp-content\/uploads\/2021\/04\/Arsenal-VS-Everton.jpg\",\"datePublished\":\"2022-05-22T10:42:25+00:00\",\"dateModified\":\"2022-05-22T11:41:59+00:00\",\"breadcrumb\":{\"@id\":\"https:\/\/evertonfc.cz\/index.php\/2022\/05\/22\/preview-arsenal-everton-12\/#breadcrumb\"},\"inLanguage\":\"cs\",\"potentialAction\":[{\"@type\":\"ReadAction\",\"target\":[\"https:\/\/evertonfc.cz\/index.php\/2022\/05\/22\/preview-arsenal-everton-12\/\"]}]},{\"@type\":\"ImageObject\",\"inLanguage\":\"cs\",\"@id\":\"https:\/\/evertonfc.cz\/index.php\/2022\/05\/22\/preview-arsenal-everton-12\/#primaryimage\",\"url\":\"https:\/\/evertonfc.cz\/wp-content\/uploads\/2021\/04\/Arsenal-VS-Everton.jpg\",\"contentUrl\":\"https:\/\/evertonfc.cz\/wp-content\/uploads\/2021\/04\/Arsenal-VS-Everton.jpg\",\"width\":720,\"height\":405},{\"@type\":\"BreadcrumbList\",\"@id\":\"https:\/\/evertonfc.cz\/index.php\/2022\/05\/22\/preview-arsenal-everton-12\/#breadcrumb\",\"itemListElement\":[{\"@type\":\"ListItem\",\"position\":1,\"name\":\"Home\",\"item\":\"https:\/\/evertonfc.cz\/\"},{\"@type\":\"ListItem\",\"position\":2,\"name\":\"Preview: Arsenal \u2013 Everton\"}]},{\"@type\":\"WebSite\",\"@id\":\"https:\/\/evertonfc.cz\/#website\",\"url\":\"https:\/\/evertonfc.cz\/\",\"name\":\"Official Czech &amp; Slovak Everton Supporters&#039; Club\",\"description\":\"\",\"publisher\":{\"@id\":\"https:\/\/evertonfc.cz\/#organization\"},\"potentialAction\":[{\"@type\":\"SearchAction\",\"target\":{\"@type\":\"EntryPoint\",\"urlTemplate\":\"https:\/\/evertonfc.cz\/?s={search_term_string}\"},\"query-input\":{\"@type\":\"PropertyValueSpecification\",\"valueRequired\":true,\"valueName\":\"search_term_string\"}}],\"inLanguage\":\"cs\"},{\"@type\":\"Organization\",\"@id\":\"https:\/\/evertonfc.cz\/#organization\",\"name\":\"Official Czech & Slovak Everton Supporters' Club\",\"url\":\"https:\/\/evertonfc.cz\/\",\"logo\":{\"@type\":\"ImageObject\",\"inLanguage\":\"cs\",\"@id\":\"https:\/\/evertonfc.cz\/#\/schema\/logo\/image\/\",\"url\":\"https:\/\/evertonfc.cz\/wp-content\/uploads\/2019\/05\/logo.png\",\"contentUrl\":\"https:\/\/evertonfc.cz\/wp-content\/uploads\/2019\/05\/logo.png\",\"width\":112,\"height\":112,\"caption\":\"Official Czech & Slovak Everton Supporters' Club\"},\"image\":{\"@id\":\"https:\/\/evertonfc.cz\/#\/schema\/logo\/image\/\"},\"sameAs\":[\"https:\/\/www.facebook.com\/everton.fans.cz.sk\"]},{\"@type\":\"Person\",\"@id\":\"https:\/\/evertonfc.cz\/#\/schema\/person\/d4493b8cbea51532597fbc4685698916\",\"name\":\"BlueBlooded\",\"url\":\"https:\/\/evertonfc.cz\/index.php\/author\/admin\/\"}]}<\/script>\n<!-- \/ Yoast SEO plugin. -->","yoast_head_json":{"title":"Preview: Arsenal \u2013 Everton - Official Czech &amp; Slovak Everton Supporters&#039; Club","robots":{"index":"index","follow":"follow","max-snippet":"max-snippet:-1","max-image-preview":"max-image-preview:large","max-video-preview":"max-video-preview:-1"},"canonical":"https:\/\/evertonfc.cz\/index.php\/2022\/05\/22\/preview-arsenal-everton-12\/","og_locale":"cs_CZ","og_type":"article","og_title":"Preview: Arsenal \u2013 Everton - Official Czech &amp; Slovak Everton Supporters&#039; Club","og_description":"Z\u00e1vere\u010dn\u00e1! Cestou do a\u00a0sp\u00e4\u0165 z\u00a0hlavn\u00e9ho mesta m\u00f4\u017eeme duma\u0165 nad t\u00fdm, pre\u010do sme tam, kde sme. A\u00a0tie\u017e\u00a0ako v bud\u00facnosti zariadime, aby sa to u\u017e nikdy viac neopakovalo.","og_url":"https:\/\/evertonfc.cz\/index.php\/2022\/05\/22\/preview-arsenal-everton-12\/","og_site_name":"Official Czech &amp; Slovak Everton Supporters&#039; Club","article_publisher":"https:\/\/www.facebook.com\/everton.fans.cz.sk","article_published_time":"2022-05-22T10:42:25+00:00","article_modified_time":"2022-05-22T11:41:59+00:00","og_image":[{"width":720,"height":405,"url":"https:\/\/evertonfc.cz\/wp-content\/uploads\/2021\/04\/Arsenal-VS-Everton.jpg","type":"image\/jpeg"}],"author":"BlueBlooded","twitter_card":"summary_large_image","twitter_misc":{"Napsal(a)":"BlueBlooded","Odhadovan\u00e1 doba \u010dten\u00ed":"5 minut"},"schema":{"@context":"https:\/\/schema.org","@graph":[{"@type":"Article","@id":"https:\/\/evertonfc.cz\/index.php\/2022\/05\/22\/preview-arsenal-everton-12\/#article","isPartOf":{"@id":"https:\/\/evertonfc.cz\/index.php\/2022\/05\/22\/preview-arsenal-everton-12\/"},"author":{"name":"BlueBlooded","@id":"https:\/\/evertonfc.cz\/#\/schema\/person\/d4493b8cbea51532597fbc4685698916"},"headline":"Preview: Arsenal \u2013 Everton","datePublished":"2022-05-22T10:42:25+00:00","dateModified":"2022-05-22T11:41:59+00:00","mainEntityOfPage":{"@id":"https:\/\/evertonfc.cz\/index.php\/2022\/05\/22\/preview-arsenal-everton-12\/"},"wordCount":1048,"commentCount":18,"publisher":{"@id":"https:\/\/evertonfc.cz\/#organization"},"image":{"@id":"https:\/\/evertonfc.cz\/index.php\/2022\/05\/22\/preview-arsenal-everton-12\/#primaryimage"},"thumbnailUrl":"https:\/\/evertonfc.cz\/wp-content\/uploads\/2021\/04\/Arsenal-VS-Everton.jpg","articleSection":["Z\u00e1pasy"],"inLanguage":"cs","potentialAction":[{"@type":"CommentAction","name":"Comment","target":["https:\/\/evertonfc.cz\/index.php\/2022\/05\/22\/preview-arsenal-everton-12\/#respond"]}]},{"@type":"WebPage","@id":"https:\/\/evertonfc.cz\/index.php\/2022\/05\/22\/preview-arsenal-everton-12\/","url":"https:\/\/evertonfc.cz\/index.php\/2022\/05\/22\/preview-arsenal-everton-12\/","name":"Preview: Arsenal \u2013 Everton - Official Czech &amp; Slovak Everton Supporters&#039; Club","isPartOf":{"@id":"https:\/\/evertonfc.cz\/#website"},"primaryImageOfPage":{"@id":"https:\/\/evertonfc.cz\/index.php\/2022\/05\/22\/preview-arsenal-everton-12\/#primaryimage"},"image":{"@id":"https:\/\/evertonfc.cz\/index.php\/2022\/05\/22\/preview-arsenal-everton-12\/#primaryimage"},"thumbnailUrl":"https:\/\/evertonfc.cz\/wp-content\/uploads\/2021\/04\/Arsenal-VS-Everton.jpg","datePublished":"2022-05-22T10:42:25+00:00","dateModified":"2022-05-22T11:41:59+00:00","breadcrumb":{"@id":"https:\/\/evertonfc.cz\/index.php\/2022\/05\/22\/preview-arsenal-everton-12\/#breadcrumb"},"inLanguage":"cs","potentialAction":[{"@type":"ReadAction","target":["https:\/\/evertonfc.cz\/index.php\/2022\/05\/22\/preview-arsenal-everton-12\/"]}]},{"@type":"ImageObject","inLanguage":"cs","@id":"https:\/\/evertonfc.cz\/index.php\/2022\/05\/22\/preview-arsenal-everton-12\/#primaryimage","url":"https:\/\/evertonfc.cz\/wp-content\/uploads\/2021\/04\/Arsenal-VS-Everton.jpg","contentUrl":"https:\/\/evertonfc.cz\/wp-content\/uploads\/2021\/04\/Arsenal-VS-Everton.jpg","width":720,"height":405},{"@type":"BreadcrumbList","@id":"https:\/\/evertonfc.cz\/index.php\/2022\/05\/22\/preview-arsenal-everton-12\/#breadcrumb","itemListElement":[{"@type":"ListItem","position":1,"name":"Home","item":"https:\/\/evertonfc.cz\/"},{"@type":"ListItem","position":2,"name":"Preview: Arsenal \u2013 Everton"}]},{"@type":"WebSite","@id":"https:\/\/evertonfc.cz\/#website","url":"https:\/\/evertonfc.cz\/","name":"Official Czech &amp; Slovak Everton Supporters&#039; Club","description":"","publisher":{"@id":"https:\/\/evertonfc.cz\/#organization"},"potentialAction":[{"@type":"SearchAction","target":{"@type":"EntryPoint","urlTemplate":"https:\/\/evertonfc.cz\/?s={search_term_string}"},"query-input":{"@type":"PropertyValueSpecification","valueRequired":true,"valueName":"search_term_string"}}],"inLanguage":"cs"},{"@type":"Organization","@id":"https:\/\/evertonfc.cz\/#organization","name":"Official Czech & Slovak Everton Supporters' Club","url":"https:\/\/evertonfc.cz\/","logo":{"@type":"ImageObject","inLanguage":"cs","@id":"https:\/\/evertonfc.cz\/#\/schema\/logo\/image\/","url":"https:\/\/evertonfc.cz\/wp-content\/uploads\/2019\/05\/logo.png","contentUrl":"https:\/\/evertonfc.cz\/wp-content\/uploads\/2019\/05\/logo.png","width":112,"height":112,"caption":"Official Czech & Slovak Everton Supporters' Club"},"image":{"@id":"https:\/\/evertonfc.cz\/#\/schema\/logo\/image\/"},"sameAs":["https:\/\/www.facebook.com\/everton.fans.cz.sk"]},{"@type":"Person","@id":"https:\/\/evertonfc.cz\/#\/schema\/person\/d4493b8cbea51532597fbc4685698916","name":"BlueBlooded","url":"https:\/\/evertonfc.cz\/index.php\/author\/admin\/"}]}},"_links":{"self":[{"href":"https:\/\/evertonfc.cz\/index.php\/wp-json\/wp\/v2\/posts\/18761"}],"collection":[{"href":"https:\/\/evertonfc.cz\/index.php\/wp-json\/wp\/v2\/posts"}],"about":[{"href":"https:\/\/evertonfc.cz\/index.php\/wp-json\/wp\/v2\/types\/post"}],"author":[{"embeddable":true,"href":"https:\/\/evertonfc.cz\/index.php\/wp-json\/wp\/v2\/users\/1"}],"replies":[{"embeddable":true,"href":"https:\/\/evertonfc.cz\/index.php\/wp-json\/wp\/v2\/comments?post=18761"}],"version-history":[{"count":12,"href":"https:\/\/evertonfc.cz\/index.php\/wp-json\/wp\/v2\/posts\/18761\/revisions"}],"predecessor-version":[{"id":18773,"href":"https:\/\/evertonfc.cz\/index.php\/wp-json\/wp\/v2\/posts\/18761\/revisions\/18773"}],"wp:featuredmedia":[{"embeddable":true,"href":"https:\/\/evertonfc.cz\/index.php\/wp-json\/wp\/v2\/media\/15084"}],"wp:attachment":[{"href":"https:\/\/evertonfc.cz\/index.php\/wp-json\/wp\/v2\/media?parent=18761"}],"wp:term":[{"taxonomy":"category","embeddable":true,"href":"https:\/\/evertonfc.cz\/index.php\/wp-json\/wp\/v2\/categories?post=18761"},{"taxonomy":"post_tag","embeddable":true,"href":"https:\/\/evertonfc.cz\/index.php\/wp-json\/wp\/v2\/tags?post=18761"}],"curies":[{"name":"wp","href":"https:\/\/api.w.org\/{rel}","templated":true}]}}