{"id":1879,"date":"2018-08-22T19:23:45","date_gmt":"2018-08-22T17:23:45","guid":{"rendered":"http:\/\/evertonfc.cz\/?p=1879"},"modified":"2019-04-10T10:21:01","modified_gmt":"2019-04-10T08:21:01","slug":"joe-williams-talent-ktery-v-budoucnu-muze-nahradit-schneiderlina","status":"publish","type":"post","link":"https:\/\/evertonfc.cz\/index.php\/2018\/08\/22\/joe-williams-talent-ktery-v-budoucnu-muze-nahradit-schneiderlina\/","title":{"rendered":"Joe Williams \u2013 talent, kter\u00fd v budoucnu m\u016f\u017ee nahradit Schneiderlina"},"content":{"rendered":"\r\n<h4 class=\"wp-block-heading\">21let\u00fd st\u0159edopola\u0159 pot\u00e9, co kv\u016fli zran\u011bn\u00ed stehenn\u00ed svalu zme\u0161kal skoro celou letn\u00ed p\u0159\u00edpravu, v nejbli\u017e\u0161\u00edch dnech nejsp\u00ed\u0161e op\u011bt zam\u00ed\u0159\u00ed na hostov\u00e1n\u00ed do Championshipu.<\/h4>\r\n\r\n\r\n\r\n<p>O Williamse podle informac\u00ed den\u00edku Liverpool Echo usiluj\u00ed Bolton, Hull, Birmingham a Bristol City. Rozhodnut\u00ed nyn\u00ed le\u017e\u00ed na samotn\u00e9m hr\u00e1\u010di.<\/p>\r\n\r\n\r\n\r\n<p>Liverpoolsk\u00fd rod\u00e1k se na za\u010d\u00e1tku letn\u00ed p\u0159\u00edpravy p\u0159ipojil k prvn\u00edmu t\u00fdmu Evertonu. M\u011bl za sebou vyda\u0159enou sez\u00f3nu v druholigov\u00e9m Barnsley, za n\u011bho\u017e jako host\u00a0<a href=\"https:\/\/www.transfermarkt.com\/joe-williams\/leistungsdatendetails\/spieler\/268185\/plus\/0?saison=2017&amp;verein=&amp;liga=&amp;wettbewerb=&amp;pos=&amp;trainer_id=\" target=\"_blank\" rel=\"noreferrer noopener\">odehr\u00e1l 38 sout\u011b\u017en\u00edch utk\u00e1n\u00ed<\/a>. Jeho\u00a0<a href=\"https:\/\/youtu.be\/lsCxfdGRBo0?t=1m4s\" target=\"_blank\" rel=\"noreferrer noopener\">v\u00fdstavn\u00ed g\u00f3l<\/a>\u00a0v z\u00e1pase s Burtonem byl vyhl\u00e1\u0161en trefou m\u011bs\u00edce v Championshipu.<\/p>\r\n\r\n\r\n\r\n<p>Marco Silva, nov\u00fd \u0161\u00e9f evertonsk\u00e9 lavi\u010dky, byl v prvn\u00edm t\u00fddnu p\u0159\u00edpravy Williamsem ohromen, hodlal ho vz\u00edt na tr\u00e9ninkov\u00fd kemp do Rakouska, kde by ho v\u00edce poznal a eventu\u00e1ln\u011b za\u010dlenil do sv\u00fdch pl\u00e1n\u016f. Mlad\u00edk si ale n\u011bkolik dn\u00ed p\u0159ed odletem do Alp poranil sval, a tak p\u0159i\u0161el skoro o celou p\u0159edsez\u00f3nn\u00ed p\u0159\u00edpravu.<\/p>\r\n\r\n\r\n\r\n<p>Silva se n\u00e1sledn\u011b musel poohl\u00e9dnout po jin\u00fdch hr\u00e1\u010dsk\u00fdch mo\u017enostech. Williamse ale do budoucna neodepsal, naopak. Je pravd\u011bpodobn\u00e9, \u017ee mu dal\u0161\u00ed \u0161anci poskytne p\u0159\u00ed\u0161t\u00ed l\u00e9to. Williams toti\u017e operuje na pozici hr\u00e1\u010de \u010d\u00edslo 6. Pozici, kterou Silva ve sv\u00e9m hern\u00edm syst\u00e9mu pova\u017euje za jednu z nejd\u016fle\u017eit\u011bj\u0161\u00edch a kterou aktu\u00e1ln\u011b nem\u00e1 zdvojenou.<\/p>\r\n\r\n\r\n\r\n<p>Williams je produktem akademie Toffees, jej\u00ed\u017e \u0159ady roz\u0161\u00ed\u0159il v sedmi letech. Pozd\u011bji si pro\u0161el v\u0161emi ml\u00e1de\u017enick\u00fdmi v\u00fdb\u011bry klubu, s U18 a U23 z\u00edskal ligov\u00e9 tituly. Na h\u0159i\u0161ti zauj\u00edmal pozici box-to-box z\u00e1lo\u017en\u00edka \u2013 tedy \u010d\u00edsla 8 \u2013 v Barnsley ho v\u0161ak po\u017e\u00e1dali, aby nastupoval hloub\u011bji.<\/p>\r\n\r\n\r\n\r\n<p><em>\u201ePokud byste se m\u011b zeptali p\u0159ed rokem, asi bych \u0159ekl ne,\u201c<\/em>\u00a0odpov\u011bd\u011bl David Unsworth, mana\u017eer t\u00fdmu U23, na ot\u00e1zku, zda Williams m\u016f\u017ee hr\u00e1t jako \u0161estka.<\/p>\r\n\r\n\r\n\r\n<p><em>\u201eV\u017edy ho bylo pln\u00e9 h\u0159i\u0161t\u011b, \u010d\u00edslo 8, box-to-box z\u00e1lo\u017en\u00edk, jen\u017e profituje ze sv\u00e9 neuv\u011b\u0159iteln\u00e9 vytrvalosti. V lo\u0148sk\u00e9 sez\u00f3n\u011b ho v\u0161ak v Barnsley poprosili, aby se st\u00e1hl hloub\u011bji. Vid\u011bl jsem ho osobn\u011b ve \u010dty\u0159ech \u010di p\u011bti z\u00e1pasech a jeho v\u00fdkony byly prvot\u0159\u00eddn\u00ed. Po\u010d\u00ednal si opravdu vysp\u011ble a umn\u011b kontroloval hru. V\u016fbec jsem netu\u0161il, \u017ee je toho schopen, tak\u017ee ano, m\u016f\u017ee hr\u00e1t jako \u010d\u00edslo 6,\u201c <\/em>vysv\u011btlil Unsworth.<\/p>\r\n\r\n\r\n\r\n<p>Morgan Schneiderlin je nyn\u00ed jedin\u00fdm hr\u00e1\u010dem v Evertonu, kter\u00fd odpov\u00edd\u00e1 Silvovu profilu \u010d\u00edsla 6. Zat\u00edm z\u016fst\u00e1v\u00e1 nejasn\u00e9, jak\u00e1 \u00faloha bude sv\u011b\u0159ena posile Andr\u00e9mu Gomesovi, jeho\u017e podpis je trochu loteri\u00ed. Portugalsk\u00fd reprezentant za\u010d\u00edn\u00e1 sv\u00e9 p\u016fsoben\u00ed na Goodison Parku se svalov\u00fdm zran\u011bn\u00edm a po dvoulet\u00e9m p\u016fsoben\u00ed v Barcelon\u011b, b\u011bhem n\u011bho\u017e zna\u010dn\u011b utrp\u011bla jeho psychika.<\/p>\r\n\r\n\r\n\r\n<p>Williams by p\u0159\u00ed\u0161t\u00ed rok, po dal\u0161\u00edm poveden\u00e9m hostov\u00e1n\u00ed ve druh\u00e9 lize, mohl p\u0159edstavovat v\u00edtanou konkurenci pro Schneiderlina. <em>\u201eJoe je skv\u011bl\u00fdm hr\u00e1\u010dem, a od prvn\u00ed chv\u00edle, kdy s n\u00edm spolupracuji, jsem jeho velk\u00fdm fanou\u0161kem. Neb\u00fdt zran\u011bn\u00ed, mo\u017en\u00e1 by u\u017e debutoval v prvn\u00edm t\u00fdmu,\u201c\u00a0<\/em>p\u0159ipomn\u011bl Unsworth Williamsovy zdravotn\u00ed probl\u00e9my. Krom\u011b leto\u0161n\u00edho l\u00e9ta vynechal kv\u016fli v\u00e1\u017en\u00e9mu zran\u011bn\u00ed kolena a pot\u00e9 zlomenin\u011b nohy prvn\u00ed polovinu ro\u010dn\u00edku 2016\/17, na jeho\u017e konci Toffees U23 slavili titul v Premier League 2.<\/p>\r\n","protected":false},"excerpt":{"rendered":"<p>21let\u00fd st\u0159edopola\u0159 pot\u00e9, co kv\u016fli zran\u011bn\u00ed stehenn\u00ed svalu zme\u0161kal skoro celou letn\u00ed p\u0159\u00edpravu, v nejbli\u017e\u0161\u00edch dnech nejsp\u00ed\u0161e op\u011bt zam\u00ed\u0159\u00ed na&hellip;<\/p>\n","protected":false},"author":6,"featured_media":1875,"comment_status":"open","ping_status":"closed","sticky":false,"template":"","format":"standard","meta":{"_eb_attr":"","_monsterinsights_skip_tracking":false,"_monsterinsights_sitenote_active":false,"_monsterinsights_sitenote_note":"","_monsterinsights_sitenote_category":0,"footnotes":""},"categories":[42],"tags":[],"yoast_head":"<!-- This site is optimized with the Yoast SEO plugin v23.4 - https:\/\/yoast.com\/wordpress\/plugins\/seo\/ -->\n<title>Joe Williams \u2013 talent, kter\u00fd v budoucnu m\u016f\u017ee nahradit Schneiderlina - Official Czech &amp; Slovak Everton Supporters&#039; Club<\/title>\n<meta name=\"robots\" content=\"index, follow, max-snippet:-1, max-image-preview:large, max-video-preview:-1\" \/>\n<link rel=\"canonical\" href=\"https:\/\/evertonfc.cz\/index.php\/2018\/08\/22\/joe-williams-talent-ktery-v-budoucnu-muze-nahradit-schneiderlina\/\" \/>\n<meta property=\"og:locale\" content=\"cs_CZ\" \/>\n<meta property=\"og:type\" content=\"article\" \/>\n<meta property=\"og:title\" content=\"Joe Williams \u2013 talent, kter\u00fd v budoucnu m\u016f\u017ee nahradit Schneiderlina - Official Czech &amp; Slovak Everton Supporters&#039; Club\" \/>\n<meta property=\"og:description\" content=\"21let\u00fd st\u0159edopola\u0159 pot\u00e9, co kv\u016fli zran\u011bn\u00ed stehenn\u00ed svalu zme\u0161kal skoro celou letn\u00ed p\u0159\u00edpravu, v nejbli\u017e\u0161\u00edch dnech nejsp\u00ed\u0161e op\u011bt zam\u00ed\u0159\u00ed na&hellip;\" \/>\n<meta property=\"og:url\" content=\"https:\/\/evertonfc.cz\/index.php\/2018\/08\/22\/joe-williams-talent-ktery-v-budoucnu-muze-nahradit-schneiderlina\/\" \/>\n<meta property=\"og:site_name\" content=\"Official Czech &amp; Slovak Everton Supporters&#039; Club\" \/>\n<meta property=\"article:publisher\" content=\"https:\/\/www.facebook.com\/everton.fans.cz.sk\" \/>\n<meta property=\"article:published_time\" content=\"2018-08-22T17:23:45+00:00\" \/>\n<meta property=\"article:modified_time\" content=\"2019-04-10T08:21:01+00:00\" \/>\n<meta property=\"og:image\" content=\"https:\/\/evertonfc.cz\/wp-content\/uploads\/2019\/01\/williams_22_8_2018.jpg\" \/>\n\t<meta property=\"og:image:width\" content=\"720\" \/>\n\t<meta property=\"og:image:height\" content=\"405\" \/>\n\t<meta property=\"og:image:type\" content=\"image\/jpeg\" \/>\n<meta name=\"author\" content=\"Ri\u010di\" \/>\n<meta name=\"twitter:card\" content=\"summary_large_image\" \/>\n<meta name=\"twitter:creator\" content=\"@rbrejsa\" \/>\n<meta name=\"twitter:label1\" content=\"Napsal(a)\" \/>\n\t<meta name=\"twitter:data1\" content=\"Ri\u010di\" \/>\n\t<meta name=\"twitter:label2\" content=\"Odhadovan\u00e1 doba \u010dten\u00ed\" \/>\n\t<meta name=\"twitter:data2\" content=\"3 minuty\" \/>\n<script type=\"application\/ld+json\" class=\"yoast-schema-graph\">{\"@context\":\"https:\/\/schema.org\",\"@graph\":[{\"@type\":\"Article\",\"@id\":\"https:\/\/evertonfc.cz\/index.php\/2018\/08\/22\/joe-williams-talent-ktery-v-budoucnu-muze-nahradit-schneiderlina\/#article\",\"isPartOf\":{\"@id\":\"https:\/\/evertonfc.cz\/index.php\/2018\/08\/22\/joe-williams-talent-ktery-v-budoucnu-muze-nahradit-schneiderlina\/\"},\"author\":{\"name\":\"Ri\u010di\",\"@id\":\"https:\/\/evertonfc.cz\/#\/schema\/person\/f7a5daedb2ffee98480bc70e191aaef1\"},\"headline\":\"Joe Williams \u2013 talent, kter\u00fd v budoucnu m\u016f\u017ee nahradit Schneiderlina\",\"datePublished\":\"2018-08-22T17:23:45+00:00\",\"dateModified\":\"2019-04-10T08:21:01+00:00\",\"mainEntityOfPage\":{\"@id\":\"https:\/\/evertonfc.cz\/index.php\/2018\/08\/22\/joe-williams-talent-ktery-v-budoucnu-muze-nahradit-schneiderlina\/\"},\"wordCount\":617,\"commentCount\":0,\"publisher\":{\"@id\":\"https:\/\/evertonfc.cz\/#organization\"},\"image\":{\"@id\":\"https:\/\/evertonfc.cz\/index.php\/2018\/08\/22\/joe-williams-talent-ktery-v-budoucnu-muze-nahradit-schneiderlina\/#primaryimage\"},\"thumbnailUrl\":\"https:\/\/evertonfc.cz\/wp-content\/uploads\/2019\/01\/williams_22_8_2018.jpg\",\"articleSection\":[\"Aktuality\"],\"inLanguage\":\"cs\",\"potentialAction\":[{\"@type\":\"CommentAction\",\"name\":\"Comment\",\"target\":[\"https:\/\/evertonfc.cz\/index.php\/2018\/08\/22\/joe-williams-talent-ktery-v-budoucnu-muze-nahradit-schneiderlina\/#respond\"]}]},{\"@type\":\"WebPage\",\"@id\":\"https:\/\/evertonfc.cz\/index.php\/2018\/08\/22\/joe-williams-talent-ktery-v-budoucnu-muze-nahradit-schneiderlina\/\",\"url\":\"https:\/\/evertonfc.cz\/index.php\/2018\/08\/22\/joe-williams-talent-ktery-v-budoucnu-muze-nahradit-schneiderlina\/\",\"name\":\"Joe Williams \u2013 talent, kter\u00fd v budoucnu m\u016f\u017ee nahradit Schneiderlina - Official Czech &amp; Slovak Everton Supporters&#039; Club\",\"isPartOf\":{\"@id\":\"https:\/\/evertonfc.cz\/#website\"},\"primaryImageOfPage\":{\"@id\":\"https:\/\/evertonfc.cz\/index.php\/2018\/08\/22\/joe-williams-talent-ktery-v-budoucnu-muze-nahradit-schneiderlina\/#primaryimage\"},\"image\":{\"@id\":\"https:\/\/evertonfc.cz\/index.php\/2018\/08\/22\/joe-williams-talent-ktery-v-budoucnu-muze-nahradit-schneiderlina\/#primaryimage\"},\"thumbnailUrl\":\"https:\/\/evertonfc.cz\/wp-content\/uploads\/2019\/01\/williams_22_8_2018.jpg\",\"datePublished\":\"2018-08-22T17:23:45+00:00\",\"dateModified\":\"2019-04-10T08:21:01+00:00\",\"breadcrumb\":{\"@id\":\"https:\/\/evertonfc.cz\/index.php\/2018\/08\/22\/joe-williams-talent-ktery-v-budoucnu-muze-nahradit-schneiderlina\/#breadcrumb\"},\"inLanguage\":\"cs\",\"potentialAction\":[{\"@type\":\"ReadAction\",\"target\":[\"https:\/\/evertonfc.cz\/index.php\/2018\/08\/22\/joe-williams-talent-ktery-v-budoucnu-muze-nahradit-schneiderlina\/\"]}]},{\"@type\":\"ImageObject\",\"inLanguage\":\"cs\",\"@id\":\"https:\/\/evertonfc.cz\/index.php\/2018\/08\/22\/joe-williams-talent-ktery-v-budoucnu-muze-nahradit-schneiderlina\/#primaryimage\",\"url\":\"https:\/\/evertonfc.cz\/wp-content\/uploads\/2019\/01\/williams_22_8_2018.jpg\",\"contentUrl\":\"https:\/\/evertonfc.cz\/wp-content\/uploads\/2019\/01\/williams_22_8_2018.jpg\",\"width\":720,\"height\":405},{\"@type\":\"BreadcrumbList\",\"@id\":\"https:\/\/evertonfc.cz\/index.php\/2018\/08\/22\/joe-williams-talent-ktery-v-budoucnu-muze-nahradit-schneiderlina\/#breadcrumb\",\"itemListElement\":[{\"@type\":\"ListItem\",\"position\":1,\"name\":\"Home\",\"item\":\"https:\/\/evertonfc.cz\/\"},{\"@type\":\"ListItem\",\"position\":2,\"name\":\"Joe Williams \u2013 talent, kter\u00fd v budoucnu m\u016f\u017ee nahradit Schneiderlina\"}]},{\"@type\":\"WebSite\",\"@id\":\"https:\/\/evertonfc.cz\/#website\",\"url\":\"https:\/\/evertonfc.cz\/\",\"name\":\"Official Czech &amp; Slovak Everton Supporters&#039; Club\",\"description\":\"\",\"publisher\":{\"@id\":\"https:\/\/evertonfc.cz\/#organization\"},\"potentialAction\":[{\"@type\":\"SearchAction\",\"target\":{\"@type\":\"EntryPoint\",\"urlTemplate\":\"https:\/\/evertonfc.cz\/?s={search_term_string}\"},\"query-input\":{\"@type\":\"PropertyValueSpecification\",\"valueRequired\":true,\"valueName\":\"search_term_string\"}}],\"inLanguage\":\"cs\"},{\"@type\":\"Organization\",\"@id\":\"https:\/\/evertonfc.cz\/#organization\",\"name\":\"Official Czech & Slovak Everton Supporters' Club\",\"url\":\"https:\/\/evertonfc.cz\/\",\"logo\":{\"@type\":\"ImageObject\",\"inLanguage\":\"cs\",\"@id\":\"https:\/\/evertonfc.cz\/#\/schema\/logo\/image\/\",\"url\":\"https:\/\/evertonfc.cz\/wp-content\/uploads\/2019\/05\/logo.png\",\"contentUrl\":\"https:\/\/evertonfc.cz\/wp-content\/uploads\/2019\/05\/logo.png\",\"width\":112,\"height\":112,\"caption\":\"Official Czech & Slovak Everton Supporters' Club\"},\"image\":{\"@id\":\"https:\/\/evertonfc.cz\/#\/schema\/logo\/image\/\"},\"sameAs\":[\"https:\/\/www.facebook.com\/everton.fans.cz.sk\"]},{\"@type\":\"Person\",\"@id\":\"https:\/\/evertonfc.cz\/#\/schema\/person\/f7a5daedb2ffee98480bc70e191aaef1\",\"name\":\"Ri\u010di\",\"sameAs\":[\"https:\/\/x.com\/rbrejsa\"],\"url\":\"https:\/\/evertonfc.cz\/index.php\/author\/rici\/\"}]}<\/script>\n<!-- \/ Yoast SEO plugin. -->","yoast_head_json":{"title":"Joe Williams \u2013 talent, kter\u00fd v budoucnu m\u016f\u017ee nahradit Schneiderlina - Official Czech &amp; Slovak Everton Supporters&#039; Club","robots":{"index":"index","follow":"follow","max-snippet":"max-snippet:-1","max-image-preview":"max-image-preview:large","max-video-preview":"max-video-preview:-1"},"canonical":"https:\/\/evertonfc.cz\/index.php\/2018\/08\/22\/joe-williams-talent-ktery-v-budoucnu-muze-nahradit-schneiderlina\/","og_locale":"cs_CZ","og_type":"article","og_title":"Joe Williams \u2013 talent, kter\u00fd v budoucnu m\u016f\u017ee nahradit Schneiderlina - Official Czech &amp; Slovak Everton Supporters&#039; Club","og_description":"21let\u00fd st\u0159edopola\u0159 pot\u00e9, co kv\u016fli zran\u011bn\u00ed stehenn\u00ed svalu zme\u0161kal skoro celou letn\u00ed p\u0159\u00edpravu, v nejbli\u017e\u0161\u00edch dnech nejsp\u00ed\u0161e op\u011bt zam\u00ed\u0159\u00ed na&hellip;","og_url":"https:\/\/evertonfc.cz\/index.php\/2018\/08\/22\/joe-williams-talent-ktery-v-budoucnu-muze-nahradit-schneiderlina\/","og_site_name":"Official Czech &amp; Slovak Everton Supporters&#039; Club","article_publisher":"https:\/\/www.facebook.com\/everton.fans.cz.sk","article_published_time":"2018-08-22T17:23:45+00:00","article_modified_time":"2019-04-10T08:21:01+00:00","og_image":[{"width":720,"height":405,"url":"https:\/\/evertonfc.cz\/wp-content\/uploads\/2019\/01\/williams_22_8_2018.jpg","type":"image\/jpeg"}],"author":"Ri\u010di","twitter_card":"summary_large_image","twitter_creator":"@rbrejsa","twitter_misc":{"Napsal(a)":"Ri\u010di","Odhadovan\u00e1 doba \u010dten\u00ed":"3 minuty"},"schema":{"@context":"https:\/\/schema.org","@graph":[{"@type":"Article","@id":"https:\/\/evertonfc.cz\/index.php\/2018\/08\/22\/joe-williams-talent-ktery-v-budoucnu-muze-nahradit-schneiderlina\/#article","isPartOf":{"@id":"https:\/\/evertonfc.cz\/index.php\/2018\/08\/22\/joe-williams-talent-ktery-v-budoucnu-muze-nahradit-schneiderlina\/"},"author":{"name":"Ri\u010di","@id":"https:\/\/evertonfc.cz\/#\/schema\/person\/f7a5daedb2ffee98480bc70e191aaef1"},"headline":"Joe Williams \u2013 talent, kter\u00fd v budoucnu m\u016f\u017ee nahradit Schneiderlina","datePublished":"2018-08-22T17:23:45+00:00","dateModified":"2019-04-10T08:21:01+00:00","mainEntityOfPage":{"@id":"https:\/\/evertonfc.cz\/index.php\/2018\/08\/22\/joe-williams-talent-ktery-v-budoucnu-muze-nahradit-schneiderlina\/"},"wordCount":617,"commentCount":0,"publisher":{"@id":"https:\/\/evertonfc.cz\/#organization"},"image":{"@id":"https:\/\/evertonfc.cz\/index.php\/2018\/08\/22\/joe-williams-talent-ktery-v-budoucnu-muze-nahradit-schneiderlina\/#primaryimage"},"thumbnailUrl":"https:\/\/evertonfc.cz\/wp-content\/uploads\/2019\/01\/williams_22_8_2018.jpg","articleSection":["Aktuality"],"inLanguage":"cs","potentialAction":[{"@type":"CommentAction","name":"Comment","target":["https:\/\/evertonfc.cz\/index.php\/2018\/08\/22\/joe-williams-talent-ktery-v-budoucnu-muze-nahradit-schneiderlina\/#respond"]}]},{"@type":"WebPage","@id":"https:\/\/evertonfc.cz\/index.php\/2018\/08\/22\/joe-williams-talent-ktery-v-budoucnu-muze-nahradit-schneiderlina\/","url":"https:\/\/evertonfc.cz\/index.php\/2018\/08\/22\/joe-williams-talent-ktery-v-budoucnu-muze-nahradit-schneiderlina\/","name":"Joe Williams \u2013 talent, kter\u00fd v budoucnu m\u016f\u017ee nahradit Schneiderlina - Official Czech &amp; Slovak Everton Supporters&#039; Club","isPartOf":{"@id":"https:\/\/evertonfc.cz\/#website"},"primaryImageOfPage":{"@id":"https:\/\/evertonfc.cz\/index.php\/2018\/08\/22\/joe-williams-talent-ktery-v-budoucnu-muze-nahradit-schneiderlina\/#primaryimage"},"image":{"@id":"https:\/\/evertonfc.cz\/index.php\/2018\/08\/22\/joe-williams-talent-ktery-v-budoucnu-muze-nahradit-schneiderlina\/#primaryimage"},"thumbnailUrl":"https:\/\/evertonfc.cz\/wp-content\/uploads\/2019\/01\/williams_22_8_2018.jpg","datePublished":"2018-08-22T17:23:45+00:00","dateModified":"2019-04-10T08:21:01+00:00","breadcrumb":{"@id":"https:\/\/evertonfc.cz\/index.php\/2018\/08\/22\/joe-williams-talent-ktery-v-budoucnu-muze-nahradit-schneiderlina\/#breadcrumb"},"inLanguage":"cs","potentialAction":[{"@type":"ReadAction","target":["https:\/\/evertonfc.cz\/index.php\/2018\/08\/22\/joe-williams-talent-ktery-v-budoucnu-muze-nahradit-schneiderlina\/"]}]},{"@type":"ImageObject","inLanguage":"cs","@id":"https:\/\/evertonfc.cz\/index.php\/2018\/08\/22\/joe-williams-talent-ktery-v-budoucnu-muze-nahradit-schneiderlina\/#primaryimage","url":"https:\/\/evertonfc.cz\/wp-content\/uploads\/2019\/01\/williams_22_8_2018.jpg","contentUrl":"https:\/\/evertonfc.cz\/wp-content\/uploads\/2019\/01\/williams_22_8_2018.jpg","width":720,"height":405},{"@type":"BreadcrumbList","@id":"https:\/\/evertonfc.cz\/index.php\/2018\/08\/22\/joe-williams-talent-ktery-v-budoucnu-muze-nahradit-schneiderlina\/#breadcrumb","itemListElement":[{"@type":"ListItem","position":1,"name":"Home","item":"https:\/\/evertonfc.cz\/"},{"@type":"ListItem","position":2,"name":"Joe Williams \u2013 talent, kter\u00fd v budoucnu m\u016f\u017ee nahradit Schneiderlina"}]},{"@type":"WebSite","@id":"https:\/\/evertonfc.cz\/#website","url":"https:\/\/evertonfc.cz\/","name":"Official Czech &amp; Slovak Everton Supporters&#039; Club","description":"","publisher":{"@id":"https:\/\/evertonfc.cz\/#organization"},"potentialAction":[{"@type":"SearchAction","target":{"@type":"EntryPoint","urlTemplate":"https:\/\/evertonfc.cz\/?s={search_term_string}"},"query-input":{"@type":"PropertyValueSpecification","valueRequired":true,"valueName":"search_term_string"}}],"inLanguage":"cs"},{"@type":"Organization","@id":"https:\/\/evertonfc.cz\/#organization","name":"Official Czech & Slovak Everton Supporters' Club","url":"https:\/\/evertonfc.cz\/","logo":{"@type":"ImageObject","inLanguage":"cs","@id":"https:\/\/evertonfc.cz\/#\/schema\/logo\/image\/","url":"https:\/\/evertonfc.cz\/wp-content\/uploads\/2019\/05\/logo.png","contentUrl":"https:\/\/evertonfc.cz\/wp-content\/uploads\/2019\/05\/logo.png","width":112,"height":112,"caption":"Official Czech & Slovak Everton Supporters' Club"},"image":{"@id":"https:\/\/evertonfc.cz\/#\/schema\/logo\/image\/"},"sameAs":["https:\/\/www.facebook.com\/everton.fans.cz.sk"]},{"@type":"Person","@id":"https:\/\/evertonfc.cz\/#\/schema\/person\/f7a5daedb2ffee98480bc70e191aaef1","name":"Ri\u010di","sameAs":["https:\/\/x.com\/rbrejsa"],"url":"https:\/\/evertonfc.cz\/index.php\/author\/rici\/"}]}},"_links":{"self":[{"href":"https:\/\/evertonfc.cz\/index.php\/wp-json\/wp\/v2\/posts\/1879"}],"collection":[{"href":"https:\/\/evertonfc.cz\/index.php\/wp-json\/wp\/v2\/posts"}],"about":[{"href":"https:\/\/evertonfc.cz\/index.php\/wp-json\/wp\/v2\/types\/post"}],"author":[{"embeddable":true,"href":"https:\/\/evertonfc.cz\/index.php\/wp-json\/wp\/v2\/users\/6"}],"replies":[{"embeddable":true,"href":"https:\/\/evertonfc.cz\/index.php\/wp-json\/wp\/v2\/comments?post=1879"}],"version-history":[{"count":5,"href":"https:\/\/evertonfc.cz\/index.php\/wp-json\/wp\/v2\/posts\/1879\/revisions"}],"predecessor-version":[{"id":7416,"href":"https:\/\/evertonfc.cz\/index.php\/wp-json\/wp\/v2\/posts\/1879\/revisions\/7416"}],"wp:featuredmedia":[{"embeddable":true,"href":"https:\/\/evertonfc.cz\/index.php\/wp-json\/wp\/v2\/media\/1875"}],"wp:attachment":[{"href":"https:\/\/evertonfc.cz\/index.php\/wp-json\/wp\/v2\/media?parent=1879"}],"wp:term":[{"taxonomy":"category","embeddable":true,"href":"https:\/\/evertonfc.cz\/index.php\/wp-json\/wp\/v2\/categories?post=1879"},{"taxonomy":"post_tag","embeddable":true,"href":"https:\/\/evertonfc.cz\/index.php\/wp-json\/wp\/v2\/tags?post=1879"}],"curies":[{"name":"wp","href":"https:\/\/api.w.org\/{rel}","templated":true}]}}