{"id":1882,"date":"2018-08-24T19:28:53","date_gmt":"2018-08-24T17:28:53","guid":{"rendered":"http:\/\/evertonfc.cz\/?p=1882"},"modified":"2019-01-30T19:48:37","modified_gmt":"2019-01-30T18:48:37","slug":"preview-bournemouth-everton","status":"publish","type":"post","link":"https:\/\/evertonfc.cz\/index.php\/2018\/08\/24\/preview-bournemouth-everton\/","title":{"rendered":"Preview: Bournemouth &#8211; Everton"},"content":{"rendered":"\n<h4 class=\"wp-block-heading\">S kon\u010d\u00edc\u00edm l\u00e9tem by sobotn\u00ed odpoledne v obl\u00edben\u00e9m rekrea\u010dn\u00edm st\u0159edisku na ji\u017en\u00edm pob\u0159e\u017e\u00ed Anglie pot\u011b\u0161ilo. Toffees v\u0161ak necestuj\u00ed do Bournemouthu chytat lelky, n\u00fdbr\u017e potvrdit nad\u011bjn\u00fd vstup do sez\u00f3ny. V nov\u00fdch dresech.<\/h4>\n\n\n\n<p>Rovn\u011b\u017e Cherries si ale u\u017e\u00edvaj\u00ed skv\u011bl\u00fd za\u010d\u00e1tek nov\u00e9ho ro\u010dn\u00edku, ve dvou kolech nasb\u00edrali pln\u00fd po\u010det bod\u016f, kdy\u017e po dom\u00e1c\u00ed v\u00fdh\u0159e nad nov\u00e1\u010dkem z Cardiffu usp\u011bli i v hlavn\u00edm m\u011bst\u011b na p\u016fd\u011b West Hamu. S\u00edla mu\u017estva tkv\u00ed v propracovan\u00e9 sehranosti, mana\u017eer Eddie Howe vede klub (a\u017e na jeden ro\u010dn\u00edk v\u00a0Burnley) ji\u017e t\u00e9m\u011b\u0159 celou dek\u00e1du, b\u011bhem n\u00ed\u017e dok\u00e1zal postoupit z League Two, \u010dtvrt\u00e9 nejvy\u0161\u0161\u00ed anglick\u00e9 sout\u011b\u017ei, a\u017e do Premier League.<\/p>\n\n\n\n<p>Z\u00e1pas slibuje zaj\u00edmavou fotbalovou pod\u00edvanou, jeliko\u017e se st\u0159etnou celky&nbsp;zraniteln\u00e9 v defenziv\u011b a&nbsp;vyzn\u00e1vaj\u00edc\u00ed ofenzivn\u00ed pojet\u00ed fotbalu. Sv\u00fdm stylem se v\u0161ak li\u0161\u00ed. Zat\u00edmco Silva preferuje kombina\u010dn\u00ed hru s v\u011bt\u0161inov\u00fdm dr\u017een\u00edm m\u00ed\u010dem, Howe na\u0161el zal\u00edben\u00ed v&nbsp;p\u0159\u00edmo\u010da\u0159ej\u0161\u00edm stylu zalo\u017een\u00e9m na zdrav\u00e9 agresivit\u011b. \u00dato\u010dn\u00edci Callum Wilson a Joshua King nejsou nikterak vysok\u00e9ho vzr\u016fstu, na h\u0159i\u0161ti ale nevypust\u00ed jedin\u00fd souboj a v Premier League soupe\u0159ov\u00fdm obr\u00e1nc\u016fm ji\u017e nejednou dok\u00e1zali, \u017ee jsou schopni vyu\u017e\u00edt i mal\u00e9 nedokonalosti v br\u00e1n\u011bn\u00ed, kter\u00fdch se Everton v aktu\u00e1ln\u00ed f\u00e1zi taktick\u00e9 transformace asi jen t\u011b\u017eko vyvaruje.<\/p>\n\n\n\n<p>Bournemouth ov\u0161em nen\u00ed jen o Wilsonovi a Kingovi, tady t\u0159eba op\u011bt podtrhnout sehranost mu\u017estva. Nap\u0159\u00edklad o lo\u0148sk\u00e9m triumfu 2:1 nad Evertonem rozhodl tehdy dvoug\u00f3lov\u00fd k\u0159\u00eddeln\u00edk Ryan Fraser.<\/p>\n\n\n\n<p>Cherries postr\u00e1daj\u00ed zran\u011bn\u00e9ho k\u0159\u00eddeln\u00edka Juniora Stanislase. Letn\u00ed posily lev\u00fd obr\u00e1nce Diego Rico (Leganes \u2013 10,7 milionu liber) a defenzivn\u00ed st\u0159edopola\u0159 Jefferson Lerma (Levante \u2013 25 milion\u016f liber) nab\u00edraj\u00ed kondici, v \u00fater\u00fd odehr\u00e1li utk\u00e1n\u00ed za U23 a jejich sobotn\u00ed nasazen\u00ed je re\u00e1ln\u00e9 v \u0159\u00e1dech minut v z\u00e1v\u011bru st\u0159etnut\u00ed. P\u0159edpokl\u00e1d\u00e1 se tak, \u017ee z\u00e1kladn\u00ed sestava Cherries nedozn\u00e1 zm\u011bn:&nbsp;Begovi\u0107 \u2013 Smith, Cook, Ak\u00e9, Daniels&nbsp;\u2013 Brooks, Surman, Gosling, Ryan Fraser&nbsp;\u2013 King&nbsp;\u2013 Wilson.<\/p>\n\n\n\n<p>Everton po poveden\u00e9m a hlavn\u011b v\u00edt\u011bzn\u00e9m utk\u00e1n\u00ed se Southamton plyne na optimistick\u00e9 vln\u011b. Dosavadn\u00ed v\u00fdkony evokuj\u00ed sv\u011btl\u00e9 z\u00edt\u0159ky, a i kdy\u017e minulost nab\u00e1d\u00e1 k&nbsp;ostra\u017eitosti, fanou\u0161ci po strastipln\u00e9 lo\u0148sk\u00e9 sez\u00f3n\u011b t\u011b\u017eko skr\u00fdvaj\u00ed nad\u0161en\u00ed.<\/p>\n\n\n\n<p>Mana\u017eer Silva pro utk\u00e1n\u00ed v&nbsp;Bournemouthu nem\u016f\u017ee vyu\u017e\u00edt sv\u00e9ho kl\u00ed\u010dov\u00e9ho z\u00e1lo\u017en\u00edka Schneiderlina, kter\u00fd si minul\u00fd v\u00edkend poranil sval a do tr\u00e9ninkov\u00e9ho procesu se vr\u00e1t\u00ed jenom na za\u010d\u00e1tku p\u0159\u00ed\u0161t\u00edho t\u00fddne. Francouze s&nbsp;velkou pravd\u011bpodobnost\u00ed nahrad\u00ed mlad\u00fd a energick\u00fd Davies, kter\u00fd sice nab\u00edz\u00ed jin\u00fd fotbalov\u00e9 dovednosti, proti Southamptonu ale uk\u00e1zal, \u017ee spoluhr\u00e1\u010de nenech\u00e1 na holi\u010dk\u00e1ch. Jin\u00e9 zm\u011bny v&nbsp;\u00favodn\u00ed jeden\u00e1ctce by byly p\u0159ekvapiv\u00e9.<\/p>\n\n\n\n<p>Co se t\u00fd\u010de posil, mimo g\u00f3lov\u00e9ho Richarlisona dal\u0161\u00ed novicov\u00e9 dostanou v\u011bt\u0161\u00ed prostor sp\u00ed\u0161e a\u017e ve st\u0159ede\u010dn\u00edm Ligov\u00e9m poh\u00e1ru s&nbsp;Rotherhamem. Nicm\u00e9n\u011b Digneho, Zoumu, a pokud Silva uzn\u00e1 za vhodn\u00e9, tak i Bernarda lze o\u010dek\u00e1vat aspo\u0148 na lavi\u010dce n\u00e1hradn\u00edk\u016f. Debuty zran\u011bn\u00fdch Miny (n\u00e1rt) a Gomese (sval) se odkl\u00e1daj\u00ed a\u017e na z\u00e1pasy po reprezenta\u010dn\u00ed p\u0159est\u00e1vce, t\u00e9 v&nbsp;prvn\u00ed polovin\u011b z\u00e1\u0159\u00ed.<\/p>\n\n\n\n<p>Everton se v&nbsp;Bournemouthu p\u0159edstav\u00ed ve zbrusu nov\u00fdch t\u0159et\u00edch dresech, kter\u00e9 den p\u0159ed utk\u00e1n\u00edm promovali Leighton Baines a Richarlison.<\/p>\n\n\n\n<p><strong>Co:<\/strong>&nbsp;Bournemouth AFC &#8211; Everton FC, 3. kolo Premier League<br><strong>Kdy:<\/strong>&nbsp;25. 08. 2018 od 16:00 SE\u010c<br><strong>Kde:<\/strong>&nbsp;Vitality Stadium, Kings Park Road, Bournemouth (kapacita: 11 360)<br><strong>Rozhod\u010d\u00ed:<\/strong>&nbsp;Lee Probert<\/p>\n","protected":false},"excerpt":{"rendered":"<p>S kon\u010d\u00edc\u00edm l\u00e9tem by sobotn\u00ed odpoledne v obl\u00edben\u00e9m rekrea\u010dn\u00edm st\u0159edisku na ji\u017en\u00edm pob\u0159e\u017e\u00ed Anglie pot\u011b\u0161ilo. Toffees v\u0161ak necestuj\u00ed do Bournemouthu&hellip;<\/p>\n","protected":false},"author":6,"featured_media":1876,"comment_status":"open","ping_status":"closed","sticky":false,"template":"","format":"standard","meta":{"_eb_attr":"","_monsterinsights_skip_tracking":false,"_monsterinsights_sitenote_active":false,"_monsterinsights_sitenote_note":"","_monsterinsights_sitenote_category":0,"footnotes":""},"categories":[4],"tags":[],"yoast_head":"<!-- This site is optimized with the Yoast SEO plugin v23.4 - https:\/\/yoast.com\/wordpress\/plugins\/seo\/ -->\n<title>Preview: Bournemouth - Everton - Official Czech &amp; Slovak Everton Supporters&#039; Club<\/title>\n<meta name=\"robots\" content=\"index, follow, max-snippet:-1, max-image-preview:large, max-video-preview:-1\" \/>\n<link rel=\"canonical\" href=\"https:\/\/evertonfc.cz\/index.php\/2018\/08\/24\/preview-bournemouth-everton\/\" \/>\n<meta property=\"og:locale\" content=\"cs_CZ\" \/>\n<meta property=\"og:type\" content=\"article\" \/>\n<meta property=\"og:title\" content=\"Preview: Bournemouth - Everton - Official Czech &amp; Slovak Everton Supporters&#039; Club\" \/>\n<meta property=\"og:description\" content=\"S kon\u010d\u00edc\u00edm l\u00e9tem by sobotn\u00ed odpoledne v obl\u00edben\u00e9m rekrea\u010dn\u00edm st\u0159edisku na ji\u017en\u00edm pob\u0159e\u017e\u00ed Anglie pot\u011b\u0161ilo. Toffees v\u0161ak necestuj\u00ed do Bournemouthu&hellip;\" \/>\n<meta property=\"og:url\" content=\"https:\/\/evertonfc.cz\/index.php\/2018\/08\/24\/preview-bournemouth-everton\/\" \/>\n<meta property=\"og:site_name\" content=\"Official Czech &amp; Slovak Everton Supporters&#039; Club\" \/>\n<meta property=\"article:publisher\" content=\"https:\/\/www.facebook.com\/everton.fans.cz.sk\" \/>\n<meta property=\"article:published_time\" content=\"2018-08-24T17:28:53+00:00\" \/>\n<meta property=\"article:modified_time\" content=\"2019-01-30T18:48:37+00:00\" \/>\n<meta property=\"og:image\" content=\"https:\/\/evertonfc.cz\/wp-content\/uploads\/2019\/01\/wilson_24_8_2018.jpg\" \/>\n\t<meta property=\"og:image:width\" content=\"720\" \/>\n\t<meta property=\"og:image:height\" content=\"405\" \/>\n\t<meta property=\"og:image:type\" content=\"image\/jpeg\" \/>\n<meta name=\"author\" content=\"Ri\u010di\" \/>\n<meta name=\"twitter:card\" content=\"summary_large_image\" \/>\n<meta name=\"twitter:creator\" content=\"@rbrejsa\" \/>\n<meta name=\"twitter:label1\" content=\"Napsal(a)\" \/>\n\t<meta name=\"twitter:data1\" content=\"Ri\u010di\" \/>\n\t<meta name=\"twitter:label2\" content=\"Odhadovan\u00e1 doba \u010dten\u00ed\" \/>\n\t<meta name=\"twitter:data2\" content=\"3 minuty\" \/>\n<script type=\"application\/ld+json\" class=\"yoast-schema-graph\">{\"@context\":\"https:\/\/schema.org\",\"@graph\":[{\"@type\":\"Article\",\"@id\":\"https:\/\/evertonfc.cz\/index.php\/2018\/08\/24\/preview-bournemouth-everton\/#article\",\"isPartOf\":{\"@id\":\"https:\/\/evertonfc.cz\/index.php\/2018\/08\/24\/preview-bournemouth-everton\/\"},\"author\":{\"name\":\"Ri\u010di\",\"@id\":\"https:\/\/evertonfc.cz\/#\/schema\/person\/f7a5daedb2ffee98480bc70e191aaef1\"},\"headline\":\"Preview: Bournemouth &#8211; Everton\",\"datePublished\":\"2018-08-24T17:28:53+00:00\",\"dateModified\":\"2019-01-30T18:48:37+00:00\",\"mainEntityOfPage\":{\"@id\":\"https:\/\/evertonfc.cz\/index.php\/2018\/08\/24\/preview-bournemouth-everton\/\"},\"wordCount\":681,\"commentCount\":0,\"publisher\":{\"@id\":\"https:\/\/evertonfc.cz\/#organization\"},\"image\":{\"@id\":\"https:\/\/evertonfc.cz\/index.php\/2018\/08\/24\/preview-bournemouth-everton\/#primaryimage\"},\"thumbnailUrl\":\"https:\/\/evertonfc.cz\/wp-content\/uploads\/2019\/01\/wilson_24_8_2018.jpg\",\"articleSection\":[\"Z\u00e1pasy\"],\"inLanguage\":\"cs\",\"potentialAction\":[{\"@type\":\"CommentAction\",\"name\":\"Comment\",\"target\":[\"https:\/\/evertonfc.cz\/index.php\/2018\/08\/24\/preview-bournemouth-everton\/#respond\"]}]},{\"@type\":\"WebPage\",\"@id\":\"https:\/\/evertonfc.cz\/index.php\/2018\/08\/24\/preview-bournemouth-everton\/\",\"url\":\"https:\/\/evertonfc.cz\/index.php\/2018\/08\/24\/preview-bournemouth-everton\/\",\"name\":\"Preview: Bournemouth - Everton - Official Czech &amp; Slovak Everton Supporters&#039; Club\",\"isPartOf\":{\"@id\":\"https:\/\/evertonfc.cz\/#website\"},\"primaryImageOfPage\":{\"@id\":\"https:\/\/evertonfc.cz\/index.php\/2018\/08\/24\/preview-bournemouth-everton\/#primaryimage\"},\"image\":{\"@id\":\"https:\/\/evertonfc.cz\/index.php\/2018\/08\/24\/preview-bournemouth-everton\/#primaryimage\"},\"thumbnailUrl\":\"https:\/\/evertonfc.cz\/wp-content\/uploads\/2019\/01\/wilson_24_8_2018.jpg\",\"datePublished\":\"2018-08-24T17:28:53+00:00\",\"dateModified\":\"2019-01-30T18:48:37+00:00\",\"breadcrumb\":{\"@id\":\"https:\/\/evertonfc.cz\/index.php\/2018\/08\/24\/preview-bournemouth-everton\/#breadcrumb\"},\"inLanguage\":\"cs\",\"potentialAction\":[{\"@type\":\"ReadAction\",\"target\":[\"https:\/\/evertonfc.cz\/index.php\/2018\/08\/24\/preview-bournemouth-everton\/\"]}]},{\"@type\":\"ImageObject\",\"inLanguage\":\"cs\",\"@id\":\"https:\/\/evertonfc.cz\/index.php\/2018\/08\/24\/preview-bournemouth-everton\/#primaryimage\",\"url\":\"https:\/\/evertonfc.cz\/wp-content\/uploads\/2019\/01\/wilson_24_8_2018.jpg\",\"contentUrl\":\"https:\/\/evertonfc.cz\/wp-content\/uploads\/2019\/01\/wilson_24_8_2018.jpg\",\"width\":720,\"height\":405},{\"@type\":\"BreadcrumbList\",\"@id\":\"https:\/\/evertonfc.cz\/index.php\/2018\/08\/24\/preview-bournemouth-everton\/#breadcrumb\",\"itemListElement\":[{\"@type\":\"ListItem\",\"position\":1,\"name\":\"Home\",\"item\":\"https:\/\/evertonfc.cz\/\"},{\"@type\":\"ListItem\",\"position\":2,\"name\":\"Preview: Bournemouth &#8211; Everton\"}]},{\"@type\":\"WebSite\",\"@id\":\"https:\/\/evertonfc.cz\/#website\",\"url\":\"https:\/\/evertonfc.cz\/\",\"name\":\"Official Czech &amp; Slovak Everton Supporters&#039; Club\",\"description\":\"\",\"publisher\":{\"@id\":\"https:\/\/evertonfc.cz\/#organization\"},\"potentialAction\":[{\"@type\":\"SearchAction\",\"target\":{\"@type\":\"EntryPoint\",\"urlTemplate\":\"https:\/\/evertonfc.cz\/?s={search_term_string}\"},\"query-input\":{\"@type\":\"PropertyValueSpecification\",\"valueRequired\":true,\"valueName\":\"search_term_string\"}}],\"inLanguage\":\"cs\"},{\"@type\":\"Organization\",\"@id\":\"https:\/\/evertonfc.cz\/#organization\",\"name\":\"Official Czech & Slovak Everton Supporters' Club\",\"url\":\"https:\/\/evertonfc.cz\/\",\"logo\":{\"@type\":\"ImageObject\",\"inLanguage\":\"cs\",\"@id\":\"https:\/\/evertonfc.cz\/#\/schema\/logo\/image\/\",\"url\":\"https:\/\/evertonfc.cz\/wp-content\/uploads\/2019\/05\/logo.png\",\"contentUrl\":\"https:\/\/evertonfc.cz\/wp-content\/uploads\/2019\/05\/logo.png\",\"width\":112,\"height\":112,\"caption\":\"Official Czech & Slovak Everton Supporters' Club\"},\"image\":{\"@id\":\"https:\/\/evertonfc.cz\/#\/schema\/logo\/image\/\"},\"sameAs\":[\"https:\/\/www.facebook.com\/everton.fans.cz.sk\"]},{\"@type\":\"Person\",\"@id\":\"https:\/\/evertonfc.cz\/#\/schema\/person\/f7a5daedb2ffee98480bc70e191aaef1\",\"name\":\"Ri\u010di\",\"sameAs\":[\"https:\/\/x.com\/rbrejsa\"],\"url\":\"https:\/\/evertonfc.cz\/index.php\/author\/rici\/\"}]}<\/script>\n<!-- \/ Yoast SEO plugin. -->","yoast_head_json":{"title":"Preview: Bournemouth - Everton - Official Czech &amp; Slovak Everton Supporters&#039; Club","robots":{"index":"index","follow":"follow","max-snippet":"max-snippet:-1","max-image-preview":"max-image-preview:large","max-video-preview":"max-video-preview:-1"},"canonical":"https:\/\/evertonfc.cz\/index.php\/2018\/08\/24\/preview-bournemouth-everton\/","og_locale":"cs_CZ","og_type":"article","og_title":"Preview: Bournemouth - Everton - Official Czech &amp; Slovak Everton Supporters&#039; Club","og_description":"S kon\u010d\u00edc\u00edm l\u00e9tem by sobotn\u00ed odpoledne v obl\u00edben\u00e9m rekrea\u010dn\u00edm st\u0159edisku na ji\u017en\u00edm pob\u0159e\u017e\u00ed Anglie pot\u011b\u0161ilo. Toffees v\u0161ak necestuj\u00ed do Bournemouthu&hellip;","og_url":"https:\/\/evertonfc.cz\/index.php\/2018\/08\/24\/preview-bournemouth-everton\/","og_site_name":"Official Czech &amp; Slovak Everton Supporters&#039; Club","article_publisher":"https:\/\/www.facebook.com\/everton.fans.cz.sk","article_published_time":"2018-08-24T17:28:53+00:00","article_modified_time":"2019-01-30T18:48:37+00:00","og_image":[{"width":720,"height":405,"url":"https:\/\/evertonfc.cz\/wp-content\/uploads\/2019\/01\/wilson_24_8_2018.jpg","type":"image\/jpeg"}],"author":"Ri\u010di","twitter_card":"summary_large_image","twitter_creator":"@rbrejsa","twitter_misc":{"Napsal(a)":"Ri\u010di","Odhadovan\u00e1 doba \u010dten\u00ed":"3 minuty"},"schema":{"@context":"https:\/\/schema.org","@graph":[{"@type":"Article","@id":"https:\/\/evertonfc.cz\/index.php\/2018\/08\/24\/preview-bournemouth-everton\/#article","isPartOf":{"@id":"https:\/\/evertonfc.cz\/index.php\/2018\/08\/24\/preview-bournemouth-everton\/"},"author":{"name":"Ri\u010di","@id":"https:\/\/evertonfc.cz\/#\/schema\/person\/f7a5daedb2ffee98480bc70e191aaef1"},"headline":"Preview: Bournemouth &#8211; Everton","datePublished":"2018-08-24T17:28:53+00:00","dateModified":"2019-01-30T18:48:37+00:00","mainEntityOfPage":{"@id":"https:\/\/evertonfc.cz\/index.php\/2018\/08\/24\/preview-bournemouth-everton\/"},"wordCount":681,"commentCount":0,"publisher":{"@id":"https:\/\/evertonfc.cz\/#organization"},"image":{"@id":"https:\/\/evertonfc.cz\/index.php\/2018\/08\/24\/preview-bournemouth-everton\/#primaryimage"},"thumbnailUrl":"https:\/\/evertonfc.cz\/wp-content\/uploads\/2019\/01\/wilson_24_8_2018.jpg","articleSection":["Z\u00e1pasy"],"inLanguage":"cs","potentialAction":[{"@type":"CommentAction","name":"Comment","target":["https:\/\/evertonfc.cz\/index.php\/2018\/08\/24\/preview-bournemouth-everton\/#respond"]}]},{"@type":"WebPage","@id":"https:\/\/evertonfc.cz\/index.php\/2018\/08\/24\/preview-bournemouth-everton\/","url":"https:\/\/evertonfc.cz\/index.php\/2018\/08\/24\/preview-bournemouth-everton\/","name":"Preview: Bournemouth - Everton - Official Czech &amp; Slovak Everton Supporters&#039; Club","isPartOf":{"@id":"https:\/\/evertonfc.cz\/#website"},"primaryImageOfPage":{"@id":"https:\/\/evertonfc.cz\/index.php\/2018\/08\/24\/preview-bournemouth-everton\/#primaryimage"},"image":{"@id":"https:\/\/evertonfc.cz\/index.php\/2018\/08\/24\/preview-bournemouth-everton\/#primaryimage"},"thumbnailUrl":"https:\/\/evertonfc.cz\/wp-content\/uploads\/2019\/01\/wilson_24_8_2018.jpg","datePublished":"2018-08-24T17:28:53+00:00","dateModified":"2019-01-30T18:48:37+00:00","breadcrumb":{"@id":"https:\/\/evertonfc.cz\/index.php\/2018\/08\/24\/preview-bournemouth-everton\/#breadcrumb"},"inLanguage":"cs","potentialAction":[{"@type":"ReadAction","target":["https:\/\/evertonfc.cz\/index.php\/2018\/08\/24\/preview-bournemouth-everton\/"]}]},{"@type":"ImageObject","inLanguage":"cs","@id":"https:\/\/evertonfc.cz\/index.php\/2018\/08\/24\/preview-bournemouth-everton\/#primaryimage","url":"https:\/\/evertonfc.cz\/wp-content\/uploads\/2019\/01\/wilson_24_8_2018.jpg","contentUrl":"https:\/\/evertonfc.cz\/wp-content\/uploads\/2019\/01\/wilson_24_8_2018.jpg","width":720,"height":405},{"@type":"BreadcrumbList","@id":"https:\/\/evertonfc.cz\/index.php\/2018\/08\/24\/preview-bournemouth-everton\/#breadcrumb","itemListElement":[{"@type":"ListItem","position":1,"name":"Home","item":"https:\/\/evertonfc.cz\/"},{"@type":"ListItem","position":2,"name":"Preview: Bournemouth &#8211; Everton"}]},{"@type":"WebSite","@id":"https:\/\/evertonfc.cz\/#website","url":"https:\/\/evertonfc.cz\/","name":"Official Czech &amp; Slovak Everton Supporters&#039; Club","description":"","publisher":{"@id":"https:\/\/evertonfc.cz\/#organization"},"potentialAction":[{"@type":"SearchAction","target":{"@type":"EntryPoint","urlTemplate":"https:\/\/evertonfc.cz\/?s={search_term_string}"},"query-input":{"@type":"PropertyValueSpecification","valueRequired":true,"valueName":"search_term_string"}}],"inLanguage":"cs"},{"@type":"Organization","@id":"https:\/\/evertonfc.cz\/#organization","name":"Official Czech & Slovak Everton Supporters' Club","url":"https:\/\/evertonfc.cz\/","logo":{"@type":"ImageObject","inLanguage":"cs","@id":"https:\/\/evertonfc.cz\/#\/schema\/logo\/image\/","url":"https:\/\/evertonfc.cz\/wp-content\/uploads\/2019\/05\/logo.png","contentUrl":"https:\/\/evertonfc.cz\/wp-content\/uploads\/2019\/05\/logo.png","width":112,"height":112,"caption":"Official Czech & Slovak Everton Supporters' Club"},"image":{"@id":"https:\/\/evertonfc.cz\/#\/schema\/logo\/image\/"},"sameAs":["https:\/\/www.facebook.com\/everton.fans.cz.sk"]},{"@type":"Person","@id":"https:\/\/evertonfc.cz\/#\/schema\/person\/f7a5daedb2ffee98480bc70e191aaef1","name":"Ri\u010di","sameAs":["https:\/\/x.com\/rbrejsa"],"url":"https:\/\/evertonfc.cz\/index.php\/author\/rici\/"}]}},"_links":{"self":[{"href":"https:\/\/evertonfc.cz\/index.php\/wp-json\/wp\/v2\/posts\/1882"}],"collection":[{"href":"https:\/\/evertonfc.cz\/index.php\/wp-json\/wp\/v2\/posts"}],"about":[{"href":"https:\/\/evertonfc.cz\/index.php\/wp-json\/wp\/v2\/types\/post"}],"author":[{"embeddable":true,"href":"https:\/\/evertonfc.cz\/index.php\/wp-json\/wp\/v2\/users\/6"}],"replies":[{"embeddable":true,"href":"https:\/\/evertonfc.cz\/index.php\/wp-json\/wp\/v2\/comments?post=1882"}],"version-history":[{"count":1,"href":"https:\/\/evertonfc.cz\/index.php\/wp-json\/wp\/v2\/posts\/1882\/revisions"}],"predecessor-version":[{"id":1883,"href":"https:\/\/evertonfc.cz\/index.php\/wp-json\/wp\/v2\/posts\/1882\/revisions\/1883"}],"wp:featuredmedia":[{"embeddable":true,"href":"https:\/\/evertonfc.cz\/index.php\/wp-json\/wp\/v2\/media\/1876"}],"wp:attachment":[{"href":"https:\/\/evertonfc.cz\/index.php\/wp-json\/wp\/v2\/media?parent=1882"}],"wp:term":[{"taxonomy":"category","embeddable":true,"href":"https:\/\/evertonfc.cz\/index.php\/wp-json\/wp\/v2\/categories?post=1882"},{"taxonomy":"post_tag","embeddable":true,"href":"https:\/\/evertonfc.cz\/index.php\/wp-json\/wp\/v2\/tags?post=1882"}],"curies":[{"name":"wp","href":"https:\/\/api.w.org\/{rel}","templated":true}]}}