{"id":1884,"date":"2018-08-26T19:31:02","date_gmt":"2018-08-26T17:31:02","guid":{"rendered":"http:\/\/evertonfc.cz\/?p=1884"},"modified":"2019-01-30T19:48:50","modified_gmt":"2019-01-30T18:48:50","slug":"bournemouth-everton-22","status":"publish","type":"post","link":"https:\/\/evertonfc.cz\/index.php\/2018\/08\/26\/bournemouth-everton-22\/","title":{"rendered":"Bournemouth &#8211; Everton 2:2"},"content":{"rendered":"\n<h4 class=\"wp-block-heading\">\u201e<em>Discipl\u00edna mus\u00ed bejt, vy kluc\u00ed pitom\u00ed!<\/em>\u201c&nbsp;Kdy\u017e to v\u00ed nadporu\u010d\u00edk Makovec, tak pro\u010d to nev\u00ed Richarlison (a Jagielka)? A o druh\u00e9 polovin\u011b druh\u00e9ho polo\u010dasu je lep\u0161\u00ed ml\u010det.<\/h4>\n\n\n\n<p>V prvn\u00ed dvacetiminutovce byl Everton m\u00edrn\u011b aktivn\u011bj\u0161\u00ed, ale nevze\u0161ly z toho ani p\u0159\u00edle\u017eitosti, ani \u0161ance. A tak se dom\u00e1c\u00ed m\u00e1lem v 18. minut\u011b ujali veden\u00ed. Fraser na\u0161el na \u00farovni penalty zcela voln\u00e9ho Wilsona, jeho st\u0159ela z prvn\u00ed ale na\u0161t\u011bst\u00ed m\u00ed\u0159ila vysoko nad b\u0159evno. Bournemouth (v z\u00e1kladn\u00ed sestav\u011b s b\u00fdval\u00fdm hr\u00e1\u010dem Evertonu Goslingem) postupem \u010dasu vyrovnal hru, ale z\u00e1pas byl nudn\u00fd. Z jak\u00fdchsi p\u0159\u00edle\u017eitost\u00ed snad stoj\u00ed za zm\u00ednku zakon\u010den\u00ed Ak\u00e9ho po centru Frasera. P\u0159esto ale bylo jedno o\u017eiven\u00ed na konci polo\u010dasu. Takov\u00e9, kter\u00e9 si fandov\u00e9 Evertonu nep\u0159ej\u00ed. Richarlison hlavou \u0161\u0165ouchl do prav\u00e9ho obr\u00e1nce Smithe. Ne\u0161lo ani moc o hlavi\u010dku, sp\u00ed\u0161 jen tak nat\u00e1hl krk, ale beka nepochybn\u011b trefil. Rozhod\u010d\u00ed Probert v\u0161e vid\u011bl &#8211; a Richarlison taky &#8211;&nbsp; \u010dervenou kartu. Everton tak musel odehr\u00e1t zbytek z\u00e1pasu o deseti. Druh\u00e9 vylou\u010den\u00ed ve t\u0159ech ligov\u00fdch z\u00e1pasech, hm, hm.<\/p>\n\n\n\n<p>Jestli\u017ee prvn\u00ed polo\u010das je mo\u017en\u00e9 popsat slovy &#8222;dietn\u00ed&#8220; \u010di &#8222;nez\u00e1\u017eivn\u00fd&#8220;, tak druh\u00e1 p\u016fle byla prav\u00fd opak. V\u00fdsledkem \u00favodn\u00edho minitlaku dom\u00e1c\u00edch byla \u017elut\u00e1 kartapro Sigurdssona. Pot\u00e9 se ji\u017e m\u011bnilo sk\u00f3re. Tosun p\u0159ihr\u00e1l Walcottovi, ten udr\u017eel m\u00ed\u010d proti dvojici obr\u00e1nc\u016f a se zakon\u010den\u00edm se nep\u00e1ral, zkr\u00e1tka Begovi\u0107e v brance prop\u00e1lil &#8211;&nbsp;<strong>0:1!&nbsp;<\/strong>A odchovanec nedalek\u00e9ho Southamptonu pokra\u010doval ve skv\u011bl\u00e9m v\u00fdkonu. Kdy\u017e o n\u011bkolik minut pozd\u011bji p\u0159edb\u011bhl v souboji o m\u00ed\u010d Smithe, tak si vynutil na dom\u00e1c\u00edm obr\u00e1nci zata\u017een\u00ed za ru\u010dn\u00ed brzdu, resp. za sv\u00e9 lev\u00e9 rameno. I zde sud\u00ed nev\u00e1hal s vyt\u00e1hnut\u00edm \u010derven\u00e9ho kart\u00f3nku. Walcott sice nem\u011bl m\u00ed\u010d pod kontrolou, ale Smith byl posledn\u00ed obr\u00e1nce, \u010derven\u00e1 sp\u00ed\u0161e ano ne\u017e ne.<\/p>\n\n\n\n<p>Kdy\u017e Everton vyrovnal po\u010det hr\u00e1\u010d\u016f na h\u0159i\u0161ti, tak ho napadlo, \u017ee by byl dobr\u00fd n\u00e1pad zv\u00fd\u0161it n\u00e1skok. A jak \u0159ekl, tak ud\u011blal. Centr zprava na\u0161el hlavu Keana, ten d\u016fraznou hlavi\u010dkou sk\u00f3roval &#8211;&nbsp;<strong>0:2!&nbsp;<\/strong>Z\u00e1krok se nepovedl Begovi\u0107ovi, hlavi\u010dka p\u0159\u00edmo doprost\u0159ed. Ale i j\u00e1 jsem si po tomhle \u0159\u00edkal, \u017ee te\u010f sice budeme br\u00e1nit, ale p\u0159esto bychom si t\u0159i body m\u011bli odv\u00e9zt. Naivn\u00ed to Javor.<\/p>\n\n\n\n<p>Tlak dom\u00e1c\u00edch odstartoval velkou \u0161anc\u00ed Wilson, ale Holgate a Pickford zvl\u00e1dli zamezit g\u00f3lu. To se nepovedlo v 75. minut\u011b. Bainese napadlo, \u017ee je dobr\u00fd n\u00e1pad strkat do soupe\u0159ov\u00fdch zad ve vlastn\u00edm velk\u00e9m v\u00e1pn\u011b. Probert uk\u00e1zal na punt\u00edk. M\u00ed\u010d si vzal King a razantn\u00ed st\u0159elou k lev\u00e9 ty\u010di sn\u00ed\u017eil &#8211;&nbsp;<strong>1:2.&nbsp;<\/strong>Cherries za\u010dali p\u0159ikl\u00e1dat pod kotel ve snaze o vyrovn\u00e1n\u00ed. A poda\u0159ilo se to t\u00e9m\u011b\u0159 okam\u017eit\u011b. Roh st\u0159\u00eddaj\u00edc\u00edho Ibeho poslal dom\u00e1c\u00ed hr\u00e1\u010d do ty\u010de, m\u00ed\u010d se dostal t\u00e9m\u011b\u0159 na kopa\u010dku Ak\u00e9mu. A ten opravdu nem\u011bl probl\u00e9m ho vr\u00e1tit do branky &#8211;&nbsp;<strong>2:2.&nbsp;<\/strong>Zajistit mohl dom\u00e1c\u00edm v\u00edt\u011bzstv\u00ed Wilson, ale ten si zjevn\u011b neobul strelky. Gosling m\u00ed\u0159il nad, stejn\u011b jako posledn\u00ed st\u0159elou z\u00e1pasu Sigurdsson. P\u0159esto se ale je\u0161t\u011b stala jedna nemil\u00e1 v\u011bc. Hlavami se srazili v souboji o m\u00ed\u010d Keane a Gana. Stoper musel st\u0159\u00eddat a vy\u0161et\u0159en\u00ed v nemocnici odhalilo vlasovou zlomeninu lebky. Nebude k dispozici m\u011bs\u00edc.<strong>Branky:<\/strong>&nbsp;75. King z penalty, 79. Ak\u00e9 \u2013 56. Walcott, 66. Keane<\/p>\n\n\n\n<p><strong>AFC Bournemouth:<\/strong>&nbsp;Begovi\u0107 \u2013 Smith, S. Cook, Ak\u00e9, Daniels \u2013 Brooks (64. Ibe), Gosling, Surman (76. L. Cook), Fraser \u2013 Wilson, King (90+12. Mousset)<\/p>\n\n\n\n<p><strong>Everton FC:<\/strong>&nbsp;Pickford \u2013 Coleman, Holgate, Keane (90+6. Zouma), Baines \u2013 Davies, Gana \u2013 Walcott (85. Bernard), Sigurdsson, Richarlison \u2013 Tosun (84. Calvert-Lewin)<\/p>\n\n\n\n<p><strong>Karty:<\/strong>&nbsp;\u017dK: 55. G. Sigurdsson, 70. Tosun, 81. Gana, \u010cK: 61. Smith \u2013 41. Richarlison<\/p>\n\n\n\n<p><strong>Rozhod\u010d\u00ed:<\/strong>&nbsp;Lee Probert<\/p>\n\n\n\n<p><strong>Div\u00e1ci:&nbsp;<\/strong>10 654<br><\/p>\n","protected":false},"excerpt":{"rendered":"<p>\u201eDiscipl\u00edna mus\u00ed bejt, vy kluc\u00ed pitom\u00ed!\u201c&nbsp;Kdy\u017e to v\u00ed nadporu\u010d\u00edk Makovec, tak pro\u010d to nev\u00ed Richarlison (a Jagielka)? A o druh\u00e9&hellip;<\/p>\n","protected":false},"author":12,"featured_media":1865,"comment_status":"open","ping_status":"closed","sticky":false,"template":"","format":"standard","meta":{"_eb_attr":"","_monsterinsights_skip_tracking":false,"_monsterinsights_sitenote_active":false,"_monsterinsights_sitenote_note":"","_monsterinsights_sitenote_category":0,"footnotes":""},"categories":[4],"tags":[],"yoast_head":"<!-- This site is optimized with the Yoast SEO plugin v23.4 - https:\/\/yoast.com\/wordpress\/plugins\/seo\/ -->\n<title>Bournemouth - Everton 2:2 - Official Czech &amp; Slovak Everton Supporters&#039; Club<\/title>\n<meta name=\"robots\" content=\"index, follow, max-snippet:-1, max-image-preview:large, max-video-preview:-1\" \/>\n<link rel=\"canonical\" href=\"https:\/\/evertonfc.cz\/index.php\/2018\/08\/26\/bournemouth-everton-22\/\" \/>\n<meta property=\"og:locale\" content=\"cs_CZ\" \/>\n<meta property=\"og:type\" content=\"article\" \/>\n<meta property=\"og:title\" content=\"Bournemouth - Everton 2:2 - Official Czech &amp; Slovak Everton Supporters&#039; Club\" \/>\n<meta property=\"og:description\" content=\"\u201eDiscipl\u00edna mus\u00ed bejt, vy kluc\u00ed pitom\u00ed!\u201c&nbsp;Kdy\u017e to v\u00ed nadporu\u010d\u00edk Makovec, tak pro\u010d to nev\u00ed Richarlison (a Jagielka)? A o druh\u00e9&hellip;\" \/>\n<meta property=\"og:url\" content=\"https:\/\/evertonfc.cz\/index.php\/2018\/08\/26\/bournemouth-everton-22\/\" \/>\n<meta property=\"og:site_name\" content=\"Official Czech &amp; Slovak Everton Supporters&#039; Club\" \/>\n<meta property=\"article:publisher\" content=\"https:\/\/www.facebook.com\/everton.fans.cz.sk\" \/>\n<meta property=\"article:published_time\" content=\"2018-08-26T17:31:02+00:00\" \/>\n<meta property=\"article:modified_time\" content=\"2019-01-30T18:48:50+00:00\" \/>\n<meta property=\"og:image\" content=\"https:\/\/evertonfc.cz\/wp-content\/uploads\/2019\/01\/bornemouth_27_8_2018.jpg\" \/>\n\t<meta property=\"og:image:width\" content=\"720\" \/>\n\t<meta property=\"og:image:height\" content=\"405\" \/>\n\t<meta property=\"og:image:type\" content=\"image\/jpeg\" \/>\n<meta name=\"author\" content=\"Javor\" \/>\n<meta name=\"twitter:card\" content=\"summary_large_image\" \/>\n<meta name=\"twitter:creator\" content=\"@LoudinJan\" \/>\n<meta name=\"twitter:label1\" content=\"Napsal(a)\" \/>\n\t<meta name=\"twitter:data1\" content=\"Javor\" \/>\n\t<meta name=\"twitter:label2\" content=\"Odhadovan\u00e1 doba \u010dten\u00ed\" \/>\n\t<meta name=\"twitter:data2\" content=\"4 minuty\" \/>\n<script type=\"application\/ld+json\" class=\"yoast-schema-graph\">{\"@context\":\"https:\/\/schema.org\",\"@graph\":[{\"@type\":\"Article\",\"@id\":\"https:\/\/evertonfc.cz\/index.php\/2018\/08\/26\/bournemouth-everton-22\/#article\",\"isPartOf\":{\"@id\":\"https:\/\/evertonfc.cz\/index.php\/2018\/08\/26\/bournemouth-everton-22\/\"},\"author\":{\"name\":\"Javor\",\"@id\":\"https:\/\/evertonfc.cz\/#\/schema\/person\/b30daf6a5852f4811f8207a17ec1bf78\"},\"headline\":\"Bournemouth &#8211; Everton 2:2\",\"datePublished\":\"2018-08-26T17:31:02+00:00\",\"dateModified\":\"2019-01-30T18:48:50+00:00\",\"mainEntityOfPage\":{\"@id\":\"https:\/\/evertonfc.cz\/index.php\/2018\/08\/26\/bournemouth-everton-22\/\"},\"wordCount\":704,\"commentCount\":0,\"publisher\":{\"@id\":\"https:\/\/evertonfc.cz\/#organization\"},\"image\":{\"@id\":\"https:\/\/evertonfc.cz\/index.php\/2018\/08\/26\/bournemouth-everton-22\/#primaryimage\"},\"thumbnailUrl\":\"https:\/\/evertonfc.cz\/wp-content\/uploads\/2019\/01\/bornemouth_27_8_2018.jpg\",\"articleSection\":[\"Z\u00e1pasy\"],\"inLanguage\":\"cs\",\"potentialAction\":[{\"@type\":\"CommentAction\",\"name\":\"Comment\",\"target\":[\"https:\/\/evertonfc.cz\/index.php\/2018\/08\/26\/bournemouth-everton-22\/#respond\"]}]},{\"@type\":\"WebPage\",\"@id\":\"https:\/\/evertonfc.cz\/index.php\/2018\/08\/26\/bournemouth-everton-22\/\",\"url\":\"https:\/\/evertonfc.cz\/index.php\/2018\/08\/26\/bournemouth-everton-22\/\",\"name\":\"Bournemouth - Everton 2:2 - Official Czech &amp; Slovak Everton Supporters&#039; Club\",\"isPartOf\":{\"@id\":\"https:\/\/evertonfc.cz\/#website\"},\"primaryImageOfPage\":{\"@id\":\"https:\/\/evertonfc.cz\/index.php\/2018\/08\/26\/bournemouth-everton-22\/#primaryimage\"},\"image\":{\"@id\":\"https:\/\/evertonfc.cz\/index.php\/2018\/08\/26\/bournemouth-everton-22\/#primaryimage\"},\"thumbnailUrl\":\"https:\/\/evertonfc.cz\/wp-content\/uploads\/2019\/01\/bornemouth_27_8_2018.jpg\",\"datePublished\":\"2018-08-26T17:31:02+00:00\",\"dateModified\":\"2019-01-30T18:48:50+00:00\",\"breadcrumb\":{\"@id\":\"https:\/\/evertonfc.cz\/index.php\/2018\/08\/26\/bournemouth-everton-22\/#breadcrumb\"},\"inLanguage\":\"cs\",\"potentialAction\":[{\"@type\":\"ReadAction\",\"target\":[\"https:\/\/evertonfc.cz\/index.php\/2018\/08\/26\/bournemouth-everton-22\/\"]}]},{\"@type\":\"ImageObject\",\"inLanguage\":\"cs\",\"@id\":\"https:\/\/evertonfc.cz\/index.php\/2018\/08\/26\/bournemouth-everton-22\/#primaryimage\",\"url\":\"https:\/\/evertonfc.cz\/wp-content\/uploads\/2019\/01\/bornemouth_27_8_2018.jpg\",\"contentUrl\":\"https:\/\/evertonfc.cz\/wp-content\/uploads\/2019\/01\/bornemouth_27_8_2018.jpg\",\"width\":720,\"height\":405},{\"@type\":\"BreadcrumbList\",\"@id\":\"https:\/\/evertonfc.cz\/index.php\/2018\/08\/26\/bournemouth-everton-22\/#breadcrumb\",\"itemListElement\":[{\"@type\":\"ListItem\",\"position\":1,\"name\":\"Home\",\"item\":\"https:\/\/evertonfc.cz\/\"},{\"@type\":\"ListItem\",\"position\":2,\"name\":\"Bournemouth &#8211; Everton 2:2\"}]},{\"@type\":\"WebSite\",\"@id\":\"https:\/\/evertonfc.cz\/#website\",\"url\":\"https:\/\/evertonfc.cz\/\",\"name\":\"Official Czech &amp; Slovak Everton Supporters&#039; Club\",\"description\":\"\",\"publisher\":{\"@id\":\"https:\/\/evertonfc.cz\/#organization\"},\"potentialAction\":[{\"@type\":\"SearchAction\",\"target\":{\"@type\":\"EntryPoint\",\"urlTemplate\":\"https:\/\/evertonfc.cz\/?s={search_term_string}\"},\"query-input\":{\"@type\":\"PropertyValueSpecification\",\"valueRequired\":true,\"valueName\":\"search_term_string\"}}],\"inLanguage\":\"cs\"},{\"@type\":\"Organization\",\"@id\":\"https:\/\/evertonfc.cz\/#organization\",\"name\":\"Official Czech & Slovak Everton Supporters' Club\",\"url\":\"https:\/\/evertonfc.cz\/\",\"logo\":{\"@type\":\"ImageObject\",\"inLanguage\":\"cs\",\"@id\":\"https:\/\/evertonfc.cz\/#\/schema\/logo\/image\/\",\"url\":\"https:\/\/evertonfc.cz\/wp-content\/uploads\/2019\/05\/logo.png\",\"contentUrl\":\"https:\/\/evertonfc.cz\/wp-content\/uploads\/2019\/05\/logo.png\",\"width\":112,\"height\":112,\"caption\":\"Official Czech & Slovak Everton Supporters' Club\"},\"image\":{\"@id\":\"https:\/\/evertonfc.cz\/#\/schema\/logo\/image\/\"},\"sameAs\":[\"https:\/\/www.facebook.com\/everton.fans.cz.sk\"]},{\"@type\":\"Person\",\"@id\":\"https:\/\/evertonfc.cz\/#\/schema\/person\/b30daf6a5852f4811f8207a17ec1bf78\",\"name\":\"Javor\",\"sameAs\":[\"https:\/\/x.com\/LoudinJan\"],\"url\":\"https:\/\/evertonfc.cz\/index.php\/author\/javor\/\"}]}<\/script>\n<!-- \/ Yoast SEO plugin. -->","yoast_head_json":{"title":"Bournemouth - Everton 2:2 - Official Czech &amp; Slovak Everton Supporters&#039; Club","robots":{"index":"index","follow":"follow","max-snippet":"max-snippet:-1","max-image-preview":"max-image-preview:large","max-video-preview":"max-video-preview:-1"},"canonical":"https:\/\/evertonfc.cz\/index.php\/2018\/08\/26\/bournemouth-everton-22\/","og_locale":"cs_CZ","og_type":"article","og_title":"Bournemouth - Everton 2:2 - Official Czech &amp; Slovak Everton Supporters&#039; Club","og_description":"\u201eDiscipl\u00edna mus\u00ed bejt, vy kluc\u00ed pitom\u00ed!\u201c&nbsp;Kdy\u017e to v\u00ed nadporu\u010d\u00edk Makovec, tak pro\u010d to nev\u00ed Richarlison (a Jagielka)? A o druh\u00e9&hellip;","og_url":"https:\/\/evertonfc.cz\/index.php\/2018\/08\/26\/bournemouth-everton-22\/","og_site_name":"Official Czech &amp; Slovak Everton Supporters&#039; Club","article_publisher":"https:\/\/www.facebook.com\/everton.fans.cz.sk","article_published_time":"2018-08-26T17:31:02+00:00","article_modified_time":"2019-01-30T18:48:50+00:00","og_image":[{"width":720,"height":405,"url":"https:\/\/evertonfc.cz\/wp-content\/uploads\/2019\/01\/bornemouth_27_8_2018.jpg","type":"image\/jpeg"}],"author":"Javor","twitter_card":"summary_large_image","twitter_creator":"@LoudinJan","twitter_misc":{"Napsal(a)":"Javor","Odhadovan\u00e1 doba \u010dten\u00ed":"4 minuty"},"schema":{"@context":"https:\/\/schema.org","@graph":[{"@type":"Article","@id":"https:\/\/evertonfc.cz\/index.php\/2018\/08\/26\/bournemouth-everton-22\/#article","isPartOf":{"@id":"https:\/\/evertonfc.cz\/index.php\/2018\/08\/26\/bournemouth-everton-22\/"},"author":{"name":"Javor","@id":"https:\/\/evertonfc.cz\/#\/schema\/person\/b30daf6a5852f4811f8207a17ec1bf78"},"headline":"Bournemouth &#8211; Everton 2:2","datePublished":"2018-08-26T17:31:02+00:00","dateModified":"2019-01-30T18:48:50+00:00","mainEntityOfPage":{"@id":"https:\/\/evertonfc.cz\/index.php\/2018\/08\/26\/bournemouth-everton-22\/"},"wordCount":704,"commentCount":0,"publisher":{"@id":"https:\/\/evertonfc.cz\/#organization"},"image":{"@id":"https:\/\/evertonfc.cz\/index.php\/2018\/08\/26\/bournemouth-everton-22\/#primaryimage"},"thumbnailUrl":"https:\/\/evertonfc.cz\/wp-content\/uploads\/2019\/01\/bornemouth_27_8_2018.jpg","articleSection":["Z\u00e1pasy"],"inLanguage":"cs","potentialAction":[{"@type":"CommentAction","name":"Comment","target":["https:\/\/evertonfc.cz\/index.php\/2018\/08\/26\/bournemouth-everton-22\/#respond"]}]},{"@type":"WebPage","@id":"https:\/\/evertonfc.cz\/index.php\/2018\/08\/26\/bournemouth-everton-22\/","url":"https:\/\/evertonfc.cz\/index.php\/2018\/08\/26\/bournemouth-everton-22\/","name":"Bournemouth - Everton 2:2 - Official Czech &amp; Slovak Everton Supporters&#039; Club","isPartOf":{"@id":"https:\/\/evertonfc.cz\/#website"},"primaryImageOfPage":{"@id":"https:\/\/evertonfc.cz\/index.php\/2018\/08\/26\/bournemouth-everton-22\/#primaryimage"},"image":{"@id":"https:\/\/evertonfc.cz\/index.php\/2018\/08\/26\/bournemouth-everton-22\/#primaryimage"},"thumbnailUrl":"https:\/\/evertonfc.cz\/wp-content\/uploads\/2019\/01\/bornemouth_27_8_2018.jpg","datePublished":"2018-08-26T17:31:02+00:00","dateModified":"2019-01-30T18:48:50+00:00","breadcrumb":{"@id":"https:\/\/evertonfc.cz\/index.php\/2018\/08\/26\/bournemouth-everton-22\/#breadcrumb"},"inLanguage":"cs","potentialAction":[{"@type":"ReadAction","target":["https:\/\/evertonfc.cz\/index.php\/2018\/08\/26\/bournemouth-everton-22\/"]}]},{"@type":"ImageObject","inLanguage":"cs","@id":"https:\/\/evertonfc.cz\/index.php\/2018\/08\/26\/bournemouth-everton-22\/#primaryimage","url":"https:\/\/evertonfc.cz\/wp-content\/uploads\/2019\/01\/bornemouth_27_8_2018.jpg","contentUrl":"https:\/\/evertonfc.cz\/wp-content\/uploads\/2019\/01\/bornemouth_27_8_2018.jpg","width":720,"height":405},{"@type":"BreadcrumbList","@id":"https:\/\/evertonfc.cz\/index.php\/2018\/08\/26\/bournemouth-everton-22\/#breadcrumb","itemListElement":[{"@type":"ListItem","position":1,"name":"Home","item":"https:\/\/evertonfc.cz\/"},{"@type":"ListItem","position":2,"name":"Bournemouth &#8211; Everton 2:2"}]},{"@type":"WebSite","@id":"https:\/\/evertonfc.cz\/#website","url":"https:\/\/evertonfc.cz\/","name":"Official Czech &amp; Slovak Everton Supporters&#039; Club","description":"","publisher":{"@id":"https:\/\/evertonfc.cz\/#organization"},"potentialAction":[{"@type":"SearchAction","target":{"@type":"EntryPoint","urlTemplate":"https:\/\/evertonfc.cz\/?s={search_term_string}"},"query-input":{"@type":"PropertyValueSpecification","valueRequired":true,"valueName":"search_term_string"}}],"inLanguage":"cs"},{"@type":"Organization","@id":"https:\/\/evertonfc.cz\/#organization","name":"Official Czech & Slovak Everton Supporters' Club","url":"https:\/\/evertonfc.cz\/","logo":{"@type":"ImageObject","inLanguage":"cs","@id":"https:\/\/evertonfc.cz\/#\/schema\/logo\/image\/","url":"https:\/\/evertonfc.cz\/wp-content\/uploads\/2019\/05\/logo.png","contentUrl":"https:\/\/evertonfc.cz\/wp-content\/uploads\/2019\/05\/logo.png","width":112,"height":112,"caption":"Official Czech & Slovak Everton Supporters' Club"},"image":{"@id":"https:\/\/evertonfc.cz\/#\/schema\/logo\/image\/"},"sameAs":["https:\/\/www.facebook.com\/everton.fans.cz.sk"]},{"@type":"Person","@id":"https:\/\/evertonfc.cz\/#\/schema\/person\/b30daf6a5852f4811f8207a17ec1bf78","name":"Javor","sameAs":["https:\/\/x.com\/LoudinJan"],"url":"https:\/\/evertonfc.cz\/index.php\/author\/javor\/"}]}},"_links":{"self":[{"href":"https:\/\/evertonfc.cz\/index.php\/wp-json\/wp\/v2\/posts\/1884"}],"collection":[{"href":"https:\/\/evertonfc.cz\/index.php\/wp-json\/wp\/v2\/posts"}],"about":[{"href":"https:\/\/evertonfc.cz\/index.php\/wp-json\/wp\/v2\/types\/post"}],"author":[{"embeddable":true,"href":"https:\/\/evertonfc.cz\/index.php\/wp-json\/wp\/v2\/users\/12"}],"replies":[{"embeddable":true,"href":"https:\/\/evertonfc.cz\/index.php\/wp-json\/wp\/v2\/comments?post=1884"}],"version-history":[{"count":2,"href":"https:\/\/evertonfc.cz\/index.php\/wp-json\/wp\/v2\/posts\/1884\/revisions"}],"predecessor-version":[{"id":1888,"href":"https:\/\/evertonfc.cz\/index.php\/wp-json\/wp\/v2\/posts\/1884\/revisions\/1888"}],"wp:featuredmedia":[{"embeddable":true,"href":"https:\/\/evertonfc.cz\/index.php\/wp-json\/wp\/v2\/media\/1865"}],"wp:attachment":[{"href":"https:\/\/evertonfc.cz\/index.php\/wp-json\/wp\/v2\/media?parent=1884"}],"wp:term":[{"taxonomy":"category","embeddable":true,"href":"https:\/\/evertonfc.cz\/index.php\/wp-json\/wp\/v2\/categories?post=1884"},{"taxonomy":"post_tag","embeddable":true,"href":"https:\/\/evertonfc.cz\/index.php\/wp-json\/wp\/v2\/tags?post=1884"}],"curies":[{"name":"wp","href":"https:\/\/api.w.org\/{rel}","templated":true}]}}