{"id":1889,"date":"2018-08-30T19:37:14","date_gmt":"2018-08-30T17:37:14","guid":{"rendered":"http:\/\/evertonfc.cz\/?p=1889"},"modified":"2019-01-30T19:49:06","modified_gmt":"2019-01-30T18:49:06","slug":"everton-rotherham-united-31","status":"publish","type":"post","link":"https:\/\/evertonfc.cz\/index.php\/2018\/08\/30\/everton-rotherham-united-31\/","title":{"rendered":"Everton &#8211; Rotherham United 3:1"},"content":{"rendered":"\n<h4 class=\"wp-block-heading\">\n\nIgnor\u00e1cia druhej dom\u00e1cej poh\u00e1rovej s\u00fa\u0165a\u017ee telev\u00edznymi spolo\u010dnos\u0165ami na prest\u00ed\u017e\u00ed nikomu neprid\u00e1, predsa sa s n\u00edzkou popularitou ni\u010d nerob\u00ed. \u010co na to Evertonians? 31 972.<\/h4>\n\n\n\n<p>Ligov\u00fd poh\u00e1r sa v Anglicku hr\u00e1 od za\u010diatku \u0161es\u0165desiatych rokov minul\u00e9ho storo\u010dia, a jeho vznik zapr\u00ed\u010dinila st\u00fapaj\u00faca popularita eur\u00f3pskeho futbalu a nezmyseln\u00e1 vojna EFL a samotnej Futbalovej Asoci\u00e1cie. Av\u0161ak ani po rokoch sa neschy\u013euje k vyrovnaniu s\u00edl a tak pre niekoho nev\u00fdznamn\u00e1 trofej st\u00e1le ost\u00e1va len n\u00e1plas\u0165ou pokazenej sez\u00f3ny, \u010di jedinou \u0161ancou na \u00fa\u010das\u0165 v kontinent\u00e1lnej s\u00fa\u0165a\u017ei. Op\u00e4\u0165 ot\u00e1zka, \u010do na to Evertonians? Trofej&#8230; Trofej&#8230; Trofej&#8230;<\/p>\n\n\n\n<p>Pred z\u00e1pasom \u0161irok\u00e9 spektrum fan\u00fa\u0161ikov, spolo\u010dne so mnou, muselo \u010deli\u0165 prudk\u00e9mu augustov\u00e9mu prefackaniu. Zranenia toti\u017e nechodili po hor\u00e1ch, ale zav\u00edtali na Finch Farm. \u017de ak\u00e9? Podvrtnut\u00e9 a spuchnut\u00e9 koleno Gueyeho, natiahnut\u00e9 triesla Lookmana, Gomesov znova bo\u013eav\u00fd hamstring, nov\u00e9 svalov\u00e9 zranenie Bernarda a akoby to nesta\u010dilo, Jags si po odpykan\u00ed trestu odpo\u010dinie e\u0161te \u010fal\u0161ie tri t\u00fd\u017edne. Kolenn\u00e1 chrupavka toti\u017e v jeho veku dost\u00e1va zabra\u0165. Zostava n\u00e1m teda nabrala experiment\u00e1lny rozmer a v z\u00e1lohe sa ako najmlad\u0161\u00ed kapit\u00e1n Evertonu v hist\u00f3rii predstavil Tom Davies, po boku Kierana Dowella. Hmm, spom\u00ednal niekto, \u017ee sme sa u\u017e desa\u0165 sez\u00f3n nedostali cez \u0161tvrt\u00e9 kolo? Toto bolo druh\u00e9&#8230;<\/p>\n\n\n\n<p>Obavy v\u0161ak neboli na mieste, Everton bol jasn\u00fd favorit a pod\u013ea toho sa aj na ihrisku spr\u00e1val, aj napriek \u00f4smym zmen\u00e1m v z\u00e1kladnej zostave. Prv\u00fd g\u00f3l padol po ute\u0161enej kr\u00ed\u017enej strele Sandra, ktor\u00fa do br\u00e1ny v sklze prepas\u00edroval Sigurdsson po takmer polhodine hry. Po rovnej hodine vedenie pois\u0165oval DCL. Islan\u010fanovej nepodarenej \u0161tandardky do m\u00faru sa zmocnil Digne a padav\u00fdm centrom na\u0161iel hlavu ml\u00e1de\u017en\u00edckeho reprezentanta Anglicka na vzdialenej\u0161ej \u017erdi. Hostia sa v z\u00e1vere vzchopili na g\u00f3lov\u00fa odpove\u010f tri min\u00faty pred koncom, a ako inak, Everton im to umo\u017enil pri rohovom kope, kedy Vaulks dok\u00e1zal predsko\u010di\u0165 ka\u017ed\u00e9ho v modrom. Dr\u00e1ma? Kde\u017ee. Vo\u013en\u00fd DCL dostal vynikaj\u00facu prihr\u00e1vku po vynesen\u00ed Daviesa, zasekol obrancu a profesion\u00e1lne zakon\u010dil obstrelom prava\u010dkou.<\/p>\n\n\n\n<p><strong>G\u00f3ly:&nbsp;<\/strong>28\u00b4 Sigurdsson (Sandro), 61\u00b4 Calvert-Lewin (Digne), 86\u00b4 Vaulks, 87\u00b4 Calvert-Lewin (Davies)<\/p>\n\n\n\n<p><strong>\u017dlt\u00e9 karty:<\/strong>52\u00b4 Digne<\/p>\n\n\n\n<p><strong>Rotherham United&nbsp;<\/strong><strong>FC:&nbsp;<\/strong>Price\u2013 Vyner, Robertson, Raggett, Ajayi, Forde, Palmer, Ball (61\u00b4Vassell), Wiles (46\u00b4Vaulks), Newell (72\u00b4Taylor), Proctor<\/p>\n\n\n\n<p><strong>Everton FC:&nbsp;<\/strong><strong>Stekelenburg<\/strong>&nbsp;\u2013 Kenny, Holgate, Zouma, Digne, Sandro (86\u00b4Schneiderlin), Davies, Dowell, Sigurdsson (66\u00b4Walcott), Calvert-Lewin, Niasse (73\u00b4Tosun)<\/p>\n\n\n\n<p><strong>Rozhodca:&nbsp;<\/strong>Graham Scott<\/p>\n\n\n\n<p><strong>Po\u010det div\u00e1kov:<\/strong>&nbsp;31 972, Goodison Park (Liverpool)<\/p>\n","protected":false},"excerpt":{"rendered":"<p>Ignor\u00e1cia druhej dom\u00e1cej poh\u00e1rovej s\u00fa\u0165a\u017ee telev\u00edznymi spolo\u010dnos\u0165ami na prest\u00ed\u017e\u00ed nikomu neprid\u00e1, predsa sa s n\u00edzkou popularitou ni\u010d nerob\u00ed. \u010co na&hellip;<\/p>\n","protected":false},"author":1,"featured_media":1878,"comment_status":"open","ping_status":"closed","sticky":false,"template":"","format":"standard","meta":{"_eb_attr":"","_monsterinsights_skip_tracking":false,"_monsterinsights_sitenote_active":false,"_monsterinsights_sitenote_note":"","_monsterinsights_sitenote_category":0,"footnotes":""},"categories":[4],"tags":[],"yoast_head":"<!-- This site is optimized with the Yoast SEO plugin v23.4 - https:\/\/yoast.com\/wordpress\/plugins\/seo\/ -->\n<title>Everton - Rotherham United 3:1 - Official Czech &amp; Slovak Everton Supporters&#039; Club<\/title>\n<meta name=\"robots\" content=\"index, follow, max-snippet:-1, max-image-preview:large, max-video-preview:-1\" \/>\n<link rel=\"canonical\" href=\"https:\/\/evertonfc.cz\/index.php\/2018\/08\/30\/everton-rotherham-united-31\/\" \/>\n<meta property=\"og:locale\" content=\"cs_CZ\" \/>\n<meta property=\"og:type\" content=\"article\" \/>\n<meta property=\"og:title\" content=\"Everton - Rotherham United 3:1 - Official Czech &amp; Slovak Everton Supporters&#039; Club\" \/>\n<meta property=\"og:description\" content=\"Ignor\u00e1cia druhej dom\u00e1cej poh\u00e1rovej s\u00fa\u0165a\u017ee telev\u00edznymi spolo\u010dnos\u0165ami na prest\u00ed\u017e\u00ed nikomu neprid\u00e1, predsa sa s n\u00edzkou popularitou ni\u010d nerob\u00ed. \u010co na&hellip;\" \/>\n<meta property=\"og:url\" content=\"https:\/\/evertonfc.cz\/index.php\/2018\/08\/30\/everton-rotherham-united-31\/\" \/>\n<meta property=\"og:site_name\" content=\"Official Czech &amp; Slovak Everton Supporters&#039; Club\" \/>\n<meta property=\"article:publisher\" content=\"https:\/\/www.facebook.com\/everton.fans.cz.sk\" \/>\n<meta property=\"article:published_time\" content=\"2018-08-30T17:37:14+00:00\" \/>\n<meta property=\"article:modified_time\" content=\"2019-01-30T18:49:06+00:00\" \/>\n<meta property=\"og:image\" content=\"https:\/\/evertonfc.cz\/wp-content\/uploads\/2019\/01\/rotherham_30_8_2018.jpg\" \/>\n\t<meta property=\"og:image:width\" content=\"720\" \/>\n\t<meta property=\"og:image:height\" content=\"405\" \/>\n\t<meta property=\"og:image:type\" content=\"image\/jpeg\" \/>\n<meta name=\"author\" content=\"BlueBlooded\" \/>\n<meta name=\"twitter:card\" content=\"summary_large_image\" \/>\n<meta name=\"twitter:label1\" content=\"Napsal(a)\" \/>\n\t<meta name=\"twitter:data1\" content=\"BlueBlooded\" \/>\n\t<meta name=\"twitter:label2\" content=\"Odhadovan\u00e1 doba \u010dten\u00ed\" \/>\n\t<meta name=\"twitter:data2\" content=\"2 minuty\" \/>\n<script type=\"application\/ld+json\" class=\"yoast-schema-graph\">{\"@context\":\"https:\/\/schema.org\",\"@graph\":[{\"@type\":\"Article\",\"@id\":\"https:\/\/evertonfc.cz\/index.php\/2018\/08\/30\/everton-rotherham-united-31\/#article\",\"isPartOf\":{\"@id\":\"https:\/\/evertonfc.cz\/index.php\/2018\/08\/30\/everton-rotherham-united-31\/\"},\"author\":{\"name\":\"BlueBlooded\",\"@id\":\"https:\/\/evertonfc.cz\/#\/schema\/person\/d4493b8cbea51532597fbc4685698916\"},\"headline\":\"Everton &#8211; Rotherham United 3:1\",\"datePublished\":\"2018-08-30T17:37:14+00:00\",\"dateModified\":\"2019-01-30T18:49:06+00:00\",\"mainEntityOfPage\":{\"@id\":\"https:\/\/evertonfc.cz\/index.php\/2018\/08\/30\/everton-rotherham-united-31\/\"},\"wordCount\":458,\"commentCount\":0,\"publisher\":{\"@id\":\"https:\/\/evertonfc.cz\/#organization\"},\"image\":{\"@id\":\"https:\/\/evertonfc.cz\/index.php\/2018\/08\/30\/everton-rotherham-united-31\/#primaryimage\"},\"thumbnailUrl\":\"https:\/\/evertonfc.cz\/wp-content\/uploads\/2019\/01\/rotherham_30_8_2018.jpg\",\"articleSection\":[\"Z\u00e1pasy\"],\"inLanguage\":\"cs\",\"potentialAction\":[{\"@type\":\"CommentAction\",\"name\":\"Comment\",\"target\":[\"https:\/\/evertonfc.cz\/index.php\/2018\/08\/30\/everton-rotherham-united-31\/#respond\"]}]},{\"@type\":\"WebPage\",\"@id\":\"https:\/\/evertonfc.cz\/index.php\/2018\/08\/30\/everton-rotherham-united-31\/\",\"url\":\"https:\/\/evertonfc.cz\/index.php\/2018\/08\/30\/everton-rotherham-united-31\/\",\"name\":\"Everton - Rotherham United 3:1 - Official Czech &amp; Slovak Everton Supporters&#039; Club\",\"isPartOf\":{\"@id\":\"https:\/\/evertonfc.cz\/#website\"},\"primaryImageOfPage\":{\"@id\":\"https:\/\/evertonfc.cz\/index.php\/2018\/08\/30\/everton-rotherham-united-31\/#primaryimage\"},\"image\":{\"@id\":\"https:\/\/evertonfc.cz\/index.php\/2018\/08\/30\/everton-rotherham-united-31\/#primaryimage\"},\"thumbnailUrl\":\"https:\/\/evertonfc.cz\/wp-content\/uploads\/2019\/01\/rotherham_30_8_2018.jpg\",\"datePublished\":\"2018-08-30T17:37:14+00:00\",\"dateModified\":\"2019-01-30T18:49:06+00:00\",\"breadcrumb\":{\"@id\":\"https:\/\/evertonfc.cz\/index.php\/2018\/08\/30\/everton-rotherham-united-31\/#breadcrumb\"},\"inLanguage\":\"cs\",\"potentialAction\":[{\"@type\":\"ReadAction\",\"target\":[\"https:\/\/evertonfc.cz\/index.php\/2018\/08\/30\/everton-rotherham-united-31\/\"]}]},{\"@type\":\"ImageObject\",\"inLanguage\":\"cs\",\"@id\":\"https:\/\/evertonfc.cz\/index.php\/2018\/08\/30\/everton-rotherham-united-31\/#primaryimage\",\"url\":\"https:\/\/evertonfc.cz\/wp-content\/uploads\/2019\/01\/rotherham_30_8_2018.jpg\",\"contentUrl\":\"https:\/\/evertonfc.cz\/wp-content\/uploads\/2019\/01\/rotherham_30_8_2018.jpg\",\"width\":720,\"height\":405},{\"@type\":\"BreadcrumbList\",\"@id\":\"https:\/\/evertonfc.cz\/index.php\/2018\/08\/30\/everton-rotherham-united-31\/#breadcrumb\",\"itemListElement\":[{\"@type\":\"ListItem\",\"position\":1,\"name\":\"Home\",\"item\":\"https:\/\/evertonfc.cz\/\"},{\"@type\":\"ListItem\",\"position\":2,\"name\":\"Everton &#8211; Rotherham United 3:1\"}]},{\"@type\":\"WebSite\",\"@id\":\"https:\/\/evertonfc.cz\/#website\",\"url\":\"https:\/\/evertonfc.cz\/\",\"name\":\"Official Czech &amp; Slovak Everton Supporters&#039; Club\",\"description\":\"\",\"publisher\":{\"@id\":\"https:\/\/evertonfc.cz\/#organization\"},\"potentialAction\":[{\"@type\":\"SearchAction\",\"target\":{\"@type\":\"EntryPoint\",\"urlTemplate\":\"https:\/\/evertonfc.cz\/?s={search_term_string}\"},\"query-input\":{\"@type\":\"PropertyValueSpecification\",\"valueRequired\":true,\"valueName\":\"search_term_string\"}}],\"inLanguage\":\"cs\"},{\"@type\":\"Organization\",\"@id\":\"https:\/\/evertonfc.cz\/#organization\",\"name\":\"Official Czech & Slovak Everton Supporters' Club\",\"url\":\"https:\/\/evertonfc.cz\/\",\"logo\":{\"@type\":\"ImageObject\",\"inLanguage\":\"cs\",\"@id\":\"https:\/\/evertonfc.cz\/#\/schema\/logo\/image\/\",\"url\":\"https:\/\/evertonfc.cz\/wp-content\/uploads\/2019\/05\/logo.png\",\"contentUrl\":\"https:\/\/evertonfc.cz\/wp-content\/uploads\/2019\/05\/logo.png\",\"width\":112,\"height\":112,\"caption\":\"Official Czech & Slovak Everton Supporters' Club\"},\"image\":{\"@id\":\"https:\/\/evertonfc.cz\/#\/schema\/logo\/image\/\"},\"sameAs\":[\"https:\/\/www.facebook.com\/everton.fans.cz.sk\"]},{\"@type\":\"Person\",\"@id\":\"https:\/\/evertonfc.cz\/#\/schema\/person\/d4493b8cbea51532597fbc4685698916\",\"name\":\"BlueBlooded\",\"url\":\"https:\/\/evertonfc.cz\/index.php\/author\/admin\/\"}]}<\/script>\n<!-- \/ Yoast SEO plugin. -->","yoast_head_json":{"title":"Everton - Rotherham United 3:1 - Official Czech &amp; Slovak Everton Supporters&#039; Club","robots":{"index":"index","follow":"follow","max-snippet":"max-snippet:-1","max-image-preview":"max-image-preview:large","max-video-preview":"max-video-preview:-1"},"canonical":"https:\/\/evertonfc.cz\/index.php\/2018\/08\/30\/everton-rotherham-united-31\/","og_locale":"cs_CZ","og_type":"article","og_title":"Everton - Rotherham United 3:1 - Official Czech &amp; Slovak Everton Supporters&#039; Club","og_description":"Ignor\u00e1cia druhej dom\u00e1cej poh\u00e1rovej s\u00fa\u0165a\u017ee telev\u00edznymi spolo\u010dnos\u0165ami na prest\u00ed\u017e\u00ed nikomu neprid\u00e1, predsa sa s n\u00edzkou popularitou ni\u010d nerob\u00ed. \u010co na&hellip;","og_url":"https:\/\/evertonfc.cz\/index.php\/2018\/08\/30\/everton-rotherham-united-31\/","og_site_name":"Official Czech &amp; Slovak Everton Supporters&#039; Club","article_publisher":"https:\/\/www.facebook.com\/everton.fans.cz.sk","article_published_time":"2018-08-30T17:37:14+00:00","article_modified_time":"2019-01-30T18:49:06+00:00","og_image":[{"width":720,"height":405,"url":"https:\/\/evertonfc.cz\/wp-content\/uploads\/2019\/01\/rotherham_30_8_2018.jpg","type":"image\/jpeg"}],"author":"BlueBlooded","twitter_card":"summary_large_image","twitter_misc":{"Napsal(a)":"BlueBlooded","Odhadovan\u00e1 doba \u010dten\u00ed":"2 minuty"},"schema":{"@context":"https:\/\/schema.org","@graph":[{"@type":"Article","@id":"https:\/\/evertonfc.cz\/index.php\/2018\/08\/30\/everton-rotherham-united-31\/#article","isPartOf":{"@id":"https:\/\/evertonfc.cz\/index.php\/2018\/08\/30\/everton-rotherham-united-31\/"},"author":{"name":"BlueBlooded","@id":"https:\/\/evertonfc.cz\/#\/schema\/person\/d4493b8cbea51532597fbc4685698916"},"headline":"Everton &#8211; Rotherham United 3:1","datePublished":"2018-08-30T17:37:14+00:00","dateModified":"2019-01-30T18:49:06+00:00","mainEntityOfPage":{"@id":"https:\/\/evertonfc.cz\/index.php\/2018\/08\/30\/everton-rotherham-united-31\/"},"wordCount":458,"commentCount":0,"publisher":{"@id":"https:\/\/evertonfc.cz\/#organization"},"image":{"@id":"https:\/\/evertonfc.cz\/index.php\/2018\/08\/30\/everton-rotherham-united-31\/#primaryimage"},"thumbnailUrl":"https:\/\/evertonfc.cz\/wp-content\/uploads\/2019\/01\/rotherham_30_8_2018.jpg","articleSection":["Z\u00e1pasy"],"inLanguage":"cs","potentialAction":[{"@type":"CommentAction","name":"Comment","target":["https:\/\/evertonfc.cz\/index.php\/2018\/08\/30\/everton-rotherham-united-31\/#respond"]}]},{"@type":"WebPage","@id":"https:\/\/evertonfc.cz\/index.php\/2018\/08\/30\/everton-rotherham-united-31\/","url":"https:\/\/evertonfc.cz\/index.php\/2018\/08\/30\/everton-rotherham-united-31\/","name":"Everton - Rotherham United 3:1 - Official Czech &amp; Slovak Everton Supporters&#039; Club","isPartOf":{"@id":"https:\/\/evertonfc.cz\/#website"},"primaryImageOfPage":{"@id":"https:\/\/evertonfc.cz\/index.php\/2018\/08\/30\/everton-rotherham-united-31\/#primaryimage"},"image":{"@id":"https:\/\/evertonfc.cz\/index.php\/2018\/08\/30\/everton-rotherham-united-31\/#primaryimage"},"thumbnailUrl":"https:\/\/evertonfc.cz\/wp-content\/uploads\/2019\/01\/rotherham_30_8_2018.jpg","datePublished":"2018-08-30T17:37:14+00:00","dateModified":"2019-01-30T18:49:06+00:00","breadcrumb":{"@id":"https:\/\/evertonfc.cz\/index.php\/2018\/08\/30\/everton-rotherham-united-31\/#breadcrumb"},"inLanguage":"cs","potentialAction":[{"@type":"ReadAction","target":["https:\/\/evertonfc.cz\/index.php\/2018\/08\/30\/everton-rotherham-united-31\/"]}]},{"@type":"ImageObject","inLanguage":"cs","@id":"https:\/\/evertonfc.cz\/index.php\/2018\/08\/30\/everton-rotherham-united-31\/#primaryimage","url":"https:\/\/evertonfc.cz\/wp-content\/uploads\/2019\/01\/rotherham_30_8_2018.jpg","contentUrl":"https:\/\/evertonfc.cz\/wp-content\/uploads\/2019\/01\/rotherham_30_8_2018.jpg","width":720,"height":405},{"@type":"BreadcrumbList","@id":"https:\/\/evertonfc.cz\/index.php\/2018\/08\/30\/everton-rotherham-united-31\/#breadcrumb","itemListElement":[{"@type":"ListItem","position":1,"name":"Home","item":"https:\/\/evertonfc.cz\/"},{"@type":"ListItem","position":2,"name":"Everton &#8211; Rotherham United 3:1"}]},{"@type":"WebSite","@id":"https:\/\/evertonfc.cz\/#website","url":"https:\/\/evertonfc.cz\/","name":"Official Czech &amp; Slovak Everton Supporters&#039; Club","description":"","publisher":{"@id":"https:\/\/evertonfc.cz\/#organization"},"potentialAction":[{"@type":"SearchAction","target":{"@type":"EntryPoint","urlTemplate":"https:\/\/evertonfc.cz\/?s={search_term_string}"},"query-input":{"@type":"PropertyValueSpecification","valueRequired":true,"valueName":"search_term_string"}}],"inLanguage":"cs"},{"@type":"Organization","@id":"https:\/\/evertonfc.cz\/#organization","name":"Official Czech & Slovak Everton Supporters' Club","url":"https:\/\/evertonfc.cz\/","logo":{"@type":"ImageObject","inLanguage":"cs","@id":"https:\/\/evertonfc.cz\/#\/schema\/logo\/image\/","url":"https:\/\/evertonfc.cz\/wp-content\/uploads\/2019\/05\/logo.png","contentUrl":"https:\/\/evertonfc.cz\/wp-content\/uploads\/2019\/05\/logo.png","width":112,"height":112,"caption":"Official Czech & Slovak Everton Supporters' Club"},"image":{"@id":"https:\/\/evertonfc.cz\/#\/schema\/logo\/image\/"},"sameAs":["https:\/\/www.facebook.com\/everton.fans.cz.sk"]},{"@type":"Person","@id":"https:\/\/evertonfc.cz\/#\/schema\/person\/d4493b8cbea51532597fbc4685698916","name":"BlueBlooded","url":"https:\/\/evertonfc.cz\/index.php\/author\/admin\/"}]}},"_links":{"self":[{"href":"https:\/\/evertonfc.cz\/index.php\/wp-json\/wp\/v2\/posts\/1889"}],"collection":[{"href":"https:\/\/evertonfc.cz\/index.php\/wp-json\/wp\/v2\/posts"}],"about":[{"href":"https:\/\/evertonfc.cz\/index.php\/wp-json\/wp\/v2\/types\/post"}],"author":[{"embeddable":true,"href":"https:\/\/evertonfc.cz\/index.php\/wp-json\/wp\/v2\/users\/1"}],"replies":[{"embeddable":true,"href":"https:\/\/evertonfc.cz\/index.php\/wp-json\/wp\/v2\/comments?post=1889"}],"version-history":[{"count":1,"href":"https:\/\/evertonfc.cz\/index.php\/wp-json\/wp\/v2\/posts\/1889\/revisions"}],"predecessor-version":[{"id":1890,"href":"https:\/\/evertonfc.cz\/index.php\/wp-json\/wp\/v2\/posts\/1889\/revisions\/1890"}],"wp:featuredmedia":[{"embeddable":true,"href":"https:\/\/evertonfc.cz\/index.php\/wp-json\/wp\/v2\/media\/1878"}],"wp:attachment":[{"href":"https:\/\/evertonfc.cz\/index.php\/wp-json\/wp\/v2\/media?parent=1889"}],"wp:term":[{"taxonomy":"category","embeddable":true,"href":"https:\/\/evertonfc.cz\/index.php\/wp-json\/wp\/v2\/categories?post=1889"},{"taxonomy":"post_tag","embeddable":true,"href":"https:\/\/evertonfc.cz\/index.php\/wp-json\/wp\/v2\/tags?post=1889"}],"curies":[{"name":"wp","href":"https:\/\/api.w.org\/{rel}","templated":true}]}}