{"id":1891,"date":"2018-08-31T19:40:06","date_gmt":"2018-08-31T17:40:06","guid":{"rendered":"http:\/\/evertonfc.cz\/?p=1891"},"modified":"2019-01-30T19:49:13","modified_gmt":"2019-01-30T18:49:13","slug":"preview-everton-huddersfield-town","status":"publish","type":"post","link":"https:\/\/evertonfc.cz\/index.php\/2018\/08\/31\/preview-everton-huddersfield-town\/","title":{"rendered":"Preview: Everton &#8211; Huddersfield Town"},"content":{"rendered":"\n<h4 class=\"wp-block-heading\">Osm\u00fd Everton host\u00ed p\u0159edposledn\u00ed Huddersfield. O\u010dek\u00e1v\u00e1 se povinn\u00e1 v\u00fdhra.<\/h4>\n\n\n\n<p>Dom\u00e1c\u00ed zat\u00edm v t\u00e9to sez\u00f3n\u011b odehr\u00e1li \u010dty\u0159i sout\u011b\u017en\u00ed z\u00e1pasy. V obou z\u00e1pasech venku vedli, ale tak bod se taky po\u010d\u00edt\u00e1. Pro por\u00e1\u017eku p\u0159ijel v lize Southampton a v Ligov\u00e9m poh\u00e1ru Rotherham. Psychika tedy relativn\u011b naho\u0159e a p\u0159ed repre pauzou slab\u00fd soupe\u0159. Favorit je jasn\u00fd.<\/p>\n\n\n\n<p>Jen\u017ee tak\u00e9 m\u00e1 zna\u010dn\u00e9 probl\u00e9my s postaven\u00edm sestavy. Richarlison si odpyk\u00e1v\u00e1 druhou \u010d\u00e1st t\u0159iz\u00e1pasov\u00e9ho trestu za vylou\u010den\u00ed. Ten si u\u017e naopak odst\u00e1l Jagielka, le\u010d bolav\u00e9 koleno ho do hry nepust\u00ed. Keanovo zran\u011bn\u00ed lebky hned tak vyl\u00e9\u010den\u00e9 nebude, absence Miny je odhadnuta na t\u0159i t\u00fddny (kotn\u00edk). T\u00edm p\u00e1dem jsou jedin\u00ed dva zdrav\u00ed stope\u0159i Holgate a Zouma, kte\u0159\u00ed tak maj\u00ed z\u00edtra jistou z\u00e1kladn\u00ed sestavu. A kdy\u017e k tomu p\u0159ipo\u010dteme svalov\u00e9 probl\u00e9my Bernarda a stehno Gomese (p\u0159itahova\u010d), tak maj\u00ed Toffees ji\u017e na za\u010d\u00e1tku sez\u00f3ny slu\u0161nou marodku. S otazn\u00edkem je start Gany kv\u016fli kolenu. T\u0159\u00edslo naopak vyl\u00e9\u010dil Pozrimu\u017e a m\u011bl by z\u00edtra b\u00fdt nominov\u00e1n aspo\u0148 na lavi\u010dku.<\/p>\n\n\n\n<p>Teri\u00e9\u0159i jsou na tom zdravotn\u011b l\u00e9pe, co\u017e nep\u0159ekvap\u00ed. \u00datern\u00ed z\u00e1pas Ligov\u00e9ho poh\u00e1ru vynechala dvojice Sobhi a Hamer, oba maj\u00ed probl\u00e9m s kolenem. Hogg je stejn\u00fd p\u0159\u00edpad jako Richarlison, tedy druh\u00fd z\u00e1pas bude st\u00e1t kv\u016fli \u010derven\u00e9 kart\u011b, kterou vid\u011bl minul\u00fd t\u00fdden proti Cardiffu.<\/p>\n\n\n\n<p>Jen\u017ee \u0161patn\u011b odstartovali. 3 z\u00e1pasy, 1 bod, 1 vst\u0159elen\u00fd g\u00f3l. Hor\u0161\u00ed je v pr\u016fb\u011b\u017en\u00e9 tabulce u\u017e jen West Ham, kter\u00fd n\u00e1m sv\u00e9 schopnosti p\u0159ijede p\u0159edv\u00e9st na GP hned v dal\u0161\u00edm kole. Ten zvl\u00e1dl v\u0161echny z\u00e1pasy prohr\u00e1t. Co s t\u00edm? T\u00fdm kolem z\u00e1lo\u017en\u00edka Mooye \u010dek\u00e1 t\u011b\u017ek\u00fd \u00fakol, zvl\u00e1\u0161\u0165, kdy\u017e vememe v \u00favahu, \u017ee naposledy vyhr\u00e1l na Evertonu v dob\u011b, kdy prezidentem \u010cSR bylo nad\u011bjn\u00e9 lev\u00e9 k\u0159\u00eddlo Slavie Praha.<\/p>\n\n\n\n<p>A jak by mohla vypadat sestava? T\u0159eba takhle: Pickford &#8211; Baines, Zouma, Holgate, Coleman &#8211; Schneiderlin, Davies &#8211; Calvert-Lewin, Sigurdsson, Walcott &#8211; Tosun.<\/p>\n\n\n\n<p><strong>Co:<\/strong>&nbsp;Everton FC &#8211; Huddersfield Town FC, 4. kolo Premier League<br><strong>Kdy:<\/strong>&nbsp;1. 9. 2018 od 16:00 SE\u010c<br><strong>Kde:<\/strong>&nbsp;Goodison Park, Liverpool<br><strong>Rozhod\u010d\u00ed:<\/strong>&nbsp;Stuart Attwell<br><\/p>\n","protected":false},"excerpt":{"rendered":"<p>Osm\u00fd Everton host\u00ed p\u0159edposledn\u00ed Huddersfield. O\u010dek\u00e1v\u00e1 se povinn\u00e1 v\u00fdhra. Dom\u00e1c\u00ed zat\u00edm v t\u00e9to sez\u00f3n\u011b odehr\u00e1li \u010dty\u0159i sout\u011b\u017en\u00ed z\u00e1pasy. V obou&hellip;<\/p>\n","protected":false},"author":12,"featured_media":1870,"comment_status":"open","ping_status":"closed","sticky":false,"template":"","format":"standard","meta":{"_eb_attr":"","_monsterinsights_skip_tracking":false,"_monsterinsights_sitenote_active":false,"_monsterinsights_sitenote_note":"","_monsterinsights_sitenote_category":0,"footnotes":""},"categories":[4],"tags":[],"yoast_head":"<!-- This site is optimized with the Yoast SEO plugin v23.4 - https:\/\/yoast.com\/wordpress\/plugins\/seo\/ -->\n<title>Preview: Everton - Huddersfield Town - Official Czech &amp; Slovak Everton Supporters&#039; Club<\/title>\n<meta name=\"robots\" content=\"index, follow, max-snippet:-1, max-image-preview:large, max-video-preview:-1\" \/>\n<link rel=\"canonical\" href=\"https:\/\/evertonfc.cz\/index.php\/2018\/08\/31\/preview-everton-huddersfield-town\/\" \/>\n<meta property=\"og:locale\" content=\"cs_CZ\" \/>\n<meta property=\"og:type\" content=\"article\" \/>\n<meta property=\"og:title\" content=\"Preview: Everton - Huddersfield Town - Official Czech &amp; Slovak Everton Supporters&#039; Club\" \/>\n<meta property=\"og:description\" content=\"Osm\u00fd Everton host\u00ed p\u0159edposledn\u00ed Huddersfield. O\u010dek\u00e1v\u00e1 se povinn\u00e1 v\u00fdhra. Dom\u00e1c\u00ed zat\u00edm v t\u00e9to sez\u00f3n\u011b odehr\u00e1li \u010dty\u0159i sout\u011b\u017en\u00ed z\u00e1pasy. V obou&hellip;\" \/>\n<meta property=\"og:url\" content=\"https:\/\/evertonfc.cz\/index.php\/2018\/08\/31\/preview-everton-huddersfield-town\/\" \/>\n<meta property=\"og:site_name\" content=\"Official Czech &amp; Slovak Everton Supporters&#039; Club\" \/>\n<meta property=\"article:publisher\" content=\"https:\/\/www.facebook.com\/everton.fans.cz.sk\" \/>\n<meta property=\"article:published_time\" content=\"2018-08-31T17:40:06+00:00\" \/>\n<meta property=\"article:modified_time\" content=\"2019-01-30T18:49:13+00:00\" \/>\n<meta property=\"og:image\" content=\"https:\/\/evertonfc.cz\/wp-content\/uploads\/2019\/01\/mooy_31_8_2018.jpg\" \/>\n\t<meta property=\"og:image:width\" content=\"720\" \/>\n\t<meta property=\"og:image:height\" content=\"405\" \/>\n\t<meta property=\"og:image:type\" content=\"image\/jpeg\" \/>\n<meta name=\"author\" content=\"Javor\" \/>\n<meta name=\"twitter:card\" content=\"summary_large_image\" \/>\n<meta name=\"twitter:creator\" content=\"@LoudinJan\" \/>\n<meta name=\"twitter:label1\" content=\"Napsal(a)\" \/>\n\t<meta name=\"twitter:data1\" content=\"Javor\" \/>\n\t<meta name=\"twitter:label2\" content=\"Odhadovan\u00e1 doba \u010dten\u00ed\" \/>\n\t<meta name=\"twitter:data2\" content=\"2 minuty\" \/>\n<script type=\"application\/ld+json\" class=\"yoast-schema-graph\">{\"@context\":\"https:\/\/schema.org\",\"@graph\":[{\"@type\":\"Article\",\"@id\":\"https:\/\/evertonfc.cz\/index.php\/2018\/08\/31\/preview-everton-huddersfield-town\/#article\",\"isPartOf\":{\"@id\":\"https:\/\/evertonfc.cz\/index.php\/2018\/08\/31\/preview-everton-huddersfield-town\/\"},\"author\":{\"name\":\"Javor\",\"@id\":\"https:\/\/evertonfc.cz\/#\/schema\/person\/b30daf6a5852f4811f8207a17ec1bf78\"},\"headline\":\"Preview: Everton &#8211; Huddersfield Town\",\"datePublished\":\"2018-08-31T17:40:06+00:00\",\"dateModified\":\"2019-01-30T18:49:13+00:00\",\"mainEntityOfPage\":{\"@id\":\"https:\/\/evertonfc.cz\/index.php\/2018\/08\/31\/preview-everton-huddersfield-town\/\"},\"wordCount\":408,\"commentCount\":0,\"publisher\":{\"@id\":\"https:\/\/evertonfc.cz\/#organization\"},\"image\":{\"@id\":\"https:\/\/evertonfc.cz\/index.php\/2018\/08\/31\/preview-everton-huddersfield-town\/#primaryimage\"},\"thumbnailUrl\":\"https:\/\/evertonfc.cz\/wp-content\/uploads\/2019\/01\/mooy_31_8_2018.jpg\",\"articleSection\":[\"Z\u00e1pasy\"],\"inLanguage\":\"cs\",\"potentialAction\":[{\"@type\":\"CommentAction\",\"name\":\"Comment\",\"target\":[\"https:\/\/evertonfc.cz\/index.php\/2018\/08\/31\/preview-everton-huddersfield-town\/#respond\"]}]},{\"@type\":\"WebPage\",\"@id\":\"https:\/\/evertonfc.cz\/index.php\/2018\/08\/31\/preview-everton-huddersfield-town\/\",\"url\":\"https:\/\/evertonfc.cz\/index.php\/2018\/08\/31\/preview-everton-huddersfield-town\/\",\"name\":\"Preview: Everton - Huddersfield Town - Official Czech &amp; Slovak Everton Supporters&#039; Club\",\"isPartOf\":{\"@id\":\"https:\/\/evertonfc.cz\/#website\"},\"primaryImageOfPage\":{\"@id\":\"https:\/\/evertonfc.cz\/index.php\/2018\/08\/31\/preview-everton-huddersfield-town\/#primaryimage\"},\"image\":{\"@id\":\"https:\/\/evertonfc.cz\/index.php\/2018\/08\/31\/preview-everton-huddersfield-town\/#primaryimage\"},\"thumbnailUrl\":\"https:\/\/evertonfc.cz\/wp-content\/uploads\/2019\/01\/mooy_31_8_2018.jpg\",\"datePublished\":\"2018-08-31T17:40:06+00:00\",\"dateModified\":\"2019-01-30T18:49:13+00:00\",\"breadcrumb\":{\"@id\":\"https:\/\/evertonfc.cz\/index.php\/2018\/08\/31\/preview-everton-huddersfield-town\/#breadcrumb\"},\"inLanguage\":\"cs\",\"potentialAction\":[{\"@type\":\"ReadAction\",\"target\":[\"https:\/\/evertonfc.cz\/index.php\/2018\/08\/31\/preview-everton-huddersfield-town\/\"]}]},{\"@type\":\"ImageObject\",\"inLanguage\":\"cs\",\"@id\":\"https:\/\/evertonfc.cz\/index.php\/2018\/08\/31\/preview-everton-huddersfield-town\/#primaryimage\",\"url\":\"https:\/\/evertonfc.cz\/wp-content\/uploads\/2019\/01\/mooy_31_8_2018.jpg\",\"contentUrl\":\"https:\/\/evertonfc.cz\/wp-content\/uploads\/2019\/01\/mooy_31_8_2018.jpg\",\"width\":720,\"height\":405},{\"@type\":\"BreadcrumbList\",\"@id\":\"https:\/\/evertonfc.cz\/index.php\/2018\/08\/31\/preview-everton-huddersfield-town\/#breadcrumb\",\"itemListElement\":[{\"@type\":\"ListItem\",\"position\":1,\"name\":\"Home\",\"item\":\"https:\/\/evertonfc.cz\/\"},{\"@type\":\"ListItem\",\"position\":2,\"name\":\"Preview: Everton &#8211; Huddersfield Town\"}]},{\"@type\":\"WebSite\",\"@id\":\"https:\/\/evertonfc.cz\/#website\",\"url\":\"https:\/\/evertonfc.cz\/\",\"name\":\"Official Czech &amp; Slovak Everton Supporters&#039; Club\",\"description\":\"\",\"publisher\":{\"@id\":\"https:\/\/evertonfc.cz\/#organization\"},\"potentialAction\":[{\"@type\":\"SearchAction\",\"target\":{\"@type\":\"EntryPoint\",\"urlTemplate\":\"https:\/\/evertonfc.cz\/?s={search_term_string}\"},\"query-input\":{\"@type\":\"PropertyValueSpecification\",\"valueRequired\":true,\"valueName\":\"search_term_string\"}}],\"inLanguage\":\"cs\"},{\"@type\":\"Organization\",\"@id\":\"https:\/\/evertonfc.cz\/#organization\",\"name\":\"Official Czech & Slovak Everton Supporters' Club\",\"url\":\"https:\/\/evertonfc.cz\/\",\"logo\":{\"@type\":\"ImageObject\",\"inLanguage\":\"cs\",\"@id\":\"https:\/\/evertonfc.cz\/#\/schema\/logo\/image\/\",\"url\":\"https:\/\/evertonfc.cz\/wp-content\/uploads\/2019\/05\/logo.png\",\"contentUrl\":\"https:\/\/evertonfc.cz\/wp-content\/uploads\/2019\/05\/logo.png\",\"width\":112,\"height\":112,\"caption\":\"Official Czech & Slovak Everton Supporters' Club\"},\"image\":{\"@id\":\"https:\/\/evertonfc.cz\/#\/schema\/logo\/image\/\"},\"sameAs\":[\"https:\/\/www.facebook.com\/everton.fans.cz.sk\"]},{\"@type\":\"Person\",\"@id\":\"https:\/\/evertonfc.cz\/#\/schema\/person\/b30daf6a5852f4811f8207a17ec1bf78\",\"name\":\"Javor\",\"sameAs\":[\"https:\/\/x.com\/LoudinJan\"],\"url\":\"https:\/\/evertonfc.cz\/index.php\/author\/javor\/\"}]}<\/script>\n<!-- \/ Yoast SEO plugin. -->","yoast_head_json":{"title":"Preview: Everton - Huddersfield Town - Official Czech &amp; Slovak Everton Supporters&#039; Club","robots":{"index":"index","follow":"follow","max-snippet":"max-snippet:-1","max-image-preview":"max-image-preview:large","max-video-preview":"max-video-preview:-1"},"canonical":"https:\/\/evertonfc.cz\/index.php\/2018\/08\/31\/preview-everton-huddersfield-town\/","og_locale":"cs_CZ","og_type":"article","og_title":"Preview: Everton - Huddersfield Town - Official Czech &amp; Slovak Everton Supporters&#039; Club","og_description":"Osm\u00fd Everton host\u00ed p\u0159edposledn\u00ed Huddersfield. O\u010dek\u00e1v\u00e1 se povinn\u00e1 v\u00fdhra. Dom\u00e1c\u00ed zat\u00edm v t\u00e9to sez\u00f3n\u011b odehr\u00e1li \u010dty\u0159i sout\u011b\u017en\u00ed z\u00e1pasy. V obou&hellip;","og_url":"https:\/\/evertonfc.cz\/index.php\/2018\/08\/31\/preview-everton-huddersfield-town\/","og_site_name":"Official Czech &amp; Slovak Everton Supporters&#039; Club","article_publisher":"https:\/\/www.facebook.com\/everton.fans.cz.sk","article_published_time":"2018-08-31T17:40:06+00:00","article_modified_time":"2019-01-30T18:49:13+00:00","og_image":[{"width":720,"height":405,"url":"https:\/\/evertonfc.cz\/wp-content\/uploads\/2019\/01\/mooy_31_8_2018.jpg","type":"image\/jpeg"}],"author":"Javor","twitter_card":"summary_large_image","twitter_creator":"@LoudinJan","twitter_misc":{"Napsal(a)":"Javor","Odhadovan\u00e1 doba \u010dten\u00ed":"2 minuty"},"schema":{"@context":"https:\/\/schema.org","@graph":[{"@type":"Article","@id":"https:\/\/evertonfc.cz\/index.php\/2018\/08\/31\/preview-everton-huddersfield-town\/#article","isPartOf":{"@id":"https:\/\/evertonfc.cz\/index.php\/2018\/08\/31\/preview-everton-huddersfield-town\/"},"author":{"name":"Javor","@id":"https:\/\/evertonfc.cz\/#\/schema\/person\/b30daf6a5852f4811f8207a17ec1bf78"},"headline":"Preview: Everton &#8211; Huddersfield Town","datePublished":"2018-08-31T17:40:06+00:00","dateModified":"2019-01-30T18:49:13+00:00","mainEntityOfPage":{"@id":"https:\/\/evertonfc.cz\/index.php\/2018\/08\/31\/preview-everton-huddersfield-town\/"},"wordCount":408,"commentCount":0,"publisher":{"@id":"https:\/\/evertonfc.cz\/#organization"},"image":{"@id":"https:\/\/evertonfc.cz\/index.php\/2018\/08\/31\/preview-everton-huddersfield-town\/#primaryimage"},"thumbnailUrl":"https:\/\/evertonfc.cz\/wp-content\/uploads\/2019\/01\/mooy_31_8_2018.jpg","articleSection":["Z\u00e1pasy"],"inLanguage":"cs","potentialAction":[{"@type":"CommentAction","name":"Comment","target":["https:\/\/evertonfc.cz\/index.php\/2018\/08\/31\/preview-everton-huddersfield-town\/#respond"]}]},{"@type":"WebPage","@id":"https:\/\/evertonfc.cz\/index.php\/2018\/08\/31\/preview-everton-huddersfield-town\/","url":"https:\/\/evertonfc.cz\/index.php\/2018\/08\/31\/preview-everton-huddersfield-town\/","name":"Preview: Everton - Huddersfield Town - Official Czech &amp; Slovak Everton Supporters&#039; Club","isPartOf":{"@id":"https:\/\/evertonfc.cz\/#website"},"primaryImageOfPage":{"@id":"https:\/\/evertonfc.cz\/index.php\/2018\/08\/31\/preview-everton-huddersfield-town\/#primaryimage"},"image":{"@id":"https:\/\/evertonfc.cz\/index.php\/2018\/08\/31\/preview-everton-huddersfield-town\/#primaryimage"},"thumbnailUrl":"https:\/\/evertonfc.cz\/wp-content\/uploads\/2019\/01\/mooy_31_8_2018.jpg","datePublished":"2018-08-31T17:40:06+00:00","dateModified":"2019-01-30T18:49:13+00:00","breadcrumb":{"@id":"https:\/\/evertonfc.cz\/index.php\/2018\/08\/31\/preview-everton-huddersfield-town\/#breadcrumb"},"inLanguage":"cs","potentialAction":[{"@type":"ReadAction","target":["https:\/\/evertonfc.cz\/index.php\/2018\/08\/31\/preview-everton-huddersfield-town\/"]}]},{"@type":"ImageObject","inLanguage":"cs","@id":"https:\/\/evertonfc.cz\/index.php\/2018\/08\/31\/preview-everton-huddersfield-town\/#primaryimage","url":"https:\/\/evertonfc.cz\/wp-content\/uploads\/2019\/01\/mooy_31_8_2018.jpg","contentUrl":"https:\/\/evertonfc.cz\/wp-content\/uploads\/2019\/01\/mooy_31_8_2018.jpg","width":720,"height":405},{"@type":"BreadcrumbList","@id":"https:\/\/evertonfc.cz\/index.php\/2018\/08\/31\/preview-everton-huddersfield-town\/#breadcrumb","itemListElement":[{"@type":"ListItem","position":1,"name":"Home","item":"https:\/\/evertonfc.cz\/"},{"@type":"ListItem","position":2,"name":"Preview: Everton &#8211; Huddersfield Town"}]},{"@type":"WebSite","@id":"https:\/\/evertonfc.cz\/#website","url":"https:\/\/evertonfc.cz\/","name":"Official Czech &amp; Slovak Everton Supporters&#039; Club","description":"","publisher":{"@id":"https:\/\/evertonfc.cz\/#organization"},"potentialAction":[{"@type":"SearchAction","target":{"@type":"EntryPoint","urlTemplate":"https:\/\/evertonfc.cz\/?s={search_term_string}"},"query-input":{"@type":"PropertyValueSpecification","valueRequired":true,"valueName":"search_term_string"}}],"inLanguage":"cs"},{"@type":"Organization","@id":"https:\/\/evertonfc.cz\/#organization","name":"Official Czech & Slovak Everton Supporters' Club","url":"https:\/\/evertonfc.cz\/","logo":{"@type":"ImageObject","inLanguage":"cs","@id":"https:\/\/evertonfc.cz\/#\/schema\/logo\/image\/","url":"https:\/\/evertonfc.cz\/wp-content\/uploads\/2019\/05\/logo.png","contentUrl":"https:\/\/evertonfc.cz\/wp-content\/uploads\/2019\/05\/logo.png","width":112,"height":112,"caption":"Official Czech & Slovak Everton Supporters' Club"},"image":{"@id":"https:\/\/evertonfc.cz\/#\/schema\/logo\/image\/"},"sameAs":["https:\/\/www.facebook.com\/everton.fans.cz.sk"]},{"@type":"Person","@id":"https:\/\/evertonfc.cz\/#\/schema\/person\/b30daf6a5852f4811f8207a17ec1bf78","name":"Javor","sameAs":["https:\/\/x.com\/LoudinJan"],"url":"https:\/\/evertonfc.cz\/index.php\/author\/javor\/"}]}},"_links":{"self":[{"href":"https:\/\/evertonfc.cz\/index.php\/wp-json\/wp\/v2\/posts\/1891"}],"collection":[{"href":"https:\/\/evertonfc.cz\/index.php\/wp-json\/wp\/v2\/posts"}],"about":[{"href":"https:\/\/evertonfc.cz\/index.php\/wp-json\/wp\/v2\/types\/post"}],"author":[{"embeddable":true,"href":"https:\/\/evertonfc.cz\/index.php\/wp-json\/wp\/v2\/users\/12"}],"replies":[{"embeddable":true,"href":"https:\/\/evertonfc.cz\/index.php\/wp-json\/wp\/v2\/comments?post=1891"}],"version-history":[{"count":1,"href":"https:\/\/evertonfc.cz\/index.php\/wp-json\/wp\/v2\/posts\/1891\/revisions"}],"predecessor-version":[{"id":1892,"href":"https:\/\/evertonfc.cz\/index.php\/wp-json\/wp\/v2\/posts\/1891\/revisions\/1892"}],"wp:featuredmedia":[{"embeddable":true,"href":"https:\/\/evertonfc.cz\/index.php\/wp-json\/wp\/v2\/media\/1870"}],"wp:attachment":[{"href":"https:\/\/evertonfc.cz\/index.php\/wp-json\/wp\/v2\/media?parent=1891"}],"wp:term":[{"taxonomy":"category","embeddable":true,"href":"https:\/\/evertonfc.cz\/index.php\/wp-json\/wp\/v2\/categories?post=1891"},{"taxonomy":"post_tag","embeddable":true,"href":"https:\/\/evertonfc.cz\/index.php\/wp-json\/wp\/v2\/tags?post=1891"}],"curies":[{"name":"wp","href":"https:\/\/api.w.org\/{rel}","templated":true}]}}