{"id":18919,"date":"2022-06-27T09:46:21","date_gmt":"2022-06-27T07:46:21","guid":{"rendered":"https:\/\/evertonfc.cz\/?p=18919"},"modified":"2022-07-12T10:23:52","modified_gmt":"2022-07-12T08:23:52","slug":"zhodnotenie-sezony-2021-22","status":"publish","type":"post","link":"https:\/\/evertonfc.cz\/index.php\/2022\/06\/27\/zhodnotenie-sezony-2021-22\/","title":{"rendered":"Zhodnotenie sez\u00f3ny 2021\/22"},"content":{"rendered":"<h4>Panika v\u00a0Goodison Parku pri hrozbe zostupu je e\u0161te \u010derstvo v\u00a0pam\u00e4ti, tak\u017ee je ten spr\u00e1vny \u010das na rekapitul\u00e1ciu v\u0161etk\u00e9ho, \u010doho boli svedkami aj Javor, Petr a\u00a0Tom.<\/h4>\n<p><em>Ot\u00e1zky kolegom fan\u00fa\u0161ikom, ktor\u00fdm vrelo \u010fakujeme za ochotu, kl\u00e1dol kolega z\u00a0redakcie Fip a\u00a0moja mali\u010dkos\u0165 BlueBlooded. V\u00a0pr\u00edpade Toma, odpovede predklad\u00e1me z\u00a0angli\u010dtiny. Av\u0161ak e\u0161te predt\u00fdm, ne\u017e sa dostaneme o ot\u00e1zkam a odpovediam, zrekapitulujme si najsk\u00f4r dejiny. Karamelky po ne\u010dakanom odchode Ancelottiho vtupovali do tejto sez\u00f3ny pod nov\u00fdm v\u0161eobecne nepopul\u00e1rnym ex-mana\u017e\u00e9rom LFC Ben\u00edtezom. Po s\u013eubnom \u0161tarte pri\u0161iel strm\u00fd p\u00e1d a\u00a0vyhadzov. Jeho miesto zaujal Frank Lampard, ktor\u00fd klub v\u00a0Premier League tesne zachr\u00e1nil. <\/em><span style=\"color: #ff0000;\"><em>VAROVANIE: Nasleduje extr\u00e9mne dlh\u00e9 \u010d\u00edtanie!<\/em><\/span><\/p>\n<h4><span style=\"font-size: 12pt;\"><strong>Ned\u00e1 se jinak, ale za\u010dneme zostra. Everton pro\u017eil vloni turbulentn\u00ed l\u00e9to s \u0159adou nep\u0159\u00edjemn\u00fdch ud\u00e1lost\u00ed. Za\u010dalo to ji\u017e v \u010dervnu, kdy se rozlou\u010dil m\u00fdtick\u00fd polob\u016fh Ancelotti a jako jeho n\u00e1hrada byl vybr\u00e1n p\u0159isluhova\u010d pekel, temn\u00fd lord R.B.Maudes. Zkuste si pros\u00edm vzpomenout na sv\u00e9 pocity a m\u016f\u017eete p\u0159idat i p\u00e1r racion\u00e1ln\u00edch post\u0159eh\u016f.<\/strong><\/span><\/h4>\n<p><strong>Javor: <\/strong>Sugestivn\u00ed ot\u00e1zka, tohle by ti u soudu nepro\u0161lo. M\u00e9 pocity? Jsem si jist, \u017ee jsem byl jedn\u00edm z m\u00e1la, kter\u00fd byl ochoten d\u00e1t mu \u0161anci a nenad\u00e1val na n\u011bj. Ostatn\u011b, taky jsem psal jeho profil a nem\u011bl jsem probl\u00e9m udr\u017eet neutr\u00e1ln\u00ed t\u00f3n. P\u0159ed podeps\u00e1n\u00edm Evertonu kdov\u00edjak\u00e9 \u00fasp\u011bchy nem\u011bl, naposledy \u00fasp\u011b\u0161n\u011b tr\u00e9noval Neapol&#8230; \u0158ekn\u011bme, \u017ee jsem jeho volbu pova\u017eoval za pr\u016fm\u011brnou.<\/p>\n<p><strong>Petr:<\/strong> Ve m\u011b se ty pocity dost m\u00edchaly u\u017e od za\u010d\u00e1tku. Poprv\u00e9 kdy\u017e jsem usly\u0161el spekulace o jeho p\u0159\u00edchodu, myslel jsem, \u017ee jde o nepoveden\u00fd vtip a \u017ee to snad veden\u00ed nem\u016f\u017ee myslet v\u00e1\u017en\u011b. Jen\u017ee pak mi do\u0161lo, \u017ee posledn\u00edch x let se na\u0161e n\u00e1kupy a smlouvy \u0159\u00edd\u00ed v\u0161\u00edm jin\u00fdm ne\u017e logikou. Pak u\u017e jsem se s t\u00edm n\u011bjak sm\u00ed\u0159il a \u0159ekl jsem si &#8211; uka\u017e co um\u00ed\u0161, kdy\u017e u\u017e jse\u0161 tady&#8230;Byl jsem p\u0159esv\u011bd\u010den o tom, \u017ee v\u00edc ne\u017e cokoliv jin\u00e9ho by n\u00e1m mohla u\u0161kodit dal\u0161\u00ed zm\u011bna tren\u00e9ra po jeho p\u0159\u00edpadn\u00e9m vyhazovu. Te\u010f so samoz\u0159ejm\u011b vid\u00edm jako chybu a jsem r\u00e1d, \u017ee uvolnil m\u00edsto Lampardovi.<\/p>\n<p><strong>Tom: <\/strong>Vo v\u0161eobecnosti som nemal probl\u00e9m s t\u00fdm, \u017ee sa Rafa stal mana\u017e\u00e9rom, aj ke\u010f presne ako som si myslel, ak nebud\u00fa dobr\u00e9 v\u00fdkony, veci sa r\u00fdchlo zvrtn\u00fa k zl\u00e9mu, a to sa aj stalo. Ku koncu u\u017e musel od\u00eds\u0165. Tie okolnosti sa zmenili na fra\u0161ku, kv\u00f4li ktorej n\u00e1\u0161 klub vyzeral ako vtip. Zm\u00e4tok v tom, kto pr\u00edde, v prestupe Digneho a celkov\u00fd z\u00e1pach z klubu. Povedal by som, \u017ee ve\u013ea \u013eud\u00ed m\u00e1 slabos\u0165 pre Everton kv\u00f4li ich dlhovekosti v lige, trad\u00edcii a jedn\u00e9mu z posledn\u00fdch skuto\u010dne starom\u00f3dnych \u0161tadi\u00f3nov v Premier League. Av\u0161ak c\u00edtil som, \u017ee ve\u013ea neutr\u00e1lnych \u013eud\u00ed chcelo, aby sme zost\u00fapili. Prejavilo sa to na ihrisku, ale v podstate to boli sra\u010dky, ktor\u00e9 sa diali v z\u00e1kulis\u00ed vedenia klubu ako celku. Trosky je slovo, ktor\u00e9 to zhr\u0148uje (bez pou\u017eitia hor\u0161\u00edch alebo nepublikovate\u013en\u00fdch slov).<\/p>\n<p>Odchod Ancelottiho bola hanba. Vyzerali sme, \u017ee by sme to s n\u00edm mohli niekam dotiahnu\u0165, no st\u00e1le bolo potrebn\u00e9 urobi\u0165 ve\u013ea vylep\u0161en\u00ed (spome\u0148me si, ko\u013eko dom\u00e1cich z\u00e1pasov sme prehrali), tak\u017ee som sa ve\u013emi n\u00e1dejal do bud\u00facna. Ale ke\u010f sa ozve Real, \u0165a\u017eko mu m\u00f4\u017eete vy\u010d\u00edta\u0165, \u017ee odi\u0161iel.<\/p>\n<p><img loading=\"lazy\" decoding=\"async\" class=\"alignnone size-full wp-image-15665\" src=\"https:\/\/evertonfc.cz\/wp-content\/uploads\/2021\/06\/Rafael-Benitez-30-6-2021.jpg\" alt=\"\" width=\"720\" height=\"405\" srcset=\"https:\/\/evertonfc.cz\/wp-content\/uploads\/2021\/06\/Rafael-Benitez-30-6-2021.jpg 720w, https:\/\/evertonfc.cz\/wp-content\/uploads\/2021\/06\/Rafael-Benitez-30-6-2021-300x169.jpg 300w\" sizes=\"(max-width: 720px) 100vw, 720px\" \/><\/p>\n<h4><span style=\"font-size: 12pt;\"><strong>Jedn\u00edm z d\u016fvod\u016f t\u00e9to neblah\u00e9 volby byla patrn\u011b ochota pracovat s n\u00edzk\u00fdm rozpo\u010dtem. Za nov\u00e9 hr\u00e1\u010de se tedy neutr\u00e1celo (p\u0159ipom\u00edn\u00e1m Gray, Townsend, Begovi\u0107, Rond\u00f3n, Lonergan za celkem 2M eur). Tak\u00e9 se \u0161et\u0159ilo, ode\u0161el Bernard a byl odejit i hv\u011bzdn\u00fd James Rodriguez. Sou\u010dasn\u011b z\u00e1sahem vy\u0161\u0161\u00ed moci zmizel Gylfi Sigurdsson. Jak Everton vzhledem k okolnostem nakupoval a nechyb\u011bla n\u00e1sledn\u011b t\u00fdmu kreativita?<\/strong><\/span><\/h4>\n<p><strong>Javor:<\/strong> N\u00e1kupy klubu hodnot\u00edm na dvojku, z t\u00e9hle p\u011btice nevy\u0161el vlastn\u011b jen Rond\u00f3n. Kreativita samoz\u0159ejm\u011b chyb\u011bla, ono to jinak ani b\u00fdt nem\u016f\u017ee, kdy\u017e z r\u016fzn\u00fdch d\u016fvod\u016f odejdou oba hr\u00e1\u010di, kte\u0159\u00ed jsou schopni a ochotni hr\u00e1t pozici \u010d\u00edslo deset. Ale Gray i Townsend odehr\u00e1li sez\u00f3nu celkem slu\u0161n\u011b a Gordon se tak\u00e9 sna\u017eil, zase z toho ned\u011blejme zpomalen\u00ed ze stovky na nulu.<\/p>\n<p><strong>Petr:<\/strong> Jasn\u011b, vid\u00edm to stejn\u011b, a je to za m\u011b snad jedin\u00e9 pozitivum na jeho p\u016fsoben\u00ed v Goodison Parku. N\u00e1kupy vzhledem k vynalo\u017een\u00e9 \u010d\u00e1stce byly v\u00edc ne\u017e dobr\u00e9. Gray hr\u00e1l dob\u0159e od za\u010d\u00e1tku, Townsend m\u011bl vynikaj\u00edc\u00ed \u00favod, pak bohu\u017eel trochu upadl&#8230;Begovic v\u00edc ne\u017e spolehliv\u00e1 dvojka. Rond\u00f3n m\u011b osobn\u011b ni\u010d\u00edm nep\u0159ekvapil, moc jsem ne\u010dekal. Rodriguez\u016fv konec byl dan\u00fd koncem Ancellotiho, tady t\u011b\u017eko n\u011bco Benitezovi vy\u010d\u00edtat. Probl\u00e9m, kter\u00fd mus\u00edme akutn\u011b vy\u0159e\u0161it jsou odchody Rodrigueze a Sigurdssona&#8230; nechali d\u00edru ve st\u0159edu z\u00e1lohy a v sou\u010dasn\u00e9m k\u00e1dru nevid\u00edm nikoho, kdo by spolehliv\u011b mohl zaujmout jejich m\u00edsto.<\/p>\n<p><strong>Tom:<\/strong> Strata Sigiho a Jamesa pri vytv\u00e1ran\u00ed \u0161anc\u00ed o\u010dividne nepomohla. Sigi pod\u013ea m\u0148a ch\u00fdbal viac jednoducho preto, \u017ee poznal Premier League, bol ve\u013emi konzistentn\u00fd. Zatia\u013e \u010do pri Jamesovi sa zdalo, \u017ee po ka\u017edom dobrom z\u00e1pase sa na \u010fal\u0161\u00ed tak trochu vytratil. A\u00a0mal by \u017eal\u00fadok na boj? V\u0161etci vieme, \u017ee m\u00e1 talent, ale niekedy je to luxus, ktor\u00fd si nem\u00f4\u017eeme dovoli\u0165. Nie v zmysle pe\u0148az\u00ed, ale nem\u00e1me celkov\u00fa kvalitu na to, aby sme \u201eniesli\u201c luxusn\u00e9ho hr\u00e1\u010da. \u010co sa t\u00fdka nov\u00fdch hr\u00e1\u010dov, tak ni\u010d, z \u010doho by sme sa mali pr\u00edli\u0161 vzru\u0161ova\u0165, hoci Gray a Townsend za\u010dali dobre a strie\u013eali g\u00f3ly. Zd\u00e1 sa, \u017ee slu\u0161n\u00fd \u0161tart v prv\u00fdch 3 alebo 4 z\u00e1pasoch dal Rafovi trochu \u010dasu. A nov\u00ed hr\u00e1\u010di, ktor\u00ed si po\u010d\u00ednali dobre, zamaskovali skuto\u010dnos\u0165 a frustr\u00e1ciu fan\u00fa\u0161ikov, \u017ee sme v lete neminuli \u017eiadne peniaze alebo neurobili nejak\u00fd \u201eve\u013ek\u00fd\u201c podpis.<\/p>\n<p><img loading=\"lazy\" decoding=\"async\" class=\"alignnone size-full wp-image-15238\" src=\"https:\/\/evertonfc.cz\/wp-content\/uploads\/2021\/05\/James-Rodriguez-Everton-FC-by-SITA-AP-7-5-2021.jpg\" alt=\"\" width=\"720\" height=\"405\" srcset=\"https:\/\/evertonfc.cz\/wp-content\/uploads\/2021\/05\/James-Rodriguez-Everton-FC-by-SITA-AP-7-5-2021.jpg 720w, https:\/\/evertonfc.cz\/wp-content\/uploads\/2021\/05\/James-Rodriguez-Everton-FC-by-SITA-AP-7-5-2021-300x169.jpg 300w\" sizes=\"(max-width: 720px) 100vw, 720px\" \/><\/p>\n<h4><span style=\"font-size: 12pt;\"><strong>Po slibn\u00e9m za\u010d\u00e1tku se toti\u017e Benit\u00e9z\u016fv rigidn\u00ed syst\u00e9m sesypal, p\u0159i\u0161la t\u011b\u017eko uv\u011b\u0159iteln\u00e1 s\u00e9rie 10 por\u00e1\u017eek ze 13 z\u00e1pas\u016f. Kde hledat hlavn\u00ed p\u0159\u00ed\u010diny takov\u00e9ho propadu?<\/strong><\/span><\/h4>\n<p><strong>Javor:<\/strong> Jedn\u00edm z d\u016fvod\u016f je dlouhodob\u00e1 absence Calverta-Lewina. Chlapec nehr\u00e1l \u010dty\u0159i m\u011bs\u00edce v kuse, \u00fato\u010dn\u00edk \u010d\u00edslo 2 Rond\u00f3n dal za celou sez\u00f3nu v lize jednu branku. A kdy\u017e k tomu p\u0159i\u010dteme, \u017ee na\u0161e k\u0159\u00eddla jsou opravdu sp\u00ed\u0161e k\u0159\u00eddla ne\u017e zakon\u010dovatel\u00e9, tak tu m\u00e1me celkem velk\u00fd probl\u00e9m ohledn\u011b st\u0159\u00edlen\u00ed branek. No a kdy\u017e je obrana bez \u0161\u00e9fa, tak to podle toho vypad\u00e1. Na stoperu je Mina dobr\u00fd, kdy\u017e hraje, co\u017e je ale m\u00e1lokdy. Nem\u011bli jsme a st\u00e1le nem\u00e1me prav\u00e9ho obr\u00e1nce, Coleman je sice kapit\u00e1n, ale v\u00fdkony na pravidelnou z\u00e1kladn\u00ed sestavu ji\u017e nepod\u00e1v\u00e1.<\/p>\n<p><strong>Petr:<\/strong> Aby se dalo mluvit o propadu, musel by b\u00fdt n\u011bjak\u00fd vzestup. Ano, 4 v\u00fdhry a rem\u00edza v p\u011bti z\u00e1pasech vypadaj\u00ed p\u011bkn\u011b na pap\u00ed\u0159e, ale kdy\u017e se pod\u00edv\u00e1\u0161, s k\u00fdm jsme hr\u00e1li &#8211; \u017e\u00e1dn\u00fd z\u00e1zrak. To, co n\u00e1sledovalo potom bylo tot\u00e1ln\u00ed zoufalstv\u00ed, za zm\u00ednku stoj\u00ed snad jen dom\u00e1c\u00ed v\u00fdhra nad &#8222;vla\u017en\u00fdm&#8220; Arsenalem. Nevid\u011bl bych v tom n\u011bjak\u00fd propad, prost\u011b konstantn\u011b \u0161patn\u00fd nastaven\u00ed.<\/p>\n<p><strong>Tom:<\/strong> Vybral si skvel\u00e9 slovo, rigidn\u00fd! Rigidnej\u0161ia by bola u\u017e len doska z dreva. Mysl\u00edm, \u017ee je to probl\u00e9m, ktor\u00fd sme mali nielen s Rafom, ale aj s Mart\u00ednezom a Silvom. Ke\u010f sa veci za\u010dn\u00fa kazi\u0165, pre\u010do pokra\u010dujeme v rovnak\u00fdch veciach \u010fal\u0161\u00edch 10 z\u00e1pasov, s \u00faplne rovnak\u00fdm syst\u00e9mom, taktikou, hr\u00e1\u010dmi a d\u00fafame, \u017ee sa to nejako zmen\u00ed? Je potrebn\u00fd lep\u0161\u00ed pl\u00e1n B. Obdivujem skuto\u010dnos\u0165, \u017ee Lampard zdanlivo sk\u00fa\u0161al r\u00f4zne form\u00e1cie, aj ke\u010f som to tie\u017e ob\u010das spochyb\u0148oval, ke\u010f som videl, kto hr\u00e1. Strata DCL a \u010fal\u0161ie zranenia n\u00e1s skuto\u010dne zrazili na zem. Mina bol dlho mimo, a ke\u010f strat\u00edte svoje g\u00f3ly a jedn\u00e9ho z najlep\u0161\u00edch obrancov, v\u017edy to budete ma\u0165 \u0165a\u017ek\u00e9.<\/p>\n<p>\u010co ma frustruje, je, \u017ee tam nem\u00e1me \u017eiadneho skuto\u010dn\u00e9ho l\u00eddra (alebo l\u00eddrov), \u010do v s\u00fa\u010dasnosti pravdepodobne plat\u00ed pre viacero t\u00edmov. M\u00e1m na mysli Arsenal alebo Man Utd. V priebehu rokov sme mali hr\u00e1\u010dov, ktor\u00ed n\u00e1s hnali vpred, udr\u017eiavali v chode. Od \u013eud\u00ed ako Peter Reid a Andy Gray a\u017e po Barryho Horna, Tommyho G a Leona Osmana. O v\u0161etk\u00fdch z nich by som povedal, \u017ee neboli v\u017edy najlep\u0161\u00edmi hr\u00e1\u010dmi, ale neakceptovali prehru a neakceptovali menej ako 100%. \u010cakal som, \u017ee mo\u017eno vyst\u00fapi Keane, Allan alebo Doucour\u00e9, ale bolo to prinajlep\u0161om obmedzen\u00e9. Nem\u00f4\u017eete podce\u0148ova\u0165 d\u00f4le\u017eitos\u0165 l\u00eddra v strede obrany alebo z\u00e1lohy. Coleman bol pravdepodobne na\u0161im hlavn\u00fdm mu\u017eom, ale jeho v\u00fdkony po\u010das celej sez\u00f3ny boli pln\u00e9 ch\u00fdb. A hoci ho m\u00e1m r\u00e1d (a libra za libru je to jeden z na\u0161ich najlep\u0161\u00edch prestupov), jeho kari\u00e9ra sa bl\u00ed\u017ei ku koncu.<\/p>\n<p><img loading=\"lazy\" decoding=\"async\" class=\"alignnone size-full wp-image-16990\" src=\"https:\/\/evertonfc.cz\/wp-content\/uploads\/2021\/11\/Pickford-VS-Manchester-City-by-Alex-Livesey-22-11-2021.jpg\" alt=\"\" width=\"720\" height=\"405\" srcset=\"https:\/\/evertonfc.cz\/wp-content\/uploads\/2021\/11\/Pickford-VS-Manchester-City-by-Alex-Livesey-22-11-2021.jpg 720w, https:\/\/evertonfc.cz\/wp-content\/uploads\/2021\/11\/Pickford-VS-Manchester-City-by-Alex-Livesey-22-11-2021-300x169.jpg 300w\" sizes=\"(max-width: 720px) 100vw, 720px\" \/><\/p>\n<h4><span style=\"font-size: 12pt;\"><strong>Je\u0161t\u011b ne\u017e no\u010dn\u00ed m\u016fra skon\u010dila, dostalo se \u0160pan\u011blovi hlasu d\u016fv\u011bry od veden\u00ed. Byl propu\u0161t\u011bn Marcel Brands a rozhodov\u00e1n\u00ed nad p\u0159estupy bylo v rukou mana\u017eera. Jakou stopu nizezemsk\u00fd DoF v Evertonu zanechal?<\/strong><\/span><\/h4>\n<p><strong>Javor:<\/strong> Nesmazatelnou. Samoz\u0159ejm\u011b byly i n\u00e1kupy, kter\u00e9 nevy\u0161ly (Joshua King, L\u00f6ssl, Gbamin) ale kdy\u017e zm\u00edn\u00edm p\u0159\u00edchod Rodr\u00edgueze \u010di Digneho, tak je jasn\u00e9, \u017ee se mnohem \u010dast\u011bji trefila \u0161ibenice ne\u017e rohov\u00fd praporek. Celkov\u011b p\u016fsobil sympaticky, \u0161koda ho, vypadal, \u017ee v\u00ed, co chce a jak toho chce dos\u00e1hnout.<\/p>\n<p><strong>Petr:<\/strong> No, pro m\u011b dal\u0161\u00ed nepochopiteln\u00fd krok. Moshiri by se m\u011bl soust\u0159edit na to, aby vybral profesion\u00e1ly, kte\u0159\u00ed rozum\u00ed tomu co d\u011blaj\u00ed, ne se sna\u017eit d\u011blat jejich pr\u00e1ci. J\u00e1 osobn\u011b jsem vid\u011bl Brandse jako jednoho z m\u00e1la rozumn\u00fdch ve veden\u00ed a v\u011b\u0159il jsem mu v tom, co d\u011bl\u00e1. P\u0159ece jen p\u0159ivedl t\u0159eba Richarlisona nebo Digneho. Samoz\u0159ejm\u011b se najdou i p\u0159estupy, co se nepovedly. Ot\u00e1zka je, nakolik mohl d\u011blat svou pr\u00e1ci a nakolik m\u011bl sv\u00e1zan\u00e9 ruce, do toho bohu\u017eel tolik nevid\u00edm.<\/p>\n<p><strong>Tom:<\/strong> Toto je poz\u00edcia, ktor\u00fa, mysl\u00edm, nikdy nepochop\u00edm. V\u017edy m\u00e1m pocit, \u017ee tr\u00e9neri, mana\u017e\u00e9ri, skauti a DoF id\u00fa r\u00f4znymi smermi. Niet divu, \u017ee niekto dostal gu\u013eku. Cel\u00fd ten mesiac, \u010di ko\u013eko, bol zl\u00fd. Zvonku to vyzeralo, \u017ee nikto nevie, \u010do sa kurva deje. Ospravedl\u0148ujem sa za slov\u00e1, ale nie za sentiment, no bolo to tr\u00e1pne. St\u00e1le nepozn\u00e1m Brandsov n\u00e1zor a reflektova\u0165 na\u0148, \u010di bolo vyhodenie opr\u00e1vnen\u00e9 alebo nie, ale meno Evertonu sa vtedy \u0165ahalo po kan\u00e1loch.<\/p>\n<p><img loading=\"lazy\" decoding=\"async\" class=\"alignnone size-full wp-image-17081\" src=\"https:\/\/evertonfc.cz\/wp-content\/uploads\/2021\/12\/salah_1_12_2021.jpg\" alt=\"\" width=\"720\" height=\"405\" srcset=\"https:\/\/evertonfc.cz\/wp-content\/uploads\/2021\/12\/salah_1_12_2021.jpg 720w, https:\/\/evertonfc.cz\/wp-content\/uploads\/2021\/12\/salah_1_12_2021-300x169.jpg 300w\" sizes=\"(max-width: 720px) 100vw, 720px\" \/><\/p>\n<h4><span style=\"font-size: 12pt;\"><strong>Hr\u016fzovl\u00e1da se udr\u017eela je\u0161t\u011b do poloviny lednov\u00e9ho p\u0159estupn\u00edho obdob\u00ed a d\u011bly se v\u011bci. Rebel Digne se pakoval a za utr\u017een\u00e9 libry se nakoupili 2 mlad\u00ed krajn\u00ed beci a jeden Anwar El Ghazi. Jak hodnot\u00edte tuhle v\u00fdm\u011bnu, i kdy\u017e jako hr\u00e1\u010de lze posuzovat jen Mykolenka?<\/strong><\/span><\/h4>\n<p><strong>Javor:<\/strong> Mykolenko i Patterson maj\u00ed na Goodison Parku budoucnost, t\u011b\u0161\u00edm se na jejich rozvoj, nad hostov\u00e1n\u00edm El Ghaz\u00edho z\u016fst\u00e1v\u00e1 rozum st\u00e1t. Nejhor\u0161\u00ed p\u016fj\u010dka\/n\u00e1kup sez\u00f3ny, ale ono t\u011b\u017eko hodnotit n\u011bkoho, kdo odehr\u00e1l 2 z\u00e1pasy (te\u010f jsem asi zbyte\u010dn\u011b p\u0159\u00edsn\u00fd).<\/p>\n<p><strong>Petr:<\/strong> Digne byl m\u016fj obl\u00edbenec, doufal jsem, \u017ee z\u016fstane v klubu co nejd\u00e9le. Takov\u00fd konec si fakt nezaslou\u017eil. Byla to dal\u0161\u00ed demonstrace neschopnosti tehdej\u0161\u00edho &#8222;veden\u00ed&#8220;. Co se t\u00fdk\u00e1 posil, Myko je u\u017e te\u010f hr\u00e1\u010d do z\u00e1kladu, a bude se zlep\u0161ovat, tento n\u00e1kup se povedl. El Ghazi, co na to \u0159\u00edct? Ani po\u0159\u00e1dn\u011b nedostal \u0161anci, ale pochybuju, \u017ee by byl p\u0159\u00ednosem. Patterson je asi sp\u00ed\u0161e hr\u00e1\u010dem pro budoucnost, up\u0159\u00edmn\u011b v\u016fbec nev\u00edm jak na tom je. Po\u010dkejme si sez\u00f3nu.<\/p>\n<p><strong>Tom:<\/strong> Nezmyseln\u00e1 (pre El Ghaziho). Nie som ist\u00fd, \u010di odohral viac ako 15 min\u00fat. A \u017ee sme nechali od\u00eds\u0165 Digneho, krimin\u00e1lne! Tr\u00e1pil sa v neistej obrane a nebol schopn\u00fd hra\u0165 vy\u0161\u0161ie a podpori\u0165 \u00fatok \u2013 dokonca ani nemal cie\u013e ako DCL, na ktor\u00fd by mieril. Necha\u0165 od\u00eds\u0165 svojich najlep\u0161\u00edch hr\u00e1\u010dov nikdy nie je cesta vpred, pokia\u013e cena nie je v\u00fdnimo\u010dn\u00e1 a vy ju nem\u00f4\u017eete nahradi\u0165 pomocou t\u00fdchto prostriedkov. Zd\u00e1 sa mi, \u017ee bol kritick\u00fd vo\u010di Rafovi a na to doplatil. Sledoval som ho trochu vo Ville. R\u00fdchlo sa usadil a dostal sa sp\u00e4\u0165 do svojej najlep\u0161ej formy, dokonca aj s Kopite za \u0161\u00e9fa! D\u00e1 sa len predpoklada\u0165, \u017ee on a Rafa videli hru \u00faplne inak. Mykolenko si po\u010d\u00ednal naozaj dobre a v bud\u00facom roku bude ur\u010dite k\u013e\u00fa\u010dov\u00fdm hr\u00e1\u010dom. Patterson je dobr\u00fd podpis. Bude to chv\u00ed\u013eu trva\u0165, ale koniec koncov Coleman nebude hra\u0165 ve\u010dne a on dostane svoje \u0161ance. Na z\u00e1klade z\u00e1pasov za Rangers a za \u0160k\u00f3tsko vyzer\u00e1 ako skuto\u010dn\u00fd talent. Jonjoe Kenny odi\u0161iel, tak\u017ee to ur\u010dite znamen\u00e1, \u017ee Lampard s nimi v\u0161etk\u00fdm u\u017e hovoril.<\/p>\n<p><img loading=\"lazy\" decoding=\"async\" class=\"alignnone size-full wp-image-17304\" src=\"https:\/\/evertonfc.cz\/wp-content\/uploads\/2021\/12\/digne_27_12_2021.jpg\" alt=\"\" width=\"720\" height=\"405\" srcset=\"https:\/\/evertonfc.cz\/wp-content\/uploads\/2021\/12\/digne_27_12_2021.jpg 720w, https:\/\/evertonfc.cz\/wp-content\/uploads\/2021\/12\/digne_27_12_2021-300x169.jpg 300w\" sizes=\"(max-width: 720px) 100vw, 720px\" \/><\/p>\n<h4><span style=\"font-size: 12pt;\"><strong>Potom usadol na tr\u00f3n Frank Lampard. Boli sme v\u0161ak aj svedkami pokusov najvy\u0161\u0161ej hierarchie dosadi\u0165 in\u00e9ho majite\u013eovho ko\u0148a. No \u017eelanie mena fan\u00fa\u0161ikov, ktor\u00e9 bolo nasprejovan\u00e9 na stene \u0161tadi\u00f3na, bolo napokon vysly\u0161an\u00e9. Ako so spom\u00ednate na cel\u00fa t\u00fa af\u00e9ru odchodu Ben\u00edteza, tla\u010denie do funkcie Pereiru, a\u00a0napokon \u013eudov\u00fa vo\u013ebu Frankieho? Boli ste spokojn\u00fd s\u00a0v\u00fdberom? Alebo by ste konali inak?<\/strong><\/span><\/h4>\n<p><strong>Javor:<\/strong> Na rozd\u00edl od mnoha jin\u00fdch jsem se z Ben\u00edtezova odchodu neradoval, a\u010d bylo od n\u011bjak\u00e9 doby jasn\u00e9, \u017ee mus\u00ed b\u00fdt vyhozen. Pereira je folkl\u00f3r, ani mi nep\u0159i\u0161lo, \u017ee by m\u011bl p\u0159ed podpisem, zkr\u00e1tka takov\u00fd opakovan\u00fd vtip. Ale jo, s volbou Lamparda jsem byl spokojen, a\u010d mu p\u0159edchoz\u00ed anga\u017em\u00e1 nevy\u0161lo a dosud nen\u00ed jako mana\u017eer kdov\u00edjak zku\u0161en\u00fd. Jin\u00e1 jm\u00e9na bych ur\u010dit\u011b cht\u011bl, ale jedna v\u011bc je moje p\u0159\u00e1n\u00ed a druh\u00e1 v\u011bc je realita.<\/p>\n<p><strong>Petr: <\/strong>Jak u\u017e jsem psal v\u00fd\u0161e, tato rozhodnut\u00ed by se nem\u011bla d\u011blat podle sympati\u00ed a emoc\u00ed, dosazovat do funkce zn\u00e1m\u00e9 nebo zn\u00e1m\u00e9 zn\u00e1m\u00fdch. Chce to logiku a pragmatismus. P\u0159esn\u00fd opak toho, co se d\u011blo za tragikomedii u n\u00e1s. Byl jsem z toho opravdu znechucen a nep\u0159ekvapilo by m\u011b, kdyby tu funkci ve fin\u00e1le dostal Franz Straka. Na\u0161t\u011bst\u00ed fanou\u0161ci dok\u00e1zali za\u0159vat dost nahlas a nenechali si to l\u00edbit. J\u00e1 jsem s Lampardem zat\u00edm spokojen, c\u00edle pln\u00ed, hr\u00e1\u010di i fanou\u0161ci za n\u00edm jdou. Dok\u00e1\u017ee stmelit kolektiv a fotbalem se bav\u00ed. Super.<\/p>\n<p><strong>Tom:<\/strong> Mysl\u00edm, \u017ee v celej veci bol prvok paniky. Neviem ni\u010d o Pereirovi, ale \u010do v\u017edy h\u013ead\u00e1m pri zmene tr\u00e9nera alebo mana\u017e\u00e9ra je, \u010di ten niekto A) &#8230;n\u00e1s urob\u00ed lep\u0161\u00edmi\/zlep\u0161\u00ed B) &#8230;m\u00f4\u017eeme si ho dovoli\u0165 C) &#8230; je ochotn\u00fd pr\u00eds\u0165. Zabudnite na Mourinha, Ancelottiho (op\u00e4\u0165), Conteho a tr\u00e9nerov zvu\u010dn\u00fdch mien, nem\u00f4\u017eeme si ich dovoli\u0165 a nepri\u0161li by. Zost\u00e1va n\u00e1m teda zvy\u010dajne ve\u013emi depres\u00edvne mal\u00fd okruh kandid\u00e1tov. Mysl\u00edm si, \u017ee Potter v Brightone bola slu\u0161n\u00e1 vo\u013eba, ale nie som sklaman\u00fd v\u00fdberom Lamparda vzh\u013eadom na ten okruh. M\u00e1 \u017eiv\u00e9 vystupovanie a ukazuje svoju v\u00e1\u0161e\u0148, aj ke\u010f nie s\u00fa to vlastnosti, ktor\u00e9 s\u00fa d\u00f4le\u017eitej\u0161ie ako taktick\u00e9. Av\u0161ak je dobr\u00e9, \u017ee na to fan\u00fa\u0161ikovia reaguj\u00fa a \u010derpaj\u00fa z toho. Mlad\u0161\u00ed hr\u00e1\u010di dostan\u00fa \u0161ancu, ak je nie\u010do pravdy na jeho p\u00f4soben\u00ed v Derby a Chelsea. Mojou ve\u013ekou obavou je obrana. Dok\u00e1\u017ee zastavi\u0165 hrozn\u00e9, \u00a0fakt hrozn\u00e9 g\u00f3ly, ktor\u00e9 zrejme inkasuje iba Everton (m\u00f4j pr\u00edklad, Watford doma a Palace tie\u017e, napriek v\u00ed\u0165azstvu \u2013 tie g\u00f3ly s\u00fa na smiech!)?<\/p>\n<p><img loading=\"lazy\" decoding=\"async\" class=\"alignnone size-full wp-image-17609\" src=\"https:\/\/evertonfc.cz\/wp-content\/uploads\/2022\/01\/skysports-frank-lampard-vitor-pereira_duncan-ferguson-29-1-2022.jpg\" alt=\"\" width=\"720\" height=\"405\" srcset=\"https:\/\/evertonfc.cz\/wp-content\/uploads\/2022\/01\/skysports-frank-lampard-vitor-pereira_duncan-ferguson-29-1-2022.jpg 720w, https:\/\/evertonfc.cz\/wp-content\/uploads\/2022\/01\/skysports-frank-lampard-vitor-pereira_duncan-ferguson-29-1-2022-300x169.jpg 300w\" sizes=\"(max-width: 720px) 100vw, 720px\" \/><\/p>\n<h4><span style=\"font-size: 12pt;\"><strong>Lampard mal len minimum \u010dasu na udom\u00e1cnenie sa v\u00a0novej role \u0161\u00e9fa Karameliek. Jeho okam\u017eit\u00e1 priorita bola posilnenie k\u00e1dra po\u010das posledn\u00e9ho d\u0148a prestupov\u00e9ho obdobia. Vo\u013eba padla na z\u00e1lohu, kam pri\u0161li dve exkluz\u00edvne men\u00e1. Donny van de Beek na hos\u0165ovanie z\u00a0Manchesteru United a\u00a0Dele Alli v\u00a0podstate zadarmo z\u00a0Tottenhamu Hotspur. Va\u0161e hodnotenie jeho po\u010d\u00ednania na prestupovom trhu a\u00a0celkov\u00e9ho pr\u00ednosu pos\u00edl do konca sez\u00f3ny?<\/strong><\/span><\/h4>\n<p><strong>Javor: <\/strong>Ani jeden moc nehr\u00e1l, oba odehr\u00e1li tak dva dobr\u00e9 z\u00e1pasy. Ostatn\u011b, Alli p\u0159i\u0161el v\u00edcem\u00e9n\u011b na zkou\u0161ku a hostova\u010dka van de Beeka byla bez opce, tak\u017ee jsme jen pom\u00e1hali konkurenci. V dob\u011b p\u0159\u00edchodu obou to vypadalo dob\u0159e, nakonec to bylo tak na \u010dty\u0159ku.<\/p>\n<p><strong>Petr:<\/strong> No, tohle t\u011b\u017eko hodnotit. Vzhledem k tomu, \u017ee na to m\u011bl opravdu m\u00e1lo \u010dasu, vybral asi dob\u0159e. Van de Beek na m\u011b p\u016fsobil daleko l\u00e9pe a jist\u011bji ne\u017e Alli, \u0161koda \u017ee jsme na n\u011bj nem\u011bli opci. Delle Alli nic moc nep\u0159edvedl, ale taky toho prostoru nedostal asi kolik by pot\u0159eboval. Nicm\u00e9n\u011b m\u011bl p\u0159in\u00e9st okam\u017eitou pomoc hlavn\u011b kreativitu, to se mu \u00fapln\u011b nepovedlo.<\/p>\n<p><strong>Tom:<\/strong> Pomohol n\u00e1m udr\u017ea\u0165 sa, mal energiu, ke\u010f \u017eiadna nebola. Dav ho podporil a dodal e\u0161te v\u00e4\u010d\u0161iu, aby sme sa dostali cez \u010diaru. Nemysl\u00edm si, \u017ee sa od neho do\u010dk\u00e1me majstrovsk\u00fdch takt\u00edk, ale prajem mu ve\u013ea \u0161\u0165astia. Nech vyu\u017eije to, \u010do sa nau\u010dil ako \u0161pi\u010dkov\u00fd top hr\u00e1\u010d, a\u00a0ke\u010f pracoval pod veden\u00edm \u0161pi\u010dkov\u00fdch mana\u017e\u00e9rov, a d\u00fafajme, \u017ee m\u00f4\u017ee urobi\u0165 nie\u010do dobr\u00e9. Mo\u017eno vyu\u017eijeme jeho kontakty, aby sme dostali aj p\u00e1r mlad\u00fdch hr\u00e1\u010dov. Donny a Dele boli na papieri slu\u0161n\u00fdmi posilami. Ale okrem prv\u00fdch p\u00e1r z\u00e1pasov DvdB a Deleho striedania v druhom pol\u010dase proti Palace, naozaj neoslnili. Dele, ak sa m\u00f4\u017ee dosta\u0165 do formy a hra\u0165, m\u00e1 potenci\u00e1l by\u0165 ve\u013emi dobr\u00fdm podpisom.<\/p>\n<p><img loading=\"lazy\" decoding=\"async\" class=\"alignnone size-full wp-image-17439\" src=\"https:\/\/evertonfc.cz\/wp-content\/uploads\/2022\/01\/el_ghazi_13_1_2022.jpg\" alt=\"\" width=\"720\" height=\"405\" srcset=\"https:\/\/evertonfc.cz\/wp-content\/uploads\/2022\/01\/el_ghazi_13_1_2022.jpg 720w, https:\/\/evertonfc.cz\/wp-content\/uploads\/2022\/01\/el_ghazi_13_1_2022-300x169.jpg 300w\" sizes=\"(max-width: 720px) 100vw, 720px\" \/><\/p>\n<h4><span style=\"font-size: 12pt;\"><strong>S\u00a0decimovanou mor\u00e1lkou mu\u017estva za\u010dal Frank s\u013eubne. Prv\u00fd z\u00e1pas vyhral vysok\u00fdm rozdielom v\u00a0FA Cupe nad Brentfordom. Ale v\u00fdsledky aj v\u00fdkony boli na\u010falej kol\u00edsav\u00e9. Vyhral v\u00a0priemere len ka\u017ed\u00fd tret\u00ed z\u00e1pas, pri\u010dom v\u00e4\u010d\u0161inu ostatn\u00fdch prehral. Oporou mu bol v\u017edy Goodison Park, kde si Everton zaistil nakoniec aj zotrvanie v\u00a0Premier League. \u010co si mysl\u00edte o\u00a0druhej polovici sez\u00f3ny? Kde pod\u013ea v\u00e1s Lampard chyboval a\u00a0v\u00a0\u010dom exceloval?<\/strong><\/span><\/h4>\n<p><strong>Javor:<\/strong> V druh\u00e9 polovin\u011b sez\u00f3ny se Evertonu poda\u0159ilo zachr\u00e1nit ligovou p\u0159\u00edslu\u0161nost a kupodivu zvl\u00e1dl doj\u00edt do \u010dtvrtfin\u00e1le Anglick\u00e9ho poh\u00e1ru. Lampard exceloval v pravideln\u00e9m stav\u011bn\u00ed Gordona a chyboval v neust\u00e1l\u00e9m stav\u011bn\u00ed Richarlisona na hrot. Brazilec je dost pali\u010d a m\u00e1 dost velk\u00fd pod\u00edl viny na tom, \u017ee se Everton musel zachra\u0148ovat v p\u0159edposledn\u00edm kole. T\u00e9\u017e bych Lampardovi vy\u010detl stav\u011bn\u00ed nedol\u00e9\u010den\u00fdch plejer\u016f (Mina, Calvert-Lewin).<\/p>\n<p><strong>Petr:<\/strong> Pravda, v\u00fdsledkov\u011b to nebyl taky \u017e\u00e1dn\u00fd z\u00e1zrak, za to by se nemusel styd\u011bt ani Rafa. Ale j\u00e1 nev\u00edm, jako fanou\u0161ek jsem prost\u011b ochoten Lampardovi odpustit o n\u011bco v\u00edc, ne\u017e tomu \u0161pan\u011blsk\u00fdmu \u010d\u00ed\u0161n\u00edkovi. Hlavn\u00ed c\u00edl splnil, udr\u017eel n\u00e1s v lize a to je\u0161t\u011b tak, \u017ee kdy\u017e jsme dostali b\u016fra od Arsenalu v posledn\u00edm z\u00e1pase, nikdo to ne\u0159e\u0161il a v\u0161ichni se radovali. Pokud m\u00e1 n\u011bkde rezervy, mysl\u00edm, \u017ee by mohl v n\u011bkter\u00fdch z\u00e1pasech l\u00e9pe st\u0159\u00eddat, rozlo\u017eit z\u00e1t\u011b\u017e na v\u00edce hr\u00e1\u010d\u016f (pokud je na koho) a pot\u0159ebuje asi trochu vysp\u011bt jako tren\u00e9r po taktick\u00e9 str\u00e1nce. Exceloval hlavn\u011b v tom, \u017ee si dok\u00e1zal rychle z\u00edskat v\u0161echny v\u010detn\u011b fans na svou stranu, z boje o z\u00e1chranu a tot\u00e1ln\u00edho zoufalstv\u00ed vyt\u011b\u017eit radost a z Evertonu ud\u011blat t\u00fdm.<\/p>\n<p><strong>Tom:<\/strong> Vo vz\u0165ahu k fan\u00fa\u0161ikom a hr\u00e1\u010dom bol priamy. Dal to hr\u00e1\u010dom (inak pr\u00e1vom zasl\u00fa\u017eene) vy\u017era\u0165 po prehre s Palace v poh\u00e1ri. Dostal fan\u00fa\u0161ikov na svoju stranu a zal\u00e1tal diery, aby sme to dotiahli a\u017e do konca. M\u00e1 pred sebou ve\u013ea pr\u00e1ce, je tu ve\u013ea hr\u00e1\u010dov, ktor\u00ed nenap\u013a\u0148aj\u00fa svoj potenci\u00e1l a maj\u00fa slab\u00fa v\u00fdkonnos\u0165. A niektor\u00ed sa tv\u00e1ria, \u017ee nemaj\u00fa z\u00e1ujem. Nie som si ist\u00fd, ak\u00e1 je Fergusonova \u00faloha (je e\u0161te st\u00e1le tr\u00e9nerom?), ale po\u010das sez\u00f3ny bol prekvapivo utlmen\u00fd. Mysl\u00edm si, \u017ee potrebujeme trochu jeho boja a odhodlania, tak\u017ee bude \u0161koda, ak od\u00edde. Tak\u017ee Lampard by mal vyu\u017ei\u0165 t\u00fato jeho v\u00e1\u0161e\u0148.<\/p>\n<p><img loading=\"lazy\" decoding=\"async\" class=\"alignnone size-full wp-image-17814\" src=\"https:\/\/evertonfc.cz\/wp-content\/uploads\/2022\/02\/Seamus-Coleman-VS-Leeds-United-by-efc.com-13-2-2022.jpg\" alt=\"\" width=\"720\" height=\"405\" srcset=\"https:\/\/evertonfc.cz\/wp-content\/uploads\/2022\/02\/Seamus-Coleman-VS-Leeds-United-by-efc.com-13-2-2022.jpg 720w, https:\/\/evertonfc.cz\/wp-content\/uploads\/2022\/02\/Seamus-Coleman-VS-Leeds-United-by-efc.com-13-2-2022-300x169.jpg 300w\" sizes=\"(max-width: 720px) 100vw, 720px\" \/><\/p>\n<h4><span style=\"font-size: 12pt;\"><strong>V z\u00e1vere sez\u00f3ny sme videli neuverite\u013en\u00fa snahu a spojene v\u0161etk\u00fdch fan\u00fa\u0161ikov na podporu Lampardovej dru\u017einy. To, \u010do sa dialo od dom\u00e1ceho duelu s Chelsea pred ka\u017ed\u00fdm stretnut\u00edm, \u010di po\u010das neho na trib\u00fanach, je neop\u00edsate\u013en\u00e9. Everton ako entita sa op\u00e4\u0165 prejavil sp\u00f4sobom, ktor\u00fd je nevysvetlite\u013en\u00fd, a preto n\u00e1s v\u0161etk\u00fdch sp\u00e1ja. Ak\u00e9 boli va\u0161e pocity? Uronili ste slzu pri pitch invasion, a Frankovi spievaj\u00facom \u201eSpirit of the Blues\u201c na streche trib\u00fany?<\/strong><\/span><\/h4>\n<p><strong>Javor:<\/strong> Byl jsem r\u00e1d, \u017ee se Everton zachr\u00e1nil. Samoz\u0159ejm\u011b. Fanou\u0161ci zaslou\u017e\u00ed velkou pochvalu. Ale jinak ne, sentimentalitu nech\u00e1v\u00e1m jin\u00fdm.<\/p>\n<p><strong>Petr:<\/strong> No, nikdy bych ne\u0159ekl, \u017ee budu m\u00edt takovou radost z 16. m\u00edsta. Ale z\u00e1v\u011br sez\u00f3ny byl opravdu fam\u00f3zn\u00ed hlavn\u011b co se t\u00fdk\u00e1 skv\u011bl\u00e9ho supportu m\u00edstn\u00edch fans, mysl\u00edm, \u017ee na\u0161e dom\u00e1c\u00ed oto\u010dka proti Crystal Palace byla pro n\u00e1s n\u011bco jak oto\u010dka Redshites v pam\u00e1tn\u00e9m fin\u00e1le LM proti AC Mil\u00e1n. Slzy jsem teda neronil, ale us\u00ednalo se mi opravdu kr\u00e1sn\u011b.<\/p>\n<p><strong>Tom:<\/strong> Nie som si ist\u00fd, \u010do poveda\u0165. Mysl\u00edm si, \u017ee som v ur\u010ditom bode po\u010das t\u00fdch posledn\u00fdch 3 alebo 4 z\u00e1pasov za\u017eil takmer v\u0161etky em\u00f3cie. V z\u00e1pase s Palace som chcel vyhodi\u0165 m\u00f4j telev\u00edzor z okna! Potom som chodil dokola, poskakoval a sna\u017eil som sa nezobudi\u0165 deti. Everton, ten v\u00e1m d\u00e1 naozaj zabra\u0165, v\u0161ak? Pre\u010do nem\u00f4\u017eeme len v\u00fdjs\u0165 na tr\u00e1vnik, vyhra\u0165 p\u00e1r z\u00e1pasov a skon\u010di\u0165 15. alebo tak nejako. A \u017eiadny stres. Zauj\u00edmav\u00e9 je, \u017ee v t\u00fdch posledn\u00fdch t\u00fd\u017ed\u0148och, najm\u00e4 ke\u010f sme boli o 5 bodov ni\u017e\u0161ie v p\u00e1sme zostupu, som si myslel, \u017ee to je koniec.<\/p>\n<p>Nikdy predt\u00fdm som to nec\u00edtil. Ke\u010f si spom\u00ednam na 1993\/94 a na v\u0161etky tie sez\u00f3ny v polovici 90. rokov (97?), ke\u010f sme museli dosiahnu\u0165 v\u00fdsledok v posledn\u00fd de\u0148, nikdy som nemal pocit, \u017ee zost\u00fapime. Nejako som si v\u017edy myslel, \u017ee sa z toho dostaneme von. Tento rok to tak nebolo. \u00daprimne som si myslel, \u017ee sme u\u017e zatraten\u00ed. Vedel som, \u017ee proti Chelsea mus\u00edme jednoducho vyhra\u0165. Treba im uzna\u0165, \u017ee vtedy vyst\u00fapili a predviedli slu\u0161n\u00fd z\u00e1pas. Pickford bol vynikaj\u00faci. Rem\u00edza v Leicesteri bola skvel\u00e1. Bolo vidie\u0165, \u017ee to v\u0161etk\u00fdch povzbudilo a ostatn\u00e9 t\u00edmy okolo boli tie, ktor\u00e9 znerv\u00f3zneli. Pevne d\u00fafam, \u017ee sa to nestane bud\u00faci rok!<\/p>\n<p><img loading=\"lazy\" decoding=\"async\" class=\"alignnone size-full wp-image-18739\" src=\"https:\/\/evertonfc.cz\/wp-content\/uploads\/2022\/05\/dcl_19_5_2022.png\" alt=\"\" width=\"720\" height=\"405\" srcset=\"https:\/\/evertonfc.cz\/wp-content\/uploads\/2022\/05\/dcl_19_5_2022.png 720w, https:\/\/evertonfc.cz\/wp-content\/uploads\/2022\/05\/dcl_19_5_2022-300x169.png 300w\" sizes=\"(max-width: 720px) 100vw, 720px\" \/><\/p>\n<h4><span style=\"font-size: 12pt;\"><strong>Na z\u00e1ver chceme samozrejme hodnotenia. Kto a\u00a0pre\u010do boli pod\u013ea v\u00e1s traja najlep\u0161\u00ed a traja najhor\u0161\u00ed hr\u00e1\u010di? Tie\u017e n\u00e1m prezra\u010fte v\u00e1\u0161 g\u00f3l sez\u00f3ny. A\u00a0ke\u010f s\u00a0t\u00fdm budete hotov\u00ed, nap\u00ed\u0161te n\u00e1m svoje o\u010dak\u00e1vania od novej sez\u00f3ny. A\u00a0\u010do sa mus\u00ed na L4 sta\u0165, aby sa podobn\u00e1 sez\u00f3na u\u017e nikdy neopakovala<\/strong><\/span><\/h4>\n<p><strong>Javor:<\/strong> G\u00f3l sez\u00f3ny? Gray na Old Trafford t\u011bsn\u011b por\u00e1\u017e\u00ed debutov\u00fd g\u00f3l Mykolenka proti Leicesteru. T\u0159i nejlep\u0161\u00ed &#8211; Pickford, Gordon, Gray. T\u0159i nejhor\u0161\u00ed &#8211; Keane, Gomes, Coleman. Od p\u0159\u00ed\u0161t\u00ed sez\u00f3ny o\u010dek\u00e1v\u00e1m p\u00e1t\u00e9 m\u00edsto, p\u0159i\u010dem\u017e \u010dtvrt\u00e9 n\u00e1m unikne pouze t\u011bsn\u011b. Aby se podobn\u00e1 sez\u00f3na neopakovala, tak sta\u010d\u00ed l\u00e9pe br\u00e1nit a st\u0159\u00edlet v\u00edce branek.<\/p>\n<p><strong>Petr:<\/strong> Tak, nejlep\u0161\u00ed Richarlison a Pickford &#8211; naprosto kl\u00ed\u010dov\u00ed hr\u00e1\u010di, s velk\u00fdm n\u00e1skokem, tady asi nen\u00ed o \u010dem. Bronz si ode m\u011b vyslou\u017eil Gordon za jeho dravost a progres jak\u00e9ho dos\u00e1hl. Nechci se \u00fapln\u011b pou\u0161t\u011bt do hodnocen\u00ed \u0161patn\u00fdch hr\u00e1\u010d\u016f, spousta z nich m\u011bla sm\u016flu na zran\u011bn\u00ed. Vylo\u017een\u011b m\u011b zklamal asi jen Michael Keane, tomu sez\u00f3na opravdu nevy\u0161la. M\u00edsto t\u0159\u00ed d\u0159ev\u00e1k\u016f bych r\u00e1d je\u0161t\u011b ud\u011blil bramborovou medaili za snahu, kterou uk\u00e1zal Iwobi. I kdy\u017e spousta hr\u00e1\u010d\u016f okolo jen stagnovala, dok\u00e1zal v druh\u00e9 p\u016flce sez\u00f3ny neskute\u010dn\u011b zamakat a j\u00edt p\u0159\u00edkladem, to by nem\u011blo zapadnout. Od nov\u00e9 sez\u00f3ny o\u010dek\u00e1v\u00e1m hlavn\u011b stabilizaci &#8211; \u017e\u00e1dn\u00fd st\u0159\u00edd\u00e1n\u00ed tren\u00e9r\u016f, douf\u00e1m v racion\u00e1ln\u00ed a promy\u0161len\u00fd n\u00e1kupy (jako nap\u0159. Tarkowski). Jako g\u00f3l sez\u00f3ny bych hodnotil Mykolenk\u016fv volej proti Foxes. A co se mus\u00ed st\u00e1t aby se se situace neopakovala? Trouf\u00e1m si tvrdit, \u017ee historie se opakuje a\u0165 d\u011bl\u00e1me co chceme&#8230; Nev\u00edm. Rozhodn\u011b by to ale cht\u011blo m\u00e9n\u011b z\u00e1sah\u016f do chodu klubu od nekompetentn\u00edch lid\u00ed.<\/p>\n<p><strong>Tom:<\/strong> Najlep\u0161\u00ed boli Gordon, Pickford, Richarlison (\u0161peci\u00e1lna zmienka &#8211; Mykolenko). Najhor\u0161\u00ed bol Keane, Coleman a\u00a0Allan. Moje krit\u00e9ri\u00e1 s\u00fa celkov\u00e9 v\u00fdkony. Keane aj Coleman mali momenty, ktor\u00e9 boli pozoruhodn\u00e9 (g\u00f3l Keanea proti Palace), tak\u017ee by som rad\u0161ej pou\u017eil v\u00fdraz \u201ehr\u00e1\u010di, ktor\u00ed ma sklamali\u201c. Osobitn\u00e1 zmienka pre Rond\u00f3na za to, \u017ee bol idiot a bol vyl\u00fa\u010den\u00fd.<\/p>\n<p>G\u00f3ly: Padlo nieko\u013eko dobr\u00fdch a d\u00f4le\u017eit\u00fdch g\u00f3lov. Pokia\u013e ide o kvalitu, Townsendov proti Burnley bol senza\u010dn\u00fd a Grayov v\u00ed\u0165azn\u00fd proti Arsenalu (g\u00f3l na posledn\u00fa chv\u00ed\u013eu je v\u017edy dobr\u00fd). Ale v skuto\u010dnosti to mus\u00ed by\u0165 DCL proti Palace. Odp\u00e1lilo to dekel zo \u0161tadi\u00f3na. Myslel som si, \u017ee sa po n\u00e1vrate po zranen\u00ed naozaj tr\u00e1pil. Aby som bol \u00faprimn\u00fd, nevyzeral dobre \u2013 alebo je st\u00e1le zranen\u00fd? Ale ten g\u00f3l bol mas\u00edvny.<\/p>\n<p>\u010co sa t\u00fdka bud\u00facej sez\u00f3ny, je \u0165a\u017ek\u00e9 nevidie\u0165, \u017ee sa budeme op\u00e4\u0165 tr\u00e1pi\u0165. Mysl\u00edm si, \u017ee mo\u017eno (a d\u00fafajme) nie do takej miery ako t\u00fato sez\u00f3nu, ale Frank m\u00e1 pred sebou ve\u013ea pr\u00e1ce. V lige by som sa sna\u017eil dosta\u0165 do Top 10 na slu\u0161n\u00fa sez\u00f3nu. Re\u00e1lne 10-13. miesto by bolo prijate\u013en\u00e9, pokia\u013e ned\u00f4jde k\u00a0zostupovej dr\u00e1me. Mysl\u00edm si, \u017ee obrana je naozaj slab\u00e1. Keane, Mina a Holgate maj\u00fa dobr\u00e9 z\u00e1pasy, ale potom vypn\u00fa alebo im ch\u00fdba koncentr\u00e1cia a videli sme nieko\u013eko absol\u00fatne \u0161okuj\u00facich g\u00f3lov, ktor\u00e9 je \u0165a\u017ek\u00e9 ospravedlni\u0165. Krajn\u00ed obrancovia vyzeraj\u00fa dobre, neo\u010dak\u00e1vam, \u017ee budeme a\u017e tak vidie\u0165 Colemana, ale s Pattersonom a Mykolenkom m\u00e1me ist\u00fd potenci\u00e1l a vekom sa budeme (mali by sme) len zlep\u0161ova\u0165. Stop\u00e9rov treba pretriedi\u0165. Ak ich m\u00e1 Allan kry\u0165, postavte ho do stredu ako rozb\u00edja\u010da. Ale zvy\u010dajne sa zd\u00e1, \u017ee sme uprostred pre\u010d\u00edslen\u00ed a on sa nevie k\u00a0nikomu v\u00f4bec pribl\u00ed\u017ei\u0165.<\/p>\n<p>A \u010do DCL a Richarlison, p\u00f4jdu, a koho m\u00f4\u017eeme v pr\u00edpade potreby z\u00edska\u0165 ako n\u00e1hradu? V ka\u017edej oblasti po celej kostre potrebujeme bu\u010f nejak\u00fdch hr\u00e1\u010dov alebo hern\u00fd pl\u00e1n, aby sme z nich dostali to najlep\u0161ie a odstr\u00e1nili tie posrat\u00e9 chyby. Kr\u00eddla s Gordonom a Grayom vyzeraj\u00fa dobre, krajn\u00ed obrancovia, ako u\u017e bolo spomenut\u00e9. Ale ke\u010f ch\u00fdba kostra t\u00edmu, potom budeme ma\u0165 probl\u00e9m. Stredn\u00fd z\u00e1lo\u017en\u00edk, \u00fato\u010dne laden\u00fd a \u00fato\u010dn\u00edk s\u00fa potenci\u00e1lne potrebn\u00ed, ak hr\u00e1\u010di od\u00eddu\/bud\u00fa predan\u00ed. O\u010dak\u00e1vam, \u017ee Lampard p\u00f4jde a oskalpuje Chelsea o hr\u00e1\u010da alebo dvoch, a mo\u017eno vyu\u017eije kontakty s Derby, ich \u0165a\u017ek\u00fa \u200b\u200bfinan\u010dn\u00fa situ\u00e1ciu na z\u00edskanie mlad\u00edka. O\u010dak\u00e1vam, \u017ee ak bude chcie\u0165 kupova\u0165, jeden z hodnotn\u00fdch hr\u00e1\u010dov, ktor\u00fd sa d\u00e1 lep\u0161ie preda\u0165, bude musie\u0165 \u00eds\u0165 ako prv\u00fd (DCL alebo Ritchie).<\/p>\n<p>Jedna vec je ist\u00e1, Everton za\u017eije v bud\u00facej sez\u00f3ne nieko\u013eko skvel\u00fdch momentov a nieko\u013eko, pri ktor\u00fdch si vytrh\u00e1me vlasy!!<\/p>\n<p style=\"text-align: right;\"><span style=\"font-size: 8pt;\">(fotozdroj: Sky Sports)<\/span><\/p>\n<h3 style=\"text-align: center;\"><span style=\"color: #3366ff;\"><em>Up The Toffees!!!<\/em><\/span><\/h3>\n","protected":false},"excerpt":{"rendered":"<p>Panika v\u00a0Goodison Parku pri hrozbe zostupu je e\u0161te \u010derstvo v\u00a0pam\u00e4ti, tak\u017ee je ten spr\u00e1vny \u010das na rekapitul\u00e1ciu v\u0161etk\u00e9ho, \u010doho boli svedkami aj Javor, Petr a\u00a0Tom.<\/p>\n","protected":false},"author":1,"featured_media":18920,"comment_status":"open","ping_status":"closed","sticky":false,"template":"","format":"standard","meta":{"_eb_attr":"","_monsterinsights_skip_tracking":false,"_monsterinsights_sitenote_active":false,"_monsterinsights_sitenote_note":"","_monsterinsights_sitenote_category":0,"footnotes":""},"categories":[1,15],"tags":[],"yoast_head":"<!-- This site is optimized with the Yoast SEO plugin v23.4 - https:\/\/yoast.com\/wordpress\/plugins\/seo\/ -->\n<title>Zhodnotenie sez\u00f3ny 2021\/22 - Official Czech &amp; Slovak Everton Supporters&#039; Club<\/title>\n<meta name=\"robots\" content=\"index, follow, max-snippet:-1, max-image-preview:large, max-video-preview:-1\" \/>\n<link rel=\"canonical\" href=\"https:\/\/evertonfc.cz\/index.php\/2022\/06\/27\/zhodnotenie-sezony-2021-22\/\" \/>\n<meta property=\"og:locale\" content=\"cs_CZ\" \/>\n<meta property=\"og:type\" content=\"article\" \/>\n<meta property=\"og:title\" content=\"Zhodnotenie sez\u00f3ny 2021\/22 - Official Czech &amp; Slovak Everton Supporters&#039; Club\" \/>\n<meta property=\"og:description\" content=\"Panika v\u00a0Goodison Parku pri hrozbe zostupu je e\u0161te \u010derstvo v\u00a0pam\u00e4ti, tak\u017ee je ten spr\u00e1vny \u010das na rekapitul\u00e1ciu v\u0161etk\u00e9ho, \u010doho boli svedkami aj Javor, Petr a\u00a0Tom.\" \/>\n<meta property=\"og:url\" content=\"https:\/\/evertonfc.cz\/index.php\/2022\/06\/27\/zhodnotenie-sezony-2021-22\/\" \/>\n<meta property=\"og:site_name\" content=\"Official Czech &amp; Slovak Everton Supporters&#039; Club\" \/>\n<meta property=\"article:publisher\" content=\"https:\/\/www.facebook.com\/everton.fans.cz.sk\" \/>\n<meta property=\"article:published_time\" content=\"2022-06-27T07:46:21+00:00\" \/>\n<meta property=\"article:modified_time\" content=\"2022-07-12T08:23:52+00:00\" \/>\n<meta property=\"og:image\" content=\"https:\/\/evertonfc.cz\/wp-content\/uploads\/2022\/06\/skysports-everton-22-6-2022.jpg\" \/>\n\t<meta property=\"og:image:width\" content=\"720\" \/>\n\t<meta property=\"og:image:height\" content=\"405\" \/>\n\t<meta property=\"og:image:type\" content=\"image\/jpeg\" \/>\n<meta name=\"author\" content=\"BlueBlooded\" \/>\n<meta name=\"twitter:card\" content=\"summary_large_image\" \/>\n<meta name=\"twitter:label1\" content=\"Napsal(a)\" \/>\n\t<meta name=\"twitter:data1\" content=\"BlueBlooded\" \/>\n\t<meta name=\"twitter:label2\" content=\"Odhadovan\u00e1 doba \u010dten\u00ed\" \/>\n\t<meta name=\"twitter:data2\" content=\"25 minut\" \/>\n<script type=\"application\/ld+json\" class=\"yoast-schema-graph\">{\"@context\":\"https:\/\/schema.org\",\"@graph\":[{\"@type\":\"Article\",\"@id\":\"https:\/\/evertonfc.cz\/index.php\/2022\/06\/27\/zhodnotenie-sezony-2021-22\/#article\",\"isPartOf\":{\"@id\":\"https:\/\/evertonfc.cz\/index.php\/2022\/06\/27\/zhodnotenie-sezony-2021-22\/\"},\"author\":{\"name\":\"BlueBlooded\",\"@id\":\"https:\/\/evertonfc.cz\/#\/schema\/person\/d4493b8cbea51532597fbc4685698916\"},\"headline\":\"Zhodnotenie sez\u00f3ny 2021\/22\",\"datePublished\":\"2022-06-27T07:46:21+00:00\",\"dateModified\":\"2022-07-12T08:23:52+00:00\",\"mainEntityOfPage\":{\"@id\":\"https:\/\/evertonfc.cz\/index.php\/2022\/06\/27\/zhodnotenie-sezony-2021-22\/\"},\"wordCount\":5032,\"commentCount\":2,\"publisher\":{\"@id\":\"https:\/\/evertonfc.cz\/#organization\"},\"image\":{\"@id\":\"https:\/\/evertonfc.cz\/index.php\/2022\/06\/27\/zhodnotenie-sezony-2021-22\/#primaryimage\"},\"thumbnailUrl\":\"https:\/\/evertonfc.cz\/wp-content\/uploads\/2022\/06\/skysports-everton-22-6-2022.jpg\",\"articleSection\":[\"Rozhovory\",\"Zhodnocen\u00ed sez\u00f3n\"],\"inLanguage\":\"cs\",\"potentialAction\":[{\"@type\":\"CommentAction\",\"name\":\"Comment\",\"target\":[\"https:\/\/evertonfc.cz\/index.php\/2022\/06\/27\/zhodnotenie-sezony-2021-22\/#respond\"]}]},{\"@type\":\"WebPage\",\"@id\":\"https:\/\/evertonfc.cz\/index.php\/2022\/06\/27\/zhodnotenie-sezony-2021-22\/\",\"url\":\"https:\/\/evertonfc.cz\/index.php\/2022\/06\/27\/zhodnotenie-sezony-2021-22\/\",\"name\":\"Zhodnotenie sez\u00f3ny 2021\/22 - Official Czech &amp; Slovak Everton Supporters&#039; Club\",\"isPartOf\":{\"@id\":\"https:\/\/evertonfc.cz\/#website\"},\"primaryImageOfPage\":{\"@id\":\"https:\/\/evertonfc.cz\/index.php\/2022\/06\/27\/zhodnotenie-sezony-2021-22\/#primaryimage\"},\"image\":{\"@id\":\"https:\/\/evertonfc.cz\/index.php\/2022\/06\/27\/zhodnotenie-sezony-2021-22\/#primaryimage\"},\"thumbnailUrl\":\"https:\/\/evertonfc.cz\/wp-content\/uploads\/2022\/06\/skysports-everton-22-6-2022.jpg\",\"datePublished\":\"2022-06-27T07:46:21+00:00\",\"dateModified\":\"2022-07-12T08:23:52+00:00\",\"breadcrumb\":{\"@id\":\"https:\/\/evertonfc.cz\/index.php\/2022\/06\/27\/zhodnotenie-sezony-2021-22\/#breadcrumb\"},\"inLanguage\":\"cs\",\"potentialAction\":[{\"@type\":\"ReadAction\",\"target\":[\"https:\/\/evertonfc.cz\/index.php\/2022\/06\/27\/zhodnotenie-sezony-2021-22\/\"]}]},{\"@type\":\"ImageObject\",\"inLanguage\":\"cs\",\"@id\":\"https:\/\/evertonfc.cz\/index.php\/2022\/06\/27\/zhodnotenie-sezony-2021-22\/#primaryimage\",\"url\":\"https:\/\/evertonfc.cz\/wp-content\/uploads\/2022\/06\/skysports-everton-22-6-2022.jpg\",\"contentUrl\":\"https:\/\/evertonfc.cz\/wp-content\/uploads\/2022\/06\/skysports-everton-22-6-2022.jpg\",\"width\":720,\"height\":405},{\"@type\":\"BreadcrumbList\",\"@id\":\"https:\/\/evertonfc.cz\/index.php\/2022\/06\/27\/zhodnotenie-sezony-2021-22\/#breadcrumb\",\"itemListElement\":[{\"@type\":\"ListItem\",\"position\":1,\"name\":\"Home\",\"item\":\"https:\/\/evertonfc.cz\/\"},{\"@type\":\"ListItem\",\"position\":2,\"name\":\"Zhodnotenie sez\u00f3ny 2021\/22\"}]},{\"@type\":\"WebSite\",\"@id\":\"https:\/\/evertonfc.cz\/#website\",\"url\":\"https:\/\/evertonfc.cz\/\",\"name\":\"Official Czech &amp; Slovak Everton Supporters&#039; Club\",\"description\":\"\",\"publisher\":{\"@id\":\"https:\/\/evertonfc.cz\/#organization\"},\"potentialAction\":[{\"@type\":\"SearchAction\",\"target\":{\"@type\":\"EntryPoint\",\"urlTemplate\":\"https:\/\/evertonfc.cz\/?s={search_term_string}\"},\"query-input\":{\"@type\":\"PropertyValueSpecification\",\"valueRequired\":true,\"valueName\":\"search_term_string\"}}],\"inLanguage\":\"cs\"},{\"@type\":\"Organization\",\"@id\":\"https:\/\/evertonfc.cz\/#organization\",\"name\":\"Official Czech & Slovak Everton Supporters' Club\",\"url\":\"https:\/\/evertonfc.cz\/\",\"logo\":{\"@type\":\"ImageObject\",\"inLanguage\":\"cs\",\"@id\":\"https:\/\/evertonfc.cz\/#\/schema\/logo\/image\/\",\"url\":\"https:\/\/evertonfc.cz\/wp-content\/uploads\/2019\/05\/logo.png\",\"contentUrl\":\"https:\/\/evertonfc.cz\/wp-content\/uploads\/2019\/05\/logo.png\",\"width\":112,\"height\":112,\"caption\":\"Official Czech & Slovak Everton Supporters' Club\"},\"image\":{\"@id\":\"https:\/\/evertonfc.cz\/#\/schema\/logo\/image\/\"},\"sameAs\":[\"https:\/\/www.facebook.com\/everton.fans.cz.sk\"]},{\"@type\":\"Person\",\"@id\":\"https:\/\/evertonfc.cz\/#\/schema\/person\/d4493b8cbea51532597fbc4685698916\",\"name\":\"BlueBlooded\",\"url\":\"https:\/\/evertonfc.cz\/index.php\/author\/admin\/\"}]}<\/script>\n<!-- \/ Yoast SEO plugin. -->","yoast_head_json":{"title":"Zhodnotenie sez\u00f3ny 2021\/22 - Official Czech &amp; Slovak Everton Supporters&#039; Club","robots":{"index":"index","follow":"follow","max-snippet":"max-snippet:-1","max-image-preview":"max-image-preview:large","max-video-preview":"max-video-preview:-1"},"canonical":"https:\/\/evertonfc.cz\/index.php\/2022\/06\/27\/zhodnotenie-sezony-2021-22\/","og_locale":"cs_CZ","og_type":"article","og_title":"Zhodnotenie sez\u00f3ny 2021\/22 - Official Czech &amp; Slovak Everton Supporters&#039; Club","og_description":"Panika v\u00a0Goodison Parku pri hrozbe zostupu je e\u0161te \u010derstvo v\u00a0pam\u00e4ti, tak\u017ee je ten spr\u00e1vny \u010das na rekapitul\u00e1ciu v\u0161etk\u00e9ho, \u010doho boli svedkami aj Javor, Petr a\u00a0Tom.","og_url":"https:\/\/evertonfc.cz\/index.php\/2022\/06\/27\/zhodnotenie-sezony-2021-22\/","og_site_name":"Official Czech &amp; Slovak Everton Supporters&#039; Club","article_publisher":"https:\/\/www.facebook.com\/everton.fans.cz.sk","article_published_time":"2022-06-27T07:46:21+00:00","article_modified_time":"2022-07-12T08:23:52+00:00","og_image":[{"width":720,"height":405,"url":"https:\/\/evertonfc.cz\/wp-content\/uploads\/2022\/06\/skysports-everton-22-6-2022.jpg","type":"image\/jpeg"}],"author":"BlueBlooded","twitter_card":"summary_large_image","twitter_misc":{"Napsal(a)":"BlueBlooded","Odhadovan\u00e1 doba \u010dten\u00ed":"25 minut"},"schema":{"@context":"https:\/\/schema.org","@graph":[{"@type":"Article","@id":"https:\/\/evertonfc.cz\/index.php\/2022\/06\/27\/zhodnotenie-sezony-2021-22\/#article","isPartOf":{"@id":"https:\/\/evertonfc.cz\/index.php\/2022\/06\/27\/zhodnotenie-sezony-2021-22\/"},"author":{"name":"BlueBlooded","@id":"https:\/\/evertonfc.cz\/#\/schema\/person\/d4493b8cbea51532597fbc4685698916"},"headline":"Zhodnotenie sez\u00f3ny 2021\/22","datePublished":"2022-06-27T07:46:21+00:00","dateModified":"2022-07-12T08:23:52+00:00","mainEntityOfPage":{"@id":"https:\/\/evertonfc.cz\/index.php\/2022\/06\/27\/zhodnotenie-sezony-2021-22\/"},"wordCount":5032,"commentCount":2,"publisher":{"@id":"https:\/\/evertonfc.cz\/#organization"},"image":{"@id":"https:\/\/evertonfc.cz\/index.php\/2022\/06\/27\/zhodnotenie-sezony-2021-22\/#primaryimage"},"thumbnailUrl":"https:\/\/evertonfc.cz\/wp-content\/uploads\/2022\/06\/skysports-everton-22-6-2022.jpg","articleSection":["Rozhovory","Zhodnocen\u00ed sez\u00f3n"],"inLanguage":"cs","potentialAction":[{"@type":"CommentAction","name":"Comment","target":["https:\/\/evertonfc.cz\/index.php\/2022\/06\/27\/zhodnotenie-sezony-2021-22\/#respond"]}]},{"@type":"WebPage","@id":"https:\/\/evertonfc.cz\/index.php\/2022\/06\/27\/zhodnotenie-sezony-2021-22\/","url":"https:\/\/evertonfc.cz\/index.php\/2022\/06\/27\/zhodnotenie-sezony-2021-22\/","name":"Zhodnotenie sez\u00f3ny 2021\/22 - Official Czech &amp; Slovak Everton Supporters&#039; Club","isPartOf":{"@id":"https:\/\/evertonfc.cz\/#website"},"primaryImageOfPage":{"@id":"https:\/\/evertonfc.cz\/index.php\/2022\/06\/27\/zhodnotenie-sezony-2021-22\/#primaryimage"},"image":{"@id":"https:\/\/evertonfc.cz\/index.php\/2022\/06\/27\/zhodnotenie-sezony-2021-22\/#primaryimage"},"thumbnailUrl":"https:\/\/evertonfc.cz\/wp-content\/uploads\/2022\/06\/skysports-everton-22-6-2022.jpg","datePublished":"2022-06-27T07:46:21+00:00","dateModified":"2022-07-12T08:23:52+00:00","breadcrumb":{"@id":"https:\/\/evertonfc.cz\/index.php\/2022\/06\/27\/zhodnotenie-sezony-2021-22\/#breadcrumb"},"inLanguage":"cs","potentialAction":[{"@type":"ReadAction","target":["https:\/\/evertonfc.cz\/index.php\/2022\/06\/27\/zhodnotenie-sezony-2021-22\/"]}]},{"@type":"ImageObject","inLanguage":"cs","@id":"https:\/\/evertonfc.cz\/index.php\/2022\/06\/27\/zhodnotenie-sezony-2021-22\/#primaryimage","url":"https:\/\/evertonfc.cz\/wp-content\/uploads\/2022\/06\/skysports-everton-22-6-2022.jpg","contentUrl":"https:\/\/evertonfc.cz\/wp-content\/uploads\/2022\/06\/skysports-everton-22-6-2022.jpg","width":720,"height":405},{"@type":"BreadcrumbList","@id":"https:\/\/evertonfc.cz\/index.php\/2022\/06\/27\/zhodnotenie-sezony-2021-22\/#breadcrumb","itemListElement":[{"@type":"ListItem","position":1,"name":"Home","item":"https:\/\/evertonfc.cz\/"},{"@type":"ListItem","position":2,"name":"Zhodnotenie sez\u00f3ny 2021\/22"}]},{"@type":"WebSite","@id":"https:\/\/evertonfc.cz\/#website","url":"https:\/\/evertonfc.cz\/","name":"Official Czech &amp; Slovak Everton Supporters&#039; Club","description":"","publisher":{"@id":"https:\/\/evertonfc.cz\/#organization"},"potentialAction":[{"@type":"SearchAction","target":{"@type":"EntryPoint","urlTemplate":"https:\/\/evertonfc.cz\/?s={search_term_string}"},"query-input":{"@type":"PropertyValueSpecification","valueRequired":true,"valueName":"search_term_string"}}],"inLanguage":"cs"},{"@type":"Organization","@id":"https:\/\/evertonfc.cz\/#organization","name":"Official Czech & Slovak Everton Supporters' Club","url":"https:\/\/evertonfc.cz\/","logo":{"@type":"ImageObject","inLanguage":"cs","@id":"https:\/\/evertonfc.cz\/#\/schema\/logo\/image\/","url":"https:\/\/evertonfc.cz\/wp-content\/uploads\/2019\/05\/logo.png","contentUrl":"https:\/\/evertonfc.cz\/wp-content\/uploads\/2019\/05\/logo.png","width":112,"height":112,"caption":"Official Czech & Slovak Everton Supporters' Club"},"image":{"@id":"https:\/\/evertonfc.cz\/#\/schema\/logo\/image\/"},"sameAs":["https:\/\/www.facebook.com\/everton.fans.cz.sk"]},{"@type":"Person","@id":"https:\/\/evertonfc.cz\/#\/schema\/person\/d4493b8cbea51532597fbc4685698916","name":"BlueBlooded","url":"https:\/\/evertonfc.cz\/index.php\/author\/admin\/"}]}},"_links":{"self":[{"href":"https:\/\/evertonfc.cz\/index.php\/wp-json\/wp\/v2\/posts\/18919"}],"collection":[{"href":"https:\/\/evertonfc.cz\/index.php\/wp-json\/wp\/v2\/posts"}],"about":[{"href":"https:\/\/evertonfc.cz\/index.php\/wp-json\/wp\/v2\/types\/post"}],"author":[{"embeddable":true,"href":"https:\/\/evertonfc.cz\/index.php\/wp-json\/wp\/v2\/users\/1"}],"replies":[{"embeddable":true,"href":"https:\/\/evertonfc.cz\/index.php\/wp-json\/wp\/v2\/comments?post=18919"}],"version-history":[{"count":9,"href":"https:\/\/evertonfc.cz\/index.php\/wp-json\/wp\/v2\/posts\/18919\/revisions"}],"predecessor-version":[{"id":18929,"href":"https:\/\/evertonfc.cz\/index.php\/wp-json\/wp\/v2\/posts\/18919\/revisions\/18929"}],"wp:featuredmedia":[{"embeddable":true,"href":"https:\/\/evertonfc.cz\/index.php\/wp-json\/wp\/v2\/media\/18920"}],"wp:attachment":[{"href":"https:\/\/evertonfc.cz\/index.php\/wp-json\/wp\/v2\/media?parent=18919"}],"wp:term":[{"taxonomy":"category","embeddable":true,"href":"https:\/\/evertonfc.cz\/index.php\/wp-json\/wp\/v2\/categories?post=18919"},{"taxonomy":"post_tag","embeddable":true,"href":"https:\/\/evertonfc.cz\/index.php\/wp-json\/wp\/v2\/tags?post=18919"}],"curies":[{"name":"wp","href":"https:\/\/api.w.org\/{rel}","templated":true}]}}