{"id":1893,"date":"2018-09-01T19:41:32","date_gmt":"2018-09-01T17:41:32","guid":{"rendered":"http:\/\/evertonfc.cz\/?p=1893"},"modified":"2019-03-14T20:55:58","modified_gmt":"2019-03-14T19:55:58","slug":"prestupove-leto-2018","status":"publish","type":"post","link":"https:\/\/evertonfc.cz\/index.php\/2018\/09\/01\/prestupove-leto-2018\/","title":{"rendered":"P\u0159estupov\u00e9 l\u00e9to 2018"},"content":{"rendered":"\r\n<h4 class=\"wp-block-heading\">V \u010dl\u00e1nku naleznete souhrn v\u0161ech zm\u011b\u0148 v k\u00e1dru Evertonu, kter\u00e9 se uskute\u010dn\u00ed b\u011bhem p\u0159estupov\u00e9ho l\u00e9ta 2018. Pozor, anglick\u00e9 kluby mohou nov\u011b nakupovat hr\u00e1\u010de jen do za\u010d\u00e1tku ligov\u00e9 sez\u00f3ny. Okno se uzav\u0159e ve \u010dtvrtek 9. srpna v 18 hodin.<\/h4>\r\n\r\n\r\n\r\n<p>V z\u00e1padn\u00edch fotbalov\u00fdch lig\u00e1ch ale p\u0159estupov\u00e9 obdob\u00ed bude kon\u010dit tradi\u010dn\u011b posledn\u00edho srpna, do t\u00e9 doby tedy mohou anglick\u00e9 kluby prod\u00e1vat hr\u00e1\u010de do zahrani\u010d\u00ed.<\/p>\r\n\r\n\r\n\r\n<p>Kluby Premier League z\u00e1rove\u0148 mohou do konce srpna pos\u00edlat hr\u00e1\u010de na hostov\u00e1n\u00ed do ni\u017e\u0161\u00edch anglick\u00fdch sout\u011b\u017e\u00ed.<\/p>\r\n\r\n\r\n\r\n<h4 class=\"wp-block-heading\"><strong>P\u0159\u00edchody<\/strong><\/h4>\r\n\r\n<ul>\r\n<li><strong>Joe Williams<\/strong>\u00a0(Barnsley\u00a0\u2013 n\u00e1vrat z hostov\u00e1n\u00ed)<\/li>\r\n<li><strong>Callum Connolly<\/strong>\u00a0(Ipswich Town\u00a0\u2013 n\u00e1vrat z hostov\u00e1n\u00ed)<\/li>\r\n<li><strong>Matthew Pennington<\/strong>\u00a0(Leeds United\u00a0\u2013 n\u00e1vrat z hostov\u00e1n\u00ed)<\/li>\r\n<li><strong>Brendan Galloway<\/strong>\u00a0(Sunderland\u00a0\u2013 n\u00e1vrat z hostov\u00e1n\u00ed)<\/li>\r\n<li><strong>Tyias Browning<\/strong>\u00a0(Sunderland\u00a0\u2013 n\u00e1vrat z hostov\u00e1n\u00ed)<\/li>\r\n<li><strong>Antonee Robinson<\/strong>\u00a0(Bolton Wanderers\u00a0\u2013\u00a0n\u00e1vrat z hostov\u00e1n\u00ed)<\/li>\r\n<li><strong>Kieran Dowell<\/strong>\u00a0(Nottingham Forest\u00a0\u2013\u00a0n\u00e1vrat z hostov\u00e1n\u00ed)<\/li>\r\n<li><strong>Harry Charsley<\/strong>\u00a0(Bolton Wanderers \u2013 n\u00e1vrat z hostov\u00e1n\u00ed)<\/li>\r\n<li><strong>Muhamed Be\u0161i\u0107\u00a0<\/strong>(Middlesbrough \u2013 n\u00e1vrat z hostov\u00e1n\u00ed)<\/li>\r\n<li><strong>Kevin Mirallas\u00a0<\/strong>(Olympiakos \u2013 n\u00e1vrat z hostov\u00e1n\u00ed)<\/li>\r\n<li><strong>Sandro Ram\u00edrez\u00a0<\/strong>(Sevilla \u2013 n\u00e1vrat z hostov\u00e1n\u00ed)<\/li>\r\n<li><strong>Ademola Lookman<\/strong>\u00a0(RB Lipsko \u2013 n\u00e1vrat z hostov\u00e1n\u00ed)<\/li>\r\n<li><strong>Henry Onyekuru<\/strong>\u00a0(Anderlecht\u00a0\u2013\u00a0n\u00e1vrat z hostov\u00e1n\u00ed)<\/li>\r\n<li><a href=\"https:\/\/evertonfc.cz\/index.php\/2018\/07\/24\/richarlison-prichadza-prvy\/\"><strong>Richarlison\u00a0<\/strong>(Watford\u00a0\u2013 nezve\u0159ejn\u011bn\u00e1 \u010d\u00e1stka, podle m\u00e9di\u00ed \u00a335+5m)<\/a><br \/>Braz\u00edlsky kr\u00eddeln\u00edk, doteraz v slu\u017eb\u00e1ch The Hornets, podp\u00edsal p\u00e4\u0165ro\u010dn\u00fd kontrakt za nezverejnen\u00fa sumu a v Goodison Parku sa bude sna\u017ei\u0165 nadviaza\u0165 na plodn\u00fa spolupr\u00e1cu s b\u00fdval\u00fdm \u0161\u00e9fom.<\/li>\r\n<li><a href=\"http:\/\/evertonfc.cz\/index.php\/2018\/08\/01\/druhou-posilou-je-lucas-digne\/\"><strong>Lucas Digne<\/strong> (Barcelona \u2013 nezve\u0159ejn\u011bn\u00e1 \u010d\u00e1stka, podle m\u00e9di\u00ed \u00a318m v\u010detn\u011b bonus\u016f)<\/a><br \/>LB3 je spolehlivost sama. Ale i on \u010dasem doslou\u017e\u00ed \u2013 a v t\u00fdmu je ji\u017e jeho n\u00e1hrada.<\/li>\r\n<li><strong>Jo\u00e3o\u00a0Virg\u00ednia <\/strong>(Arsenal\u00a0\u2013 nezve\u0159ejn\u011bn\u00e1 \u010d\u00e1stka, posila pro U23)<br \/>Toffees z\u00edskali 18let\u00e9ho brank\u00e1\u0159e z Arsenalu.\u00a0Jo\u00e3o\u00a0Virg\u00ednia je talentovan\u00fd Portugalec, kter\u00fd je produktem akademie Benfiky. Na Goodison Parku podepsal smlouvu na t\u0159i roky. V Arsenalu p\u016fsobil od roku 2015, starty sb\u00edral hlavn\u011b za v\u00fdb\u011bru U18 a U23. Stejn\u00e9 v\u00fdb\u011bry by m\u011bl prozat\u00edm reprezentovat i v Evertonu.<\/li>\r\n<li><a href=\"http:\/\/evertonfc.cz\/index.php\/2018\/08\/09\/druhy-kanarek-v-modrem-bernard\/\"><strong>Bernard <\/strong>(\u0160achtar Don\u011bck\u00a0\u2013\u00a0voln\u00fd hr\u00e1\u010d)<\/a><br \/>Toffees se odhodlali vyrazit vst\u0159\u00edc lep\u0161\u00edm z\u00edt\u0159k\u016fm s dvojic\u00ed Brazilc\u016f v ofenzivn\u00ed linii. Po Richarlisonovi p\u0159ich\u00e1z\u00ed vzr\u016fstem men\u0161\u00ed, nicm\u00e9n\u011b zku\u0161en\u011bj\u0161\u00ed Bernard An\u00edcio Caldeira Duarte. A p\u0159ich\u00e1z\u00ed zdarma.<\/li>\r\n<li><a href=\"http:\/\/evertonfc.cz\/index.php\/2018\/08\/09\/prichazi-barcelonske-duo-mina-a-gomes\/\"><strong>Yerry Mina<\/strong> (Barcelona\u00a0\u2013\u00a0\u00a327,2+1,5m)<\/a><br \/>Deadline Day leto\u0161n\u00ed l\u00e9ta se Evertonu vyda\u0159il. Krom\u011b brazilsk\u00e9ho \u0161p\u00edlmachra Bernarda si rovn\u011b\u017e zajistil slu\u017eby stopera Yerryho Miny a z\u00e1lo\u017en\u00edka Andr\u00e9ho Gomese.<\/li>\r\n<li><a href=\"http:\/\/evertonfc.cz\/index.php\/2018\/08\/09\/prichazi-barcelonske-duo-mina-a-gomes\/\"><strong>Andr\u00e9 Gomes<\/strong> (Barcelona\u00a0\u2013\u00a0ro\u010dn\u00ed hostov\u00e1n\u00ed,\u00a0\u00a32m)<\/a><br \/>Deadline Day leto\u0161n\u00ed l\u00e9ta se Evertonu vyda\u0159il. Krom\u011b brazilsk\u00e9ho \u0161p\u00edlmachra Bernarda si rovn\u011b\u017e zajistil slu\u017eby stopera Yerryho Miny a z\u00e1lo\u017en\u00edka Andr\u00e9ho Gomese.<\/li>\r\n<li><a href=\"http:\/\/evertonfc.cz\/index.php\/2018\/08\/10\/uspesny-ctvrtecni-den-zavrsil-prichod-zoumy\/\"><strong>Kurt Zouma<\/strong> (Chelsea \u2013 ro\u010dn\u00ed hostov\u00e1n\u00ed)<\/a><br \/>Veden\u00ed Evertonu se b\u011bhem Deadline Day rozhodlo r\u00e1zn\u011b vy\u0159e\u0161it znepokojiv\u00e9 v\u00fdkony st\u0159edn\u00edch obr\u00e1nc\u016f v p\u0159edsez\u00f3nn\u00ed p\u0159\u00edprav\u011b. Toffees po n\u00e1kupu Yerryho Miny z\u00edskali v r\u00e1mci ro\u010dn\u00edho hostov\u00e1n\u00ed Kurta Zoumu z Chelsea.<\/li>\r\n<\/ul>\r\n\r\n<h4 class=\"wp-block-heading\"><strong>Odchody<\/strong><\/h4>\r\n\r\n<ul>\r\n<li><strong>Eliaquim Mangala<\/strong>\u00a0(Manchester City\u00a0\u2013 n\u00e1vrat z hostov\u00e1n\u00ed)<\/li>\r\n<li><strong>Jose Baxter<\/strong>\u00a0(Oldham Athletic\u00a0\u2013 voln\u00fd hr\u00e1\u010d)<\/li>\r\n<li><strong>Calum Dyson<\/strong>\u00a0(Plymouth Argyle\u00a0\u2013 voln\u00fd hr\u00e1\u010d)<\/li>\r\n<li><strong>Conor Grant<\/strong>\u00a0(Plymouth Argyle\u00a0\u2013 voln\u00fd hr\u00e1\u010d)<br \/>23let\u00e9mu odchovanci vypr\u0161\u00ed v \u010dervnu smlouva a jako voln\u00fd hr\u00e1\u010d se ji\u017e stihl upsat t\u0159etiligov\u00e9mu celku Plymouth Argyle. St\u0159edn\u00ed z\u00e1lo\u017en\u00edk nikdy neobl\u00e9kl dres prvn\u00edho Toffees, zku\u0161enosti se seniorsk\u00fdm fotbalem sb\u00edral na hostov\u00e1n\u00edch.<a href=\"http:\/\/www.evertonfc.cz\/news\/2114\/15\/Grant-odejde-do-Plymouthu\"><br \/><\/a><\/li>\r\n<li><a href=\"http:\/\/evertonfc.cz\/index.php\/2018\/07\/05\/robles-podepsal-smlouvu-s-betisem\/\"><strong>Joel Robles<\/strong>\u00a0(Real Betis\u00a0\u2013 voln\u00fd hr\u00e1\u010d)<\/a><br \/>Brank\u00e1\u0159 Joel Robles se p\u011bkn\u00fdm gestem rozlou\u010dil s Evertonem a z\u00e1hy nato byl p\u0159edstaven jako posila \u0161pan\u011blsk\u00e9ho Betisu, s n\u00edm\u017e podepsal smlouvu na \u010dty\u0159i roky<\/li>\r\n<li><strong>Sam Byrne\u00a0<\/strong>(Dundalk\u00a0\u2013 voln\u00fd hr\u00e1\u010d)<\/li>\r\n<li><strong>Stephen Duke-McKenna<\/strong>\u00a0(Bolton Wanderers\u00a0\u2013 voln\u00fd hr\u00e1\u010d)<\/li>\r\n<li><strong>Louis Gray<\/strong>\u00a0(konec smlouvy)<\/li>\r\n<li><strong>David Henen<\/strong>\u00a0(konec smlouvy)<\/li>\r\n<li><a href=\"http:\/\/evertonfc.cz\/index.php\/2018\/06\/21\/funes-mori-prestoupil-do-villarrealu\/\"><strong>Ramiro Funes Mori<\/strong>\u00a0(Villarreal\u00a0\u2013 nezve\u0159ejn\u011bn\u00e1 \u010d\u00e1stka)<\/a><br \/>Stoper\u00a0Ramiro Funes Mori p\u0159estoupil za nezve\u0159ejn\u011bnou \u010d\u00e1stku do \u0161pan\u011blsk\u00e9ho Villarrealu. V nov\u00e9m p\u016fsobi\u0161ti podepsal \u010dty\u0159letou smlouvu.<\/li>\r\n<li><a href=\"http:\/\/evertonfc.cz\/index.php\/2018\/06\/28\/odchadza-uz-zase\/\"><strong>Wayne Rooney<\/strong>\u00a0(DC United\u00a0\u2013 nezve\u0159ejn\u011bn\u00e1 \u010d\u00e1stka)<\/a><br \/>Ak niekto veril v \u0161\u0165astn\u00fd zvrat situ\u00e1cie okolo prestupovej s\u00e1gy Waynea Rooneyho, do\u010dkal sa nemil\u00e9ho rozuzlenia. Wazza napokon naozaj odch\u00e1dza na futbalov\u00fd d\u00f4chodok do USA.<\/li>\r\n<li><strong>Luke Garbutt<\/strong>\u00a0(Oxford United\u00a0\u2013 ro\u010dn\u00ed hostov\u00e1n\u00ed)<br \/>Opom\u00edjen\u00fd Luke Garbutt str\u00e1v\u00ed nadch\u00e1zej\u00edc\u00ed sez\u00f3nu na hostov\u00e1n\u00ed v t\u0159etiligov\u00e9m Oxfordu United. 25let\u00fd lev\u00fd obr\u00e1nce m\u00e1 s Evertonem platnou smlouvu do roku 2020, jeho t\u00fddenn\u00ed plat se pohybuje okolo 25 tis\u00edc liber.<\/li>\r\n<li><strong>Henry Onyekuru\u00a0<\/strong>(Galatasaray \u2013\u00a0ro\u010dn\u00ed hostov\u00e1n\u00ed)<br \/>Henry Onyekuru, kter\u00fd nespl\u0148uje podm\u00ednky pro vyd\u00e1n\u00ed pracovn\u00edho povolen\u00ed ve Velk\u00e9 Brit\u00e1nii, a tak st\u00e1le nem\u016f\u017ee hr\u00e1t za Everton, str\u00e1v\u00ed nadch\u00e1zej\u00edc\u00ed sez\u00f3nu na hostov\u00e1n\u00ed v Galatasarayi. Tureck\u00fd klub to ozn\u00e1mil na sv\u00e9m ofici\u00e1ln\u00edm webu. 21let\u00fd \u00fato\u010dn\u00edk m\u00e1 s Evertonem platnou smlouvu do roku 2022, posledn\u00ed ro\u010dn\u00edk p\u0159itom hostoval v Anderlechtu, v jeho\u017e dresu vst\u0159elil 10 branek v 28 utk\u00e1n\u00edch, ne\u017e si v lo\u0148sk\u00e9m prosinci v\u00e1\u017en\u011b poranil koleno a sez\u00f3n\u011b pro n\u011bj p\u0159ed\u010dasn\u011b skon\u010dila.<\/li>\r\n<li><strong>Shani Tarashaj\u00a0<\/strong>(Grasshopper Curych \u2013\u00a0ro\u010dn\u00ed hostov\u00e1n\u00ed)<br \/>Shani Tarashaj odch\u00e1z\u00ed na ro\u010dn\u00ed hostov\u00e1n\u00ed do Grasshopperu Curych, odkud ho Everton v zim\u011b 2016 vykoupil za 3 miliony liber. 23let\u00fd \u0161v\u00fdcarsk\u00fd reprezentant ale i vinou opakuj\u00edc\u00edch se zdravotn\u00edch probl\u00e9m\u016f je\u0161t\u011b za Toffees neodehr\u00e1l ani jeden z\u00e1pas, p\u0159i\u010dem\u017e smlouvu s t\u00fddenn\u00edm platem 15 tis\u00edc liber m\u00e1 platnou do l\u00e9ta 2020.<\/li>\r\n<li><a href=\"http:\/\/evertonfc.cz\/index.php\/2018\/07\/27\/klaassen-zkusi-stesti-v-bremach\/\"><strong>Davy Klaassen<\/strong> (Werder Br\u00e9my\u00a0\u2013 nezve\u0159ejn\u011bn\u00e1 \u010d\u00e1stka, podle m\u00e9di\u00ed\u00a0\u20ac13,5+1,5m)<\/a><br \/>Zu\u017eov\u00e1n\u00ed k\u00e1dru pokra\u010duje. Dal\u0161\u00edm hr\u00e1\u010dem, kter\u00fd se nevm\u011bstnal do pl\u00e1n\u016f mana\u017eera Marca Silvy, a musel si naj\u00edt nov\u00e9 anga\u017em\u00e1, je Davy Klaassen. P\u011btadvacetilet\u00fd Nizozemec p\u0159estoupil do Werderu Br\u00e9my.<\/li>\r\n<li><a href=\"http:\/\/evertonfc.cz\/index.php\/2018\/08\/02\/williams-hostuje-ve-stoke-city\/\"><strong>Ashley Williams<\/strong>\u00a0(Stoke City\u00a0\u2013\u00a0ro\u010dn\u00ed hostov\u00e1n\u00ed)<\/a><br \/>S bl\u00ed\u017e\u00edc\u00edm se koncem p\u0159estupov\u00e9 obdob\u00ed lze o\u010dek\u00e1vat zv\u00fd\u0161enou fluktuaci v k\u00e1dru Toffees. Dal\u0161\u00edm hr\u00e1\u010dem, kter\u00fd nefiguroval v pl\u00e1nech nov\u00e9ho mana\u017eera Marca Silvy, je Ashley Williams.<\/li>\r\n<li><strong>Antonee Robinson<\/strong> (Wigan Athletic \u2013\u00a0ro\u010dn\u00ed hostov\u00e1n\u00ed)<br \/>Lev\u00fd obr\u00e1nce Antonee Robinson podepsal s Evertonem novou t\u0159\u00edletou smlouvu a obratem zam\u00ed\u0159il na ro\u010dn\u00ed hostov\u00e1n\u00ed do Wiganu Athletic, nov\u00e1\u010dkovi Championshipu. Dvacetilet\u00fd americk\u00fd reprezentant na sebe poprv\u00e9 upozornil v lo\u0148sk\u00e9 sez\u00f3n\u011b, kdy v\u00a0debutov\u00e9m roce mezi seniory pod\u00e1val velmi dobr\u00e9 v\u00fdkony\u00a0na hostov\u00e1n\u00ed v takt\u00e9\u017e druholigov\u00e9m Boltonu.<\/li>\r\n<li><a href=\"http:\/\/evertonfc.cz\/index.php\/2018\/08\/04\/mirallas-minimalne-na-rok-florentanem\/\"><strong>Kevin Mirallas<\/strong> (Fiorentina\u00a0\u2013\u00a0ro\u010dn\u00ed hostov\u00e1n\u00ed,\u00a0nezve\u0159ejn\u011bn\u00e1 \u010d\u00e1stka, podle m\u00e9di\u00ed \u00a30,45m)<\/a><br \/>Kevin Mirallas podruh\u00e9 v leto\u0161n\u00edm kalend\u00e1\u0159n\u00edm roce opou\u0161t\u00ed Everton. 30let\u00fd k\u0159\u00eddeln\u00edk se pokus\u00ed vzk\u0159\u00edsit svou kari\u00e9ru v rodi\u0161ti renesance.<\/li>\r\n<li><strong>Callum Connolly\u00a0<\/strong>(Wigan Athletic \u2013\u00a0ro\u010dn\u00ed hostov\u00e1n\u00ed)<br \/>20let\u00fd defenzivn\u00ed univerz\u00e1l Connolly\u00a0prodlou\u017eil v Evertonu smlouvu do roku 2021 a n\u00e1sledn\u011b obratem zam\u00ed\u0159il na ro\u010dn\u00ed hostov\u00e1n\u00ed do Wiganu Athletic, kter\u00fd je nov\u00e1\u010dkem druh\u00e9 anglick\u00e9 ligy.\u00a0<\/li>\r\n<li><a href=\"http:\/\/evertonfc.cz\/index.php\/2018\/08\/15\/vlasic-odchazi-hostovat-do-cska\/\"><strong>Nikola Vla\u0161i\u0107<\/strong> (CSKA Moskva \u2013\u00a0ro\u010dn\u00ed hostov\u00e1n\u00ed)<\/a><br \/>Dal\u0161\u00edm hr\u00e1\u010dem, kter\u00fd dostate\u010dn\u011b nezaujal mana\u017eera Marca Silvu, a tak dostal povolen\u00ed hledat si nov\u00e9 anga\u017em\u00e1, je Nikola Vla\u0161i\u0107, jen\u017e sez\u00f3nu 2018\/19 str\u00e1v\u00ed v moskevsk\u00e9m CSKA.<\/li>\r\n<li><strong>Cuco Martina<\/strong>\u00a0(Stoke City\u00a0\u2013\u00a0ro\u010dn\u00ed hostov\u00e1n\u00ed)<br \/>Cuco Martina odch\u00e1z\u00ed na ro\u010dn\u00ed hostov\u00e1n\u00ed do druholigov\u00e9ho Stoke City. Kapit\u00e1na reprezentace Curacaa p\u0159ivedl p\u0159ed rokem do Evertonu mana\u017eer Koeman jako n\u00e1hradu za zran\u011bn\u00e9ho Colemana. Martina, prim\u00e1rn\u011b prav\u00fd bek, ve v\u011bt\u0161in\u011b ze sv\u00fdch 28 odehran\u00fdch z\u00e1pas\u016f nastupoval na lev\u00e9 stran\u011b obrany. A\u010d mu nelze vy\u010d\u00edst profesion\u00e1ln\u00ed p\u0159\u00edstup, pravdou je, \u017ee jeho v\u00fdkony zdaleka nedosahovaly po\u017eadovan\u00fdch kvalit.<\/li>\r\n<li><strong>Joe Williams<\/strong>\u00a0(Bolton Wanderers\u00a0\u2013 ro\u010dn\u00ed hostov\u00e1n\u00ed)<br \/>21let\u00fd st\u0159edopola\u0159 Joe Williams si zopakuje\u00a0lo\u0148sk\u00e9 hostov\u00e1n\u00ed ve druh\u00e9 lize. Rok tentokr\u00e1t str\u00e1v\u00ed v druholigov\u00e9m Boltonu.<\/li>\r\n<li><strong>Muhamed Be\u0161i\u0107\u00a0<\/strong>(Middlesbrough \u2013 ro\u010dn\u00ed hostov\u00e1n\u00ed)<br \/>Muhamed Be\u0161i\u0107, kter\u00fd m\u00e1 v Evertonu smlouvu do roku 2021, se v r\u00e1mci ro\u010dn\u00edho hostov\u00e1n\u00ed vrac\u00ed na Riverside, kde na ja\u0159e jako host odehr\u00e1l 17 z\u00e1pas\u016f. Middlesbrough tou\u017eilo z\u00edskat reprezentanta Bosny a Hercegoviny na trval\u00fd p\u0159estup cel\u00e9 l\u00e9to, ale transfer v hodnot\u011b 6 milion\u016f liber, s n\u00edm\u017e Everton souhlasil na Deadline Day, zkrachoval na neochot\u011b Boro uhradit po\u017eadovanou provizi agentovi Be\u0161i\u0107e.<\/li>\r\n<li><strong>Yannick Bolasie\u00a0<\/strong>(Aston Villa \u2013 ro\u010dn\u00ed hostov\u00e1n\u00ed)<br \/>Yannick Bolasie str\u00e1vi nasleduj\u00facu sez\u00f3nu na hos\u0165ovan\u00ed o poschodie ni\u017e\u0161ie. A to konkr\u00e9tne v Aston Ville, pod veden\u00edm Stevea Brucea. Everton sa toto leto netaj\u00ed t\u00fdm, \u017ee chce okresa\u0165 po\u010dty a do tejto kateg\u00f3rie spadal aj 29 ro\u010dn\u00fd kr\u00eddeln\u00edk, ktor\u00fd prest\u00fapil do Evertonu pred dvomi rokmi za takmer \u00a330mil. Reprezentanta Kon\u017eskej demokratickej republiky v\u0161ak zasiahlo \u0165a\u017ek\u00e9 zranenie kolena a po ro\u010dnej prest\u00e1vke sa nedok\u00e1zal vr\u00e1ti\u0165 do optim\u00e1lnej formy. Nad prestupom do ni\u017e\u0161ej ligy dlho v\u00e1hal, ale pravideln\u00e9 hern\u00e9 vy\u0165a\u017eenie zrejme zohralo k\u013e\u00fa\u010dov\u00fa rolu.<\/li>\r\n<li><strong>Sandro Ram\u00edrez\u00a0<\/strong>(Real Sociedad \u2013 ro\u010dn\u00ed hostov\u00e1n\u00ed)<br \/>\u0160pan\u011blsk\u00fd \u00fato\u010dn\u00edk Sandro Ram\u00edrez se vrac\u00ed do La Ligy, na ro\u010dn\u00ed hostov\u00e1n\u00ed bez opce na p\u0159estup ho z\u00edskal Real Sociedad z Baskicka.<\/li>\r\n<li><strong>Matthew Pennington\u00a0<\/strong>(Ipswich Town \u2013 ro\u010dn\u00ed hostov\u00e1n\u00ed)<br \/>23-ro\u010dn\u00fd Matthew Pennington s\u00fahlasil na Deadline-day s ro\u010dn\u00fdm hos\u0165ovan\u00edm op\u00e4\u0165 v Championship, tentoraz v\u0161ak v modro-bielych farb\u00e1ch Ipswichu Town. Svoj debut si stihol odbi\u0165 u\u017e t\u00fato sobotu, ke\u010f nast\u00fapil v z\u00e1kladnej zostave a odohral cel\u00fd z\u00e1pas proti Norwichu v East Anglia Derby, 1:1.<\/li>\r\n<\/ul>","protected":false},"excerpt":{"rendered":"<p>V \u010dl\u00e1nku naleznete souhrn v\u0161ech zm\u011b\u0148 v k\u00e1dru Evertonu, kter\u00e9 se uskute\u010dn\u00ed b\u011bhem p\u0159estupov\u00e9ho l\u00e9ta 2018. Pozor, anglick\u00e9 kluby mohou&hellip;<\/p>\n","protected":false},"author":6,"featured_media":1866,"comment_status":"open","ping_status":"closed","sticky":false,"template":"","format":"standard","meta":{"_eb_attr":"","_monsterinsights_skip_tracking":false,"_monsterinsights_sitenote_active":false,"_monsterinsights_sitenote_note":"","_monsterinsights_sitenote_category":0,"footnotes":""},"categories":[41],"tags":[],"yoast_head":"<!-- This site is optimized with the Yoast SEO plugin v23.4 - https:\/\/yoast.com\/wordpress\/plugins\/seo\/ -->\n<title>P\u0159estupov\u00e9 l\u00e9to 2018 - Official Czech &amp; Slovak Everton Supporters&#039; Club<\/title>\n<meta name=\"robots\" content=\"index, follow, max-snippet:-1, max-image-preview:large, max-video-preview:-1\" \/>\n<link rel=\"canonical\" href=\"https:\/\/evertonfc.cz\/index.php\/2018\/09\/01\/prestupove-leto-2018\/\" \/>\n<meta property=\"og:locale\" content=\"cs_CZ\" \/>\n<meta property=\"og:type\" content=\"article\" \/>\n<meta property=\"og:title\" content=\"P\u0159estupov\u00e9 l\u00e9to 2018 - Official Czech &amp; Slovak Everton Supporters&#039; Club\" \/>\n<meta property=\"og:description\" content=\"V \u010dl\u00e1nku naleznete souhrn v\u0161ech zm\u011b\u0148 v k\u00e1dru Evertonu, kter\u00e9 se uskute\u010dn\u00ed b\u011bhem p\u0159estupov\u00e9ho l\u00e9ta 2018. Pozor, anglick\u00e9 kluby mohou&hellip;\" \/>\n<meta property=\"og:url\" content=\"https:\/\/evertonfc.cz\/index.php\/2018\/09\/01\/prestupove-leto-2018\/\" \/>\n<meta property=\"og:site_name\" content=\"Official Czech &amp; Slovak Everton Supporters&#039; Club\" \/>\n<meta property=\"article:publisher\" content=\"https:\/\/www.facebook.com\/everton.fans.cz.sk\" \/>\n<meta property=\"article:published_time\" content=\"2018-09-01T17:41:32+00:00\" \/>\n<meta property=\"article:modified_time\" content=\"2019-03-14T19:55:58+00:00\" \/>\n<meta property=\"og:image\" content=\"https:\/\/evertonfc.cz\/wp-content\/uploads\/2019\/01\/brands_1_9_2018.jpg\" \/>\n\t<meta property=\"og:image:width\" content=\"720\" \/>\n\t<meta property=\"og:image:height\" content=\"405\" \/>\n\t<meta property=\"og:image:type\" content=\"image\/jpeg\" \/>\n<meta name=\"author\" content=\"Ri\u010di\" \/>\n<meta name=\"twitter:card\" content=\"summary_large_image\" \/>\n<meta name=\"twitter:creator\" content=\"@rbrejsa\" \/>\n<meta name=\"twitter:label1\" content=\"Napsal(a)\" \/>\n\t<meta name=\"twitter:data1\" content=\"Ri\u010di\" \/>\n\t<meta name=\"twitter:label2\" content=\"Odhadovan\u00e1 doba \u010dten\u00ed\" \/>\n\t<meta name=\"twitter:data2\" content=\"8 minut\" \/>\n<script type=\"application\/ld+json\" class=\"yoast-schema-graph\">{\"@context\":\"https:\/\/schema.org\",\"@graph\":[{\"@type\":\"Article\",\"@id\":\"https:\/\/evertonfc.cz\/index.php\/2018\/09\/01\/prestupove-leto-2018\/#article\",\"isPartOf\":{\"@id\":\"https:\/\/evertonfc.cz\/index.php\/2018\/09\/01\/prestupove-leto-2018\/\"},\"author\":{\"name\":\"Ri\u010di\",\"@id\":\"https:\/\/evertonfc.cz\/#\/schema\/person\/f7a5daedb2ffee98480bc70e191aaef1\"},\"headline\":\"P\u0159estupov\u00e9 l\u00e9to 2018\",\"datePublished\":\"2018-09-01T17:41:32+00:00\",\"dateModified\":\"2019-03-14T19:55:58+00:00\",\"mainEntityOfPage\":{\"@id\":\"https:\/\/evertonfc.cz\/index.php\/2018\/09\/01\/prestupove-leto-2018\/\"},\"wordCount\":1700,\"commentCount\":0,\"publisher\":{\"@id\":\"https:\/\/evertonfc.cz\/#organization\"},\"image\":{\"@id\":\"https:\/\/evertonfc.cz\/index.php\/2018\/09\/01\/prestupove-leto-2018\/#primaryimage\"},\"thumbnailUrl\":\"https:\/\/evertonfc.cz\/wp-content\/uploads\/2019\/01\/brands_1_9_2018.jpg\",\"articleSection\":[\"P\u0159estupy\"],\"inLanguage\":\"cs\",\"potentialAction\":[{\"@type\":\"CommentAction\",\"name\":\"Comment\",\"target\":[\"https:\/\/evertonfc.cz\/index.php\/2018\/09\/01\/prestupove-leto-2018\/#respond\"]}]},{\"@type\":\"WebPage\",\"@id\":\"https:\/\/evertonfc.cz\/index.php\/2018\/09\/01\/prestupove-leto-2018\/\",\"url\":\"https:\/\/evertonfc.cz\/index.php\/2018\/09\/01\/prestupove-leto-2018\/\",\"name\":\"P\u0159estupov\u00e9 l\u00e9to 2018 - Official Czech &amp; Slovak Everton Supporters&#039; Club\",\"isPartOf\":{\"@id\":\"https:\/\/evertonfc.cz\/#website\"},\"primaryImageOfPage\":{\"@id\":\"https:\/\/evertonfc.cz\/index.php\/2018\/09\/01\/prestupove-leto-2018\/#primaryimage\"},\"image\":{\"@id\":\"https:\/\/evertonfc.cz\/index.php\/2018\/09\/01\/prestupove-leto-2018\/#primaryimage\"},\"thumbnailUrl\":\"https:\/\/evertonfc.cz\/wp-content\/uploads\/2019\/01\/brands_1_9_2018.jpg\",\"datePublished\":\"2018-09-01T17:41:32+00:00\",\"dateModified\":\"2019-03-14T19:55:58+00:00\",\"breadcrumb\":{\"@id\":\"https:\/\/evertonfc.cz\/index.php\/2018\/09\/01\/prestupove-leto-2018\/#breadcrumb\"},\"inLanguage\":\"cs\",\"potentialAction\":[{\"@type\":\"ReadAction\",\"target\":[\"https:\/\/evertonfc.cz\/index.php\/2018\/09\/01\/prestupove-leto-2018\/\"]}]},{\"@type\":\"ImageObject\",\"inLanguage\":\"cs\",\"@id\":\"https:\/\/evertonfc.cz\/index.php\/2018\/09\/01\/prestupove-leto-2018\/#primaryimage\",\"url\":\"https:\/\/evertonfc.cz\/wp-content\/uploads\/2019\/01\/brands_1_9_2018.jpg\",\"contentUrl\":\"https:\/\/evertonfc.cz\/wp-content\/uploads\/2019\/01\/brands_1_9_2018.jpg\",\"width\":720,\"height\":405},{\"@type\":\"BreadcrumbList\",\"@id\":\"https:\/\/evertonfc.cz\/index.php\/2018\/09\/01\/prestupove-leto-2018\/#breadcrumb\",\"itemListElement\":[{\"@type\":\"ListItem\",\"position\":1,\"name\":\"Home\",\"item\":\"https:\/\/evertonfc.cz\/\"},{\"@type\":\"ListItem\",\"position\":2,\"name\":\"P\u0159estupov\u00e9 l\u00e9to 2018\"}]},{\"@type\":\"WebSite\",\"@id\":\"https:\/\/evertonfc.cz\/#website\",\"url\":\"https:\/\/evertonfc.cz\/\",\"name\":\"Official Czech &amp; Slovak Everton Supporters&#039; Club\",\"description\":\"\",\"publisher\":{\"@id\":\"https:\/\/evertonfc.cz\/#organization\"},\"potentialAction\":[{\"@type\":\"SearchAction\",\"target\":{\"@type\":\"EntryPoint\",\"urlTemplate\":\"https:\/\/evertonfc.cz\/?s={search_term_string}\"},\"query-input\":{\"@type\":\"PropertyValueSpecification\",\"valueRequired\":true,\"valueName\":\"search_term_string\"}}],\"inLanguage\":\"cs\"},{\"@type\":\"Organization\",\"@id\":\"https:\/\/evertonfc.cz\/#organization\",\"name\":\"Official Czech & Slovak Everton Supporters' Club\",\"url\":\"https:\/\/evertonfc.cz\/\",\"logo\":{\"@type\":\"ImageObject\",\"inLanguage\":\"cs\",\"@id\":\"https:\/\/evertonfc.cz\/#\/schema\/logo\/image\/\",\"url\":\"https:\/\/evertonfc.cz\/wp-content\/uploads\/2019\/05\/logo.png\",\"contentUrl\":\"https:\/\/evertonfc.cz\/wp-content\/uploads\/2019\/05\/logo.png\",\"width\":112,\"height\":112,\"caption\":\"Official Czech & Slovak Everton Supporters' Club\"},\"image\":{\"@id\":\"https:\/\/evertonfc.cz\/#\/schema\/logo\/image\/\"},\"sameAs\":[\"https:\/\/www.facebook.com\/everton.fans.cz.sk\"]},{\"@type\":\"Person\",\"@id\":\"https:\/\/evertonfc.cz\/#\/schema\/person\/f7a5daedb2ffee98480bc70e191aaef1\",\"name\":\"Ri\u010di\",\"sameAs\":[\"https:\/\/x.com\/rbrejsa\"],\"url\":\"https:\/\/evertonfc.cz\/index.php\/author\/rici\/\"}]}<\/script>\n<!-- \/ Yoast SEO plugin. -->","yoast_head_json":{"title":"P\u0159estupov\u00e9 l\u00e9to 2018 - Official Czech &amp; Slovak Everton Supporters&#039; Club","robots":{"index":"index","follow":"follow","max-snippet":"max-snippet:-1","max-image-preview":"max-image-preview:large","max-video-preview":"max-video-preview:-1"},"canonical":"https:\/\/evertonfc.cz\/index.php\/2018\/09\/01\/prestupove-leto-2018\/","og_locale":"cs_CZ","og_type":"article","og_title":"P\u0159estupov\u00e9 l\u00e9to 2018 - Official Czech &amp; Slovak Everton Supporters&#039; Club","og_description":"V \u010dl\u00e1nku naleznete souhrn v\u0161ech zm\u011b\u0148 v k\u00e1dru Evertonu, kter\u00e9 se uskute\u010dn\u00ed b\u011bhem p\u0159estupov\u00e9ho l\u00e9ta 2018. Pozor, anglick\u00e9 kluby mohou&hellip;","og_url":"https:\/\/evertonfc.cz\/index.php\/2018\/09\/01\/prestupove-leto-2018\/","og_site_name":"Official Czech &amp; Slovak Everton Supporters&#039; Club","article_publisher":"https:\/\/www.facebook.com\/everton.fans.cz.sk","article_published_time":"2018-09-01T17:41:32+00:00","article_modified_time":"2019-03-14T19:55:58+00:00","og_image":[{"width":720,"height":405,"url":"https:\/\/evertonfc.cz\/wp-content\/uploads\/2019\/01\/brands_1_9_2018.jpg","type":"image\/jpeg"}],"author":"Ri\u010di","twitter_card":"summary_large_image","twitter_creator":"@rbrejsa","twitter_misc":{"Napsal(a)":"Ri\u010di","Odhadovan\u00e1 doba \u010dten\u00ed":"8 minut"},"schema":{"@context":"https:\/\/schema.org","@graph":[{"@type":"Article","@id":"https:\/\/evertonfc.cz\/index.php\/2018\/09\/01\/prestupove-leto-2018\/#article","isPartOf":{"@id":"https:\/\/evertonfc.cz\/index.php\/2018\/09\/01\/prestupove-leto-2018\/"},"author":{"name":"Ri\u010di","@id":"https:\/\/evertonfc.cz\/#\/schema\/person\/f7a5daedb2ffee98480bc70e191aaef1"},"headline":"P\u0159estupov\u00e9 l\u00e9to 2018","datePublished":"2018-09-01T17:41:32+00:00","dateModified":"2019-03-14T19:55:58+00:00","mainEntityOfPage":{"@id":"https:\/\/evertonfc.cz\/index.php\/2018\/09\/01\/prestupove-leto-2018\/"},"wordCount":1700,"commentCount":0,"publisher":{"@id":"https:\/\/evertonfc.cz\/#organization"},"image":{"@id":"https:\/\/evertonfc.cz\/index.php\/2018\/09\/01\/prestupove-leto-2018\/#primaryimage"},"thumbnailUrl":"https:\/\/evertonfc.cz\/wp-content\/uploads\/2019\/01\/brands_1_9_2018.jpg","articleSection":["P\u0159estupy"],"inLanguage":"cs","potentialAction":[{"@type":"CommentAction","name":"Comment","target":["https:\/\/evertonfc.cz\/index.php\/2018\/09\/01\/prestupove-leto-2018\/#respond"]}]},{"@type":"WebPage","@id":"https:\/\/evertonfc.cz\/index.php\/2018\/09\/01\/prestupove-leto-2018\/","url":"https:\/\/evertonfc.cz\/index.php\/2018\/09\/01\/prestupove-leto-2018\/","name":"P\u0159estupov\u00e9 l\u00e9to 2018 - Official Czech &amp; Slovak Everton Supporters&#039; Club","isPartOf":{"@id":"https:\/\/evertonfc.cz\/#website"},"primaryImageOfPage":{"@id":"https:\/\/evertonfc.cz\/index.php\/2018\/09\/01\/prestupove-leto-2018\/#primaryimage"},"image":{"@id":"https:\/\/evertonfc.cz\/index.php\/2018\/09\/01\/prestupove-leto-2018\/#primaryimage"},"thumbnailUrl":"https:\/\/evertonfc.cz\/wp-content\/uploads\/2019\/01\/brands_1_9_2018.jpg","datePublished":"2018-09-01T17:41:32+00:00","dateModified":"2019-03-14T19:55:58+00:00","breadcrumb":{"@id":"https:\/\/evertonfc.cz\/index.php\/2018\/09\/01\/prestupove-leto-2018\/#breadcrumb"},"inLanguage":"cs","potentialAction":[{"@type":"ReadAction","target":["https:\/\/evertonfc.cz\/index.php\/2018\/09\/01\/prestupove-leto-2018\/"]}]},{"@type":"ImageObject","inLanguage":"cs","@id":"https:\/\/evertonfc.cz\/index.php\/2018\/09\/01\/prestupove-leto-2018\/#primaryimage","url":"https:\/\/evertonfc.cz\/wp-content\/uploads\/2019\/01\/brands_1_9_2018.jpg","contentUrl":"https:\/\/evertonfc.cz\/wp-content\/uploads\/2019\/01\/brands_1_9_2018.jpg","width":720,"height":405},{"@type":"BreadcrumbList","@id":"https:\/\/evertonfc.cz\/index.php\/2018\/09\/01\/prestupove-leto-2018\/#breadcrumb","itemListElement":[{"@type":"ListItem","position":1,"name":"Home","item":"https:\/\/evertonfc.cz\/"},{"@type":"ListItem","position":2,"name":"P\u0159estupov\u00e9 l\u00e9to 2018"}]},{"@type":"WebSite","@id":"https:\/\/evertonfc.cz\/#website","url":"https:\/\/evertonfc.cz\/","name":"Official Czech &amp; Slovak Everton Supporters&#039; Club","description":"","publisher":{"@id":"https:\/\/evertonfc.cz\/#organization"},"potentialAction":[{"@type":"SearchAction","target":{"@type":"EntryPoint","urlTemplate":"https:\/\/evertonfc.cz\/?s={search_term_string}"},"query-input":{"@type":"PropertyValueSpecification","valueRequired":true,"valueName":"search_term_string"}}],"inLanguage":"cs"},{"@type":"Organization","@id":"https:\/\/evertonfc.cz\/#organization","name":"Official Czech & Slovak Everton Supporters' Club","url":"https:\/\/evertonfc.cz\/","logo":{"@type":"ImageObject","inLanguage":"cs","@id":"https:\/\/evertonfc.cz\/#\/schema\/logo\/image\/","url":"https:\/\/evertonfc.cz\/wp-content\/uploads\/2019\/05\/logo.png","contentUrl":"https:\/\/evertonfc.cz\/wp-content\/uploads\/2019\/05\/logo.png","width":112,"height":112,"caption":"Official Czech & Slovak Everton Supporters' Club"},"image":{"@id":"https:\/\/evertonfc.cz\/#\/schema\/logo\/image\/"},"sameAs":["https:\/\/www.facebook.com\/everton.fans.cz.sk"]},{"@type":"Person","@id":"https:\/\/evertonfc.cz\/#\/schema\/person\/f7a5daedb2ffee98480bc70e191aaef1","name":"Ri\u010di","sameAs":["https:\/\/x.com\/rbrejsa"],"url":"https:\/\/evertonfc.cz\/index.php\/author\/rici\/"}]}},"_links":{"self":[{"href":"https:\/\/evertonfc.cz\/index.php\/wp-json\/wp\/v2\/posts\/1893"}],"collection":[{"href":"https:\/\/evertonfc.cz\/index.php\/wp-json\/wp\/v2\/posts"}],"about":[{"href":"https:\/\/evertonfc.cz\/index.php\/wp-json\/wp\/v2\/types\/post"}],"author":[{"embeddable":true,"href":"https:\/\/evertonfc.cz\/index.php\/wp-json\/wp\/v2\/users\/6"}],"replies":[{"embeddable":true,"href":"https:\/\/evertonfc.cz\/index.php\/wp-json\/wp\/v2\/comments?post=1893"}],"version-history":[{"count":6,"href":"https:\/\/evertonfc.cz\/index.php\/wp-json\/wp\/v2\/posts\/1893\/revisions"}],"predecessor-version":[{"id":7031,"href":"https:\/\/evertonfc.cz\/index.php\/wp-json\/wp\/v2\/posts\/1893\/revisions\/7031"}],"wp:featuredmedia":[{"embeddable":true,"href":"https:\/\/evertonfc.cz\/index.php\/wp-json\/wp\/v2\/media\/1866"}],"wp:attachment":[{"href":"https:\/\/evertonfc.cz\/index.php\/wp-json\/wp\/v2\/media?parent=1893"}],"wp:term":[{"taxonomy":"category","embeddable":true,"href":"https:\/\/evertonfc.cz\/index.php\/wp-json\/wp\/v2\/categories?post=1893"},{"taxonomy":"post_tag","embeddable":true,"href":"https:\/\/evertonfc.cz\/index.php\/wp-json\/wp\/v2\/tags?post=1893"}],"curies":[{"name":"wp","href":"https:\/\/api.w.org\/{rel}","templated":true}]}}