{"id":18941,"date":"2022-06-29T15:28:22","date_gmt":"2022-06-29T13:28:22","guid":{"rendered":"https:\/\/evertonfc.cz\/?p=18941"},"modified":"2022-06-29T15:33:44","modified_gmt":"2022-06-29T13:33:44","slug":"americane-chteji-koupit-everton-uz-v-cervenci","status":"publish","type":"post","link":"https:\/\/evertonfc.cz\/index.php\/2022\/06\/29\/americane-chteji-koupit-everton-uz-v-cervenci\/","title":{"rendered":"Ameri\u010dan\u00e9 cht\u011bj\u00ed koupit Everton u\u017e v \u010dervenci"},"content":{"rendered":"<h4>Britsk\u00fd den\u00edk Daily Telegraph p\u0159inesl exkluzivn\u00ed novinku, podle n\u00ed\u017e hodl\u00e1 americk\u00e9 konsorcium uzav\u0159\u00edt dohodu o koupi Evertonu u\u017e do 21. \u010dervence, kdy Everton odehraje p\u0159\u00e1telsk\u00fd z\u00e1pas v Minnesot\u011b.<\/h4>\n<p>Hlavn\u00edm investorem konsorcia m\u00e1 b\u00fdt podnikatel Maciek Kaminiski se svou rodinou, jejich\u017e bydli\u0161t\u011bm je pr\u00e1v\u011b m\u011bsto na severu Spojen\u00fdch st\u00e1t\u016f americk\u00fdch. Movit\u00e1 rodina by r\u00e1da t\u00fdm Franka Lamparda hostila u\u017e v pozici budouc\u00edch majitel\u016f.<\/p>\n<p>Podle Daily Telegraph je mo\u017en\u00e9, \u017ee konsorcium veden\u00e9 Peterem Kenyonem, b\u00fdval\u00fdm v\u00fdkonn\u00fdm \u0159editelem Manchesteru United a Chelsea, uzav\u0159e do 21. \u010dervence dohodu o koupi s Farhadem Moshirim, vlastn\u00edkem 94,1procentn\u00edho pod\u00edlu v Evertonu. Posl\u00e9ze u\u017e by nem\u011blo nic br\u00e1nit tomu, aby celou transakci posv\u011btilo veden\u00ed Premier League.<\/p>\n<p>Maciek Kaminski (na \u00favodn\u00ed fotce) dokonce p\u0159ed p\u00e1r dny p\u0159icestoval do Liverpoolu. Se\u0161el se s Moshirim a nav\u0161t\u00edvil Bramley-Moore Dock, kde Everton stav\u00ed nov\u00fd 500milionov\u00fd stadion, k jeho\u017e financov\u00e1n\u00ed v pln\u00e9m rozsahu se Kaminski zav\u00e1zal.<\/p>\n<p>Americk\u00e9 konsorcium, kter\u00e9ho sou\u010d\u00e1st\u00ed je krom\u011b Kenyona a Kaminiskiho tak\u00e9 podnikatel John Thornton, se chyst\u00e1 odkoupit Everton za \u010d\u00e1stku okolo 500 milion\u016f liber a je i p\u0159ipraveno pokr\u00fdt spl\u00e1cen\u00ed dluh\u016f klubu.<\/p>\n<p>Konsorcium rovn\u011b\u017e hodl\u00e1 poskytnout dostatek prost\u0159edk\u016f mana\u017eerovi Lampardovi s c\u00edlem p\u0159iv\u00e9st vytipovan\u00e9 posily je\u0161t\u011b v letn\u00edm p\u0159estupov\u00e9m okn\u011b. Lze p\u0159edpokl\u00e1dat, \u017ee se kv\u016fli tomu uzav\u0159ou nov\u00e9 v\u00fdhodn\u00e9 sponzorsk\u00e9 smlouvy, kter\u00e9 Toffees pomohou vyb\u0159ednout z aktu\u00e1ln\u00ed sv\u00edzeln\u00e9 finan\u010dn\u00ed situace, kdy kv\u016fli \u0161patn\u00e9mu hospoda\u0159en\u00ed dolehla na klub finan\u010dn\u00ed pravidla, a tak nem\u016f\u017ee konkurenceschopn\u011b utr\u00e1cet na p\u0159estupov\u00e9m poli.<\/p>\n<p>Kaminiskiho a jeho rodinu trochu hal\u00ed tajemstv\u00ed. Maciek Kaminiski se narodil v\u00a0Polsku v\u00a0roce 1958 a do USA emigroval se sv\u00fdmi rodi\u010di, ji\u017e jako l\u00e9ka\u0159i p\u016fsobili ve v\u00fdchodn\u00ed Africe. Hodnota jeho jm\u011bn\u00ed nikdy nebyla zve\u0159ejn\u011bna, je pouze zmapov\u00e1no, \u017ee sv\u00e9 bohatstv\u00ed nabyl a zv\u011bt\u0161uje d\u00edky investic\u00edm v maloobchodu a komer\u010dn\u00edch nemovitostech.<\/p>\n<p>Podle zdroje Daily Telegraph je Kaminski dostate\u010dn\u011b movit\u00fd na to, aby koupil Everton, zaplatil stavbu nov\u00e9ho stadionu a dlouhodob\u011b investoval do posil.<\/p>\n<p>Kaminiski chce z Evertonu vytvo\u0159it vlajkovou lo\u010f sv\u00e9ho nov\u00e9ho portfolia, kter\u00e9 m\u00e1 obsahovat akvizice ve sportovn\u00edch klubech, m\u00e9di\u00edch a z\u00e1bavn\u00edm pr\u016fmyslu. Kv\u016fli tomu u\u017e zalo\u017eil firmu Kam Sports.<\/p>\n<p>Investora l\u00e1k\u00e1 na Evertonu jeho historie, v\u00e1\u0161niv\u00e1 fanou\u0161kovsk\u00e1 z\u00e1kladna, potenci\u00e1l klubu a tak\u00e9 velk\u00e1 mo\u017enost v podob\u011b mistrovstv\u00ed sv\u011bta 2026, kter\u00e9 se bude konat ve Spojen\u00fdch st\u00e1tech, Kanad\u011b, Mexiku a p\u0159edpokl\u00e1d\u00e1 se, \u017ee k\u00a0fotbalu v\u00a0USA p\u0159it\u00e1hne mnoho dosud nepol\u00edben\u00fdch osob a sponzor\u016f.<\/p>\n<p>Maciek Kaminiski je podle novin\u00e1\u0159sk\u00fdch report\u016f dlouholet\u00fdm fanou\u0161kem Premier League a v Evertonu tou\u017e\u00ed na h\u0159i\u0161ti i mimo n\u011bj nav\u00e1zat na tradici &#8222;the people\u2019s club&#8220;.<\/p>\n<p>Jeho rodina se dr\u017e\u00ed stranou bulv\u00e1ru, je ov\u0161em zapojena do rodinn\u00e9ho byznysu. Svou man\u017eelku Brendu potkal v Minneapolisu, kde studoval na Minnesotsk\u00e9 univerzit\u011b. P\u00e1r uzav\u0159el s\u0148atek u\u017e p\u0159ed 33 lety a vychoval \u010dty\u0159i d\u011bti. Syn Mikhail je obchodn\u00edm partnerem otce, ve firm\u011b Kam Sports mu pat\u0159\u00ed mana\u017eersk\u00e1 pozice a p\u0159edpokl\u00e1d\u00e1 se, \u017ee oba zasednou v p\u0159edstavenstvu Evertonu.<\/p>\n<p>Dcera Kyle se stala pr\u00e1vni\u010dkou, Coco zase reprezentovala Polsko v krasobruslen\u00ed a t\u0159et\u00ed dcera Kit pracuje pro celosv\u011btovou technologickou spole\u010dnost. I kdy\u017e Maciek Kaminiski nen\u00ed p\u0159\u00edli\u0161 zn\u00e1m\u00fd v\u00a0Polsku, na sv\u00e9 ko\u0159eny rozhodn\u011b nezapom\u00edn\u00e1 a dodnes si ponech\u00e1v\u00e1 americk\u00e9 i polsk\u00e9 ob\u010danstv\u00ed.<\/p>\n<p>Za Kaminiskiho n\u00e1padem investovat do Evertonu stoj\u00ed Peter Kenyon, jen\u017e jako vedouc\u00ed konsorcia prvn\u011b oslovil Moshiriho a v p\u0159\u00edpad\u011b \u00fasp\u011b\u0161n\u00e9ho p\u0159evzet\u00ed by m\u011bl dostat \u0159editelskou pozici v klubu.<\/p>\n","protected":false},"excerpt":{"rendered":"<p>Britsk\u00fd den\u00edk Daily Telegraph p\u0159inesl exkluzivn\u00ed novinku, podle n\u00ed\u017e hodl\u00e1 americk\u00e9 konsorcium uzav\u0159\u00edt dohodu o koupi Evertonu u\u017e do 21. \u010dervence, kdy Everton odehraje p\u0159\u00e1telsk\u00fd z\u00e1pas v Minnesot\u011b.<\/p>\n","protected":false},"author":6,"featured_media":18940,"comment_status":"open","ping_status":"closed","sticky":false,"template":"","format":"standard","meta":{"_eb_attr":"","_monsterinsights_skip_tracking":false,"_monsterinsights_sitenote_active":false,"_monsterinsights_sitenote_note":"","_monsterinsights_sitenote_category":0,"footnotes":""},"categories":[42],"tags":[],"yoast_head":"<!-- This site is optimized with the Yoast SEO plugin v23.4 - https:\/\/yoast.com\/wordpress\/plugins\/seo\/ -->\n<title>Ameri\u010dan\u00e9 cht\u011bj\u00ed koupit Everton u\u017e v \u010dervenci - Official Czech &amp; Slovak Everton Supporters&#039; Club<\/title>\n<meta name=\"description\" content=\"Britsk\u00fd den\u00edk Daily Telegraph p\u0159inesl exkluzivn\u00ed novinku, podle n\u00ed\u017e hodl\u00e1 americk\u00e9 konsorcium uzav\u0159\u00edt dohodu o koupi Evertonu u\u017e do 21. \u010dervence, kdy Everton odehraje p\u0159\u00e1telsk\u00fd z\u00e1pas v Minnesot\u011b.\" \/>\n<meta name=\"robots\" content=\"index, follow, max-snippet:-1, max-image-preview:large, max-video-preview:-1\" \/>\n<link rel=\"canonical\" href=\"https:\/\/evertonfc.cz\/index.php\/2022\/06\/29\/americane-chteji-koupit-everton-uz-v-cervenci\/\" \/>\n<meta property=\"og:locale\" content=\"cs_CZ\" \/>\n<meta property=\"og:type\" content=\"article\" \/>\n<meta property=\"og:title\" content=\"Ameri\u010dan\u00e9 cht\u011bj\u00ed koupit Everton u\u017e v \u010dervenci - Official Czech &amp; Slovak Everton Supporters&#039; Club\" \/>\n<meta property=\"og:description\" content=\"Britsk\u00fd den\u00edk Daily Telegraph p\u0159inesl exkluzivn\u00ed novinku, podle n\u00ed\u017e hodl\u00e1 americk\u00e9 konsorcium uzav\u0159\u00edt dohodu o koupi Evertonu u\u017e do 21. \u010dervence, kdy Everton odehraje p\u0159\u00e1telsk\u00fd z\u00e1pas v Minnesot\u011b.\" \/>\n<meta property=\"og:url\" content=\"https:\/\/evertonfc.cz\/index.php\/2022\/06\/29\/americane-chteji-koupit-everton-uz-v-cervenci\/\" \/>\n<meta property=\"og:site_name\" content=\"Official Czech &amp; Slovak Everton Supporters&#039; Club\" \/>\n<meta property=\"article:publisher\" content=\"https:\/\/www.facebook.com\/everton.fans.cz.sk\" \/>\n<meta property=\"article:published_time\" content=\"2022-06-29T13:28:22+00:00\" \/>\n<meta property=\"article:modified_time\" content=\"2022-06-29T13:33:44+00:00\" \/>\n<meta property=\"og:image\" content=\"https:\/\/evertonfc.cz\/wp-content\/uploads\/2022\/06\/kaminiski_29_6_2022.jpg\" \/>\n\t<meta property=\"og:image:width\" content=\"720\" \/>\n\t<meta property=\"og:image:height\" content=\"405\" \/>\n\t<meta property=\"og:image:type\" content=\"image\/jpeg\" \/>\n<meta name=\"author\" content=\"Ri\u010di\" \/>\n<meta name=\"twitter:card\" content=\"summary_large_image\" \/>\n<meta name=\"twitter:creator\" content=\"@rbrejsa\" \/>\n<meta name=\"twitter:label1\" content=\"Napsal(a)\" \/>\n\t<meta name=\"twitter:data1\" content=\"Ri\u010di\" \/>\n\t<meta name=\"twitter:label2\" content=\"Odhadovan\u00e1 doba \u010dten\u00ed\" \/>\n\t<meta name=\"twitter:data2\" content=\"3 minuty\" \/>\n<script type=\"application\/ld+json\" class=\"yoast-schema-graph\">{\"@context\":\"https:\/\/schema.org\",\"@graph\":[{\"@type\":\"Article\",\"@id\":\"https:\/\/evertonfc.cz\/index.php\/2022\/06\/29\/americane-chteji-koupit-everton-uz-v-cervenci\/#article\",\"isPartOf\":{\"@id\":\"https:\/\/evertonfc.cz\/index.php\/2022\/06\/29\/americane-chteji-koupit-everton-uz-v-cervenci\/\"},\"author\":{\"name\":\"Ri\u010di\",\"@id\":\"https:\/\/evertonfc.cz\/#\/schema\/person\/f7a5daedb2ffee98480bc70e191aaef1\"},\"headline\":\"Ameri\u010dan\u00e9 cht\u011bj\u00ed koupit Everton u\u017e v \u010dervenci\",\"datePublished\":\"2022-06-29T13:28:22+00:00\",\"dateModified\":\"2022-06-29T13:33:44+00:00\",\"mainEntityOfPage\":{\"@id\":\"https:\/\/evertonfc.cz\/index.php\/2022\/06\/29\/americane-chteji-koupit-everton-uz-v-cervenci\/\"},\"wordCount\":685,\"commentCount\":9,\"publisher\":{\"@id\":\"https:\/\/evertonfc.cz\/#organization\"},\"image\":{\"@id\":\"https:\/\/evertonfc.cz\/index.php\/2022\/06\/29\/americane-chteji-koupit-everton-uz-v-cervenci\/#primaryimage\"},\"thumbnailUrl\":\"https:\/\/evertonfc.cz\/wp-content\/uploads\/2022\/06\/kaminiski_29_6_2022.jpg\",\"articleSection\":[\"Aktuality\"],\"inLanguage\":\"cs\",\"potentialAction\":[{\"@type\":\"CommentAction\",\"name\":\"Comment\",\"target\":[\"https:\/\/evertonfc.cz\/index.php\/2022\/06\/29\/americane-chteji-koupit-everton-uz-v-cervenci\/#respond\"]}]},{\"@type\":\"WebPage\",\"@id\":\"https:\/\/evertonfc.cz\/index.php\/2022\/06\/29\/americane-chteji-koupit-everton-uz-v-cervenci\/\",\"url\":\"https:\/\/evertonfc.cz\/index.php\/2022\/06\/29\/americane-chteji-koupit-everton-uz-v-cervenci\/\",\"name\":\"Ameri\u010dan\u00e9 cht\u011bj\u00ed koupit Everton u\u017e v \u010dervenci - Official Czech &amp; Slovak Everton Supporters&#039; Club\",\"isPartOf\":{\"@id\":\"https:\/\/evertonfc.cz\/#website\"},\"primaryImageOfPage\":{\"@id\":\"https:\/\/evertonfc.cz\/index.php\/2022\/06\/29\/americane-chteji-koupit-everton-uz-v-cervenci\/#primaryimage\"},\"image\":{\"@id\":\"https:\/\/evertonfc.cz\/index.php\/2022\/06\/29\/americane-chteji-koupit-everton-uz-v-cervenci\/#primaryimage\"},\"thumbnailUrl\":\"https:\/\/evertonfc.cz\/wp-content\/uploads\/2022\/06\/kaminiski_29_6_2022.jpg\",\"datePublished\":\"2022-06-29T13:28:22+00:00\",\"dateModified\":\"2022-06-29T13:33:44+00:00\",\"description\":\"Britsk\u00fd den\u00edk Daily Telegraph p\u0159inesl exkluzivn\u00ed novinku, podle n\u00ed\u017e hodl\u00e1 americk\u00e9 konsorcium uzav\u0159\u00edt dohodu o koupi Evertonu u\u017e do 21. \u010dervence, kdy Everton odehraje p\u0159\u00e1telsk\u00fd z\u00e1pas v Minnesot\u011b.\",\"breadcrumb\":{\"@id\":\"https:\/\/evertonfc.cz\/index.php\/2022\/06\/29\/americane-chteji-koupit-everton-uz-v-cervenci\/#breadcrumb\"},\"inLanguage\":\"cs\",\"potentialAction\":[{\"@type\":\"ReadAction\",\"target\":[\"https:\/\/evertonfc.cz\/index.php\/2022\/06\/29\/americane-chteji-koupit-everton-uz-v-cervenci\/\"]}]},{\"@type\":\"ImageObject\",\"inLanguage\":\"cs\",\"@id\":\"https:\/\/evertonfc.cz\/index.php\/2022\/06\/29\/americane-chteji-koupit-everton-uz-v-cervenci\/#primaryimage\",\"url\":\"https:\/\/evertonfc.cz\/wp-content\/uploads\/2022\/06\/kaminiski_29_6_2022.jpg\",\"contentUrl\":\"https:\/\/evertonfc.cz\/wp-content\/uploads\/2022\/06\/kaminiski_29_6_2022.jpg\",\"width\":720,\"height\":405},{\"@type\":\"BreadcrumbList\",\"@id\":\"https:\/\/evertonfc.cz\/index.php\/2022\/06\/29\/americane-chteji-koupit-everton-uz-v-cervenci\/#breadcrumb\",\"itemListElement\":[{\"@type\":\"ListItem\",\"position\":1,\"name\":\"Home\",\"item\":\"https:\/\/evertonfc.cz\/\"},{\"@type\":\"ListItem\",\"position\":2,\"name\":\"Ameri\u010dan\u00e9 cht\u011bj\u00ed koupit Everton u\u017e v \u010dervenci\"}]},{\"@type\":\"WebSite\",\"@id\":\"https:\/\/evertonfc.cz\/#website\",\"url\":\"https:\/\/evertonfc.cz\/\",\"name\":\"Official Czech &amp; Slovak Everton Supporters&#039; Club\",\"description\":\"\",\"publisher\":{\"@id\":\"https:\/\/evertonfc.cz\/#organization\"},\"potentialAction\":[{\"@type\":\"SearchAction\",\"target\":{\"@type\":\"EntryPoint\",\"urlTemplate\":\"https:\/\/evertonfc.cz\/?s={search_term_string}\"},\"query-input\":{\"@type\":\"PropertyValueSpecification\",\"valueRequired\":true,\"valueName\":\"search_term_string\"}}],\"inLanguage\":\"cs\"},{\"@type\":\"Organization\",\"@id\":\"https:\/\/evertonfc.cz\/#organization\",\"name\":\"Official Czech & Slovak Everton Supporters' Club\",\"url\":\"https:\/\/evertonfc.cz\/\",\"logo\":{\"@type\":\"ImageObject\",\"inLanguage\":\"cs\",\"@id\":\"https:\/\/evertonfc.cz\/#\/schema\/logo\/image\/\",\"url\":\"https:\/\/evertonfc.cz\/wp-content\/uploads\/2019\/05\/logo.png\",\"contentUrl\":\"https:\/\/evertonfc.cz\/wp-content\/uploads\/2019\/05\/logo.png\",\"width\":112,\"height\":112,\"caption\":\"Official Czech & Slovak Everton Supporters' Club\"},\"image\":{\"@id\":\"https:\/\/evertonfc.cz\/#\/schema\/logo\/image\/\"},\"sameAs\":[\"https:\/\/www.facebook.com\/everton.fans.cz.sk\"]},{\"@type\":\"Person\",\"@id\":\"https:\/\/evertonfc.cz\/#\/schema\/person\/f7a5daedb2ffee98480bc70e191aaef1\",\"name\":\"Ri\u010di\",\"sameAs\":[\"https:\/\/x.com\/rbrejsa\"],\"url\":\"https:\/\/evertonfc.cz\/index.php\/author\/rici\/\"}]}<\/script>\n<!-- \/ Yoast SEO plugin. -->","yoast_head_json":{"title":"Ameri\u010dan\u00e9 cht\u011bj\u00ed koupit Everton u\u017e v \u010dervenci - Official Czech &amp; Slovak Everton Supporters&#039; Club","description":"Britsk\u00fd den\u00edk Daily Telegraph p\u0159inesl exkluzivn\u00ed novinku, podle n\u00ed\u017e hodl\u00e1 americk\u00e9 konsorcium uzav\u0159\u00edt dohodu o koupi Evertonu u\u017e do 21. \u010dervence, kdy Everton odehraje p\u0159\u00e1telsk\u00fd z\u00e1pas v Minnesot\u011b.","robots":{"index":"index","follow":"follow","max-snippet":"max-snippet:-1","max-image-preview":"max-image-preview:large","max-video-preview":"max-video-preview:-1"},"canonical":"https:\/\/evertonfc.cz\/index.php\/2022\/06\/29\/americane-chteji-koupit-everton-uz-v-cervenci\/","og_locale":"cs_CZ","og_type":"article","og_title":"Ameri\u010dan\u00e9 cht\u011bj\u00ed koupit Everton u\u017e v \u010dervenci - Official Czech &amp; Slovak Everton Supporters&#039; Club","og_description":"Britsk\u00fd den\u00edk Daily Telegraph p\u0159inesl exkluzivn\u00ed novinku, podle n\u00ed\u017e hodl\u00e1 americk\u00e9 konsorcium uzav\u0159\u00edt dohodu o koupi Evertonu u\u017e do 21. \u010dervence, kdy Everton odehraje p\u0159\u00e1telsk\u00fd z\u00e1pas v Minnesot\u011b.","og_url":"https:\/\/evertonfc.cz\/index.php\/2022\/06\/29\/americane-chteji-koupit-everton-uz-v-cervenci\/","og_site_name":"Official Czech &amp; Slovak Everton Supporters&#039; Club","article_publisher":"https:\/\/www.facebook.com\/everton.fans.cz.sk","article_published_time":"2022-06-29T13:28:22+00:00","article_modified_time":"2022-06-29T13:33:44+00:00","og_image":[{"width":720,"height":405,"url":"https:\/\/evertonfc.cz\/wp-content\/uploads\/2022\/06\/kaminiski_29_6_2022.jpg","type":"image\/jpeg"}],"author":"Ri\u010di","twitter_card":"summary_large_image","twitter_creator":"@rbrejsa","twitter_misc":{"Napsal(a)":"Ri\u010di","Odhadovan\u00e1 doba \u010dten\u00ed":"3 minuty"},"schema":{"@context":"https:\/\/schema.org","@graph":[{"@type":"Article","@id":"https:\/\/evertonfc.cz\/index.php\/2022\/06\/29\/americane-chteji-koupit-everton-uz-v-cervenci\/#article","isPartOf":{"@id":"https:\/\/evertonfc.cz\/index.php\/2022\/06\/29\/americane-chteji-koupit-everton-uz-v-cervenci\/"},"author":{"name":"Ri\u010di","@id":"https:\/\/evertonfc.cz\/#\/schema\/person\/f7a5daedb2ffee98480bc70e191aaef1"},"headline":"Ameri\u010dan\u00e9 cht\u011bj\u00ed koupit Everton u\u017e v \u010dervenci","datePublished":"2022-06-29T13:28:22+00:00","dateModified":"2022-06-29T13:33:44+00:00","mainEntityOfPage":{"@id":"https:\/\/evertonfc.cz\/index.php\/2022\/06\/29\/americane-chteji-koupit-everton-uz-v-cervenci\/"},"wordCount":685,"commentCount":9,"publisher":{"@id":"https:\/\/evertonfc.cz\/#organization"},"image":{"@id":"https:\/\/evertonfc.cz\/index.php\/2022\/06\/29\/americane-chteji-koupit-everton-uz-v-cervenci\/#primaryimage"},"thumbnailUrl":"https:\/\/evertonfc.cz\/wp-content\/uploads\/2022\/06\/kaminiski_29_6_2022.jpg","articleSection":["Aktuality"],"inLanguage":"cs","potentialAction":[{"@type":"CommentAction","name":"Comment","target":["https:\/\/evertonfc.cz\/index.php\/2022\/06\/29\/americane-chteji-koupit-everton-uz-v-cervenci\/#respond"]}]},{"@type":"WebPage","@id":"https:\/\/evertonfc.cz\/index.php\/2022\/06\/29\/americane-chteji-koupit-everton-uz-v-cervenci\/","url":"https:\/\/evertonfc.cz\/index.php\/2022\/06\/29\/americane-chteji-koupit-everton-uz-v-cervenci\/","name":"Ameri\u010dan\u00e9 cht\u011bj\u00ed koupit Everton u\u017e v \u010dervenci - Official Czech &amp; Slovak Everton Supporters&#039; Club","isPartOf":{"@id":"https:\/\/evertonfc.cz\/#website"},"primaryImageOfPage":{"@id":"https:\/\/evertonfc.cz\/index.php\/2022\/06\/29\/americane-chteji-koupit-everton-uz-v-cervenci\/#primaryimage"},"image":{"@id":"https:\/\/evertonfc.cz\/index.php\/2022\/06\/29\/americane-chteji-koupit-everton-uz-v-cervenci\/#primaryimage"},"thumbnailUrl":"https:\/\/evertonfc.cz\/wp-content\/uploads\/2022\/06\/kaminiski_29_6_2022.jpg","datePublished":"2022-06-29T13:28:22+00:00","dateModified":"2022-06-29T13:33:44+00:00","description":"Britsk\u00fd den\u00edk Daily Telegraph p\u0159inesl exkluzivn\u00ed novinku, podle n\u00ed\u017e hodl\u00e1 americk\u00e9 konsorcium uzav\u0159\u00edt dohodu o koupi Evertonu u\u017e do 21. \u010dervence, kdy Everton odehraje p\u0159\u00e1telsk\u00fd z\u00e1pas v Minnesot\u011b.","breadcrumb":{"@id":"https:\/\/evertonfc.cz\/index.php\/2022\/06\/29\/americane-chteji-koupit-everton-uz-v-cervenci\/#breadcrumb"},"inLanguage":"cs","potentialAction":[{"@type":"ReadAction","target":["https:\/\/evertonfc.cz\/index.php\/2022\/06\/29\/americane-chteji-koupit-everton-uz-v-cervenci\/"]}]},{"@type":"ImageObject","inLanguage":"cs","@id":"https:\/\/evertonfc.cz\/index.php\/2022\/06\/29\/americane-chteji-koupit-everton-uz-v-cervenci\/#primaryimage","url":"https:\/\/evertonfc.cz\/wp-content\/uploads\/2022\/06\/kaminiski_29_6_2022.jpg","contentUrl":"https:\/\/evertonfc.cz\/wp-content\/uploads\/2022\/06\/kaminiski_29_6_2022.jpg","width":720,"height":405},{"@type":"BreadcrumbList","@id":"https:\/\/evertonfc.cz\/index.php\/2022\/06\/29\/americane-chteji-koupit-everton-uz-v-cervenci\/#breadcrumb","itemListElement":[{"@type":"ListItem","position":1,"name":"Home","item":"https:\/\/evertonfc.cz\/"},{"@type":"ListItem","position":2,"name":"Ameri\u010dan\u00e9 cht\u011bj\u00ed koupit Everton u\u017e v \u010dervenci"}]},{"@type":"WebSite","@id":"https:\/\/evertonfc.cz\/#website","url":"https:\/\/evertonfc.cz\/","name":"Official Czech &amp; Slovak Everton Supporters&#039; Club","description":"","publisher":{"@id":"https:\/\/evertonfc.cz\/#organization"},"potentialAction":[{"@type":"SearchAction","target":{"@type":"EntryPoint","urlTemplate":"https:\/\/evertonfc.cz\/?s={search_term_string}"},"query-input":{"@type":"PropertyValueSpecification","valueRequired":true,"valueName":"search_term_string"}}],"inLanguage":"cs"},{"@type":"Organization","@id":"https:\/\/evertonfc.cz\/#organization","name":"Official Czech & Slovak Everton Supporters' Club","url":"https:\/\/evertonfc.cz\/","logo":{"@type":"ImageObject","inLanguage":"cs","@id":"https:\/\/evertonfc.cz\/#\/schema\/logo\/image\/","url":"https:\/\/evertonfc.cz\/wp-content\/uploads\/2019\/05\/logo.png","contentUrl":"https:\/\/evertonfc.cz\/wp-content\/uploads\/2019\/05\/logo.png","width":112,"height":112,"caption":"Official Czech & Slovak Everton Supporters' Club"},"image":{"@id":"https:\/\/evertonfc.cz\/#\/schema\/logo\/image\/"},"sameAs":["https:\/\/www.facebook.com\/everton.fans.cz.sk"]},{"@type":"Person","@id":"https:\/\/evertonfc.cz\/#\/schema\/person\/f7a5daedb2ffee98480bc70e191aaef1","name":"Ri\u010di","sameAs":["https:\/\/x.com\/rbrejsa"],"url":"https:\/\/evertonfc.cz\/index.php\/author\/rici\/"}]}},"_links":{"self":[{"href":"https:\/\/evertonfc.cz\/index.php\/wp-json\/wp\/v2\/posts\/18941"}],"collection":[{"href":"https:\/\/evertonfc.cz\/index.php\/wp-json\/wp\/v2\/posts"}],"about":[{"href":"https:\/\/evertonfc.cz\/index.php\/wp-json\/wp\/v2\/types\/post"}],"author":[{"embeddable":true,"href":"https:\/\/evertonfc.cz\/index.php\/wp-json\/wp\/v2\/users\/6"}],"replies":[{"embeddable":true,"href":"https:\/\/evertonfc.cz\/index.php\/wp-json\/wp\/v2\/comments?post=18941"}],"version-history":[{"count":6,"href":"https:\/\/evertonfc.cz\/index.php\/wp-json\/wp\/v2\/posts\/18941\/revisions"}],"predecessor-version":[{"id":18947,"href":"https:\/\/evertonfc.cz\/index.php\/wp-json\/wp\/v2\/posts\/18941\/revisions\/18947"}],"wp:featuredmedia":[{"embeddable":true,"href":"https:\/\/evertonfc.cz\/index.php\/wp-json\/wp\/v2\/media\/18940"}],"wp:attachment":[{"href":"https:\/\/evertonfc.cz\/index.php\/wp-json\/wp\/v2\/media?parent=18941"}],"wp:term":[{"taxonomy":"category","embeddable":true,"href":"https:\/\/evertonfc.cz\/index.php\/wp-json\/wp\/v2\/categories?post=18941"},{"taxonomy":"post_tag","embeddable":true,"href":"https:\/\/evertonfc.cz\/index.php\/wp-json\/wp\/v2\/tags?post=18941"}],"curies":[{"name":"wp","href":"https:\/\/api.w.org\/{rel}","templated":true}]}}