{"id":18949,"date":"2022-07-01T10:44:11","date_gmt":"2022-07-01T08:44:11","guid":{"rendered":"https:\/\/evertonfc.cz\/?p=18949"},"modified":"2022-07-17T09:53:49","modified_gmt":"2022-07-17T07:53:49","slug":"velka-ztrata-richarlison-prestoupil-ke-spurs","status":"publish","type":"post","link":"https:\/\/evertonfc.cz\/index.php\/2022\/07\/01\/velka-ztrata-richarlison-prestoupil-ke-spurs\/","title":{"rendered":"Velk\u00e1 ztr\u00e1ta. Richarlison p\u0159estoupil ke Spurs"},"content":{"rendered":"<h4>Tottenham Hotspur zkompletoval p\u0159\u00edchod kl\u00ed\u010dov\u00e9ho hr\u00e1\u010de v\u00fdb\u011bru Franka Lamparda, za n\u011bho\u017e by Everton mohl eventu\u00e1ln\u011b zinkasovat 60 milion\u016f liber.<\/h4>\n<p>25let\u00fd Richarlison netajil sv\u016fj z\u00e1m\u011br p\u0159estoupit do v\u011bt\u0161\u00edho klubu, ne\u017e jsou moment\u00e1ln\u011b Toffees. I p\u0159esto ale odch\u00e1z\u00ed v dobr\u00e9m, lze dokonce \u0159\u00edct jako novodob\u00e1 ikona.<\/p>\n<p>Od sv\u00e9ho p\u0159\u00edchodu v roce 2018 z Watfordu vst\u0159elil 53 branek v 152 z\u00e1pasech. Everton za posledn\u00ed \u010dty\u0159i roky nem\u011bl lep\u0161\u00edho st\u0159elce a je ot\u00e1zkou, zda najde n\u011bkoho, kdo se bojovn\u00e9mu Brazilcovi aspo\u0148 dok\u00e1\u017ee p\u0159ibl\u00ed\u017eit.<\/p>\n<p>Pokud by se tak nestalo, klub si zad\u011bl\u00e1v\u00e1 na obrovsk\u00fd probl\u00e9m. Richarlisonovy kvality nelze zpochyb\u0148ovat, mnoz\u00ed ho dokonce ozna\u010dovali za nejlep\u0161\u00edho hr\u00e1\u010de k\u00e1dru. Kdy\u017e byla pot\u0159eba, neskr\u00fdval se a sv\u00fdmi v\u00fdkony t\u00e1hl mu\u017estvo. Nap\u0159\u00edklad v posledn\u00edch deseti kolech lo\u0148sk\u00e9 sez\u00f3ny vst\u0159elil \u0161est branek a v\u00fdrazn\u011b p\u0159isp\u011bl k z\u00e1chran\u011b v Premier League.<\/p>\n<p>Richarlison m\u011bl samoz\u0159ejm\u011b i slab\u0161\u00ed str\u00e1nky, jeho filmov\u00e1n\u00ed a neefektivita v zakon\u010den\u00ed byly \u010dasto ub\u00edjej\u00edc\u00ed. Vzpom\u00ednat se ov\u0161em bude na jeho z\u00e1\u0159n\u00e9 momenty, kter\u00fdch bylo daleko v\u00edce.<\/p>\n<p>\u010c\u00e1stka p\u0159estupu nebyla ofici\u00e1ln\u011b zve\u0159ejn\u011bna, podle d\u016fv\u011bryhodn\u00fdch m\u00e9di\u00ed ale \u010din\u00ed 50 milion\u016f liber a dal\u0161\u00edch 10 milion\u016f liber p\u0159edstavuj\u00ed re\u00e1ln\u011b dosa\u017eiteln\u00e9 bonusy. Nenach\u00e1zet se v Everton v \u00fazk\u00fdch, kdy kv\u016fli sv\u00e9mu \u0161patn\u00e9mu hospoda\u0159en\u00ed, a tedy hrozb\u011b poru\u0161en\u00ed finan\u010dn\u00edch pravidel musel prod\u00e1vat (a ide\u00e1ln\u011b co nejd\u0159\u00edve), d\u00e1 se p\u0159edpokl\u00e1dat, \u017ee by 36n\u00e1sobn\u00fd brazilsk\u00fd reprezentant odch\u00e1zel za zaj\u00edmav\u011bj\u0161\u00ed \u010d\u00e1stku.<\/p>\n<p>Richarlison p\u0159i\u0161el na Goodison Park z Watfordu za bal\u00edk \u010d\u00edtaj\u00edc\u00ed 35 milion\u016f liber s p\u011btimilionov\u00fdmi bonusy. Hornets nyn\u00ed z\u00edskaj\u00ed od Evertonu dva miliony liber. Aktivuje se toti\u017e jejich klauzule, podle n\u00ed\u017e z\u00edskaj\u00ed 10 procent z profitu n\u00e1sleduj\u00edc\u00edho p\u0159estupu, kter\u00fd bude dra\u017e\u0161\u00ed ne\u017e 40 milion\u016f liber.<\/p>\n<p>O Richarlisonov\u011b n\u00e1hrad\u011b se zat\u00edm jen spekuluje, nej\u010dast\u011bji se sklo\u0148uj\u00ed jm\u00e9na ofenzivn\u00edch hr\u00e1\u010d\u016f Emmanuela Dennise z Watfordu a Jesseho Lingarda, kter\u00fd je bez smlouvy po konci v Manchesteru United. Mana\u017eer Lampard by pr\u00fd za inkasovan\u00e9 pen\u00edze rovn\u011b\u017e r\u00e1d pos\u00edlil st\u0159ed pole, v tomto p\u0159\u00edpad\u011b se zmi\u0148uje univerz\u00e1l Olexandr Zinchenko z Manchesteru City.<\/p>\n","protected":false},"excerpt":{"rendered":"<p>Tottenham Hotspur zkompletoval p\u0159\u00edchod kl\u00ed\u010dov\u00e9ho hr\u00e1\u010de v\u00fdb\u011bru Franka Lamparda, za n\u011bho\u017e by Everton mohl eventu\u00e1ln\u011b zinkasovat 60 milion\u016f liber.<\/p>\n","protected":false},"author":6,"featured_media":18962,"comment_status":"open","ping_status":"closed","sticky":false,"template":"","format":"standard","meta":{"_eb_attr":"","_monsterinsights_skip_tracking":false,"_monsterinsights_sitenote_active":false,"_monsterinsights_sitenote_note":"","_monsterinsights_sitenote_category":0,"footnotes":""},"categories":[41],"tags":[],"yoast_head":"<!-- This site is optimized with the Yoast SEO plugin v23.4 - https:\/\/yoast.com\/wordpress\/plugins\/seo\/ -->\n<title>Velk\u00e1 ztr\u00e1ta. Richarlison p\u0159estoupil ke Spurs - Official Czech &amp; Slovak Everton Supporters&#039; Club<\/title>\n<meta name=\"description\" content=\"Tottenham Hotspur zkompletoval p\u0159\u00edchod kl\u00ed\u010dov\u00e9ho hr\u00e1\u010de v\u00fdb\u011bru Franka Lamparda, za n\u011bho\u017e by Everton mohl eventu\u00e1ln\u011b zinkasovat 60 milion\u016f liber.\" \/>\n<meta name=\"robots\" content=\"index, follow, max-snippet:-1, max-image-preview:large, max-video-preview:-1\" \/>\n<link rel=\"canonical\" href=\"https:\/\/evertonfc.cz\/index.php\/2022\/07\/01\/velka-ztrata-richarlison-prestoupil-ke-spurs\/\" \/>\n<meta property=\"og:locale\" content=\"cs_CZ\" \/>\n<meta property=\"og:type\" content=\"article\" \/>\n<meta property=\"og:title\" content=\"Velk\u00e1 ztr\u00e1ta. Richarlison p\u0159estoupil ke Spurs - Official Czech &amp; Slovak Everton Supporters&#039; Club\" \/>\n<meta property=\"og:description\" content=\"Tottenham Hotspur zkompletoval p\u0159\u00edchod kl\u00ed\u010dov\u00e9ho hr\u00e1\u010de v\u00fdb\u011bru Franka Lamparda, za n\u011bho\u017e by Everton mohl eventu\u00e1ln\u011b zinkasovat 60 milion\u016f liber.\" \/>\n<meta property=\"og:url\" content=\"https:\/\/evertonfc.cz\/index.php\/2022\/07\/01\/velka-ztrata-richarlison-prestoupil-ke-spurs\/\" \/>\n<meta property=\"og:site_name\" content=\"Official Czech &amp; Slovak Everton Supporters&#039; Club\" \/>\n<meta property=\"article:publisher\" content=\"https:\/\/www.facebook.com\/everton.fans.cz.sk\" \/>\n<meta property=\"article:published_time\" content=\"2022-07-01T08:44:11+00:00\" \/>\n<meta property=\"article:modified_time\" content=\"2022-07-17T07:53:49+00:00\" \/>\n<meta property=\"og:image\" content=\"https:\/\/evertonfc.cz\/wp-content\/uploads\/2022\/07\/richarlison_de_andrade_1_7_2022.png\" \/>\n\t<meta property=\"og:image:width\" content=\"720\" \/>\n\t<meta property=\"og:image:height\" content=\"405\" \/>\n\t<meta property=\"og:image:type\" content=\"image\/png\" \/>\n<meta name=\"author\" content=\"Ri\u010di\" \/>\n<meta name=\"twitter:card\" content=\"summary_large_image\" \/>\n<meta name=\"twitter:creator\" content=\"@rbrejsa\" \/>\n<meta name=\"twitter:label1\" content=\"Napsal(a)\" \/>\n\t<meta name=\"twitter:data1\" content=\"Ri\u010di\" \/>\n\t<meta name=\"twitter:label2\" content=\"Odhadovan\u00e1 doba \u010dten\u00ed\" \/>\n\t<meta name=\"twitter:data2\" content=\"2 minuty\" \/>\n<script type=\"application\/ld+json\" class=\"yoast-schema-graph\">{\"@context\":\"https:\/\/schema.org\",\"@graph\":[{\"@type\":\"Article\",\"@id\":\"https:\/\/evertonfc.cz\/index.php\/2022\/07\/01\/velka-ztrata-richarlison-prestoupil-ke-spurs\/#article\",\"isPartOf\":{\"@id\":\"https:\/\/evertonfc.cz\/index.php\/2022\/07\/01\/velka-ztrata-richarlison-prestoupil-ke-spurs\/\"},\"author\":{\"name\":\"Ri\u010di\",\"@id\":\"https:\/\/evertonfc.cz\/#\/schema\/person\/f7a5daedb2ffee98480bc70e191aaef1\"},\"headline\":\"Velk\u00e1 ztr\u00e1ta. Richarlison p\u0159estoupil ke Spurs\",\"datePublished\":\"2022-07-01T08:44:11+00:00\",\"dateModified\":\"2022-07-17T07:53:49+00:00\",\"mainEntityOfPage\":{\"@id\":\"https:\/\/evertonfc.cz\/index.php\/2022\/07\/01\/velka-ztrata-richarlison-prestoupil-ke-spurs\/\"},\"wordCount\":434,\"commentCount\":6,\"publisher\":{\"@id\":\"https:\/\/evertonfc.cz\/#organization\"},\"image\":{\"@id\":\"https:\/\/evertonfc.cz\/index.php\/2022\/07\/01\/velka-ztrata-richarlison-prestoupil-ke-spurs\/#primaryimage\"},\"thumbnailUrl\":\"https:\/\/evertonfc.cz\/wp-content\/uploads\/2022\/07\/richarlison_de_andrade_1_7_2022.png\",\"articleSection\":[\"P\u0159estupy\"],\"inLanguage\":\"cs\",\"potentialAction\":[{\"@type\":\"CommentAction\",\"name\":\"Comment\",\"target\":[\"https:\/\/evertonfc.cz\/index.php\/2022\/07\/01\/velka-ztrata-richarlison-prestoupil-ke-spurs\/#respond\"]}]},{\"@type\":\"WebPage\",\"@id\":\"https:\/\/evertonfc.cz\/index.php\/2022\/07\/01\/velka-ztrata-richarlison-prestoupil-ke-spurs\/\",\"url\":\"https:\/\/evertonfc.cz\/index.php\/2022\/07\/01\/velka-ztrata-richarlison-prestoupil-ke-spurs\/\",\"name\":\"Velk\u00e1 ztr\u00e1ta. Richarlison p\u0159estoupil ke Spurs - Official Czech &amp; Slovak Everton Supporters&#039; Club\",\"isPartOf\":{\"@id\":\"https:\/\/evertonfc.cz\/#website\"},\"primaryImageOfPage\":{\"@id\":\"https:\/\/evertonfc.cz\/index.php\/2022\/07\/01\/velka-ztrata-richarlison-prestoupil-ke-spurs\/#primaryimage\"},\"image\":{\"@id\":\"https:\/\/evertonfc.cz\/index.php\/2022\/07\/01\/velka-ztrata-richarlison-prestoupil-ke-spurs\/#primaryimage\"},\"thumbnailUrl\":\"https:\/\/evertonfc.cz\/wp-content\/uploads\/2022\/07\/richarlison_de_andrade_1_7_2022.png\",\"datePublished\":\"2022-07-01T08:44:11+00:00\",\"dateModified\":\"2022-07-17T07:53:49+00:00\",\"description\":\"Tottenham Hotspur zkompletoval p\u0159\u00edchod kl\u00ed\u010dov\u00e9ho hr\u00e1\u010de v\u00fdb\u011bru Franka Lamparda, za n\u011bho\u017e by Everton mohl eventu\u00e1ln\u011b zinkasovat 60 milion\u016f liber.\",\"breadcrumb\":{\"@id\":\"https:\/\/evertonfc.cz\/index.php\/2022\/07\/01\/velka-ztrata-richarlison-prestoupil-ke-spurs\/#breadcrumb\"},\"inLanguage\":\"cs\",\"potentialAction\":[{\"@type\":\"ReadAction\",\"target\":[\"https:\/\/evertonfc.cz\/index.php\/2022\/07\/01\/velka-ztrata-richarlison-prestoupil-ke-spurs\/\"]}]},{\"@type\":\"ImageObject\",\"inLanguage\":\"cs\",\"@id\":\"https:\/\/evertonfc.cz\/index.php\/2022\/07\/01\/velka-ztrata-richarlison-prestoupil-ke-spurs\/#primaryimage\",\"url\":\"https:\/\/evertonfc.cz\/wp-content\/uploads\/2022\/07\/richarlison_de_andrade_1_7_2022.png\",\"contentUrl\":\"https:\/\/evertonfc.cz\/wp-content\/uploads\/2022\/07\/richarlison_de_andrade_1_7_2022.png\",\"width\":720,\"height\":405},{\"@type\":\"BreadcrumbList\",\"@id\":\"https:\/\/evertonfc.cz\/index.php\/2022\/07\/01\/velka-ztrata-richarlison-prestoupil-ke-spurs\/#breadcrumb\",\"itemListElement\":[{\"@type\":\"ListItem\",\"position\":1,\"name\":\"Home\",\"item\":\"https:\/\/evertonfc.cz\/\"},{\"@type\":\"ListItem\",\"position\":2,\"name\":\"Velk\u00e1 ztr\u00e1ta. Richarlison p\u0159estoupil ke Spurs\"}]},{\"@type\":\"WebSite\",\"@id\":\"https:\/\/evertonfc.cz\/#website\",\"url\":\"https:\/\/evertonfc.cz\/\",\"name\":\"Official Czech &amp; Slovak Everton Supporters&#039; Club\",\"description\":\"\",\"publisher\":{\"@id\":\"https:\/\/evertonfc.cz\/#organization\"},\"potentialAction\":[{\"@type\":\"SearchAction\",\"target\":{\"@type\":\"EntryPoint\",\"urlTemplate\":\"https:\/\/evertonfc.cz\/?s={search_term_string}\"},\"query-input\":{\"@type\":\"PropertyValueSpecification\",\"valueRequired\":true,\"valueName\":\"search_term_string\"}}],\"inLanguage\":\"cs\"},{\"@type\":\"Organization\",\"@id\":\"https:\/\/evertonfc.cz\/#organization\",\"name\":\"Official Czech & Slovak Everton Supporters' Club\",\"url\":\"https:\/\/evertonfc.cz\/\",\"logo\":{\"@type\":\"ImageObject\",\"inLanguage\":\"cs\",\"@id\":\"https:\/\/evertonfc.cz\/#\/schema\/logo\/image\/\",\"url\":\"https:\/\/evertonfc.cz\/wp-content\/uploads\/2019\/05\/logo.png\",\"contentUrl\":\"https:\/\/evertonfc.cz\/wp-content\/uploads\/2019\/05\/logo.png\",\"width\":112,\"height\":112,\"caption\":\"Official Czech & Slovak Everton Supporters' Club\"},\"image\":{\"@id\":\"https:\/\/evertonfc.cz\/#\/schema\/logo\/image\/\"},\"sameAs\":[\"https:\/\/www.facebook.com\/everton.fans.cz.sk\"]},{\"@type\":\"Person\",\"@id\":\"https:\/\/evertonfc.cz\/#\/schema\/person\/f7a5daedb2ffee98480bc70e191aaef1\",\"name\":\"Ri\u010di\",\"sameAs\":[\"https:\/\/x.com\/rbrejsa\"],\"url\":\"https:\/\/evertonfc.cz\/index.php\/author\/rici\/\"}]}<\/script>\n<!-- \/ Yoast SEO plugin. -->","yoast_head_json":{"title":"Velk\u00e1 ztr\u00e1ta. Richarlison p\u0159estoupil ke Spurs - Official Czech &amp; Slovak Everton Supporters&#039; Club","description":"Tottenham Hotspur zkompletoval p\u0159\u00edchod kl\u00ed\u010dov\u00e9ho hr\u00e1\u010de v\u00fdb\u011bru Franka Lamparda, za n\u011bho\u017e by Everton mohl eventu\u00e1ln\u011b zinkasovat 60 milion\u016f liber.","robots":{"index":"index","follow":"follow","max-snippet":"max-snippet:-1","max-image-preview":"max-image-preview:large","max-video-preview":"max-video-preview:-1"},"canonical":"https:\/\/evertonfc.cz\/index.php\/2022\/07\/01\/velka-ztrata-richarlison-prestoupil-ke-spurs\/","og_locale":"cs_CZ","og_type":"article","og_title":"Velk\u00e1 ztr\u00e1ta. Richarlison p\u0159estoupil ke Spurs - Official Czech &amp; Slovak Everton Supporters&#039; Club","og_description":"Tottenham Hotspur zkompletoval p\u0159\u00edchod kl\u00ed\u010dov\u00e9ho hr\u00e1\u010de v\u00fdb\u011bru Franka Lamparda, za n\u011bho\u017e by Everton mohl eventu\u00e1ln\u011b zinkasovat 60 milion\u016f liber.","og_url":"https:\/\/evertonfc.cz\/index.php\/2022\/07\/01\/velka-ztrata-richarlison-prestoupil-ke-spurs\/","og_site_name":"Official Czech &amp; Slovak Everton Supporters&#039; Club","article_publisher":"https:\/\/www.facebook.com\/everton.fans.cz.sk","article_published_time":"2022-07-01T08:44:11+00:00","article_modified_time":"2022-07-17T07:53:49+00:00","og_image":[{"width":720,"height":405,"url":"https:\/\/evertonfc.cz\/wp-content\/uploads\/2022\/07\/richarlison_de_andrade_1_7_2022.png","type":"image\/png"}],"author":"Ri\u010di","twitter_card":"summary_large_image","twitter_creator":"@rbrejsa","twitter_misc":{"Napsal(a)":"Ri\u010di","Odhadovan\u00e1 doba \u010dten\u00ed":"2 minuty"},"schema":{"@context":"https:\/\/schema.org","@graph":[{"@type":"Article","@id":"https:\/\/evertonfc.cz\/index.php\/2022\/07\/01\/velka-ztrata-richarlison-prestoupil-ke-spurs\/#article","isPartOf":{"@id":"https:\/\/evertonfc.cz\/index.php\/2022\/07\/01\/velka-ztrata-richarlison-prestoupil-ke-spurs\/"},"author":{"name":"Ri\u010di","@id":"https:\/\/evertonfc.cz\/#\/schema\/person\/f7a5daedb2ffee98480bc70e191aaef1"},"headline":"Velk\u00e1 ztr\u00e1ta. Richarlison p\u0159estoupil ke Spurs","datePublished":"2022-07-01T08:44:11+00:00","dateModified":"2022-07-17T07:53:49+00:00","mainEntityOfPage":{"@id":"https:\/\/evertonfc.cz\/index.php\/2022\/07\/01\/velka-ztrata-richarlison-prestoupil-ke-spurs\/"},"wordCount":434,"commentCount":6,"publisher":{"@id":"https:\/\/evertonfc.cz\/#organization"},"image":{"@id":"https:\/\/evertonfc.cz\/index.php\/2022\/07\/01\/velka-ztrata-richarlison-prestoupil-ke-spurs\/#primaryimage"},"thumbnailUrl":"https:\/\/evertonfc.cz\/wp-content\/uploads\/2022\/07\/richarlison_de_andrade_1_7_2022.png","articleSection":["P\u0159estupy"],"inLanguage":"cs","potentialAction":[{"@type":"CommentAction","name":"Comment","target":["https:\/\/evertonfc.cz\/index.php\/2022\/07\/01\/velka-ztrata-richarlison-prestoupil-ke-spurs\/#respond"]}]},{"@type":"WebPage","@id":"https:\/\/evertonfc.cz\/index.php\/2022\/07\/01\/velka-ztrata-richarlison-prestoupil-ke-spurs\/","url":"https:\/\/evertonfc.cz\/index.php\/2022\/07\/01\/velka-ztrata-richarlison-prestoupil-ke-spurs\/","name":"Velk\u00e1 ztr\u00e1ta. Richarlison p\u0159estoupil ke Spurs - Official Czech &amp; Slovak Everton Supporters&#039; Club","isPartOf":{"@id":"https:\/\/evertonfc.cz\/#website"},"primaryImageOfPage":{"@id":"https:\/\/evertonfc.cz\/index.php\/2022\/07\/01\/velka-ztrata-richarlison-prestoupil-ke-spurs\/#primaryimage"},"image":{"@id":"https:\/\/evertonfc.cz\/index.php\/2022\/07\/01\/velka-ztrata-richarlison-prestoupil-ke-spurs\/#primaryimage"},"thumbnailUrl":"https:\/\/evertonfc.cz\/wp-content\/uploads\/2022\/07\/richarlison_de_andrade_1_7_2022.png","datePublished":"2022-07-01T08:44:11+00:00","dateModified":"2022-07-17T07:53:49+00:00","description":"Tottenham Hotspur zkompletoval p\u0159\u00edchod kl\u00ed\u010dov\u00e9ho hr\u00e1\u010de v\u00fdb\u011bru Franka Lamparda, za n\u011bho\u017e by Everton mohl eventu\u00e1ln\u011b zinkasovat 60 milion\u016f liber.","breadcrumb":{"@id":"https:\/\/evertonfc.cz\/index.php\/2022\/07\/01\/velka-ztrata-richarlison-prestoupil-ke-spurs\/#breadcrumb"},"inLanguage":"cs","potentialAction":[{"@type":"ReadAction","target":["https:\/\/evertonfc.cz\/index.php\/2022\/07\/01\/velka-ztrata-richarlison-prestoupil-ke-spurs\/"]}]},{"@type":"ImageObject","inLanguage":"cs","@id":"https:\/\/evertonfc.cz\/index.php\/2022\/07\/01\/velka-ztrata-richarlison-prestoupil-ke-spurs\/#primaryimage","url":"https:\/\/evertonfc.cz\/wp-content\/uploads\/2022\/07\/richarlison_de_andrade_1_7_2022.png","contentUrl":"https:\/\/evertonfc.cz\/wp-content\/uploads\/2022\/07\/richarlison_de_andrade_1_7_2022.png","width":720,"height":405},{"@type":"BreadcrumbList","@id":"https:\/\/evertonfc.cz\/index.php\/2022\/07\/01\/velka-ztrata-richarlison-prestoupil-ke-spurs\/#breadcrumb","itemListElement":[{"@type":"ListItem","position":1,"name":"Home","item":"https:\/\/evertonfc.cz\/"},{"@type":"ListItem","position":2,"name":"Velk\u00e1 ztr\u00e1ta. Richarlison p\u0159estoupil ke Spurs"}]},{"@type":"WebSite","@id":"https:\/\/evertonfc.cz\/#website","url":"https:\/\/evertonfc.cz\/","name":"Official Czech &amp; Slovak Everton Supporters&#039; Club","description":"","publisher":{"@id":"https:\/\/evertonfc.cz\/#organization"},"potentialAction":[{"@type":"SearchAction","target":{"@type":"EntryPoint","urlTemplate":"https:\/\/evertonfc.cz\/?s={search_term_string}"},"query-input":{"@type":"PropertyValueSpecification","valueRequired":true,"valueName":"search_term_string"}}],"inLanguage":"cs"},{"@type":"Organization","@id":"https:\/\/evertonfc.cz\/#organization","name":"Official Czech & Slovak Everton Supporters' Club","url":"https:\/\/evertonfc.cz\/","logo":{"@type":"ImageObject","inLanguage":"cs","@id":"https:\/\/evertonfc.cz\/#\/schema\/logo\/image\/","url":"https:\/\/evertonfc.cz\/wp-content\/uploads\/2019\/05\/logo.png","contentUrl":"https:\/\/evertonfc.cz\/wp-content\/uploads\/2019\/05\/logo.png","width":112,"height":112,"caption":"Official Czech & Slovak Everton Supporters' Club"},"image":{"@id":"https:\/\/evertonfc.cz\/#\/schema\/logo\/image\/"},"sameAs":["https:\/\/www.facebook.com\/everton.fans.cz.sk"]},{"@type":"Person","@id":"https:\/\/evertonfc.cz\/#\/schema\/person\/f7a5daedb2ffee98480bc70e191aaef1","name":"Ri\u010di","sameAs":["https:\/\/x.com\/rbrejsa"],"url":"https:\/\/evertonfc.cz\/index.php\/author\/rici\/"}]}},"_links":{"self":[{"href":"https:\/\/evertonfc.cz\/index.php\/wp-json\/wp\/v2\/posts\/18949"}],"collection":[{"href":"https:\/\/evertonfc.cz\/index.php\/wp-json\/wp\/v2\/posts"}],"about":[{"href":"https:\/\/evertonfc.cz\/index.php\/wp-json\/wp\/v2\/types\/post"}],"author":[{"embeddable":true,"href":"https:\/\/evertonfc.cz\/index.php\/wp-json\/wp\/v2\/users\/6"}],"replies":[{"embeddable":true,"href":"https:\/\/evertonfc.cz\/index.php\/wp-json\/wp\/v2\/comments?post=18949"}],"version-history":[{"count":7,"href":"https:\/\/evertonfc.cz\/index.php\/wp-json\/wp\/v2\/posts\/18949\/revisions"}],"predecessor-version":[{"id":18964,"href":"https:\/\/evertonfc.cz\/index.php\/wp-json\/wp\/v2\/posts\/18949\/revisions\/18964"}],"wp:featuredmedia":[{"embeddable":true,"href":"https:\/\/evertonfc.cz\/index.php\/wp-json\/wp\/v2\/media\/18962"}],"wp:attachment":[{"href":"https:\/\/evertonfc.cz\/index.php\/wp-json\/wp\/v2\/media?parent=18949"}],"wp:term":[{"taxonomy":"category","embeddable":true,"href":"https:\/\/evertonfc.cz\/index.php\/wp-json\/wp\/v2\/categories?post=18949"},{"taxonomy":"post_tag","embeddable":true,"href":"https:\/\/evertonfc.cz\/index.php\/wp-json\/wp\/v2\/tags?post=18949"}],"curies":[{"name":"wp","href":"https:\/\/api.w.org\/{rel}","templated":true}]}}