{"id":1895,"date":"2018-09-02T19:45:07","date_gmt":"2018-09-02T17:45:07","guid":{"rendered":"http:\/\/evertonfc.cz\/?p=1895"},"modified":"2019-01-30T19:49:28","modified_gmt":"2019-01-30T18:49:28","slug":"everton-huddersfield-town-11","status":"publish","type":"post","link":"https:\/\/evertonfc.cz\/index.php\/2018\/09\/02\/everton-huddersfield-town-11\/","title":{"rendered":"Everton &#8211; Huddersfield Town 1:1"},"content":{"rendered":"\n<h4 class=\"wp-block-heading\">P\u0159edposledn\u00ed t\u00fdm tabulky bychom por\u00e1\u017eet m\u011bli. Loni jsme v\u00fdhru nad Teri\u00e9ry zvl\u00e1dli dokonce pod Allardycem. Silvovi se to nepovedlo.<\/h4>\n\n\n\n<p>Sestava dom\u00e1c\u00edch obsahovala n\u011bkolik zm\u011bn, Baines byl posazen na lavi\u010dku a ligov\u00e9 premi\u00e9ry se do\u010dkal Digne. Stopersk\u00e1 dvojice dle o\u010dek\u00e1v\u00e1n\u00ed, potrestan\u00e9ho Richarlisona zastoupil Calvert-Lewin.<\/p>\n\n\n\n<p>Utk\u00e1n\u00ed za\u010dalo o\u010dek\u00e1van\u00fdm sc\u00e9n\u00e1\u0159em, host\u00e9 od za\u010d\u00e1tku p\u0159edv\u00e1d\u011bli pre\u0161ovsk\u00fd beton, proti kter\u00e9mu se dom\u00e1c\u00ed t\u011b\u017eko prosazovali (by\u0165 tlak byl). Z prvn\u00ed dvacetiminutovky snad stoj\u00ed za zm\u00ednku \u017elut\u00e1 karta pro Billinga za faul zezadu na Zoumu a st\u0159ela Colemana zpoza v\u00e1pna, le\u010d mimo branku. Pokud Huddersfield n\u011bco p\u0159edvedl sm\u011brem dop\u0159edu, tak u toho byl Billing. Dom\u00e1c\u00ed i nad\u00e1le p\u00e1lili n\u011bjak\u00e9 p\u0159\u00edle\u017eitosti, to \u0161lo hlavn\u011b Tosunovi. A tak ude\u0159ilo na druh\u00e9 stran\u011b. Roh Teri\u00e9r\u016f nadzvedl Zouma p\u0159\u00edmo na hlavu Billinga, kter\u00fd se zakon\u010den\u00edm z mal\u00e9ho v\u00e1pna nem\u011bl probl\u00e9m &#8211;&nbsp;<strong>0:1<\/strong>. Srovn\u00e1no ale bylo hned &#8211; asistenci si po centru zleva p\u0159ipsal Digne a hlavi\u010dka Calverta-Lewina ze sedmi metr\u016f ke vzd\u00e1len\u011bj\u0161\u00ed ty\u010di taky byla p\u011bkn\u00e1 &#8211;&nbsp;<strong>1:1!&nbsp;<\/strong>Stejn\u00fd hr\u00e1\u010d mohl ve 42. minut\u011b poslat Everton do veden\u00ed, ale po p\u0159ihr\u00e1vce Walcotta netrefil branku.<\/p>\n\n\n\n<p>Druh\u00e1 p\u016fle za\u010dala \u017elutou kartou pro Holgata za faul na Mouni\u00e9ho. Hned pot\u00e9 uvolnil Walcott m\u00edsto Lookmanovi, pravd\u011bpodobn\u011b z d\u016fvodu zran\u011bn\u00ed (ale nic v\u00e1\u017en\u00e9ho). I nad\u00e1le byl obr\u00e1zek z\u00e1pasu stejn\u00fd &#8211; dom\u00e1c\u00ed \u00fato\u010d\u00ed, maj\u00ed tlak, sem tam n\u011bjakou p\u0159\u00edle\u017eitost, ale bez p\u0159esn\u00e9ho zakon\u010den\u00ed. A host\u00e9 se ob\u010das dostanou k n\u011bjak\u00e9mu brejku. V posledn\u00ed \u010dtvrthodin\u011b to m\u00edsto Sigurdssona s Dignem zkusili Niass\u00e9 a Baines. To ale ke vs\u00edt\u011bn\u00ed branky nevedlo. Akor\u00e1t Davies a Schneiderlin dostali \u017elut\u00e9 karty za fauly.<\/p>\n\n\n\n<p>Jak utk\u00e1n\u00ed zhodnotiti? Huddersfield p\u0159ijel pro bod &#8211; a tak\u00e9 se k n\u011bmu probr\u00e1nil. Pro Everton jednozna\u010dn\u011b dva body ztracen\u00e9. V\u00e1zlo nejen zakon\u010den\u00ed, ale i dost\u00e1n\u00ed spoluhr\u00e1\u010d\u016f do \u0161ance. Jestlipak zvl\u00e1dneme porazit na GP aspo\u0148 posledn\u00ed t\u00fdm tabulky, kter\u00fd je\u0161t\u011b nem\u00e1 ani bod (tedy WHU)?<\/p>\n\n\n\n<p><strong>Branky:<\/strong>&nbsp;36. Calvert-Lewin \u2013 34. Biling<\/p>\n\n\n\n<p><strong>Everton FC:<\/strong>&nbsp;Pickford \u2013 Coleman, Holgate,Zouma, Digne (75. Baines) \u2013 Davies, Schneiderlin \u2013 Walcott (56. Lookman), Sigurdsson (75. Niass\u00e9), Calvert-Lewin \u2013 Tosun<\/p>\n\n\n\n<p><strong>Huddersfield Town:<\/strong>&nbsp;L\u00f6ssl \u2013 Hadergjonaj (76. Durm), Schindler, M. J\u00f6rgensen, Kongolo, L\u00f6we \u2013 van La Parra, Biling, Mooy, Diakhaby (60. Kachunga) \u2013 Mouni\u00e9 (90+2. Depoitre)<\/p>\n\n\n\n<p><strong>Karty:<\/strong>&nbsp;55. Holgate, 63. Davies, 86. Schneiderlin \u2013 4. Biling, 74. Hadergjonaj, 89. M. J\u00f6rgensen<\/p>\n\n\n\n<p><strong>Rozhod\u010d\u00ed:<\/strong>&nbsp;Stuart Attwell<\/p>\n\n\n\n<p><strong>Div\u00e1ci:&nbsp;<\/strong>38 767<\/p>\n","protected":false},"excerpt":{"rendered":"<p>P\u0159edposledn\u00ed t\u00fdm tabulky bychom por\u00e1\u017eet m\u011bli. Loni jsme v\u00fdhru nad Teri\u00e9ry zvl\u00e1dli dokonce pod Allardycem. Silvovi se to nepovedlo. Sestava&hellip;<\/p>\n","protected":false},"author":12,"featured_media":1867,"comment_status":"open","ping_status":"closed","sticky":false,"template":"","format":"standard","meta":{"_eb_attr":"","_monsterinsights_skip_tracking":false,"_monsterinsights_sitenote_active":false,"_monsterinsights_sitenote_note":"","_monsterinsights_sitenote_category":0,"footnotes":""},"categories":[4],"tags":[],"yoast_head":"<!-- This site is optimized with the Yoast SEO plugin v23.4 - https:\/\/yoast.com\/wordpress\/plugins\/seo\/ -->\n<title>Everton - Huddersfield Town 1:1 - Official Czech &amp; Slovak Everton Supporters&#039; Club<\/title>\n<meta name=\"robots\" content=\"index, follow, max-snippet:-1, max-image-preview:large, max-video-preview:-1\" \/>\n<link rel=\"canonical\" href=\"https:\/\/evertonfc.cz\/index.php\/2018\/09\/02\/everton-huddersfield-town-11\/\" \/>\n<meta property=\"og:locale\" content=\"cs_CZ\" \/>\n<meta property=\"og:type\" content=\"article\" \/>\n<meta property=\"og:title\" content=\"Everton - Huddersfield Town 1:1 - Official Czech &amp; Slovak Everton Supporters&#039; Club\" \/>\n<meta property=\"og:description\" content=\"P\u0159edposledn\u00ed t\u00fdm tabulky bychom por\u00e1\u017eet m\u011bli. Loni jsme v\u00fdhru nad Teri\u00e9ry zvl\u00e1dli dokonce pod Allardycem. Silvovi se to nepovedlo. Sestava&hellip;\" \/>\n<meta property=\"og:url\" content=\"https:\/\/evertonfc.cz\/index.php\/2018\/09\/02\/everton-huddersfield-town-11\/\" \/>\n<meta property=\"og:site_name\" content=\"Official Czech &amp; Slovak Everton Supporters&#039; Club\" \/>\n<meta property=\"article:publisher\" content=\"https:\/\/www.facebook.com\/everton.fans.cz.sk\" \/>\n<meta property=\"article:published_time\" content=\"2018-09-02T17:45:07+00:00\" \/>\n<meta property=\"article:modified_time\" content=\"2019-01-30T18:49:28+00:00\" \/>\n<meta property=\"og:image\" content=\"https:\/\/evertonfc.cz\/wp-content\/uploads\/2019\/01\/dcl_2_9_2018.jpg\" \/>\n\t<meta property=\"og:image:width\" content=\"720\" \/>\n\t<meta property=\"og:image:height\" content=\"405\" \/>\n\t<meta property=\"og:image:type\" content=\"image\/jpeg\" \/>\n<meta name=\"author\" content=\"Javor\" \/>\n<meta name=\"twitter:card\" content=\"summary_large_image\" \/>\n<meta name=\"twitter:creator\" content=\"@LoudinJan\" \/>\n<meta name=\"twitter:label1\" content=\"Napsal(a)\" \/>\n\t<meta name=\"twitter:data1\" content=\"Javor\" \/>\n\t<meta name=\"twitter:label2\" content=\"Odhadovan\u00e1 doba \u010dten\u00ed\" \/>\n\t<meta name=\"twitter:data2\" content=\"2 minuty\" \/>\n<script type=\"application\/ld+json\" class=\"yoast-schema-graph\">{\"@context\":\"https:\/\/schema.org\",\"@graph\":[{\"@type\":\"Article\",\"@id\":\"https:\/\/evertonfc.cz\/index.php\/2018\/09\/02\/everton-huddersfield-town-11\/#article\",\"isPartOf\":{\"@id\":\"https:\/\/evertonfc.cz\/index.php\/2018\/09\/02\/everton-huddersfield-town-11\/\"},\"author\":{\"name\":\"Javor\",\"@id\":\"https:\/\/evertonfc.cz\/#\/schema\/person\/b30daf6a5852f4811f8207a17ec1bf78\"},\"headline\":\"Everton &#8211; Huddersfield Town 1:1\",\"datePublished\":\"2018-09-02T17:45:07+00:00\",\"dateModified\":\"2019-01-30T18:49:28+00:00\",\"mainEntityOfPage\":{\"@id\":\"https:\/\/evertonfc.cz\/index.php\/2018\/09\/02\/everton-huddersfield-town-11\/\"},\"wordCount\":462,\"commentCount\":0,\"publisher\":{\"@id\":\"https:\/\/evertonfc.cz\/#organization\"},\"image\":{\"@id\":\"https:\/\/evertonfc.cz\/index.php\/2018\/09\/02\/everton-huddersfield-town-11\/#primaryimage\"},\"thumbnailUrl\":\"https:\/\/evertonfc.cz\/wp-content\/uploads\/2019\/01\/dcl_2_9_2018.jpg\",\"articleSection\":[\"Z\u00e1pasy\"],\"inLanguage\":\"cs\",\"potentialAction\":[{\"@type\":\"CommentAction\",\"name\":\"Comment\",\"target\":[\"https:\/\/evertonfc.cz\/index.php\/2018\/09\/02\/everton-huddersfield-town-11\/#respond\"]}]},{\"@type\":\"WebPage\",\"@id\":\"https:\/\/evertonfc.cz\/index.php\/2018\/09\/02\/everton-huddersfield-town-11\/\",\"url\":\"https:\/\/evertonfc.cz\/index.php\/2018\/09\/02\/everton-huddersfield-town-11\/\",\"name\":\"Everton - Huddersfield Town 1:1 - Official Czech &amp; Slovak Everton Supporters&#039; Club\",\"isPartOf\":{\"@id\":\"https:\/\/evertonfc.cz\/#website\"},\"primaryImageOfPage\":{\"@id\":\"https:\/\/evertonfc.cz\/index.php\/2018\/09\/02\/everton-huddersfield-town-11\/#primaryimage\"},\"image\":{\"@id\":\"https:\/\/evertonfc.cz\/index.php\/2018\/09\/02\/everton-huddersfield-town-11\/#primaryimage\"},\"thumbnailUrl\":\"https:\/\/evertonfc.cz\/wp-content\/uploads\/2019\/01\/dcl_2_9_2018.jpg\",\"datePublished\":\"2018-09-02T17:45:07+00:00\",\"dateModified\":\"2019-01-30T18:49:28+00:00\",\"breadcrumb\":{\"@id\":\"https:\/\/evertonfc.cz\/index.php\/2018\/09\/02\/everton-huddersfield-town-11\/#breadcrumb\"},\"inLanguage\":\"cs\",\"potentialAction\":[{\"@type\":\"ReadAction\",\"target\":[\"https:\/\/evertonfc.cz\/index.php\/2018\/09\/02\/everton-huddersfield-town-11\/\"]}]},{\"@type\":\"ImageObject\",\"inLanguage\":\"cs\",\"@id\":\"https:\/\/evertonfc.cz\/index.php\/2018\/09\/02\/everton-huddersfield-town-11\/#primaryimage\",\"url\":\"https:\/\/evertonfc.cz\/wp-content\/uploads\/2019\/01\/dcl_2_9_2018.jpg\",\"contentUrl\":\"https:\/\/evertonfc.cz\/wp-content\/uploads\/2019\/01\/dcl_2_9_2018.jpg\",\"width\":720,\"height\":405},{\"@type\":\"BreadcrumbList\",\"@id\":\"https:\/\/evertonfc.cz\/index.php\/2018\/09\/02\/everton-huddersfield-town-11\/#breadcrumb\",\"itemListElement\":[{\"@type\":\"ListItem\",\"position\":1,\"name\":\"Home\",\"item\":\"https:\/\/evertonfc.cz\/\"},{\"@type\":\"ListItem\",\"position\":2,\"name\":\"Everton &#8211; Huddersfield Town 1:1\"}]},{\"@type\":\"WebSite\",\"@id\":\"https:\/\/evertonfc.cz\/#website\",\"url\":\"https:\/\/evertonfc.cz\/\",\"name\":\"Official Czech &amp; Slovak Everton Supporters&#039; Club\",\"description\":\"\",\"publisher\":{\"@id\":\"https:\/\/evertonfc.cz\/#organization\"},\"potentialAction\":[{\"@type\":\"SearchAction\",\"target\":{\"@type\":\"EntryPoint\",\"urlTemplate\":\"https:\/\/evertonfc.cz\/?s={search_term_string}\"},\"query-input\":{\"@type\":\"PropertyValueSpecification\",\"valueRequired\":true,\"valueName\":\"search_term_string\"}}],\"inLanguage\":\"cs\"},{\"@type\":\"Organization\",\"@id\":\"https:\/\/evertonfc.cz\/#organization\",\"name\":\"Official Czech & Slovak Everton Supporters' Club\",\"url\":\"https:\/\/evertonfc.cz\/\",\"logo\":{\"@type\":\"ImageObject\",\"inLanguage\":\"cs\",\"@id\":\"https:\/\/evertonfc.cz\/#\/schema\/logo\/image\/\",\"url\":\"https:\/\/evertonfc.cz\/wp-content\/uploads\/2019\/05\/logo.png\",\"contentUrl\":\"https:\/\/evertonfc.cz\/wp-content\/uploads\/2019\/05\/logo.png\",\"width\":112,\"height\":112,\"caption\":\"Official Czech & Slovak Everton Supporters' Club\"},\"image\":{\"@id\":\"https:\/\/evertonfc.cz\/#\/schema\/logo\/image\/\"},\"sameAs\":[\"https:\/\/www.facebook.com\/everton.fans.cz.sk\"]},{\"@type\":\"Person\",\"@id\":\"https:\/\/evertonfc.cz\/#\/schema\/person\/b30daf6a5852f4811f8207a17ec1bf78\",\"name\":\"Javor\",\"sameAs\":[\"https:\/\/x.com\/LoudinJan\"],\"url\":\"https:\/\/evertonfc.cz\/index.php\/author\/javor\/\"}]}<\/script>\n<!-- \/ Yoast SEO plugin. -->","yoast_head_json":{"title":"Everton - Huddersfield Town 1:1 - Official Czech &amp; Slovak Everton Supporters&#039; Club","robots":{"index":"index","follow":"follow","max-snippet":"max-snippet:-1","max-image-preview":"max-image-preview:large","max-video-preview":"max-video-preview:-1"},"canonical":"https:\/\/evertonfc.cz\/index.php\/2018\/09\/02\/everton-huddersfield-town-11\/","og_locale":"cs_CZ","og_type":"article","og_title":"Everton - Huddersfield Town 1:1 - Official Czech &amp; Slovak Everton Supporters&#039; Club","og_description":"P\u0159edposledn\u00ed t\u00fdm tabulky bychom por\u00e1\u017eet m\u011bli. Loni jsme v\u00fdhru nad Teri\u00e9ry zvl\u00e1dli dokonce pod Allardycem. Silvovi se to nepovedlo. Sestava&hellip;","og_url":"https:\/\/evertonfc.cz\/index.php\/2018\/09\/02\/everton-huddersfield-town-11\/","og_site_name":"Official Czech &amp; Slovak Everton Supporters&#039; Club","article_publisher":"https:\/\/www.facebook.com\/everton.fans.cz.sk","article_published_time":"2018-09-02T17:45:07+00:00","article_modified_time":"2019-01-30T18:49:28+00:00","og_image":[{"width":720,"height":405,"url":"https:\/\/evertonfc.cz\/wp-content\/uploads\/2019\/01\/dcl_2_9_2018.jpg","type":"image\/jpeg"}],"author":"Javor","twitter_card":"summary_large_image","twitter_creator":"@LoudinJan","twitter_misc":{"Napsal(a)":"Javor","Odhadovan\u00e1 doba \u010dten\u00ed":"2 minuty"},"schema":{"@context":"https:\/\/schema.org","@graph":[{"@type":"Article","@id":"https:\/\/evertonfc.cz\/index.php\/2018\/09\/02\/everton-huddersfield-town-11\/#article","isPartOf":{"@id":"https:\/\/evertonfc.cz\/index.php\/2018\/09\/02\/everton-huddersfield-town-11\/"},"author":{"name":"Javor","@id":"https:\/\/evertonfc.cz\/#\/schema\/person\/b30daf6a5852f4811f8207a17ec1bf78"},"headline":"Everton &#8211; Huddersfield Town 1:1","datePublished":"2018-09-02T17:45:07+00:00","dateModified":"2019-01-30T18:49:28+00:00","mainEntityOfPage":{"@id":"https:\/\/evertonfc.cz\/index.php\/2018\/09\/02\/everton-huddersfield-town-11\/"},"wordCount":462,"commentCount":0,"publisher":{"@id":"https:\/\/evertonfc.cz\/#organization"},"image":{"@id":"https:\/\/evertonfc.cz\/index.php\/2018\/09\/02\/everton-huddersfield-town-11\/#primaryimage"},"thumbnailUrl":"https:\/\/evertonfc.cz\/wp-content\/uploads\/2019\/01\/dcl_2_9_2018.jpg","articleSection":["Z\u00e1pasy"],"inLanguage":"cs","potentialAction":[{"@type":"CommentAction","name":"Comment","target":["https:\/\/evertonfc.cz\/index.php\/2018\/09\/02\/everton-huddersfield-town-11\/#respond"]}]},{"@type":"WebPage","@id":"https:\/\/evertonfc.cz\/index.php\/2018\/09\/02\/everton-huddersfield-town-11\/","url":"https:\/\/evertonfc.cz\/index.php\/2018\/09\/02\/everton-huddersfield-town-11\/","name":"Everton - Huddersfield Town 1:1 - Official Czech &amp; Slovak Everton Supporters&#039; Club","isPartOf":{"@id":"https:\/\/evertonfc.cz\/#website"},"primaryImageOfPage":{"@id":"https:\/\/evertonfc.cz\/index.php\/2018\/09\/02\/everton-huddersfield-town-11\/#primaryimage"},"image":{"@id":"https:\/\/evertonfc.cz\/index.php\/2018\/09\/02\/everton-huddersfield-town-11\/#primaryimage"},"thumbnailUrl":"https:\/\/evertonfc.cz\/wp-content\/uploads\/2019\/01\/dcl_2_9_2018.jpg","datePublished":"2018-09-02T17:45:07+00:00","dateModified":"2019-01-30T18:49:28+00:00","breadcrumb":{"@id":"https:\/\/evertonfc.cz\/index.php\/2018\/09\/02\/everton-huddersfield-town-11\/#breadcrumb"},"inLanguage":"cs","potentialAction":[{"@type":"ReadAction","target":["https:\/\/evertonfc.cz\/index.php\/2018\/09\/02\/everton-huddersfield-town-11\/"]}]},{"@type":"ImageObject","inLanguage":"cs","@id":"https:\/\/evertonfc.cz\/index.php\/2018\/09\/02\/everton-huddersfield-town-11\/#primaryimage","url":"https:\/\/evertonfc.cz\/wp-content\/uploads\/2019\/01\/dcl_2_9_2018.jpg","contentUrl":"https:\/\/evertonfc.cz\/wp-content\/uploads\/2019\/01\/dcl_2_9_2018.jpg","width":720,"height":405},{"@type":"BreadcrumbList","@id":"https:\/\/evertonfc.cz\/index.php\/2018\/09\/02\/everton-huddersfield-town-11\/#breadcrumb","itemListElement":[{"@type":"ListItem","position":1,"name":"Home","item":"https:\/\/evertonfc.cz\/"},{"@type":"ListItem","position":2,"name":"Everton &#8211; Huddersfield Town 1:1"}]},{"@type":"WebSite","@id":"https:\/\/evertonfc.cz\/#website","url":"https:\/\/evertonfc.cz\/","name":"Official Czech &amp; Slovak Everton Supporters&#039; Club","description":"","publisher":{"@id":"https:\/\/evertonfc.cz\/#organization"},"potentialAction":[{"@type":"SearchAction","target":{"@type":"EntryPoint","urlTemplate":"https:\/\/evertonfc.cz\/?s={search_term_string}"},"query-input":{"@type":"PropertyValueSpecification","valueRequired":true,"valueName":"search_term_string"}}],"inLanguage":"cs"},{"@type":"Organization","@id":"https:\/\/evertonfc.cz\/#organization","name":"Official Czech & Slovak Everton Supporters' Club","url":"https:\/\/evertonfc.cz\/","logo":{"@type":"ImageObject","inLanguage":"cs","@id":"https:\/\/evertonfc.cz\/#\/schema\/logo\/image\/","url":"https:\/\/evertonfc.cz\/wp-content\/uploads\/2019\/05\/logo.png","contentUrl":"https:\/\/evertonfc.cz\/wp-content\/uploads\/2019\/05\/logo.png","width":112,"height":112,"caption":"Official Czech & Slovak Everton Supporters' Club"},"image":{"@id":"https:\/\/evertonfc.cz\/#\/schema\/logo\/image\/"},"sameAs":["https:\/\/www.facebook.com\/everton.fans.cz.sk"]},{"@type":"Person","@id":"https:\/\/evertonfc.cz\/#\/schema\/person\/b30daf6a5852f4811f8207a17ec1bf78","name":"Javor","sameAs":["https:\/\/x.com\/LoudinJan"],"url":"https:\/\/evertonfc.cz\/index.php\/author\/javor\/"}]}},"_links":{"self":[{"href":"https:\/\/evertonfc.cz\/index.php\/wp-json\/wp\/v2\/posts\/1895"}],"collection":[{"href":"https:\/\/evertonfc.cz\/index.php\/wp-json\/wp\/v2\/posts"}],"about":[{"href":"https:\/\/evertonfc.cz\/index.php\/wp-json\/wp\/v2\/types\/post"}],"author":[{"embeddable":true,"href":"https:\/\/evertonfc.cz\/index.php\/wp-json\/wp\/v2\/users\/12"}],"replies":[{"embeddable":true,"href":"https:\/\/evertonfc.cz\/index.php\/wp-json\/wp\/v2\/comments?post=1895"}],"version-history":[{"count":1,"href":"https:\/\/evertonfc.cz\/index.php\/wp-json\/wp\/v2\/posts\/1895\/revisions"}],"predecessor-version":[{"id":1896,"href":"https:\/\/evertonfc.cz\/index.php\/wp-json\/wp\/v2\/posts\/1895\/revisions\/1896"}],"wp:featuredmedia":[{"embeddable":true,"href":"https:\/\/evertonfc.cz\/index.php\/wp-json\/wp\/v2\/media\/1867"}],"wp:attachment":[{"href":"https:\/\/evertonfc.cz\/index.php\/wp-json\/wp\/v2\/media?parent=1895"}],"wp:term":[{"taxonomy":"category","embeddable":true,"href":"https:\/\/evertonfc.cz\/index.php\/wp-json\/wp\/v2\/categories?post=1895"},{"taxonomy":"post_tag","embeddable":true,"href":"https:\/\/evertonfc.cz\/index.php\/wp-json\/wp\/v2\/tags?post=1895"}],"curies":[{"name":"wp","href":"https:\/\/api.w.org\/{rel}","templated":true}]}}