{"id":18966,"date":"2022-07-02T17:25:32","date_gmt":"2022-07-02T15:25:32","guid":{"rendered":"https:\/\/evertonfc.cz\/?p=18966"},"modified":"2022-07-19T10:22:53","modified_gmt":"2022-07-19T08:22:53","slug":"novy-mesiac-novy-dres","status":"publish","type":"post","link":"https:\/\/evertonfc.cz\/index.php\/2022\/07\/02\/novy-mesiac-novy-dres\/","title":{"rendered":"Nov\u00fd mesiac, nov\u00fd dres"},"content":{"rendered":"<h4>Po n\u00e1ro\u010dnom h\u013eadan\u00ed nov\u00e9ho sponzora u\u017e bolo na\u010dase, aby 1. j\u00fala svetlo sveta kone\u010dne uzrela aj dom\u00e1ca sada kr\u00e1\u013eovskej modrej. Po roku s\u00a0viacer\u00fdmi zmenami.<\/h4>\n<p>Celkov\u00e1 koncepcia dizajnu dresu sa nezmenila. U\u017e od za\u010diatku spolupr\u00e1ce s Evertonom, a aj in\u00fdmi klubmi, produkuje Hummel svoje sady v \u0161t\u00fdle hlavn\u00e9ho vzoru na hrudn\u00edku, na ktor\u00fd sa potom nap\u00e1jaj\u00fa ruk\u00e1vy a zadn\u00e1 strana. Na nej m\u00f4\u017eeme vidie\u0165 nov\u00fd grafick\u00fd prvok ve\u017ee Princa Ruperta. T\u00fa klub u\u017e dlh\u0161ie pou\u017e\u00edva ako svoj origin\u00e1lny odtla\u010dok v digit\u00e1lnom svete. Nov\u00e1 dom\u00e1ca s\u00faprava jej vzd\u00e1va hold v dizajne predn\u00e9ho vzoru, ako \u00fastredn\u00e9mu prvku sl\u00e1vneho znaku klubu. Tepelne vyrazen\u00fd vzor ve\u017ee, ktor\u00fd sa opakuje po celom drese, kontrastuje s bielymi z\u00e1bleskami na ka\u017edej strane a je zakon\u010den\u00fd bielym okr\u00fahlym golierom.<\/p>\n<p>V sez\u00f3ne 2022\/23 sa naopak rozl\u00fa\u010dime s elementom \u017eltej farby, ktor\u00e1 zdobila minul\u00fd ro\u010dn\u00edk na nekompletnom golieri a ruk\u00e1voch. Taktie\u017e po prv\u00fdkr\u00e1t s\u00fa tradi\u010dn\u00e9 \u0161tyri \u0161\u00edpky Hummelu na ramen\u00e1ch zredukovan\u00e9 na dva. To umo\u017e\u0148uje, aby sa do centra pozornosti dostal v\u00fdrazn\u00fd kontrast medzi vy\u0161\u00edvan\u00fdm vzorom a bielymi detailmi na boku a krku. Reli\u00e9fny vzor a biele z\u00e1blesky spolu vytv\u00e1raj\u00fa p\u00fatav\u00fd vizu\u00e1lny efekt. Ten je e\u0161te lep\u0161ie vidite\u013en\u00fd pri poh\u013eade pod reflektormi v Goodison Parku.<\/p>\n<h4><strong>Kr\u00eddeln\u00edk Evertonu Anthony Gordon:<\/strong><\/h4>\n<blockquote><p><span style=\"font-size: 12pt;\"><em>\u201eZbo\u017e\u0148ujem ten dres, a naozaj sa mi p\u00e1\u010di, \u017ee Hummel sa rozhodol pre \u010dist\u00fd, svie\u017ei vzh\u013ead s d\u00f4razom na ve\u017eu v celkovom dizajne. S\u00faprava vyzer\u00e1 a p\u00f4sob\u00ed skvelo a som si ist\u00fd, \u017ee bude naozaj popul\u00e1rna medzi Evertonians po celom svete.\u201c<\/em><\/span><\/p><\/blockquote>\n<p><img loading=\"lazy\" decoding=\"async\" class=\"alignnone size-full wp-image-18971\" src=\"https:\/\/evertonfc.cz\/wp-content\/uploads\/2022\/07\/Hummel-home-all-2-7-2022.jpg\" alt=\"\" width=\"720\" height=\"990\" srcset=\"https:\/\/evertonfc.cz\/wp-content\/uploads\/2022\/07\/Hummel-home-all-2-7-2022.jpg 720w, https:\/\/evertonfc.cz\/wp-content\/uploads\/2022\/07\/Hummel-home-all-2-7-2022-218x300.jpg 218w\" sizes=\"(max-width: 720px) 100vw, 720px\" \/><\/p>\n<p>Na\u0161e tradi\u010dn\u00e9 biele \u0161ortky dost\u00e1vaj\u00fa nov\u00fd \u0161mrnc, ke\u010f\u017ee dve \u0161\u00edpky z dresu s\u00fa replikovan\u00e9 aj na nich a logo Hummel sa pres\u00fava z prednej \u010dasti na zadn\u00fa \u010das\u0165 pravej nohy, \u010do poskytuje \u010dist\u00fd a svie\u017ei vzh\u013ead. Tren\u00edrky taktie\u017e odzrkad\u013euj\u00fa bo\u010dn\u00e9 panely dresu pomocou vlo\u017eiek z bielej sie\u0165oviny. \u0160tulpne s\u00fa biele, zakon\u010den\u00e9 modr\u00fdmi detailmi, s dvoma \u0161\u00edpkami vpredu. Vzadu dominuje op\u00e4\u0165 znak ve\u017ee.<\/p>\n<h4><strong>Richard Kenyon, riadite\u013e pre komunik\u00e1ciu, pr\u00edjmy a medzin\u00e1rodn\u00fd rast:<\/strong><\/h4>\n<blockquote><p><span style=\"font-size: 12pt;\"><em>\u201eSom si ist\u00fd, \u017ee Evertonians ocenia tohtoro\u010dn\u00fa dom\u00e1cu sadu, ktor\u00e1 sp\u00e1ja tradi\u010dn\u00e9 prvky na\u0161ej zna\u010dky s modern\u00fdm \u0161t\u00fdlom. V priebehu posledn\u00fdch mesiacov sme vo v\u00e4\u010d\u0161ej miere vyu\u017e\u00edvali na\u0161u aktualizovan\u00fa ikonu ve\u017ee v celom klube. Tak\u017ee je skvel\u00e9 vidie\u0165, \u017ee tvor\u00ed s\u00fa\u010das\u0165 vzoru v na\u0161om najnov\u0161om dom\u00e1com drese. Je to \u010fal\u0161ia siln\u00e1 s\u00faprava, ktor\u00fa dodal n\u00e1\u0161 technick\u00fd partner Hummel. \u010eakujeme za ich tvrd\u00fa pr\u00e1cu pri jej vytv\u00e1ran\u00ed a te\u0161\u00edme sa, \u017ee koncom tohto leta s nimi predstav\u00edme vonkaj\u0161ie a tretie sady.\u201c<\/em><\/span><\/p><\/blockquote>\n<p>Brank\u00e1rska s\u00faprava na sez\u00f3nu 2022\/23 je smaragdovo-zelen\u00e1 a \u010dierna s p\u00fatavou grafikou in\u0161pirovanou prez\u00fdvkou klubu The Toffees a trad\u00edciou sladkost\u00ed Evertonu. Brank\u00e1rsky dres je mo\u017en\u00e9 zak\u00fapi\u0165 aj s kr\u00e1tkym ruk\u00e1vom. \u0160ortky s\u00fa tie\u017e smaragdovo zelen\u00e9 a maj\u00fa dve Hummel \u0161\u00edpky po stran\u00e1ch.<\/p>\n<p>V\u0161etky s\u00fapravy sa vyr\u00e1baj\u00fa pomocou rovnak\u00e9ho procesu Eco 8 ako predch\u00e1dzaj\u00face s\u00fapravy Everton od Hummelu. Ka\u017ed\u00fd dres je vyroben\u00fd z \u00f4smich recyklovan\u00fdch flia\u0161 a pri procese farbenia spotrebuje minim\u00e1lne mno\u017estvo vody, \u010do \u010falej podporuje pokra\u010duj\u00faci z\u00e1v\u00e4zok klubu k environment\u00e1lnej kampani Everton for Change.<\/p>\n<h4><strong>Allan Vad Nielsen, gener\u00e1lny riadite\u013e spolo\u010dnosti Hummel:<\/strong><\/h4>\n<blockquote><p><span style=\"font-size: 12pt;\"><em>\u201ePo dvoch rekordn\u00fdch sez\u00f3nach, \u010do sa t\u00fdka predaja dresov, sme si tento rok nastavili latku naozaj vysoko. Chceli sme pr\u00eds\u0165 s nie\u010d\u00edm skuto\u010dne \u0161peci\u00e1lnym a jedine\u010dn\u00fdm pre v\u0161etk\u00fdch v\u00e1\u0161niv\u00fdch Evertonians na celom svete. A pr\u00e1ve preto sme sa rozhodli za\u010dleni\u0165 sl\u00e1vnu ve\u017eu princa Ruperta ako s\u00fa\u010das\u0165 dom\u00e1ceho dresu Evertonu. D\u00fafame, \u017ee fan\u00fa\u0161ikovia bud\u00fa rovnako nad\u0161en\u00ed ako my, a u\u017e sa nevieme do\u010dka\u0165, ako sa spolo\u010dne podel\u00edme o skvel\u00e9 spomienky v Goodison Parku v novom drese.\u201c<\/em><\/span><\/p><\/blockquote>\n<p><img loading=\"lazy\" decoding=\"async\" class=\"size-full wp-image-18973 aligncenter\" src=\"https:\/\/evertonfc.cz\/wp-content\/uploads\/2022\/07\/Hummel-home-GK-2-7-2022.jpg\" alt=\"\" width=\"575\" height=\"590\" srcset=\"https:\/\/evertonfc.cz\/wp-content\/uploads\/2022\/07\/Hummel-home-GK-2-7-2022.jpg 575w, https:\/\/evertonfc.cz\/wp-content\/uploads\/2022\/07\/Hummel-home-GK-2-7-2022-292x300.jpg 292w\" sizes=\"(max-width: 575px) 100vw, 575px\" \/><\/p>\n<p>Nov\u00fa dom\u00e1cu s\u00fapravu EFC je u\u017e teraz mo\u017en\u00e9 zak\u00fapi\u0165 online cez evertondirect.com. Od piatka 1. j\u00fala aj v predajni Everton One a Everton Two. Vybran\u00e9 tr\u00e9ningov\u00e9 rady bud\u00fa dostupn\u00e9 aj v obchode a online, pri\u010dom po\u010das leta bude k dispoz\u00edcii viac produktov. Zauj\u00edmav\u00e1 iniciat\u00edva je, \u017ee fan\u00fa\u0161ikovia maj\u00fa mo\u017enos\u0165 darova\u0165 svoj star\u00fd dres Evertonu za posledn\u00fdch 10 rokov a z\u00edska\u0165 10-percentn\u00fa z\u013eavu z n\u00e1kupu nov\u00e9ho.<\/p>\n<p>T\u00e1to limitovan\u00e1 ponuka je k dispoz\u00edcii iba osobne v predajniach Everton One alebo Everton Two. Potrv\u00e1 sedem dn\u00ed a skon\u010d\u00ed sa na konci pracovn\u00e9ho d\u0148a vo \u0161tvrtok 7. j\u00fala. V\u0161etky vymenen\u00e9 tri\u010dk\u00e1 bud\u00fa potom darovan\u00e9 charitat\u00edvnej organiz\u00e1cii KitAid, ktor\u00e1 recykluje pou\u017eit\u00e9 futbalov\u00e9 tri\u010dk\u00e1 a distribuuje ich znev\u00fdhodnen\u00fdm de\u0165om a dospel\u00fdm v niektor\u00fdch z najchudobnej\u0161\u00edch kraj\u00edn sveta.<\/p>\n<p style=\"text-align: right;\"><span style=\"font-size: 8pt;\">(fotozdroj: evertonfc.com)<\/span><\/p>\n","protected":false},"excerpt":{"rendered":"<p>Po n\u00e1ro\u010dnom h\u013eadan\u00ed nov\u00e9ho sponzora u\u017e bolo na\u010dase, aby 1. j\u00fala svetlo sveta kone\u010dne uzrela aj dom\u00e1ca sada kr\u00e1\u013eovskej modrej. Po roku s\u00a0viacer\u00fdmi zmenami.<\/p>\n","protected":false},"author":1,"featured_media":18967,"comment_status":"open","ping_status":"closed","sticky":false,"template":"","format":"standard","meta":{"_eb_attr":"","_monsterinsights_skip_tracking":false,"_monsterinsights_sitenote_active":false,"_monsterinsights_sitenote_note":"","_monsterinsights_sitenote_category":0,"footnotes":""},"categories":[42],"tags":[],"yoast_head":"<!-- This site is optimized with the Yoast SEO plugin v23.4 - https:\/\/yoast.com\/wordpress\/plugins\/seo\/ -->\n<title>Nov\u00fd mesiac, nov\u00fd dres - Official Czech &amp; Slovak Everton Supporters&#039; Club<\/title>\n<meta name=\"robots\" content=\"index, follow, max-snippet:-1, max-image-preview:large, max-video-preview:-1\" \/>\n<link rel=\"canonical\" href=\"https:\/\/evertonfc.cz\/index.php\/2022\/07\/02\/novy-mesiac-novy-dres\/\" \/>\n<meta property=\"og:locale\" content=\"cs_CZ\" \/>\n<meta property=\"og:type\" content=\"article\" \/>\n<meta property=\"og:title\" content=\"Nov\u00fd mesiac, nov\u00fd dres - Official Czech &amp; Slovak Everton Supporters&#039; Club\" \/>\n<meta property=\"og:description\" content=\"Po n\u00e1ro\u010dnom h\u013eadan\u00ed nov\u00e9ho sponzora u\u017e bolo na\u010dase, aby 1. j\u00fala svetlo sveta kone\u010dne uzrela aj dom\u00e1ca sada kr\u00e1\u013eovskej modrej. Po roku s\u00a0viacer\u00fdmi zmenami.\" \/>\n<meta property=\"og:url\" content=\"https:\/\/evertonfc.cz\/index.php\/2022\/07\/02\/novy-mesiac-novy-dres\/\" \/>\n<meta property=\"og:site_name\" content=\"Official Czech &amp; Slovak Everton Supporters&#039; Club\" \/>\n<meta property=\"article:publisher\" content=\"https:\/\/www.facebook.com\/everton.fans.cz.sk\" \/>\n<meta property=\"article:published_time\" content=\"2022-07-02T15:25:32+00:00\" \/>\n<meta property=\"article:modified_time\" content=\"2022-07-19T08:22:53+00:00\" \/>\n<meta property=\"og:image\" content=\"https:\/\/evertonfc.cz\/wp-content\/uploads\/2022\/07\/Hummel-home-kit-2-7-2022.jpg\" \/>\n\t<meta property=\"og:image:width\" content=\"720\" \/>\n\t<meta property=\"og:image:height\" content=\"405\" \/>\n\t<meta property=\"og:image:type\" content=\"image\/jpeg\" \/>\n<meta name=\"author\" content=\"BlueBlooded\" \/>\n<meta name=\"twitter:card\" content=\"summary_large_image\" \/>\n<meta name=\"twitter:label1\" content=\"Napsal(a)\" \/>\n\t<meta name=\"twitter:data1\" content=\"BlueBlooded\" \/>\n\t<meta name=\"twitter:label2\" content=\"Odhadovan\u00e1 doba \u010dten\u00ed\" \/>\n\t<meta name=\"twitter:data2\" content=\"5 minut\" \/>\n<script type=\"application\/ld+json\" class=\"yoast-schema-graph\">{\"@context\":\"https:\/\/schema.org\",\"@graph\":[{\"@type\":\"Article\",\"@id\":\"https:\/\/evertonfc.cz\/index.php\/2022\/07\/02\/novy-mesiac-novy-dres\/#article\",\"isPartOf\":{\"@id\":\"https:\/\/evertonfc.cz\/index.php\/2022\/07\/02\/novy-mesiac-novy-dres\/\"},\"author\":{\"name\":\"BlueBlooded\",\"@id\":\"https:\/\/evertonfc.cz\/#\/schema\/person\/d4493b8cbea51532597fbc4685698916\"},\"headline\":\"Nov\u00fd mesiac, nov\u00fd dres\",\"datePublished\":\"2022-07-02T15:25:32+00:00\",\"dateModified\":\"2022-07-19T08:22:53+00:00\",\"mainEntityOfPage\":{\"@id\":\"https:\/\/evertonfc.cz\/index.php\/2022\/07\/02\/novy-mesiac-novy-dres\/\"},\"wordCount\":884,\"commentCount\":1,\"publisher\":{\"@id\":\"https:\/\/evertonfc.cz\/#organization\"},\"image\":{\"@id\":\"https:\/\/evertonfc.cz\/index.php\/2022\/07\/02\/novy-mesiac-novy-dres\/#primaryimage\"},\"thumbnailUrl\":\"https:\/\/evertonfc.cz\/wp-content\/uploads\/2022\/07\/Hummel-home-kit-2-7-2022.jpg\",\"articleSection\":[\"Aktuality\"],\"inLanguage\":\"cs\",\"potentialAction\":[{\"@type\":\"CommentAction\",\"name\":\"Comment\",\"target\":[\"https:\/\/evertonfc.cz\/index.php\/2022\/07\/02\/novy-mesiac-novy-dres\/#respond\"]}]},{\"@type\":\"WebPage\",\"@id\":\"https:\/\/evertonfc.cz\/index.php\/2022\/07\/02\/novy-mesiac-novy-dres\/\",\"url\":\"https:\/\/evertonfc.cz\/index.php\/2022\/07\/02\/novy-mesiac-novy-dres\/\",\"name\":\"Nov\u00fd mesiac, nov\u00fd dres - Official Czech &amp; Slovak Everton Supporters&#039; Club\",\"isPartOf\":{\"@id\":\"https:\/\/evertonfc.cz\/#website\"},\"primaryImageOfPage\":{\"@id\":\"https:\/\/evertonfc.cz\/index.php\/2022\/07\/02\/novy-mesiac-novy-dres\/#primaryimage\"},\"image\":{\"@id\":\"https:\/\/evertonfc.cz\/index.php\/2022\/07\/02\/novy-mesiac-novy-dres\/#primaryimage\"},\"thumbnailUrl\":\"https:\/\/evertonfc.cz\/wp-content\/uploads\/2022\/07\/Hummel-home-kit-2-7-2022.jpg\",\"datePublished\":\"2022-07-02T15:25:32+00:00\",\"dateModified\":\"2022-07-19T08:22:53+00:00\",\"breadcrumb\":{\"@id\":\"https:\/\/evertonfc.cz\/index.php\/2022\/07\/02\/novy-mesiac-novy-dres\/#breadcrumb\"},\"inLanguage\":\"cs\",\"potentialAction\":[{\"@type\":\"ReadAction\",\"target\":[\"https:\/\/evertonfc.cz\/index.php\/2022\/07\/02\/novy-mesiac-novy-dres\/\"]}]},{\"@type\":\"ImageObject\",\"inLanguage\":\"cs\",\"@id\":\"https:\/\/evertonfc.cz\/index.php\/2022\/07\/02\/novy-mesiac-novy-dres\/#primaryimage\",\"url\":\"https:\/\/evertonfc.cz\/wp-content\/uploads\/2022\/07\/Hummel-home-kit-2-7-2022.jpg\",\"contentUrl\":\"https:\/\/evertonfc.cz\/wp-content\/uploads\/2022\/07\/Hummel-home-kit-2-7-2022.jpg\",\"width\":720,\"height\":405},{\"@type\":\"BreadcrumbList\",\"@id\":\"https:\/\/evertonfc.cz\/index.php\/2022\/07\/02\/novy-mesiac-novy-dres\/#breadcrumb\",\"itemListElement\":[{\"@type\":\"ListItem\",\"position\":1,\"name\":\"Home\",\"item\":\"https:\/\/evertonfc.cz\/\"},{\"@type\":\"ListItem\",\"position\":2,\"name\":\"Nov\u00fd mesiac, nov\u00fd dres\"}]},{\"@type\":\"WebSite\",\"@id\":\"https:\/\/evertonfc.cz\/#website\",\"url\":\"https:\/\/evertonfc.cz\/\",\"name\":\"Official Czech &amp; Slovak Everton Supporters&#039; Club\",\"description\":\"\",\"publisher\":{\"@id\":\"https:\/\/evertonfc.cz\/#organization\"},\"potentialAction\":[{\"@type\":\"SearchAction\",\"target\":{\"@type\":\"EntryPoint\",\"urlTemplate\":\"https:\/\/evertonfc.cz\/?s={search_term_string}\"},\"query-input\":{\"@type\":\"PropertyValueSpecification\",\"valueRequired\":true,\"valueName\":\"search_term_string\"}}],\"inLanguage\":\"cs\"},{\"@type\":\"Organization\",\"@id\":\"https:\/\/evertonfc.cz\/#organization\",\"name\":\"Official Czech & Slovak Everton Supporters' Club\",\"url\":\"https:\/\/evertonfc.cz\/\",\"logo\":{\"@type\":\"ImageObject\",\"inLanguage\":\"cs\",\"@id\":\"https:\/\/evertonfc.cz\/#\/schema\/logo\/image\/\",\"url\":\"https:\/\/evertonfc.cz\/wp-content\/uploads\/2019\/05\/logo.png\",\"contentUrl\":\"https:\/\/evertonfc.cz\/wp-content\/uploads\/2019\/05\/logo.png\",\"width\":112,\"height\":112,\"caption\":\"Official Czech & Slovak Everton Supporters' Club\"},\"image\":{\"@id\":\"https:\/\/evertonfc.cz\/#\/schema\/logo\/image\/\"},\"sameAs\":[\"https:\/\/www.facebook.com\/everton.fans.cz.sk\"]},{\"@type\":\"Person\",\"@id\":\"https:\/\/evertonfc.cz\/#\/schema\/person\/d4493b8cbea51532597fbc4685698916\",\"name\":\"BlueBlooded\",\"url\":\"https:\/\/evertonfc.cz\/index.php\/author\/admin\/\"}]}<\/script>\n<!-- \/ Yoast SEO plugin. -->","yoast_head_json":{"title":"Nov\u00fd mesiac, nov\u00fd dres - Official Czech &amp; Slovak Everton Supporters&#039; Club","robots":{"index":"index","follow":"follow","max-snippet":"max-snippet:-1","max-image-preview":"max-image-preview:large","max-video-preview":"max-video-preview:-1"},"canonical":"https:\/\/evertonfc.cz\/index.php\/2022\/07\/02\/novy-mesiac-novy-dres\/","og_locale":"cs_CZ","og_type":"article","og_title":"Nov\u00fd mesiac, nov\u00fd dres - Official Czech &amp; Slovak Everton Supporters&#039; Club","og_description":"Po n\u00e1ro\u010dnom h\u013eadan\u00ed nov\u00e9ho sponzora u\u017e bolo na\u010dase, aby 1. j\u00fala svetlo sveta kone\u010dne uzrela aj dom\u00e1ca sada kr\u00e1\u013eovskej modrej. Po roku s\u00a0viacer\u00fdmi zmenami.","og_url":"https:\/\/evertonfc.cz\/index.php\/2022\/07\/02\/novy-mesiac-novy-dres\/","og_site_name":"Official Czech &amp; Slovak Everton Supporters&#039; Club","article_publisher":"https:\/\/www.facebook.com\/everton.fans.cz.sk","article_published_time":"2022-07-02T15:25:32+00:00","article_modified_time":"2022-07-19T08:22:53+00:00","og_image":[{"width":720,"height":405,"url":"https:\/\/evertonfc.cz\/wp-content\/uploads\/2022\/07\/Hummel-home-kit-2-7-2022.jpg","type":"image\/jpeg"}],"author":"BlueBlooded","twitter_card":"summary_large_image","twitter_misc":{"Napsal(a)":"BlueBlooded","Odhadovan\u00e1 doba \u010dten\u00ed":"5 minut"},"schema":{"@context":"https:\/\/schema.org","@graph":[{"@type":"Article","@id":"https:\/\/evertonfc.cz\/index.php\/2022\/07\/02\/novy-mesiac-novy-dres\/#article","isPartOf":{"@id":"https:\/\/evertonfc.cz\/index.php\/2022\/07\/02\/novy-mesiac-novy-dres\/"},"author":{"name":"BlueBlooded","@id":"https:\/\/evertonfc.cz\/#\/schema\/person\/d4493b8cbea51532597fbc4685698916"},"headline":"Nov\u00fd mesiac, nov\u00fd dres","datePublished":"2022-07-02T15:25:32+00:00","dateModified":"2022-07-19T08:22:53+00:00","mainEntityOfPage":{"@id":"https:\/\/evertonfc.cz\/index.php\/2022\/07\/02\/novy-mesiac-novy-dres\/"},"wordCount":884,"commentCount":1,"publisher":{"@id":"https:\/\/evertonfc.cz\/#organization"},"image":{"@id":"https:\/\/evertonfc.cz\/index.php\/2022\/07\/02\/novy-mesiac-novy-dres\/#primaryimage"},"thumbnailUrl":"https:\/\/evertonfc.cz\/wp-content\/uploads\/2022\/07\/Hummel-home-kit-2-7-2022.jpg","articleSection":["Aktuality"],"inLanguage":"cs","potentialAction":[{"@type":"CommentAction","name":"Comment","target":["https:\/\/evertonfc.cz\/index.php\/2022\/07\/02\/novy-mesiac-novy-dres\/#respond"]}]},{"@type":"WebPage","@id":"https:\/\/evertonfc.cz\/index.php\/2022\/07\/02\/novy-mesiac-novy-dres\/","url":"https:\/\/evertonfc.cz\/index.php\/2022\/07\/02\/novy-mesiac-novy-dres\/","name":"Nov\u00fd mesiac, nov\u00fd dres - Official Czech &amp; Slovak Everton Supporters&#039; Club","isPartOf":{"@id":"https:\/\/evertonfc.cz\/#website"},"primaryImageOfPage":{"@id":"https:\/\/evertonfc.cz\/index.php\/2022\/07\/02\/novy-mesiac-novy-dres\/#primaryimage"},"image":{"@id":"https:\/\/evertonfc.cz\/index.php\/2022\/07\/02\/novy-mesiac-novy-dres\/#primaryimage"},"thumbnailUrl":"https:\/\/evertonfc.cz\/wp-content\/uploads\/2022\/07\/Hummel-home-kit-2-7-2022.jpg","datePublished":"2022-07-02T15:25:32+00:00","dateModified":"2022-07-19T08:22:53+00:00","breadcrumb":{"@id":"https:\/\/evertonfc.cz\/index.php\/2022\/07\/02\/novy-mesiac-novy-dres\/#breadcrumb"},"inLanguage":"cs","potentialAction":[{"@type":"ReadAction","target":["https:\/\/evertonfc.cz\/index.php\/2022\/07\/02\/novy-mesiac-novy-dres\/"]}]},{"@type":"ImageObject","inLanguage":"cs","@id":"https:\/\/evertonfc.cz\/index.php\/2022\/07\/02\/novy-mesiac-novy-dres\/#primaryimage","url":"https:\/\/evertonfc.cz\/wp-content\/uploads\/2022\/07\/Hummel-home-kit-2-7-2022.jpg","contentUrl":"https:\/\/evertonfc.cz\/wp-content\/uploads\/2022\/07\/Hummel-home-kit-2-7-2022.jpg","width":720,"height":405},{"@type":"BreadcrumbList","@id":"https:\/\/evertonfc.cz\/index.php\/2022\/07\/02\/novy-mesiac-novy-dres\/#breadcrumb","itemListElement":[{"@type":"ListItem","position":1,"name":"Home","item":"https:\/\/evertonfc.cz\/"},{"@type":"ListItem","position":2,"name":"Nov\u00fd mesiac, nov\u00fd dres"}]},{"@type":"WebSite","@id":"https:\/\/evertonfc.cz\/#website","url":"https:\/\/evertonfc.cz\/","name":"Official Czech &amp; Slovak Everton Supporters&#039; Club","description":"","publisher":{"@id":"https:\/\/evertonfc.cz\/#organization"},"potentialAction":[{"@type":"SearchAction","target":{"@type":"EntryPoint","urlTemplate":"https:\/\/evertonfc.cz\/?s={search_term_string}"},"query-input":{"@type":"PropertyValueSpecification","valueRequired":true,"valueName":"search_term_string"}}],"inLanguage":"cs"},{"@type":"Organization","@id":"https:\/\/evertonfc.cz\/#organization","name":"Official Czech & Slovak Everton Supporters' Club","url":"https:\/\/evertonfc.cz\/","logo":{"@type":"ImageObject","inLanguage":"cs","@id":"https:\/\/evertonfc.cz\/#\/schema\/logo\/image\/","url":"https:\/\/evertonfc.cz\/wp-content\/uploads\/2019\/05\/logo.png","contentUrl":"https:\/\/evertonfc.cz\/wp-content\/uploads\/2019\/05\/logo.png","width":112,"height":112,"caption":"Official Czech & Slovak Everton Supporters' Club"},"image":{"@id":"https:\/\/evertonfc.cz\/#\/schema\/logo\/image\/"},"sameAs":["https:\/\/www.facebook.com\/everton.fans.cz.sk"]},{"@type":"Person","@id":"https:\/\/evertonfc.cz\/#\/schema\/person\/d4493b8cbea51532597fbc4685698916","name":"BlueBlooded","url":"https:\/\/evertonfc.cz\/index.php\/author\/admin\/"}]}},"_links":{"self":[{"href":"https:\/\/evertonfc.cz\/index.php\/wp-json\/wp\/v2\/posts\/18966"}],"collection":[{"href":"https:\/\/evertonfc.cz\/index.php\/wp-json\/wp\/v2\/posts"}],"about":[{"href":"https:\/\/evertonfc.cz\/index.php\/wp-json\/wp\/v2\/types\/post"}],"author":[{"embeddable":true,"href":"https:\/\/evertonfc.cz\/index.php\/wp-json\/wp\/v2\/users\/1"}],"replies":[{"embeddable":true,"href":"https:\/\/evertonfc.cz\/index.php\/wp-json\/wp\/v2\/comments?post=18966"}],"version-history":[{"count":7,"href":"https:\/\/evertonfc.cz\/index.php\/wp-json\/wp\/v2\/posts\/18966\/revisions"}],"predecessor-version":[{"id":19156,"href":"https:\/\/evertonfc.cz\/index.php\/wp-json\/wp\/v2\/posts\/18966\/revisions\/19156"}],"wp:featuredmedia":[{"embeddable":true,"href":"https:\/\/evertonfc.cz\/index.php\/wp-json\/wp\/v2\/media\/18967"}],"wp:attachment":[{"href":"https:\/\/evertonfc.cz\/index.php\/wp-json\/wp\/v2\/media?parent=18966"}],"wp:term":[{"taxonomy":"category","embeddable":true,"href":"https:\/\/evertonfc.cz\/index.php\/wp-json\/wp\/v2\/categories?post=18966"},{"taxonomy":"post_tag","embeddable":true,"href":"https:\/\/evertonfc.cz\/index.php\/wp-json\/wp\/v2\/tags?post=18966"}],"curies":[{"name":"wp","href":"https:\/\/api.w.org\/{rel}","templated":true}]}}