{"id":1897,"date":"2018-09-11T19:46:34","date_gmt":"2018-09-11T17:46:34","guid":{"rendered":"http:\/\/evertonfc.cz\/?p=1897"},"modified":"2019-01-30T19:47:57","modified_gmt":"2019-01-30T18:47:57","slug":"moshiri-se-stal-majoritnim-vlastnikem-evertonu","status":"publish","type":"post","link":"https:\/\/evertonfc.cz\/index.php\/2018\/09\/11\/moshiri-se-stal-majoritnim-vlastnikem-evertonu\/","title":{"rendered":"Moshiri se stal majoritn\u00edm vlastn\u00edkem Evertonu"},"content":{"rendered":"\n<h4 class=\"wp-block-heading\">Farhad Moshiri u\u017e nen\u00ed jenom vlastn\u00edkem nejv\u011bt\u0161\u00edho pod\u00edlu v klubu, nyn\u00ed se rovn\u011b\u017e stal majoritn\u00edm vlastn\u00edkem pot\u00e9, co zv\u00fd\u0161il sv\u016fj pod\u00edl z 49,9 % na 68,6 %, jak informuje ofici\u00e1ln\u00ed web Evertonu.<\/h4>\n\n\n\n<p>\u00cdr\u00e1nsk\u00fd byznysmen vstoupil do Evertonu v \u00fanoru 2016. Nyn\u00ed sv\u016fj pod\u00edl zv\u00fd\u0161il o 18,7 %, kter\u00e9 podle neofici\u00e1ln\u00edch informac\u00ed koupil od p\u0159edsedy Billa Kenwrighta, m\u00edstop\u0159edsedy Johna Woodse b\u00fdval\u00e9ho \u0159editele Arthura Abercrombieho. Woods p\u0159ed touto transakc\u00ed vlastnil 8,9 % pod\u00edlu klubu (3 116 akci\u00ed) a \u2013 stejn\u011b jako Abercrombiemu (2,8 % pod\u00edlu, co\u017e \u010din\u00ed 909 akci\u00ed) \u2013 mu ji\u017e nen\u00e1le\u017e\u00ed \u017e\u00e1dn\u00e9 akcie, p\u0159i\u010dem\u017e ale podle novin\u00e1\u0159e Alana Myerse ze Sky Sports bude nad\u00e1le \u010dlenem p\u0159edstavenstva Evertonu. Tuto funkci vykon\u00e1v\u00e1 u\u017e od roku 2000.<\/p>\n\n\n\n<p>Kenwright\u016fv pod\u00edl se z 12,16 % sn\u00ed\u017eil na hodnotu okolo 5 %.<\/p>\n\n\n\n<p>Ofici\u00e1ln\u00ed web tak\u00e9 informuje, \u017ee Moshiri nejpozd\u011bji v \u010dervnu 2019 je\u0161t\u011b nav\u00fd\u0161\u00ed sv\u016fj pod\u00edl na 77,2 %.<\/p>\n\n\n\n<p>Tato d\u016fle\u017eit\u00e1 novinka pravd\u011bpodobn\u011b p\u0159edch\u00e1z\u00ed zve\u0159ejn\u011bn\u00ed zpr\u00e1vy o financov\u00e1n\u00ed nov\u00e9ho stadionu v Bramley Moore doc\u00edch. Z\u00e1rove\u0148 se signifikantn\u011b sn\u00ed\u017eila pravd\u011bpodobnost, \u017ee Alisher Usmanov, Moshiriho obchodn\u00ed partner, bude kupovat pod\u00edl v&nbsp;Evertonu, o \u010dem\u017e v&nbsp;posledn\u00edch t\u00fddnech spekulovala anglick\u00e1 m\u00e9dia.<\/p>\n\n\n\n<p>Pen\u00edze rusk\u00e9ho oligarchy tak stejn\u011b jako doposud pote\u010dou do Evertonu (alespo\u0148 tedy leg\u00e1ln\u00ed cestou) prost\u0159ednictv\u00edm sponzorov\u00e1n\u00ed tr\u00e9ninkov\u00e9ho centra Finch Farm, kter\u00fd nese jm\u00e9no Usmanovy firmy USM.<\/p>\n\n\n\n<p>Podle odhadu magaz\u00ednu Forbes z kv\u011btna leto\u0161n\u00edho roku se Moshiriho osobn\u00ed jm\u011bn\u00ed pohybuje ve v\u00fd\u0161i 1,7 miliardy dolar\u016f (zhruba 35 miliard korun).<br><\/p>\n","protected":false},"excerpt":{"rendered":"<p>Farhad Moshiri u\u017e nen\u00ed jenom vlastn\u00edkem nejv\u011bt\u0161\u00edho pod\u00edlu v klubu, nyn\u00ed se rovn\u011b\u017e stal majoritn\u00edm vlastn\u00edkem pot\u00e9, co zv\u00fd\u0161il sv\u016fj&hellip;<\/p>\n","protected":false},"author":6,"featured_media":1871,"comment_status":"open","ping_status":"closed","sticky":false,"template":"","format":"standard","meta":{"_eb_attr":"","_monsterinsights_skip_tracking":false,"_monsterinsights_sitenote_active":false,"_monsterinsights_sitenote_note":"","_monsterinsights_sitenote_category":0,"footnotes":""},"categories":[42],"tags":[],"yoast_head":"<!-- This site is optimized with the Yoast SEO plugin v23.4 - https:\/\/yoast.com\/wordpress\/plugins\/seo\/ -->\n<title>Moshiri se stal majoritn\u00edm vlastn\u00edkem Evertonu - Official Czech &amp; Slovak Everton Supporters&#039; Club<\/title>\n<meta name=\"robots\" content=\"index, follow, max-snippet:-1, max-image-preview:large, max-video-preview:-1\" \/>\n<link rel=\"canonical\" href=\"https:\/\/evertonfc.cz\/index.php\/2018\/09\/11\/moshiri-se-stal-majoritnim-vlastnikem-evertonu\/\" \/>\n<meta property=\"og:locale\" content=\"cs_CZ\" \/>\n<meta property=\"og:type\" content=\"article\" \/>\n<meta property=\"og:title\" content=\"Moshiri se stal majoritn\u00edm vlastn\u00edkem Evertonu - Official Czech &amp; Slovak Everton Supporters&#039; Club\" \/>\n<meta property=\"og:description\" content=\"Farhad Moshiri u\u017e nen\u00ed jenom vlastn\u00edkem nejv\u011bt\u0161\u00edho pod\u00edlu v klubu, nyn\u00ed se rovn\u011b\u017e stal majoritn\u00edm vlastn\u00edkem pot\u00e9, co zv\u00fd\u0161il sv\u016fj&hellip;\" \/>\n<meta property=\"og:url\" content=\"https:\/\/evertonfc.cz\/index.php\/2018\/09\/11\/moshiri-se-stal-majoritnim-vlastnikem-evertonu\/\" \/>\n<meta property=\"og:site_name\" content=\"Official Czech &amp; Slovak Everton Supporters&#039; Club\" \/>\n<meta property=\"article:publisher\" content=\"https:\/\/www.facebook.com\/everton.fans.cz.sk\" \/>\n<meta property=\"article:published_time\" content=\"2018-09-11T17:46:34+00:00\" \/>\n<meta property=\"article:modified_time\" content=\"2019-01-30T18:47:57+00:00\" \/>\n<meta property=\"og:image\" content=\"https:\/\/evertonfc.cz\/wp-content\/uploads\/2019\/01\/moshiri_11_9_2018.jpg\" \/>\n\t<meta property=\"og:image:width\" content=\"720\" \/>\n\t<meta property=\"og:image:height\" content=\"405\" \/>\n\t<meta property=\"og:image:type\" content=\"image\/jpeg\" \/>\n<meta name=\"author\" content=\"Ri\u010di\" \/>\n<meta name=\"twitter:card\" content=\"summary_large_image\" \/>\n<meta name=\"twitter:creator\" content=\"@rbrejsa\" \/>\n<meta name=\"twitter:label1\" content=\"Napsal(a)\" \/>\n\t<meta name=\"twitter:data1\" content=\"Ri\u010di\" \/>\n\t<meta name=\"twitter:label2\" content=\"Odhadovan\u00e1 doba \u010dten\u00ed\" \/>\n\t<meta name=\"twitter:data2\" content=\"1 minuta\" \/>\n<script type=\"application\/ld+json\" class=\"yoast-schema-graph\">{\"@context\":\"https:\/\/schema.org\",\"@graph\":[{\"@type\":\"Article\",\"@id\":\"https:\/\/evertonfc.cz\/index.php\/2018\/09\/11\/moshiri-se-stal-majoritnim-vlastnikem-evertonu\/#article\",\"isPartOf\":{\"@id\":\"https:\/\/evertonfc.cz\/index.php\/2018\/09\/11\/moshiri-se-stal-majoritnim-vlastnikem-evertonu\/\"},\"author\":{\"name\":\"Ri\u010di\",\"@id\":\"https:\/\/evertonfc.cz\/#\/schema\/person\/f7a5daedb2ffee98480bc70e191aaef1\"},\"headline\":\"Moshiri se stal majoritn\u00edm vlastn\u00edkem Evertonu\",\"datePublished\":\"2018-09-11T17:46:34+00:00\",\"dateModified\":\"2019-01-30T18:47:57+00:00\",\"mainEntityOfPage\":{\"@id\":\"https:\/\/evertonfc.cz\/index.php\/2018\/09\/11\/moshiri-se-stal-majoritnim-vlastnikem-evertonu\/\"},\"wordCount\":287,\"commentCount\":0,\"publisher\":{\"@id\":\"https:\/\/evertonfc.cz\/#organization\"},\"image\":{\"@id\":\"https:\/\/evertonfc.cz\/index.php\/2018\/09\/11\/moshiri-se-stal-majoritnim-vlastnikem-evertonu\/#primaryimage\"},\"thumbnailUrl\":\"https:\/\/evertonfc.cz\/wp-content\/uploads\/2019\/01\/moshiri_11_9_2018.jpg\",\"articleSection\":[\"Aktuality\"],\"inLanguage\":\"cs\",\"potentialAction\":[{\"@type\":\"CommentAction\",\"name\":\"Comment\",\"target\":[\"https:\/\/evertonfc.cz\/index.php\/2018\/09\/11\/moshiri-se-stal-majoritnim-vlastnikem-evertonu\/#respond\"]}]},{\"@type\":\"WebPage\",\"@id\":\"https:\/\/evertonfc.cz\/index.php\/2018\/09\/11\/moshiri-se-stal-majoritnim-vlastnikem-evertonu\/\",\"url\":\"https:\/\/evertonfc.cz\/index.php\/2018\/09\/11\/moshiri-se-stal-majoritnim-vlastnikem-evertonu\/\",\"name\":\"Moshiri se stal majoritn\u00edm vlastn\u00edkem Evertonu - Official Czech &amp; Slovak Everton Supporters&#039; Club\",\"isPartOf\":{\"@id\":\"https:\/\/evertonfc.cz\/#website\"},\"primaryImageOfPage\":{\"@id\":\"https:\/\/evertonfc.cz\/index.php\/2018\/09\/11\/moshiri-se-stal-majoritnim-vlastnikem-evertonu\/#primaryimage\"},\"image\":{\"@id\":\"https:\/\/evertonfc.cz\/index.php\/2018\/09\/11\/moshiri-se-stal-majoritnim-vlastnikem-evertonu\/#primaryimage\"},\"thumbnailUrl\":\"https:\/\/evertonfc.cz\/wp-content\/uploads\/2019\/01\/moshiri_11_9_2018.jpg\",\"datePublished\":\"2018-09-11T17:46:34+00:00\",\"dateModified\":\"2019-01-30T18:47:57+00:00\",\"breadcrumb\":{\"@id\":\"https:\/\/evertonfc.cz\/index.php\/2018\/09\/11\/moshiri-se-stal-majoritnim-vlastnikem-evertonu\/#breadcrumb\"},\"inLanguage\":\"cs\",\"potentialAction\":[{\"@type\":\"ReadAction\",\"target\":[\"https:\/\/evertonfc.cz\/index.php\/2018\/09\/11\/moshiri-se-stal-majoritnim-vlastnikem-evertonu\/\"]}]},{\"@type\":\"ImageObject\",\"inLanguage\":\"cs\",\"@id\":\"https:\/\/evertonfc.cz\/index.php\/2018\/09\/11\/moshiri-se-stal-majoritnim-vlastnikem-evertonu\/#primaryimage\",\"url\":\"https:\/\/evertonfc.cz\/wp-content\/uploads\/2019\/01\/moshiri_11_9_2018.jpg\",\"contentUrl\":\"https:\/\/evertonfc.cz\/wp-content\/uploads\/2019\/01\/moshiri_11_9_2018.jpg\",\"width\":720,\"height\":405},{\"@type\":\"BreadcrumbList\",\"@id\":\"https:\/\/evertonfc.cz\/index.php\/2018\/09\/11\/moshiri-se-stal-majoritnim-vlastnikem-evertonu\/#breadcrumb\",\"itemListElement\":[{\"@type\":\"ListItem\",\"position\":1,\"name\":\"Home\",\"item\":\"https:\/\/evertonfc.cz\/\"},{\"@type\":\"ListItem\",\"position\":2,\"name\":\"Moshiri se stal majoritn\u00edm vlastn\u00edkem Evertonu\"}]},{\"@type\":\"WebSite\",\"@id\":\"https:\/\/evertonfc.cz\/#website\",\"url\":\"https:\/\/evertonfc.cz\/\",\"name\":\"Official Czech &amp; Slovak Everton Supporters&#039; Club\",\"description\":\"\",\"publisher\":{\"@id\":\"https:\/\/evertonfc.cz\/#organization\"},\"potentialAction\":[{\"@type\":\"SearchAction\",\"target\":{\"@type\":\"EntryPoint\",\"urlTemplate\":\"https:\/\/evertonfc.cz\/?s={search_term_string}\"},\"query-input\":{\"@type\":\"PropertyValueSpecification\",\"valueRequired\":true,\"valueName\":\"search_term_string\"}}],\"inLanguage\":\"cs\"},{\"@type\":\"Organization\",\"@id\":\"https:\/\/evertonfc.cz\/#organization\",\"name\":\"Official Czech & Slovak Everton Supporters' Club\",\"url\":\"https:\/\/evertonfc.cz\/\",\"logo\":{\"@type\":\"ImageObject\",\"inLanguage\":\"cs\",\"@id\":\"https:\/\/evertonfc.cz\/#\/schema\/logo\/image\/\",\"url\":\"https:\/\/evertonfc.cz\/wp-content\/uploads\/2019\/05\/logo.png\",\"contentUrl\":\"https:\/\/evertonfc.cz\/wp-content\/uploads\/2019\/05\/logo.png\",\"width\":112,\"height\":112,\"caption\":\"Official Czech & Slovak Everton Supporters' Club\"},\"image\":{\"@id\":\"https:\/\/evertonfc.cz\/#\/schema\/logo\/image\/\"},\"sameAs\":[\"https:\/\/www.facebook.com\/everton.fans.cz.sk\"]},{\"@type\":\"Person\",\"@id\":\"https:\/\/evertonfc.cz\/#\/schema\/person\/f7a5daedb2ffee98480bc70e191aaef1\",\"name\":\"Ri\u010di\",\"sameAs\":[\"https:\/\/x.com\/rbrejsa\"],\"url\":\"https:\/\/evertonfc.cz\/index.php\/author\/rici\/\"}]}<\/script>\n<!-- \/ Yoast SEO plugin. -->","yoast_head_json":{"title":"Moshiri se stal majoritn\u00edm vlastn\u00edkem Evertonu - Official Czech &amp; Slovak Everton Supporters&#039; Club","robots":{"index":"index","follow":"follow","max-snippet":"max-snippet:-1","max-image-preview":"max-image-preview:large","max-video-preview":"max-video-preview:-1"},"canonical":"https:\/\/evertonfc.cz\/index.php\/2018\/09\/11\/moshiri-se-stal-majoritnim-vlastnikem-evertonu\/","og_locale":"cs_CZ","og_type":"article","og_title":"Moshiri se stal majoritn\u00edm vlastn\u00edkem Evertonu - Official Czech &amp; Slovak Everton Supporters&#039; Club","og_description":"Farhad Moshiri u\u017e nen\u00ed jenom vlastn\u00edkem nejv\u011bt\u0161\u00edho pod\u00edlu v klubu, nyn\u00ed se rovn\u011b\u017e stal majoritn\u00edm vlastn\u00edkem pot\u00e9, co zv\u00fd\u0161il sv\u016fj&hellip;","og_url":"https:\/\/evertonfc.cz\/index.php\/2018\/09\/11\/moshiri-se-stal-majoritnim-vlastnikem-evertonu\/","og_site_name":"Official Czech &amp; Slovak Everton Supporters&#039; Club","article_publisher":"https:\/\/www.facebook.com\/everton.fans.cz.sk","article_published_time":"2018-09-11T17:46:34+00:00","article_modified_time":"2019-01-30T18:47:57+00:00","og_image":[{"width":720,"height":405,"url":"https:\/\/evertonfc.cz\/wp-content\/uploads\/2019\/01\/moshiri_11_9_2018.jpg","type":"image\/jpeg"}],"author":"Ri\u010di","twitter_card":"summary_large_image","twitter_creator":"@rbrejsa","twitter_misc":{"Napsal(a)":"Ri\u010di","Odhadovan\u00e1 doba \u010dten\u00ed":"1 minuta"},"schema":{"@context":"https:\/\/schema.org","@graph":[{"@type":"Article","@id":"https:\/\/evertonfc.cz\/index.php\/2018\/09\/11\/moshiri-se-stal-majoritnim-vlastnikem-evertonu\/#article","isPartOf":{"@id":"https:\/\/evertonfc.cz\/index.php\/2018\/09\/11\/moshiri-se-stal-majoritnim-vlastnikem-evertonu\/"},"author":{"name":"Ri\u010di","@id":"https:\/\/evertonfc.cz\/#\/schema\/person\/f7a5daedb2ffee98480bc70e191aaef1"},"headline":"Moshiri se stal majoritn\u00edm vlastn\u00edkem Evertonu","datePublished":"2018-09-11T17:46:34+00:00","dateModified":"2019-01-30T18:47:57+00:00","mainEntityOfPage":{"@id":"https:\/\/evertonfc.cz\/index.php\/2018\/09\/11\/moshiri-se-stal-majoritnim-vlastnikem-evertonu\/"},"wordCount":287,"commentCount":0,"publisher":{"@id":"https:\/\/evertonfc.cz\/#organization"},"image":{"@id":"https:\/\/evertonfc.cz\/index.php\/2018\/09\/11\/moshiri-se-stal-majoritnim-vlastnikem-evertonu\/#primaryimage"},"thumbnailUrl":"https:\/\/evertonfc.cz\/wp-content\/uploads\/2019\/01\/moshiri_11_9_2018.jpg","articleSection":["Aktuality"],"inLanguage":"cs","potentialAction":[{"@type":"CommentAction","name":"Comment","target":["https:\/\/evertonfc.cz\/index.php\/2018\/09\/11\/moshiri-se-stal-majoritnim-vlastnikem-evertonu\/#respond"]}]},{"@type":"WebPage","@id":"https:\/\/evertonfc.cz\/index.php\/2018\/09\/11\/moshiri-se-stal-majoritnim-vlastnikem-evertonu\/","url":"https:\/\/evertonfc.cz\/index.php\/2018\/09\/11\/moshiri-se-stal-majoritnim-vlastnikem-evertonu\/","name":"Moshiri se stal majoritn\u00edm vlastn\u00edkem Evertonu - Official Czech &amp; Slovak Everton Supporters&#039; Club","isPartOf":{"@id":"https:\/\/evertonfc.cz\/#website"},"primaryImageOfPage":{"@id":"https:\/\/evertonfc.cz\/index.php\/2018\/09\/11\/moshiri-se-stal-majoritnim-vlastnikem-evertonu\/#primaryimage"},"image":{"@id":"https:\/\/evertonfc.cz\/index.php\/2018\/09\/11\/moshiri-se-stal-majoritnim-vlastnikem-evertonu\/#primaryimage"},"thumbnailUrl":"https:\/\/evertonfc.cz\/wp-content\/uploads\/2019\/01\/moshiri_11_9_2018.jpg","datePublished":"2018-09-11T17:46:34+00:00","dateModified":"2019-01-30T18:47:57+00:00","breadcrumb":{"@id":"https:\/\/evertonfc.cz\/index.php\/2018\/09\/11\/moshiri-se-stal-majoritnim-vlastnikem-evertonu\/#breadcrumb"},"inLanguage":"cs","potentialAction":[{"@type":"ReadAction","target":["https:\/\/evertonfc.cz\/index.php\/2018\/09\/11\/moshiri-se-stal-majoritnim-vlastnikem-evertonu\/"]}]},{"@type":"ImageObject","inLanguage":"cs","@id":"https:\/\/evertonfc.cz\/index.php\/2018\/09\/11\/moshiri-se-stal-majoritnim-vlastnikem-evertonu\/#primaryimage","url":"https:\/\/evertonfc.cz\/wp-content\/uploads\/2019\/01\/moshiri_11_9_2018.jpg","contentUrl":"https:\/\/evertonfc.cz\/wp-content\/uploads\/2019\/01\/moshiri_11_9_2018.jpg","width":720,"height":405},{"@type":"BreadcrumbList","@id":"https:\/\/evertonfc.cz\/index.php\/2018\/09\/11\/moshiri-se-stal-majoritnim-vlastnikem-evertonu\/#breadcrumb","itemListElement":[{"@type":"ListItem","position":1,"name":"Home","item":"https:\/\/evertonfc.cz\/"},{"@type":"ListItem","position":2,"name":"Moshiri se stal majoritn\u00edm vlastn\u00edkem Evertonu"}]},{"@type":"WebSite","@id":"https:\/\/evertonfc.cz\/#website","url":"https:\/\/evertonfc.cz\/","name":"Official Czech &amp; Slovak Everton Supporters&#039; Club","description":"","publisher":{"@id":"https:\/\/evertonfc.cz\/#organization"},"potentialAction":[{"@type":"SearchAction","target":{"@type":"EntryPoint","urlTemplate":"https:\/\/evertonfc.cz\/?s={search_term_string}"},"query-input":{"@type":"PropertyValueSpecification","valueRequired":true,"valueName":"search_term_string"}}],"inLanguage":"cs"},{"@type":"Organization","@id":"https:\/\/evertonfc.cz\/#organization","name":"Official Czech & Slovak Everton Supporters' Club","url":"https:\/\/evertonfc.cz\/","logo":{"@type":"ImageObject","inLanguage":"cs","@id":"https:\/\/evertonfc.cz\/#\/schema\/logo\/image\/","url":"https:\/\/evertonfc.cz\/wp-content\/uploads\/2019\/05\/logo.png","contentUrl":"https:\/\/evertonfc.cz\/wp-content\/uploads\/2019\/05\/logo.png","width":112,"height":112,"caption":"Official Czech & Slovak Everton Supporters' Club"},"image":{"@id":"https:\/\/evertonfc.cz\/#\/schema\/logo\/image\/"},"sameAs":["https:\/\/www.facebook.com\/everton.fans.cz.sk"]},{"@type":"Person","@id":"https:\/\/evertonfc.cz\/#\/schema\/person\/f7a5daedb2ffee98480bc70e191aaef1","name":"Ri\u010di","sameAs":["https:\/\/x.com\/rbrejsa"],"url":"https:\/\/evertonfc.cz\/index.php\/author\/rici\/"}]}},"_links":{"self":[{"href":"https:\/\/evertonfc.cz\/index.php\/wp-json\/wp\/v2\/posts\/1897"}],"collection":[{"href":"https:\/\/evertonfc.cz\/index.php\/wp-json\/wp\/v2\/posts"}],"about":[{"href":"https:\/\/evertonfc.cz\/index.php\/wp-json\/wp\/v2\/types\/post"}],"author":[{"embeddable":true,"href":"https:\/\/evertonfc.cz\/index.php\/wp-json\/wp\/v2\/users\/6"}],"replies":[{"embeddable":true,"href":"https:\/\/evertonfc.cz\/index.php\/wp-json\/wp\/v2\/comments?post=1897"}],"version-history":[{"count":1,"href":"https:\/\/evertonfc.cz\/index.php\/wp-json\/wp\/v2\/posts\/1897\/revisions"}],"predecessor-version":[{"id":1898,"href":"https:\/\/evertonfc.cz\/index.php\/wp-json\/wp\/v2\/posts\/1897\/revisions\/1898"}],"wp:featuredmedia":[{"embeddable":true,"href":"https:\/\/evertonfc.cz\/index.php\/wp-json\/wp\/v2\/media\/1871"}],"wp:attachment":[{"href":"https:\/\/evertonfc.cz\/index.php\/wp-json\/wp\/v2\/media?parent=1897"}],"wp:term":[{"taxonomy":"category","embeddable":true,"href":"https:\/\/evertonfc.cz\/index.php\/wp-json\/wp\/v2\/categories?post=1897"},{"taxonomy":"post_tag","embeddable":true,"href":"https:\/\/evertonfc.cz\/index.php\/wp-json\/wp\/v2\/tags?post=1897"}],"curies":[{"name":"wp","href":"https:\/\/api.w.org\/{rel}","templated":true}]}}