{"id":18977,"date":"2022-07-02T21:31:03","date_gmt":"2022-07-02T19:31:03","guid":{"rendered":"https:\/\/evertonfc.cz\/?p=18977"},"modified":"2022-07-03T17:49:34","modified_gmt":"2022-07-03T15:49:34","slug":"prvni-posilou-je-stoper-tarkowski","status":"publish","type":"post","link":"https:\/\/evertonfc.cz\/index.php\/2022\/07\/02\/prvni-posilou-je-stoper-tarkowski\/","title":{"rendered":"Prvn\u00ed posilou je stoper Tarkowski"},"content":{"rendered":"<h4>Everton posiluje st\u0159ed obrany. Pomoci zlep\u0161it ji p\u0159ich\u00e1z\u00ed stoper s polsk\u00fdmi ko\u0159eny.<\/h4>\n<p>Tarkowskimu osobn\u011b se celkem na h\u0159i\u0161ti da\u0159ilo, ale Burnley op\u011bt sestoupilo a jemu skon\u010dila smlouva. Everton projevil z\u00e1jem &#8211; a dev\u011btadvacetilet\u00fd stoper k\u00fdvnul na sv\u016fj dal\u0161\u00ed p\u0159estup, nijak se netaj\u00ed t\u00edm, \u017ee pr\u00e1v\u011b Lampard byl hlavn\u00ed d\u016fvod. Poj\u010fme si tedy novou posilu p\u0159edstavit.<\/p>\n<p>Rod\u00e1k z Manchesteru za\u010dal profesion\u00e1ln\u00ed kari\u00e9ru v Oldhamu v roce 2011, kter\u00fd tehdy hr\u00e1l t\u0159et\u00ed ligu. V polovin\u011b t\u00e9to sez\u00f3ny za\u010dal hr\u00e1t pravideln\u011b v z\u00e1kladn\u00ed sestav\u011b. To pokra\u010dovalo a\u017e do ledna 2014, kdy mu veden\u00ed klubu vyj\u00e1d\u0159ilo spokojenost s jeho v\u00fdkony nab\u00eddkou nov\u00e9 t\u0159\u00edlet\u00e9 smlouvy. Tarkowski se rozmyslel &#8211; a o n\u011bkolik dn\u00ed pozd\u011bji p\u0159estoupil do tehdy t\u0159etiligov\u00e9ho Brentfordu, zde se krom\u011b pravideln\u00e9ho hran\u00ed v z\u00e1kladn\u00ed sestav\u011b ob\u010das dostal i k zahr\u00e1n\u00ed penalty, ale sp\u00ed\u0161e je neprom\u011b\u0148oval. Na konci sez\u00f3ny 2013-2014 postoupil s Brentfordem do druh\u00e9 ligy a i nad\u00e1le pat\u0159il k opor\u00e1m t\u00fdmu. Jeho v\u00fdkony nemohly uniknout jin\u00fdm klub\u016fm, a tak za\u010dalo b\u00fdt jasn\u00e9, \u017ee se brzy bude op\u011bt st\u011bhovat. V Lond\u00fdn\u011b vydr\u017eel dva roky, na\u010de\u017e podepsal smlouvu pr\u00e1v\u011b s Burnley.<\/p>\n<p>Zde se potkal se sv\u00fdm sou\u010dasn\u00fdm spoluhr\u00e1\u010dem Michaelem Keanem, p\u0159i\u010dem\u017e p\u016fl roku po p\u0159estupu postoupil s Burnley do nejvy\u0161\u0161\u00ed sout\u011b\u017ee. Zde tedy vydr\u017eel dosud, p\u0159i\u010dem\u017e definitivn\u011b ho do z\u00e1kladn\u00ed sestavy dostal a\u017e p\u0159estup Keana pr\u00e1v\u011b do Evertonu. Ob\u010das navl\u00e9kl kapit\u00e1nskou p\u00e1sku.<\/p>\n<p>Tarkowski bude nosit dres \u010d\u00edslo 2 a smlouvu podepsal na \u010dty\u0159i roky.<\/p>\n<p style=\"text-align: right;\"><span style=\"font-size: 8pt;\">(fotozdroj: evertonfc.com)<\/span><\/p>\n","protected":false},"excerpt":{"rendered":"<p>Everton posiluje st\u0159ed obrany. Pomoci zlep\u0161it ji p\u0159ich\u00e1z\u00ed stoper s polsk\u00fdmi ko\u0159eny.<\/p>\n","protected":false},"author":12,"featured_media":18979,"comment_status":"open","ping_status":"closed","sticky":false,"template":"","format":"standard","meta":{"_eb_attr":"","_monsterinsights_skip_tracking":false,"_monsterinsights_sitenote_active":false,"_monsterinsights_sitenote_note":"","_monsterinsights_sitenote_category":0,"footnotes":""},"categories":[41],"tags":[],"yoast_head":"<!-- This site is optimized with the Yoast SEO plugin v23.4 - https:\/\/yoast.com\/wordpress\/plugins\/seo\/ -->\n<title>Prvn\u00ed posilou je stoper Tarkowski - Official Czech &amp; Slovak Everton Supporters&#039; Club<\/title>\n<meta name=\"robots\" content=\"index, follow, max-snippet:-1, max-image-preview:large, max-video-preview:-1\" \/>\n<link rel=\"canonical\" href=\"https:\/\/evertonfc.cz\/index.php\/2022\/07\/02\/prvni-posilou-je-stoper-tarkowski\/\" \/>\n<meta property=\"og:locale\" content=\"cs_CZ\" \/>\n<meta property=\"og:type\" content=\"article\" \/>\n<meta property=\"og:title\" content=\"Prvn\u00ed posilou je stoper Tarkowski - Official Czech &amp; Slovak Everton Supporters&#039; Club\" \/>\n<meta property=\"og:description\" content=\"Everton posiluje st\u0159ed obrany. Pomoci zlep\u0161it ji p\u0159ich\u00e1z\u00ed stoper s polsk\u00fdmi ko\u0159eny.\" \/>\n<meta property=\"og:url\" content=\"https:\/\/evertonfc.cz\/index.php\/2022\/07\/02\/prvni-posilou-je-stoper-tarkowski\/\" \/>\n<meta property=\"og:site_name\" content=\"Official Czech &amp; Slovak Everton Supporters&#039; Club\" \/>\n<meta property=\"article:publisher\" content=\"https:\/\/www.facebook.com\/everton.fans.cz.sk\" \/>\n<meta property=\"article:published_time\" content=\"2022-07-02T19:31:03+00:00\" \/>\n<meta property=\"article:modified_time\" content=\"2022-07-03T15:49:34+00:00\" \/>\n<meta property=\"og:image\" content=\"https:\/\/evertonfc.cz\/wp-content\/uploads\/2022\/07\/Tarkowski-3-7-2022.jpg\" \/>\n\t<meta property=\"og:image:width\" content=\"720\" \/>\n\t<meta property=\"og:image:height\" content=\"405\" \/>\n\t<meta property=\"og:image:type\" content=\"image\/jpeg\" \/>\n<meta name=\"author\" content=\"Javor\" \/>\n<meta name=\"twitter:card\" content=\"summary_large_image\" \/>\n<meta name=\"twitter:creator\" content=\"@LoudinJan\" \/>\n<meta name=\"twitter:label1\" content=\"Napsal(a)\" \/>\n\t<meta name=\"twitter:data1\" content=\"Javor\" \/>\n\t<meta name=\"twitter:label2\" content=\"Odhadovan\u00e1 doba \u010dten\u00ed\" \/>\n\t<meta name=\"twitter:data2\" content=\"2 minuty\" \/>\n<script type=\"application\/ld+json\" class=\"yoast-schema-graph\">{\"@context\":\"https:\/\/schema.org\",\"@graph\":[{\"@type\":\"Article\",\"@id\":\"https:\/\/evertonfc.cz\/index.php\/2022\/07\/02\/prvni-posilou-je-stoper-tarkowski\/#article\",\"isPartOf\":{\"@id\":\"https:\/\/evertonfc.cz\/index.php\/2022\/07\/02\/prvni-posilou-je-stoper-tarkowski\/\"},\"author\":{\"name\":\"Javor\",\"@id\":\"https:\/\/evertonfc.cz\/#\/schema\/person\/b30daf6a5852f4811f8207a17ec1bf78\"},\"headline\":\"Prvn\u00ed posilou je stoper Tarkowski\",\"datePublished\":\"2022-07-02T19:31:03+00:00\",\"dateModified\":\"2022-07-03T15:49:34+00:00\",\"mainEntityOfPage\":{\"@id\":\"https:\/\/evertonfc.cz\/index.php\/2022\/07\/02\/prvni-posilou-je-stoper-tarkowski\/\"},\"wordCount\":320,\"commentCount\":6,\"publisher\":{\"@id\":\"https:\/\/evertonfc.cz\/#organization\"},\"image\":{\"@id\":\"https:\/\/evertonfc.cz\/index.php\/2022\/07\/02\/prvni-posilou-je-stoper-tarkowski\/#primaryimage\"},\"thumbnailUrl\":\"https:\/\/evertonfc.cz\/wp-content\/uploads\/2022\/07\/Tarkowski-3-7-2022.jpg\",\"articleSection\":[\"P\u0159estupy\"],\"inLanguage\":\"cs\",\"potentialAction\":[{\"@type\":\"CommentAction\",\"name\":\"Comment\",\"target\":[\"https:\/\/evertonfc.cz\/index.php\/2022\/07\/02\/prvni-posilou-je-stoper-tarkowski\/#respond\"]}]},{\"@type\":\"WebPage\",\"@id\":\"https:\/\/evertonfc.cz\/index.php\/2022\/07\/02\/prvni-posilou-je-stoper-tarkowski\/\",\"url\":\"https:\/\/evertonfc.cz\/index.php\/2022\/07\/02\/prvni-posilou-je-stoper-tarkowski\/\",\"name\":\"Prvn\u00ed posilou je stoper Tarkowski - Official Czech &amp; Slovak Everton Supporters&#039; Club\",\"isPartOf\":{\"@id\":\"https:\/\/evertonfc.cz\/#website\"},\"primaryImageOfPage\":{\"@id\":\"https:\/\/evertonfc.cz\/index.php\/2022\/07\/02\/prvni-posilou-je-stoper-tarkowski\/#primaryimage\"},\"image\":{\"@id\":\"https:\/\/evertonfc.cz\/index.php\/2022\/07\/02\/prvni-posilou-je-stoper-tarkowski\/#primaryimage\"},\"thumbnailUrl\":\"https:\/\/evertonfc.cz\/wp-content\/uploads\/2022\/07\/Tarkowski-3-7-2022.jpg\",\"datePublished\":\"2022-07-02T19:31:03+00:00\",\"dateModified\":\"2022-07-03T15:49:34+00:00\",\"breadcrumb\":{\"@id\":\"https:\/\/evertonfc.cz\/index.php\/2022\/07\/02\/prvni-posilou-je-stoper-tarkowski\/#breadcrumb\"},\"inLanguage\":\"cs\",\"potentialAction\":[{\"@type\":\"ReadAction\",\"target\":[\"https:\/\/evertonfc.cz\/index.php\/2022\/07\/02\/prvni-posilou-je-stoper-tarkowski\/\"]}]},{\"@type\":\"ImageObject\",\"inLanguage\":\"cs\",\"@id\":\"https:\/\/evertonfc.cz\/index.php\/2022\/07\/02\/prvni-posilou-je-stoper-tarkowski\/#primaryimage\",\"url\":\"https:\/\/evertonfc.cz\/wp-content\/uploads\/2022\/07\/Tarkowski-3-7-2022.jpg\",\"contentUrl\":\"https:\/\/evertonfc.cz\/wp-content\/uploads\/2022\/07\/Tarkowski-3-7-2022.jpg\",\"width\":720,\"height\":405},{\"@type\":\"BreadcrumbList\",\"@id\":\"https:\/\/evertonfc.cz\/index.php\/2022\/07\/02\/prvni-posilou-je-stoper-tarkowski\/#breadcrumb\",\"itemListElement\":[{\"@type\":\"ListItem\",\"position\":1,\"name\":\"Home\",\"item\":\"https:\/\/evertonfc.cz\/\"},{\"@type\":\"ListItem\",\"position\":2,\"name\":\"Prvn\u00ed posilou je stoper Tarkowski\"}]},{\"@type\":\"WebSite\",\"@id\":\"https:\/\/evertonfc.cz\/#website\",\"url\":\"https:\/\/evertonfc.cz\/\",\"name\":\"Official Czech &amp; Slovak Everton Supporters&#039; Club\",\"description\":\"\",\"publisher\":{\"@id\":\"https:\/\/evertonfc.cz\/#organization\"},\"potentialAction\":[{\"@type\":\"SearchAction\",\"target\":{\"@type\":\"EntryPoint\",\"urlTemplate\":\"https:\/\/evertonfc.cz\/?s={search_term_string}\"},\"query-input\":{\"@type\":\"PropertyValueSpecification\",\"valueRequired\":true,\"valueName\":\"search_term_string\"}}],\"inLanguage\":\"cs\"},{\"@type\":\"Organization\",\"@id\":\"https:\/\/evertonfc.cz\/#organization\",\"name\":\"Official Czech & Slovak Everton Supporters' Club\",\"url\":\"https:\/\/evertonfc.cz\/\",\"logo\":{\"@type\":\"ImageObject\",\"inLanguage\":\"cs\",\"@id\":\"https:\/\/evertonfc.cz\/#\/schema\/logo\/image\/\",\"url\":\"https:\/\/evertonfc.cz\/wp-content\/uploads\/2019\/05\/logo.png\",\"contentUrl\":\"https:\/\/evertonfc.cz\/wp-content\/uploads\/2019\/05\/logo.png\",\"width\":112,\"height\":112,\"caption\":\"Official Czech & Slovak Everton Supporters' Club\"},\"image\":{\"@id\":\"https:\/\/evertonfc.cz\/#\/schema\/logo\/image\/\"},\"sameAs\":[\"https:\/\/www.facebook.com\/everton.fans.cz.sk\"]},{\"@type\":\"Person\",\"@id\":\"https:\/\/evertonfc.cz\/#\/schema\/person\/b30daf6a5852f4811f8207a17ec1bf78\",\"name\":\"Javor\",\"sameAs\":[\"https:\/\/x.com\/LoudinJan\"],\"url\":\"https:\/\/evertonfc.cz\/index.php\/author\/javor\/\"}]}<\/script>\n<!-- \/ Yoast SEO plugin. -->","yoast_head_json":{"title":"Prvn\u00ed posilou je stoper Tarkowski - Official Czech &amp; Slovak Everton Supporters&#039; Club","robots":{"index":"index","follow":"follow","max-snippet":"max-snippet:-1","max-image-preview":"max-image-preview:large","max-video-preview":"max-video-preview:-1"},"canonical":"https:\/\/evertonfc.cz\/index.php\/2022\/07\/02\/prvni-posilou-je-stoper-tarkowski\/","og_locale":"cs_CZ","og_type":"article","og_title":"Prvn\u00ed posilou je stoper Tarkowski - Official Czech &amp; Slovak Everton Supporters&#039; Club","og_description":"Everton posiluje st\u0159ed obrany. Pomoci zlep\u0161it ji p\u0159ich\u00e1z\u00ed stoper s polsk\u00fdmi ko\u0159eny.","og_url":"https:\/\/evertonfc.cz\/index.php\/2022\/07\/02\/prvni-posilou-je-stoper-tarkowski\/","og_site_name":"Official Czech &amp; Slovak Everton Supporters&#039; Club","article_publisher":"https:\/\/www.facebook.com\/everton.fans.cz.sk","article_published_time":"2022-07-02T19:31:03+00:00","article_modified_time":"2022-07-03T15:49:34+00:00","og_image":[{"width":720,"height":405,"url":"https:\/\/evertonfc.cz\/wp-content\/uploads\/2022\/07\/Tarkowski-3-7-2022.jpg","type":"image\/jpeg"}],"author":"Javor","twitter_card":"summary_large_image","twitter_creator":"@LoudinJan","twitter_misc":{"Napsal(a)":"Javor","Odhadovan\u00e1 doba \u010dten\u00ed":"2 minuty"},"schema":{"@context":"https:\/\/schema.org","@graph":[{"@type":"Article","@id":"https:\/\/evertonfc.cz\/index.php\/2022\/07\/02\/prvni-posilou-je-stoper-tarkowski\/#article","isPartOf":{"@id":"https:\/\/evertonfc.cz\/index.php\/2022\/07\/02\/prvni-posilou-je-stoper-tarkowski\/"},"author":{"name":"Javor","@id":"https:\/\/evertonfc.cz\/#\/schema\/person\/b30daf6a5852f4811f8207a17ec1bf78"},"headline":"Prvn\u00ed posilou je stoper Tarkowski","datePublished":"2022-07-02T19:31:03+00:00","dateModified":"2022-07-03T15:49:34+00:00","mainEntityOfPage":{"@id":"https:\/\/evertonfc.cz\/index.php\/2022\/07\/02\/prvni-posilou-je-stoper-tarkowski\/"},"wordCount":320,"commentCount":6,"publisher":{"@id":"https:\/\/evertonfc.cz\/#organization"},"image":{"@id":"https:\/\/evertonfc.cz\/index.php\/2022\/07\/02\/prvni-posilou-je-stoper-tarkowski\/#primaryimage"},"thumbnailUrl":"https:\/\/evertonfc.cz\/wp-content\/uploads\/2022\/07\/Tarkowski-3-7-2022.jpg","articleSection":["P\u0159estupy"],"inLanguage":"cs","potentialAction":[{"@type":"CommentAction","name":"Comment","target":["https:\/\/evertonfc.cz\/index.php\/2022\/07\/02\/prvni-posilou-je-stoper-tarkowski\/#respond"]}]},{"@type":"WebPage","@id":"https:\/\/evertonfc.cz\/index.php\/2022\/07\/02\/prvni-posilou-je-stoper-tarkowski\/","url":"https:\/\/evertonfc.cz\/index.php\/2022\/07\/02\/prvni-posilou-je-stoper-tarkowski\/","name":"Prvn\u00ed posilou je stoper Tarkowski - Official Czech &amp; Slovak Everton Supporters&#039; Club","isPartOf":{"@id":"https:\/\/evertonfc.cz\/#website"},"primaryImageOfPage":{"@id":"https:\/\/evertonfc.cz\/index.php\/2022\/07\/02\/prvni-posilou-je-stoper-tarkowski\/#primaryimage"},"image":{"@id":"https:\/\/evertonfc.cz\/index.php\/2022\/07\/02\/prvni-posilou-je-stoper-tarkowski\/#primaryimage"},"thumbnailUrl":"https:\/\/evertonfc.cz\/wp-content\/uploads\/2022\/07\/Tarkowski-3-7-2022.jpg","datePublished":"2022-07-02T19:31:03+00:00","dateModified":"2022-07-03T15:49:34+00:00","breadcrumb":{"@id":"https:\/\/evertonfc.cz\/index.php\/2022\/07\/02\/prvni-posilou-je-stoper-tarkowski\/#breadcrumb"},"inLanguage":"cs","potentialAction":[{"@type":"ReadAction","target":["https:\/\/evertonfc.cz\/index.php\/2022\/07\/02\/prvni-posilou-je-stoper-tarkowski\/"]}]},{"@type":"ImageObject","inLanguage":"cs","@id":"https:\/\/evertonfc.cz\/index.php\/2022\/07\/02\/prvni-posilou-je-stoper-tarkowski\/#primaryimage","url":"https:\/\/evertonfc.cz\/wp-content\/uploads\/2022\/07\/Tarkowski-3-7-2022.jpg","contentUrl":"https:\/\/evertonfc.cz\/wp-content\/uploads\/2022\/07\/Tarkowski-3-7-2022.jpg","width":720,"height":405},{"@type":"BreadcrumbList","@id":"https:\/\/evertonfc.cz\/index.php\/2022\/07\/02\/prvni-posilou-je-stoper-tarkowski\/#breadcrumb","itemListElement":[{"@type":"ListItem","position":1,"name":"Home","item":"https:\/\/evertonfc.cz\/"},{"@type":"ListItem","position":2,"name":"Prvn\u00ed posilou je stoper Tarkowski"}]},{"@type":"WebSite","@id":"https:\/\/evertonfc.cz\/#website","url":"https:\/\/evertonfc.cz\/","name":"Official Czech &amp; Slovak Everton Supporters&#039; Club","description":"","publisher":{"@id":"https:\/\/evertonfc.cz\/#organization"},"potentialAction":[{"@type":"SearchAction","target":{"@type":"EntryPoint","urlTemplate":"https:\/\/evertonfc.cz\/?s={search_term_string}"},"query-input":{"@type":"PropertyValueSpecification","valueRequired":true,"valueName":"search_term_string"}}],"inLanguage":"cs"},{"@type":"Organization","@id":"https:\/\/evertonfc.cz\/#organization","name":"Official Czech & Slovak Everton Supporters' Club","url":"https:\/\/evertonfc.cz\/","logo":{"@type":"ImageObject","inLanguage":"cs","@id":"https:\/\/evertonfc.cz\/#\/schema\/logo\/image\/","url":"https:\/\/evertonfc.cz\/wp-content\/uploads\/2019\/05\/logo.png","contentUrl":"https:\/\/evertonfc.cz\/wp-content\/uploads\/2019\/05\/logo.png","width":112,"height":112,"caption":"Official Czech & Slovak Everton Supporters' Club"},"image":{"@id":"https:\/\/evertonfc.cz\/#\/schema\/logo\/image\/"},"sameAs":["https:\/\/www.facebook.com\/everton.fans.cz.sk"]},{"@type":"Person","@id":"https:\/\/evertonfc.cz\/#\/schema\/person\/b30daf6a5852f4811f8207a17ec1bf78","name":"Javor","sameAs":["https:\/\/x.com\/LoudinJan"],"url":"https:\/\/evertonfc.cz\/index.php\/author\/javor\/"}]}},"_links":{"self":[{"href":"https:\/\/evertonfc.cz\/index.php\/wp-json\/wp\/v2\/posts\/18977"}],"collection":[{"href":"https:\/\/evertonfc.cz\/index.php\/wp-json\/wp\/v2\/posts"}],"about":[{"href":"https:\/\/evertonfc.cz\/index.php\/wp-json\/wp\/v2\/types\/post"}],"author":[{"embeddable":true,"href":"https:\/\/evertonfc.cz\/index.php\/wp-json\/wp\/v2\/users\/12"}],"replies":[{"embeddable":true,"href":"https:\/\/evertonfc.cz\/index.php\/wp-json\/wp\/v2\/comments?post=18977"}],"version-history":[{"count":5,"href":"https:\/\/evertonfc.cz\/index.php\/wp-json\/wp\/v2\/posts\/18977\/revisions"}],"predecessor-version":[{"id":18989,"href":"https:\/\/evertonfc.cz\/index.php\/wp-json\/wp\/v2\/posts\/18977\/revisions\/18989"}],"wp:featuredmedia":[{"embeddable":true,"href":"https:\/\/evertonfc.cz\/index.php\/wp-json\/wp\/v2\/media\/18979"}],"wp:attachment":[{"href":"https:\/\/evertonfc.cz\/index.php\/wp-json\/wp\/v2\/media?parent=18977"}],"wp:term":[{"taxonomy":"category","embeddable":true,"href":"https:\/\/evertonfc.cz\/index.php\/wp-json\/wp\/v2\/categories?post=18977"},{"taxonomy":"post_tag","embeddable":true,"href":"https:\/\/evertonfc.cz\/index.php\/wp-json\/wp\/v2\/tags?post=18977"}],"curies":[{"name":"wp","href":"https:\/\/api.w.org\/{rel}","templated":true}]}}