{"id":18997,"date":"2022-07-05T18:50:15","date_gmt":"2022-07-05T16:50:15","guid":{"rendered":"https:\/\/evertonfc.cz\/?p=18997"},"modified":"2022-07-05T18:50:15","modified_gmt":"2022-07-05T16:50:15","slug":"odchadza-aj-duncan-ferguson","status":"publish","type":"post","link":"https:\/\/evertonfc.cz\/index.php\/2022\/07\/05\/odchadza-aj-duncan-ferguson\/","title":{"rendered":"Odch\u00e1dza aj Duncan Ferguson"},"content":{"rendered":"<h4>Everton v\u010dera na svojich str\u00e1nkach ozn\u00e1mil, \u017ee ikona klubu opustila svoju rolu asistenta mana\u017e\u00e9ra prv\u00e9ho t\u00edmu, aby sa mohla venova\u0165 vlastn\u00fdm mana\u017e\u00e9rskym amb\u00edci\u00e1m.<\/h4>\n<p>Ferguson je u\u017e v podstate klubov\u00e1 legenda. Kultov\u00fd hr\u00e1\u010d, ktor\u00fd ako zatia\u013e posledn\u00fd zdvihol nad hlavu trofej v drese Evertonu. FA Cup v sez\u00f3ne 1994\/95. Ur\u010dite aj pre svoj nekompromisn\u00fd agres\u00edvny \u0161t\u00fdl bol kapit\u00e1nom Karameliek pod troma r\u00f4znymi mana\u017e\u00e9rmi. Tento impozantn\u00fd \u00fato\u010dn\u00edk pri\u0161iel na Mersyside z Rangers v roku 1994 a r\u00fdchlo si z\u00edskal status hrdinu, ke\u010f svoj prv\u00fd g\u00f3le vsietil pri v\u00ed\u0165azstve v derby v Goodison Parku. Do siete \u00fahlavn\u00fdch rivalov dostal e\u0161te \u010fal\u0161ie tri k\u00fasky, a dvakr\u00e1t strelil v\u00ed\u0165azn\u00e9 g\u00f3ly proti Manchestru United.<\/p>\n<p>Celkovo si Duncan prip\u00edsal 73 g\u00f3lov v 273 z\u00e1pasoch v rozmedz\u00ed 10 rokov, rozdelen\u00fdch do dvoch obdob\u00ed. Po t\u00fdchto pam\u00e4tn\u00fdch hr\u00e1\u010dskych p\u00f4sobeniach v Goodison Parku ho uviedli roku 2011 do siene sl\u00e1vy ako Everton Giant (obor\/gigant &#8211; pozn. prekl.). V\u00a0tom istom roku, p\u00e4\u0165 rokov po konci akt\u00edvnej kari\u00e9ry sa vr\u00e1til, aby sa za\u010dlenil do klubov\u00fdch \u0161trukt\u00far \u010doby tr\u00e9ner v\u00a0akad\u00e9mii. V roku 2014 pracoval ako asistent mana\u017e\u00e9ra do 18 rokov a z\u00edskal tr\u00e9nersk\u00fa licenciu UEFA Pro. N\u00e1sledne bol Robertom Mart\u00ednezom pov\u00fd\u0161en\u00fd na rovnak\u00fa poz\u00edciu v prvom t\u00edme.<\/p>\n<p>\u0160k\u00f3t pod\u010diarkol svoj ikonick\u00fd status dvoma etapami, ke\u010f zast\u00e1val v EFC rolu do\u010dasn\u00e9ho mana\u017e\u00e9ra. Prv\u00e1 z nich nastala v decembri 2019. Ferguson vtedy hne\u010f dosiahol na svoje premi\u00e9rov\u00e9 v\u00ed\u0165azstvo nad Chelsea v bur\u00e1caj\u00facom Goodisone, a v \u010fal\u0161\u00edch z\u00e1pasoch proti Manchestru United a Arsenalu ostal neporazen\u00fd. V janu\u00e1ri tohto roka po vyhadzove Ben\u00edteza zaskakoval po druh\u00fd raz. V jedinom a dom\u00e1com z\u00e1pase v\u0161ak jeho zverenci nesta\u010dili Aston Ville 0:1. Aj na\u010falej v\u0161ak zostal in\u0161trument\u00e1lnou postavou tr\u00e9nersk\u00fdch \u0161t\u00e1bov nasleduj\u00facich mana\u017e\u00e9rov. Frank Lampard ho op\u00edsal ako <em>\u201elegendu Evertonu, ktor\u00fa re\u0161pektuj\u00fa hr\u00e1\u010di, klub, a aj fan\u00fa\u0161ikovia\u201c.<\/em><\/p>\n<h4><strong>Duncan Ferguson na rozl\u00fa\u010dku:<\/strong><\/h4>\n<blockquote><p><span style=\"font-size: 12pt;\"><em>\u201eBolo to pre m\u0148a ve\u013ek\u00e9 rozhodnutie. Je to neuverite\u013ene \u0165a\u017ek\u00e9, ale mus\u00edm sa posun\u00fa\u0165 \u010falej, urobi\u0165 \u010fal\u0161\u00ed krok v mojej kari\u00e9re a h\u013eada\u0165 nov\u00fa v\u00fdzvu. By\u0165 do\u010dasn\u00fdm mana\u017e\u00e9rom mi dodalo sebad\u00f4veru vst\u00fapi\u0165 do mana\u017ementu. <\/em><\/span><span style=\"font-size: 12pt;\"><em>Klub sa ku mne spr\u00e1val fantasticky. Podporovali ma po\u010das celej mojej cesty. M\u00e1te predsedu, ktor\u00fd ma podporoval ako hr\u00e1\u010da aj ako tr\u00e9nera. Bol ku mne \u00fa\u017easn\u00fd, preto by som mu chcel po\u010fakova\u0165. A potom s\u00fa tu \u013eudia ako na\u0161a gener\u00e1lna riadite\u013eka Denise [Barrett-Baxendale], ktor\u00e1 bola fantastick\u00e1. Je to skuto\u010dne starostliv\u00fd klub s nieko\u013ek\u00fdmi spr\u00e1vnymi \u013eu\u010fmi. S\u00fa to obrovsk\u00ed Evertonians.<\/em><\/span><\/p>\n<p><span style=\"font-size: 12pt;\"><em>A, samozrejme, potom tu m\u00e1me fan\u00fa\u0161ikov. Odkedy som v roku 94 pri\u0161iel, boli pre m\u0148a neuverite\u013en\u00ed. M\u00e1me siln\u00e9 puto. Vz\u0165ah, ktor\u00fd sme mali za tie roky, bol v\u00fdnimo\u010dn\u00fd. Vedia, ako ve\u013ea pre m\u0148a znamenaj\u00fa. V\u017edy ich budem milova\u0165. <\/em><\/span><span style=\"font-size: 12pt;\"><em>V minulej sez\u00f3ne to bolo \u0165a\u017ek\u00e9, ale tento klub sa rozhodne uber\u00e1 spr\u00e1vnym smerom. Je to fantastick\u00fd klub. T\u00edm je s Frankom ako mana\u017e\u00e9rom v dobr\u00fdch ruk\u00e1ch. Bol prvotriedny a chcel, aby som zostal. Franka si nem\u00f4\u017eem vynachv\u00e1li\u0165 . Je to skvel\u00fd mu\u017e a skvel\u00fd mlad\u00fd mana\u017e\u00e9r. Som si ist\u00fd, \u017ee v Evertone sa mu bude dari\u0165 ve\u013emi dobre.<\/em><\/span><\/p>\n<p><span style=\"font-size: 12pt;\"><em>Na obzore je aj nov\u00fd \u0161tadi\u00f3n, ktor\u00fd bude pre klub neskuto\u010dn\u00fd. Budem tam ako fan\u00fa\u0161ik. Moje deti maj\u00fa sez\u00f3nne permanentky a ja sa budem te\u0161i\u0165 na n\u00e1vrat.\u201c<\/em><\/span><\/p><\/blockquote>\n<p style=\"text-align: right;\"><span style=\"font-size: 8pt;\">(fotozdroj: grandoldteam.com)<\/span><\/p>\n","protected":false},"excerpt":{"rendered":"<p>Everton v\u010dera na svojich str\u00e1nkach ozn\u00e1mil, \u017ee ikona klubu opustila svoju rolu asistenta mana\u017e\u00e9ra prv\u00e9ho t\u00edmu, aby sa mohla venova\u0165 vlastn\u00fdm mana\u017e\u00e9rskym amb\u00edci\u00e1m.<\/p>\n","protected":false},"author":1,"featured_media":18998,"comment_status":"open","ping_status":"closed","sticky":false,"template":"","format":"standard","meta":{"_eb_attr":"","_monsterinsights_skip_tracking":false,"_monsterinsights_sitenote_active":false,"_monsterinsights_sitenote_note":"","_monsterinsights_sitenote_category":0,"footnotes":""},"categories":[42],"tags":[],"yoast_head":"<!-- This site is optimized with the Yoast SEO plugin v23.4 - https:\/\/yoast.com\/wordpress\/plugins\/seo\/ -->\n<title>Odch\u00e1dza aj Duncan Ferguson - Official Czech &amp; Slovak Everton Supporters&#039; Club<\/title>\n<meta name=\"robots\" content=\"index, follow, max-snippet:-1, max-image-preview:large, max-video-preview:-1\" \/>\n<link rel=\"canonical\" href=\"https:\/\/evertonfc.cz\/index.php\/2022\/07\/05\/odchadza-aj-duncan-ferguson\/\" \/>\n<meta property=\"og:locale\" content=\"cs_CZ\" \/>\n<meta property=\"og:type\" content=\"article\" \/>\n<meta property=\"og:title\" content=\"Odch\u00e1dza aj Duncan Ferguson - Official Czech &amp; Slovak Everton Supporters&#039; Club\" \/>\n<meta property=\"og:description\" content=\"Everton v\u010dera na svojich str\u00e1nkach ozn\u00e1mil, \u017ee ikona klubu opustila svoju rolu asistenta mana\u017e\u00e9ra prv\u00e9ho t\u00edmu, aby sa mohla venova\u0165 vlastn\u00fdm mana\u017e\u00e9rskym amb\u00edci\u00e1m.\" \/>\n<meta property=\"og:url\" content=\"https:\/\/evertonfc.cz\/index.php\/2022\/07\/05\/odchadza-aj-duncan-ferguson\/\" \/>\n<meta property=\"og:site_name\" content=\"Official Czech &amp; Slovak Everton Supporters&#039; Club\" \/>\n<meta property=\"article:publisher\" content=\"https:\/\/www.facebook.com\/everton.fans.cz.sk\" \/>\n<meta property=\"article:published_time\" content=\"2022-07-05T16:50:15+00:00\" \/>\n<meta property=\"og:image\" content=\"https:\/\/evertonfc.cz\/wp-content\/uploads\/2022\/07\/Duncan-Ferguson-by-grandoldteam.com-5-7-2022.jpeg\" \/>\n\t<meta property=\"og:image:width\" content=\"720\" \/>\n\t<meta property=\"og:image:height\" content=\"405\" \/>\n\t<meta property=\"og:image:type\" content=\"image\/jpeg\" \/>\n<meta name=\"author\" content=\"BlueBlooded\" \/>\n<meta name=\"twitter:card\" content=\"summary_large_image\" \/>\n<meta name=\"twitter:label1\" content=\"Napsal(a)\" \/>\n\t<meta name=\"twitter:data1\" content=\"BlueBlooded\" \/>\n\t<meta name=\"twitter:label2\" content=\"Odhadovan\u00e1 doba \u010dten\u00ed\" \/>\n\t<meta name=\"twitter:data2\" content=\"3 minuty\" \/>\n<script type=\"application\/ld+json\" class=\"yoast-schema-graph\">{\"@context\":\"https:\/\/schema.org\",\"@graph\":[{\"@type\":\"Article\",\"@id\":\"https:\/\/evertonfc.cz\/index.php\/2022\/07\/05\/odchadza-aj-duncan-ferguson\/#article\",\"isPartOf\":{\"@id\":\"https:\/\/evertonfc.cz\/index.php\/2022\/07\/05\/odchadza-aj-duncan-ferguson\/\"},\"author\":{\"name\":\"BlueBlooded\",\"@id\":\"https:\/\/evertonfc.cz\/#\/schema\/person\/d4493b8cbea51532597fbc4685698916\"},\"headline\":\"Odch\u00e1dza aj Duncan Ferguson\",\"datePublished\":\"2022-07-05T16:50:15+00:00\",\"dateModified\":\"2022-07-05T16:50:15+00:00\",\"mainEntityOfPage\":{\"@id\":\"https:\/\/evertonfc.cz\/index.php\/2022\/07\/05\/odchadza-aj-duncan-ferguson\/\"},\"wordCount\":652,\"commentCount\":2,\"publisher\":{\"@id\":\"https:\/\/evertonfc.cz\/#organization\"},\"image\":{\"@id\":\"https:\/\/evertonfc.cz\/index.php\/2022\/07\/05\/odchadza-aj-duncan-ferguson\/#primaryimage\"},\"thumbnailUrl\":\"https:\/\/evertonfc.cz\/wp-content\/uploads\/2022\/07\/Duncan-Ferguson-by-grandoldteam.com-5-7-2022.jpeg\",\"articleSection\":[\"Aktuality\"],\"inLanguage\":\"cs\",\"potentialAction\":[{\"@type\":\"CommentAction\",\"name\":\"Comment\",\"target\":[\"https:\/\/evertonfc.cz\/index.php\/2022\/07\/05\/odchadza-aj-duncan-ferguson\/#respond\"]}]},{\"@type\":\"WebPage\",\"@id\":\"https:\/\/evertonfc.cz\/index.php\/2022\/07\/05\/odchadza-aj-duncan-ferguson\/\",\"url\":\"https:\/\/evertonfc.cz\/index.php\/2022\/07\/05\/odchadza-aj-duncan-ferguson\/\",\"name\":\"Odch\u00e1dza aj Duncan Ferguson - Official Czech &amp; Slovak Everton Supporters&#039; Club\",\"isPartOf\":{\"@id\":\"https:\/\/evertonfc.cz\/#website\"},\"primaryImageOfPage\":{\"@id\":\"https:\/\/evertonfc.cz\/index.php\/2022\/07\/05\/odchadza-aj-duncan-ferguson\/#primaryimage\"},\"image\":{\"@id\":\"https:\/\/evertonfc.cz\/index.php\/2022\/07\/05\/odchadza-aj-duncan-ferguson\/#primaryimage\"},\"thumbnailUrl\":\"https:\/\/evertonfc.cz\/wp-content\/uploads\/2022\/07\/Duncan-Ferguson-by-grandoldteam.com-5-7-2022.jpeg\",\"datePublished\":\"2022-07-05T16:50:15+00:00\",\"dateModified\":\"2022-07-05T16:50:15+00:00\",\"breadcrumb\":{\"@id\":\"https:\/\/evertonfc.cz\/index.php\/2022\/07\/05\/odchadza-aj-duncan-ferguson\/#breadcrumb\"},\"inLanguage\":\"cs\",\"potentialAction\":[{\"@type\":\"ReadAction\",\"target\":[\"https:\/\/evertonfc.cz\/index.php\/2022\/07\/05\/odchadza-aj-duncan-ferguson\/\"]}]},{\"@type\":\"ImageObject\",\"inLanguage\":\"cs\",\"@id\":\"https:\/\/evertonfc.cz\/index.php\/2022\/07\/05\/odchadza-aj-duncan-ferguson\/#primaryimage\",\"url\":\"https:\/\/evertonfc.cz\/wp-content\/uploads\/2022\/07\/Duncan-Ferguson-by-grandoldteam.com-5-7-2022.jpeg\",\"contentUrl\":\"https:\/\/evertonfc.cz\/wp-content\/uploads\/2022\/07\/Duncan-Ferguson-by-grandoldteam.com-5-7-2022.jpeg\",\"width\":720,\"height\":405},{\"@type\":\"BreadcrumbList\",\"@id\":\"https:\/\/evertonfc.cz\/index.php\/2022\/07\/05\/odchadza-aj-duncan-ferguson\/#breadcrumb\",\"itemListElement\":[{\"@type\":\"ListItem\",\"position\":1,\"name\":\"Home\",\"item\":\"https:\/\/evertonfc.cz\/\"},{\"@type\":\"ListItem\",\"position\":2,\"name\":\"Odch\u00e1dza aj Duncan Ferguson\"}]},{\"@type\":\"WebSite\",\"@id\":\"https:\/\/evertonfc.cz\/#website\",\"url\":\"https:\/\/evertonfc.cz\/\",\"name\":\"Official Czech &amp; Slovak Everton Supporters&#039; Club\",\"description\":\"\",\"publisher\":{\"@id\":\"https:\/\/evertonfc.cz\/#organization\"},\"potentialAction\":[{\"@type\":\"SearchAction\",\"target\":{\"@type\":\"EntryPoint\",\"urlTemplate\":\"https:\/\/evertonfc.cz\/?s={search_term_string}\"},\"query-input\":{\"@type\":\"PropertyValueSpecification\",\"valueRequired\":true,\"valueName\":\"search_term_string\"}}],\"inLanguage\":\"cs\"},{\"@type\":\"Organization\",\"@id\":\"https:\/\/evertonfc.cz\/#organization\",\"name\":\"Official Czech & Slovak Everton Supporters' Club\",\"url\":\"https:\/\/evertonfc.cz\/\",\"logo\":{\"@type\":\"ImageObject\",\"inLanguage\":\"cs\",\"@id\":\"https:\/\/evertonfc.cz\/#\/schema\/logo\/image\/\",\"url\":\"https:\/\/evertonfc.cz\/wp-content\/uploads\/2019\/05\/logo.png\",\"contentUrl\":\"https:\/\/evertonfc.cz\/wp-content\/uploads\/2019\/05\/logo.png\",\"width\":112,\"height\":112,\"caption\":\"Official Czech & Slovak Everton Supporters' Club\"},\"image\":{\"@id\":\"https:\/\/evertonfc.cz\/#\/schema\/logo\/image\/\"},\"sameAs\":[\"https:\/\/www.facebook.com\/everton.fans.cz.sk\"]},{\"@type\":\"Person\",\"@id\":\"https:\/\/evertonfc.cz\/#\/schema\/person\/d4493b8cbea51532597fbc4685698916\",\"name\":\"BlueBlooded\",\"url\":\"https:\/\/evertonfc.cz\/index.php\/author\/admin\/\"}]}<\/script>\n<!-- \/ Yoast SEO plugin. -->","yoast_head_json":{"title":"Odch\u00e1dza aj Duncan Ferguson - Official Czech &amp; Slovak Everton Supporters&#039; Club","robots":{"index":"index","follow":"follow","max-snippet":"max-snippet:-1","max-image-preview":"max-image-preview:large","max-video-preview":"max-video-preview:-1"},"canonical":"https:\/\/evertonfc.cz\/index.php\/2022\/07\/05\/odchadza-aj-duncan-ferguson\/","og_locale":"cs_CZ","og_type":"article","og_title":"Odch\u00e1dza aj Duncan Ferguson - Official Czech &amp; Slovak Everton Supporters&#039; Club","og_description":"Everton v\u010dera na svojich str\u00e1nkach ozn\u00e1mil, \u017ee ikona klubu opustila svoju rolu asistenta mana\u017e\u00e9ra prv\u00e9ho t\u00edmu, aby sa mohla venova\u0165 vlastn\u00fdm mana\u017e\u00e9rskym amb\u00edci\u00e1m.","og_url":"https:\/\/evertonfc.cz\/index.php\/2022\/07\/05\/odchadza-aj-duncan-ferguson\/","og_site_name":"Official Czech &amp; Slovak Everton Supporters&#039; Club","article_publisher":"https:\/\/www.facebook.com\/everton.fans.cz.sk","article_published_time":"2022-07-05T16:50:15+00:00","og_image":[{"width":720,"height":405,"url":"https:\/\/evertonfc.cz\/wp-content\/uploads\/2022\/07\/Duncan-Ferguson-by-grandoldteam.com-5-7-2022.jpeg","type":"image\/jpeg"}],"author":"BlueBlooded","twitter_card":"summary_large_image","twitter_misc":{"Napsal(a)":"BlueBlooded","Odhadovan\u00e1 doba \u010dten\u00ed":"3 minuty"},"schema":{"@context":"https:\/\/schema.org","@graph":[{"@type":"Article","@id":"https:\/\/evertonfc.cz\/index.php\/2022\/07\/05\/odchadza-aj-duncan-ferguson\/#article","isPartOf":{"@id":"https:\/\/evertonfc.cz\/index.php\/2022\/07\/05\/odchadza-aj-duncan-ferguson\/"},"author":{"name":"BlueBlooded","@id":"https:\/\/evertonfc.cz\/#\/schema\/person\/d4493b8cbea51532597fbc4685698916"},"headline":"Odch\u00e1dza aj Duncan Ferguson","datePublished":"2022-07-05T16:50:15+00:00","dateModified":"2022-07-05T16:50:15+00:00","mainEntityOfPage":{"@id":"https:\/\/evertonfc.cz\/index.php\/2022\/07\/05\/odchadza-aj-duncan-ferguson\/"},"wordCount":652,"commentCount":2,"publisher":{"@id":"https:\/\/evertonfc.cz\/#organization"},"image":{"@id":"https:\/\/evertonfc.cz\/index.php\/2022\/07\/05\/odchadza-aj-duncan-ferguson\/#primaryimage"},"thumbnailUrl":"https:\/\/evertonfc.cz\/wp-content\/uploads\/2022\/07\/Duncan-Ferguson-by-grandoldteam.com-5-7-2022.jpeg","articleSection":["Aktuality"],"inLanguage":"cs","potentialAction":[{"@type":"CommentAction","name":"Comment","target":["https:\/\/evertonfc.cz\/index.php\/2022\/07\/05\/odchadza-aj-duncan-ferguson\/#respond"]}]},{"@type":"WebPage","@id":"https:\/\/evertonfc.cz\/index.php\/2022\/07\/05\/odchadza-aj-duncan-ferguson\/","url":"https:\/\/evertonfc.cz\/index.php\/2022\/07\/05\/odchadza-aj-duncan-ferguson\/","name":"Odch\u00e1dza aj Duncan Ferguson - Official Czech &amp; Slovak Everton Supporters&#039; Club","isPartOf":{"@id":"https:\/\/evertonfc.cz\/#website"},"primaryImageOfPage":{"@id":"https:\/\/evertonfc.cz\/index.php\/2022\/07\/05\/odchadza-aj-duncan-ferguson\/#primaryimage"},"image":{"@id":"https:\/\/evertonfc.cz\/index.php\/2022\/07\/05\/odchadza-aj-duncan-ferguson\/#primaryimage"},"thumbnailUrl":"https:\/\/evertonfc.cz\/wp-content\/uploads\/2022\/07\/Duncan-Ferguson-by-grandoldteam.com-5-7-2022.jpeg","datePublished":"2022-07-05T16:50:15+00:00","dateModified":"2022-07-05T16:50:15+00:00","breadcrumb":{"@id":"https:\/\/evertonfc.cz\/index.php\/2022\/07\/05\/odchadza-aj-duncan-ferguson\/#breadcrumb"},"inLanguage":"cs","potentialAction":[{"@type":"ReadAction","target":["https:\/\/evertonfc.cz\/index.php\/2022\/07\/05\/odchadza-aj-duncan-ferguson\/"]}]},{"@type":"ImageObject","inLanguage":"cs","@id":"https:\/\/evertonfc.cz\/index.php\/2022\/07\/05\/odchadza-aj-duncan-ferguson\/#primaryimage","url":"https:\/\/evertonfc.cz\/wp-content\/uploads\/2022\/07\/Duncan-Ferguson-by-grandoldteam.com-5-7-2022.jpeg","contentUrl":"https:\/\/evertonfc.cz\/wp-content\/uploads\/2022\/07\/Duncan-Ferguson-by-grandoldteam.com-5-7-2022.jpeg","width":720,"height":405},{"@type":"BreadcrumbList","@id":"https:\/\/evertonfc.cz\/index.php\/2022\/07\/05\/odchadza-aj-duncan-ferguson\/#breadcrumb","itemListElement":[{"@type":"ListItem","position":1,"name":"Home","item":"https:\/\/evertonfc.cz\/"},{"@type":"ListItem","position":2,"name":"Odch\u00e1dza aj Duncan Ferguson"}]},{"@type":"WebSite","@id":"https:\/\/evertonfc.cz\/#website","url":"https:\/\/evertonfc.cz\/","name":"Official Czech &amp; Slovak Everton Supporters&#039; Club","description":"","publisher":{"@id":"https:\/\/evertonfc.cz\/#organization"},"potentialAction":[{"@type":"SearchAction","target":{"@type":"EntryPoint","urlTemplate":"https:\/\/evertonfc.cz\/?s={search_term_string}"},"query-input":{"@type":"PropertyValueSpecification","valueRequired":true,"valueName":"search_term_string"}}],"inLanguage":"cs"},{"@type":"Organization","@id":"https:\/\/evertonfc.cz\/#organization","name":"Official Czech & Slovak Everton Supporters' Club","url":"https:\/\/evertonfc.cz\/","logo":{"@type":"ImageObject","inLanguage":"cs","@id":"https:\/\/evertonfc.cz\/#\/schema\/logo\/image\/","url":"https:\/\/evertonfc.cz\/wp-content\/uploads\/2019\/05\/logo.png","contentUrl":"https:\/\/evertonfc.cz\/wp-content\/uploads\/2019\/05\/logo.png","width":112,"height":112,"caption":"Official Czech & Slovak Everton Supporters' Club"},"image":{"@id":"https:\/\/evertonfc.cz\/#\/schema\/logo\/image\/"},"sameAs":["https:\/\/www.facebook.com\/everton.fans.cz.sk"]},{"@type":"Person","@id":"https:\/\/evertonfc.cz\/#\/schema\/person\/d4493b8cbea51532597fbc4685698916","name":"BlueBlooded","url":"https:\/\/evertonfc.cz\/index.php\/author\/admin\/"}]}},"_links":{"self":[{"href":"https:\/\/evertonfc.cz\/index.php\/wp-json\/wp\/v2\/posts\/18997"}],"collection":[{"href":"https:\/\/evertonfc.cz\/index.php\/wp-json\/wp\/v2\/posts"}],"about":[{"href":"https:\/\/evertonfc.cz\/index.php\/wp-json\/wp\/v2\/types\/post"}],"author":[{"embeddable":true,"href":"https:\/\/evertonfc.cz\/index.php\/wp-json\/wp\/v2\/users\/1"}],"replies":[{"embeddable":true,"href":"https:\/\/evertonfc.cz\/index.php\/wp-json\/wp\/v2\/comments?post=18997"}],"version-history":[{"count":6,"href":"https:\/\/evertonfc.cz\/index.php\/wp-json\/wp\/v2\/posts\/18997\/revisions"}],"predecessor-version":[{"id":19004,"href":"https:\/\/evertonfc.cz\/index.php\/wp-json\/wp\/v2\/posts\/18997\/revisions\/19004"}],"wp:featuredmedia":[{"embeddable":true,"href":"https:\/\/evertonfc.cz\/index.php\/wp-json\/wp\/v2\/media\/18998"}],"wp:attachment":[{"href":"https:\/\/evertonfc.cz\/index.php\/wp-json\/wp\/v2\/media?parent=18997"}],"wp:term":[{"taxonomy":"category","embeddable":true,"href":"https:\/\/evertonfc.cz\/index.php\/wp-json\/wp\/v2\/categories?post=18997"},{"taxonomy":"post_tag","embeddable":true,"href":"https:\/\/evertonfc.cz\/index.php\/wp-json\/wp\/v2\/tags?post=18997"}],"curies":[{"name":"wp","href":"https:\/\/api.w.org\/{rel}","templated":true}]}}