{"id":19016,"date":"2022-07-12T09:06:21","date_gmt":"2022-07-12T07:06:21","guid":{"rendered":"https:\/\/evertonfc.cz\/?p=19016"},"modified":"2023-06-18T15:00:43","modified_gmt":"2023-06-18T13:00:43","slug":"kopli-sme-si-na-turnaji-fanklubov","status":"publish","type":"post","link":"https:\/\/evertonfc.cz\/index.php\/2022\/07\/12\/kopli-sme-si-na-turnaji-fanklubov\/","title":{"rendered":"Kopli sme si na Turnaji fanklubov"},"content":{"rendered":"<h4>Druh\u00fd ro\u010dn\u00edk tejto skvelej my\u0161lienky prebehol \u00faspe\u0161ne aj za premi\u00e9rovej pr\u00edtomnosti na\u0161ej zvrchovanej deleg\u00e1cie, ktor\u00e1 splnila tohtosez\u00f3nny cie\u013e svojej Alma mater.<\/h4>\n<p>T\u00fdm nemohlo by\u0165 ni\u010d in\u00e9, ako z\u00e1chrana a vyvarovanie sa posledn\u00e9mu miestu. Poslu\u0161ne hl\u00e1sim, \u017ee to sa vyvolenej partii, zlo\u017eenej v\u00fdhradne z fan\u00fa\u0161ikov Karamelu podarilo, dokonca s n\u00e1skokom jedn\u00e9ho miesta. V konkurencii nakoniec len jeden\u00e1stich mu\u017estiev, ke\u010f\u017ee sa na posledn\u00fa chv\u00ed\u013eu ne\u010dakane odhl\u00e1sil fanklub Newcastlu United, sa n\u00e1m po\u0161\u0165astilo obsadi\u0165 kone\u010dn\u00fa deviatu prie\u010dku so ziskom troch bodov.<\/p>\n<p>A to za v\u00ed\u0165azstvo najtesnej\u0161\u00edm rozdielom 1:0 proti fan\u00fa\u0161ikom West Hamu United v na\u0161om \u0161tvrtom a predposlednom z\u00e1pase skupiny B. Postup zo skupinovej f\u00e1zy sa n\u00e1m teda nepodaril, ke\u010f post\u00fapili len prv\u00e9 \u0161tyri t\u00edmy. No matematick\u00e1 \u0161anca \u017eila a\u017e do posledn\u00e9ho kola, pred ktor\u00fdm akosi \u017eiadne mu\u017estvo nereagovalo na pozvania na pivo. Av\u0161ak to v\u0161etko v\u00e1m kolega Fip ni\u017e\u0161ie a podrobnej\u0161ie ozrejm\u00ed. Ako ste si u\u017e mohli v\u0161imn\u00fa\u0165, svoje cenn\u00e9 a trefn\u00e9 postrehy postupne pridaj\u00fa aj niektor\u00ed z\u00fa\u010dastnen\u00ed.<\/p>\n<h4><strong>Ako sme sa tam ocitli?<\/strong><\/h4>\n<p>Vr\u00e1\u0165me sa trochu sp\u00e4\u0165 v\u00a0\u010dase. V\u00a0hist\u00f3rii n\u00e1\u0161ho zdru\u017eenia fan\u00fa\u0161ikov, a\u00a0nesk\u00f4r aj ofici\u00e1lneho fanklubu sme sa u\u017e z\u00fa\u010dastnili na r\u00f4znych akci\u00e1ch podobn\u00e9ho typu. V\u00e4\u010d\u0161ina pam\u00e4tn\u00edkov spom\u00edna na zrazy fan\u00fa\u0161ikov anglick\u00e9ho futbalu. Tam sme okrem reprezentovania vlastn\u00fdch farieb ob\u010das aj sp\u00e1jali sily s\u00a0in\u00fdmi, menej po\u010detn\u00fdmi fanklubmi. Teraz to v\u0161ak nebolo potrebn\u00e9. Popularita nielen Premier League, \u010di Bundesligy st\u00e1le st\u00fapa, \u010do sa line\u00e1rne odr\u00e1\u017ea aj na po\u010dte fan\u00fa\u0161ikov, fanklubov a\u00a0ich aktivity. Everton nevyn\u00edmaj\u00fac.<\/p>\n<p>No a\u00a0v\u00a0janu\u00e1ri tohto roka n\u00e1m prist\u00e1la v\u00a0schr\u00e1nke na Facebooku spr\u00e1va s pozv\u00e1nkou od predsedu Schwarz-Gelbe Bienen, fanklubu Borussie Dortmund. Prv\u00e1 reakcia \u2013 nazbierame sa? Pre\u010do nie? Treba to rozhodne vysk\u00fa\u0161a\u0165, na ni\u010dom podobnom sme u\u017e dlho neboli. A\u00a0k\u00a0tomu pr\u00e1ve skon\u010den\u00e1(?) pand\u00e9mia koronav\u00edrusu, ktor\u00e1 n\u00e1s v\u0161etk\u00fdch na dva roky nechala izolovan\u00fdch od be\u017en\u00fdch radost\u00ed norm\u00e1lneho \u017eivota.<\/p>\n<p style=\"text-align: center;\"><em><strong>Javor:<\/strong><\/em><\/p>\n<blockquote><p><span style=\"font-size: 12pt;\"><em>&#8222;Kdy\u017e jsem se o nab\u00eddce hran\u00ed na turnaji dov\u011bd\u011bl, tak jsem s \u00fa\u010dast\u00ed nev\u00e1hal ani sekundu. Na n\u011bkolika fanou\u0161kovsk\u00fdch turnaj\u00edch jsem ji\u017e byl a v\u017edy to byla fajn akce. Po bezpe\u010dn\u00e9m dopraven\u00ed se do kempu Smra\u010favka (d\u00edky, Ri\u010di) n\u00e1sledoval pokec se zn\u00e1m\u00fdmi fandy West Hamu. Nicm\u00e9n\u011b &#8211; \u017e\u00e1dn\u00e9 op\u00edjen\u00ed, hrajeme od dev\u00edti hned prvn\u00ed utk\u00e1n\u00ed. <\/em><\/span><span style=\"font-size: 12pt;\"><em>V\u00fdsledky a v\u00fdkony ve skupin\u011b odpov\u00eddaly na\u0161im ambic\u00edm, \u0161li jsme si prim\u00e1rn\u011b zahr\u00e1t a v ma\u010di proti Hammers uh\u00e1jili p\u00e1t\u00e9 m\u00edsto ve skupin\u011b. N\u00e1sledn\u011b prob\u00edhalo ko\u0161tov\u00e1n\u00ed tamn\u00edch piv, pokec nad klob\u00e1sami a podobn\u00e9 v\u011bci. Turnaj byl velmi dob\u0159e zorganizov\u00e1n, \u010dlov\u011bk se pou\u010dil o tom, jak se na takovou br\u00e1nu m\u00e1 kopat penalta a r\u00e1d se dal\u0161\u00edho ro\u010dn\u00edku z\u00fa\u010dastn\u00edm, pokud n\u00e1\u0161 fanklub dostane nab\u00eddku.&#8220;<\/em><\/span><\/p><\/blockquote>\n<p>Po prvotnom posmelen\u00ed z reakcii hardcore jadra bola v\u00fdzva zverejnen\u00e1 na webe, a prakticky hne\u010f sme sa dostali k potrebn\u00e9mu po\u010dtu hr\u00e1\u010dov na turnaj, \u010do bolo sedem plus brank\u00e1r. Ten sa dr\u017eal a\u017e do j\u00fana, kedy som ja osobne za\u010dal trochu panik\u00e1ri\u0165, \u017ee n\u00e1m to nebude sta\u010di\u0165. Tak\u017ee v\u00fdzva putovala aj na soci\u00e1lnu sie\u0165. Tam na\u0161e po\u010dty doplnilo \u010fal\u0161\u00edch p\u00e1r modr\u00fdch. Kone\u010dn\u00e9 \u010d\u00edslo predstavovalo jeden\u00e1s\u0165 stato\u010dn\u00fdch. A okrem nich aj n\u00e1\u0161 medi\u00e1lny t\u00edm.<\/p>\n<p><img loading=\"lazy\" decoding=\"async\" class=\"alignnone size-full wp-image-19043\" src=\"https:\/\/evertonfc.cz\/wp-content\/uploads\/2022\/07\/Turnaj-fanklubov-2.jpg\" alt=\"\" width=\"720\" height=\"405\" srcset=\"https:\/\/evertonfc.cz\/wp-content\/uploads\/2022\/07\/Turnaj-fanklubov-2.jpg 720w, https:\/\/evertonfc.cz\/wp-content\/uploads\/2022\/07\/Turnaj-fanklubov-2-300x169.jpg 300w\" sizes=\"(max-width: 720px) 100vw, 720px\" \/><\/p>\n<p style=\"text-align: center;\"><strong><em>Martin:<\/em><\/strong><\/p>\n<blockquote><p><span style=\"font-size: 12pt;\"><em>\u201eZ m\u00e9ho \u00fahlu pohledu p\u0159edvedli organiz\u00e1to\u0159i turnaje skv\u011blou pr\u00e1ci nejen v\u00a0tom, \u017ee se hr\u00e1lo v\u010das celou dobu, p\u0159ipravili i velmi p\u0159\u00edjemn\u00e9 prost\u0159ed\u00ed s v\u00fdborn\u00fdm ob\u010derstven\u00edm. T\u00edmto vytvo\u0159ili skv\u011bl\u00e9 prost\u0159ed\u00ed pro fans. Bylo mi cti se \u00fa\u010dastnit, a douf\u00e1m \u017ee op\u011bt nejpozd\u011bji za rok znovu.\u201c<\/em><\/span><\/p><\/blockquote>\n<hr \/>\n<h4><strong>Cesta tam, prvn\u00ed ve\u010der<\/strong><\/h4>\n<p>17:00, Praha Let\u0148any. Na smluven\u00e9 m\u00edsto pre\u017esk\u00e9 sekce (a okol\u00ed) jsem dorazil z Hradce s velk\u00fdm p\u0159edstihem. Jsem trochu zasko\u010den, metro kon\u010d\u00ed doslova v poli. Za chv\u00edli vid\u00edm Karamelu, za p\u00e1r minutek se p\u0159ipoj\u00ed Javor a najednou sed\u00edme v Ri\u010diho voze a prosek\u00e1v\u00e1me se zacpanou D1. Na Vyso\u010din\u011b n\u00e1s zastihne takov\u00e1 pr\u016ftr\u017e mra\u010den, \u017ee doprava t\u00e9m\u011b\u0159 zastavuje. P\u0159em\u00edt\u00e1me, zda se turnaj uskute\u010dn\u00ed a kolik centimetr\u016f vody na m\u00edst\u011b bude.<\/p>\n<p style=\"text-align: center;\"><strong><em>Karamela:<\/em><\/strong><\/p>\n<blockquote><p><span style=\"font-size: 12pt;\"><em>\u201eJe \u0161koda, \u017ee v Ri\u010diho Fabii nebyli cestou na turnaj i Farhad s Frankem. Dostali by tolik kvalitn\u00edch doporu\u010den\u00ed a kvalifikovan\u00fdch rad, \u017ee by \u0159ada p\u0159\u00ed\u0161t\u00edch sez\u00f3n byla v suchu. Slovensk\u00e1 sekce fanklubu dorazila na m\u00edsto o n\u011bco d\u0159\u00edve a pot\u00e9, co doplnila kalorie sp\u00e1len\u00e9 cestou jsme mohli v odborn\u00e9 debat\u011b pokra\u010dovat u\u017e spole\u010dn\u011b. Z\u00edskal jsem dojem, \u017ee dres s Keanem pravd\u011bpodobn\u011b v na\u0161em fanklubu jen tak nepotk\u00e1te.\u00a0 Hodnocen\u00ed fotbalov\u00e9 str\u00e1nky turnaje nech\u00e1m povolan\u011bj\u0161\u00edm. Za div\u00e1ky mohu \u0159\u00edci, \u017ee jsme s p\u0159edvedenou hrou byli spokojeni. Jen kone\u010dn\u00e1 sk\u00f3re z\u00e1pas\u016f k n\u00e1m snad\u00a0 n\u011bkdy byla a\u017e moc nemilosrdn\u00e1. Prob\u011bhlo i Merseyside derby. Jeho p\u0159\u00edslove\u010dnou\u00a0 tvrdost\u00a0 zajistil Javor a ani v\u00fdsledkov\u011b jsme v derby nevybo\u010dili z obvykl\u00e9 normy posledn\u00edch let (naru\u0161en\u00e9 jen Carlem).\u201c<\/em><\/span><\/p><\/blockquote>\n<p>Ve Smra\u010favce jsme prvn\u00ed. Bratislav\u010dania se zasekli v restauraci, odkud je ob\u011btav\u011b vyt\u00e1hne Ri\u010di. Ubytujeme se v chatce, Karamela stav\u00ed stan. Zjevuje se n\u00e1m i DuchAbum. Poctiv\u011b si d\u00e1me jen dv\u011b pivka. Sed\u00edme u stolu s \u201eKladiv\u00e1\u0159i\u201c, t\u011b\u017eko lov\u00edm p\u0159edhozen\u00e9 vzpom\u00ednky. Od posledn\u00edho turnaje PL.cz je to u\u017e hodn\u011b dlouho.<\/p>\n\n\t\t<style type=\"text\/css\">\n\t\t\t#gallery-1 {\n\t\t\t\tmargin: auto;\n\t\t\t}\n\t\t\t#gallery-1 .gallery-item {\n\t\t\t\tfloat: left;\n\t\t\t\tmargin-top: 10px;\n\t\t\t\ttext-align: center;\n\t\t\t\twidth: 50%;\n\t\t\t}\n\t\t\t#gallery-1 img {\n\t\t\t\tborder: 2px solid #cfcfcf;\n\t\t\t}\n\t\t\t#gallery-1 .gallery-caption {\n\t\t\t\tmargin-left: 0;\n\t\t\t}\n\t\t\t\/* see gallery_shortcode() in wp-includes\/media.php *\/\n\t\t<\/style>\n\t\t<div id='gallery-1' class='gallery galleryid-19016 gallery-columns-2 gallery-size-full'><dl class='gallery-item'>\n\t\t\t<dt class='gallery-icon landscape'>\n\t\t\t\t<a href='https:\/\/evertonfc.cz\/wp-content\/uploads\/2022\/07\/Turnaj-fanklubov-21.jpg'><img loading=\"lazy\" decoding=\"async\" width=\"720\" height=\"405\" src=\"https:\/\/evertonfc.cz\/wp-content\/uploads\/2022\/07\/Turnaj-fanklubov-21.jpg\" class=\"attachment-full size-full\" alt=\"\" aria-describedby=\"gallery-1-19066\" srcset=\"https:\/\/evertonfc.cz\/wp-content\/uploads\/2022\/07\/Turnaj-fanklubov-21.jpg 720w, https:\/\/evertonfc.cz\/wp-content\/uploads\/2022\/07\/Turnaj-fanklubov-21-300x169.jpg 300w\" sizes=\"(max-width: 720px) 100vw, 720px\" \/><\/a>\n\t\t\t<\/dt>\n\t\t\t\t<dd class='wp-caption-text gallery-caption' id='gallery-1-19066'>\n\t\t\t\t\u0160\u0165astn\u00e9 o\u010dak\u00e1vanie prv\u00e9ho z\u00e1pasu.\n\t\t\t\t<\/dd><\/dl><dl class='gallery-item'>\n\t\t\t<dt class='gallery-icon landscape'>\n\t\t\t\t<a href='https:\/\/evertonfc.cz\/wp-content\/uploads\/2022\/07\/Turnaj-fanklubov-24.jpg'><img loading=\"lazy\" decoding=\"async\" width=\"720\" height=\"405\" src=\"https:\/\/evertonfc.cz\/wp-content\/uploads\/2022\/07\/Turnaj-fanklubov-24.jpg\" class=\"attachment-full size-full\" alt=\"\" aria-describedby=\"gallery-1-19070\" srcset=\"https:\/\/evertonfc.cz\/wp-content\/uploads\/2022\/07\/Turnaj-fanklubov-24.jpg 720w, https:\/\/evertonfc.cz\/wp-content\/uploads\/2022\/07\/Turnaj-fanklubov-24-300x169.jpg 300w\" sizes=\"(max-width: 720px) 100vw, 720px\" \/><\/a>\n\t\t\t<\/dt>\n\t\t\t\t<dd class='wp-caption-text gallery-caption' id='gallery-1-19070'>\n\t\t\t\tMachrovanie na rozvi\u010dke.\n\t\t\t\t<\/dd><\/dl><br style=\"clear: both\" \/><dl class='gallery-item'>\n\t\t\t<dt class='gallery-icon landscape'>\n\t\t\t\t<a href='https:\/\/evertonfc.cz\/wp-content\/uploads\/2022\/07\/Turnaj-fanklubov-5.jpg'><img loading=\"lazy\" decoding=\"async\" width=\"720\" height=\"405\" src=\"https:\/\/evertonfc.cz\/wp-content\/uploads\/2022\/07\/Turnaj-fanklubov-5.jpg\" class=\"attachment-full size-full\" alt=\"\" aria-describedby=\"gallery-1-19046\" srcset=\"https:\/\/evertonfc.cz\/wp-content\/uploads\/2022\/07\/Turnaj-fanklubov-5.jpg 720w, https:\/\/evertonfc.cz\/wp-content\/uploads\/2022\/07\/Turnaj-fanklubov-5-300x169.jpg 300w\" sizes=\"(max-width: 720px) 100vw, 720px\" \/><\/a>\n\t\t\t<\/dt>\n\t\t\t\t<dd class='wp-caption-text gallery-caption' id='gallery-1-19046'>\n\t\t\t\tDlh\u00e9 n\u00e1kopy frustrovali (aj) s\u00fapera.\n\t\t\t\t<\/dd><\/dl><dl class='gallery-item'>\n\t\t\t<dt class='gallery-icon landscape'>\n\t\t\t\t<a href='https:\/\/evertonfc.cz\/wp-content\/uploads\/2022\/07\/Turnaj-fanklubov-8.jpg'><img loading=\"lazy\" decoding=\"async\" width=\"720\" height=\"405\" src=\"https:\/\/evertonfc.cz\/wp-content\/uploads\/2022\/07\/Turnaj-fanklubov-8.jpg\" class=\"attachment-full size-full\" alt=\"\" aria-describedby=\"gallery-1-19049\" srcset=\"https:\/\/evertonfc.cz\/wp-content\/uploads\/2022\/07\/Turnaj-fanklubov-8.jpg 720w, https:\/\/evertonfc.cz\/wp-content\/uploads\/2022\/07\/Turnaj-fanklubov-8-300x169.jpg 300w\" sizes=\"(max-width: 720px) 100vw, 720px\" \/><\/a>\n\t\t\t<\/dt>\n\t\t\t\t<dd class='wp-caption-text gallery-caption' id='gallery-1-19049'>\n\t\t\t\tStriedanie sa \u010dasto nestretlo s pochopen\u00edm.\n\t\t\t\t<\/dd><\/dl><br style=\"clear: both\" \/>\n\t\t<\/div>\n\n<p>R\u00e1no vst\u00e1v\u00e1me brzo. Skoro se zd\u00e1, \u017ee nocle\u017en\u00edci z p\u0159\u00edzem\u00ed toho moc nenaspali. Tax\u00edkem p\u0159es hory a doly m\u00ed\u0159\u00edme na m\u00edstn\u00ed h\u0159i\u0161t\u011b. Hned se dostavuje \u00fasp\u011bch, vyjma po\u0159adatel\u016f jsme prvn\u00ed! Postupn\u011b se objevuj\u00ed dal\u0161\u00ed t\u00fdmy a co je nejd\u016fle\u017eit\u011bj\u0161\u00ed, na\u0161i spoluhr\u00e1\u010di. Vinou pomluv o m\u00fdch dovednostech a snad i trochou vlastn\u00ed neschopnosti tyto pomluvy dostate\u010dn\u011b a v\u010das vyvr\u00e1tit jsem nominov\u00e1n na pozici st\u0159edn\u00edho obr\u00e1nce. Je sucho a bude horko, h\u0159i\u0161t\u011b je v dobr\u00e9m stavu, tou\u017eebn\u011b vyhl\u00ed\u017e\u00edm slibovan\u00e9 lou\u017ee.<\/p>\n<h4><strong>Lehce na cvi\u010di\u0161ti, t\u011b\u017eko na boji\u0161ti<\/strong><\/h4>\n<p>Zahajujeme s Gunners a u\u017e z rozcvi\u010den\u00ed jde z nich respekt. Sice se z\u00e1hy dost\u00e1v\u00e1me do veden\u00ed, ale na\u0161e obrana, na \u010dele s labiln\u00edm Mickey Keanem alias mnou se a\u017e p\u0159\u00edli\u0161 \u010dasto m\u011bn\u00ed v p\u0159\u00edslove\u010dn\u00e9 m\u00e1slo, kter\u00e9 soupe\u0159ova k\u0159\u00eddla kuchaj\u00ed na ka\u0161i. P\u0159i jednom z pokus\u016f o kontr neprom\u011bn\u00edm Tomovu ide\u00e1ln\u00ed p\u0159ihr\u00e1vku p\u0159ed branku. R\u00e1d bych dal do z\u00e1pisu, \u017ee mn\u011b p\u0159i tom \u0161kubne v hamstringu, ale na v\u00fdmluvy je u\u017e pozd\u011b. V\u00fdsledek kop\u00edruje sk\u00f3re z kv\u011btnov\u00e9ho Emirates \u2013 5:1.<\/p>\n<p style=\"text-align: center;\"><strong><em>spidour:<\/em><\/strong><\/p>\n<blockquote><p><span style=\"font-size: 12pt;\"><em>\u201eTurnaj m\u011b p\u0159ekvapil sv\u00fdm pojet\u00edm. Bylo vid\u011bt, \u017ee v\u011bt\u0161ina t\u00fdm\u016f se poskl\u00e1dala tak, aby m\u011bli \u0161anci jej vyhr\u00e1t, nikoliv se jet z\u016f\u010dastnit. I zde se uk\u00e1zalo, \u017ee Toffees to maj\u00ed se sv\u00fdm p\u0159\u00edstupem jinak, jsme The People&#8217;s Club, \u017e\u00e1dn\u00fd The Trophy Greeding Club, tj. na\u0161e sestava byla slo\u017eena skute\u010dn\u011b z fanou\u0161k\u016f t\u00fdmu a nepom\u00e1hali jsme t\u00edm nejlep\u0161\u00edm z na\u0161\u00ed vesnice. <\/em><\/span><span style=\"font-size: 12pt;\"><em>I p\u0159es to se ukazuje, \u017ee v j\u00e1dru i ten fotbal by \u0161el hr\u00e1t a v\u00fdsledky by se dostavily, pokud bychom v za\u010d\u00e1tku turnaje nedopl\u00e1celi zejm\u00e9na na neorganizovanost a n\u011bjakou tu individu\u00e1ln\u00ed chybu (komu se to na ciz\u00edch h\u0159i\u0161t\u00edch nest\u00e1v\u00e1, \u017ee?). <\/em><\/span><span style=\"font-size: 12pt;\"><em>M\u00edt \u0161anci si spolu kopnout pravideln\u011b, v\u011b\u0159\u00edm, \u017ee na postup to bylo, nejen LFC byli hrateln\u00ed. <\/em><\/span><span style=\"font-size: 12pt;\"><em>Jsem r\u00e1d, \u017ee jsem poznal spoustu nov\u00fdch tv\u00e1\u0159\u00ed z na\u0161\u00ed komunity, \u0161koda, \u017ee mi zdravotn\u00ed stav nedovoloval v\u011bt\u0161\u00ed podporu na h\u0159i\u0161ti. Nicm\u00e9n\u011b mus\u00edm p\u0159iznat, \u017ee m\u016fj Begovic to odchytal l\u00e9pe, ne\u017e bych to odchytal j\u00e1. Za rok znovu!\u201c<\/em><\/span><\/p><\/blockquote>\n\n\t\t<style type=\"text\/css\">\n\t\t\t#gallery-2 {\n\t\t\t\tmargin: auto;\n\t\t\t}\n\t\t\t#gallery-2 .gallery-item {\n\t\t\t\tfloat: left;\n\t\t\t\tmargin-top: 10px;\n\t\t\t\ttext-align: center;\n\t\t\t\twidth: 50%;\n\t\t\t}\n\t\t\t#gallery-2 img {\n\t\t\t\tborder: 2px solid #cfcfcf;\n\t\t\t}\n\t\t\t#gallery-2 .gallery-caption {\n\t\t\t\tmargin-left: 0;\n\t\t\t}\n\t\t\t\/* see gallery_shortcode() in wp-includes\/media.php *\/\n\t\t<\/style>\n\t\t<div id='gallery-2' class='gallery galleryid-19016 gallery-columns-2 gallery-size-full'><dl class='gallery-item'>\n\t\t\t<dt class='gallery-icon landscape'>\n\t\t\t\t<a href='https:\/\/evertonfc.cz\/wp-content\/uploads\/2022\/07\/Turnaj-fanklubov-1.jpg'><img loading=\"lazy\" decoding=\"async\" width=\"720\" height=\"405\" src=\"https:\/\/evertonfc.cz\/wp-content\/uploads\/2022\/07\/Turnaj-fanklubov-1.jpg\" class=\"attachment-full size-full\" alt=\"\" aria-describedby=\"gallery-2-19042\" srcset=\"https:\/\/evertonfc.cz\/wp-content\/uploads\/2022\/07\/Turnaj-fanklubov-1.jpg 720w, https:\/\/evertonfc.cz\/wp-content\/uploads\/2022\/07\/Turnaj-fanklubov-1-300x169.jpg 300w\" sizes=\"(max-width: 720px) 100vw, 720px\" \/><\/a>\n\t\t\t<\/dt>\n\t\t\t\t<dd class='wp-caption-text gallery-caption' id='gallery-2-19042'>\n\t\t\t\tNedokonal\u00e1 form\u00e1cia 3+1.\n\t\t\t\t<\/dd><\/dl><dl class='gallery-item'>\n\t\t\t<dt class='gallery-icon landscape'>\n\t\t\t\t<a href='https:\/\/evertonfc.cz\/wp-content\/uploads\/2022\/07\/Turnaj-fanklubov-9.jpg'><img loading=\"lazy\" decoding=\"async\" width=\"720\" height=\"405\" src=\"https:\/\/evertonfc.cz\/wp-content\/uploads\/2022\/07\/Turnaj-fanklubov-9.jpg\" class=\"attachment-full size-full\" alt=\"\" aria-describedby=\"gallery-2-19050\" srcset=\"https:\/\/evertonfc.cz\/wp-content\/uploads\/2022\/07\/Turnaj-fanklubov-9.jpg 720w, https:\/\/evertonfc.cz\/wp-content\/uploads\/2022\/07\/Turnaj-fanklubov-9-300x169.jpg 300w\" sizes=\"(max-width: 720px) 100vw, 720px\" \/><\/a>\n\t\t\t<\/dt>\n\t\t\t\t<dd class='wp-caption-text gallery-caption' id='gallery-2-19050'>\n\t\t\t\tPlayer&#8217;s player of the tournament.\n\t\t\t\t<\/dd><\/dl><br style=\"clear: both\" \/><dl class='gallery-item'>\n\t\t\t<dt class='gallery-icon landscape'>\n\t\t\t\t<a href='https:\/\/evertonfc.cz\/wp-content\/uploads\/2022\/07\/Turnaj-fanklubov-22.jpg'><img loading=\"lazy\" decoding=\"async\" width=\"720\" height=\"405\" src=\"https:\/\/evertonfc.cz\/wp-content\/uploads\/2022\/07\/Turnaj-fanklubov-22.jpg\" class=\"attachment-full size-full\" alt=\"\" aria-describedby=\"gallery-2-19067\" srcset=\"https:\/\/evertonfc.cz\/wp-content\/uploads\/2022\/07\/Turnaj-fanklubov-22.jpg 720w, https:\/\/evertonfc.cz\/wp-content\/uploads\/2022\/07\/Turnaj-fanklubov-22-300x169.jpg 300w\" sizes=\"(max-width: 720px) 100vw, 720px\" \/><\/a>\n\t\t\t<\/dt>\n\t\t\t\t<dd class='wp-caption-text gallery-caption' id='gallery-2-19067'>\n\t\t\t\tMrhanie \u010dasu na zl\u00e9 v\u00fdkony. \n\t\t\t\t<\/dd><\/dl><dl class='gallery-item'>\n\t\t\t<dt class='gallery-icon landscape'>\n\t\t\t\t<a href='https:\/\/evertonfc.cz\/wp-content\/uploads\/2022\/07\/Turnaj-fanklubov-18.jpg'><img loading=\"lazy\" decoding=\"async\" width=\"720\" height=\"405\" src=\"https:\/\/evertonfc.cz\/wp-content\/uploads\/2022\/07\/Turnaj-fanklubov-18.jpg\" class=\"attachment-full size-full\" alt=\"\" aria-describedby=\"gallery-2-19063\" srcset=\"https:\/\/evertonfc.cz\/wp-content\/uploads\/2022\/07\/Turnaj-fanklubov-18.jpg 720w, https:\/\/evertonfc.cz\/wp-content\/uploads\/2022\/07\/Turnaj-fanklubov-18-300x169.jpg 300w\" sizes=\"(max-width: 720px) 100vw, 720px\" \/><\/a>\n\t\t\t<\/dt>\n\t\t\t\t<dd class='wp-caption-text gallery-caption' id='gallery-2-19063'>\n\t\t\t\tPoctiv\u00e9 kilometre.\n\t\t\t\t<\/dd><\/dl><br style=\"clear: both\" \/><dl class='gallery-item'>\n\t\t\t<dt class='gallery-icon landscape'>\n\t\t\t\t<a href='https:\/\/evertonfc.cz\/wp-content\/uploads\/2022\/07\/Turnaj-fanklubov-27.jpg'><img loading=\"lazy\" decoding=\"async\" width=\"720\" height=\"405\" src=\"https:\/\/evertonfc.cz\/wp-content\/uploads\/2022\/07\/Turnaj-fanklubov-27.jpg\" class=\"attachment-full size-full\" alt=\"\" aria-describedby=\"gallery-2-19088\" srcset=\"https:\/\/evertonfc.cz\/wp-content\/uploads\/2022\/07\/Turnaj-fanklubov-27.jpg 720w, https:\/\/evertonfc.cz\/wp-content\/uploads\/2022\/07\/Turnaj-fanklubov-27-300x169.jpg 300w\" sizes=\"(max-width: 720px) 100vw, 720px\" \/><\/a>\n\t\t\t<\/dt>\n\t\t\t\t<dd class='wp-caption-text gallery-caption' id='gallery-2-19088'>\n\t\t\t\tPrv\u00fd g\u00f3l turnaja.\n\t\t\t\t<\/dd><\/dl><dl class='gallery-item'>\n\t\t\t<dt class='gallery-icon landscape'>\n\t\t\t\t<a href='https:\/\/evertonfc.cz\/wp-content\/uploads\/2022\/07\/Turnaj-fanklubov-6.jpg'><img loading=\"lazy\" decoding=\"async\" width=\"720\" height=\"405\" src=\"https:\/\/evertonfc.cz\/wp-content\/uploads\/2022\/07\/Turnaj-fanklubov-6.jpg\" class=\"attachment-full size-full\" alt=\"\" aria-describedby=\"gallery-2-19047\" srcset=\"https:\/\/evertonfc.cz\/wp-content\/uploads\/2022\/07\/Turnaj-fanklubov-6.jpg 720w, https:\/\/evertonfc.cz\/wp-content\/uploads\/2022\/07\/Turnaj-fanklubov-6-300x169.jpg 300w\" sizes=\"(max-width: 720px) 100vw, 720px\" \/><\/a>\n\t\t\t<\/dt>\n\t\t\t\t<dd class='wp-caption-text gallery-caption' id='gallery-2-19047'>\n\t\t\t\tTo museli by\u0165 jasle.\n\t\t\t\t<\/dd><\/dl><br style=\"clear: both\" \/>\n\t\t<\/div>\n\n<p>N\u00e1sleduje por\u00e1\u017eka 4:0 u\u017e ani nev\u00edm s k\u00fdm a 4:1 s nabu\u0161enou Chelsea. Tak t\u0159etinu z\u00e1pasu se dr\u017e\u00edme, proti Lond\u00fd\u0148an\u016fm dojde tu\u0161\u00edm i na vyrovn\u00e1n\u00ed, ale postupem \u010dasu nest\u00edh\u00e1me a nakonec je v\u00fdsledek je\u0161t\u011b milostiv\u00fd. P\u0159ipisuji si dal\u0161\u00ed EL2G, snad nikdo nerozlu\u0161t\u00ed, co t\u00edm mysl\u00edm.<\/p>\n<p>Vyk\u0159esat drobnou \u0161anci na postup nab\u00edz\u00ed duel s West Hamem. Oba m\u00e1me stejn\u011b bod\u016f \u2013 nula \u2013 ale my si je\u0161t\u011b dr\u017e\u00edme racion\u00e1ln\u00ed uva\u017eov\u00e1n\u00ed a ni\u017e\u0161\u00ed hladinku. Po jednom ze z\u00e1var\u016f se n\u00e1m poda\u0159\u00ed vst\u0159elit branku, jeden z pro m\u011b nov\u00fdch pacient\u016f \u2013 R\u00f3bert, propas\u00edruje m\u00ed\u010d za z\u00e1da brank\u00e1\u0159e. Kvalita se soupe\u0159\u00ed ned\u00e1 up\u0159\u00edt, ale \u010dasto se soust\u0159ed\u00ed na malichern\u00e9 spory a d\u00edky tomu huben\u00e9 veden\u00ed udr\u017e\u00edme.<\/p>\n<p style=\"text-align: center;\"><strong><em>Ond\u0159ej:<\/em><\/strong><\/p>\n<blockquote><p><span style=\"font-size: 12pt;\"><em>\u201eCo se t\u00fd\u010de organizace turnaje, z\u00e1zem\u00ed a ob\u010derstven\u00ed, tak tady si nen\u00ed na co st\u011b\u017eovat. V\u0161e za\u0159\u00edzen\u00e9 na perfektn\u00ed \u00farovni, tady po\u0159adatel\u00e9 zaslou\u017e\u00ed velk\u00e9 uzn\u00e1n\u00ed. M\u011b osobn\u011b trochu mrz\u00ed fakt, \u017ee k tomu n\u011bkter\u00e9 t\u00fdmy p\u0159istoupili mo\u017en\u00e1 a\u017e p\u0159\u00edli\u0161 v\u00e1\u017en\u011b, a na m\u00edsto poklidn\u00e9ho, p\u0159\u00e1telsk\u00e9ho turnaje byla c\u00edtit zna\u010dn\u00e1 touha po v\u00edt\u011bzstv\u00ed. Nechci samoz\u0159ejm\u011b ostatn\u00ed fankluby z ni\u010deho podez\u0159\u00edvat, ale vzduchem se nesla pozn\u00e1mka, \u017ee n\u011bkter\u00e9 t\u00fdmy nebyli striktn\u011b slo\u017een\u00e9 z \u010dlen\u016f fanklubu. I p\u0159es to jsem si z\u00e1pasy u\u017eil, jsem r\u00e1d, \u017ee jsem mohl poznat ostatn\u00ed kolegy osobn\u011b. Takto na d\u00e1lku bych cht\u011bl je\u0161t\u011b pozdravit fankluby Arsenalu a (p\u0159ekvapiv\u011b) Liverpoolu, kte\u0159\u00ed n\u00e1m posledn\u00ed z\u00e1pasy fandili, a hlasit\u011b povzbuzovali.\u201c<\/em><\/span><\/p><\/blockquote>\n\n\t\t<style type=\"text\/css\">\n\t\t\t#gallery-3 {\n\t\t\t\tmargin: auto;\n\t\t\t}\n\t\t\t#gallery-3 .gallery-item {\n\t\t\t\tfloat: left;\n\t\t\t\tmargin-top: 10px;\n\t\t\t\ttext-align: center;\n\t\t\t\twidth: 50%;\n\t\t\t}\n\t\t\t#gallery-3 img {\n\t\t\t\tborder: 2px solid #cfcfcf;\n\t\t\t}\n\t\t\t#gallery-3 .gallery-caption {\n\t\t\t\tmargin-left: 0;\n\t\t\t}\n\t\t\t\/* see gallery_shortcode() in wp-includes\/media.php *\/\n\t\t<\/style>\n\t\t<div id='gallery-3' class='gallery galleryid-19016 gallery-columns-2 gallery-size-full'><dl class='gallery-item'>\n\t\t\t<dt class='gallery-icon landscape'>\n\t\t\t\t<a href='https:\/\/evertonfc.cz\/wp-content\/uploads\/2022\/07\/Turnaj-fanklubov-7.jpg'><img loading=\"lazy\" decoding=\"async\" width=\"720\" height=\"405\" src=\"https:\/\/evertonfc.cz\/wp-content\/uploads\/2022\/07\/Turnaj-fanklubov-7.jpg\" class=\"attachment-full size-full\" alt=\"\" aria-describedby=\"gallery-3-19048\" srcset=\"https:\/\/evertonfc.cz\/wp-content\/uploads\/2022\/07\/Turnaj-fanklubov-7.jpg 720w, https:\/\/evertonfc.cz\/wp-content\/uploads\/2022\/07\/Turnaj-fanklubov-7-300x169.jpg 300w\" sizes=\"(max-width: 720px) 100vw, 720px\" \/><\/a>\n\t\t\t<\/dt>\n\t\t\t\t<dd class='wp-caption-text gallery-caption' id='gallery-3-19048'>\n\t\t\t\tLevit\u00e1cia pred br\u00e1nou rivala.\n\t\t\t\t<\/dd><\/dl><dl class='gallery-item'>\n\t\t\t<dt class='gallery-icon landscape'>\n\t\t\t\t<a href='https:\/\/evertonfc.cz\/wp-content\/uploads\/2022\/07\/Turnaj-fanklubov-3.jpg'><img loading=\"lazy\" decoding=\"async\" width=\"720\" height=\"405\" src=\"https:\/\/evertonfc.cz\/wp-content\/uploads\/2022\/07\/Turnaj-fanklubov-3.jpg\" class=\"attachment-full size-full\" alt=\"\" aria-describedby=\"gallery-3-19044\" srcset=\"https:\/\/evertonfc.cz\/wp-content\/uploads\/2022\/07\/Turnaj-fanklubov-3.jpg 720w, https:\/\/evertonfc.cz\/wp-content\/uploads\/2022\/07\/Turnaj-fanklubov-3-300x169.jpg 300w\" sizes=\"(max-width: 720px) 100vw, 720px\" \/><\/a>\n\t\t\t<\/dt>\n\t\t\t\t<dd class='wp-caption-text gallery-caption' id='gallery-3-19044'>\n\t\t\t\t\u0160pinavo hrali.\n\t\t\t\t<\/dd><\/dl><br style=\"clear: both\" \/><dl class='gallery-item'>\n\t\t\t<dt class='gallery-icon landscape'>\n\t\t\t\t<a href='https:\/\/evertonfc.cz\/wp-content\/uploads\/2022\/07\/Turnaj-fanklubov-11.jpg'><img loading=\"lazy\" decoding=\"async\" width=\"720\" height=\"405\" src=\"https:\/\/evertonfc.cz\/wp-content\/uploads\/2022\/07\/Turnaj-fanklubov-11.jpg\" class=\"attachment-full size-full\" alt=\"\" aria-describedby=\"gallery-3-19052\" srcset=\"https:\/\/evertonfc.cz\/wp-content\/uploads\/2022\/07\/Turnaj-fanklubov-11.jpg 720w, https:\/\/evertonfc.cz\/wp-content\/uploads\/2022\/07\/Turnaj-fanklubov-11-300x169.jpg 300w\" sizes=\"(max-width: 720px) 100vw, 720px\" \/><\/a>\n\t\t\t<\/dt>\n\t\t\t\t<dd class='wp-caption-text gallery-caption' id='gallery-3-19052'>\n\t\t\t\tKopni to na prv\u00fa ty\u010d.\n\t\t\t\t<\/dd><\/dl><dl class='gallery-item'>\n\t\t\t<dt class='gallery-icon landscape'>\n\t\t\t\t<a href='https:\/\/evertonfc.cz\/wp-content\/uploads\/2022\/07\/Turnaj-fanklubov-15.jpg'><img loading=\"lazy\" decoding=\"async\" width=\"720\" height=\"405\" src=\"https:\/\/evertonfc.cz\/wp-content\/uploads\/2022\/07\/Turnaj-fanklubov-15.jpg\" class=\"attachment-full size-full\" alt=\"\" aria-describedby=\"gallery-3-19060\" srcset=\"https:\/\/evertonfc.cz\/wp-content\/uploads\/2022\/07\/Turnaj-fanklubov-15.jpg 720w, https:\/\/evertonfc.cz\/wp-content\/uploads\/2022\/07\/Turnaj-fanklubov-15-300x169.jpg 300w\" sizes=\"(max-width: 720px) 100vw, 720px\" \/><\/a>\n\t\t\t<\/dt>\n\t\t\t\t<dd class='wp-caption-text gallery-caption' id='gallery-3-19060'>\n\t\t\t\tZavesil sa ako Jordan. Michael.\n\t\t\t\t<\/dd><\/dl><br style=\"clear: both\" \/>\n\t\t<\/div>\n\n<p>\u0160ance jsou miziv\u00e9, ale Mnichov si odehr\u00e1t mus\u00edme. Bavo\u0159i ubrali plyn, co\u017e se jim nevyplat\u00ed. Na sc\u00e9n\u011b se toti\u017e zjevuje nov\u00fd st\u0159elec. A ano p\u0159\u00e1tel\u00e9, jsem to j\u00e1. Nik\u00fdm ne\u010dek\u00e1n, nehl\u00edd\u00e1n, ocitnu na konci skv\u011bl\u00fdch p\u0159ihr\u00e1vek, nejprve s\u00e1m p\u0159ed brank\u00e1\u0159em, podruh\u00e9 dokonce u\u017e za le\u017e\u00edc\u00edm g\u00f3lmanem. \u0160t\u011bst\u011bna je mi naklon\u011bna a j\u00e1 tref\u00edm. Ale proto\u017ee na nulu se n\u00e1m neda\u0159\u00ed nav\u00e1zat, jde jen o kosmetickou \u00fapravu, prohr\u00e1v\u00e1me 2:4.<\/p>\n<p>Zaslou\u017een\u011b se tak lou\u010d\u00edme s turnajem, mezi prvn\u00ed \u010dty\u0159i ve skupin\u011b se nevejdeme. Ale je z toho kr\u00e1sn\u00e9 9. m\u00edsto z 11. Bohu\u017eel \u0159ada nov\u00fdch tv\u00e1\u0159\u00ed z t\u00fdmu rychle miz\u00ed. Docela unaveni dokouk\u00e1me turnaj a\u017e do fin\u00e1le, ale je fakt vedro a jedinou v\u00fdzna\u010dn\u011bj\u0161\u00ed ud\u00e1lost\u00ed je brzk\u00fd konec Redshites v\u00a0play-off.<\/p>\n<p style=\"text-align: center;\"><strong><em>duch.abum:<\/em><\/strong><\/p>\n<blockquote><p><span style=\"font-size: 12pt;\"><em>\u201eVlastne mi o turnaj v\u00f4bec ne\u0161lo. Po\u010das rokov diskusi\u00ed na webe a soci\u00e1lnych sie\u0165ach c\u00edtim, \u017ee s\u00fa mi niektor\u00ed z n\u00e1s \u010doraz bli\u017e\u0161\u00ed, menia sa na kamar\u00e1tov a m\u00e1m potrebu ich stretn\u00fa\u0165. Tob\u00f4\u017e po dvoch rokoch kovid samotiek. Tak\u017ee som vyu\u017eil mo\u017enos\u0165 a som r\u00e1d. Hajlajt? Ten, kto o polnoci so mnou i\u0161iel temn\u00fdm lesom na tajomn\u00e9 miesto s\u00favisiace s ist\u00fdm prastar\u00fdm zlo\u010dinom, ten vie.\u201c<\/em><\/span><\/p><\/blockquote>\n\n\t\t<style type=\"text\/css\">\n\t\t\t#gallery-4 {\n\t\t\t\tmargin: auto;\n\t\t\t}\n\t\t\t#gallery-4 .gallery-item {\n\t\t\t\tfloat: left;\n\t\t\t\tmargin-top: 10px;\n\t\t\t\ttext-align: center;\n\t\t\t\twidth: 50%;\n\t\t\t}\n\t\t\t#gallery-4 img {\n\t\t\t\tborder: 2px solid #cfcfcf;\n\t\t\t}\n\t\t\t#gallery-4 .gallery-caption {\n\t\t\t\tmargin-left: 0;\n\t\t\t}\n\t\t\t\/* see gallery_shortcode() in wp-includes\/media.php *\/\n\t\t<\/style>\n\t\t<div id='gallery-4' class='gallery galleryid-19016 gallery-columns-2 gallery-size-full'><dl class='gallery-item'>\n\t\t\t<dt class='gallery-icon landscape'>\n\t\t\t\t<a href='https:\/\/evertonfc.cz\/wp-content\/uploads\/2022\/07\/Turnaj-fanklubov-4.jpg'><img loading=\"lazy\" decoding=\"async\" width=\"720\" height=\"405\" src=\"https:\/\/evertonfc.cz\/wp-content\/uploads\/2022\/07\/Turnaj-fanklubov-4.jpg\" class=\"attachment-full size-full\" alt=\"\" aria-describedby=\"gallery-4-19045\" srcset=\"https:\/\/evertonfc.cz\/wp-content\/uploads\/2022\/07\/Turnaj-fanklubov-4.jpg 720w, https:\/\/evertonfc.cz\/wp-content\/uploads\/2022\/07\/Turnaj-fanklubov-4-300x169.jpg 300w\" sizes=\"(max-width: 720px) 100vw, 720px\" \/><\/a>\n\t\t\t<\/dt>\n\t\t\t\t<dd class='wp-caption-text gallery-caption' id='gallery-4-19045'>\n\t\t\t\tVopred prehrat\u00fd s\u00faboj.\n\t\t\t\t<\/dd><\/dl><dl class='gallery-item'>\n\t\t\t<dt class='gallery-icon landscape'>\n\t\t\t\t<a href='https:\/\/evertonfc.cz\/wp-content\/uploads\/2022\/07\/Turnaj-fanklubov-13.jpg'><img loading=\"lazy\" decoding=\"async\" width=\"720\" height=\"405\" src=\"https:\/\/evertonfc.cz\/wp-content\/uploads\/2022\/07\/Turnaj-fanklubov-13.jpg\" class=\"attachment-full size-full\" alt=\"\" aria-describedby=\"gallery-4-19058\" srcset=\"https:\/\/evertonfc.cz\/wp-content\/uploads\/2022\/07\/Turnaj-fanklubov-13.jpg 720w, https:\/\/evertonfc.cz\/wp-content\/uploads\/2022\/07\/Turnaj-fanklubov-13-300x169.jpg 300w\" sizes=\"(max-width: 720px) 100vw, 720px\" \/><\/a>\n\t\t\t<\/dt>\n\t\t\t\t<dd class='wp-caption-text gallery-caption' id='gallery-4-19058'>\n\t\t\t\tT\u00e1to akcia g\u00f3lom neskon\u010dila.\n\t\t\t\t<\/dd><\/dl><br style=\"clear: both\" \/><dl class='gallery-item'>\n\t\t\t<dt class='gallery-icon landscape'>\n\t\t\t\t<a href='https:\/\/evertonfc.cz\/wp-content\/uploads\/2022\/07\/Turnaj-fanklubov-25.jpg'><img loading=\"lazy\" decoding=\"async\" width=\"720\" height=\"405\" src=\"https:\/\/evertonfc.cz\/wp-content\/uploads\/2022\/07\/Turnaj-fanklubov-25.jpg\" class=\"attachment-full size-full\" alt=\"\" aria-describedby=\"gallery-4-19071\" srcset=\"https:\/\/evertonfc.cz\/wp-content\/uploads\/2022\/07\/Turnaj-fanklubov-25.jpg 720w, https:\/\/evertonfc.cz\/wp-content\/uploads\/2022\/07\/Turnaj-fanklubov-25-300x169.jpg 300w\" sizes=\"(max-width: 720px) 100vw, 720px\" \/><\/a>\n\t\t\t<\/dt>\n\t\t\t\t<dd class='wp-caption-text gallery-caption' id='gallery-4-19071'>\n\t\t\t\t\u0160irok\u00e9 lakte.\n\t\t\t\t<\/dd><\/dl><dl class='gallery-item'>\n\t\t\t<dt class='gallery-icon landscape'>\n\t\t\t\t<a href='https:\/\/evertonfc.cz\/wp-content\/uploads\/2022\/07\/Turnaj-fanklubov-20.jpg'><img loading=\"lazy\" decoding=\"async\" width=\"720\" height=\"405\" src=\"https:\/\/evertonfc.cz\/wp-content\/uploads\/2022\/07\/Turnaj-fanklubov-20.jpg\" class=\"attachment-full size-full\" alt=\"\" aria-describedby=\"gallery-4-19065\" srcset=\"https:\/\/evertonfc.cz\/wp-content\/uploads\/2022\/07\/Turnaj-fanklubov-20.jpg 720w, https:\/\/evertonfc.cz\/wp-content\/uploads\/2022\/07\/Turnaj-fanklubov-20-300x169.jpg 300w\" sizes=\"(max-width: 720px) 100vw, 720px\" \/><\/a>\n\t\t\t<\/dt>\n\t\t\t\t<dd class='wp-caption-text gallery-caption' id='gallery-4-19065'>\n\t\t\t\tOchrann\u00e9 pom\u00f4cky nemal ka\u017ed\u00fd.\n\t\t\t\t<\/dd><\/dl><br style=\"clear: both\" \/>\n\t\t<\/div>\n\n<h4><strong>Posledn\u00ed ve\u010der a\u00a0Konec<\/strong><\/h4>\n<p>Vrac\u00edme se do kempu, pokra\u010dujeme u\u017e jen v \u0161esti v nejbli\u017e\u0161\u00ed hospod\u011b. N\u011bkdo zde slav\u00ed sv\u016fj nejhez\u010d\u00ed den v \u017eivot\u011b. P\u0159i ve\u010de\u0159i prob\u00edr\u00e1me, co m\u00e1 kdo nov\u00e9ho. Ohl\u00ed\u017e\u00edme se za starou, a hlavn\u011b v\u00fdhl\u00ed\u017e\u00edme novou sez\u00f3nu. Nikdo optimismem neh\u00fd\u0159\u00ed. S rostouc\u00edm po\u010dtem vypit\u00fdch piv a tak\u00e9 proto, \u017ee z\u00e1chody u\u017e jsou nep\u0159\u00edstupn\u00e9, se vyd\u00e1v\u00e1me zp\u011bt. Komu se nechce sp\u00e1t, vyr\u00e1\u017e\u00ed pod veden\u00edm dobrodru\u017en\u00e9ho Ducha k pomn\u00edku U Zabit\u00e9ho. Mo\u017en\u00e1 tu maj\u00ed z\u00e1mek i hrad, ale Evertonians nikdy ne\u0161ly prvopl\u00e1nov\u011b po sl\u00e1v\u011b a lesku.<\/p>\n<p style=\"text-align: center;\"><em><strong>Tom:<\/strong><\/em><\/p>\n<blockquote><p><span style=\"font-size: 12pt;\"><em>\u201eMus\u00edm poveda\u0165, \u017ee som si turnaj poriadne u\u017eil. Mysl\u00edm si, \u017ee to bolo dobre zorganizovan\u00e9 na oboch stran\u00e1ch, turnaj ako celok, a aj od Romana a ostatn\u00fdch Evertonians. V\u00fdsledky mohli by\u0165 lep\u0161ie, ale ako v\u017edy pri Evertone, v\u00ed\u0165azstvo chut\u00ed slad\u0161ie, ke\u010f neprich\u00e1dza tak \u010dasto. Bolo pekn\u00e9 z\u00edska\u0165 aspo\u0148 jedno v\u00ed\u0165azstvo. Moja v\u010faka v\u0161etk\u00fdm chalanom za to, ako ma prijali. Napriek bo\u013eav\u00fdm noh\u00e1m a slnkom sp\u00e1lenej tv\u00e1ri by som povedal, \u017ee to bol skvel\u00fd de\u0148 a st\u00e1l za t\u00fa boles\u0165 v pravom \u0161t\u00fdle Evertonu.\u201c<\/em><\/span><\/p><\/blockquote>\n\n\t\t<style type=\"text\/css\">\n\t\t\t#gallery-5 {\n\t\t\t\tmargin: auto;\n\t\t\t}\n\t\t\t#gallery-5 .gallery-item {\n\t\t\t\tfloat: left;\n\t\t\t\tmargin-top: 10px;\n\t\t\t\ttext-align: center;\n\t\t\t\twidth: 50%;\n\t\t\t}\n\t\t\t#gallery-5 img {\n\t\t\t\tborder: 2px solid #cfcfcf;\n\t\t\t}\n\t\t\t#gallery-5 .gallery-caption {\n\t\t\t\tmargin-left: 0;\n\t\t\t}\n\t\t\t\/* see gallery_shortcode() in wp-includes\/media.php *\/\n\t\t<\/style>\n\t\t<div id='gallery-5' class='gallery galleryid-19016 gallery-columns-2 gallery-size-full'><dl class='gallery-item'>\n\t\t\t<dt class='gallery-icon landscape'>\n\t\t\t\t<a href='https:\/\/evertonfc.cz\/wp-content\/uploads\/2022\/07\/Turnaj-fanklubov-19.jpg'><img loading=\"lazy\" decoding=\"async\" width=\"720\" height=\"405\" src=\"https:\/\/evertonfc.cz\/wp-content\/uploads\/2022\/07\/Turnaj-fanklubov-19.jpg\" class=\"attachment-full size-full\" alt=\"\" aria-describedby=\"gallery-5-19064\" srcset=\"https:\/\/evertonfc.cz\/wp-content\/uploads\/2022\/07\/Turnaj-fanklubov-19.jpg 720w, https:\/\/evertonfc.cz\/wp-content\/uploads\/2022\/07\/Turnaj-fanklubov-19-300x169.jpg 300w\" sizes=\"(max-width: 720px) 100vw, 720px\" \/><\/a>\n\t\t\t<\/dt>\n\t\t\t\t<dd class='wp-caption-text gallery-caption' id='gallery-5-19064'>\n\t\t\t\tGame over.\n\t\t\t\t<\/dd><\/dl><dl class='gallery-item'>\n\t\t\t<dt class='gallery-icon landscape'>\n\t\t\t\t<a href='https:\/\/evertonfc.cz\/wp-content\/uploads\/2022\/07\/Turnaj-fanklubov-14.jpg'><img loading=\"lazy\" decoding=\"async\" width=\"720\" height=\"405\" src=\"https:\/\/evertonfc.cz\/wp-content\/uploads\/2022\/07\/Turnaj-fanklubov-14.jpg\" class=\"attachment-full size-full\" alt=\"\" aria-describedby=\"gallery-5-19059\" srcset=\"https:\/\/evertonfc.cz\/wp-content\/uploads\/2022\/07\/Turnaj-fanklubov-14.jpg 720w, https:\/\/evertonfc.cz\/wp-content\/uploads\/2022\/07\/Turnaj-fanklubov-14-300x169.jpg 300w\" sizes=\"(max-width: 720px) 100vw, 720px\" \/><\/a>\n\t\t\t<\/dt>\n\t\t\t\t<dd class='wp-caption-text gallery-caption' id='gallery-5-19059'>\n\t\t\t\tZbieranie d\u00f4kazov\u00e9ho mater\u00e1lu.\n\t\t\t\t<\/dd><\/dl><br style=\"clear: both\" \/><dl class='gallery-item'>\n\t\t\t<dt class='gallery-icon landscape'>\n\t\t\t\t<a href='https:\/\/evertonfc.cz\/wp-content\/uploads\/2022\/07\/Turnaj-fanklubov-28.jpg'><img loading=\"lazy\" decoding=\"async\" width=\"720\" height=\"405\" src=\"https:\/\/evertonfc.cz\/wp-content\/uploads\/2022\/07\/Turnaj-fanklubov-28.jpg\" class=\"attachment-full size-full\" alt=\"\" aria-describedby=\"gallery-5-19090\" srcset=\"https:\/\/evertonfc.cz\/wp-content\/uploads\/2022\/07\/Turnaj-fanklubov-28.jpg 720w, https:\/\/evertonfc.cz\/wp-content\/uploads\/2022\/07\/Turnaj-fanklubov-28-300x169.jpg 300w\" sizes=\"(max-width: 720px) 100vw, 720px\" \/><\/a>\n\t\t\t<\/dt>\n\t\t\t\t<dd class='wp-caption-text gallery-caption' id='gallery-5-19090'>\n\t\t\t\tZabudli sme vlajku.\n\t\t\t\t<\/dd><\/dl><dl class='gallery-item'>\n\t\t\t<dt class='gallery-icon landscape'>\n\t\t\t\t<a href='https:\/\/evertonfc.cz\/wp-content\/uploads\/2022\/07\/Turnaj-fanklubov-12.jpg'><img loading=\"lazy\" decoding=\"async\" width=\"720\" height=\"405\" src=\"https:\/\/evertonfc.cz\/wp-content\/uploads\/2022\/07\/Turnaj-fanklubov-12.jpg\" class=\"attachment-full size-full\" alt=\"\" aria-describedby=\"gallery-5-19057\" srcset=\"https:\/\/evertonfc.cz\/wp-content\/uploads\/2022\/07\/Turnaj-fanklubov-12.jpg 720w, https:\/\/evertonfc.cz\/wp-content\/uploads\/2022\/07\/Turnaj-fanklubov-12-300x169.jpg 300w\" sizes=\"(max-width: 720px) 100vw, 720px\" \/><\/a>\n\t\t\t<\/dt>\n\t\t\t\t<dd class='wp-caption-text gallery-caption' id='gallery-5-19057'>\n\t\t\t\tPrebranie koristi. \n\t\t\t\t<\/dd><\/dl><br style=\"clear: both\" \/>\n\t\t<\/div>\n\n<p>R\u00e1no u\u017e byl \u010das skoro jen na rozd\u011blen\u00ed ko\u0159isti. Hbit\u011b jsem sko\u010dil po pivu, kter\u00e9 n\u00e1m v\u011bnoval Tom a rozhodn\u011b jsem toho nelitoval. Lehkou opi\u010dku jsem d\u00edky n\u011bmu udr\u017eel i po p\u0159\u00edjezdu dom\u016f. Ne\u00faprosn\u00fd \u010das n\u00e1m nedovolil probrat v\u0161echno, co jsme m\u011bli na srdci. Ale bylo super se zase potkat, opravdu jsem v\u0161echny r\u00e1d vid\u011bl. \u0160koda, \u017ee nemohl z\u016fstat i n\u011bkdo z nov\u00fdch, snad se b\u00e1ly Javorov\u00fdch kv\u00edz\u016f, \u010di je odstra\u0161ily pohledy sociopatick\u00e9ho k\u0159\u00eddla. Douf\u00e1m, \u017ee se ale brzy uvid\u00edme a co je nejd\u016fle\u017eitej\u0161\u00ed, \u017ee se Toffess do\u010dkaj\u00ed kone\u010dn\u011b n\u011bjak\u00e9 trofeje, kdy\u017e n\u00e1m se to tentokr\u00e1t nepovedlo. COYB!<\/p>\n<p style=\"text-align: center;\"><strong><em>Ri\u010di<\/em><\/strong><\/p>\n<blockquote><p><span style=\"font-size: 12pt;\"><em>\u201eD\u011bkuji v\u0161em star\u00fdm a nov\u00fdm tv\u00e1\u0159\u00edm za v\u00edkend pln\u00fd debat nad pivem a kop\u00e1n\u00ed do m\u00ed\u010de. Bylo moc fajn se sej\u00edt. PS: Javor, kup si p\u0159\u00ed\u0161t\u011b o t\u0159i \u010d\u00edsla v\u011bt\u0161\u00ed kra\u0165asy. PS2: BlueBlooded, p\u0159esta\u0148 si kone\u010dn\u011b syslit osm dres\u016f pro fanklub.\u201c<\/em><\/span><\/p><\/blockquote>\n<p><img loading=\"lazy\" decoding=\"async\" class=\"alignnone size-full wp-image-19072\" src=\"https:\/\/evertonfc.cz\/wp-content\/uploads\/2022\/07\/Turnaj-fanklubov-26.jpg\" alt=\"\" width=\"720\" height=\"405\" srcset=\"https:\/\/evertonfc.cz\/wp-content\/uploads\/2022\/07\/Turnaj-fanklubov-26.jpg 720w, https:\/\/evertonfc.cz\/wp-content\/uploads\/2022\/07\/Turnaj-fanklubov-26-300x169.jpg 300w\" sizes=\"(max-width: 720px) 100vw, 720px\" \/><\/p>\n<hr \/>\n<h4 style=\"text-align: center;\">Kone\u010dn\u00e9 v\u00fdsledky a poradie Turnaja + medi\u00e1lne pokrytie:<\/h4>\n<table style=\"border-collapse: collapse; width: 100%; height: 338px;\">\n<tbody>\n<tr style=\"height: 338px;\">\n<td style=\"width: 50%; height: 338px;\">\n<ul style=\"list-style-type: circle;\">\n<li><em>09:00<\/em> &#8211; Arsenal <strong>5:1<\/strong> Everton (g\u00f3l R\u00f3bert)<\/li>\n<li><em>10:15<\/em> &#8211; Everton<strong> 0:4<\/strong> Liverpool<\/li>\n<li><em>11:55<\/em> &#8211; Chelsea <strong>4:1<\/strong> Everton (g\u00f3l Ri\u010di)<\/li>\n<li><em>09:00<\/em> &#8211; West Ham <strong>0:1<\/strong> Everton (g\u00f3l R\u00f3bert)<\/li>\n<li><em>14:25<\/em> &#8211; Bayern <strong>4:2<\/strong> Everton (g\u00f3l 2x Fip)<\/li>\n<\/ul>\n<p>R\u00e1dio rozhovor s organiz\u00e1tormi &#8211; <strong><a href=\"https:\/\/program.rozhlas.cz\/zaznamy#\/zlin\/34\/2022-06-22\" target=\"_blank\" rel=\"noopener\">rozhlas.cz<\/a><\/strong><\/p>\n<p>TV report\u00e1\u017e &#8211; <strong><a href=\"https:\/\/itvs24.cz\/buchlovice\/v-buchlovicich-se-hral-fanouskovsky-turnaj\" target=\"_blank\" rel=\"noopener\">itvs24.cz<\/a><\/strong><\/p>\n<p>Zostrih <span class=\"nc684nl6\">Schwarz-Gelbe Bienen <\/span>&#8211; <strong><a href=\"https:\/\/www.facebook.com\/watch\/?v=1091523878145238\" target=\"_blank\" rel=\"noopener\">Facebook<\/a><\/strong><\/p>\n<p>Fotogal\u00e9ria turnaja &#8211; <strong><a href=\"https:\/\/schwarzgelbebienen.rajce.idnes.cz\/Turnaj_fanklubu\/\" target=\"_blank\" rel=\"noopener\"><span class=\"nc684nl6\">Schwarz-Gelbe Bienen<\/span><\/a><\/strong><\/p>\n<p>Za fotky do \u010dl\u00e1nku \u010fakujeme n\u00e1\u0161mu PR t\u00edmu:<br \/>\n<span style=\"font-family: inherit; font-size: inherit;\"><span style=\"color: #000000;\"><strong>duch.abum<\/strong><\/span> &amp; <span style=\"color: #000000;\"><strong>Karamela<\/strong><\/span><\/span><\/p>\n<p>\u0160peci\u00e1lne po\u010fakovanie: <strong><a href=\"https:\/\/schwarzgelbebienen.cz\/\" target=\"_blank\" rel=\"noopener\"><span class=\"nc684nl6\">Schwarz-Gelbe Bienen<\/span><\/a><\/strong><\/td>\n<td style=\"width: 50%; height: 338px;\"><img loading=\"lazy\" decoding=\"async\" class=\"aligncenter wp-image-19074\" src=\"https:\/\/evertonfc.cz\/wp-content\/uploads\/2022\/07\/Turnaj-fanklubov-tabulka-300x300.jpg\" alt=\"\" width=\"350\" height=\"350\" srcset=\"https:\/\/evertonfc.cz\/wp-content\/uploads\/2022\/07\/Turnaj-fanklubov-tabulka-300x300.jpg 300w, https:\/\/evertonfc.cz\/wp-content\/uploads\/2022\/07\/Turnaj-fanklubov-tabulka-150x150.jpg 150w, https:\/\/evertonfc.cz\/wp-content\/uploads\/2022\/07\/Turnaj-fanklubov-tabulka.jpg 720w\" sizes=\"(max-width: 350px) 100vw, 350px\" \/><\/td>\n<\/tr>\n<\/tbody>\n<\/table>\n","protected":false},"excerpt":{"rendered":"<p>Druh\u00fd ro\u010dn\u00edk tejto skvelej my\u0161lienky prebehol \u00faspe\u0161ne aj za premi\u00e9rovej pr\u00edtomnosti na\u0161ej zvrchovanej deleg\u00e1cie, ktor\u00e1 splnila tohtosez\u00f3nny cie\u013e svojej Alma mater.<\/p>\n","protected":false},"author":1,"featured_media":19068,"comment_status":"open","ping_status":"closed","sticky":false,"template":"","format":"standard","meta":{"_eb_attr":"","_monsterinsights_skip_tracking":false,"_monsterinsights_sitenote_active":false,"_monsterinsights_sitenote_note":"","_monsterinsights_sitenote_category":0,"footnotes":""},"categories":[85],"tags":[],"yoast_head":"<!-- This site is optimized with the Yoast SEO plugin v23.4 - https:\/\/yoast.com\/wordpress\/plugins\/seo\/ -->\n<title>Kopli sme si na Turnaji fanklubov - Official Czech &amp; Slovak Everton Supporters&#039; Club<\/title>\n<meta name=\"robots\" content=\"index, follow, max-snippet:-1, max-image-preview:large, max-video-preview:-1\" \/>\n<link rel=\"canonical\" href=\"https:\/\/evertonfc.cz\/index.php\/2022\/07\/12\/kopli-sme-si-na-turnaji-fanklubov\/\" \/>\n<meta property=\"og:locale\" content=\"cs_CZ\" \/>\n<meta property=\"og:type\" content=\"article\" \/>\n<meta property=\"og:title\" content=\"Kopli sme si na Turnaji fanklubov - Official Czech &amp; Slovak Everton Supporters&#039; Club\" \/>\n<meta property=\"og:description\" content=\"Druh\u00fd ro\u010dn\u00edk tejto skvelej my\u0161lienky prebehol \u00faspe\u0161ne aj za premi\u00e9rovej pr\u00edtomnosti na\u0161ej zvrchovanej deleg\u00e1cie, ktor\u00e1 splnila tohtosez\u00f3nny cie\u013e svojej Alma mater.\" \/>\n<meta property=\"og:url\" content=\"https:\/\/evertonfc.cz\/index.php\/2022\/07\/12\/kopli-sme-si-na-turnaji-fanklubov\/\" \/>\n<meta property=\"og:site_name\" content=\"Official Czech &amp; Slovak Everton Supporters&#039; Club\" \/>\n<meta property=\"article:publisher\" content=\"https:\/\/www.facebook.com\/everton.fans.cz.sk\" \/>\n<meta property=\"article:published_time\" content=\"2022-07-12T07:06:21+00:00\" \/>\n<meta property=\"article:modified_time\" content=\"2023-06-18T13:00:43+00:00\" \/>\n<meta property=\"og:image\" content=\"https:\/\/evertonfc.cz\/wp-content\/uploads\/2022\/07\/Turnaj-fanklubov-23.jpg\" \/>\n\t<meta property=\"og:image:width\" content=\"720\" \/>\n\t<meta property=\"og:image:height\" content=\"405\" \/>\n\t<meta property=\"og:image:type\" content=\"image\/jpeg\" \/>\n<meta name=\"author\" content=\"BlueBlooded\" \/>\n<meta name=\"twitter:card\" content=\"summary_large_image\" \/>\n<meta name=\"twitter:label1\" content=\"Napsal(a)\" \/>\n\t<meta name=\"twitter:data1\" content=\"BlueBlooded\" \/>\n\t<meta name=\"twitter:label2\" content=\"Odhadovan\u00e1 doba \u010dten\u00ed\" \/>\n\t<meta name=\"twitter:data2\" content=\"11 minut\" \/>\n<script type=\"application\/ld+json\" class=\"yoast-schema-graph\">{\"@context\":\"https:\/\/schema.org\",\"@graph\":[{\"@type\":\"Article\",\"@id\":\"https:\/\/evertonfc.cz\/index.php\/2022\/07\/12\/kopli-sme-si-na-turnaji-fanklubov\/#article\",\"isPartOf\":{\"@id\":\"https:\/\/evertonfc.cz\/index.php\/2022\/07\/12\/kopli-sme-si-na-turnaji-fanklubov\/\"},\"author\":{\"name\":\"BlueBlooded\",\"@id\":\"https:\/\/evertonfc.cz\/#\/schema\/person\/d4493b8cbea51532597fbc4685698916\"},\"headline\":\"Kopli sme si na Turnaji fanklubov\",\"datePublished\":\"2022-07-12T07:06:21+00:00\",\"dateModified\":\"2023-06-18T13:00:43+00:00\",\"mainEntityOfPage\":{\"@id\":\"https:\/\/evertonfc.cz\/index.php\/2022\/07\/12\/kopli-sme-si-na-turnaji-fanklubov\/\"},\"wordCount\":2576,\"commentCount\":1,\"publisher\":{\"@id\":\"https:\/\/evertonfc.cz\/#organization\"},\"image\":{\"@id\":\"https:\/\/evertonfc.cz\/index.php\/2022\/07\/12\/kopli-sme-si-na-turnaji-fanklubov\/#primaryimage\"},\"thumbnailUrl\":\"https:\/\/evertonfc.cz\/wp-content\/uploads\/2022\/07\/Turnaj-fanklubov-23.jpg\",\"articleSection\":[\"Supporters' Club\"],\"inLanguage\":\"cs\",\"potentialAction\":[{\"@type\":\"CommentAction\",\"name\":\"Comment\",\"target\":[\"https:\/\/evertonfc.cz\/index.php\/2022\/07\/12\/kopli-sme-si-na-turnaji-fanklubov\/#respond\"]}]},{\"@type\":\"WebPage\",\"@id\":\"https:\/\/evertonfc.cz\/index.php\/2022\/07\/12\/kopli-sme-si-na-turnaji-fanklubov\/\",\"url\":\"https:\/\/evertonfc.cz\/index.php\/2022\/07\/12\/kopli-sme-si-na-turnaji-fanklubov\/\",\"name\":\"Kopli sme si na Turnaji fanklubov - Official Czech &amp; Slovak Everton Supporters&#039; Club\",\"isPartOf\":{\"@id\":\"https:\/\/evertonfc.cz\/#website\"},\"primaryImageOfPage\":{\"@id\":\"https:\/\/evertonfc.cz\/index.php\/2022\/07\/12\/kopli-sme-si-na-turnaji-fanklubov\/#primaryimage\"},\"image\":{\"@id\":\"https:\/\/evertonfc.cz\/index.php\/2022\/07\/12\/kopli-sme-si-na-turnaji-fanklubov\/#primaryimage\"},\"thumbnailUrl\":\"https:\/\/evertonfc.cz\/wp-content\/uploads\/2022\/07\/Turnaj-fanklubov-23.jpg\",\"datePublished\":\"2022-07-12T07:06:21+00:00\",\"dateModified\":\"2023-06-18T13:00:43+00:00\",\"breadcrumb\":{\"@id\":\"https:\/\/evertonfc.cz\/index.php\/2022\/07\/12\/kopli-sme-si-na-turnaji-fanklubov\/#breadcrumb\"},\"inLanguage\":\"cs\",\"potentialAction\":[{\"@type\":\"ReadAction\",\"target\":[\"https:\/\/evertonfc.cz\/index.php\/2022\/07\/12\/kopli-sme-si-na-turnaji-fanklubov\/\"]}]},{\"@type\":\"ImageObject\",\"inLanguage\":\"cs\",\"@id\":\"https:\/\/evertonfc.cz\/index.php\/2022\/07\/12\/kopli-sme-si-na-turnaji-fanklubov\/#primaryimage\",\"url\":\"https:\/\/evertonfc.cz\/wp-content\/uploads\/2022\/07\/Turnaj-fanklubov-23.jpg\",\"contentUrl\":\"https:\/\/evertonfc.cz\/wp-content\/uploads\/2022\/07\/Turnaj-fanklubov-23.jpg\",\"width\":720,\"height\":405},{\"@type\":\"BreadcrumbList\",\"@id\":\"https:\/\/evertonfc.cz\/index.php\/2022\/07\/12\/kopli-sme-si-na-turnaji-fanklubov\/#breadcrumb\",\"itemListElement\":[{\"@type\":\"ListItem\",\"position\":1,\"name\":\"Home\",\"item\":\"https:\/\/evertonfc.cz\/\"},{\"@type\":\"ListItem\",\"position\":2,\"name\":\"Kopli sme si na Turnaji fanklubov\"}]},{\"@type\":\"WebSite\",\"@id\":\"https:\/\/evertonfc.cz\/#website\",\"url\":\"https:\/\/evertonfc.cz\/\",\"name\":\"Official Czech &amp; Slovak Everton Supporters&#039; Club\",\"description\":\"\",\"publisher\":{\"@id\":\"https:\/\/evertonfc.cz\/#organization\"},\"potentialAction\":[{\"@type\":\"SearchAction\",\"target\":{\"@type\":\"EntryPoint\",\"urlTemplate\":\"https:\/\/evertonfc.cz\/?s={search_term_string}\"},\"query-input\":{\"@type\":\"PropertyValueSpecification\",\"valueRequired\":true,\"valueName\":\"search_term_string\"}}],\"inLanguage\":\"cs\"},{\"@type\":\"Organization\",\"@id\":\"https:\/\/evertonfc.cz\/#organization\",\"name\":\"Official Czech & Slovak Everton Supporters' Club\",\"url\":\"https:\/\/evertonfc.cz\/\",\"logo\":{\"@type\":\"ImageObject\",\"inLanguage\":\"cs\",\"@id\":\"https:\/\/evertonfc.cz\/#\/schema\/logo\/image\/\",\"url\":\"https:\/\/evertonfc.cz\/wp-content\/uploads\/2019\/05\/logo.png\",\"contentUrl\":\"https:\/\/evertonfc.cz\/wp-content\/uploads\/2019\/05\/logo.png\",\"width\":112,\"height\":112,\"caption\":\"Official Czech & Slovak Everton Supporters' Club\"},\"image\":{\"@id\":\"https:\/\/evertonfc.cz\/#\/schema\/logo\/image\/\"},\"sameAs\":[\"https:\/\/www.facebook.com\/everton.fans.cz.sk\"]},{\"@type\":\"Person\",\"@id\":\"https:\/\/evertonfc.cz\/#\/schema\/person\/d4493b8cbea51532597fbc4685698916\",\"name\":\"BlueBlooded\",\"url\":\"https:\/\/evertonfc.cz\/index.php\/author\/admin\/\"}]}<\/script>\n<!-- \/ Yoast SEO plugin. -->","yoast_head_json":{"title":"Kopli sme si na Turnaji fanklubov - Official Czech &amp; Slovak Everton Supporters&#039; Club","robots":{"index":"index","follow":"follow","max-snippet":"max-snippet:-1","max-image-preview":"max-image-preview:large","max-video-preview":"max-video-preview:-1"},"canonical":"https:\/\/evertonfc.cz\/index.php\/2022\/07\/12\/kopli-sme-si-na-turnaji-fanklubov\/","og_locale":"cs_CZ","og_type":"article","og_title":"Kopli sme si na Turnaji fanklubov - Official Czech &amp; Slovak Everton Supporters&#039; Club","og_description":"Druh\u00fd ro\u010dn\u00edk tejto skvelej my\u0161lienky prebehol \u00faspe\u0161ne aj za premi\u00e9rovej pr\u00edtomnosti na\u0161ej zvrchovanej deleg\u00e1cie, ktor\u00e1 splnila tohtosez\u00f3nny cie\u013e svojej Alma mater.","og_url":"https:\/\/evertonfc.cz\/index.php\/2022\/07\/12\/kopli-sme-si-na-turnaji-fanklubov\/","og_site_name":"Official Czech &amp; Slovak Everton Supporters&#039; Club","article_publisher":"https:\/\/www.facebook.com\/everton.fans.cz.sk","article_published_time":"2022-07-12T07:06:21+00:00","article_modified_time":"2023-06-18T13:00:43+00:00","og_image":[{"width":720,"height":405,"url":"https:\/\/evertonfc.cz\/wp-content\/uploads\/2022\/07\/Turnaj-fanklubov-23.jpg","type":"image\/jpeg"}],"author":"BlueBlooded","twitter_card":"summary_large_image","twitter_misc":{"Napsal(a)":"BlueBlooded","Odhadovan\u00e1 doba \u010dten\u00ed":"11 minut"},"schema":{"@context":"https:\/\/schema.org","@graph":[{"@type":"Article","@id":"https:\/\/evertonfc.cz\/index.php\/2022\/07\/12\/kopli-sme-si-na-turnaji-fanklubov\/#article","isPartOf":{"@id":"https:\/\/evertonfc.cz\/index.php\/2022\/07\/12\/kopli-sme-si-na-turnaji-fanklubov\/"},"author":{"name":"BlueBlooded","@id":"https:\/\/evertonfc.cz\/#\/schema\/person\/d4493b8cbea51532597fbc4685698916"},"headline":"Kopli sme si na Turnaji fanklubov","datePublished":"2022-07-12T07:06:21+00:00","dateModified":"2023-06-18T13:00:43+00:00","mainEntityOfPage":{"@id":"https:\/\/evertonfc.cz\/index.php\/2022\/07\/12\/kopli-sme-si-na-turnaji-fanklubov\/"},"wordCount":2576,"commentCount":1,"publisher":{"@id":"https:\/\/evertonfc.cz\/#organization"},"image":{"@id":"https:\/\/evertonfc.cz\/index.php\/2022\/07\/12\/kopli-sme-si-na-turnaji-fanklubov\/#primaryimage"},"thumbnailUrl":"https:\/\/evertonfc.cz\/wp-content\/uploads\/2022\/07\/Turnaj-fanklubov-23.jpg","articleSection":["Supporters' Club"],"inLanguage":"cs","potentialAction":[{"@type":"CommentAction","name":"Comment","target":["https:\/\/evertonfc.cz\/index.php\/2022\/07\/12\/kopli-sme-si-na-turnaji-fanklubov\/#respond"]}]},{"@type":"WebPage","@id":"https:\/\/evertonfc.cz\/index.php\/2022\/07\/12\/kopli-sme-si-na-turnaji-fanklubov\/","url":"https:\/\/evertonfc.cz\/index.php\/2022\/07\/12\/kopli-sme-si-na-turnaji-fanklubov\/","name":"Kopli sme si na Turnaji fanklubov - Official Czech &amp; Slovak Everton Supporters&#039; Club","isPartOf":{"@id":"https:\/\/evertonfc.cz\/#website"},"primaryImageOfPage":{"@id":"https:\/\/evertonfc.cz\/index.php\/2022\/07\/12\/kopli-sme-si-na-turnaji-fanklubov\/#primaryimage"},"image":{"@id":"https:\/\/evertonfc.cz\/index.php\/2022\/07\/12\/kopli-sme-si-na-turnaji-fanklubov\/#primaryimage"},"thumbnailUrl":"https:\/\/evertonfc.cz\/wp-content\/uploads\/2022\/07\/Turnaj-fanklubov-23.jpg","datePublished":"2022-07-12T07:06:21+00:00","dateModified":"2023-06-18T13:00:43+00:00","breadcrumb":{"@id":"https:\/\/evertonfc.cz\/index.php\/2022\/07\/12\/kopli-sme-si-na-turnaji-fanklubov\/#breadcrumb"},"inLanguage":"cs","potentialAction":[{"@type":"ReadAction","target":["https:\/\/evertonfc.cz\/index.php\/2022\/07\/12\/kopli-sme-si-na-turnaji-fanklubov\/"]}]},{"@type":"ImageObject","inLanguage":"cs","@id":"https:\/\/evertonfc.cz\/index.php\/2022\/07\/12\/kopli-sme-si-na-turnaji-fanklubov\/#primaryimage","url":"https:\/\/evertonfc.cz\/wp-content\/uploads\/2022\/07\/Turnaj-fanklubov-23.jpg","contentUrl":"https:\/\/evertonfc.cz\/wp-content\/uploads\/2022\/07\/Turnaj-fanklubov-23.jpg","width":720,"height":405},{"@type":"BreadcrumbList","@id":"https:\/\/evertonfc.cz\/index.php\/2022\/07\/12\/kopli-sme-si-na-turnaji-fanklubov\/#breadcrumb","itemListElement":[{"@type":"ListItem","position":1,"name":"Home","item":"https:\/\/evertonfc.cz\/"},{"@type":"ListItem","position":2,"name":"Kopli sme si na Turnaji fanklubov"}]},{"@type":"WebSite","@id":"https:\/\/evertonfc.cz\/#website","url":"https:\/\/evertonfc.cz\/","name":"Official Czech &amp; Slovak Everton Supporters&#039; Club","description":"","publisher":{"@id":"https:\/\/evertonfc.cz\/#organization"},"potentialAction":[{"@type":"SearchAction","target":{"@type":"EntryPoint","urlTemplate":"https:\/\/evertonfc.cz\/?s={search_term_string}"},"query-input":{"@type":"PropertyValueSpecification","valueRequired":true,"valueName":"search_term_string"}}],"inLanguage":"cs"},{"@type":"Organization","@id":"https:\/\/evertonfc.cz\/#organization","name":"Official Czech & Slovak Everton Supporters' Club","url":"https:\/\/evertonfc.cz\/","logo":{"@type":"ImageObject","inLanguage":"cs","@id":"https:\/\/evertonfc.cz\/#\/schema\/logo\/image\/","url":"https:\/\/evertonfc.cz\/wp-content\/uploads\/2019\/05\/logo.png","contentUrl":"https:\/\/evertonfc.cz\/wp-content\/uploads\/2019\/05\/logo.png","width":112,"height":112,"caption":"Official Czech & Slovak Everton Supporters' Club"},"image":{"@id":"https:\/\/evertonfc.cz\/#\/schema\/logo\/image\/"},"sameAs":["https:\/\/www.facebook.com\/everton.fans.cz.sk"]},{"@type":"Person","@id":"https:\/\/evertonfc.cz\/#\/schema\/person\/d4493b8cbea51532597fbc4685698916","name":"BlueBlooded","url":"https:\/\/evertonfc.cz\/index.php\/author\/admin\/"}]}},"_links":{"self":[{"href":"https:\/\/evertonfc.cz\/index.php\/wp-json\/wp\/v2\/posts\/19016"}],"collection":[{"href":"https:\/\/evertonfc.cz\/index.php\/wp-json\/wp\/v2\/posts"}],"about":[{"href":"https:\/\/evertonfc.cz\/index.php\/wp-json\/wp\/v2\/types\/post"}],"author":[{"embeddable":true,"href":"https:\/\/evertonfc.cz\/index.php\/wp-json\/wp\/v2\/users\/1"}],"replies":[{"embeddable":true,"href":"https:\/\/evertonfc.cz\/index.php\/wp-json\/wp\/v2\/comments?post=19016"}],"version-history":[{"count":38,"href":"https:\/\/evertonfc.cz\/index.php\/wp-json\/wp\/v2\/posts\/19016\/revisions"}],"predecessor-version":[{"id":21847,"href":"https:\/\/evertonfc.cz\/index.php\/wp-json\/wp\/v2\/posts\/19016\/revisions\/21847"}],"wp:featuredmedia":[{"embeddable":true,"href":"https:\/\/evertonfc.cz\/index.php\/wp-json\/wp\/v2\/media\/19068"}],"wp:attachment":[{"href":"https:\/\/evertonfc.cz\/index.php\/wp-json\/wp\/v2\/media?parent=19016"}],"wp:term":[{"taxonomy":"category","embeddable":true,"href":"https:\/\/evertonfc.cz\/index.php\/wp-json\/wp\/v2\/categories?post=19016"},{"taxonomy":"post_tag","embeddable":true,"href":"https:\/\/evertonfc.cz\/index.php\/wp-json\/wp\/v2\/tags?post=19016"}],"curies":[{"name":"wp","href":"https:\/\/api.w.org\/{rel}","templated":true}]}}