{"id":19128,"date":"2022-07-16T21:11:17","date_gmt":"2022-07-16T19:11:17","guid":{"rendered":"https:\/\/evertonfc.cz\/?p=19128"},"modified":"2022-07-17T09:53:40","modified_gmt":"2022-07-17T07:53:40","slug":"prichazi-jess-park","status":"publish","type":"post","link":"https:\/\/evertonfc.cz\/index.php\/2022\/07\/16\/prichazi-jess-park\/","title":{"rendered":"P\u0159ich\u00e1z\u00ed Jess Park"},"content":{"rendered":"<h4>Prvn\u00ed leto\u0161n\u00ed p\u0159\u00edchod k Everton Women je (kone\u010dn\u011b) zde. Z Academy Stadium p\u0159ich\u00e1z\u00ed na hostov\u00e1n\u00ed \u00fato\u010dnice Jess Park.<\/h4>\n<p>Jessica Park je dvacetilet\u00e1 nad\u011bje anglick\u00e9ho fotbalu. Do Evertonu p\u0159ich\u00e1z\u00ed z Manchester City na ro\u010dn\u00ed hostov\u00e1n\u00ed. Tato pohybliv\u00e1 k\u0159\u00eddelnice s \u010dichem na g\u00f3lov\u00e9 situace p\u0159i\u0161la k Citizens v roce 2017 z rodn\u00e9ho Yorku. Ale u\u017e od deseti let nav\u0161t\u011bvovala s tat\u00ednkem pravideln\u011b z\u00e1pasy Citizens, p\u0159i\u010dem\u017e si obl\u00e9kala dres sv\u00e9ho obl\u00edbence Ag\u00fcera. Hned v dal\u0161\u00ed sez\u00f3n\u011b pomohla MCFC k zisku jejich t\u0159et\u00edho Conti Cupu, kdy\u017e sk\u00f3rovala ve skupinov\u00e9 f\u00e1zi poh\u00e1ru proti Blades a Ville. Nen\u00ed divu, \u017ee j\u00ed z\u00e1hy byla nab\u00eddnut\u00e1 jej\u00ed prvn\u00ed profesion\u00e1ln\u00ed smlouva do roku 2023.<\/p>\n<p>V dal\u0161\u00edch sez\u00f3n\u00e1ch v\u00edcem\u00e9n\u011b pravideln\u011b sb\u00edrala dal\u0161\u00ed cenn\u00e9 minuty zku\u0161enost\u00ed a p\u0159idala i n\u011bjak\u00fd ten g\u00f3l. Celkem od roku 2017 zas\u00e1hla za Citizens k 55 z\u00e1pas\u016fm, ve kter\u00fdch sk\u00f3rovala 8x. Do evertonsk\u00e9 hry by m\u011bla p\u0159in\u00e9st kreativitu a agresivn\u00ed tah na br\u00e1nu. Ov\u0161em jen na rok, proto\u017ee t\u011bsn\u011b p\u0159ed p\u0159esunem na Walton Hall Park prodlou\u017eila smlouvu s Citizens a\u017e do roku 2026 a dodala jednozna\u010dn\u011b: &#8222;Toto je m\u016fj klub&#8220;. Ale stejn\u011b, v\u00edt\u00e1me prvn\u00ed p\u0159il\u00e9tnuv\u0161\u00ed vla\u0161tovku na\u0161\u00ed p\u0159estupov\u00e9 sez\u00f3ny! <strong><span style=\"color: #0000ff;\">Up the Toffes!<\/span><\/strong><\/p>\n<p style=\"text-align: right;\"><span style=\"font-size: 10pt;\"><em>Fotografie: Park proch\u00e1z\u00ed obranou Evertonu (zdroj: talksport.com)<\/em><\/span><\/p>\n","protected":false},"excerpt":{"rendered":"<p>Prvn\u00ed leto\u0161n\u00ed p\u0159\u00edchod k Everton Women je (kone\u010dn\u011b) zde. Z Academy Stadium p\u0159ich\u00e1z\u00ed na hostov\u00e1n\u00ed \u00fato\u010dnice Jess Park.<\/p>\n","protected":false},"author":26,"featured_media":19132,"comment_status":"open","ping_status":"closed","sticky":false,"template":"","format":"standard","meta":{"_eb_attr":"","_monsterinsights_skip_tracking":false,"_monsterinsights_sitenote_active":false,"_monsterinsights_sitenote_note":"","_monsterinsights_sitenote_category":0,"footnotes":""},"categories":[110],"tags":[],"yoast_head":"<!-- This site is optimized with the Yoast SEO plugin v23.4 - https:\/\/yoast.com\/wordpress\/plugins\/seo\/ -->\n<title>P\u0159ich\u00e1z\u00ed Jess Park - Official Czech &amp; Slovak Everton Supporters&#039; Club<\/title>\n<meta name=\"robots\" content=\"index, follow, max-snippet:-1, max-image-preview:large, max-video-preview:-1\" \/>\n<link rel=\"canonical\" href=\"https:\/\/evertonfc.cz\/index.php\/2022\/07\/16\/prichazi-jess-park\/\" \/>\n<meta property=\"og:locale\" content=\"cs_CZ\" \/>\n<meta property=\"og:type\" content=\"article\" \/>\n<meta property=\"og:title\" content=\"P\u0159ich\u00e1z\u00ed Jess Park - Official Czech &amp; Slovak Everton Supporters&#039; Club\" \/>\n<meta property=\"og:description\" content=\"Prvn\u00ed leto\u0161n\u00ed p\u0159\u00edchod k Everton Women je (kone\u010dn\u011b) zde. Z Academy Stadium p\u0159ich\u00e1z\u00ed na hostov\u00e1n\u00ed \u00fato\u010dnice Jess Park.\" \/>\n<meta property=\"og:url\" content=\"https:\/\/evertonfc.cz\/index.php\/2022\/07\/16\/prichazi-jess-park\/\" \/>\n<meta property=\"og:site_name\" content=\"Official Czech &amp; Slovak Everton Supporters&#039; Club\" \/>\n<meta property=\"article:publisher\" content=\"https:\/\/www.facebook.com\/everton.fans.cz.sk\" \/>\n<meta property=\"article:published_time\" content=\"2022-07-16T19:11:17+00:00\" \/>\n<meta property=\"article:modified_time\" content=\"2022-07-17T07:53:40+00:00\" \/>\n<meta property=\"og:image\" content=\"https:\/\/evertonfc.cz\/wp-content\/uploads\/2022\/07\/Park-vs-Everton-web-16_7_2022.jpg\" \/>\n\t<meta property=\"og:image:width\" content=\"720\" \/>\n\t<meta property=\"og:image:height\" content=\"405\" \/>\n\t<meta property=\"og:image:type\" content=\"image\/jpeg\" \/>\n<meta name=\"author\" content=\"Karamela\" \/>\n<meta name=\"twitter:card\" content=\"summary_large_image\" \/>\n<meta name=\"twitter:label1\" content=\"Napsal(a)\" \/>\n\t<meta name=\"twitter:data1\" content=\"Karamela\" \/>\n\t<meta name=\"twitter:label2\" content=\"Odhadovan\u00e1 doba \u010dten\u00ed\" \/>\n\t<meta name=\"twitter:data2\" content=\"2 minuty\" \/>\n<script type=\"application\/ld+json\" class=\"yoast-schema-graph\">{\"@context\":\"https:\/\/schema.org\",\"@graph\":[{\"@type\":\"Article\",\"@id\":\"https:\/\/evertonfc.cz\/index.php\/2022\/07\/16\/prichazi-jess-park\/#article\",\"isPartOf\":{\"@id\":\"https:\/\/evertonfc.cz\/index.php\/2022\/07\/16\/prichazi-jess-park\/\"},\"author\":{\"name\":\"Karamela\",\"@id\":\"https:\/\/evertonfc.cz\/#\/schema\/person\/e9a24a80a32efa1344dd2c4e5882185c\"},\"headline\":\"P\u0159ich\u00e1z\u00ed Jess Park\",\"datePublished\":\"2022-07-16T19:11:17+00:00\",\"dateModified\":\"2022-07-17T07:53:40+00:00\",\"mainEntityOfPage\":{\"@id\":\"https:\/\/evertonfc.cz\/index.php\/2022\/07\/16\/prichazi-jess-park\/\"},\"wordCount\":266,\"commentCount\":0,\"publisher\":{\"@id\":\"https:\/\/evertonfc.cz\/#organization\"},\"image\":{\"@id\":\"https:\/\/evertonfc.cz\/index.php\/2022\/07\/16\/prichazi-jess-park\/#primaryimage\"},\"thumbnailUrl\":\"https:\/\/evertonfc.cz\/wp-content\/uploads\/2022\/07\/Park-vs-Everton-web-16_7_2022.jpg\",\"articleSection\":[\"Everton Women\"],\"inLanguage\":\"cs\",\"potentialAction\":[{\"@type\":\"CommentAction\",\"name\":\"Comment\",\"target\":[\"https:\/\/evertonfc.cz\/index.php\/2022\/07\/16\/prichazi-jess-park\/#respond\"]}]},{\"@type\":\"WebPage\",\"@id\":\"https:\/\/evertonfc.cz\/index.php\/2022\/07\/16\/prichazi-jess-park\/\",\"url\":\"https:\/\/evertonfc.cz\/index.php\/2022\/07\/16\/prichazi-jess-park\/\",\"name\":\"P\u0159ich\u00e1z\u00ed Jess Park - Official Czech &amp; Slovak Everton Supporters&#039; Club\",\"isPartOf\":{\"@id\":\"https:\/\/evertonfc.cz\/#website\"},\"primaryImageOfPage\":{\"@id\":\"https:\/\/evertonfc.cz\/index.php\/2022\/07\/16\/prichazi-jess-park\/#primaryimage\"},\"image\":{\"@id\":\"https:\/\/evertonfc.cz\/index.php\/2022\/07\/16\/prichazi-jess-park\/#primaryimage\"},\"thumbnailUrl\":\"https:\/\/evertonfc.cz\/wp-content\/uploads\/2022\/07\/Park-vs-Everton-web-16_7_2022.jpg\",\"datePublished\":\"2022-07-16T19:11:17+00:00\",\"dateModified\":\"2022-07-17T07:53:40+00:00\",\"breadcrumb\":{\"@id\":\"https:\/\/evertonfc.cz\/index.php\/2022\/07\/16\/prichazi-jess-park\/#breadcrumb\"},\"inLanguage\":\"cs\",\"potentialAction\":[{\"@type\":\"ReadAction\",\"target\":[\"https:\/\/evertonfc.cz\/index.php\/2022\/07\/16\/prichazi-jess-park\/\"]}]},{\"@type\":\"ImageObject\",\"inLanguage\":\"cs\",\"@id\":\"https:\/\/evertonfc.cz\/index.php\/2022\/07\/16\/prichazi-jess-park\/#primaryimage\",\"url\":\"https:\/\/evertonfc.cz\/wp-content\/uploads\/2022\/07\/Park-vs-Everton-web-16_7_2022.jpg\",\"contentUrl\":\"https:\/\/evertonfc.cz\/wp-content\/uploads\/2022\/07\/Park-vs-Everton-web-16_7_2022.jpg\",\"width\":720,\"height\":405},{\"@type\":\"BreadcrumbList\",\"@id\":\"https:\/\/evertonfc.cz\/index.php\/2022\/07\/16\/prichazi-jess-park\/#breadcrumb\",\"itemListElement\":[{\"@type\":\"ListItem\",\"position\":1,\"name\":\"Home\",\"item\":\"https:\/\/evertonfc.cz\/\"},{\"@type\":\"ListItem\",\"position\":2,\"name\":\"P\u0159ich\u00e1z\u00ed Jess Park\"}]},{\"@type\":\"WebSite\",\"@id\":\"https:\/\/evertonfc.cz\/#website\",\"url\":\"https:\/\/evertonfc.cz\/\",\"name\":\"Official Czech &amp; Slovak Everton Supporters&#039; Club\",\"description\":\"\",\"publisher\":{\"@id\":\"https:\/\/evertonfc.cz\/#organization\"},\"potentialAction\":[{\"@type\":\"SearchAction\",\"target\":{\"@type\":\"EntryPoint\",\"urlTemplate\":\"https:\/\/evertonfc.cz\/?s={search_term_string}\"},\"query-input\":{\"@type\":\"PropertyValueSpecification\",\"valueRequired\":true,\"valueName\":\"search_term_string\"}}],\"inLanguage\":\"cs\"},{\"@type\":\"Organization\",\"@id\":\"https:\/\/evertonfc.cz\/#organization\",\"name\":\"Official Czech & Slovak Everton Supporters' Club\",\"url\":\"https:\/\/evertonfc.cz\/\",\"logo\":{\"@type\":\"ImageObject\",\"inLanguage\":\"cs\",\"@id\":\"https:\/\/evertonfc.cz\/#\/schema\/logo\/image\/\",\"url\":\"https:\/\/evertonfc.cz\/wp-content\/uploads\/2019\/05\/logo.png\",\"contentUrl\":\"https:\/\/evertonfc.cz\/wp-content\/uploads\/2019\/05\/logo.png\",\"width\":112,\"height\":112,\"caption\":\"Official Czech & Slovak Everton Supporters' Club\"},\"image\":{\"@id\":\"https:\/\/evertonfc.cz\/#\/schema\/logo\/image\/\"},\"sameAs\":[\"https:\/\/www.facebook.com\/everton.fans.cz.sk\"]},{\"@type\":\"Person\",\"@id\":\"https:\/\/evertonfc.cz\/#\/schema\/person\/e9a24a80a32efa1344dd2c4e5882185c\",\"name\":\"Karamela\",\"url\":\"https:\/\/evertonfc.cz\/index.php\/author\/karamela\/\"}]}<\/script>\n<!-- \/ Yoast SEO plugin. -->","yoast_head_json":{"title":"P\u0159ich\u00e1z\u00ed Jess Park - Official Czech &amp; Slovak Everton Supporters&#039; Club","robots":{"index":"index","follow":"follow","max-snippet":"max-snippet:-1","max-image-preview":"max-image-preview:large","max-video-preview":"max-video-preview:-1"},"canonical":"https:\/\/evertonfc.cz\/index.php\/2022\/07\/16\/prichazi-jess-park\/","og_locale":"cs_CZ","og_type":"article","og_title":"P\u0159ich\u00e1z\u00ed Jess Park - Official Czech &amp; Slovak Everton Supporters&#039; Club","og_description":"Prvn\u00ed leto\u0161n\u00ed p\u0159\u00edchod k Everton Women je (kone\u010dn\u011b) zde. Z Academy Stadium p\u0159ich\u00e1z\u00ed na hostov\u00e1n\u00ed \u00fato\u010dnice Jess Park.","og_url":"https:\/\/evertonfc.cz\/index.php\/2022\/07\/16\/prichazi-jess-park\/","og_site_name":"Official Czech &amp; Slovak Everton Supporters&#039; Club","article_publisher":"https:\/\/www.facebook.com\/everton.fans.cz.sk","article_published_time":"2022-07-16T19:11:17+00:00","article_modified_time":"2022-07-17T07:53:40+00:00","og_image":[{"width":720,"height":405,"url":"https:\/\/evertonfc.cz\/wp-content\/uploads\/2022\/07\/Park-vs-Everton-web-16_7_2022.jpg","type":"image\/jpeg"}],"author":"Karamela","twitter_card":"summary_large_image","twitter_misc":{"Napsal(a)":"Karamela","Odhadovan\u00e1 doba \u010dten\u00ed":"2 minuty"},"schema":{"@context":"https:\/\/schema.org","@graph":[{"@type":"Article","@id":"https:\/\/evertonfc.cz\/index.php\/2022\/07\/16\/prichazi-jess-park\/#article","isPartOf":{"@id":"https:\/\/evertonfc.cz\/index.php\/2022\/07\/16\/prichazi-jess-park\/"},"author":{"name":"Karamela","@id":"https:\/\/evertonfc.cz\/#\/schema\/person\/e9a24a80a32efa1344dd2c4e5882185c"},"headline":"P\u0159ich\u00e1z\u00ed Jess Park","datePublished":"2022-07-16T19:11:17+00:00","dateModified":"2022-07-17T07:53:40+00:00","mainEntityOfPage":{"@id":"https:\/\/evertonfc.cz\/index.php\/2022\/07\/16\/prichazi-jess-park\/"},"wordCount":266,"commentCount":0,"publisher":{"@id":"https:\/\/evertonfc.cz\/#organization"},"image":{"@id":"https:\/\/evertonfc.cz\/index.php\/2022\/07\/16\/prichazi-jess-park\/#primaryimage"},"thumbnailUrl":"https:\/\/evertonfc.cz\/wp-content\/uploads\/2022\/07\/Park-vs-Everton-web-16_7_2022.jpg","articleSection":["Everton Women"],"inLanguage":"cs","potentialAction":[{"@type":"CommentAction","name":"Comment","target":["https:\/\/evertonfc.cz\/index.php\/2022\/07\/16\/prichazi-jess-park\/#respond"]}]},{"@type":"WebPage","@id":"https:\/\/evertonfc.cz\/index.php\/2022\/07\/16\/prichazi-jess-park\/","url":"https:\/\/evertonfc.cz\/index.php\/2022\/07\/16\/prichazi-jess-park\/","name":"P\u0159ich\u00e1z\u00ed Jess Park - Official Czech &amp; Slovak Everton Supporters&#039; Club","isPartOf":{"@id":"https:\/\/evertonfc.cz\/#website"},"primaryImageOfPage":{"@id":"https:\/\/evertonfc.cz\/index.php\/2022\/07\/16\/prichazi-jess-park\/#primaryimage"},"image":{"@id":"https:\/\/evertonfc.cz\/index.php\/2022\/07\/16\/prichazi-jess-park\/#primaryimage"},"thumbnailUrl":"https:\/\/evertonfc.cz\/wp-content\/uploads\/2022\/07\/Park-vs-Everton-web-16_7_2022.jpg","datePublished":"2022-07-16T19:11:17+00:00","dateModified":"2022-07-17T07:53:40+00:00","breadcrumb":{"@id":"https:\/\/evertonfc.cz\/index.php\/2022\/07\/16\/prichazi-jess-park\/#breadcrumb"},"inLanguage":"cs","potentialAction":[{"@type":"ReadAction","target":["https:\/\/evertonfc.cz\/index.php\/2022\/07\/16\/prichazi-jess-park\/"]}]},{"@type":"ImageObject","inLanguage":"cs","@id":"https:\/\/evertonfc.cz\/index.php\/2022\/07\/16\/prichazi-jess-park\/#primaryimage","url":"https:\/\/evertonfc.cz\/wp-content\/uploads\/2022\/07\/Park-vs-Everton-web-16_7_2022.jpg","contentUrl":"https:\/\/evertonfc.cz\/wp-content\/uploads\/2022\/07\/Park-vs-Everton-web-16_7_2022.jpg","width":720,"height":405},{"@type":"BreadcrumbList","@id":"https:\/\/evertonfc.cz\/index.php\/2022\/07\/16\/prichazi-jess-park\/#breadcrumb","itemListElement":[{"@type":"ListItem","position":1,"name":"Home","item":"https:\/\/evertonfc.cz\/"},{"@type":"ListItem","position":2,"name":"P\u0159ich\u00e1z\u00ed Jess Park"}]},{"@type":"WebSite","@id":"https:\/\/evertonfc.cz\/#website","url":"https:\/\/evertonfc.cz\/","name":"Official Czech &amp; Slovak Everton Supporters&#039; Club","description":"","publisher":{"@id":"https:\/\/evertonfc.cz\/#organization"},"potentialAction":[{"@type":"SearchAction","target":{"@type":"EntryPoint","urlTemplate":"https:\/\/evertonfc.cz\/?s={search_term_string}"},"query-input":{"@type":"PropertyValueSpecification","valueRequired":true,"valueName":"search_term_string"}}],"inLanguage":"cs"},{"@type":"Organization","@id":"https:\/\/evertonfc.cz\/#organization","name":"Official Czech & Slovak Everton Supporters' Club","url":"https:\/\/evertonfc.cz\/","logo":{"@type":"ImageObject","inLanguage":"cs","@id":"https:\/\/evertonfc.cz\/#\/schema\/logo\/image\/","url":"https:\/\/evertonfc.cz\/wp-content\/uploads\/2019\/05\/logo.png","contentUrl":"https:\/\/evertonfc.cz\/wp-content\/uploads\/2019\/05\/logo.png","width":112,"height":112,"caption":"Official Czech & Slovak Everton Supporters' Club"},"image":{"@id":"https:\/\/evertonfc.cz\/#\/schema\/logo\/image\/"},"sameAs":["https:\/\/www.facebook.com\/everton.fans.cz.sk"]},{"@type":"Person","@id":"https:\/\/evertonfc.cz\/#\/schema\/person\/e9a24a80a32efa1344dd2c4e5882185c","name":"Karamela","url":"https:\/\/evertonfc.cz\/index.php\/author\/karamela\/"}]}},"_links":{"self":[{"href":"https:\/\/evertonfc.cz\/index.php\/wp-json\/wp\/v2\/posts\/19128"}],"collection":[{"href":"https:\/\/evertonfc.cz\/index.php\/wp-json\/wp\/v2\/posts"}],"about":[{"href":"https:\/\/evertonfc.cz\/index.php\/wp-json\/wp\/v2\/types\/post"}],"author":[{"embeddable":true,"href":"https:\/\/evertonfc.cz\/index.php\/wp-json\/wp\/v2\/users\/26"}],"replies":[{"embeddable":true,"href":"https:\/\/evertonfc.cz\/index.php\/wp-json\/wp\/v2\/comments?post=19128"}],"version-history":[{"count":5,"href":"https:\/\/evertonfc.cz\/index.php\/wp-json\/wp\/v2\/posts\/19128\/revisions"}],"predecessor-version":[{"id":19140,"href":"https:\/\/evertonfc.cz\/index.php\/wp-json\/wp\/v2\/posts\/19128\/revisions\/19140"}],"wp:featuredmedia":[{"embeddable":true,"href":"https:\/\/evertonfc.cz\/index.php\/wp-json\/wp\/v2\/media\/19132"}],"wp:attachment":[{"href":"https:\/\/evertonfc.cz\/index.php\/wp-json\/wp\/v2\/media?parent=19128"}],"wp:term":[{"taxonomy":"category","embeddable":true,"href":"https:\/\/evertonfc.cz\/index.php\/wp-json\/wp\/v2\/categories?post=19128"},{"taxonomy":"post_tag","embeddable":true,"href":"https:\/\/evertonfc.cz\/index.php\/wp-json\/wp\/v2\/tags?post=19128"}],"curies":[{"name":"wp","href":"https:\/\/api.w.org\/{rel}","templated":true}]}}