{"id":19144,"date":"2022-07-17T19:36:23","date_gmt":"2022-07-17T17:36:23","guid":{"rendered":"https:\/\/evertonfc.cz\/?p=19144"},"modified":"2022-07-18T08:57:15","modified_gmt":"2022-07-18T06:57:15","slug":"arsenal-everton-20-3","status":"publish","type":"post","link":"https:\/\/evertonfc.cz\/index.php\/2022\/07\/17\/arsenal-everton-20-3\/","title":{"rendered":"Arsenal \u2013 Everton 2:0"},"content":{"rendered":"<h4>Prv\u00fd pr\u00edpravn\u00fd z\u00e1pas pred novou sez\u00f3nou 2022\/23 sa odohral v Spojen\u00fdch \u0161t\u00e1toch v r\u00e1mci dvojz\u00e1pasov\u00e9ho turn\u00e9. S ligov\u00fdm rivalom sme zbabrali iba prv\u00fd pol\u010das.<\/h4>\n<p>\u010co sa t\u00fdka zostavy alebo form\u00e1cie, Frank Lampard nem\u00e1 zatia\u013e ve\u013ea nov\u00e9ho materi\u00e1lu, s ktor\u00fdm by mohol pracova\u0165 alebo experimentova\u0165. Preto sa predv\u00e1dzan\u00e1 hra podobala minulej sez\u00f3ne ako vajce vajcu. \u010ci\u017ee p\u00e4\u0165 obrancov a proti\u00fatoky. The Gunners, s dvomi z\u00e1pasmi v pr\u00edprave k dobru, boli lep\u0161\u00ed a ostrej\u0161\u00ed. Everton sa naopak nevedel rozh\u00fdba\u0165 a na lopte p\u00f4sobil tradi\u010dne tragicky. Holgate prihr\u00e1vkou nikomu takmer daroval g\u00f3l u\u017e po \u0161tvr\u0165hodine hry, Pickford v\u0161ak po\u010das dovolenky \u010darova\u0165 nezabudol.<\/p>\n<p>Pripomen\u00fa\u0165 Artetovej obrane sa pok\u00fa\u0161al Niels Nkounkou. Skvelou dlhou loptou z\u00a0h\u013abky po\u013ea ho na\u0161iel Davies, a\u00a0Franc\u00faz tak mohol otestova\u0165 brank\u00e1ra. Na ihrisku sa aj trochu iskrilo. Nejak\u00e9 \u00fa\u010dty si vybavovali Gabriel s\u00a0Doucour\u00e9m. Hor\u00face modr\u00e9 hlavy okrem hydrata\u010dnej prest\u00e1vky schladila aj zmena sk\u00f3re. Z\u00e1porn\u00e1 samozrejme.<\/p>\n<p>\u0160tandardn\u00fd roh sme \u0161tandardne nezvl\u00e1dli, Pickford minul loptu a\u00a0nov\u00e1 posila s\u00fapera Jesus excelentne zakon\u010dila pod brvno. Teplotn\u00fd \u0161ok pokra\u010doval. Nen\u00faten\u00e1, jednoduch\u00e1 akcia stredom zanechala v\u00a0hanbe z\u00e1lohu, na \u010do naivn\u00e1\u00a0defenz\u00edva nevedela zareagova\u0165. Saka ako duch sa dostal za chrb\u00e1t Nkoukoua a smrtonosne dorazil.<\/p>\n<p>Modr\u00e9 v\u00e1\u0161ne v\u0161ak op\u00e4\u0165 vzplanuli, a tak sa z tr\u00e1vnika zbieral strelec prv\u00e9ho g\u00f3lu potom, \u010doho Godfrey poslal do \u010derta za \u017elt\u00fd cestovn\u00fd l\u00edstok. To sa u\u017e p\u00edsal pol\u010das. A zo \u0161atne vy\u0161li o\u010dak\u00e1vane dve nov\u00e9 dru\u017estv\u00e1. Zostavy ni\u017e\u0161ie.<\/p>\n<p>Skoro zo \u0161atne sa hne\u010f trafil Rond\u00f3n. Straten\u00fa loptu s\u00fapera z takmer 40 metrov sk\u00fasil hodi\u0165 za paberkuj\u00faceho Turnera. By\u0165 trochu silnej\u0161ej strely, g\u00f3l by to bol par\u00e1dny, rooneyovsk\u00fd. To u\u017e nov\u00e1 zostava s po\u010detn\u00fdm z\u00e1stupom mlad\u00edkov hrala lep\u0161ie, kombina\u010dne, ale nie tak nebezpe\u010dne. Nutno ale podotkn\u00fa\u0165, \u017ee Arsenal to u\u017e fl\u00e1kal. Prebudi\u0165 k \u017eivotu sa ich sna\u017eil Gbamin, pokra\u010duj\u00faci v trad\u00edcii \u017eltej pred o\u010dami, ke\u010f skosil Nketiaha. Farebne sa v novom drese pokrstil aj Tarkowski v nadstavenom \u010dase.<\/p>\n<p><strong>G\u00f3ly:<\/strong> 33\u00b4 Jesus, 35\u00b4 Saka<\/p>\n<p><strong>\u017dlt\u00e9 karty:<\/strong> 44\u00b4 Godfrey, 79\u00b4 Gbamin, 89\u00b4 Mari, 90+2\u00b4 Tarkowski<\/p>\n<p><strong>Everton:<\/strong> Pickford (46&#8242; Crellin) &#8211; Patterson (46&#8242; Mykolenko), Mina (46&#8242; Keane), Holgate (46&#8242; Welch), Godfrey, (46&#8242; Tarkowski), Nkounkou (46&#8242; Mills) &#8211; Dele Alli (46&#8242; Iwobi), Davies (46&#8242; Gbamin), Doucour\u00e9 (46&#8242; Warrington), Gray (46&#8242; Gordon) &#8211; Calvert-Lewin (46&#8242; Rondon)<\/p>\n<p><span style=\"text-decoration: underline;\"><em>strieda\u010dka:<\/em><\/span> Simms, Price, Dobbin, Leban<\/p>\n<p><strong>Arsenal:<\/strong> Turner &#8211; Cedric, Saliba, Gabriel, Tavares &#8211; Partey, Xhaka, Odegaard, Saka, Martinelli \u2013 Jesus<\/p>\n<p><span style=\"text-decoration: underline;\"><em>strieda\u010dka:<\/em><\/span> Okonkwo, Bellerin, Mari, Walters, Holding, Maintland-Niles, Elneny, Lokonga, Torreira, Pepe, Nelson, Balogun, Nketiah<\/p>\n<p><strong>Div\u00e1ci:<\/strong> 39 245 (M&amp;T Bank Stadium)<\/p>\n","protected":false},"excerpt":{"rendered":"<p>Prv\u00fd pr\u00edpravn\u00fd z\u00e1pas pred novou sez\u00f3nou 2022\/23 sa odohral v\u00a0Spojen\u00fdch \u0161t\u00e1toch v\u00a0r\u00e1mci dvojz\u00e1pasov\u00e9ho turn\u00e9. S\u00a0ligov\u00fdm rivalom sme zbabrali iba prv\u00fd pol\u010das<\/p>\n","protected":false},"author":1,"featured_media":19143,"comment_status":"open","ping_status":"closed","sticky":false,"template":"","format":"standard","meta":{"_eb_attr":"","_monsterinsights_skip_tracking":false,"_monsterinsights_sitenote_active":false,"_monsterinsights_sitenote_note":"","_monsterinsights_sitenote_category":0,"footnotes":""},"categories":[4],"tags":[],"yoast_head":"<!-- This site is optimized with the Yoast SEO plugin v23.4 - https:\/\/yoast.com\/wordpress\/plugins\/seo\/ -->\n<title>Arsenal \u2013 Everton 2:0 - Official Czech &amp; Slovak Everton Supporters&#039; Club<\/title>\n<meta name=\"robots\" content=\"index, follow, max-snippet:-1, max-image-preview:large, max-video-preview:-1\" \/>\n<link rel=\"canonical\" href=\"https:\/\/evertonfc.cz\/index.php\/2022\/07\/17\/arsenal-everton-20-3\/\" \/>\n<meta property=\"og:locale\" content=\"cs_CZ\" \/>\n<meta property=\"og:type\" content=\"article\" \/>\n<meta property=\"og:title\" content=\"Arsenal \u2013 Everton 2:0 - Official Czech &amp; Slovak Everton Supporters&#039; Club\" \/>\n<meta property=\"og:description\" content=\"Prv\u00fd pr\u00edpravn\u00fd z\u00e1pas pred novou sez\u00f3nou 2022\/23 sa odohral v\u00a0Spojen\u00fdch \u0161t\u00e1toch v\u00a0r\u00e1mci dvojz\u00e1pasov\u00e9ho turn\u00e9. S\u00a0ligov\u00fdm rivalom sme zbabrali iba prv\u00fd pol\u010das\" \/>\n<meta property=\"og:url\" content=\"https:\/\/evertonfc.cz\/index.php\/2022\/07\/17\/arsenal-everton-20-3\/\" \/>\n<meta property=\"og:site_name\" content=\"Official Czech &amp; Slovak Everton Supporters&#039; Club\" \/>\n<meta property=\"article:publisher\" content=\"https:\/\/www.facebook.com\/everton.fans.cz.sk\" \/>\n<meta property=\"article:published_time\" content=\"2022-07-17T17:36:23+00:00\" \/>\n<meta property=\"article:modified_time\" content=\"2022-07-18T06:57:15+00:00\" \/>\n<meta property=\"og:image\" content=\"https:\/\/evertonfc.cz\/wp-content\/uploads\/2022\/07\/Arsenal-2-0-Everton-USA-Tarkowski-17-7-2022.jpg\" \/>\n\t<meta property=\"og:image:width\" content=\"720\" \/>\n\t<meta property=\"og:image:height\" content=\"405\" \/>\n\t<meta property=\"og:image:type\" content=\"image\/jpeg\" \/>\n<meta name=\"author\" content=\"BlueBlooded\" \/>\n<meta name=\"twitter:card\" content=\"summary_large_image\" \/>\n<meta name=\"twitter:label1\" content=\"Napsal(a)\" \/>\n\t<meta name=\"twitter:data1\" content=\"BlueBlooded\" \/>\n\t<meta name=\"twitter:label2\" content=\"Odhadovan\u00e1 doba \u010dten\u00ed\" \/>\n\t<meta name=\"twitter:data2\" content=\"3 minuty\" \/>\n<script type=\"application\/ld+json\" class=\"yoast-schema-graph\">{\"@context\":\"https:\/\/schema.org\",\"@graph\":[{\"@type\":\"Article\",\"@id\":\"https:\/\/evertonfc.cz\/index.php\/2022\/07\/17\/arsenal-everton-20-3\/#article\",\"isPartOf\":{\"@id\":\"https:\/\/evertonfc.cz\/index.php\/2022\/07\/17\/arsenal-everton-20-3\/\"},\"author\":{\"name\":\"BlueBlooded\",\"@id\":\"https:\/\/evertonfc.cz\/#\/schema\/person\/d4493b8cbea51532597fbc4685698916\"},\"headline\":\"Arsenal \u2013 Everton 2:0\",\"datePublished\":\"2022-07-17T17:36:23+00:00\",\"dateModified\":\"2022-07-18T06:57:15+00:00\",\"mainEntityOfPage\":{\"@id\":\"https:\/\/evertonfc.cz\/index.php\/2022\/07\/17\/arsenal-everton-20-3\/\"},\"wordCount\":482,\"commentCount\":1,\"publisher\":{\"@id\":\"https:\/\/evertonfc.cz\/#organization\"},\"image\":{\"@id\":\"https:\/\/evertonfc.cz\/index.php\/2022\/07\/17\/arsenal-everton-20-3\/#primaryimage\"},\"thumbnailUrl\":\"https:\/\/evertonfc.cz\/wp-content\/uploads\/2022\/07\/Arsenal-2-0-Everton-USA-Tarkowski-17-7-2022.jpg\",\"articleSection\":[\"Z\u00e1pasy\"],\"inLanguage\":\"cs\",\"potentialAction\":[{\"@type\":\"CommentAction\",\"name\":\"Comment\",\"target\":[\"https:\/\/evertonfc.cz\/index.php\/2022\/07\/17\/arsenal-everton-20-3\/#respond\"]}]},{\"@type\":\"WebPage\",\"@id\":\"https:\/\/evertonfc.cz\/index.php\/2022\/07\/17\/arsenal-everton-20-3\/\",\"url\":\"https:\/\/evertonfc.cz\/index.php\/2022\/07\/17\/arsenal-everton-20-3\/\",\"name\":\"Arsenal \u2013 Everton 2:0 - Official Czech &amp; Slovak Everton Supporters&#039; Club\",\"isPartOf\":{\"@id\":\"https:\/\/evertonfc.cz\/#website\"},\"primaryImageOfPage\":{\"@id\":\"https:\/\/evertonfc.cz\/index.php\/2022\/07\/17\/arsenal-everton-20-3\/#primaryimage\"},\"image\":{\"@id\":\"https:\/\/evertonfc.cz\/index.php\/2022\/07\/17\/arsenal-everton-20-3\/#primaryimage\"},\"thumbnailUrl\":\"https:\/\/evertonfc.cz\/wp-content\/uploads\/2022\/07\/Arsenal-2-0-Everton-USA-Tarkowski-17-7-2022.jpg\",\"datePublished\":\"2022-07-17T17:36:23+00:00\",\"dateModified\":\"2022-07-18T06:57:15+00:00\",\"breadcrumb\":{\"@id\":\"https:\/\/evertonfc.cz\/index.php\/2022\/07\/17\/arsenal-everton-20-3\/#breadcrumb\"},\"inLanguage\":\"cs\",\"potentialAction\":[{\"@type\":\"ReadAction\",\"target\":[\"https:\/\/evertonfc.cz\/index.php\/2022\/07\/17\/arsenal-everton-20-3\/\"]}]},{\"@type\":\"ImageObject\",\"inLanguage\":\"cs\",\"@id\":\"https:\/\/evertonfc.cz\/index.php\/2022\/07\/17\/arsenal-everton-20-3\/#primaryimage\",\"url\":\"https:\/\/evertonfc.cz\/wp-content\/uploads\/2022\/07\/Arsenal-2-0-Everton-USA-Tarkowski-17-7-2022.jpg\",\"contentUrl\":\"https:\/\/evertonfc.cz\/wp-content\/uploads\/2022\/07\/Arsenal-2-0-Everton-USA-Tarkowski-17-7-2022.jpg\",\"width\":720,\"height\":405},{\"@type\":\"BreadcrumbList\",\"@id\":\"https:\/\/evertonfc.cz\/index.php\/2022\/07\/17\/arsenal-everton-20-3\/#breadcrumb\",\"itemListElement\":[{\"@type\":\"ListItem\",\"position\":1,\"name\":\"Home\",\"item\":\"https:\/\/evertonfc.cz\/\"},{\"@type\":\"ListItem\",\"position\":2,\"name\":\"Arsenal \u2013 Everton 2:0\"}]},{\"@type\":\"WebSite\",\"@id\":\"https:\/\/evertonfc.cz\/#website\",\"url\":\"https:\/\/evertonfc.cz\/\",\"name\":\"Official Czech &amp; Slovak Everton Supporters&#039; Club\",\"description\":\"\",\"publisher\":{\"@id\":\"https:\/\/evertonfc.cz\/#organization\"},\"potentialAction\":[{\"@type\":\"SearchAction\",\"target\":{\"@type\":\"EntryPoint\",\"urlTemplate\":\"https:\/\/evertonfc.cz\/?s={search_term_string}\"},\"query-input\":{\"@type\":\"PropertyValueSpecification\",\"valueRequired\":true,\"valueName\":\"search_term_string\"}}],\"inLanguage\":\"cs\"},{\"@type\":\"Organization\",\"@id\":\"https:\/\/evertonfc.cz\/#organization\",\"name\":\"Official Czech & Slovak Everton Supporters' Club\",\"url\":\"https:\/\/evertonfc.cz\/\",\"logo\":{\"@type\":\"ImageObject\",\"inLanguage\":\"cs\",\"@id\":\"https:\/\/evertonfc.cz\/#\/schema\/logo\/image\/\",\"url\":\"https:\/\/evertonfc.cz\/wp-content\/uploads\/2019\/05\/logo.png\",\"contentUrl\":\"https:\/\/evertonfc.cz\/wp-content\/uploads\/2019\/05\/logo.png\",\"width\":112,\"height\":112,\"caption\":\"Official Czech & Slovak Everton Supporters' Club\"},\"image\":{\"@id\":\"https:\/\/evertonfc.cz\/#\/schema\/logo\/image\/\"},\"sameAs\":[\"https:\/\/www.facebook.com\/everton.fans.cz.sk\"]},{\"@type\":\"Person\",\"@id\":\"https:\/\/evertonfc.cz\/#\/schema\/person\/d4493b8cbea51532597fbc4685698916\",\"name\":\"BlueBlooded\",\"url\":\"https:\/\/evertonfc.cz\/index.php\/author\/admin\/\"}]}<\/script>\n<!-- \/ Yoast SEO plugin. -->","yoast_head_json":{"title":"Arsenal \u2013 Everton 2:0 - Official Czech &amp; Slovak Everton Supporters&#039; Club","robots":{"index":"index","follow":"follow","max-snippet":"max-snippet:-1","max-image-preview":"max-image-preview:large","max-video-preview":"max-video-preview:-1"},"canonical":"https:\/\/evertonfc.cz\/index.php\/2022\/07\/17\/arsenal-everton-20-3\/","og_locale":"cs_CZ","og_type":"article","og_title":"Arsenal \u2013 Everton 2:0 - Official Czech &amp; Slovak Everton Supporters&#039; Club","og_description":"Prv\u00fd pr\u00edpravn\u00fd z\u00e1pas pred novou sez\u00f3nou 2022\/23 sa odohral v\u00a0Spojen\u00fdch \u0161t\u00e1toch v\u00a0r\u00e1mci dvojz\u00e1pasov\u00e9ho turn\u00e9. S\u00a0ligov\u00fdm rivalom sme zbabrali iba prv\u00fd pol\u010das","og_url":"https:\/\/evertonfc.cz\/index.php\/2022\/07\/17\/arsenal-everton-20-3\/","og_site_name":"Official Czech &amp; Slovak Everton Supporters&#039; Club","article_publisher":"https:\/\/www.facebook.com\/everton.fans.cz.sk","article_published_time":"2022-07-17T17:36:23+00:00","article_modified_time":"2022-07-18T06:57:15+00:00","og_image":[{"width":720,"height":405,"url":"https:\/\/evertonfc.cz\/wp-content\/uploads\/2022\/07\/Arsenal-2-0-Everton-USA-Tarkowski-17-7-2022.jpg","type":"image\/jpeg"}],"author":"BlueBlooded","twitter_card":"summary_large_image","twitter_misc":{"Napsal(a)":"BlueBlooded","Odhadovan\u00e1 doba \u010dten\u00ed":"3 minuty"},"schema":{"@context":"https:\/\/schema.org","@graph":[{"@type":"Article","@id":"https:\/\/evertonfc.cz\/index.php\/2022\/07\/17\/arsenal-everton-20-3\/#article","isPartOf":{"@id":"https:\/\/evertonfc.cz\/index.php\/2022\/07\/17\/arsenal-everton-20-3\/"},"author":{"name":"BlueBlooded","@id":"https:\/\/evertonfc.cz\/#\/schema\/person\/d4493b8cbea51532597fbc4685698916"},"headline":"Arsenal \u2013 Everton 2:0","datePublished":"2022-07-17T17:36:23+00:00","dateModified":"2022-07-18T06:57:15+00:00","mainEntityOfPage":{"@id":"https:\/\/evertonfc.cz\/index.php\/2022\/07\/17\/arsenal-everton-20-3\/"},"wordCount":482,"commentCount":1,"publisher":{"@id":"https:\/\/evertonfc.cz\/#organization"},"image":{"@id":"https:\/\/evertonfc.cz\/index.php\/2022\/07\/17\/arsenal-everton-20-3\/#primaryimage"},"thumbnailUrl":"https:\/\/evertonfc.cz\/wp-content\/uploads\/2022\/07\/Arsenal-2-0-Everton-USA-Tarkowski-17-7-2022.jpg","articleSection":["Z\u00e1pasy"],"inLanguage":"cs","potentialAction":[{"@type":"CommentAction","name":"Comment","target":["https:\/\/evertonfc.cz\/index.php\/2022\/07\/17\/arsenal-everton-20-3\/#respond"]}]},{"@type":"WebPage","@id":"https:\/\/evertonfc.cz\/index.php\/2022\/07\/17\/arsenal-everton-20-3\/","url":"https:\/\/evertonfc.cz\/index.php\/2022\/07\/17\/arsenal-everton-20-3\/","name":"Arsenal \u2013 Everton 2:0 - Official Czech &amp; Slovak Everton Supporters&#039; Club","isPartOf":{"@id":"https:\/\/evertonfc.cz\/#website"},"primaryImageOfPage":{"@id":"https:\/\/evertonfc.cz\/index.php\/2022\/07\/17\/arsenal-everton-20-3\/#primaryimage"},"image":{"@id":"https:\/\/evertonfc.cz\/index.php\/2022\/07\/17\/arsenal-everton-20-3\/#primaryimage"},"thumbnailUrl":"https:\/\/evertonfc.cz\/wp-content\/uploads\/2022\/07\/Arsenal-2-0-Everton-USA-Tarkowski-17-7-2022.jpg","datePublished":"2022-07-17T17:36:23+00:00","dateModified":"2022-07-18T06:57:15+00:00","breadcrumb":{"@id":"https:\/\/evertonfc.cz\/index.php\/2022\/07\/17\/arsenal-everton-20-3\/#breadcrumb"},"inLanguage":"cs","potentialAction":[{"@type":"ReadAction","target":["https:\/\/evertonfc.cz\/index.php\/2022\/07\/17\/arsenal-everton-20-3\/"]}]},{"@type":"ImageObject","inLanguage":"cs","@id":"https:\/\/evertonfc.cz\/index.php\/2022\/07\/17\/arsenal-everton-20-3\/#primaryimage","url":"https:\/\/evertonfc.cz\/wp-content\/uploads\/2022\/07\/Arsenal-2-0-Everton-USA-Tarkowski-17-7-2022.jpg","contentUrl":"https:\/\/evertonfc.cz\/wp-content\/uploads\/2022\/07\/Arsenal-2-0-Everton-USA-Tarkowski-17-7-2022.jpg","width":720,"height":405},{"@type":"BreadcrumbList","@id":"https:\/\/evertonfc.cz\/index.php\/2022\/07\/17\/arsenal-everton-20-3\/#breadcrumb","itemListElement":[{"@type":"ListItem","position":1,"name":"Home","item":"https:\/\/evertonfc.cz\/"},{"@type":"ListItem","position":2,"name":"Arsenal \u2013 Everton 2:0"}]},{"@type":"WebSite","@id":"https:\/\/evertonfc.cz\/#website","url":"https:\/\/evertonfc.cz\/","name":"Official Czech &amp; Slovak Everton Supporters&#039; Club","description":"","publisher":{"@id":"https:\/\/evertonfc.cz\/#organization"},"potentialAction":[{"@type":"SearchAction","target":{"@type":"EntryPoint","urlTemplate":"https:\/\/evertonfc.cz\/?s={search_term_string}"},"query-input":{"@type":"PropertyValueSpecification","valueRequired":true,"valueName":"search_term_string"}}],"inLanguage":"cs"},{"@type":"Organization","@id":"https:\/\/evertonfc.cz\/#organization","name":"Official Czech & Slovak Everton Supporters' Club","url":"https:\/\/evertonfc.cz\/","logo":{"@type":"ImageObject","inLanguage":"cs","@id":"https:\/\/evertonfc.cz\/#\/schema\/logo\/image\/","url":"https:\/\/evertonfc.cz\/wp-content\/uploads\/2019\/05\/logo.png","contentUrl":"https:\/\/evertonfc.cz\/wp-content\/uploads\/2019\/05\/logo.png","width":112,"height":112,"caption":"Official Czech & Slovak Everton Supporters' Club"},"image":{"@id":"https:\/\/evertonfc.cz\/#\/schema\/logo\/image\/"},"sameAs":["https:\/\/www.facebook.com\/everton.fans.cz.sk"]},{"@type":"Person","@id":"https:\/\/evertonfc.cz\/#\/schema\/person\/d4493b8cbea51532597fbc4685698916","name":"BlueBlooded","url":"https:\/\/evertonfc.cz\/index.php\/author\/admin\/"}]}},"_links":{"self":[{"href":"https:\/\/evertonfc.cz\/index.php\/wp-json\/wp\/v2\/posts\/19144"}],"collection":[{"href":"https:\/\/evertonfc.cz\/index.php\/wp-json\/wp\/v2\/posts"}],"about":[{"href":"https:\/\/evertonfc.cz\/index.php\/wp-json\/wp\/v2\/types\/post"}],"author":[{"embeddable":true,"href":"https:\/\/evertonfc.cz\/index.php\/wp-json\/wp\/v2\/users\/1"}],"replies":[{"embeddable":true,"href":"https:\/\/evertonfc.cz\/index.php\/wp-json\/wp\/v2\/comments?post=19144"}],"version-history":[{"count":7,"href":"https:\/\/evertonfc.cz\/index.php\/wp-json\/wp\/v2\/posts\/19144\/revisions"}],"predecessor-version":[{"id":19154,"href":"https:\/\/evertonfc.cz\/index.php\/wp-json\/wp\/v2\/posts\/19144\/revisions\/19154"}],"wp:featuredmedia":[{"embeddable":true,"href":"https:\/\/evertonfc.cz\/index.php\/wp-json\/wp\/v2\/media\/19143"}],"wp:attachment":[{"href":"https:\/\/evertonfc.cz\/index.php\/wp-json\/wp\/v2\/media?parent=19144"}],"wp:term":[{"taxonomy":"category","embeddable":true,"href":"https:\/\/evertonfc.cz\/index.php\/wp-json\/wp\/v2\/categories?post=19144"},{"taxonomy":"post_tag","embeddable":true,"href":"https:\/\/evertonfc.cz\/index.php\/wp-json\/wp\/v2\/tags?post=19144"}],"curies":[{"name":"wp","href":"https:\/\/api.w.org\/{rel}","templated":true}]}}