{"id":19157,"date":"2022-07-19T11:20:15","date_gmt":"2022-07-19T09:20:15","guid":{"rendered":"https:\/\/evertonfc.cz\/?p=19157"},"modified":"2022-07-19T11:20:15","modified_gmt":"2022-07-19T09:20:15","slug":"u-supera-v-ruzovom","status":"publish","type":"post","link":"https:\/\/evertonfc.cz\/index.php\/2022\/07\/19\/u-supera-v-ruzovom\/","title":{"rendered":"U s\u00fapera v ru\u017eovom"},"content":{"rendered":"<h4>Tak tak\u00fato farbu v\u00a0dominantnej forme sme na sebe nenosili 12 rokov. Naposledy sa pre \u0148u rozhodol Le Coq Sportif. Hummel k\u00a0nej prid\u00e1va aj h\u00e1dankov\u00fd mot\u00edv.<\/h4>\n<p>Nebudem v\u00e1s nap\u00edna\u0165, op\u00e4\u0165 sa vzd\u00e1va hold ikonickej ve\u017ei princa Ruperta, a to modern\u00fdm pojat\u00edm, ktor\u00fd by m\u0148a osobne v\u00a0\u017eivote nenapadol. V p\u00fatavej ru\u017eovej farbe m\u00f4\u017eete n\u00e1js\u0165 v\u00fdrazn\u00fd \u201evlasteneck\u00fd modr\u00fd\u201c vzor in\u0161pirovan\u00fd \u0161ikmou strechou ve\u017ee v erbe klubu, ktor\u00fd je umocnen\u00fd do geometrickej potla\u010de pre rok 2022.<\/p>\n<p>Vonkaj\u0161\u00ed dres dop\u013a\u0148a t\u00f3novan\u00fd erb klubu a okr\u00fahly golier tie\u017e vo vlasteneckej modrej s ru\u017eov\u00fdm lemom a blokov\u00fdmi ruk\u00e1vmi. Tradi\u010dn\u00e9 \u0161\u00edpky Hummelu na ramen\u00e1ch, ktor\u00e9 kop\u00edruj\u00fa dom\u00e1cu s\u00fapravu, s\u00fa tie\u017e len dve, \u010do poskytuje v\u00fdrazn\u00fd kontrast s ruk\u00e1vmi. Na zadnej strane krku je op\u00e4\u0165 sl\u00e1vny mot\u00edv ve\u017ee princa Ruperta, ktor\u00fd tvor\u00ed neoddelite\u013en\u00fa s\u00fa\u010das\u0165 tohtoro\u010dn\u00e9ho celkov\u00e9ho zna\u010denia s\u00faprav.<\/p>\n<h4><strong>Richard Kenyon, riadite\u013e pre komunik\u00e1ciu, pr\u00edjmy a medzin\u00e1rodn\u00fd rast:<\/strong><\/h4>\n<blockquote><p><span style=\"font-size: 12pt;\"><em>\u201eSme naozaj spokojn\u00ed s dizajnom tejto vonkaj\u0161ej s\u00fapravy. Sp\u00e1ja niektor\u00e9 z na\u0161ich tradi\u010dn\u00fdch klubov\u00fdch farieb so \u017eivou modernou grafikou ve\u017ee prevzatou z n\u00e1\u0161ho klubov\u00e9ho znaku. Toto je \u010fal\u0161ia siln\u00e1 s\u00faprava vyvinut\u00e1 spolo\u010dnos\u0165ou Hummel a d\u00fafame, \u017ee z\u00edska rovnak\u00fa pozit\u00edvnu odozvu od na\u0161ich priaznivcov ako dom\u00e1ca s\u00faprava, ke\u010f bola pred nieko\u013ek\u00fdmi t\u00fd\u017ed\u0148ami uveden\u00e1 na trh.\u201c<\/em><\/span><\/p><\/blockquote>\n<p><img loading=\"lazy\" decoding=\"async\" class=\"alignnone size-full wp-image-19165\" src=\"https:\/\/evertonfc.cz\/wp-content\/uploads\/2022\/07\/Away-Hummel-kit-complet-19-7-2022.jpg\" alt=\"\" width=\"720\" height=\"880\" srcset=\"https:\/\/evertonfc.cz\/wp-content\/uploads\/2022\/07\/Away-Hummel-kit-complet-19-7-2022.jpg 720w, https:\/\/evertonfc.cz\/wp-content\/uploads\/2022\/07\/Away-Hummel-kit-complet-19-7-2022-245x300.jpg 245w\" sizes=\"(max-width: 720px) 100vw, 720px\" \/><\/p>\n<p>V modr\u00fdch \u0161ortk\u00e1ch s\u00fa replikovan\u00e9 \u0161\u00edpky z dresu, tentoraz v ru\u017eovej farbe, s logom Hummel presunut\u00fdm z prednej \u010dasti na zadn\u00fa \u010das\u0165 pravej nohy. To poskytuje \u010dist\u00fd a svie\u017ei vzh\u013ead. \u0160ortky zrkadlia bo\u010dn\u00e9 vetracie panely z dresu pomocou ru\u017eov\u00fdch sie\u0165ovan\u00fdch vlo\u017eiek. \u0160tulpne s\u00fa \u201erosebloom ru\u017eov\u00e9&#8220; s vlastenecky modr\u00fdm lemom. Dve Hummel \u0161\u00edpky s\u00fa na prednej strane a ikona Rupertovej ve\u017ee na zadnej.<\/p>\n<p>Brank\u00e1rska sada pre sez\u00f3nu 2022\/23, dostupn\u00e1 len v kr\u00e1tkych ruk\u00e1voch, je \u010dierna s fuksiovo ru\u017eov\u00fdm vzorom, ktor\u00fd sa prep\u00edna z jednej strany na druh\u00fa, \u010do sved\u010d\u00ed o ru\u0161iv\u00fdch pohybov\u00fdch vzoroch a obratnosti. Dres m\u00e1 oby\u010dajn\u00e9 \u010dierne kr\u00e1tke ruk\u00e1vy s dvoma fuksiov\u00fdmi ru\u017eov\u00fdmi \u0161\u00edpkami a t\u00f3novan\u00fdm znakom klubu. \u0160ortky a \u0161tulpne s\u00fa \u010dierne s fuksiovo ru\u017eov\u00fdm lemom a maj\u00fa dve Hummel \u0161\u00edpky vpredu a ve\u017eu vzadu.<\/p>\n<h4><strong>Allan Vad Nielsen, gener\u00e1lny riadite\u013e spolo\u010dnosti Hummel:<\/strong><\/h4>\n<blockquote><p><span style=\"font-size: 12pt;\"><em>\u201eBy\u0165 odv\u00e1\u017eny a hrav\u00fd je s\u00fa\u010das\u0165ou na\u0161ej DNA. A podobne ako my, aj Everton je klub, ktor\u00fd r\u00e1d rob\u00ed veci inak a v\u017edy s ve\u013ekou d\u00e1vkou charakteru. To je tie\u017e d\u00f4vod, pre\u010do sme radi, \u017ee sme \u00fazko spolupracovali s klubom na vytvoren\u00ed sady, o ktorej ver\u00edme, \u017ee sa zap\u00ed\u0161e do hist\u00f3rie ako jeden z najodv\u00e1\u017enej\u0161\u00edch vonkaj\u0161\u00edch dresov v\u0161etk\u00fdch \u010dias. Ako fan\u00fa\u0161ik sa v\u017edy te\u0161\u00edte na odhalenie novej s\u00fapravy a d\u00fafame, \u017ee t\u00e1to bude dobre prijat\u00e1 v\u0161etk\u00fdmi Evertonians na celom svete.\u201c<\/em><\/span><\/p><\/blockquote>\n<p><img loading=\"lazy\" decoding=\"async\" class=\"aligncenter wp-image-19164\" src=\"https:\/\/evertonfc.cz\/wp-content\/uploads\/2022\/07\/Away-GK-Hummel-kit-complet-19-7-2022.jpg\" alt=\"\" width=\"500\" height=\"500\" srcset=\"https:\/\/evertonfc.cz\/wp-content\/uploads\/2022\/07\/Away-GK-Hummel-kit-complet-19-7-2022.jpg 600w, https:\/\/evertonfc.cz\/wp-content\/uploads\/2022\/07\/Away-GK-Hummel-kit-complet-19-7-2022-300x300.jpg 300w, https:\/\/evertonfc.cz\/wp-content\/uploads\/2022\/07\/Away-GK-Hummel-kit-complet-19-7-2022-150x150.jpg 150w\" sizes=\"(max-width: 500px) 100vw, 500px\" \/><\/p>\n<p>V\u0161etky s\u00fapravy sa vyr\u00e1baj\u00fa pomocou rovnak\u00e9ho procesu Eco 8 ako predch\u00e1dzaj\u00face s\u00fapravy Everton od Hummelu. Ka\u017ed\u00fd dres je vyroben\u00fd z \u00f4smich recyklovan\u00fdch flia\u0161 a pri procese farbenia spotrebuje minim\u00e1lne mno\u017estvo vody, \u010do \u010falej podporuje pokra\u010duj\u00faci z\u00e1v\u00e4zok klubu k environment\u00e1lnej kampani Everton for Change.<\/p>\n<p>S\u00faprava bude prv\u00fdkr\u00e1t pokrsten\u00e1 prv\u00fdm t\u00edmom, ke\u010f sa Everton predstav\u00ed vo svojom druhom pr\u00edpravnom z\u00e1pase na turn\u00e9 v USA proti Minnesote United vedenej Adrianom Heathom. A to v \u0161tvrtok 21. j\u00fala s v\u00fdkopom o\u00a0druhej hodine r\u00e1no n\u00e1\u0161ho stredoeur\u00f3pskeho \u010dasu. Zak\u00fapi\u0165 si ju m\u00f4\u017eete u\u017e teraz v\u00a0<a href=\"http:\/\/www.evertondirect.com\" target=\"_blank\" rel=\"noopener\"><strong>online obchode EFC<\/strong><\/a>.<\/p>\n<p style=\"text-align: right;\"><span style=\"font-size: 8pt;\">(fotozdroj: evertonfc.com)<\/span><\/p>\n","protected":false},"excerpt":{"rendered":"<p>Tak tak\u00fato farbu v\u00a0dominantnej forme sme na sebe nenosili 12 rokov. Naposledy sa pre \u0148u rozhodol Le Coq Sportif. Hummel k\u00a0nej prid\u00e1va aj h\u00e1dankov\u00fd mot\u00edv.<\/p>\n","protected":false},"author":1,"featured_media":19158,"comment_status":"open","ping_status":"closed","sticky":false,"template":"","format":"standard","meta":{"_eb_attr":"","_monsterinsights_skip_tracking":false,"_monsterinsights_sitenote_active":false,"_monsterinsights_sitenote_note":"","_monsterinsights_sitenote_category":0,"footnotes":""},"categories":[42],"tags":[],"yoast_head":"<!-- This site is optimized with the Yoast SEO plugin v23.4 - https:\/\/yoast.com\/wordpress\/plugins\/seo\/ -->\n<title>U s\u00fapera v ru\u017eovom - Official Czech &amp; Slovak Everton Supporters&#039; Club<\/title>\n<meta name=\"robots\" content=\"index, follow, max-snippet:-1, max-image-preview:large, max-video-preview:-1\" \/>\n<link rel=\"canonical\" href=\"https:\/\/evertonfc.cz\/index.php\/2022\/07\/19\/u-supera-v-ruzovom\/\" \/>\n<meta property=\"og:locale\" content=\"cs_CZ\" \/>\n<meta property=\"og:type\" content=\"article\" \/>\n<meta property=\"og:title\" content=\"U s\u00fapera v ru\u017eovom - Official Czech &amp; Slovak Everton Supporters&#039; Club\" \/>\n<meta property=\"og:description\" content=\"Tak tak\u00fato farbu v\u00a0dominantnej forme sme na sebe nenosili 12 rokov. Naposledy sa pre \u0148u rozhodol Le Coq Sportif. Hummel k\u00a0nej prid\u00e1va aj h\u00e1dankov\u00fd mot\u00edv.\" \/>\n<meta property=\"og:url\" content=\"https:\/\/evertonfc.cz\/index.php\/2022\/07\/19\/u-supera-v-ruzovom\/\" \/>\n<meta property=\"og:site_name\" content=\"Official Czech &amp; Slovak Everton Supporters&#039; Club\" \/>\n<meta property=\"article:publisher\" content=\"https:\/\/www.facebook.com\/everton.fans.cz.sk\" \/>\n<meta property=\"article:published_time\" content=\"2022-07-19T09:20:15+00:00\" \/>\n<meta property=\"og:image\" content=\"https:\/\/evertonfc.cz\/wp-content\/uploads\/2022\/07\/Away-Hummel-kit-2022-23.jpg\" \/>\n\t<meta property=\"og:image:width\" content=\"720\" \/>\n\t<meta property=\"og:image:height\" content=\"405\" \/>\n\t<meta property=\"og:image:type\" content=\"image\/jpeg\" \/>\n<meta name=\"author\" content=\"BlueBlooded\" \/>\n<meta name=\"twitter:card\" content=\"summary_large_image\" \/>\n<meta name=\"twitter:label1\" content=\"Napsal(a)\" \/>\n\t<meta name=\"twitter:data1\" content=\"BlueBlooded\" \/>\n\t<meta name=\"twitter:label2\" content=\"Odhadovan\u00e1 doba \u010dten\u00ed\" \/>\n\t<meta name=\"twitter:data2\" content=\"4 minuty\" \/>\n<script type=\"application\/ld+json\" class=\"yoast-schema-graph\">{\"@context\":\"https:\/\/schema.org\",\"@graph\":[{\"@type\":\"Article\",\"@id\":\"https:\/\/evertonfc.cz\/index.php\/2022\/07\/19\/u-supera-v-ruzovom\/#article\",\"isPartOf\":{\"@id\":\"https:\/\/evertonfc.cz\/index.php\/2022\/07\/19\/u-supera-v-ruzovom\/\"},\"author\":{\"name\":\"BlueBlooded\",\"@id\":\"https:\/\/evertonfc.cz\/#\/schema\/person\/d4493b8cbea51532597fbc4685698916\"},\"headline\":\"U s\u00fapera v ru\u017eovom\",\"datePublished\":\"2022-07-19T09:20:15+00:00\",\"dateModified\":\"2022-07-19T09:20:15+00:00\",\"mainEntityOfPage\":{\"@id\":\"https:\/\/evertonfc.cz\/index.php\/2022\/07\/19\/u-supera-v-ruzovom\/\"},\"wordCount\":670,\"commentCount\":12,\"publisher\":{\"@id\":\"https:\/\/evertonfc.cz\/#organization\"},\"image\":{\"@id\":\"https:\/\/evertonfc.cz\/index.php\/2022\/07\/19\/u-supera-v-ruzovom\/#primaryimage\"},\"thumbnailUrl\":\"https:\/\/evertonfc.cz\/wp-content\/uploads\/2022\/07\/Away-Hummel-kit-2022-23.jpg\",\"articleSection\":[\"Aktuality\"],\"inLanguage\":\"cs\",\"potentialAction\":[{\"@type\":\"CommentAction\",\"name\":\"Comment\",\"target\":[\"https:\/\/evertonfc.cz\/index.php\/2022\/07\/19\/u-supera-v-ruzovom\/#respond\"]}]},{\"@type\":\"WebPage\",\"@id\":\"https:\/\/evertonfc.cz\/index.php\/2022\/07\/19\/u-supera-v-ruzovom\/\",\"url\":\"https:\/\/evertonfc.cz\/index.php\/2022\/07\/19\/u-supera-v-ruzovom\/\",\"name\":\"U s\u00fapera v ru\u017eovom - Official Czech &amp; Slovak Everton Supporters&#039; Club\",\"isPartOf\":{\"@id\":\"https:\/\/evertonfc.cz\/#website\"},\"primaryImageOfPage\":{\"@id\":\"https:\/\/evertonfc.cz\/index.php\/2022\/07\/19\/u-supera-v-ruzovom\/#primaryimage\"},\"image\":{\"@id\":\"https:\/\/evertonfc.cz\/index.php\/2022\/07\/19\/u-supera-v-ruzovom\/#primaryimage\"},\"thumbnailUrl\":\"https:\/\/evertonfc.cz\/wp-content\/uploads\/2022\/07\/Away-Hummel-kit-2022-23.jpg\",\"datePublished\":\"2022-07-19T09:20:15+00:00\",\"dateModified\":\"2022-07-19T09:20:15+00:00\",\"breadcrumb\":{\"@id\":\"https:\/\/evertonfc.cz\/index.php\/2022\/07\/19\/u-supera-v-ruzovom\/#breadcrumb\"},\"inLanguage\":\"cs\",\"potentialAction\":[{\"@type\":\"ReadAction\",\"target\":[\"https:\/\/evertonfc.cz\/index.php\/2022\/07\/19\/u-supera-v-ruzovom\/\"]}]},{\"@type\":\"ImageObject\",\"inLanguage\":\"cs\",\"@id\":\"https:\/\/evertonfc.cz\/index.php\/2022\/07\/19\/u-supera-v-ruzovom\/#primaryimage\",\"url\":\"https:\/\/evertonfc.cz\/wp-content\/uploads\/2022\/07\/Away-Hummel-kit-2022-23.jpg\",\"contentUrl\":\"https:\/\/evertonfc.cz\/wp-content\/uploads\/2022\/07\/Away-Hummel-kit-2022-23.jpg\",\"width\":720,\"height\":405},{\"@type\":\"BreadcrumbList\",\"@id\":\"https:\/\/evertonfc.cz\/index.php\/2022\/07\/19\/u-supera-v-ruzovom\/#breadcrumb\",\"itemListElement\":[{\"@type\":\"ListItem\",\"position\":1,\"name\":\"Home\",\"item\":\"https:\/\/evertonfc.cz\/\"},{\"@type\":\"ListItem\",\"position\":2,\"name\":\"U s\u00fapera v ru\u017eovom\"}]},{\"@type\":\"WebSite\",\"@id\":\"https:\/\/evertonfc.cz\/#website\",\"url\":\"https:\/\/evertonfc.cz\/\",\"name\":\"Official Czech &amp; Slovak Everton Supporters&#039; Club\",\"description\":\"\",\"publisher\":{\"@id\":\"https:\/\/evertonfc.cz\/#organization\"},\"potentialAction\":[{\"@type\":\"SearchAction\",\"target\":{\"@type\":\"EntryPoint\",\"urlTemplate\":\"https:\/\/evertonfc.cz\/?s={search_term_string}\"},\"query-input\":{\"@type\":\"PropertyValueSpecification\",\"valueRequired\":true,\"valueName\":\"search_term_string\"}}],\"inLanguage\":\"cs\"},{\"@type\":\"Organization\",\"@id\":\"https:\/\/evertonfc.cz\/#organization\",\"name\":\"Official Czech & Slovak Everton Supporters' Club\",\"url\":\"https:\/\/evertonfc.cz\/\",\"logo\":{\"@type\":\"ImageObject\",\"inLanguage\":\"cs\",\"@id\":\"https:\/\/evertonfc.cz\/#\/schema\/logo\/image\/\",\"url\":\"https:\/\/evertonfc.cz\/wp-content\/uploads\/2019\/05\/logo.png\",\"contentUrl\":\"https:\/\/evertonfc.cz\/wp-content\/uploads\/2019\/05\/logo.png\",\"width\":112,\"height\":112,\"caption\":\"Official Czech & Slovak Everton Supporters' Club\"},\"image\":{\"@id\":\"https:\/\/evertonfc.cz\/#\/schema\/logo\/image\/\"},\"sameAs\":[\"https:\/\/www.facebook.com\/everton.fans.cz.sk\"]},{\"@type\":\"Person\",\"@id\":\"https:\/\/evertonfc.cz\/#\/schema\/person\/d4493b8cbea51532597fbc4685698916\",\"name\":\"BlueBlooded\",\"url\":\"https:\/\/evertonfc.cz\/index.php\/author\/admin\/\"}]}<\/script>\n<!-- \/ Yoast SEO plugin. -->","yoast_head_json":{"title":"U s\u00fapera v ru\u017eovom - Official Czech &amp; Slovak Everton Supporters&#039; Club","robots":{"index":"index","follow":"follow","max-snippet":"max-snippet:-1","max-image-preview":"max-image-preview:large","max-video-preview":"max-video-preview:-1"},"canonical":"https:\/\/evertonfc.cz\/index.php\/2022\/07\/19\/u-supera-v-ruzovom\/","og_locale":"cs_CZ","og_type":"article","og_title":"U s\u00fapera v ru\u017eovom - Official Czech &amp; Slovak Everton Supporters&#039; Club","og_description":"Tak tak\u00fato farbu v\u00a0dominantnej forme sme na sebe nenosili 12 rokov. Naposledy sa pre \u0148u rozhodol Le Coq Sportif. Hummel k\u00a0nej prid\u00e1va aj h\u00e1dankov\u00fd mot\u00edv.","og_url":"https:\/\/evertonfc.cz\/index.php\/2022\/07\/19\/u-supera-v-ruzovom\/","og_site_name":"Official Czech &amp; Slovak Everton Supporters&#039; Club","article_publisher":"https:\/\/www.facebook.com\/everton.fans.cz.sk","article_published_time":"2022-07-19T09:20:15+00:00","og_image":[{"width":720,"height":405,"url":"https:\/\/evertonfc.cz\/wp-content\/uploads\/2022\/07\/Away-Hummel-kit-2022-23.jpg","type":"image\/jpeg"}],"author":"BlueBlooded","twitter_card":"summary_large_image","twitter_misc":{"Napsal(a)":"BlueBlooded","Odhadovan\u00e1 doba \u010dten\u00ed":"4 minuty"},"schema":{"@context":"https:\/\/schema.org","@graph":[{"@type":"Article","@id":"https:\/\/evertonfc.cz\/index.php\/2022\/07\/19\/u-supera-v-ruzovom\/#article","isPartOf":{"@id":"https:\/\/evertonfc.cz\/index.php\/2022\/07\/19\/u-supera-v-ruzovom\/"},"author":{"name":"BlueBlooded","@id":"https:\/\/evertonfc.cz\/#\/schema\/person\/d4493b8cbea51532597fbc4685698916"},"headline":"U s\u00fapera v ru\u017eovom","datePublished":"2022-07-19T09:20:15+00:00","dateModified":"2022-07-19T09:20:15+00:00","mainEntityOfPage":{"@id":"https:\/\/evertonfc.cz\/index.php\/2022\/07\/19\/u-supera-v-ruzovom\/"},"wordCount":670,"commentCount":12,"publisher":{"@id":"https:\/\/evertonfc.cz\/#organization"},"image":{"@id":"https:\/\/evertonfc.cz\/index.php\/2022\/07\/19\/u-supera-v-ruzovom\/#primaryimage"},"thumbnailUrl":"https:\/\/evertonfc.cz\/wp-content\/uploads\/2022\/07\/Away-Hummel-kit-2022-23.jpg","articleSection":["Aktuality"],"inLanguage":"cs","potentialAction":[{"@type":"CommentAction","name":"Comment","target":["https:\/\/evertonfc.cz\/index.php\/2022\/07\/19\/u-supera-v-ruzovom\/#respond"]}]},{"@type":"WebPage","@id":"https:\/\/evertonfc.cz\/index.php\/2022\/07\/19\/u-supera-v-ruzovom\/","url":"https:\/\/evertonfc.cz\/index.php\/2022\/07\/19\/u-supera-v-ruzovom\/","name":"U s\u00fapera v ru\u017eovom - Official Czech &amp; Slovak Everton Supporters&#039; Club","isPartOf":{"@id":"https:\/\/evertonfc.cz\/#website"},"primaryImageOfPage":{"@id":"https:\/\/evertonfc.cz\/index.php\/2022\/07\/19\/u-supera-v-ruzovom\/#primaryimage"},"image":{"@id":"https:\/\/evertonfc.cz\/index.php\/2022\/07\/19\/u-supera-v-ruzovom\/#primaryimage"},"thumbnailUrl":"https:\/\/evertonfc.cz\/wp-content\/uploads\/2022\/07\/Away-Hummel-kit-2022-23.jpg","datePublished":"2022-07-19T09:20:15+00:00","dateModified":"2022-07-19T09:20:15+00:00","breadcrumb":{"@id":"https:\/\/evertonfc.cz\/index.php\/2022\/07\/19\/u-supera-v-ruzovom\/#breadcrumb"},"inLanguage":"cs","potentialAction":[{"@type":"ReadAction","target":["https:\/\/evertonfc.cz\/index.php\/2022\/07\/19\/u-supera-v-ruzovom\/"]}]},{"@type":"ImageObject","inLanguage":"cs","@id":"https:\/\/evertonfc.cz\/index.php\/2022\/07\/19\/u-supera-v-ruzovom\/#primaryimage","url":"https:\/\/evertonfc.cz\/wp-content\/uploads\/2022\/07\/Away-Hummel-kit-2022-23.jpg","contentUrl":"https:\/\/evertonfc.cz\/wp-content\/uploads\/2022\/07\/Away-Hummel-kit-2022-23.jpg","width":720,"height":405},{"@type":"BreadcrumbList","@id":"https:\/\/evertonfc.cz\/index.php\/2022\/07\/19\/u-supera-v-ruzovom\/#breadcrumb","itemListElement":[{"@type":"ListItem","position":1,"name":"Home","item":"https:\/\/evertonfc.cz\/"},{"@type":"ListItem","position":2,"name":"U s\u00fapera v ru\u017eovom"}]},{"@type":"WebSite","@id":"https:\/\/evertonfc.cz\/#website","url":"https:\/\/evertonfc.cz\/","name":"Official Czech &amp; Slovak Everton Supporters&#039; Club","description":"","publisher":{"@id":"https:\/\/evertonfc.cz\/#organization"},"potentialAction":[{"@type":"SearchAction","target":{"@type":"EntryPoint","urlTemplate":"https:\/\/evertonfc.cz\/?s={search_term_string}"},"query-input":{"@type":"PropertyValueSpecification","valueRequired":true,"valueName":"search_term_string"}}],"inLanguage":"cs"},{"@type":"Organization","@id":"https:\/\/evertonfc.cz\/#organization","name":"Official Czech & Slovak Everton Supporters' Club","url":"https:\/\/evertonfc.cz\/","logo":{"@type":"ImageObject","inLanguage":"cs","@id":"https:\/\/evertonfc.cz\/#\/schema\/logo\/image\/","url":"https:\/\/evertonfc.cz\/wp-content\/uploads\/2019\/05\/logo.png","contentUrl":"https:\/\/evertonfc.cz\/wp-content\/uploads\/2019\/05\/logo.png","width":112,"height":112,"caption":"Official Czech & Slovak Everton Supporters' Club"},"image":{"@id":"https:\/\/evertonfc.cz\/#\/schema\/logo\/image\/"},"sameAs":["https:\/\/www.facebook.com\/everton.fans.cz.sk"]},{"@type":"Person","@id":"https:\/\/evertonfc.cz\/#\/schema\/person\/d4493b8cbea51532597fbc4685698916","name":"BlueBlooded","url":"https:\/\/evertonfc.cz\/index.php\/author\/admin\/"}]}},"_links":{"self":[{"href":"https:\/\/evertonfc.cz\/index.php\/wp-json\/wp\/v2\/posts\/19157"}],"collection":[{"href":"https:\/\/evertonfc.cz\/index.php\/wp-json\/wp\/v2\/posts"}],"about":[{"href":"https:\/\/evertonfc.cz\/index.php\/wp-json\/wp\/v2\/types\/post"}],"author":[{"embeddable":true,"href":"https:\/\/evertonfc.cz\/index.php\/wp-json\/wp\/v2\/users\/1"}],"replies":[{"embeddable":true,"href":"https:\/\/evertonfc.cz\/index.php\/wp-json\/wp\/v2\/comments?post=19157"}],"version-history":[{"count":6,"href":"https:\/\/evertonfc.cz\/index.php\/wp-json\/wp\/v2\/posts\/19157\/revisions"}],"predecessor-version":[{"id":19167,"href":"https:\/\/evertonfc.cz\/index.php\/wp-json\/wp\/v2\/posts\/19157\/revisions\/19167"}],"wp:featuredmedia":[{"embeddable":true,"href":"https:\/\/evertonfc.cz\/index.php\/wp-json\/wp\/v2\/media\/19158"}],"wp:attachment":[{"href":"https:\/\/evertonfc.cz\/index.php\/wp-json\/wp\/v2\/media?parent=19157"}],"wp:term":[{"taxonomy":"category","embeddable":true,"href":"https:\/\/evertonfc.cz\/index.php\/wp-json\/wp\/v2\/categories?post=19157"},{"taxonomy":"post_tag","embeddable":true,"href":"https:\/\/evertonfc.cz\/index.php\/wp-json\/wp\/v2\/tags?post=19157"}],"curies":[{"name":"wp","href":"https:\/\/api.w.org\/{rel}","templated":true}]}}