{"id":19173,"date":"2022-07-21T21:37:23","date_gmt":"2022-07-21T19:37:23","guid":{"rendered":"https:\/\/evertonfc.cz\/?p=19173"},"modified":"2022-07-22T19:54:13","modified_gmt":"2022-07-22T17:54:13","slug":"prichazi-katja-snoeijs","status":"publish","type":"post","link":"https:\/\/evertonfc.cz\/index.php\/2022\/07\/21\/prichazi-katja-snoeijs\/","title":{"rendered":"P\u0159ich\u00e1z\u00ed Katja Snoeijs"},"content":{"rendered":"<h4>Prvn\u00ed netrp\u011bliv\u011b o\u010dek\u00e1van\u00fd skute\u010dn\u00fd p\u0159\u00edchod k Everton Women je tady. Z Bordeaux p\u0159icestovala st\u0159elkyn\u011b Katja Snoeijs.<\/h4>\n<p>P\u011btadvacetilet\u00e9 Holan\u010fance vypr\u0161ela dvoulet\u00e1 smlouva s francouzsk\u00fdm Bordeaux a podlehla v\u00e1ben\u00ed Merseyside. Evertonu se upsala do \u010dervence 2024. Ke zcela hladk\u00e9mu p\u0159estupu je je\u0161t\u011b sice t\u0159eba doladit v\u00edza, ale doufejme, \u017ee se bude jednat jen o formalitu. Do Liverpoolu se p\u0159esouv\u00e1 s vizitkou elitn\u00ed st\u0159elkyn\u011b, kdy\u017e na sv\u00e9m p\u0159edchoz\u00edm p\u016fsobi\u0161ti v Bordeaux ve 42 z\u00e1pasech sk\u00f3rovala 19 kr\u00e1t. Obdobn\u011b si vedla i na sv\u00fdch dal\u0161\u00edch \u0161tac\u00edch: PSV (2018-2020) 36 z\u00e1pas\u016f, 33 branek,\u00a0 Alkmaar (2017-2018) 25 z\u00e1pas\u016f, 25 branek a SC Telstar (2015-2017) 45 z\u00e1pas\u016f, 28 branek. Statistika vypad\u00e1 impozantn\u011b, ale v Evertonu v\u00edme, \u017ee leckter\u00e9 ob\u00e1van\u00ed st\u0159elkyni po p\u0159estupu na Walton Hall Park fat\u00e1ln\u011b vyschl prach (Galli, Anveg\u00e5rd, Gauvin&#8230;). Ale n\u00e1tu\u0159e Evertonians je vlastn\u00ed ciceronovsk\u00e9 &#8222;Dum spiro, spero.&#8220; Tak tedy doufejme, \u017ee Katja si povede \u00fasp\u011b\u0161n\u011b i v kr\u00e1lovsky modr\u00e9m dresu. A samoz\u0159ejm\u011b i ve jeho r\u016f\u017eov\u00e9 variant\u011b s geometrick\u00fdmi motivy.<\/p>\n<p>Pro \u00faplnost dodejme, \u017ee Snoeijs je i reprezentantkou Holandska, i kdy\u017e na prob\u00edhaj\u00edc\u00ed Euro nominov\u00e1na nebyla. A ani v reprezentaci nevy\u0161la g\u00f3lov\u011b napr\u00e1zdno (19 z\u00e1pas\u016f, 9 branek). Je sice t\u0159eba uznat, \u017ee Estonsko ani Kosovo, proti kter\u00fdm sk\u00f3rovala, se za giganty \u017eensk\u00e9ho fotbalu zat\u00edm p\u0159i v\u0161\u00ed \u00fast\u011b po\u010d\u00edtat nemohou. Nicm\u00e9n\u011b skalp Finska z \u00fanora 2022 se ji\u017e po\u010d\u00edt\u00e1, V ka\u017ed\u00e9m p\u0159\u00edpad\u011b: &#8222;Welkom, Katja!&#8220;. A<span style=\"color: #0000ff;\"> <span style=\"color: #000000;\">samoz\u0159ejm\u011b, <\/span><strong>Up the Toffees! <\/strong><\/span><\/p>\n<p style=\"text-align: right;\"><span style=\"font-size: 8pt;\"><em>Zdroj fotografie: Getty Images via harpersbazaar.com\u00a0<\/em><\/span><\/p>\n","protected":false},"excerpt":{"rendered":"<p>Prvn\u00ed netrp\u011bliv\u011b o\u010dek\u00e1van\u00fd skute\u010dn\u00fd p\u0159\u00edchod k Everton Women je tady. Z Bordeaux p\u0159icestovala st\u0159elkyn\u011b Katja Snoeijs.<\/p>\n","protected":false},"author":26,"featured_media":19178,"comment_status":"open","ping_status":"closed","sticky":false,"template":"","format":"standard","meta":{"_eb_attr":"","_monsterinsights_skip_tracking":false,"_monsterinsights_sitenote_active":false,"_monsterinsights_sitenote_note":"","_monsterinsights_sitenote_category":0,"footnotes":""},"categories":[110],"tags":[],"yoast_head":"<!-- This site is optimized with the Yoast SEO plugin v23.4 - https:\/\/yoast.com\/wordpress\/plugins\/seo\/ -->\n<title>P\u0159ich\u00e1z\u00ed Katja Snoeijs - Official Czech &amp; Slovak Everton Supporters&#039; Club<\/title>\n<meta name=\"robots\" content=\"index, follow, max-snippet:-1, max-image-preview:large, max-video-preview:-1\" \/>\n<link rel=\"canonical\" href=\"https:\/\/evertonfc.cz\/index.php\/2022\/07\/21\/prichazi-katja-snoeijs\/\" \/>\n<meta property=\"og:locale\" content=\"cs_CZ\" \/>\n<meta property=\"og:type\" content=\"article\" \/>\n<meta property=\"og:title\" content=\"P\u0159ich\u00e1z\u00ed Katja Snoeijs - Official Czech &amp; Slovak Everton Supporters&#039; Club\" \/>\n<meta property=\"og:description\" content=\"Prvn\u00ed netrp\u011bliv\u011b o\u010dek\u00e1van\u00fd skute\u010dn\u00fd p\u0159\u00edchod k Everton Women je tady. Z Bordeaux p\u0159icestovala st\u0159elkyn\u011b Katja Snoeijs.\" \/>\n<meta property=\"og:url\" content=\"https:\/\/evertonfc.cz\/index.php\/2022\/07\/21\/prichazi-katja-snoeijs\/\" \/>\n<meta property=\"og:site_name\" content=\"Official Czech &amp; Slovak Everton Supporters&#039; Club\" \/>\n<meta property=\"article:publisher\" content=\"https:\/\/www.facebook.com\/everton.fans.cz.sk\" \/>\n<meta property=\"article:published_time\" content=\"2022-07-21T19:37:23+00:00\" \/>\n<meta property=\"article:modified_time\" content=\"2022-07-22T17:54:13+00:00\" \/>\n<meta property=\"og:image\" content=\"https:\/\/evertonfc.cz\/wp-content\/uploads\/2022\/07\/katja-snoeijs_web_21_07_2022.jpg\" \/>\n\t<meta property=\"og:image:width\" content=\"720\" \/>\n\t<meta property=\"og:image:height\" content=\"404\" \/>\n\t<meta property=\"og:image:type\" content=\"image\/jpeg\" \/>\n<meta name=\"author\" content=\"Karamela\" \/>\n<meta name=\"twitter:card\" content=\"summary_large_image\" \/>\n<meta name=\"twitter:label1\" content=\"Napsal(a)\" \/>\n\t<meta name=\"twitter:data1\" content=\"Karamela\" \/>\n\t<meta name=\"twitter:label2\" content=\"Odhadovan\u00e1 doba \u010dten\u00ed\" \/>\n\t<meta name=\"twitter:data2\" content=\"2 minuty\" \/>\n<script type=\"application\/ld+json\" class=\"yoast-schema-graph\">{\"@context\":\"https:\/\/schema.org\",\"@graph\":[{\"@type\":\"Article\",\"@id\":\"https:\/\/evertonfc.cz\/index.php\/2022\/07\/21\/prichazi-katja-snoeijs\/#article\",\"isPartOf\":{\"@id\":\"https:\/\/evertonfc.cz\/index.php\/2022\/07\/21\/prichazi-katja-snoeijs\/\"},\"author\":{\"name\":\"Karamela\",\"@id\":\"https:\/\/evertonfc.cz\/#\/schema\/person\/e9a24a80a32efa1344dd2c4e5882185c\"},\"headline\":\"P\u0159ich\u00e1z\u00ed Katja Snoeijs\",\"datePublished\":\"2022-07-21T19:37:23+00:00\",\"dateModified\":\"2022-07-22T17:54:13+00:00\",\"mainEntityOfPage\":{\"@id\":\"https:\/\/evertonfc.cz\/index.php\/2022\/07\/21\/prichazi-katja-snoeijs\/\"},\"wordCount\":292,\"commentCount\":0,\"publisher\":{\"@id\":\"https:\/\/evertonfc.cz\/#organization\"},\"image\":{\"@id\":\"https:\/\/evertonfc.cz\/index.php\/2022\/07\/21\/prichazi-katja-snoeijs\/#primaryimage\"},\"thumbnailUrl\":\"https:\/\/evertonfc.cz\/wp-content\/uploads\/2022\/07\/katja-snoeijs_web_21_07_2022.jpg\",\"articleSection\":[\"Everton Women\"],\"inLanguage\":\"cs\",\"potentialAction\":[{\"@type\":\"CommentAction\",\"name\":\"Comment\",\"target\":[\"https:\/\/evertonfc.cz\/index.php\/2022\/07\/21\/prichazi-katja-snoeijs\/#respond\"]}]},{\"@type\":\"WebPage\",\"@id\":\"https:\/\/evertonfc.cz\/index.php\/2022\/07\/21\/prichazi-katja-snoeijs\/\",\"url\":\"https:\/\/evertonfc.cz\/index.php\/2022\/07\/21\/prichazi-katja-snoeijs\/\",\"name\":\"P\u0159ich\u00e1z\u00ed Katja Snoeijs - Official Czech &amp; Slovak Everton Supporters&#039; Club\",\"isPartOf\":{\"@id\":\"https:\/\/evertonfc.cz\/#website\"},\"primaryImageOfPage\":{\"@id\":\"https:\/\/evertonfc.cz\/index.php\/2022\/07\/21\/prichazi-katja-snoeijs\/#primaryimage\"},\"image\":{\"@id\":\"https:\/\/evertonfc.cz\/index.php\/2022\/07\/21\/prichazi-katja-snoeijs\/#primaryimage\"},\"thumbnailUrl\":\"https:\/\/evertonfc.cz\/wp-content\/uploads\/2022\/07\/katja-snoeijs_web_21_07_2022.jpg\",\"datePublished\":\"2022-07-21T19:37:23+00:00\",\"dateModified\":\"2022-07-22T17:54:13+00:00\",\"breadcrumb\":{\"@id\":\"https:\/\/evertonfc.cz\/index.php\/2022\/07\/21\/prichazi-katja-snoeijs\/#breadcrumb\"},\"inLanguage\":\"cs\",\"potentialAction\":[{\"@type\":\"ReadAction\",\"target\":[\"https:\/\/evertonfc.cz\/index.php\/2022\/07\/21\/prichazi-katja-snoeijs\/\"]}]},{\"@type\":\"ImageObject\",\"inLanguage\":\"cs\",\"@id\":\"https:\/\/evertonfc.cz\/index.php\/2022\/07\/21\/prichazi-katja-snoeijs\/#primaryimage\",\"url\":\"https:\/\/evertonfc.cz\/wp-content\/uploads\/2022\/07\/katja-snoeijs_web_21_07_2022.jpg\",\"contentUrl\":\"https:\/\/evertonfc.cz\/wp-content\/uploads\/2022\/07\/katja-snoeijs_web_21_07_2022.jpg\",\"width\":720,\"height\":404},{\"@type\":\"BreadcrumbList\",\"@id\":\"https:\/\/evertonfc.cz\/index.php\/2022\/07\/21\/prichazi-katja-snoeijs\/#breadcrumb\",\"itemListElement\":[{\"@type\":\"ListItem\",\"position\":1,\"name\":\"Home\",\"item\":\"https:\/\/evertonfc.cz\/\"},{\"@type\":\"ListItem\",\"position\":2,\"name\":\"P\u0159ich\u00e1z\u00ed Katja Snoeijs\"}]},{\"@type\":\"WebSite\",\"@id\":\"https:\/\/evertonfc.cz\/#website\",\"url\":\"https:\/\/evertonfc.cz\/\",\"name\":\"Official Czech &amp; Slovak Everton Supporters&#039; Club\",\"description\":\"\",\"publisher\":{\"@id\":\"https:\/\/evertonfc.cz\/#organization\"},\"potentialAction\":[{\"@type\":\"SearchAction\",\"target\":{\"@type\":\"EntryPoint\",\"urlTemplate\":\"https:\/\/evertonfc.cz\/?s={search_term_string}\"},\"query-input\":{\"@type\":\"PropertyValueSpecification\",\"valueRequired\":true,\"valueName\":\"search_term_string\"}}],\"inLanguage\":\"cs\"},{\"@type\":\"Organization\",\"@id\":\"https:\/\/evertonfc.cz\/#organization\",\"name\":\"Official Czech & Slovak Everton Supporters' Club\",\"url\":\"https:\/\/evertonfc.cz\/\",\"logo\":{\"@type\":\"ImageObject\",\"inLanguage\":\"cs\",\"@id\":\"https:\/\/evertonfc.cz\/#\/schema\/logo\/image\/\",\"url\":\"https:\/\/evertonfc.cz\/wp-content\/uploads\/2019\/05\/logo.png\",\"contentUrl\":\"https:\/\/evertonfc.cz\/wp-content\/uploads\/2019\/05\/logo.png\",\"width\":112,\"height\":112,\"caption\":\"Official Czech & Slovak Everton Supporters' Club\"},\"image\":{\"@id\":\"https:\/\/evertonfc.cz\/#\/schema\/logo\/image\/\"},\"sameAs\":[\"https:\/\/www.facebook.com\/everton.fans.cz.sk\"]},{\"@type\":\"Person\",\"@id\":\"https:\/\/evertonfc.cz\/#\/schema\/person\/e9a24a80a32efa1344dd2c4e5882185c\",\"name\":\"Karamela\",\"url\":\"https:\/\/evertonfc.cz\/index.php\/author\/karamela\/\"}]}<\/script>\n<!-- \/ Yoast SEO plugin. -->","yoast_head_json":{"title":"P\u0159ich\u00e1z\u00ed Katja Snoeijs - Official Czech &amp; Slovak Everton Supporters&#039; Club","robots":{"index":"index","follow":"follow","max-snippet":"max-snippet:-1","max-image-preview":"max-image-preview:large","max-video-preview":"max-video-preview:-1"},"canonical":"https:\/\/evertonfc.cz\/index.php\/2022\/07\/21\/prichazi-katja-snoeijs\/","og_locale":"cs_CZ","og_type":"article","og_title":"P\u0159ich\u00e1z\u00ed Katja Snoeijs - Official Czech &amp; Slovak Everton Supporters&#039; Club","og_description":"Prvn\u00ed netrp\u011bliv\u011b o\u010dek\u00e1van\u00fd skute\u010dn\u00fd p\u0159\u00edchod k Everton Women je tady. Z Bordeaux p\u0159icestovala st\u0159elkyn\u011b Katja Snoeijs.","og_url":"https:\/\/evertonfc.cz\/index.php\/2022\/07\/21\/prichazi-katja-snoeijs\/","og_site_name":"Official Czech &amp; Slovak Everton Supporters&#039; Club","article_publisher":"https:\/\/www.facebook.com\/everton.fans.cz.sk","article_published_time":"2022-07-21T19:37:23+00:00","article_modified_time":"2022-07-22T17:54:13+00:00","og_image":[{"width":720,"height":404,"url":"https:\/\/evertonfc.cz\/wp-content\/uploads\/2022\/07\/katja-snoeijs_web_21_07_2022.jpg","type":"image\/jpeg"}],"author":"Karamela","twitter_card":"summary_large_image","twitter_misc":{"Napsal(a)":"Karamela","Odhadovan\u00e1 doba \u010dten\u00ed":"2 minuty"},"schema":{"@context":"https:\/\/schema.org","@graph":[{"@type":"Article","@id":"https:\/\/evertonfc.cz\/index.php\/2022\/07\/21\/prichazi-katja-snoeijs\/#article","isPartOf":{"@id":"https:\/\/evertonfc.cz\/index.php\/2022\/07\/21\/prichazi-katja-snoeijs\/"},"author":{"name":"Karamela","@id":"https:\/\/evertonfc.cz\/#\/schema\/person\/e9a24a80a32efa1344dd2c4e5882185c"},"headline":"P\u0159ich\u00e1z\u00ed Katja Snoeijs","datePublished":"2022-07-21T19:37:23+00:00","dateModified":"2022-07-22T17:54:13+00:00","mainEntityOfPage":{"@id":"https:\/\/evertonfc.cz\/index.php\/2022\/07\/21\/prichazi-katja-snoeijs\/"},"wordCount":292,"commentCount":0,"publisher":{"@id":"https:\/\/evertonfc.cz\/#organization"},"image":{"@id":"https:\/\/evertonfc.cz\/index.php\/2022\/07\/21\/prichazi-katja-snoeijs\/#primaryimage"},"thumbnailUrl":"https:\/\/evertonfc.cz\/wp-content\/uploads\/2022\/07\/katja-snoeijs_web_21_07_2022.jpg","articleSection":["Everton Women"],"inLanguage":"cs","potentialAction":[{"@type":"CommentAction","name":"Comment","target":["https:\/\/evertonfc.cz\/index.php\/2022\/07\/21\/prichazi-katja-snoeijs\/#respond"]}]},{"@type":"WebPage","@id":"https:\/\/evertonfc.cz\/index.php\/2022\/07\/21\/prichazi-katja-snoeijs\/","url":"https:\/\/evertonfc.cz\/index.php\/2022\/07\/21\/prichazi-katja-snoeijs\/","name":"P\u0159ich\u00e1z\u00ed Katja Snoeijs - Official Czech &amp; Slovak Everton Supporters&#039; Club","isPartOf":{"@id":"https:\/\/evertonfc.cz\/#website"},"primaryImageOfPage":{"@id":"https:\/\/evertonfc.cz\/index.php\/2022\/07\/21\/prichazi-katja-snoeijs\/#primaryimage"},"image":{"@id":"https:\/\/evertonfc.cz\/index.php\/2022\/07\/21\/prichazi-katja-snoeijs\/#primaryimage"},"thumbnailUrl":"https:\/\/evertonfc.cz\/wp-content\/uploads\/2022\/07\/katja-snoeijs_web_21_07_2022.jpg","datePublished":"2022-07-21T19:37:23+00:00","dateModified":"2022-07-22T17:54:13+00:00","breadcrumb":{"@id":"https:\/\/evertonfc.cz\/index.php\/2022\/07\/21\/prichazi-katja-snoeijs\/#breadcrumb"},"inLanguage":"cs","potentialAction":[{"@type":"ReadAction","target":["https:\/\/evertonfc.cz\/index.php\/2022\/07\/21\/prichazi-katja-snoeijs\/"]}]},{"@type":"ImageObject","inLanguage":"cs","@id":"https:\/\/evertonfc.cz\/index.php\/2022\/07\/21\/prichazi-katja-snoeijs\/#primaryimage","url":"https:\/\/evertonfc.cz\/wp-content\/uploads\/2022\/07\/katja-snoeijs_web_21_07_2022.jpg","contentUrl":"https:\/\/evertonfc.cz\/wp-content\/uploads\/2022\/07\/katja-snoeijs_web_21_07_2022.jpg","width":720,"height":404},{"@type":"BreadcrumbList","@id":"https:\/\/evertonfc.cz\/index.php\/2022\/07\/21\/prichazi-katja-snoeijs\/#breadcrumb","itemListElement":[{"@type":"ListItem","position":1,"name":"Home","item":"https:\/\/evertonfc.cz\/"},{"@type":"ListItem","position":2,"name":"P\u0159ich\u00e1z\u00ed Katja Snoeijs"}]},{"@type":"WebSite","@id":"https:\/\/evertonfc.cz\/#website","url":"https:\/\/evertonfc.cz\/","name":"Official Czech &amp; Slovak Everton Supporters&#039; Club","description":"","publisher":{"@id":"https:\/\/evertonfc.cz\/#organization"},"potentialAction":[{"@type":"SearchAction","target":{"@type":"EntryPoint","urlTemplate":"https:\/\/evertonfc.cz\/?s={search_term_string}"},"query-input":{"@type":"PropertyValueSpecification","valueRequired":true,"valueName":"search_term_string"}}],"inLanguage":"cs"},{"@type":"Organization","@id":"https:\/\/evertonfc.cz\/#organization","name":"Official Czech & Slovak Everton Supporters' Club","url":"https:\/\/evertonfc.cz\/","logo":{"@type":"ImageObject","inLanguage":"cs","@id":"https:\/\/evertonfc.cz\/#\/schema\/logo\/image\/","url":"https:\/\/evertonfc.cz\/wp-content\/uploads\/2019\/05\/logo.png","contentUrl":"https:\/\/evertonfc.cz\/wp-content\/uploads\/2019\/05\/logo.png","width":112,"height":112,"caption":"Official Czech & Slovak Everton Supporters' Club"},"image":{"@id":"https:\/\/evertonfc.cz\/#\/schema\/logo\/image\/"},"sameAs":["https:\/\/www.facebook.com\/everton.fans.cz.sk"]},{"@type":"Person","@id":"https:\/\/evertonfc.cz\/#\/schema\/person\/e9a24a80a32efa1344dd2c4e5882185c","name":"Karamela","url":"https:\/\/evertonfc.cz\/index.php\/author\/karamela\/"}]}},"_links":{"self":[{"href":"https:\/\/evertonfc.cz\/index.php\/wp-json\/wp\/v2\/posts\/19173"}],"collection":[{"href":"https:\/\/evertonfc.cz\/index.php\/wp-json\/wp\/v2\/posts"}],"about":[{"href":"https:\/\/evertonfc.cz\/index.php\/wp-json\/wp\/v2\/types\/post"}],"author":[{"embeddable":true,"href":"https:\/\/evertonfc.cz\/index.php\/wp-json\/wp\/v2\/users\/26"}],"replies":[{"embeddable":true,"href":"https:\/\/evertonfc.cz\/index.php\/wp-json\/wp\/v2\/comments?post=19173"}],"version-history":[{"count":10,"href":"https:\/\/evertonfc.cz\/index.php\/wp-json\/wp\/v2\/posts\/19173\/revisions"}],"predecessor-version":[{"id":19198,"href":"https:\/\/evertonfc.cz\/index.php\/wp-json\/wp\/v2\/posts\/19173\/revisions\/19198"}],"wp:featuredmedia":[{"embeddable":true,"href":"https:\/\/evertonfc.cz\/index.php\/wp-json\/wp\/v2\/media\/19178"}],"wp:attachment":[{"href":"https:\/\/evertonfc.cz\/index.php\/wp-json\/wp\/v2\/media?parent=19173"}],"wp:term":[{"taxonomy":"category","embeddable":true,"href":"https:\/\/evertonfc.cz\/index.php\/wp-json\/wp\/v2\/categories?post=19173"},{"taxonomy":"post_tag","embeddable":true,"href":"https:\/\/evertonfc.cz\/index.php\/wp-json\/wp\/v2\/tags?post=19173"}],"curies":[{"name":"wp","href":"https:\/\/api.w.org\/{rel}","templated":true}]}}