{"id":19188,"date":"2022-07-22T12:43:37","date_gmt":"2022-07-22T10:43:37","guid":{"rendered":"https:\/\/evertonfc.cz\/?p=19188"},"modified":"2022-07-22T15:18:26","modified_gmt":"2022-07-22T13:18:26","slug":"minnesota-united-everton-40","status":"publish","type":"post","link":"https:\/\/evertonfc.cz\/index.php\/2022\/07\/22\/minnesota-united-everton-40\/","title":{"rendered":"Minnesota United &#8211; Everton 4:0"},"content":{"rendered":"<h4>Jatka v St. Paul nebudou tou nejlep\u0161\u00ed vzpom\u00ednkou na letn\u00ed p\u0159edsez\u00f3nn\u00ed p\u0159\u00edpravu. Everton pojal USA Tour 2022, co se t\u00fd\u010de PR, celkem v\u00e1\u017en\u011b, na h\u0159i\u0161t\u011b to ale moc ne\u0161lo.<\/h4>\n<p>Hlavn\u00ed slovo dostal b\u00fdval\u00fd hr\u00e1\u010d Leon Osman, kter\u00fd k n\u00e1m pravideln\u011b promlouval i se sv\u00fdmi hosty z \u0159ad hr\u00e1\u010d\u016f. Logick\u00fdm vy\u00fast\u011bn\u00edm leto\u0161n\u00ed oslavy merseyside-americk\u00e9ho p\u0159\u00e1telstv\u00ed byla n\u00e1v\u0161t\u011bva u jedn\u00e9 z legend Evertonu 80. let. Adrian Heath z\u00edskal za sv\u00fdch 7 let s\u00a0Evertonem 8 trofej\u00ed, nast\u0159\u00edlel v\u00a0modr\u00e9m drezu obdivuhodn\u00fdch 94 branek ve 308 z\u00e1pasech. Letos k\u00a0tomu \u201ene\u010dekan\u011b\u201c z\u00edskal od severoamerick\u00fdch fanou\u0161k\u016f The North American All-Star Award. \u0160lo o 2. ro\u010dn\u00edk, prvn\u00ed opanoval Tim Howard. V\u00a0hlasov\u00e1n\u00ed, vzhledem k\u00a0volb\u011b leto\u0161n\u00edho soupe\u0159e, nem\u011bl patrn\u011b konkurenci.<\/p>\n<h4>P\u0159edstaven\u00ed soupe\u0159e<\/h4>\n<p>Minnesota United vznikla v roce 2010, pro\u0161la faceliftem o 5 let pozd\u011bji. Heath je hlavn\u00edm kou\u010dem od roku 2017, kdy za\u010dala nastupovat v MLS. Ve znaku se roztahuje pot\u00e1plice, st\u00e1tn\u00ed to pt\u00e1k Minnesoty. Za svoje dom\u00e1c\u00ed prost\u0159ed\u00ed maj\u00ed Allianz Field, kter\u00fd pojme v\u00edce ne\u017e 19 tis\u00edc div\u00e1k\u016f.<\/p>\n<p>Nejv\u011bt\u0161\u00ed \u00fasp\u011bch klub za\u017eil v\u00a0covidem zkr\u00e1cen\u00e9 sez\u00f3n\u011b 2020, kdy po 4. m\u00edst\u011b v\u00a0z\u00e1kladn\u00ed \u010d\u00e1sti sv\u00e9 Z\u00e1padn\u00ed konference v\u00a0play-off po 2 v\u00edt\u011bzstv\u00edch vypadl v\u00a0konferen\u010dn\u00edm fin\u00e1le se Seattlem. Leto\u0161n\u00ed ro\u010dn\u00edk maj\u00ed rozjet\u00fd dob\u0159e, zat\u00edm jsou znovu na 4. m\u00edst\u011b v\u00a0konferenci. Zku\u0161enost s\u00a0anglick\u00fdm fotbalem za\u017eili v\u00a0roce 2019, kdy 17.\u00a0\u010dervence podlehli Aston Ville 3:0.<\/p>\n<h4>Z\u00e1pas<\/h4>\n<p>Snad do\u0161lo ze strany Evertonu k podcen\u011bn\u00ed stoupaj\u00edc\u00ed v\u00fdkonnosti t\u00fdm\u016f z MLS. Up\u0159\u00edmn\u011b, Toffees v p\u0159\u00edprav\u011b nikdy moc nez\u00e1\u0159ili, v z\u00e1mo\u0159\u00ed u\u017e p\u00e1r proher utr\u017eili, se Salt Lake City v roce 2007, v Chicagu o rok pozd\u011bj\u00ed a s Philadephi\u00ed v 2011. Nastoupit po 2 t\u00fddnech p\u0159\u00edpravy proti rozjet\u00e9mu soupe\u0159i neb\u00fdv\u00e1 snadn\u00e9, o tom jsme se p\u0159esv\u011bd\u010dili v Ru\u017eomberku.<\/p>\n<p>Ani se ned\u00e1 \u0159\u00edct, \u017ee by dom\u00e1c\u00ed zapomn\u011bli na americkou pohostinnost. To, co bylo k\u00a0vid\u011bn\u00ed, p\u0159ipom\u00ednalo sp\u00ed\u0161e n\u011bjak\u00fd d\u00edl z\u00a0R\u016f\u017eov\u00e9ho Pantera, kdy hlavn\u00ed hrdina sn\u00ed n\u011bjakou omamnou houbu, ztrat\u00ed svou obvyklou eleganci a kone\u010dn\u011b dostane od toho chl\u00e1pka s\u00a0kn\u00edrkem po\u0159\u00e1dnou \u010do\u010dku. Ten p\u0159\u00edm\u011br jsem pou\u017eil, jak tu\u0161\u00edte, proto\u017ee Everton nastoupil poprv\u00e9 v\u00a0nov\u00fdch extravagantn\u00edch, r\u016f\u017eov\u00fdch venkovn\u00edch dresech.<\/p>\n<p>R\u016f\u017eov\u00ed za\u010dali aktivn\u011b, ale Gordon nena\u0161el p\u0159esn\u011b Iwobiho, stejn\u011b jako Gray\u016fv centr minul DCL. Postupn\u011b se ale host\u00e9 vy\u010derpali a cca od 12. minuty se sp\u00ed\u0161e br\u00e1nili. Nejprve \u00fasp\u011b\u0161n\u011b, kdy\u017e Tarkowski v\u010das zablokoval Hlongwaneho, Pickford musel zasahovat proti st\u0159ele Boxalla. Nedostate\u010dn\u011b odvr\u00e1cen\u00fd roh se vr\u00e1til Daviesovi na \u0161patn\u011b schovanou ruku, n\u00e1sledoval pokutov\u00fd kop, prom\u011bn\u011bn\u00fd Reynosem &#8211;<strong>1:0<\/strong>. Na mstitela si zahr\u00e1l vz\u00e1p\u011bt\u00ed Tarkowski, po souboji s n\u00edm musel nejlep\u0161\u00ed ligov\u00fd st\u0159elec dom\u00e1c\u00edch st\u0159\u00eddat.<\/p>\n<p>Gordon nedos\u00e1hl na pasy od Tarkowsk\u00e9ho a Iwobiho, vz\u00e1p\u011bt\u00ed vybojoval p\u0159\u00edm\u00fd kop, ale ten po ose Gray-DCL neohrozil branku. Za chv\u00edli bylo h\u016f\u0159, po rychl\u00e9m kontru poslal Lawrence p\u0159\u00edzemn\u00ed centr, p\u0159ed brankou si nekompromisn\u011b do vlastn\u00ed s\u00edt\u011b srazil Keane \u2013 <strong>2:0<\/strong>. Trochu bych \u010dekal, \u017ee ho v\u00a0kazajce nalo\u017e\u00ed do p\u0159ipraven\u00e9 sanitky, ale Michael se ot\u0159epal a pokra\u010doval v\u00a0z\u00e1pase.<\/p>\n<p>Za dal\u0161\u00edch p\u00e1r minut n\u00e1sledovala pohroma, kdy\u017e Pickford vyrazil te\u010dovanou st\u0159elu p\u0159ed sebe, kde p\u0159ihl\u00ed\u017eej\u00edc\u00ed obr\u00e1nci nechali zakon\u010dit Amarillu \u2013 <strong>3:0<\/strong>.<\/p>\n<p>P\u0159est\u00e1vka p\u0159inesla velk\u00e9 zm\u011bny, z\u00a0p\u016fvodn\u00edch 22 hr\u00e1\u010d\u016f z\u016fstali na h\u0159i\u0161ti jen Gordon a Gray. Snad jako jedin\u00e1 \u0161ance na \u010destn\u00fd \u00fasp\u011bch. Everton op\u011bt z\u00a0po\u010d\u00e1tku druh\u00e9mu v\u00fdb\u011bru Pot\u00e1plic dominoval, do \u0161anc\u00ed se tla\u010dili jak Gray\/Gordon i nov\u011b p\u0159\u00edchoz\u00ed Dele a Rond\u00f3n. Nebezpe\u010dn\u011bj\u0161\u00ed ale z\u016fst\u00e1vali Minneso\u0165an\u00e9, McMaster oraz\u00edtkoval b\u0159evno.<\/p>\n<p>Postupn\u011b aktivita upadala, od sv\u00fdch pokus\u016f upustili G+G a p\u0159enechali m\u00edsto Stanley Millsovi a Dobbinovi, o chv\u00edli sv\u016fj flek p\u0159epustil i Warrington, toho nahradil Price. Nevyu\u017eit\u00fd na lavi\u010dce z\u016fstal Simms. Do velk\u00e9 \u0161ance se po p\u0159ihr\u00e1vce Holgatea dostal Ali, ale s\u00e1m p\u0159ed pr\u00e1zdnou brankou zam\u00ed\u0159il vedle. Evertonu nebylo zkr\u00e1tka p\u0159\u00e1no. Definitivn\u00ed te\u010dku po Ben\u00edtezov\u011b (!) pasu p\u0159idal Danladi \u2013 <strong>4:0<\/strong>.<\/p>\n<p>Z\u00e1pas a cel\u00e9 tour skon\u010dilo tedy potupn\u011b, poblinkat se n\u00e1v\u0161t\u011bv\u011b u p\u0159\u00e1tel, v\u00a0glob\u00e1ln\u00ed vesnici zvan\u00e9 Zem\u011b, nen\u00ed ide\u00e1ln\u00ed pro hled\u00e1n\u00ed nov\u00fdch zn\u00e1m\u00fdch. V\u00fdsledek byl tentokr\u00e1t asi hor\u0161\u00ed ne\u017e hra.<\/p>\n<p>M\u00edrn\u011b ot\u0159esen\u00fd Frank Lampard uvedl, \u017ee v\u00fdkon nebyl dobr\u00fd apeloval na p\u0159\u00edstup hr\u00e1\u010d\u016f, \u017ee bude p\u0159idat, pokud nem\u00e1me zahu\u010det zp\u011bt do boj\u016f o z\u00e1chranu. P\u0159ipomn\u011bl, \u017ee i p\u0159es mezery v t\u00fdmu a tou\u017een\u00e9 dopln\u011bn\u00ed t\u00fdmu, mus\u00ed o m\u00edsto v sestav\u011b bojovat. Sou\u010dasn\u011b jeho pr\u00e1ce bude nejrychleji naj\u00edt ide\u00e1ln\u00ed syst\u00e9m a rozestaven\u00ed a vybrat nejspolehliv\u011bj\u0161\u00ed hr\u00e1\u010de do z\u00e1kladu. Je to i varov\u00e1n\u00ed pro Moshiriho s Thelwellem, t\u00fdm pot\u0159ebuje pos\u00edlit jako s\u016fl. Snad to bude p\u0159\u00ed\u0161t\u011b zase o kus lep\u0161\u00ed.<\/p>\n<p>Z\u00e1m\u011brem klubu je patrn\u011b sna\u017eit se zapomenout na z\u00e1pas, proto jsem na webu nena\u0161el ani z\u00e1znam, ani sest\u0159ih, kr\u00e1tk\u00fd m\u016f\u017eete zhl\u00e9dnout <a href=\"https:\/\/www.youtube.com\/watch?v=YGq01TQXOgs\" target=\"_blank\" rel=\"noopener\">zde<\/a>.<\/p>\n<p style=\"text-align: right;\"><span style=\"font-size: 8pt;\">foto zdroj: The Sun<\/span><\/p>\n<p style=\"text-align: left;\"><strong>Branky<\/strong>: 16\u2018 Emanuel Reynoso, 32\u2018 Michael Keane vl., 36\u2018 Luis Amarilla, 77\u2018 Abu Danladi.<\/p>\n<p><strong>\u017dlut\u00e9 karty<\/strong>: 87\u2018 Ben Godfrey<\/p>\n<p style=\"text-align: center;\"><span style=\"text-decoration: underline;\"><strong>Sestavy &#8211; 1. polo\u010das<\/strong><\/span><\/p>\n<p><strong>Minnesota United<\/strong>: St.Clair \u2013 Taylor, Boxall, Dibassy, Lawrence \u2013 Rosales, Lod \u2013 Fragapane, Reynoso, Hlongwane \u2013 Amarilla.<\/p>\n<p><strong>Everton<\/strong>: Pickford &#8211; Patterson, Tarkowski, Keane, Mykolenko &#8211; Gordon, Doucoure, Davies, Iwobi, Gray &#8211; Calvert-Lewin<\/p>\n<p style=\"text-align: center;\"><span style=\"text-decoration: underline;\"><strong>Sestavy &#8211; 2. polo\u010das<\/strong><\/span><\/p>\n<p><strong>Minnesota United<\/strong>: Dick \u2013 Ben\u00edtez, Kallman, Montgommery, Fisher &#8211; Kibunguchy, Hayes \u2013 McMasster, Jackson, Hansen \u2013 Danladi.,<\/p>\n<p><strong>Everton<\/strong>: Crellin &#8211; Holgate, Godfrey, Mina, Nkounkou &#8211; Warrington (Price 71\u2019), Gbamin, Dele, Gordon (Dobbin 64\u2019), Gray (Mills 64\u2019) &#8211; Rondon.<\/p>\n","protected":false},"excerpt":{"rendered":"<p>Jatka v St.Paul nebudou tou nejlep\u0161\u00ed vzpom\u00ednkou na letn\u00ed p\u0159edsez\u00f3nn\u00ed p\u0159\u00edpravu. Everton pojal USA Tour 2022, co se t\u00fd\u010de PR, celkem v\u00e1\u017en\u011b, na h\u0159i\u0161t\u011b to ale moc ne\u0161lo.<\/p>\n","protected":false},"author":10,"featured_media":19189,"comment_status":"open","ping_status":"closed","sticky":false,"template":"","format":"standard","meta":{"_eb_attr":"","_monsterinsights_skip_tracking":false,"_monsterinsights_sitenote_active":false,"_monsterinsights_sitenote_note":"","_monsterinsights_sitenote_category":0,"footnotes":""},"categories":[4],"tags":[],"yoast_head":"<!-- This site is optimized with the Yoast SEO plugin v23.4 - https:\/\/yoast.com\/wordpress\/plugins\/seo\/ -->\n<title>Minnesota United - Everton 4:0 - Official Czech &amp; Slovak Everton Supporters&#039; Club<\/title>\n<meta name=\"robots\" content=\"index, follow, max-snippet:-1, max-image-preview:large, max-video-preview:-1\" \/>\n<link rel=\"canonical\" href=\"https:\/\/evertonfc.cz\/index.php\/2022\/07\/22\/minnesota-united-everton-40\/\" \/>\n<meta property=\"og:locale\" content=\"cs_CZ\" \/>\n<meta property=\"og:type\" content=\"article\" \/>\n<meta property=\"og:title\" content=\"Minnesota United - Everton 4:0 - Official Czech &amp; Slovak Everton Supporters&#039; Club\" \/>\n<meta property=\"og:description\" content=\"Jatka v St.Paul nebudou tou nejlep\u0161\u00ed vzpom\u00ednkou na letn\u00ed p\u0159edsez\u00f3nn\u00ed p\u0159\u00edpravu. Everton pojal USA Tour 2022, co se t\u00fd\u010de PR, celkem v\u00e1\u017en\u011b, na h\u0159i\u0161t\u011b to ale moc ne\u0161lo.\" \/>\n<meta property=\"og:url\" content=\"https:\/\/evertonfc.cz\/index.php\/2022\/07\/22\/minnesota-united-everton-40\/\" \/>\n<meta property=\"og:site_name\" content=\"Official Czech &amp; Slovak Everton Supporters&#039; Club\" \/>\n<meta property=\"article:publisher\" content=\"https:\/\/www.facebook.com\/everton.fans.cz.sk\" \/>\n<meta property=\"article:published_time\" content=\"2022-07-22T10:43:37+00:00\" \/>\n<meta property=\"article:modified_time\" content=\"2022-07-22T13:18:26+00:00\" \/>\n<meta property=\"og:image\" content=\"https:\/\/evertonfc.cz\/wp-content\/uploads\/2022\/07\/minnesota.jpg\" \/>\n\t<meta property=\"og:image:width\" content=\"720\" \/>\n\t<meta property=\"og:image:height\" content=\"405\" \/>\n\t<meta property=\"og:image:type\" content=\"image\/jpeg\" \/>\n<meta name=\"author\" content=\"Fip\" \/>\n<meta name=\"twitter:card\" content=\"summary_large_image\" \/>\n<meta name=\"twitter:label1\" content=\"Napsal(a)\" \/>\n\t<meta name=\"twitter:data1\" content=\"Fip\" \/>\n\t<meta name=\"twitter:label2\" content=\"Odhadovan\u00e1 doba \u010dten\u00ed\" \/>\n\t<meta name=\"twitter:data2\" content=\"5 minut\" \/>\n<script type=\"application\/ld+json\" class=\"yoast-schema-graph\">{\"@context\":\"https:\/\/schema.org\",\"@graph\":[{\"@type\":\"Article\",\"@id\":\"https:\/\/evertonfc.cz\/index.php\/2022\/07\/22\/minnesota-united-everton-40\/#article\",\"isPartOf\":{\"@id\":\"https:\/\/evertonfc.cz\/index.php\/2022\/07\/22\/minnesota-united-everton-40\/\"},\"author\":{\"name\":\"Fip\",\"@id\":\"https:\/\/evertonfc.cz\/#\/schema\/person\/35904009755e8eaa0dc1a5f5f0419002\"},\"headline\":\"Minnesota United &#8211; Everton 4:0\",\"datePublished\":\"2022-07-22T10:43:37+00:00\",\"dateModified\":\"2022-07-22T13:18:26+00:00\",\"mainEntityOfPage\":{\"@id\":\"https:\/\/evertonfc.cz\/index.php\/2022\/07\/22\/minnesota-united-everton-40\/\"},\"wordCount\":1074,\"commentCount\":1,\"publisher\":{\"@id\":\"https:\/\/evertonfc.cz\/#organization\"},\"image\":{\"@id\":\"https:\/\/evertonfc.cz\/index.php\/2022\/07\/22\/minnesota-united-everton-40\/#primaryimage\"},\"thumbnailUrl\":\"https:\/\/evertonfc.cz\/wp-content\/uploads\/2022\/07\/minnesota.jpg\",\"articleSection\":[\"Z\u00e1pasy\"],\"inLanguage\":\"cs\",\"potentialAction\":[{\"@type\":\"CommentAction\",\"name\":\"Comment\",\"target\":[\"https:\/\/evertonfc.cz\/index.php\/2022\/07\/22\/minnesota-united-everton-40\/#respond\"]}]},{\"@type\":\"WebPage\",\"@id\":\"https:\/\/evertonfc.cz\/index.php\/2022\/07\/22\/minnesota-united-everton-40\/\",\"url\":\"https:\/\/evertonfc.cz\/index.php\/2022\/07\/22\/minnesota-united-everton-40\/\",\"name\":\"Minnesota United - Everton 4:0 - Official Czech &amp; Slovak Everton Supporters&#039; Club\",\"isPartOf\":{\"@id\":\"https:\/\/evertonfc.cz\/#website\"},\"primaryImageOfPage\":{\"@id\":\"https:\/\/evertonfc.cz\/index.php\/2022\/07\/22\/minnesota-united-everton-40\/#primaryimage\"},\"image\":{\"@id\":\"https:\/\/evertonfc.cz\/index.php\/2022\/07\/22\/minnesota-united-everton-40\/#primaryimage\"},\"thumbnailUrl\":\"https:\/\/evertonfc.cz\/wp-content\/uploads\/2022\/07\/minnesota.jpg\",\"datePublished\":\"2022-07-22T10:43:37+00:00\",\"dateModified\":\"2022-07-22T13:18:26+00:00\",\"breadcrumb\":{\"@id\":\"https:\/\/evertonfc.cz\/index.php\/2022\/07\/22\/minnesota-united-everton-40\/#breadcrumb\"},\"inLanguage\":\"cs\",\"potentialAction\":[{\"@type\":\"ReadAction\",\"target\":[\"https:\/\/evertonfc.cz\/index.php\/2022\/07\/22\/minnesota-united-everton-40\/\"]}]},{\"@type\":\"ImageObject\",\"inLanguage\":\"cs\",\"@id\":\"https:\/\/evertonfc.cz\/index.php\/2022\/07\/22\/minnesota-united-everton-40\/#primaryimage\",\"url\":\"https:\/\/evertonfc.cz\/wp-content\/uploads\/2022\/07\/minnesota.jpg\",\"contentUrl\":\"https:\/\/evertonfc.cz\/wp-content\/uploads\/2022\/07\/minnesota.jpg\",\"width\":720,\"height\":405},{\"@type\":\"BreadcrumbList\",\"@id\":\"https:\/\/evertonfc.cz\/index.php\/2022\/07\/22\/minnesota-united-everton-40\/#breadcrumb\",\"itemListElement\":[{\"@type\":\"ListItem\",\"position\":1,\"name\":\"Home\",\"item\":\"https:\/\/evertonfc.cz\/\"},{\"@type\":\"ListItem\",\"position\":2,\"name\":\"Minnesota United &#8211; Everton 4:0\"}]},{\"@type\":\"WebSite\",\"@id\":\"https:\/\/evertonfc.cz\/#website\",\"url\":\"https:\/\/evertonfc.cz\/\",\"name\":\"Official Czech &amp; Slovak Everton Supporters&#039; Club\",\"description\":\"\",\"publisher\":{\"@id\":\"https:\/\/evertonfc.cz\/#organization\"},\"potentialAction\":[{\"@type\":\"SearchAction\",\"target\":{\"@type\":\"EntryPoint\",\"urlTemplate\":\"https:\/\/evertonfc.cz\/?s={search_term_string}\"},\"query-input\":{\"@type\":\"PropertyValueSpecification\",\"valueRequired\":true,\"valueName\":\"search_term_string\"}}],\"inLanguage\":\"cs\"},{\"@type\":\"Organization\",\"@id\":\"https:\/\/evertonfc.cz\/#organization\",\"name\":\"Official Czech & Slovak Everton Supporters' Club\",\"url\":\"https:\/\/evertonfc.cz\/\",\"logo\":{\"@type\":\"ImageObject\",\"inLanguage\":\"cs\",\"@id\":\"https:\/\/evertonfc.cz\/#\/schema\/logo\/image\/\",\"url\":\"https:\/\/evertonfc.cz\/wp-content\/uploads\/2019\/05\/logo.png\",\"contentUrl\":\"https:\/\/evertonfc.cz\/wp-content\/uploads\/2019\/05\/logo.png\",\"width\":112,\"height\":112,\"caption\":\"Official Czech & Slovak Everton Supporters' Club\"},\"image\":{\"@id\":\"https:\/\/evertonfc.cz\/#\/schema\/logo\/image\/\"},\"sameAs\":[\"https:\/\/www.facebook.com\/everton.fans.cz.sk\"]},{\"@type\":\"Person\",\"@id\":\"https:\/\/evertonfc.cz\/#\/schema\/person\/35904009755e8eaa0dc1a5f5f0419002\",\"name\":\"Fip\",\"url\":\"https:\/\/evertonfc.cz\/index.php\/author\/fip\/\"}]}<\/script>\n<!-- \/ Yoast SEO plugin. -->","yoast_head_json":{"title":"Minnesota United - Everton 4:0 - Official Czech &amp; Slovak Everton Supporters&#039; Club","robots":{"index":"index","follow":"follow","max-snippet":"max-snippet:-1","max-image-preview":"max-image-preview:large","max-video-preview":"max-video-preview:-1"},"canonical":"https:\/\/evertonfc.cz\/index.php\/2022\/07\/22\/minnesota-united-everton-40\/","og_locale":"cs_CZ","og_type":"article","og_title":"Minnesota United - Everton 4:0 - Official Czech &amp; Slovak Everton Supporters&#039; Club","og_description":"Jatka v St.Paul nebudou tou nejlep\u0161\u00ed vzpom\u00ednkou na letn\u00ed p\u0159edsez\u00f3nn\u00ed p\u0159\u00edpravu. Everton pojal USA Tour 2022, co se t\u00fd\u010de PR, celkem v\u00e1\u017en\u011b, na h\u0159i\u0161t\u011b to ale moc ne\u0161lo.","og_url":"https:\/\/evertonfc.cz\/index.php\/2022\/07\/22\/minnesota-united-everton-40\/","og_site_name":"Official Czech &amp; Slovak Everton Supporters&#039; Club","article_publisher":"https:\/\/www.facebook.com\/everton.fans.cz.sk","article_published_time":"2022-07-22T10:43:37+00:00","article_modified_time":"2022-07-22T13:18:26+00:00","og_image":[{"width":720,"height":405,"url":"https:\/\/evertonfc.cz\/wp-content\/uploads\/2022\/07\/minnesota.jpg","type":"image\/jpeg"}],"author":"Fip","twitter_card":"summary_large_image","twitter_misc":{"Napsal(a)":"Fip","Odhadovan\u00e1 doba \u010dten\u00ed":"5 minut"},"schema":{"@context":"https:\/\/schema.org","@graph":[{"@type":"Article","@id":"https:\/\/evertonfc.cz\/index.php\/2022\/07\/22\/minnesota-united-everton-40\/#article","isPartOf":{"@id":"https:\/\/evertonfc.cz\/index.php\/2022\/07\/22\/minnesota-united-everton-40\/"},"author":{"name":"Fip","@id":"https:\/\/evertonfc.cz\/#\/schema\/person\/35904009755e8eaa0dc1a5f5f0419002"},"headline":"Minnesota United &#8211; Everton 4:0","datePublished":"2022-07-22T10:43:37+00:00","dateModified":"2022-07-22T13:18:26+00:00","mainEntityOfPage":{"@id":"https:\/\/evertonfc.cz\/index.php\/2022\/07\/22\/minnesota-united-everton-40\/"},"wordCount":1074,"commentCount":1,"publisher":{"@id":"https:\/\/evertonfc.cz\/#organization"},"image":{"@id":"https:\/\/evertonfc.cz\/index.php\/2022\/07\/22\/minnesota-united-everton-40\/#primaryimage"},"thumbnailUrl":"https:\/\/evertonfc.cz\/wp-content\/uploads\/2022\/07\/minnesota.jpg","articleSection":["Z\u00e1pasy"],"inLanguage":"cs","potentialAction":[{"@type":"CommentAction","name":"Comment","target":["https:\/\/evertonfc.cz\/index.php\/2022\/07\/22\/minnesota-united-everton-40\/#respond"]}]},{"@type":"WebPage","@id":"https:\/\/evertonfc.cz\/index.php\/2022\/07\/22\/minnesota-united-everton-40\/","url":"https:\/\/evertonfc.cz\/index.php\/2022\/07\/22\/minnesota-united-everton-40\/","name":"Minnesota United - Everton 4:0 - Official Czech &amp; Slovak Everton Supporters&#039; Club","isPartOf":{"@id":"https:\/\/evertonfc.cz\/#website"},"primaryImageOfPage":{"@id":"https:\/\/evertonfc.cz\/index.php\/2022\/07\/22\/minnesota-united-everton-40\/#primaryimage"},"image":{"@id":"https:\/\/evertonfc.cz\/index.php\/2022\/07\/22\/minnesota-united-everton-40\/#primaryimage"},"thumbnailUrl":"https:\/\/evertonfc.cz\/wp-content\/uploads\/2022\/07\/minnesota.jpg","datePublished":"2022-07-22T10:43:37+00:00","dateModified":"2022-07-22T13:18:26+00:00","breadcrumb":{"@id":"https:\/\/evertonfc.cz\/index.php\/2022\/07\/22\/minnesota-united-everton-40\/#breadcrumb"},"inLanguage":"cs","potentialAction":[{"@type":"ReadAction","target":["https:\/\/evertonfc.cz\/index.php\/2022\/07\/22\/minnesota-united-everton-40\/"]}]},{"@type":"ImageObject","inLanguage":"cs","@id":"https:\/\/evertonfc.cz\/index.php\/2022\/07\/22\/minnesota-united-everton-40\/#primaryimage","url":"https:\/\/evertonfc.cz\/wp-content\/uploads\/2022\/07\/minnesota.jpg","contentUrl":"https:\/\/evertonfc.cz\/wp-content\/uploads\/2022\/07\/minnesota.jpg","width":720,"height":405},{"@type":"BreadcrumbList","@id":"https:\/\/evertonfc.cz\/index.php\/2022\/07\/22\/minnesota-united-everton-40\/#breadcrumb","itemListElement":[{"@type":"ListItem","position":1,"name":"Home","item":"https:\/\/evertonfc.cz\/"},{"@type":"ListItem","position":2,"name":"Minnesota United &#8211; Everton 4:0"}]},{"@type":"WebSite","@id":"https:\/\/evertonfc.cz\/#website","url":"https:\/\/evertonfc.cz\/","name":"Official Czech &amp; Slovak Everton Supporters&#039; Club","description":"","publisher":{"@id":"https:\/\/evertonfc.cz\/#organization"},"potentialAction":[{"@type":"SearchAction","target":{"@type":"EntryPoint","urlTemplate":"https:\/\/evertonfc.cz\/?s={search_term_string}"},"query-input":{"@type":"PropertyValueSpecification","valueRequired":true,"valueName":"search_term_string"}}],"inLanguage":"cs"},{"@type":"Organization","@id":"https:\/\/evertonfc.cz\/#organization","name":"Official Czech & Slovak Everton Supporters' Club","url":"https:\/\/evertonfc.cz\/","logo":{"@type":"ImageObject","inLanguage":"cs","@id":"https:\/\/evertonfc.cz\/#\/schema\/logo\/image\/","url":"https:\/\/evertonfc.cz\/wp-content\/uploads\/2019\/05\/logo.png","contentUrl":"https:\/\/evertonfc.cz\/wp-content\/uploads\/2019\/05\/logo.png","width":112,"height":112,"caption":"Official Czech & Slovak Everton Supporters' Club"},"image":{"@id":"https:\/\/evertonfc.cz\/#\/schema\/logo\/image\/"},"sameAs":["https:\/\/www.facebook.com\/everton.fans.cz.sk"]},{"@type":"Person","@id":"https:\/\/evertonfc.cz\/#\/schema\/person\/35904009755e8eaa0dc1a5f5f0419002","name":"Fip","url":"https:\/\/evertonfc.cz\/index.php\/author\/fip\/"}]}},"_links":{"self":[{"href":"https:\/\/evertonfc.cz\/index.php\/wp-json\/wp\/v2\/posts\/19188"}],"collection":[{"href":"https:\/\/evertonfc.cz\/index.php\/wp-json\/wp\/v2\/posts"}],"about":[{"href":"https:\/\/evertonfc.cz\/index.php\/wp-json\/wp\/v2\/types\/post"}],"author":[{"embeddable":true,"href":"https:\/\/evertonfc.cz\/index.php\/wp-json\/wp\/v2\/users\/10"}],"replies":[{"embeddable":true,"href":"https:\/\/evertonfc.cz\/index.php\/wp-json\/wp\/v2\/comments?post=19188"}],"version-history":[{"count":7,"href":"https:\/\/evertonfc.cz\/index.php\/wp-json\/wp\/v2\/posts\/19188\/revisions"}],"predecessor-version":[{"id":19196,"href":"https:\/\/evertonfc.cz\/index.php\/wp-json\/wp\/v2\/posts\/19188\/revisions\/19196"}],"wp:featuredmedia":[{"embeddable":true,"href":"https:\/\/evertonfc.cz\/index.php\/wp-json\/wp\/v2\/media\/19189"}],"wp:attachment":[{"href":"https:\/\/evertonfc.cz\/index.php\/wp-json\/wp\/v2\/media?parent=19188"}],"wp:term":[{"taxonomy":"category","embeddable":true,"href":"https:\/\/evertonfc.cz\/index.php\/wp-json\/wp\/v2\/categories?post=19188"},{"taxonomy":"post_tag","embeddable":true,"href":"https:\/\/evertonfc.cz\/index.php\/wp-json\/wp\/v2\/tags?post=19188"}],"curies":[{"name":"wp","href":"https:\/\/api.w.org\/{rel}","templated":true}]}}