{"id":19199,"date":"2022-07-23T13:27:55","date_gmt":"2022-07-23T11:27:55","guid":{"rendered":"https:\/\/evertonfc.cz\/?p=19199"},"modified":"2022-08-17T13:12:26","modified_gmt":"2022-08-17T11:12:26","slug":"3-rocnik-dobrocinnej-drazby","status":"publish","type":"post","link":"https:\/\/evertonfc.cz\/index.php\/2022\/07\/23\/3-rocnik-dobrocinnej-drazby\/","title":{"rendered":"3. ro\u010dn\u00edk dobro\u010dinnej dra\u017eby"},"content":{"rendered":"<h4>Po dvojro\u010dnej prest\u00e1vke sp\u00f4sobenej pand\u00e9miou Covidu-19 sa op\u00e4\u0165 vraciame k\u00a0zalo\u017eenej trad\u00edcii zbiera\u0165 finan\u010dn\u00e9 prostriedky na podporu charitat\u00edvnych organiz\u00e1cii.<\/h4>\n<p>Pre na\u0161ich \u010ditate\u013eov m\u00f4\u017eem pripomen\u00fa\u0165, \u017ee t\u00fato snahu sme za\u010dali vyv\u00edja\u0165 v roku 2018 potom, \u010do sme z\u00edskali od klubu podp\u00edsan\u00fd merchandise (slovensky \u2013 klubov\u00fd tovar), konkr\u00e9tne dres, na ktor\u00fd ako ofici\u00e1lne registrovan\u00fd fanklub m\u00e1me n\u00e1rok. Dohoda znela, \u017ee ka\u017ed\u00fd rok sa prestrieda pomoc vybran\u00fdm organiz\u00e1ci\u00e1m medzi Slovenskou a \u010ceskou republikou. <strong><a href=\"https:\/\/evertonfc.cz\/index.php\/2018\/05\/04\/odovzdali-sme-vytazok-z-drazby-dresu-a-zbierky-na-dobrocinne-ucely\/\" target=\"_blank\" rel=\"noopener\">Prv\u00fd ro\u010dn\u00edk sme pomohli slovensk\u00e9mu ob\u010dianskemu zdru\u017eeniu N\u00e1vrat<\/a><\/strong>, s\u00eddliacemu v Bratislave, ktor\u00e9 sa venuje pomoci de\u0165om. <a href=\"https:\/\/evertonfc.cz\/index.php\/2019\/10\/07\/hlasenie-poctili-sme-prahu\/\" target=\"_blank\" rel=\"noopener\"><strong>O rok nesk\u00f4r sme zase nav\u0161t\u00edvili Prahu, a darovali vyzbieran\u00e9 a vydra\u017een\u00e9 peniaze Nad\u00e1cii Terezy Maxovej<\/strong><\/a>. T\u00e1 sa venuje pomoci rodin\u00e1m.<\/p>\n<p>Potom v\u0161ak ist\u00fd v\u00edrus zastihol svet nepripraven\u00fd a nastala v\u0161eobecn\u00e1\u00a0 dvojro\u010dn\u00e1 izol\u00e1cia. Tak sme sa v jadre fanklubu interne zhodli na tom, \u017ee po\u010das pand\u00e9mie a lockdownov po\u010dk\u00e1me s podobn\u00fdmi akciami. Predsa len, \u017eivotn\u00e9 situ\u00e1cie mnoh\u00fdch \u013eud\u00ed sa razom zmenili. Dnes n\u00e1m u\u017e ale situ\u00e1cia praje, a preto n\u00e1m ni\u010d nebr\u00e1ni op\u00e4tovne zapoji\u0165 sily a pe\u0148a\u017eenky na podporu dobrej veci. Dresov od klubu sa n\u00e1m u\u017e toti\u017e nazbieralo slu\u0161ne.<\/p>\n<h4><strong>Komu pom\u00f4\u017eeme?<\/strong><\/h4>\n<p>Pre r\u00fdchlej\u0161ie zah\u00e1jenie aukcie sme tento rok o\u017eeleli demokratick\u00e9 hlasovanie na webe o ur\u010den\u00ed konkr\u00e9tnej pomoci. Akt\u00edvne jadro fanklubu interne s\u00fahlasilo s venovan\u00edm zbierky na podporu Ukrajine. Ak by sa tu ale na\u0161iel niekto, kto m\u00e1 vo\u010di tomu v\u00fdhrady, pros\u00edm, nech ich od\u00f4vodn\u00ed v koment\u00e1roch, a pri zhode v\u00e4\u010d\u0161iny sa m\u00f4\u017ee t\u00e1to ot\u00e1zka znovu prehodnoti\u0165 a vybra\u0165 tak in\u00e9ho pr\u00edjemcu.<\/p>\n<p>Ke\u010f\u017ee m\u00e1me nep\u00e1rny ro\u010dn\u00edk, na rade je slovensk\u00e1 organiz\u00e1cia. Zvolen\u00e1 bola mimovl\u00e1dna neziskov\u00e1 organiz\u00e1cia <a href=\"https:\/\/clovekvohrozeni.sk\/pomoc-ukrajina\/\" target=\"_blank\" rel=\"noopener\"><strong>\u201e\u010clovek v ohrozen\u00ed\u201c, konkr\u00e9tne jej sekcia pre pomoc Ukrajine<\/strong><\/a>. V roku 1999 ju zalo\u017eila skupina novin\u00e1rov, ktor\u00fdmi \u013eudsky pohli drviv\u00e9 d\u00f4sledky konfliktu na civilistov vo vtedaj\u0161om vojnou zmietanom Kosove. Ich spont\u00e1nna humanit\u00e1rna reakcia vy\u00fastila do potreby zalo\u017ei\u0165 organiz\u00e1ciu, ktor\u00e1 adresne reaguje na vzniknut\u00e9 kr\u00edzov\u00e9 situ\u00e1cie vo svete. Od za\u010diatku vojny na Ukrajine pom\u00e1haj\u00fa \u013eu\u010fom, ktor\u00ed museli opusti\u0165 svoje domovy.<\/p>\n<p>Na slovensko-ukrajinsk\u00fdch hraniciach boli pr\u00edtomn\u00ed hne\u010f na druh\u00fd de\u0148 od vypuknutia konfliktu. Poskytuj\u00fa humanit\u00e1rnu pomoc v regi\u00f3ne Zakarpatska, kde svoje do\u010dasn\u00e9 domovy na\u0161li stovky tis\u00edc \u013eud\u00ed. Na Slovensku pom\u00e1haj\u00fa Ukrajincov a Ukrajinky integrova\u0165 do na\u0161ej spolo\u010dnosti a d\u00e1vaj\u00fa im \u0161ancu na d\u00f4stojn\u00fd \u017eivot. Doteraz sa im podarilo vyzbiera\u0165 u\u017e viac ako 8 mili\u00f3nov eur. Na\u0161im v\u00fdchodn\u00fdm susedom v\u0161ak pom\u00e1hali aj pred vojnou, a to v Doneckej a Luhanskej oblasti, ktor\u00e9 s\u00fa dlhodobo odk\u00e1zan\u00e9 na pomoc zvonka u\u017e od anexie Krymu.<\/p>\n<h4><strong>Na \u010do konkr\u00e9tne m\u00f4\u017eu putova\u0165 vyzbieran\u00e9 peniaze?<\/strong><\/h4>\n<ul>\n<li>Na pitn\u00fa vodu a jedlo<\/li>\n<li>Na hygienick\u00e9 potreby<\/li>\n<li>Na zdravotn\u00edcke vybavenie<\/li>\n<li>Na matrace, deky, kuchynsk\u00e9 vybavenie, pr\u00e1\u010dky, sprchy, toalety<\/li>\n<li>Na informa\u010dn\u00e9 centr\u00e1 o do\u010dasnom \u00fato\u010disku a praktickom fungovan\u00ed po pr\u00edchode na SK<\/li>\n<li>Na psychosoci\u00e1lnu podporu<\/li>\n<li>Na detsk\u00e9 k\u00fatiky<\/li>\n<li>Na asistenciu s n\u00e1v\u0161tevou \u00faradov, lek\u00e1rov, cudzineckej pol\u00edcie<\/li>\n<li>Na pomoc s n\u00e1jden\u00edm pr\u00e1ce a \u0161koly pre deti<\/li>\n<\/ul>\n<h4 style=\"text-align: center;\"><span style=\"text-decoration: underline;\"><strong>Mo\u017enos\u0165 prispie\u0165<\/strong><\/span><\/h4>\n<p><strong>Rovnako ako predo\u0161l\u00e9 ro\u010dn\u00edky, aj tento d\u00e1vame mo\u017enos\u0165 ka\u017ed\u00e9mu dobrovo\u013ene prispie\u0165 \u013eubovo\u013enou sumou (pom\u00f4\u017ee aj 5\u20ac). Preto, ak m\u00e1te z\u00e1ujem spravi\u0165 nie\u010do dobr\u00e9 z vlastnej v\u00f4le, nap\u00ed\u0161te n\u00e1m na n\u00e1\u0161 email \u2013 <a href=\"mailto:czskevertonians@gmail.com\">czskevertonians@gmail.com<\/a><\/strong><\/p>\n<p><strong>Pros\u00edm, uve\u010fte v \u0148om predmet \u201eDra\u017eba Everton\u201c, va\u0161e meno, nickname (ak ste zaregistrovan\u00fd) a sumu, ktorou chcete prispie\u0165. Obratom v\u00e1m pr\u00edde odpove\u010f, na ak\u00e9 \u010d\u00edslo \u00fa\u010dtu treba peniaze posla\u0165.<\/strong><\/p>\n<p>Kv\u00f4li \u0161etreniu na poplatkoch bank\u00e1m, \u013eudia zo Slovenska m\u00f4\u017eu posiela\u0165 peniaze na slovensk\u00fd \u00fa\u010det a z \u010ceskej republiky na \u010desk\u00fd. Prostriedky sa potom zjednotia naraz a poplatok banke za medzin\u00e1rodn\u00fd prevod sa zaplat\u00ed iba raz. Aby sa zabezpe\u010dila transparentnos\u0165, na z\u00e1ver zverejn\u00edme sumy pe\u0148az\u00ed od jednotlivcov, aby sa mohli skontrolova\u0165 a overi\u0165 tak korektnos\u0165 celkovej sumy. Ak m\u00e1te nejak\u00e9 ot\u00e1zky alebo pochybnosti, pros\u00edm, adresujte ich v koment\u00e1roch, alebo n\u00e1m nap\u00ed\u0161te na vy\u0161\u0161ie uveden\u00fa emailov\u00fa adresu. \u010eakujeme.<\/p>\n<h4 style=\"text-align: center;\"><span style=\"text-decoration: underline;\"><strong>Ako dra\u017ei\u0165?<\/strong><\/span><\/h4>\n<p><strong>Dra\u017e\u00ed sa formou koment\u00e1rov pod t\u00fdmto \u010dl\u00e1nkom.<\/strong> Kto pon\u00fakne v koment\u00e1roch najvy\u0161\u0161iu sumu za dan\u00fd predmet, ho aj z\u00edska. Z\u00e1rove\u0148 k danej sume m\u00f4\u017ee ka\u017ed\u00fd prispie\u0165 dobrovo\u013en\u00fdm pr\u00edspevkom, aby sme v\u00fdsledn\u00fa sumu e\u0161te nav\u00fd\u0161ili a pomohli, ako sa len d\u00e1.<strong> Ka\u017ed\u00fd dra\u017een\u00fd predmet m\u00e1 vlastn\u00e9 vl\u00e1kno.<\/strong><\/p>\n<p><strong>Tak\u017ee, pros\u00edm, ak chcete prihadzova\u0165 na objekt v\u00e1\u0161ho z\u00e1ujmu, odpovedajte v\u017edy na dan\u00e9 koment\u00e1rov\u00e9 vl\u00e1kno predmetu. Neza\u010d\u00ednajte nov\u00e9!<\/strong><\/p>\n<p><strong>Dra\u017eba \u00a0a\u00a0zbierka prebieha od zverejnenia tohto \u010dl\u00e1nku \u2013 23. j\u00fala 2022 \u2013 a kon\u010d\u00ed 6. augusta 2022 o 23:00<\/strong>. (<em>pozor \u2013 nem\u00fdli\u0165 si d\u00e1tum samotn\u00e9ho \u010dl\u00e1nku, je odli\u0161n\u00fd<\/em>). V\u00ed\u0165azov dra\u017eby budeme oh\u013eadom zaslania ich predmetov a platby kontaktova\u0165 tie\u017e cez email. Nasledovn\u00e9 dra\u017een\u00e9 predmety n\u00e1m boli zaslan\u00e9 klubom za posledn\u00e9 tri sez\u00f3ny, a s\u00fa vlastnoru\u010dne podp\u00edsan\u00e9 dan\u00fdmi hr\u00e1\u010dmi:<\/p>\n<hr \/>\n<h4><strong>1. Dom\u00e1ci dres: Umbro 2019\/20<\/strong><\/h4>\n<ul>\n<li>Calvert-Lewin, \u010d\u00edslo 9, logo PL, nov\u00fd, podp\u00edsan\u00fd, ve\u013ekos\u0165 M, kr\u00e1tky ruk\u00e1v = vyvol\u00e1vacia cena <strong>50\u20ac<\/strong><\/li>\n<\/ul>\n<p><img loading=\"lazy\" decoding=\"async\" class=\"alignnone size-full wp-image-19124\" src=\"https:\/\/evertonfc.cz\/wp-content\/uploads\/2022\/07\/Calvert-Lewin-9-signed-home-kit-2019-20.jpg\" alt=\"\" width=\"720\" height=\"310\" srcset=\"https:\/\/evertonfc.cz\/wp-content\/uploads\/2022\/07\/Calvert-Lewin-9-signed-home-kit-2019-20.jpg 720w, https:\/\/evertonfc.cz\/wp-content\/uploads\/2022\/07\/Calvert-Lewin-9-signed-home-kit-2019-20-300x129.jpg 300w\" sizes=\"(max-width: 720px) 100vw, 720px\" \/><\/p>\n<hr \/>\n<h4><strong>2. Dom\u00e1ci dres: Hummel 2020\/21<\/strong><\/h4>\n<ul>\n<li>Godfrey, \u010d\u00edslo 22, nov\u00fd, podp\u00edsan\u00fd, ve\u013ekos\u0165 M, kr\u00e1tky ruk\u00e1v = vyvol\u00e1vacia cena <strong>60\u20ac<\/strong><\/li>\n<\/ul>\n<p><img loading=\"lazy\" decoding=\"async\" class=\"alignnone size-full wp-image-19125\" src=\"https:\/\/evertonfc.cz\/wp-content\/uploads\/2022\/07\/Godfrey-22-signed-home-kit-2020-21.jpg\" alt=\"\" width=\"720\" height=\"310\" srcset=\"https:\/\/evertonfc.cz\/wp-content\/uploads\/2022\/07\/Godfrey-22-signed-home-kit-2020-21.jpg 720w, https:\/\/evertonfc.cz\/wp-content\/uploads\/2022\/07\/Godfrey-22-signed-home-kit-2020-21-300x129.jpg 300w\" sizes=\"(max-width: 720px) 100vw, 720px\" \/><\/p>\n<hr \/>\n<h4><strong>3. Tret\u00ed dres: Hummel 2021\/22<\/strong><\/h4>\n<ul>\n<li>Godfrey, \u010d\u00edslo 22, nov\u00fd, podp\u00edsan\u00fd, ve\u013ekos\u0165 M, kr\u00e1tky ruk\u00e1v = vyvol\u00e1vacia cena <strong>70\u20ac<\/strong><\/li>\n<\/ul>\n<p style=\"text-align: right;\"><img loading=\"lazy\" decoding=\"async\" class=\"alignnone size-full wp-image-19126\" src=\"https:\/\/evertonfc.cz\/wp-content\/uploads\/2022\/07\/Godfrey-22-signed-third-kit-2021-22.jpg\" alt=\"\" width=\"720\" height=\"310\" srcset=\"https:\/\/evertonfc.cz\/wp-content\/uploads\/2022\/07\/Godfrey-22-signed-third-kit-2021-22.jpg 720w, https:\/\/evertonfc.cz\/wp-content\/uploads\/2022\/07\/Godfrey-22-signed-third-kit-2021-22-300x129.jpg 300w\" sizes=\"(max-width: 720px) 100vw, 720px\" \/><span style=\"font-size: 8pt;\">(fotozdroj: \u010clovek v ohrozen\u00ed)<\/span><\/p>\n","protected":false},"excerpt":{"rendered":"<p>Po dvojro\u010dnej prest\u00e1vke sp\u00f4sobenej pand\u00e9miou Covidu-19 sa op\u00e4\u0165 vraciame k\u00a0zalo\u017eenej trad\u00edcii zbiera\u0165 finan\u010dn\u00e9 prostriedky na podporu charitat\u00edvnych organiz\u00e1cii.<\/p>\n","protected":false},"author":1,"featured_media":19200,"comment_status":"open","ping_status":"closed","sticky":false,"template":"","format":"standard","meta":{"_eb_attr":"","_monsterinsights_skip_tracking":false,"_monsterinsights_sitenote_active":false,"_monsterinsights_sitenote_note":"","_monsterinsights_sitenote_category":0,"footnotes":""},"categories":[85],"tags":[],"yoast_head":"<!-- This site is optimized with the Yoast SEO plugin v23.4 - https:\/\/yoast.com\/wordpress\/plugins\/seo\/ -->\n<title>3. ro\u010dn\u00edk dobro\u010dinnej dra\u017eby - Official Czech &amp; Slovak Everton Supporters&#039; Club<\/title>\n<meta name=\"robots\" content=\"index, follow, max-snippet:-1, max-image-preview:large, max-video-preview:-1\" \/>\n<link rel=\"canonical\" href=\"https:\/\/evertonfc.cz\/index.php\/2022\/07\/23\/3-rocnik-dobrocinnej-drazby\/\" \/>\n<meta property=\"og:locale\" content=\"cs_CZ\" \/>\n<meta property=\"og:type\" content=\"article\" \/>\n<meta property=\"og:title\" content=\"3. ro\u010dn\u00edk dobro\u010dinnej dra\u017eby - Official Czech &amp; Slovak Everton Supporters&#039; Club\" \/>\n<meta property=\"og:description\" content=\"Po dvojro\u010dnej prest\u00e1vke sp\u00f4sobenej pand\u00e9miou Covidu-19 sa op\u00e4\u0165 vraciame k\u00a0zalo\u017eenej trad\u00edcii zbiera\u0165 finan\u010dn\u00e9 prostriedky na podporu charitat\u00edvnych organiz\u00e1cii.\" \/>\n<meta property=\"og:url\" content=\"https:\/\/evertonfc.cz\/index.php\/2022\/07\/23\/3-rocnik-dobrocinnej-drazby\/\" \/>\n<meta property=\"og:site_name\" content=\"Official Czech &amp; Slovak Everton Supporters&#039; Club\" \/>\n<meta property=\"article:publisher\" content=\"https:\/\/www.facebook.com\/everton.fans.cz.sk\" \/>\n<meta property=\"article:published_time\" content=\"2022-07-23T11:27:55+00:00\" \/>\n<meta property=\"article:modified_time\" content=\"2022-08-17T11:12:26+00:00\" \/>\n<meta property=\"og:image\" content=\"https:\/\/evertonfc.cz\/wp-content\/uploads\/2022\/07\/Ukrajina-Clovek-v-ohrozeni-23-7-2022.jpg\" \/>\n\t<meta property=\"og:image:width\" content=\"720\" \/>\n\t<meta property=\"og:image:height\" content=\"405\" \/>\n\t<meta property=\"og:image:type\" content=\"image\/jpeg\" \/>\n<meta name=\"author\" content=\"BlueBlooded\" \/>\n<meta name=\"twitter:card\" content=\"summary_large_image\" \/>\n<meta name=\"twitter:label1\" content=\"Napsal(a)\" \/>\n\t<meta name=\"twitter:data1\" content=\"BlueBlooded\" \/>\n\t<meta name=\"twitter:label2\" content=\"Odhadovan\u00e1 doba \u010dten\u00ed\" \/>\n\t<meta name=\"twitter:data2\" content=\"5 minut\" \/>\n<script type=\"application\/ld+json\" class=\"yoast-schema-graph\">{\"@context\":\"https:\/\/schema.org\",\"@graph\":[{\"@type\":\"Article\",\"@id\":\"https:\/\/evertonfc.cz\/index.php\/2022\/07\/23\/3-rocnik-dobrocinnej-drazby\/#article\",\"isPartOf\":{\"@id\":\"https:\/\/evertonfc.cz\/index.php\/2022\/07\/23\/3-rocnik-dobrocinnej-drazby\/\"},\"author\":{\"name\":\"BlueBlooded\",\"@id\":\"https:\/\/evertonfc.cz\/#\/schema\/person\/d4493b8cbea51532597fbc4685698916\"},\"headline\":\"3. ro\u010dn\u00edk dobro\u010dinnej dra\u017eby\",\"datePublished\":\"2022-07-23T11:27:55+00:00\",\"dateModified\":\"2022-08-17T11:12:26+00:00\",\"mainEntityOfPage\":{\"@id\":\"https:\/\/evertonfc.cz\/index.php\/2022\/07\/23\/3-rocnik-dobrocinnej-drazby\/\"},\"wordCount\":1001,\"commentCount\":18,\"publisher\":{\"@id\":\"https:\/\/evertonfc.cz\/#organization\"},\"image\":{\"@id\":\"https:\/\/evertonfc.cz\/index.php\/2022\/07\/23\/3-rocnik-dobrocinnej-drazby\/#primaryimage\"},\"thumbnailUrl\":\"https:\/\/evertonfc.cz\/wp-content\/uploads\/2022\/07\/Ukrajina-Clovek-v-ohrozeni-23-7-2022.jpg\",\"articleSection\":[\"Supporters' Club\"],\"inLanguage\":\"cs\",\"potentialAction\":[{\"@type\":\"CommentAction\",\"name\":\"Comment\",\"target\":[\"https:\/\/evertonfc.cz\/index.php\/2022\/07\/23\/3-rocnik-dobrocinnej-drazby\/#respond\"]}]},{\"@type\":\"WebPage\",\"@id\":\"https:\/\/evertonfc.cz\/index.php\/2022\/07\/23\/3-rocnik-dobrocinnej-drazby\/\",\"url\":\"https:\/\/evertonfc.cz\/index.php\/2022\/07\/23\/3-rocnik-dobrocinnej-drazby\/\",\"name\":\"3. ro\u010dn\u00edk dobro\u010dinnej dra\u017eby - Official Czech &amp; Slovak Everton Supporters&#039; Club\",\"isPartOf\":{\"@id\":\"https:\/\/evertonfc.cz\/#website\"},\"primaryImageOfPage\":{\"@id\":\"https:\/\/evertonfc.cz\/index.php\/2022\/07\/23\/3-rocnik-dobrocinnej-drazby\/#primaryimage\"},\"image\":{\"@id\":\"https:\/\/evertonfc.cz\/index.php\/2022\/07\/23\/3-rocnik-dobrocinnej-drazby\/#primaryimage\"},\"thumbnailUrl\":\"https:\/\/evertonfc.cz\/wp-content\/uploads\/2022\/07\/Ukrajina-Clovek-v-ohrozeni-23-7-2022.jpg\",\"datePublished\":\"2022-07-23T11:27:55+00:00\",\"dateModified\":\"2022-08-17T11:12:26+00:00\",\"breadcrumb\":{\"@id\":\"https:\/\/evertonfc.cz\/index.php\/2022\/07\/23\/3-rocnik-dobrocinnej-drazby\/#breadcrumb\"},\"inLanguage\":\"cs\",\"potentialAction\":[{\"@type\":\"ReadAction\",\"target\":[\"https:\/\/evertonfc.cz\/index.php\/2022\/07\/23\/3-rocnik-dobrocinnej-drazby\/\"]}]},{\"@type\":\"ImageObject\",\"inLanguage\":\"cs\",\"@id\":\"https:\/\/evertonfc.cz\/index.php\/2022\/07\/23\/3-rocnik-dobrocinnej-drazby\/#primaryimage\",\"url\":\"https:\/\/evertonfc.cz\/wp-content\/uploads\/2022\/07\/Ukrajina-Clovek-v-ohrozeni-23-7-2022.jpg\",\"contentUrl\":\"https:\/\/evertonfc.cz\/wp-content\/uploads\/2022\/07\/Ukrajina-Clovek-v-ohrozeni-23-7-2022.jpg\",\"width\":720,\"height\":405},{\"@type\":\"BreadcrumbList\",\"@id\":\"https:\/\/evertonfc.cz\/index.php\/2022\/07\/23\/3-rocnik-dobrocinnej-drazby\/#breadcrumb\",\"itemListElement\":[{\"@type\":\"ListItem\",\"position\":1,\"name\":\"Home\",\"item\":\"https:\/\/evertonfc.cz\/\"},{\"@type\":\"ListItem\",\"position\":2,\"name\":\"3. ro\u010dn\u00edk dobro\u010dinnej dra\u017eby\"}]},{\"@type\":\"WebSite\",\"@id\":\"https:\/\/evertonfc.cz\/#website\",\"url\":\"https:\/\/evertonfc.cz\/\",\"name\":\"Official Czech &amp; Slovak Everton Supporters&#039; Club\",\"description\":\"\",\"publisher\":{\"@id\":\"https:\/\/evertonfc.cz\/#organization\"},\"potentialAction\":[{\"@type\":\"SearchAction\",\"target\":{\"@type\":\"EntryPoint\",\"urlTemplate\":\"https:\/\/evertonfc.cz\/?s={search_term_string}\"},\"query-input\":{\"@type\":\"PropertyValueSpecification\",\"valueRequired\":true,\"valueName\":\"search_term_string\"}}],\"inLanguage\":\"cs\"},{\"@type\":\"Organization\",\"@id\":\"https:\/\/evertonfc.cz\/#organization\",\"name\":\"Official Czech & Slovak Everton Supporters' Club\",\"url\":\"https:\/\/evertonfc.cz\/\",\"logo\":{\"@type\":\"ImageObject\",\"inLanguage\":\"cs\",\"@id\":\"https:\/\/evertonfc.cz\/#\/schema\/logo\/image\/\",\"url\":\"https:\/\/evertonfc.cz\/wp-content\/uploads\/2019\/05\/logo.png\",\"contentUrl\":\"https:\/\/evertonfc.cz\/wp-content\/uploads\/2019\/05\/logo.png\",\"width\":112,\"height\":112,\"caption\":\"Official Czech & Slovak Everton Supporters' Club\"},\"image\":{\"@id\":\"https:\/\/evertonfc.cz\/#\/schema\/logo\/image\/\"},\"sameAs\":[\"https:\/\/www.facebook.com\/everton.fans.cz.sk\"]},{\"@type\":\"Person\",\"@id\":\"https:\/\/evertonfc.cz\/#\/schema\/person\/d4493b8cbea51532597fbc4685698916\",\"name\":\"BlueBlooded\",\"url\":\"https:\/\/evertonfc.cz\/index.php\/author\/admin\/\"}]}<\/script>\n<!-- \/ Yoast SEO plugin. -->","yoast_head_json":{"title":"3. ro\u010dn\u00edk dobro\u010dinnej dra\u017eby - Official Czech &amp; Slovak Everton Supporters&#039; Club","robots":{"index":"index","follow":"follow","max-snippet":"max-snippet:-1","max-image-preview":"max-image-preview:large","max-video-preview":"max-video-preview:-1"},"canonical":"https:\/\/evertonfc.cz\/index.php\/2022\/07\/23\/3-rocnik-dobrocinnej-drazby\/","og_locale":"cs_CZ","og_type":"article","og_title":"3. ro\u010dn\u00edk dobro\u010dinnej dra\u017eby - Official Czech &amp; Slovak Everton Supporters&#039; Club","og_description":"Po dvojro\u010dnej prest\u00e1vke sp\u00f4sobenej pand\u00e9miou Covidu-19 sa op\u00e4\u0165 vraciame k\u00a0zalo\u017eenej trad\u00edcii zbiera\u0165 finan\u010dn\u00e9 prostriedky na podporu charitat\u00edvnych organiz\u00e1cii.","og_url":"https:\/\/evertonfc.cz\/index.php\/2022\/07\/23\/3-rocnik-dobrocinnej-drazby\/","og_site_name":"Official Czech &amp; Slovak Everton Supporters&#039; Club","article_publisher":"https:\/\/www.facebook.com\/everton.fans.cz.sk","article_published_time":"2022-07-23T11:27:55+00:00","article_modified_time":"2022-08-17T11:12:26+00:00","og_image":[{"width":720,"height":405,"url":"https:\/\/evertonfc.cz\/wp-content\/uploads\/2022\/07\/Ukrajina-Clovek-v-ohrozeni-23-7-2022.jpg","type":"image\/jpeg"}],"author":"BlueBlooded","twitter_card":"summary_large_image","twitter_misc":{"Napsal(a)":"BlueBlooded","Odhadovan\u00e1 doba \u010dten\u00ed":"5 minut"},"schema":{"@context":"https:\/\/schema.org","@graph":[{"@type":"Article","@id":"https:\/\/evertonfc.cz\/index.php\/2022\/07\/23\/3-rocnik-dobrocinnej-drazby\/#article","isPartOf":{"@id":"https:\/\/evertonfc.cz\/index.php\/2022\/07\/23\/3-rocnik-dobrocinnej-drazby\/"},"author":{"name":"BlueBlooded","@id":"https:\/\/evertonfc.cz\/#\/schema\/person\/d4493b8cbea51532597fbc4685698916"},"headline":"3. ro\u010dn\u00edk dobro\u010dinnej dra\u017eby","datePublished":"2022-07-23T11:27:55+00:00","dateModified":"2022-08-17T11:12:26+00:00","mainEntityOfPage":{"@id":"https:\/\/evertonfc.cz\/index.php\/2022\/07\/23\/3-rocnik-dobrocinnej-drazby\/"},"wordCount":1001,"commentCount":18,"publisher":{"@id":"https:\/\/evertonfc.cz\/#organization"},"image":{"@id":"https:\/\/evertonfc.cz\/index.php\/2022\/07\/23\/3-rocnik-dobrocinnej-drazby\/#primaryimage"},"thumbnailUrl":"https:\/\/evertonfc.cz\/wp-content\/uploads\/2022\/07\/Ukrajina-Clovek-v-ohrozeni-23-7-2022.jpg","articleSection":["Supporters' Club"],"inLanguage":"cs","potentialAction":[{"@type":"CommentAction","name":"Comment","target":["https:\/\/evertonfc.cz\/index.php\/2022\/07\/23\/3-rocnik-dobrocinnej-drazby\/#respond"]}]},{"@type":"WebPage","@id":"https:\/\/evertonfc.cz\/index.php\/2022\/07\/23\/3-rocnik-dobrocinnej-drazby\/","url":"https:\/\/evertonfc.cz\/index.php\/2022\/07\/23\/3-rocnik-dobrocinnej-drazby\/","name":"3. ro\u010dn\u00edk dobro\u010dinnej dra\u017eby - Official Czech &amp; Slovak Everton Supporters&#039; Club","isPartOf":{"@id":"https:\/\/evertonfc.cz\/#website"},"primaryImageOfPage":{"@id":"https:\/\/evertonfc.cz\/index.php\/2022\/07\/23\/3-rocnik-dobrocinnej-drazby\/#primaryimage"},"image":{"@id":"https:\/\/evertonfc.cz\/index.php\/2022\/07\/23\/3-rocnik-dobrocinnej-drazby\/#primaryimage"},"thumbnailUrl":"https:\/\/evertonfc.cz\/wp-content\/uploads\/2022\/07\/Ukrajina-Clovek-v-ohrozeni-23-7-2022.jpg","datePublished":"2022-07-23T11:27:55+00:00","dateModified":"2022-08-17T11:12:26+00:00","breadcrumb":{"@id":"https:\/\/evertonfc.cz\/index.php\/2022\/07\/23\/3-rocnik-dobrocinnej-drazby\/#breadcrumb"},"inLanguage":"cs","potentialAction":[{"@type":"ReadAction","target":["https:\/\/evertonfc.cz\/index.php\/2022\/07\/23\/3-rocnik-dobrocinnej-drazby\/"]}]},{"@type":"ImageObject","inLanguage":"cs","@id":"https:\/\/evertonfc.cz\/index.php\/2022\/07\/23\/3-rocnik-dobrocinnej-drazby\/#primaryimage","url":"https:\/\/evertonfc.cz\/wp-content\/uploads\/2022\/07\/Ukrajina-Clovek-v-ohrozeni-23-7-2022.jpg","contentUrl":"https:\/\/evertonfc.cz\/wp-content\/uploads\/2022\/07\/Ukrajina-Clovek-v-ohrozeni-23-7-2022.jpg","width":720,"height":405},{"@type":"BreadcrumbList","@id":"https:\/\/evertonfc.cz\/index.php\/2022\/07\/23\/3-rocnik-dobrocinnej-drazby\/#breadcrumb","itemListElement":[{"@type":"ListItem","position":1,"name":"Home","item":"https:\/\/evertonfc.cz\/"},{"@type":"ListItem","position":2,"name":"3. ro\u010dn\u00edk dobro\u010dinnej dra\u017eby"}]},{"@type":"WebSite","@id":"https:\/\/evertonfc.cz\/#website","url":"https:\/\/evertonfc.cz\/","name":"Official Czech &amp; Slovak Everton Supporters&#039; Club","description":"","publisher":{"@id":"https:\/\/evertonfc.cz\/#organization"},"potentialAction":[{"@type":"SearchAction","target":{"@type":"EntryPoint","urlTemplate":"https:\/\/evertonfc.cz\/?s={search_term_string}"},"query-input":{"@type":"PropertyValueSpecification","valueRequired":true,"valueName":"search_term_string"}}],"inLanguage":"cs"},{"@type":"Organization","@id":"https:\/\/evertonfc.cz\/#organization","name":"Official Czech & Slovak Everton Supporters' Club","url":"https:\/\/evertonfc.cz\/","logo":{"@type":"ImageObject","inLanguage":"cs","@id":"https:\/\/evertonfc.cz\/#\/schema\/logo\/image\/","url":"https:\/\/evertonfc.cz\/wp-content\/uploads\/2019\/05\/logo.png","contentUrl":"https:\/\/evertonfc.cz\/wp-content\/uploads\/2019\/05\/logo.png","width":112,"height":112,"caption":"Official Czech & Slovak Everton Supporters' Club"},"image":{"@id":"https:\/\/evertonfc.cz\/#\/schema\/logo\/image\/"},"sameAs":["https:\/\/www.facebook.com\/everton.fans.cz.sk"]},{"@type":"Person","@id":"https:\/\/evertonfc.cz\/#\/schema\/person\/d4493b8cbea51532597fbc4685698916","name":"BlueBlooded","url":"https:\/\/evertonfc.cz\/index.php\/author\/admin\/"}]}},"_links":{"self":[{"href":"https:\/\/evertonfc.cz\/index.php\/wp-json\/wp\/v2\/posts\/19199"}],"collection":[{"href":"https:\/\/evertonfc.cz\/index.php\/wp-json\/wp\/v2\/posts"}],"about":[{"href":"https:\/\/evertonfc.cz\/index.php\/wp-json\/wp\/v2\/types\/post"}],"author":[{"embeddable":true,"href":"https:\/\/evertonfc.cz\/index.php\/wp-json\/wp\/v2\/users\/1"}],"replies":[{"embeddable":true,"href":"https:\/\/evertonfc.cz\/index.php\/wp-json\/wp\/v2\/comments?post=19199"}],"version-history":[{"count":17,"href":"https:\/\/evertonfc.cz\/index.php\/wp-json\/wp\/v2\/posts\/19199\/revisions"}],"predecessor-version":[{"id":19217,"href":"https:\/\/evertonfc.cz\/index.php\/wp-json\/wp\/v2\/posts\/19199\/revisions\/19217"}],"wp:featuredmedia":[{"embeddable":true,"href":"https:\/\/evertonfc.cz\/index.php\/wp-json\/wp\/v2\/media\/19200"}],"wp:attachment":[{"href":"https:\/\/evertonfc.cz\/index.php\/wp-json\/wp\/v2\/media?parent=19199"}],"wp:term":[{"taxonomy":"category","embeddable":true,"href":"https:\/\/evertonfc.cz\/index.php\/wp-json\/wp\/v2\/categories?post=19199"},{"taxonomy":"post_tag","embeddable":true,"href":"https:\/\/evertonfc.cz\/index.php\/wp-json\/wp\/v2\/tags?post=19199"}],"curies":[{"name":"wp","href":"https:\/\/api.w.org\/{rel}","templated":true}]}}