{"id":19267,"date":"2022-07-27T21:19:12","date_gmt":"2022-07-27T19:19:12","guid":{"rendered":"https:\/\/evertonfc.cz\/?p=19267"},"modified":"2022-07-28T13:48:46","modified_gmt":"2022-07-28T11:48:46","slug":"na-rocni-hostovani-prichazi-vinagre","status":"publish","type":"post","link":"https:\/\/evertonfc.cz\/index.php\/2022\/07\/27\/na-rocni-hostovani-prichazi-vinagre\/","title":{"rendered":"Na ro\u010dn\u00ed hostov\u00e1n\u00ed p\u0159ich\u00e1z\u00ed Vinagre"},"content":{"rendered":"<h4>Everton pos\u00edlila druh\u00e1 nov\u00e1 tv\u00e1\u0159, je j\u00ed portugalsk\u00fd obr\u00e1nce R\u00faben Vinagre.<\/h4>\n<p>Rod\u00e1k z p\u0159edm\u011bst\u00ed Lisabonu to v anglick\u00e9m fotbale dob\u0159e zn\u00e1. \u010cty\u0159i roky byl hr\u00e1\u010dem Wolverhamptonu, ale tak\u00e9 chodil po hostov\u00e1n\u00edch. V Olympiakosu Pireus odehr\u00e1l jen dva z\u00e1pasy, minulou sez\u00f3nu str\u00e1vil ve Sportingu Lisabon. Ten ho v \u010dervnu koupil&#8230; a vz\u00e1p\u011bt\u00ed p\u016fj\u010dil na rok Evertonu.<\/p>\n<p>T\u0159iadvacetilet\u00fd lev\u00fd obr\u00e1nce m\u016f\u017ee hr\u00e1t i m\u00edrn\u011b vyta\u017een\u011bji, le\u010d jeho g\u00f3lov\u00e1 bilance je tristn\u00ed. Za posledn\u00edch \u0161est let vs\u00edtil pouze jednu branku, p\u0159i\u010dem\u017e s rychlost\u00ed nem\u00e1 probl\u00e9m, tak uvid\u00edme.<\/p>\n<p>Jde o klasick\u00e9 p\u0159iveden\u00ed hr\u00e1\u010de, kter\u00e9ho zn\u00e1 v tomto p\u0159\u00edpad\u011b sportovn\u00ed \u0159editel, Thelwell ho zlana\u0159il ji\u017e p\u0159ed p\u011bti lety do Wolves. Vinagre si nijak netaj\u00ed t\u00edm, \u017ee krom\u011b pr\u00e1ce pod fotbalovou legendou Lampardem ho p\u0159it\u00e1hla i mo\u017enost poslouchat p\u0159\u00edkazy Ashleyho Cola, kter\u00fd pracuje jako tren\u00e9r prvn\u00edho t\u00fdmu. A ten o h\u0159e lev\u00e9ho obr\u00e1nce n\u011bco rozhodn\u011b v\u00ed.<\/p>\n<p><em>&#8222;Je to spln\u011bn\u00fd sen, Everton je velk\u00fd klub, Lampard je velmi dobr\u00fd tren\u00e9r. D\u016fle\u017eitou roli v m\u00e9m podpisu sehr\u00e1l i Kevin Thelwell, kter\u00fd m\u011b zn\u00e1 velmi dob\u0159e z Wolverhamptonu. Vysv\u011btlil mi bohatou historii klubu a \u017ee mus\u00edm p\u0159edv\u00e1d\u011bt skv\u011bl\u00e9 v\u00fdkony, proto\u017ee si to fanou\u0161ci zaslou\u017e\u00ed. Charakterizuje m\u011b, \u017ee v\u017edy chci vyhr\u00e1t. Proto jsem do Evertonu p\u0159i\u0161el. Z m\u00fdch p\u0159edchoz\u00edch z\u00e1pas\u016f na Goodison Parku si pamatuji, \u017ee se tam kv\u016fli atmosf\u00e9\u0159e velmi \u0161patn\u011b hraje. Jsem r\u00e1d, \u017ee mi te\u010f Evertornians budou fandit.&#8220;<\/em><\/p>\n<p>Thelwell: &#8222;<em>Je to mlad\u00fd a talentovan\u00fd obr\u00e1nce, m\u00e1 vynikaj\u00edc\u00ed p\u0159\u00edstup a usilovn\u011b pracuje na sv\u00e9 h\u0159e.&#8220;<\/em><\/p>\n<p>Lampard: &#8222;<em>T\u011b\u0161\u00edm se na pr\u00e1ci s n\u00edm. M\u00e1 v Premier League n\u011bco odehr\u00e1no, zv\u00fd\u0161\u00ed se kvalita na\u0161eho k\u00e1dru, d\u00e1v\u00e1 n\u00e1m to v\u00edce mo\u017enost\u00ed. Konkurence v boji o m\u00edsta je d\u016fle\u017eit\u00e1.&#8220;<\/em><\/p>\n<p>Na hostov\u00e1n\u00ed je opce a Portugalec bude nosit dres \u010d\u00edslo 29.<\/p>\n","protected":false},"excerpt":{"rendered":"<p>Everton pos\u00edlila druh\u00e1 nov\u00e1 tv\u00e1\u0159, je j\u00ed portugalsk\u00fd obr\u00e1nce R\u00faben Vinagre.<\/p>\n","protected":false},"author":12,"featured_media":19270,"comment_status":"open","ping_status":"closed","sticky":false,"template":"","format":"standard","meta":{"_eb_attr":"","_monsterinsights_skip_tracking":false,"_monsterinsights_sitenote_active":false,"_monsterinsights_sitenote_note":"","_monsterinsights_sitenote_category":0,"footnotes":""},"categories":[41],"tags":[],"yoast_head":"<!-- This site is optimized with the Yoast SEO plugin v23.4 - https:\/\/yoast.com\/wordpress\/plugins\/seo\/ -->\n<title>Na ro\u010dn\u00ed hostov\u00e1n\u00ed p\u0159ich\u00e1z\u00ed Vinagre - Official Czech &amp; Slovak Everton Supporters&#039; Club<\/title>\n<meta name=\"description\" content=\"Everton pos\u00edlila druh\u00e1 nov\u00e1 tv\u00e1\u0159, je j\u00ed portugalsk\u00fd obr\u00e1nce Ruben Vinagre.\" \/>\n<meta name=\"robots\" content=\"index, follow, max-snippet:-1, max-image-preview:large, max-video-preview:-1\" \/>\n<link rel=\"canonical\" href=\"https:\/\/evertonfc.cz\/index.php\/2022\/07\/27\/na-rocni-hostovani-prichazi-vinagre\/\" \/>\n<meta property=\"og:locale\" content=\"cs_CZ\" \/>\n<meta property=\"og:type\" content=\"article\" \/>\n<meta property=\"og:title\" content=\"Na ro\u010dn\u00ed hostov\u00e1n\u00ed p\u0159ich\u00e1z\u00ed Vinagre - Official Czech &amp; Slovak Everton Supporters&#039; Club\" \/>\n<meta property=\"og:description\" content=\"Everton pos\u00edlila druh\u00e1 nov\u00e1 tv\u00e1\u0159, je j\u00ed portugalsk\u00fd obr\u00e1nce Ruben Vinagre.\" \/>\n<meta property=\"og:url\" content=\"https:\/\/evertonfc.cz\/index.php\/2022\/07\/27\/na-rocni-hostovani-prichazi-vinagre\/\" \/>\n<meta property=\"og:site_name\" content=\"Official Czech &amp; Slovak Everton Supporters&#039; Club\" \/>\n<meta property=\"article:publisher\" content=\"https:\/\/www.facebook.com\/everton.fans.cz.sk\" \/>\n<meta property=\"article:published_time\" content=\"2022-07-27T19:19:12+00:00\" \/>\n<meta property=\"article:modified_time\" content=\"2022-07-28T11:48:46+00:00\" \/>\n<meta property=\"og:image\" content=\"https:\/\/evertonfc.cz\/wp-content\/uploads\/2022\/07\/vinagre_27_7_2022.jpg\" \/>\n\t<meta property=\"og:image:width\" content=\"720\" \/>\n\t<meta property=\"og:image:height\" content=\"405\" \/>\n\t<meta property=\"og:image:type\" content=\"image\/jpeg\" \/>\n<meta name=\"author\" content=\"Javor\" \/>\n<meta name=\"twitter:card\" content=\"summary_large_image\" \/>\n<meta name=\"twitter:creator\" content=\"@LoudinJan\" \/>\n<meta name=\"twitter:label1\" content=\"Napsal(a)\" \/>\n\t<meta name=\"twitter:data1\" content=\"Javor\" \/>\n\t<meta name=\"twitter:label2\" content=\"Odhadovan\u00e1 doba \u010dten\u00ed\" \/>\n\t<meta name=\"twitter:data2\" content=\"2 minuty\" \/>\n<script type=\"application\/ld+json\" class=\"yoast-schema-graph\">{\"@context\":\"https:\/\/schema.org\",\"@graph\":[{\"@type\":\"Article\",\"@id\":\"https:\/\/evertonfc.cz\/index.php\/2022\/07\/27\/na-rocni-hostovani-prichazi-vinagre\/#article\",\"isPartOf\":{\"@id\":\"https:\/\/evertonfc.cz\/index.php\/2022\/07\/27\/na-rocni-hostovani-prichazi-vinagre\/\"},\"author\":{\"name\":\"Javor\",\"@id\":\"https:\/\/evertonfc.cz\/#\/schema\/person\/b30daf6a5852f4811f8207a17ec1bf78\"},\"headline\":\"Na ro\u010dn\u00ed hostov\u00e1n\u00ed p\u0159ich\u00e1z\u00ed Vinagre\",\"datePublished\":\"2022-07-27T19:19:12+00:00\",\"dateModified\":\"2022-07-28T11:48:46+00:00\",\"mainEntityOfPage\":{\"@id\":\"https:\/\/evertonfc.cz\/index.php\/2022\/07\/27\/na-rocni-hostovani-prichazi-vinagre\/\"},\"wordCount\":386,\"commentCount\":6,\"publisher\":{\"@id\":\"https:\/\/evertonfc.cz\/#organization\"},\"image\":{\"@id\":\"https:\/\/evertonfc.cz\/index.php\/2022\/07\/27\/na-rocni-hostovani-prichazi-vinagre\/#primaryimage\"},\"thumbnailUrl\":\"https:\/\/evertonfc.cz\/wp-content\/uploads\/2022\/07\/vinagre_27_7_2022.jpg\",\"articleSection\":[\"P\u0159estupy\"],\"inLanguage\":\"cs\",\"potentialAction\":[{\"@type\":\"CommentAction\",\"name\":\"Comment\",\"target\":[\"https:\/\/evertonfc.cz\/index.php\/2022\/07\/27\/na-rocni-hostovani-prichazi-vinagre\/#respond\"]}]},{\"@type\":\"WebPage\",\"@id\":\"https:\/\/evertonfc.cz\/index.php\/2022\/07\/27\/na-rocni-hostovani-prichazi-vinagre\/\",\"url\":\"https:\/\/evertonfc.cz\/index.php\/2022\/07\/27\/na-rocni-hostovani-prichazi-vinagre\/\",\"name\":\"Na ro\u010dn\u00ed hostov\u00e1n\u00ed p\u0159ich\u00e1z\u00ed Vinagre - Official Czech &amp; Slovak Everton Supporters&#039; Club\",\"isPartOf\":{\"@id\":\"https:\/\/evertonfc.cz\/#website\"},\"primaryImageOfPage\":{\"@id\":\"https:\/\/evertonfc.cz\/index.php\/2022\/07\/27\/na-rocni-hostovani-prichazi-vinagre\/#primaryimage\"},\"image\":{\"@id\":\"https:\/\/evertonfc.cz\/index.php\/2022\/07\/27\/na-rocni-hostovani-prichazi-vinagre\/#primaryimage\"},\"thumbnailUrl\":\"https:\/\/evertonfc.cz\/wp-content\/uploads\/2022\/07\/vinagre_27_7_2022.jpg\",\"datePublished\":\"2022-07-27T19:19:12+00:00\",\"dateModified\":\"2022-07-28T11:48:46+00:00\",\"description\":\"Everton pos\u00edlila druh\u00e1 nov\u00e1 tv\u00e1\u0159, je j\u00ed portugalsk\u00fd obr\u00e1nce Ruben Vinagre.\",\"breadcrumb\":{\"@id\":\"https:\/\/evertonfc.cz\/index.php\/2022\/07\/27\/na-rocni-hostovani-prichazi-vinagre\/#breadcrumb\"},\"inLanguage\":\"cs\",\"potentialAction\":[{\"@type\":\"ReadAction\",\"target\":[\"https:\/\/evertonfc.cz\/index.php\/2022\/07\/27\/na-rocni-hostovani-prichazi-vinagre\/\"]}]},{\"@type\":\"ImageObject\",\"inLanguage\":\"cs\",\"@id\":\"https:\/\/evertonfc.cz\/index.php\/2022\/07\/27\/na-rocni-hostovani-prichazi-vinagre\/#primaryimage\",\"url\":\"https:\/\/evertonfc.cz\/wp-content\/uploads\/2022\/07\/vinagre_27_7_2022.jpg\",\"contentUrl\":\"https:\/\/evertonfc.cz\/wp-content\/uploads\/2022\/07\/vinagre_27_7_2022.jpg\",\"width\":720,\"height\":405},{\"@type\":\"BreadcrumbList\",\"@id\":\"https:\/\/evertonfc.cz\/index.php\/2022\/07\/27\/na-rocni-hostovani-prichazi-vinagre\/#breadcrumb\",\"itemListElement\":[{\"@type\":\"ListItem\",\"position\":1,\"name\":\"Home\",\"item\":\"https:\/\/evertonfc.cz\/\"},{\"@type\":\"ListItem\",\"position\":2,\"name\":\"Na ro\u010dn\u00ed hostov\u00e1n\u00ed p\u0159ich\u00e1z\u00ed Vinagre\"}]},{\"@type\":\"WebSite\",\"@id\":\"https:\/\/evertonfc.cz\/#website\",\"url\":\"https:\/\/evertonfc.cz\/\",\"name\":\"Official Czech &amp; Slovak Everton Supporters&#039; Club\",\"description\":\"\",\"publisher\":{\"@id\":\"https:\/\/evertonfc.cz\/#organization\"},\"potentialAction\":[{\"@type\":\"SearchAction\",\"target\":{\"@type\":\"EntryPoint\",\"urlTemplate\":\"https:\/\/evertonfc.cz\/?s={search_term_string}\"},\"query-input\":{\"@type\":\"PropertyValueSpecification\",\"valueRequired\":true,\"valueName\":\"search_term_string\"}}],\"inLanguage\":\"cs\"},{\"@type\":\"Organization\",\"@id\":\"https:\/\/evertonfc.cz\/#organization\",\"name\":\"Official Czech & Slovak Everton Supporters' Club\",\"url\":\"https:\/\/evertonfc.cz\/\",\"logo\":{\"@type\":\"ImageObject\",\"inLanguage\":\"cs\",\"@id\":\"https:\/\/evertonfc.cz\/#\/schema\/logo\/image\/\",\"url\":\"https:\/\/evertonfc.cz\/wp-content\/uploads\/2019\/05\/logo.png\",\"contentUrl\":\"https:\/\/evertonfc.cz\/wp-content\/uploads\/2019\/05\/logo.png\",\"width\":112,\"height\":112,\"caption\":\"Official Czech & Slovak Everton Supporters' Club\"},\"image\":{\"@id\":\"https:\/\/evertonfc.cz\/#\/schema\/logo\/image\/\"},\"sameAs\":[\"https:\/\/www.facebook.com\/everton.fans.cz.sk\"]},{\"@type\":\"Person\",\"@id\":\"https:\/\/evertonfc.cz\/#\/schema\/person\/b30daf6a5852f4811f8207a17ec1bf78\",\"name\":\"Javor\",\"sameAs\":[\"https:\/\/x.com\/LoudinJan\"],\"url\":\"https:\/\/evertonfc.cz\/index.php\/author\/javor\/\"}]}<\/script>\n<!-- \/ Yoast SEO plugin. -->","yoast_head_json":{"title":"Na ro\u010dn\u00ed hostov\u00e1n\u00ed p\u0159ich\u00e1z\u00ed Vinagre - Official Czech &amp; Slovak Everton Supporters&#039; Club","description":"Everton pos\u00edlila druh\u00e1 nov\u00e1 tv\u00e1\u0159, je j\u00ed portugalsk\u00fd obr\u00e1nce Ruben Vinagre.","robots":{"index":"index","follow":"follow","max-snippet":"max-snippet:-1","max-image-preview":"max-image-preview:large","max-video-preview":"max-video-preview:-1"},"canonical":"https:\/\/evertonfc.cz\/index.php\/2022\/07\/27\/na-rocni-hostovani-prichazi-vinagre\/","og_locale":"cs_CZ","og_type":"article","og_title":"Na ro\u010dn\u00ed hostov\u00e1n\u00ed p\u0159ich\u00e1z\u00ed Vinagre - Official Czech &amp; Slovak Everton Supporters&#039; Club","og_description":"Everton pos\u00edlila druh\u00e1 nov\u00e1 tv\u00e1\u0159, je j\u00ed portugalsk\u00fd obr\u00e1nce Ruben Vinagre.","og_url":"https:\/\/evertonfc.cz\/index.php\/2022\/07\/27\/na-rocni-hostovani-prichazi-vinagre\/","og_site_name":"Official Czech &amp; Slovak Everton Supporters&#039; Club","article_publisher":"https:\/\/www.facebook.com\/everton.fans.cz.sk","article_published_time":"2022-07-27T19:19:12+00:00","article_modified_time":"2022-07-28T11:48:46+00:00","og_image":[{"width":720,"height":405,"url":"https:\/\/evertonfc.cz\/wp-content\/uploads\/2022\/07\/vinagre_27_7_2022.jpg","type":"image\/jpeg"}],"author":"Javor","twitter_card":"summary_large_image","twitter_creator":"@LoudinJan","twitter_misc":{"Napsal(a)":"Javor","Odhadovan\u00e1 doba \u010dten\u00ed":"2 minuty"},"schema":{"@context":"https:\/\/schema.org","@graph":[{"@type":"Article","@id":"https:\/\/evertonfc.cz\/index.php\/2022\/07\/27\/na-rocni-hostovani-prichazi-vinagre\/#article","isPartOf":{"@id":"https:\/\/evertonfc.cz\/index.php\/2022\/07\/27\/na-rocni-hostovani-prichazi-vinagre\/"},"author":{"name":"Javor","@id":"https:\/\/evertonfc.cz\/#\/schema\/person\/b30daf6a5852f4811f8207a17ec1bf78"},"headline":"Na ro\u010dn\u00ed hostov\u00e1n\u00ed p\u0159ich\u00e1z\u00ed Vinagre","datePublished":"2022-07-27T19:19:12+00:00","dateModified":"2022-07-28T11:48:46+00:00","mainEntityOfPage":{"@id":"https:\/\/evertonfc.cz\/index.php\/2022\/07\/27\/na-rocni-hostovani-prichazi-vinagre\/"},"wordCount":386,"commentCount":6,"publisher":{"@id":"https:\/\/evertonfc.cz\/#organization"},"image":{"@id":"https:\/\/evertonfc.cz\/index.php\/2022\/07\/27\/na-rocni-hostovani-prichazi-vinagre\/#primaryimage"},"thumbnailUrl":"https:\/\/evertonfc.cz\/wp-content\/uploads\/2022\/07\/vinagre_27_7_2022.jpg","articleSection":["P\u0159estupy"],"inLanguage":"cs","potentialAction":[{"@type":"CommentAction","name":"Comment","target":["https:\/\/evertonfc.cz\/index.php\/2022\/07\/27\/na-rocni-hostovani-prichazi-vinagre\/#respond"]}]},{"@type":"WebPage","@id":"https:\/\/evertonfc.cz\/index.php\/2022\/07\/27\/na-rocni-hostovani-prichazi-vinagre\/","url":"https:\/\/evertonfc.cz\/index.php\/2022\/07\/27\/na-rocni-hostovani-prichazi-vinagre\/","name":"Na ro\u010dn\u00ed hostov\u00e1n\u00ed p\u0159ich\u00e1z\u00ed Vinagre - Official Czech &amp; Slovak Everton Supporters&#039; Club","isPartOf":{"@id":"https:\/\/evertonfc.cz\/#website"},"primaryImageOfPage":{"@id":"https:\/\/evertonfc.cz\/index.php\/2022\/07\/27\/na-rocni-hostovani-prichazi-vinagre\/#primaryimage"},"image":{"@id":"https:\/\/evertonfc.cz\/index.php\/2022\/07\/27\/na-rocni-hostovani-prichazi-vinagre\/#primaryimage"},"thumbnailUrl":"https:\/\/evertonfc.cz\/wp-content\/uploads\/2022\/07\/vinagre_27_7_2022.jpg","datePublished":"2022-07-27T19:19:12+00:00","dateModified":"2022-07-28T11:48:46+00:00","description":"Everton pos\u00edlila druh\u00e1 nov\u00e1 tv\u00e1\u0159, je j\u00ed portugalsk\u00fd obr\u00e1nce Ruben Vinagre.","breadcrumb":{"@id":"https:\/\/evertonfc.cz\/index.php\/2022\/07\/27\/na-rocni-hostovani-prichazi-vinagre\/#breadcrumb"},"inLanguage":"cs","potentialAction":[{"@type":"ReadAction","target":["https:\/\/evertonfc.cz\/index.php\/2022\/07\/27\/na-rocni-hostovani-prichazi-vinagre\/"]}]},{"@type":"ImageObject","inLanguage":"cs","@id":"https:\/\/evertonfc.cz\/index.php\/2022\/07\/27\/na-rocni-hostovani-prichazi-vinagre\/#primaryimage","url":"https:\/\/evertonfc.cz\/wp-content\/uploads\/2022\/07\/vinagre_27_7_2022.jpg","contentUrl":"https:\/\/evertonfc.cz\/wp-content\/uploads\/2022\/07\/vinagre_27_7_2022.jpg","width":720,"height":405},{"@type":"BreadcrumbList","@id":"https:\/\/evertonfc.cz\/index.php\/2022\/07\/27\/na-rocni-hostovani-prichazi-vinagre\/#breadcrumb","itemListElement":[{"@type":"ListItem","position":1,"name":"Home","item":"https:\/\/evertonfc.cz\/"},{"@type":"ListItem","position":2,"name":"Na ro\u010dn\u00ed hostov\u00e1n\u00ed p\u0159ich\u00e1z\u00ed Vinagre"}]},{"@type":"WebSite","@id":"https:\/\/evertonfc.cz\/#website","url":"https:\/\/evertonfc.cz\/","name":"Official Czech &amp; Slovak Everton Supporters&#039; Club","description":"","publisher":{"@id":"https:\/\/evertonfc.cz\/#organization"},"potentialAction":[{"@type":"SearchAction","target":{"@type":"EntryPoint","urlTemplate":"https:\/\/evertonfc.cz\/?s={search_term_string}"},"query-input":{"@type":"PropertyValueSpecification","valueRequired":true,"valueName":"search_term_string"}}],"inLanguage":"cs"},{"@type":"Organization","@id":"https:\/\/evertonfc.cz\/#organization","name":"Official Czech & Slovak Everton Supporters' Club","url":"https:\/\/evertonfc.cz\/","logo":{"@type":"ImageObject","inLanguage":"cs","@id":"https:\/\/evertonfc.cz\/#\/schema\/logo\/image\/","url":"https:\/\/evertonfc.cz\/wp-content\/uploads\/2019\/05\/logo.png","contentUrl":"https:\/\/evertonfc.cz\/wp-content\/uploads\/2019\/05\/logo.png","width":112,"height":112,"caption":"Official Czech & Slovak Everton Supporters' Club"},"image":{"@id":"https:\/\/evertonfc.cz\/#\/schema\/logo\/image\/"},"sameAs":["https:\/\/www.facebook.com\/everton.fans.cz.sk"]},{"@type":"Person","@id":"https:\/\/evertonfc.cz\/#\/schema\/person\/b30daf6a5852f4811f8207a17ec1bf78","name":"Javor","sameAs":["https:\/\/x.com\/LoudinJan"],"url":"https:\/\/evertonfc.cz\/index.php\/author\/javor\/"}]}},"_links":{"self":[{"href":"https:\/\/evertonfc.cz\/index.php\/wp-json\/wp\/v2\/posts\/19267"}],"collection":[{"href":"https:\/\/evertonfc.cz\/index.php\/wp-json\/wp\/v2\/posts"}],"about":[{"href":"https:\/\/evertonfc.cz\/index.php\/wp-json\/wp\/v2\/types\/post"}],"author":[{"embeddable":true,"href":"https:\/\/evertonfc.cz\/index.php\/wp-json\/wp\/v2\/users\/12"}],"replies":[{"embeddable":true,"href":"https:\/\/evertonfc.cz\/index.php\/wp-json\/wp\/v2\/comments?post=19267"}],"version-history":[{"count":9,"href":"https:\/\/evertonfc.cz\/index.php\/wp-json\/wp\/v2\/posts\/19267\/revisions"}],"predecessor-version":[{"id":19282,"href":"https:\/\/evertonfc.cz\/index.php\/wp-json\/wp\/v2\/posts\/19267\/revisions\/19282"}],"wp:featuredmedia":[{"embeddable":true,"href":"https:\/\/evertonfc.cz\/index.php\/wp-json\/wp\/v2\/media\/19270"}],"wp:attachment":[{"href":"https:\/\/evertonfc.cz\/index.php\/wp-json\/wp\/v2\/media?parent=19267"}],"wp:term":[{"taxonomy":"category","embeddable":true,"href":"https:\/\/evertonfc.cz\/index.php\/wp-json\/wp\/v2\/categories?post=19267"},{"taxonomy":"post_tag","embeddable":true,"href":"https:\/\/evertonfc.cz\/index.php\/wp-json\/wp\/v2\/tags?post=19267"}],"curies":[{"name":"wp","href":"https:\/\/api.w.org\/{rel}","templated":true}]}}