{"id":19283,"date":"2022-07-28T21:32:42","date_gmt":"2022-07-28T19:32:42","guid":{"rendered":"https:\/\/evertonfc.cz\/?p=19283"},"modified":"2022-07-28T21:32:42","modified_gmt":"2022-07-28T19:32:42","slug":"mcneil-nove-cislo-7","status":"publish","type":"post","link":"https:\/\/evertonfc.cz\/index.php\/2022\/07\/28\/mcneil-nove-cislo-7\/","title":{"rendered":"McNeil, nov\u00e9 \u010d\u00edslo 7"},"content":{"rendered":"<h4>Everton zr\u00fdch\u013euje. Pok\u00fdm prv\u00e1 polovica leta sa niesla v\u00a0znamen\u00ed prestupovej letargie v\u00a0Goodison Parku, koniec j\u00fala prin\u00e1\u0161a zauj\u00edmav\u00e9 a\u00a0hlavne lacn\u00e9 men\u00e1.<\/h4>\n<p>Po r\u00fdchlom, mladom portugalskom obrancovi prich\u00e1dza r\u00fdchly, mlad\u00fd a\u00a0technick\u00fd Angli\u010dan. Krstn\u00fdm menom Dwight m\u00e1 st\u00e1le len 22 rokov, av\u0161ak plno sk\u00fasenost\u00ed. V\u00a0Premier League nast\u00fapil u\u017e do 134 z\u00e1pasov. A\u00a0v\u00a0nich bol postrachom pre obranu s\u00faperov svojim priamym \u0165ahom na br\u00e1nu, expresne presn\u00fdmi centrami a\u00a0vytv\u00e1ran\u00edm \u0161anc\u00ed, ktor\u00e9 Evertonu v\u00a0poslednej sez\u00f3ne n\u00e1ramne ch\u00fdbali.<\/p>\n<h4 style=\"text-align: left;\"><strong>Frank Lampard po prestupe:<\/strong><\/h4>\n<blockquote><p><span style=\"font-size: 12pt;\"><em>\u201eU\u017e nejak\u00fd \u010das som ve\u013ek\u00fdm obdivovate\u013eom Dwighta. M\u00e1 obrovsk\u00fd talent a je presne t\u00fdm typom hr\u00e1\u010da, ktor\u00e9ho chceme privies\u0165 do k\u00e1dra, aby n\u00e1m pomohol zlep\u0161i\u0165 sa.\u201c<\/em><\/span><\/p><\/blockquote>\n<p>Hr\u00e1\u010d na Finch Farm podst\u00fapil zdravotn\u00fa prehliadku vo \u0161tvrtok, prakticky hne\u010f po zverejnen\u00ed prv\u00fdch seri\u00f3znych spr\u00e1v z\u00a0r\u00f4znych zdrojov o\u00a0pravdepodobnom prestupe. Zrejme teda rokovania s\u00a0urazenkami s\u00a0Turf Moor neboli tak\u00e9 \u0165a\u017ek\u00e9, ako pri Maxwelovi Cornetovi. \u00dato\u010dn\u00edka toho ist\u00e9ho klubu sme zatia\u013e neboli schopn\u00ed dotiahnu\u0165 pre rozdielne n\u00e1zory na\u00a0sp\u00f4sob platby. K\u00fdm McNeil dva roky pred koncom zmluvy bude v\u00a0spl\u00e1tkach, za Corneta \u00fadajne chc\u00fa v\u00fdkupn\u00fa klauzulu \u00a317,5m zacvaka\u0165 hne\u010f.<\/p>\n<p>Ko\u013eko st\u00e1l McNeil? Pod\u013ea viacer\u00fdch spo\u013eahliv\u00fdch inform\u00e1torov, na \u010dele s\u00a0F. Romanom a The Telegraph, zatia\u013e 15 s\u00a0mo\u017en\u00fdmi bonusmi do v\u00fd\u0161ky 20 mili\u00f3nov libier. \u00davodn\u00e1 platba m\u00e1 by\u0165 v\u0161ak zlomok. To je absol\u00fatne fam\u00f3zna \u010diastka na hr\u00e1\u010da, ktor\u00fd sp\u013a\u0148a krit\u00e9ria homegrown, a\u00a0je pova\u017eovan\u00fd za doposia\u013e nevybr\u00fasen\u00fd talent.<\/p>\n<h4><strong>\u010co od neho m\u00f4\u017eeme \u010daka\u0165?<\/strong><\/h4>\n<p>Vy\u0161kolen\u00fd poctiv\u00fdm re\u017eimom Seana Dychea v Burnley, Dwight je disciplinovan\u00fd a takticky vyspel\u00fd hr\u00e1\u010d. A jeho \u013eav\u00e1 noha m\u00e1 navy\u0161e zbrojn\u00fd preukaz. Ak to skombinujte s ostr\u00fdm zrakom na prihr\u00e1vku, m\u00e1te ide\u00e1lneho tvorcu pr\u00edle\u017eitost\u00ed pre 650. Ur\u010dite to nie je n\u00e1hrada za Richarlisona. Hoci prebral jeho \u010d\u00edslo, s\u00fa to \u00faplne odli\u0161n\u00ed futbalisti. Jedno v\u0161ak zdie\u013eaj\u00fa, a to je Umbakarna v podobe takmer nezranite\u013enosti. McNeil od decembra 2018 vynechal len dva ligov\u00e9 z\u00e1pasy v drese Burnley.<\/p>\n<p><img loading=\"lazy\" decoding=\"async\" class=\"alignnone size-full wp-image-19285\" src=\"https:\/\/evertonfc.cz\/wp-content\/uploads\/2022\/07\/McNeil-stats-by-efcstatto-28-7-2022.jpg\" alt=\"\" width=\"720\" height=\"770\" srcset=\"https:\/\/evertonfc.cz\/wp-content\/uploads\/2022\/07\/McNeil-stats-by-efcstatto-28-7-2022.jpg 720w, https:\/\/evertonfc.cz\/wp-content\/uploads\/2022\/07\/McNeil-stats-by-efcstatto-28-7-2022-281x300.jpg 281w\" sizes=\"(max-width: 720px) 100vw, 720px\" \/><\/p>\n<p>\u010casto tr\u00e1piaci sa t\u00edm The Clarets nikdy nepon\u00fakal ve\u013ek\u00fd priestor na sebavyjadrenie ofenz\u00edvnych kval\u00edt hr\u00e1\u010dov. V minulej sez\u00f3ne McNeil nesk\u00f3roval ani raz. Dokonca aj asistenciu mal len jednu, \u010di\u017ee i\u0161lo o jeho doteraz najslab\u0161iu sez\u00f3nu od prvej plnohodnotnej v ro\u010dn\u00edku 2018\/19. Korel\u00e1cia s vyhoden\u00fdm tr\u00e9nerom a zostupom klubu je preto evidentn\u00e1. Je to v\u0161ak len jedna \u010das\u0165 v\u00fdpovednej hodnoty.<\/p>\n<p>T\u00e1 druh\u00e1 hovor\u00ed, \u017ee vytvoril a\u017e 47 \u0161anc\u00ed &#8211; viac ako ktor\u00fdko\u013evek in\u00fd hr\u00e1\u010d The Toffees &#8211; a patr\u00ed tak medzi 25 najlep\u0161\u00edch kreat\u00edvcov v lige. A vid\u00edte teraz t\u00fa korel\u00e1ciu s jedn\u00fdm z najhor\u0161\u00edch \u00fatokov v PL? Takisto je brilantn\u00fd v s\u00fabojoch 1v1. Jeho 90 \u00faspe\u0161n\u00fdch driblingov prekonal iba \u0161ialen\u00fd Saint-Maximin so 150. S n\u00edm sme navy\u0161e kone\u010dne na\u0161li konzistentn\u00e9ho zahr\u00e1va\u010da rohov\u00fdch kopov, ktor\u00fd bude vedie\u0165, ako h\u013eada\u0165 Tarkowsk\u00e9ho vo v\u00e1pne.<\/p>\n<h4 style=\"text-align: left;\"><strong>\u0160portov\u00fd riadite\u013e Kevin Thelwell:<\/strong><\/h4>\n<blockquote><p><span style=\"font-size: 12pt;\"><em>\u201eNapriek tomu, \u017ee m\u00e1 len 22 rokov, m\u00e1 ve\u013ea sk\u00fasenost\u00ed z Premier League. \u0160tatistiky dokazuj\u00fa, \u017ee sme priviedli jeden z najlep\u0161\u00edch mlad\u00fdch talentov v anglickom futbale. Sme presved\u010den\u00ed, \u017ee v spolupr\u00e1ci s Frankom a jeho tr\u00e9nersk\u00fdm t\u00edmom sa Dwight m\u00f4\u017ee sta\u0165 e\u0161te lep\u0161\u00edm.&#8220;<\/em><\/span><\/p><\/blockquote>\n<p>McNeil je rod\u00e1k z Rochdale a do akad\u00e9mie Burnley sa pripojil vo veku 14 rokov. Jeho otec hr\u00e1val vo Football League za Macclesfield Town a Stockport County. V nerozv\u00e1\u017enej mladosti vraj fandil Manchesteru United. Medzi seniormi debutoval e\u0161te pred svojimi 19. narodeninami v z\u00e1pase Premier League proti Bournemouthu. Pozv\u00e1nku do v\u00fdberu Anglicka do 21 rokov si vysl\u00fa\u017eil v okt\u00f3bri 2019 proti Slovinsku. V reprezent\u00e1cii sa u\u017e teda stihol stretn\u00fa\u0165 aj s nov\u00fdmi spoluhr\u00e1\u010dmi, Benom Godfreyom a Tomom Daviesom. No ak by chcel, mohol by oblieka\u0165 aj farby Jamajky, rovnako ako Gray a Holgate.<\/p>\n<h4 style=\"text-align: left;\"><strong>Dwight McNeil po prestupe:<\/strong><\/h4>\n<blockquote><p><span style=\"font-size: 12pt;\"><em>\u201eBurnley mi pomohlo sta\u0165 sa hr\u00e1\u010dom, ak\u00fdm som dnes. Teraz som v Evertone, chcem sa dosta\u0165 na \u010fal\u0161iu \u00farove\u0148 a ka\u017ed\u00fd de\u0148 budem pracova\u0165 na zlep\u0161en\u00ed. S\u00e1m v\u00a0sebe viem, \u017ee minul\u00fa sez\u00f3nu boli moje \u010d\u00edsla dole kv\u00f4li poz\u00edcii v\u00a0ktorej som hr\u00e1val. C\u00edtim, \u017ee hran\u00edm pod mana\u017e\u00e9rom ako Lampard, p\u00f4jdu moje \u0161tatistiky hore. A to je to, \u010do chcem urobi\u0165 a zlep\u0161i\u0165 tak svoju hru. M\u00e1m \u0165ah na br\u00e1nu s loptou. R\u00e1d som na lopte, zasek\u00e1vam do stredu ihriska a vytv\u00e1ram \u0161ance pre t\u00edm.\u201c<\/em><\/span><\/p><\/blockquote>\n<p style=\"text-align: right;\"><span style=\"font-size: 8pt;\">(fotozdroj: evertonfc.com)<\/span><\/p>\n","protected":false},"excerpt":{"rendered":"<p>Everton zr\u00fdch\u013euje. Pok\u00fdm prv\u00e1 polovica leta sa niesla v\u00a0znamen\u00ed prestupovej letargie v\u00a0Goodison Parku, koniec j\u00fala prin\u00e1\u0161a zauj\u00edmav\u00e9 a\u00a0hlavne lacn\u00e9 men\u00e1.<\/p>\n","protected":false},"author":1,"featured_media":19284,"comment_status":"open","ping_status":"closed","sticky":false,"template":"","format":"standard","meta":{"_eb_attr":"","_monsterinsights_skip_tracking":false,"_monsterinsights_sitenote_active":false,"_monsterinsights_sitenote_note":"","_monsterinsights_sitenote_category":0,"footnotes":""},"categories":[41],"tags":[],"yoast_head":"<!-- This site is optimized with the Yoast SEO plugin v23.4 - https:\/\/yoast.com\/wordpress\/plugins\/seo\/ -->\n<title>McNeil, nov\u00e9 \u010d\u00edslo 7 - Official Czech &amp; Slovak Everton Supporters&#039; Club<\/title>\n<meta name=\"robots\" content=\"index, follow, max-snippet:-1, max-image-preview:large, max-video-preview:-1\" \/>\n<link rel=\"canonical\" href=\"https:\/\/evertonfc.cz\/index.php\/2022\/07\/28\/mcneil-nove-cislo-7\/\" \/>\n<meta property=\"og:locale\" content=\"cs_CZ\" \/>\n<meta property=\"og:type\" content=\"article\" \/>\n<meta property=\"og:title\" content=\"McNeil, nov\u00e9 \u010d\u00edslo 7 - Official Czech &amp; Slovak Everton Supporters&#039; Club\" \/>\n<meta property=\"og:description\" content=\"Everton zr\u00fdch\u013euje. Pok\u00fdm prv\u00e1 polovica leta sa niesla v\u00a0znamen\u00ed prestupovej letargie v\u00a0Goodison Parku, koniec j\u00fala prin\u00e1\u0161a zauj\u00edmav\u00e9 a\u00a0hlavne lacn\u00e9 men\u00e1.\" \/>\n<meta property=\"og:url\" content=\"https:\/\/evertonfc.cz\/index.php\/2022\/07\/28\/mcneil-nove-cislo-7\/\" \/>\n<meta property=\"og:site_name\" content=\"Official Czech &amp; Slovak Everton Supporters&#039; Club\" \/>\n<meta property=\"article:publisher\" content=\"https:\/\/www.facebook.com\/everton.fans.cz.sk\" \/>\n<meta property=\"article:published_time\" content=\"2022-07-28T19:32:42+00:00\" \/>\n<meta property=\"og:image\" content=\"https:\/\/evertonfc.cz\/wp-content\/uploads\/2022\/07\/McNeil-by-evertonfc.com-28-7-2022.jpg\" \/>\n\t<meta property=\"og:image:width\" content=\"720\" \/>\n\t<meta property=\"og:image:height\" content=\"405\" \/>\n\t<meta property=\"og:image:type\" content=\"image\/jpeg\" \/>\n<meta name=\"author\" content=\"BlueBlooded\" \/>\n<meta name=\"twitter:card\" content=\"summary_large_image\" \/>\n<meta name=\"twitter:label1\" content=\"Napsal(a)\" \/>\n\t<meta name=\"twitter:data1\" content=\"BlueBlooded\" \/>\n\t<meta name=\"twitter:label2\" content=\"Odhadovan\u00e1 doba \u010dten\u00ed\" \/>\n\t<meta name=\"twitter:data2\" content=\"4 minuty\" \/>\n<script type=\"application\/ld+json\" class=\"yoast-schema-graph\">{\"@context\":\"https:\/\/schema.org\",\"@graph\":[{\"@type\":\"Article\",\"@id\":\"https:\/\/evertonfc.cz\/index.php\/2022\/07\/28\/mcneil-nove-cislo-7\/#article\",\"isPartOf\":{\"@id\":\"https:\/\/evertonfc.cz\/index.php\/2022\/07\/28\/mcneil-nove-cislo-7\/\"},\"author\":{\"name\":\"BlueBlooded\",\"@id\":\"https:\/\/evertonfc.cz\/#\/schema\/person\/d4493b8cbea51532597fbc4685698916\"},\"headline\":\"McNeil, nov\u00e9 \u010d\u00edslo 7\",\"datePublished\":\"2022-07-28T19:32:42+00:00\",\"dateModified\":\"2022-07-28T19:32:42+00:00\",\"mainEntityOfPage\":{\"@id\":\"https:\/\/evertonfc.cz\/index.php\/2022\/07\/28\/mcneil-nove-cislo-7\/\"},\"wordCount\":831,\"commentCount\":6,\"publisher\":{\"@id\":\"https:\/\/evertonfc.cz\/#organization\"},\"image\":{\"@id\":\"https:\/\/evertonfc.cz\/index.php\/2022\/07\/28\/mcneil-nove-cislo-7\/#primaryimage\"},\"thumbnailUrl\":\"https:\/\/evertonfc.cz\/wp-content\/uploads\/2022\/07\/McNeil-by-evertonfc.com-28-7-2022.jpg\",\"articleSection\":[\"P\u0159estupy\"],\"inLanguage\":\"cs\",\"potentialAction\":[{\"@type\":\"CommentAction\",\"name\":\"Comment\",\"target\":[\"https:\/\/evertonfc.cz\/index.php\/2022\/07\/28\/mcneil-nove-cislo-7\/#respond\"]}]},{\"@type\":\"WebPage\",\"@id\":\"https:\/\/evertonfc.cz\/index.php\/2022\/07\/28\/mcneil-nove-cislo-7\/\",\"url\":\"https:\/\/evertonfc.cz\/index.php\/2022\/07\/28\/mcneil-nove-cislo-7\/\",\"name\":\"McNeil, nov\u00e9 \u010d\u00edslo 7 - Official Czech &amp; Slovak Everton Supporters&#039; Club\",\"isPartOf\":{\"@id\":\"https:\/\/evertonfc.cz\/#website\"},\"primaryImageOfPage\":{\"@id\":\"https:\/\/evertonfc.cz\/index.php\/2022\/07\/28\/mcneil-nove-cislo-7\/#primaryimage\"},\"image\":{\"@id\":\"https:\/\/evertonfc.cz\/index.php\/2022\/07\/28\/mcneil-nove-cislo-7\/#primaryimage\"},\"thumbnailUrl\":\"https:\/\/evertonfc.cz\/wp-content\/uploads\/2022\/07\/McNeil-by-evertonfc.com-28-7-2022.jpg\",\"datePublished\":\"2022-07-28T19:32:42+00:00\",\"dateModified\":\"2022-07-28T19:32:42+00:00\",\"breadcrumb\":{\"@id\":\"https:\/\/evertonfc.cz\/index.php\/2022\/07\/28\/mcneil-nove-cislo-7\/#breadcrumb\"},\"inLanguage\":\"cs\",\"potentialAction\":[{\"@type\":\"ReadAction\",\"target\":[\"https:\/\/evertonfc.cz\/index.php\/2022\/07\/28\/mcneil-nove-cislo-7\/\"]}]},{\"@type\":\"ImageObject\",\"inLanguage\":\"cs\",\"@id\":\"https:\/\/evertonfc.cz\/index.php\/2022\/07\/28\/mcneil-nove-cislo-7\/#primaryimage\",\"url\":\"https:\/\/evertonfc.cz\/wp-content\/uploads\/2022\/07\/McNeil-by-evertonfc.com-28-7-2022.jpg\",\"contentUrl\":\"https:\/\/evertonfc.cz\/wp-content\/uploads\/2022\/07\/McNeil-by-evertonfc.com-28-7-2022.jpg\",\"width\":720,\"height\":405},{\"@type\":\"BreadcrumbList\",\"@id\":\"https:\/\/evertonfc.cz\/index.php\/2022\/07\/28\/mcneil-nove-cislo-7\/#breadcrumb\",\"itemListElement\":[{\"@type\":\"ListItem\",\"position\":1,\"name\":\"Home\",\"item\":\"https:\/\/evertonfc.cz\/\"},{\"@type\":\"ListItem\",\"position\":2,\"name\":\"McNeil, nov\u00e9 \u010d\u00edslo 7\"}]},{\"@type\":\"WebSite\",\"@id\":\"https:\/\/evertonfc.cz\/#website\",\"url\":\"https:\/\/evertonfc.cz\/\",\"name\":\"Official Czech &amp; Slovak Everton Supporters&#039; Club\",\"description\":\"\",\"publisher\":{\"@id\":\"https:\/\/evertonfc.cz\/#organization\"},\"potentialAction\":[{\"@type\":\"SearchAction\",\"target\":{\"@type\":\"EntryPoint\",\"urlTemplate\":\"https:\/\/evertonfc.cz\/?s={search_term_string}\"},\"query-input\":{\"@type\":\"PropertyValueSpecification\",\"valueRequired\":true,\"valueName\":\"search_term_string\"}}],\"inLanguage\":\"cs\"},{\"@type\":\"Organization\",\"@id\":\"https:\/\/evertonfc.cz\/#organization\",\"name\":\"Official Czech & Slovak Everton Supporters' Club\",\"url\":\"https:\/\/evertonfc.cz\/\",\"logo\":{\"@type\":\"ImageObject\",\"inLanguage\":\"cs\",\"@id\":\"https:\/\/evertonfc.cz\/#\/schema\/logo\/image\/\",\"url\":\"https:\/\/evertonfc.cz\/wp-content\/uploads\/2019\/05\/logo.png\",\"contentUrl\":\"https:\/\/evertonfc.cz\/wp-content\/uploads\/2019\/05\/logo.png\",\"width\":112,\"height\":112,\"caption\":\"Official Czech & Slovak Everton Supporters' Club\"},\"image\":{\"@id\":\"https:\/\/evertonfc.cz\/#\/schema\/logo\/image\/\"},\"sameAs\":[\"https:\/\/www.facebook.com\/everton.fans.cz.sk\"]},{\"@type\":\"Person\",\"@id\":\"https:\/\/evertonfc.cz\/#\/schema\/person\/d4493b8cbea51532597fbc4685698916\",\"name\":\"BlueBlooded\",\"url\":\"https:\/\/evertonfc.cz\/index.php\/author\/admin\/\"}]}<\/script>\n<!-- \/ Yoast SEO plugin. -->","yoast_head_json":{"title":"McNeil, nov\u00e9 \u010d\u00edslo 7 - Official Czech &amp; Slovak Everton Supporters&#039; Club","robots":{"index":"index","follow":"follow","max-snippet":"max-snippet:-1","max-image-preview":"max-image-preview:large","max-video-preview":"max-video-preview:-1"},"canonical":"https:\/\/evertonfc.cz\/index.php\/2022\/07\/28\/mcneil-nove-cislo-7\/","og_locale":"cs_CZ","og_type":"article","og_title":"McNeil, nov\u00e9 \u010d\u00edslo 7 - Official Czech &amp; Slovak Everton Supporters&#039; Club","og_description":"Everton zr\u00fdch\u013euje. Pok\u00fdm prv\u00e1 polovica leta sa niesla v\u00a0znamen\u00ed prestupovej letargie v\u00a0Goodison Parku, koniec j\u00fala prin\u00e1\u0161a zauj\u00edmav\u00e9 a\u00a0hlavne lacn\u00e9 men\u00e1.","og_url":"https:\/\/evertonfc.cz\/index.php\/2022\/07\/28\/mcneil-nove-cislo-7\/","og_site_name":"Official Czech &amp; Slovak Everton Supporters&#039; Club","article_publisher":"https:\/\/www.facebook.com\/everton.fans.cz.sk","article_published_time":"2022-07-28T19:32:42+00:00","og_image":[{"width":720,"height":405,"url":"https:\/\/evertonfc.cz\/wp-content\/uploads\/2022\/07\/McNeil-by-evertonfc.com-28-7-2022.jpg","type":"image\/jpeg"}],"author":"BlueBlooded","twitter_card":"summary_large_image","twitter_misc":{"Napsal(a)":"BlueBlooded","Odhadovan\u00e1 doba \u010dten\u00ed":"4 minuty"},"schema":{"@context":"https:\/\/schema.org","@graph":[{"@type":"Article","@id":"https:\/\/evertonfc.cz\/index.php\/2022\/07\/28\/mcneil-nove-cislo-7\/#article","isPartOf":{"@id":"https:\/\/evertonfc.cz\/index.php\/2022\/07\/28\/mcneil-nove-cislo-7\/"},"author":{"name":"BlueBlooded","@id":"https:\/\/evertonfc.cz\/#\/schema\/person\/d4493b8cbea51532597fbc4685698916"},"headline":"McNeil, nov\u00e9 \u010d\u00edslo 7","datePublished":"2022-07-28T19:32:42+00:00","dateModified":"2022-07-28T19:32:42+00:00","mainEntityOfPage":{"@id":"https:\/\/evertonfc.cz\/index.php\/2022\/07\/28\/mcneil-nove-cislo-7\/"},"wordCount":831,"commentCount":6,"publisher":{"@id":"https:\/\/evertonfc.cz\/#organization"},"image":{"@id":"https:\/\/evertonfc.cz\/index.php\/2022\/07\/28\/mcneil-nove-cislo-7\/#primaryimage"},"thumbnailUrl":"https:\/\/evertonfc.cz\/wp-content\/uploads\/2022\/07\/McNeil-by-evertonfc.com-28-7-2022.jpg","articleSection":["P\u0159estupy"],"inLanguage":"cs","potentialAction":[{"@type":"CommentAction","name":"Comment","target":["https:\/\/evertonfc.cz\/index.php\/2022\/07\/28\/mcneil-nove-cislo-7\/#respond"]}]},{"@type":"WebPage","@id":"https:\/\/evertonfc.cz\/index.php\/2022\/07\/28\/mcneil-nove-cislo-7\/","url":"https:\/\/evertonfc.cz\/index.php\/2022\/07\/28\/mcneil-nove-cislo-7\/","name":"McNeil, nov\u00e9 \u010d\u00edslo 7 - Official Czech &amp; Slovak Everton Supporters&#039; Club","isPartOf":{"@id":"https:\/\/evertonfc.cz\/#website"},"primaryImageOfPage":{"@id":"https:\/\/evertonfc.cz\/index.php\/2022\/07\/28\/mcneil-nove-cislo-7\/#primaryimage"},"image":{"@id":"https:\/\/evertonfc.cz\/index.php\/2022\/07\/28\/mcneil-nove-cislo-7\/#primaryimage"},"thumbnailUrl":"https:\/\/evertonfc.cz\/wp-content\/uploads\/2022\/07\/McNeil-by-evertonfc.com-28-7-2022.jpg","datePublished":"2022-07-28T19:32:42+00:00","dateModified":"2022-07-28T19:32:42+00:00","breadcrumb":{"@id":"https:\/\/evertonfc.cz\/index.php\/2022\/07\/28\/mcneil-nove-cislo-7\/#breadcrumb"},"inLanguage":"cs","potentialAction":[{"@type":"ReadAction","target":["https:\/\/evertonfc.cz\/index.php\/2022\/07\/28\/mcneil-nove-cislo-7\/"]}]},{"@type":"ImageObject","inLanguage":"cs","@id":"https:\/\/evertonfc.cz\/index.php\/2022\/07\/28\/mcneil-nove-cislo-7\/#primaryimage","url":"https:\/\/evertonfc.cz\/wp-content\/uploads\/2022\/07\/McNeil-by-evertonfc.com-28-7-2022.jpg","contentUrl":"https:\/\/evertonfc.cz\/wp-content\/uploads\/2022\/07\/McNeil-by-evertonfc.com-28-7-2022.jpg","width":720,"height":405},{"@type":"BreadcrumbList","@id":"https:\/\/evertonfc.cz\/index.php\/2022\/07\/28\/mcneil-nove-cislo-7\/#breadcrumb","itemListElement":[{"@type":"ListItem","position":1,"name":"Home","item":"https:\/\/evertonfc.cz\/"},{"@type":"ListItem","position":2,"name":"McNeil, nov\u00e9 \u010d\u00edslo 7"}]},{"@type":"WebSite","@id":"https:\/\/evertonfc.cz\/#website","url":"https:\/\/evertonfc.cz\/","name":"Official Czech &amp; Slovak Everton Supporters&#039; Club","description":"","publisher":{"@id":"https:\/\/evertonfc.cz\/#organization"},"potentialAction":[{"@type":"SearchAction","target":{"@type":"EntryPoint","urlTemplate":"https:\/\/evertonfc.cz\/?s={search_term_string}"},"query-input":{"@type":"PropertyValueSpecification","valueRequired":true,"valueName":"search_term_string"}}],"inLanguage":"cs"},{"@type":"Organization","@id":"https:\/\/evertonfc.cz\/#organization","name":"Official Czech & Slovak Everton Supporters' Club","url":"https:\/\/evertonfc.cz\/","logo":{"@type":"ImageObject","inLanguage":"cs","@id":"https:\/\/evertonfc.cz\/#\/schema\/logo\/image\/","url":"https:\/\/evertonfc.cz\/wp-content\/uploads\/2019\/05\/logo.png","contentUrl":"https:\/\/evertonfc.cz\/wp-content\/uploads\/2019\/05\/logo.png","width":112,"height":112,"caption":"Official Czech & Slovak Everton Supporters' Club"},"image":{"@id":"https:\/\/evertonfc.cz\/#\/schema\/logo\/image\/"},"sameAs":["https:\/\/www.facebook.com\/everton.fans.cz.sk"]},{"@type":"Person","@id":"https:\/\/evertonfc.cz\/#\/schema\/person\/d4493b8cbea51532597fbc4685698916","name":"BlueBlooded","url":"https:\/\/evertonfc.cz\/index.php\/author\/admin\/"}]}},"_links":{"self":[{"href":"https:\/\/evertonfc.cz\/index.php\/wp-json\/wp\/v2\/posts\/19283"}],"collection":[{"href":"https:\/\/evertonfc.cz\/index.php\/wp-json\/wp\/v2\/posts"}],"about":[{"href":"https:\/\/evertonfc.cz\/index.php\/wp-json\/wp\/v2\/types\/post"}],"author":[{"embeddable":true,"href":"https:\/\/evertonfc.cz\/index.php\/wp-json\/wp\/v2\/users\/1"}],"replies":[{"embeddable":true,"href":"https:\/\/evertonfc.cz\/index.php\/wp-json\/wp\/v2\/comments?post=19283"}],"version-history":[{"count":5,"href":"https:\/\/evertonfc.cz\/index.php\/wp-json\/wp\/v2\/posts\/19283\/revisions"}],"predecessor-version":[{"id":19290,"href":"https:\/\/evertonfc.cz\/index.php\/wp-json\/wp\/v2\/posts\/19283\/revisions\/19290"}],"wp:featuredmedia":[{"embeddable":true,"href":"https:\/\/evertonfc.cz\/index.php\/wp-json\/wp\/v2\/media\/19284"}],"wp:attachment":[{"href":"https:\/\/evertonfc.cz\/index.php\/wp-json\/wp\/v2\/media?parent=19283"}],"wp:term":[{"taxonomy":"category","embeddable":true,"href":"https:\/\/evertonfc.cz\/index.php\/wp-json\/wp\/v2\/categories?post=19283"},{"taxonomy":"post_tag","embeddable":true,"href":"https:\/\/evertonfc.cz\/index.php\/wp-json\/wp\/v2\/tags?post=19283"}],"curies":[{"name":"wp","href":"https:\/\/api.w.org\/{rel}","templated":true}]}}