{"id":1929,"date":"2018-08-20T18:21:31","date_gmt":"2018-08-20T16:21:31","guid":{"rendered":"http:\/\/evertonfc.cz\/?p=1929"},"modified":"2019-07-25T11:05:04","modified_gmt":"2019-07-25T09:05:04","slug":"rb-lipsko-nadale-usiluje-o-lookmana","status":"publish","type":"post","link":"https:\/\/evertonfc.cz\/index.php\/2018\/08\/20\/rb-lipsko-nadale-usiluje-o-lookmana\/","title":{"rendered":"RB Lipsko nad\u00e1le usiluje o Lookmana"},"content":{"rendered":"\r\n<h4 class=\"wp-block-heading\">N\u011bmeck\u00fd klub nepolevuje ve snaze z\u00edskat do sv\u00fdch slu\u017eeb Ademolu Lookmana, podle posledn\u00edch zpr\u00e1v Everton obdr\u017eel vylep\u0161enou nab\u00eddku ve v\u00fd\u0161i 22 milion\u016f liber.<\/h4>\r\n\r\n\r\n\r\n<p>Pokud jsou\u00a0<a href=\"http:\/\/www.skysports.com\/football\/news\/11671\/11477441\/rb-leipzig-have-made-a-new-22m-offer-for-everton-winger-ademola-lookman\" target=\"_blank\" rel=\"noreferrer noopener\">informace m\u00e9di\u00ed<\/a>\u00a0pravdiv\u00e9, jedn\u00e1 se o druhou nab\u00eddku Lipska na p\u0159estup 20let\u00e9ho fotbalisty. Na za\u010d\u00e1tku l\u00e9ta m\u011bl Everton odm\u00edtnout dvan\u00e1ctimilionov\u00fd n\u00e1vrh.<\/p>\r\n\r\n\r\n\r\n<p>Mana\u017eer Toffees Marco Silva ji\u017e d\u0159\u00edve rezolutn\u011b prohl\u00e1sil, \u017ee prodej Lookmana nep\u0159ich\u00e1z\u00ed v \u00favahu, jeliko\u017e pat\u0159\u00ed do jeho pl\u00e1n\u016f. Portugalsk\u00fd strat\u00e9g ale z\u00e1rove\u0148 potvrdil hr\u00e1\u010d\u016fv hor\u0161\u00ed p\u0159\u00edstup, i kv\u016fli n\u011bmu\u017e chyb\u011bl v nominaci pro \u00favodn\u00ed ligov\u00fd z\u00e1pas ve Wolverhamptonu. V n\u00e1sleduj\u00edc\u00edm z\u00e1pase se Southamptonem se u\u017e Lookman objevil alespo\u0148 na lavi\u010dce n\u00e1hradn\u00edk\u016f, podle Silvy pot\u00e9, co zlep\u0161il tr\u00e9ninkov\u00e9 nasazen\u00ed, je\u017e v\u0161ak je\u0161t\u011b zdaleka nedosahuje optim\u00e1ln\u00ed \u00farovn\u011b.<\/p>\r\n\r\n\r\n\r\n<p>Po anga\u017eov\u00e1n\u00ed Richarlisona a Bernarda m\u00e1 anglick\u00fd talent moment\u00e1ln\u011b daleko do z\u00e1kladn\u00ed sestavy, a tak by nebylo p\u0159ekvapuj\u00edc\u00ed, kdyby tou\u017eil po n\u00e1vratu do Lipska, kde se mu b\u011bhem jarn\u00edho hostov\u00e1n\u00ed velice slu\u0161n\u011b da\u0159ilo. V 11 ligov\u00fdch st\u0159etnut\u00edch (574 odehran\u00fdch minut) vst\u0159elil p\u011bt branek a na dal\u0161\u00ed \u010dty\u0159i p\u0159ihr\u00e1l.<\/p>\r\n\r\n\r\n\r\n<p>V Evertonu nav\u00edc od sv\u00e9ho p\u0159\u00edchodu v zim\u011b 2017, kdy za n\u011bj Charlton obdr\u017eel 8 milion\u016f liber (dal\u0161\u00ed 2 a\u017e 3 miliony jsou obsa\u017eeny v bonusech) nemus\u00ed c\u00edtit pot\u0159ebnou d\u016fv\u011bru. Celkov\u011b za Blues \u2013 a to pod t\u0159emi mana\u017eery: Koemanem, Unsworthem a Allardycem \u2013 nastoupil do 22 z\u00e1pas\u016f, z toho jen v osmi p\u0159\u00edpadech v z\u00e1kladn\u00ed sestav\u011b.<\/p>\r\n\r\n\r\n\r\n<p><a href=\"https:\/\/www.mirror.co.uk\/sport\/football\/transfer-news\/ademola-lookman-cost-rb-leipzig-13049535.amp\" target=\"_blank\" rel=\"noreferrer noopener\">Podle d\u0159\u00edv\u011bj\u0161\u00edch zpr\u00e1v<\/a>\u00a0Everton\u00a0stanovil \u010d\u00e1stku za p\u0159estup ve v\u00fd\u0161i 30 milion\u016f liber. U\u017e nyn\u00ed nab\u00edzen\u00fdch 22 milion\u016f ov\u0161em p\u0159edstavuje rekord Lipska. To doposud nejdr\u00e1\u017ee po\u0159\u00eddilo Nabyho Ke\u00eftu, nyn\u00ed z\u00e1lo\u017en\u00edka Liverpoolu, za n\u011bho\u017e sestersk\u00e9mu salcbursk\u00e9mu celku, kter\u00fd rovn\u011b\u017e vlastn\u00ed spole\u010dnost Red Bull, v l\u00e9t\u011b 2016 poslal 24 milion\u016f eur. Lo\u0148sk\u00e9 l\u00e9to potom Rasen-Ballsport (co\u017e ve voln\u00e9m p\u0159ekladu znamen\u00e1 \u201etr\u00e1vn\u00edkov\u00e1 m\u00ed\u010dohra\u201c) Lipsko po\u0159\u00eddilo za 20 milion\u016f eur Kevina Kampla z Bayeru Leverkusen.<\/p>\r\n\r\n\r\n\r\n<p>Z\u00a0dal\u0161\u00edch p\u0159estupov\u00fdch spekulac\u00ed se \u0161\u00ed\u0159\u00ed\u00a0<a href=\"http:\/\/www.skysports.com\/football\/news\/11680\/11477620\/evertons-yannick-bolasie-holding-talks-with-middlesbrough-over-loan-move\" target=\"_blank\" rel=\"noreferrer noopener\">zv\u011bsti o\u00a0hostov\u00e1n\u00edch<\/a>\u00a0Yannicka Bolasieho a Muhameda Be\u0161i\u0107e v\u00a0druholigov\u00e9m Middlesbrough. T\u00fdm veden\u00fd mana\u017eerem Tonym Pulisem p\u0159itom p\u0159estup Be\u0161i\u0107e na Riverside s Evertonem dohodl ji\u017e b\u011bhem Deadline Day, transfer ale nakonec zkrachoval na neochot\u011b Boro uhradit po\u017eadovanou provizi agentovi bosensk\u00e9ho reprezentanta.<\/p>\r\n\r\n\r\n\r\n<p>Z\u00a0hr\u00e1\u010d\u016f Evertonu, kte\u0159\u00ed aktu\u00e1ln\u011b pob\u00fdvaj\u00ed na hostov\u00e1n\u00ed, se o v\u00edkendu bl\u00fdskl Henry Onyekuru. Mlad\u00fd Nigerijec si otev\u0159el st\u0159eleck\u00e9 konto v\u00a0Galatasaray\u00a0<a href=\"https:\/\/twitter.com\/Turkish_Futbol1\/status\/1031265520258109440\">perfektn\u00edm lobem<\/a>\u00a0a za\u0159\u00eddil sv\u00e9mu celku v\u00fdhru 1:0.<\/p>\r\n","protected":false},"excerpt":{"rendered":"<p>N\u011bmeck\u00fd klub nepolevuje ve snaze z\u00edskat do sv\u00fdch slu\u017eeb Ademolu Lookmana, podle posledn\u00edch zpr\u00e1v Everton obdr\u017eel vylep\u0161enou nab\u00eddku ve v\u00fd\u0161i&hellip;<\/p>\n","protected":false},"author":6,"featured_media":1918,"comment_status":"open","ping_status":"closed","sticky":false,"template":"","format":"standard","meta":{"_eb_attr":"","_monsterinsights_skip_tracking":false,"_monsterinsights_sitenote_active":false,"_monsterinsights_sitenote_note":"","_monsterinsights_sitenote_category":0,"footnotes":""},"categories":[41],"tags":[],"yoast_head":"<!-- This site is optimized with the Yoast SEO plugin v23.4 - https:\/\/yoast.com\/wordpress\/plugins\/seo\/ -->\n<title>RB Lipsko nad\u00e1le usiluje o Lookmana - Official Czech &amp; Slovak Everton Supporters&#039; Club<\/title>\n<meta name=\"robots\" content=\"index, follow, max-snippet:-1, max-image-preview:large, max-video-preview:-1\" \/>\n<link rel=\"canonical\" href=\"https:\/\/evertonfc.cz\/index.php\/2018\/08\/20\/rb-lipsko-nadale-usiluje-o-lookmana\/\" \/>\n<meta property=\"og:locale\" content=\"cs_CZ\" \/>\n<meta property=\"og:type\" content=\"article\" \/>\n<meta property=\"og:title\" content=\"RB Lipsko nad\u00e1le usiluje o Lookmana - Official Czech &amp; Slovak Everton Supporters&#039; Club\" \/>\n<meta property=\"og:description\" content=\"N\u011bmeck\u00fd klub nepolevuje ve snaze z\u00edskat do sv\u00fdch slu\u017eeb Ademolu Lookmana, podle posledn\u00edch zpr\u00e1v Everton obdr\u017eel vylep\u0161enou nab\u00eddku ve v\u00fd\u0161i&hellip;\" \/>\n<meta property=\"og:url\" content=\"https:\/\/evertonfc.cz\/index.php\/2018\/08\/20\/rb-lipsko-nadale-usiluje-o-lookmana\/\" \/>\n<meta property=\"og:site_name\" content=\"Official Czech &amp; Slovak Everton Supporters&#039; Club\" \/>\n<meta property=\"article:publisher\" content=\"https:\/\/www.facebook.com\/everton.fans.cz.sk\" \/>\n<meta property=\"article:published_time\" content=\"2018-08-20T16:21:31+00:00\" \/>\n<meta property=\"article:modified_time\" content=\"2019-07-25T09:05:04+00:00\" \/>\n<meta property=\"og:image\" content=\"https:\/\/evertonfc.cz\/wp-content\/uploads\/2019\/01\/lookman_22_8_2018.jpg\" \/>\n\t<meta property=\"og:image:width\" content=\"720\" \/>\n\t<meta property=\"og:image:height\" content=\"405\" \/>\n\t<meta property=\"og:image:type\" content=\"image\/jpeg\" \/>\n<meta name=\"author\" content=\"Ri\u010di\" \/>\n<meta name=\"twitter:card\" content=\"summary_large_image\" \/>\n<meta name=\"twitter:creator\" content=\"@rbrejsa\" \/>\n<meta name=\"twitter:label1\" content=\"Napsal(a)\" \/>\n\t<meta name=\"twitter:data1\" content=\"Ri\u010di\" \/>\n\t<meta name=\"twitter:label2\" content=\"Odhadovan\u00e1 doba \u010dten\u00ed\" \/>\n\t<meta name=\"twitter:data2\" content=\"2 minuty\" \/>\n<script type=\"application\/ld+json\" class=\"yoast-schema-graph\">{\"@context\":\"https:\/\/schema.org\",\"@graph\":[{\"@type\":\"Article\",\"@id\":\"https:\/\/evertonfc.cz\/index.php\/2018\/08\/20\/rb-lipsko-nadale-usiluje-o-lookmana\/#article\",\"isPartOf\":{\"@id\":\"https:\/\/evertonfc.cz\/index.php\/2018\/08\/20\/rb-lipsko-nadale-usiluje-o-lookmana\/\"},\"author\":{\"name\":\"Ri\u010di\",\"@id\":\"https:\/\/evertonfc.cz\/#\/schema\/person\/f7a5daedb2ffee98480bc70e191aaef1\"},\"headline\":\"RB Lipsko nad\u00e1le usiluje o Lookmana\",\"datePublished\":\"2018-08-20T16:21:31+00:00\",\"dateModified\":\"2019-07-25T09:05:04+00:00\",\"mainEntityOfPage\":{\"@id\":\"https:\/\/evertonfc.cz\/index.php\/2018\/08\/20\/rb-lipsko-nadale-usiluje-o-lookmana\/\"},\"wordCount\":496,\"commentCount\":0,\"publisher\":{\"@id\":\"https:\/\/evertonfc.cz\/#organization\"},\"image\":{\"@id\":\"https:\/\/evertonfc.cz\/index.php\/2018\/08\/20\/rb-lipsko-nadale-usiluje-o-lookmana\/#primaryimage\"},\"thumbnailUrl\":\"https:\/\/evertonfc.cz\/wp-content\/uploads\/2019\/01\/lookman_22_8_2018.jpg\",\"articleSection\":[\"P\u0159estupy\"],\"inLanguage\":\"cs\",\"potentialAction\":[{\"@type\":\"CommentAction\",\"name\":\"Comment\",\"target\":[\"https:\/\/evertonfc.cz\/index.php\/2018\/08\/20\/rb-lipsko-nadale-usiluje-o-lookmana\/#respond\"]}]},{\"@type\":\"WebPage\",\"@id\":\"https:\/\/evertonfc.cz\/index.php\/2018\/08\/20\/rb-lipsko-nadale-usiluje-o-lookmana\/\",\"url\":\"https:\/\/evertonfc.cz\/index.php\/2018\/08\/20\/rb-lipsko-nadale-usiluje-o-lookmana\/\",\"name\":\"RB Lipsko nad\u00e1le usiluje o Lookmana - Official Czech &amp; Slovak Everton Supporters&#039; Club\",\"isPartOf\":{\"@id\":\"https:\/\/evertonfc.cz\/#website\"},\"primaryImageOfPage\":{\"@id\":\"https:\/\/evertonfc.cz\/index.php\/2018\/08\/20\/rb-lipsko-nadale-usiluje-o-lookmana\/#primaryimage\"},\"image\":{\"@id\":\"https:\/\/evertonfc.cz\/index.php\/2018\/08\/20\/rb-lipsko-nadale-usiluje-o-lookmana\/#primaryimage\"},\"thumbnailUrl\":\"https:\/\/evertonfc.cz\/wp-content\/uploads\/2019\/01\/lookman_22_8_2018.jpg\",\"datePublished\":\"2018-08-20T16:21:31+00:00\",\"dateModified\":\"2019-07-25T09:05:04+00:00\",\"breadcrumb\":{\"@id\":\"https:\/\/evertonfc.cz\/index.php\/2018\/08\/20\/rb-lipsko-nadale-usiluje-o-lookmana\/#breadcrumb\"},\"inLanguage\":\"cs\",\"potentialAction\":[{\"@type\":\"ReadAction\",\"target\":[\"https:\/\/evertonfc.cz\/index.php\/2018\/08\/20\/rb-lipsko-nadale-usiluje-o-lookmana\/\"]}]},{\"@type\":\"ImageObject\",\"inLanguage\":\"cs\",\"@id\":\"https:\/\/evertonfc.cz\/index.php\/2018\/08\/20\/rb-lipsko-nadale-usiluje-o-lookmana\/#primaryimage\",\"url\":\"https:\/\/evertonfc.cz\/wp-content\/uploads\/2019\/01\/lookman_22_8_2018.jpg\",\"contentUrl\":\"https:\/\/evertonfc.cz\/wp-content\/uploads\/2019\/01\/lookman_22_8_2018.jpg\",\"width\":720,\"height\":405},{\"@type\":\"BreadcrumbList\",\"@id\":\"https:\/\/evertonfc.cz\/index.php\/2018\/08\/20\/rb-lipsko-nadale-usiluje-o-lookmana\/#breadcrumb\",\"itemListElement\":[{\"@type\":\"ListItem\",\"position\":1,\"name\":\"Home\",\"item\":\"https:\/\/evertonfc.cz\/\"},{\"@type\":\"ListItem\",\"position\":2,\"name\":\"RB Lipsko nad\u00e1le usiluje o Lookmana\"}]},{\"@type\":\"WebSite\",\"@id\":\"https:\/\/evertonfc.cz\/#website\",\"url\":\"https:\/\/evertonfc.cz\/\",\"name\":\"Official Czech &amp; Slovak Everton Supporters&#039; Club\",\"description\":\"\",\"publisher\":{\"@id\":\"https:\/\/evertonfc.cz\/#organization\"},\"potentialAction\":[{\"@type\":\"SearchAction\",\"target\":{\"@type\":\"EntryPoint\",\"urlTemplate\":\"https:\/\/evertonfc.cz\/?s={search_term_string}\"},\"query-input\":{\"@type\":\"PropertyValueSpecification\",\"valueRequired\":true,\"valueName\":\"search_term_string\"}}],\"inLanguage\":\"cs\"},{\"@type\":\"Organization\",\"@id\":\"https:\/\/evertonfc.cz\/#organization\",\"name\":\"Official Czech & Slovak Everton Supporters' Club\",\"url\":\"https:\/\/evertonfc.cz\/\",\"logo\":{\"@type\":\"ImageObject\",\"inLanguage\":\"cs\",\"@id\":\"https:\/\/evertonfc.cz\/#\/schema\/logo\/image\/\",\"url\":\"https:\/\/evertonfc.cz\/wp-content\/uploads\/2019\/05\/logo.png\",\"contentUrl\":\"https:\/\/evertonfc.cz\/wp-content\/uploads\/2019\/05\/logo.png\",\"width\":112,\"height\":112,\"caption\":\"Official Czech & Slovak Everton Supporters' Club\"},\"image\":{\"@id\":\"https:\/\/evertonfc.cz\/#\/schema\/logo\/image\/\"},\"sameAs\":[\"https:\/\/www.facebook.com\/everton.fans.cz.sk\"]},{\"@type\":\"Person\",\"@id\":\"https:\/\/evertonfc.cz\/#\/schema\/person\/f7a5daedb2ffee98480bc70e191aaef1\",\"name\":\"Ri\u010di\",\"sameAs\":[\"https:\/\/x.com\/rbrejsa\"],\"url\":\"https:\/\/evertonfc.cz\/index.php\/author\/rici\/\"}]}<\/script>\n<!-- \/ Yoast SEO plugin. -->","yoast_head_json":{"title":"RB Lipsko nad\u00e1le usiluje o Lookmana - Official Czech &amp; Slovak Everton Supporters&#039; Club","robots":{"index":"index","follow":"follow","max-snippet":"max-snippet:-1","max-image-preview":"max-image-preview:large","max-video-preview":"max-video-preview:-1"},"canonical":"https:\/\/evertonfc.cz\/index.php\/2018\/08\/20\/rb-lipsko-nadale-usiluje-o-lookmana\/","og_locale":"cs_CZ","og_type":"article","og_title":"RB Lipsko nad\u00e1le usiluje o Lookmana - Official Czech &amp; Slovak Everton Supporters&#039; Club","og_description":"N\u011bmeck\u00fd klub nepolevuje ve snaze z\u00edskat do sv\u00fdch slu\u017eeb Ademolu Lookmana, podle posledn\u00edch zpr\u00e1v Everton obdr\u017eel vylep\u0161enou nab\u00eddku ve v\u00fd\u0161i&hellip;","og_url":"https:\/\/evertonfc.cz\/index.php\/2018\/08\/20\/rb-lipsko-nadale-usiluje-o-lookmana\/","og_site_name":"Official Czech &amp; Slovak Everton Supporters&#039; Club","article_publisher":"https:\/\/www.facebook.com\/everton.fans.cz.sk","article_published_time":"2018-08-20T16:21:31+00:00","article_modified_time":"2019-07-25T09:05:04+00:00","og_image":[{"width":720,"height":405,"url":"https:\/\/evertonfc.cz\/wp-content\/uploads\/2019\/01\/lookman_22_8_2018.jpg","type":"image\/jpeg"}],"author":"Ri\u010di","twitter_card":"summary_large_image","twitter_creator":"@rbrejsa","twitter_misc":{"Napsal(a)":"Ri\u010di","Odhadovan\u00e1 doba \u010dten\u00ed":"2 minuty"},"schema":{"@context":"https:\/\/schema.org","@graph":[{"@type":"Article","@id":"https:\/\/evertonfc.cz\/index.php\/2018\/08\/20\/rb-lipsko-nadale-usiluje-o-lookmana\/#article","isPartOf":{"@id":"https:\/\/evertonfc.cz\/index.php\/2018\/08\/20\/rb-lipsko-nadale-usiluje-o-lookmana\/"},"author":{"name":"Ri\u010di","@id":"https:\/\/evertonfc.cz\/#\/schema\/person\/f7a5daedb2ffee98480bc70e191aaef1"},"headline":"RB Lipsko nad\u00e1le usiluje o Lookmana","datePublished":"2018-08-20T16:21:31+00:00","dateModified":"2019-07-25T09:05:04+00:00","mainEntityOfPage":{"@id":"https:\/\/evertonfc.cz\/index.php\/2018\/08\/20\/rb-lipsko-nadale-usiluje-o-lookmana\/"},"wordCount":496,"commentCount":0,"publisher":{"@id":"https:\/\/evertonfc.cz\/#organization"},"image":{"@id":"https:\/\/evertonfc.cz\/index.php\/2018\/08\/20\/rb-lipsko-nadale-usiluje-o-lookmana\/#primaryimage"},"thumbnailUrl":"https:\/\/evertonfc.cz\/wp-content\/uploads\/2019\/01\/lookman_22_8_2018.jpg","articleSection":["P\u0159estupy"],"inLanguage":"cs","potentialAction":[{"@type":"CommentAction","name":"Comment","target":["https:\/\/evertonfc.cz\/index.php\/2018\/08\/20\/rb-lipsko-nadale-usiluje-o-lookmana\/#respond"]}]},{"@type":"WebPage","@id":"https:\/\/evertonfc.cz\/index.php\/2018\/08\/20\/rb-lipsko-nadale-usiluje-o-lookmana\/","url":"https:\/\/evertonfc.cz\/index.php\/2018\/08\/20\/rb-lipsko-nadale-usiluje-o-lookmana\/","name":"RB Lipsko nad\u00e1le usiluje o Lookmana - Official Czech &amp; Slovak Everton Supporters&#039; Club","isPartOf":{"@id":"https:\/\/evertonfc.cz\/#website"},"primaryImageOfPage":{"@id":"https:\/\/evertonfc.cz\/index.php\/2018\/08\/20\/rb-lipsko-nadale-usiluje-o-lookmana\/#primaryimage"},"image":{"@id":"https:\/\/evertonfc.cz\/index.php\/2018\/08\/20\/rb-lipsko-nadale-usiluje-o-lookmana\/#primaryimage"},"thumbnailUrl":"https:\/\/evertonfc.cz\/wp-content\/uploads\/2019\/01\/lookman_22_8_2018.jpg","datePublished":"2018-08-20T16:21:31+00:00","dateModified":"2019-07-25T09:05:04+00:00","breadcrumb":{"@id":"https:\/\/evertonfc.cz\/index.php\/2018\/08\/20\/rb-lipsko-nadale-usiluje-o-lookmana\/#breadcrumb"},"inLanguage":"cs","potentialAction":[{"@type":"ReadAction","target":["https:\/\/evertonfc.cz\/index.php\/2018\/08\/20\/rb-lipsko-nadale-usiluje-o-lookmana\/"]}]},{"@type":"ImageObject","inLanguage":"cs","@id":"https:\/\/evertonfc.cz\/index.php\/2018\/08\/20\/rb-lipsko-nadale-usiluje-o-lookmana\/#primaryimage","url":"https:\/\/evertonfc.cz\/wp-content\/uploads\/2019\/01\/lookman_22_8_2018.jpg","contentUrl":"https:\/\/evertonfc.cz\/wp-content\/uploads\/2019\/01\/lookman_22_8_2018.jpg","width":720,"height":405},{"@type":"BreadcrumbList","@id":"https:\/\/evertonfc.cz\/index.php\/2018\/08\/20\/rb-lipsko-nadale-usiluje-o-lookmana\/#breadcrumb","itemListElement":[{"@type":"ListItem","position":1,"name":"Home","item":"https:\/\/evertonfc.cz\/"},{"@type":"ListItem","position":2,"name":"RB Lipsko nad\u00e1le usiluje o Lookmana"}]},{"@type":"WebSite","@id":"https:\/\/evertonfc.cz\/#website","url":"https:\/\/evertonfc.cz\/","name":"Official Czech &amp; Slovak Everton Supporters&#039; Club","description":"","publisher":{"@id":"https:\/\/evertonfc.cz\/#organization"},"potentialAction":[{"@type":"SearchAction","target":{"@type":"EntryPoint","urlTemplate":"https:\/\/evertonfc.cz\/?s={search_term_string}"},"query-input":{"@type":"PropertyValueSpecification","valueRequired":true,"valueName":"search_term_string"}}],"inLanguage":"cs"},{"@type":"Organization","@id":"https:\/\/evertonfc.cz\/#organization","name":"Official Czech & Slovak Everton Supporters' Club","url":"https:\/\/evertonfc.cz\/","logo":{"@type":"ImageObject","inLanguage":"cs","@id":"https:\/\/evertonfc.cz\/#\/schema\/logo\/image\/","url":"https:\/\/evertonfc.cz\/wp-content\/uploads\/2019\/05\/logo.png","contentUrl":"https:\/\/evertonfc.cz\/wp-content\/uploads\/2019\/05\/logo.png","width":112,"height":112,"caption":"Official Czech & Slovak Everton Supporters' Club"},"image":{"@id":"https:\/\/evertonfc.cz\/#\/schema\/logo\/image\/"},"sameAs":["https:\/\/www.facebook.com\/everton.fans.cz.sk"]},{"@type":"Person","@id":"https:\/\/evertonfc.cz\/#\/schema\/person\/f7a5daedb2ffee98480bc70e191aaef1","name":"Ri\u010di","sameAs":["https:\/\/x.com\/rbrejsa"],"url":"https:\/\/evertonfc.cz\/index.php\/author\/rici\/"}]}},"_links":{"self":[{"href":"https:\/\/evertonfc.cz\/index.php\/wp-json\/wp\/v2\/posts\/1929"}],"collection":[{"href":"https:\/\/evertonfc.cz\/index.php\/wp-json\/wp\/v2\/posts"}],"about":[{"href":"https:\/\/evertonfc.cz\/index.php\/wp-json\/wp\/v2\/types\/post"}],"author":[{"embeddable":true,"href":"https:\/\/evertonfc.cz\/index.php\/wp-json\/wp\/v2\/users\/6"}],"replies":[{"embeddable":true,"href":"https:\/\/evertonfc.cz\/index.php\/wp-json\/wp\/v2\/comments?post=1929"}],"version-history":[{"count":2,"href":"https:\/\/evertonfc.cz\/index.php\/wp-json\/wp\/v2\/posts\/1929\/revisions"}],"predecessor-version":[{"id":8668,"href":"https:\/\/evertonfc.cz\/index.php\/wp-json\/wp\/v2\/posts\/1929\/revisions\/8668"}],"wp:featuredmedia":[{"embeddable":true,"href":"https:\/\/evertonfc.cz\/index.php\/wp-json\/wp\/v2\/media\/1918"}],"wp:attachment":[{"href":"https:\/\/evertonfc.cz\/index.php\/wp-json\/wp\/v2\/media?parent=1929"}],"wp:term":[{"taxonomy":"category","embeddable":true,"href":"https:\/\/evertonfc.cz\/index.php\/wp-json\/wp\/v2\/categories?post=1929"},{"taxonomy":"post_tag","embeddable":true,"href":"https:\/\/evertonfc.cz\/index.php\/wp-json\/wp\/v2\/tags?post=1929"}],"curies":[{"name":"wp","href":"https:\/\/api.w.org\/{rel}","templated":true}]}}