{"id":1933,"date":"2018-08-18T18:24:21","date_gmt":"2018-08-18T16:24:21","guid":{"rendered":"http:\/\/evertonfc.cz\/?p=1933"},"modified":"2021-03-01T13:24:00","modified_gmt":"2021-03-01T12:24:00","slug":"preview-everton-southampton","status":"publish","type":"post","link":"https:\/\/evertonfc.cz\/index.php\/2018\/08\/18\/preview-everton-southampton\/","title":{"rendered":"Preview: Everton &#8211; Southampton"},"content":{"rendered":"\r\n<h4 class=\"wp-block-heading\">Nat\u011b\u0161en\u00e1 a vyprodan\u00e1 Old Lady s netrp\u011blivost\u00ed vyhl\u00ed\u017e\u00ed prvn\u00ed dom\u00e1c\u00ed ligov\u00e9 kl\u00e1n\u00ed sez\u00f3ny. Ve h\u0159e jsou premi\u00e9rov\u00e9 t\u0159i body pro Marca Silvu.<\/h4>\r\n\r\n\r\n\r\n<p>Southampton veden\u00fd Markem Hughesem v l\u00e9t\u011b p\u0159ivedl posilu do ka\u017ed\u00e9 \u0159ady. C\u00edl n\u00e1kup\u016f je z\u0159ejm\u00fd \u2013 vyhnout se sestupov\u00fdm starostem z lo\u0148sk\u00e9 sez\u00f3ny. Z toho d\u016fvodu p\u0159i\u0161el do br\u00e1ny Angus Gunn (Manchester City \u2013 \u00a313,5m), do obrany vyt\u00e1hl\u00fd stoper Jannik Vestergaard (Borussia M\u00f6nchengladbach \u2013 \u00a318m liber), do z\u00e1lohy st\u0159edopola\u0159 Stuart Armstrong (Celtic \u2013 \u00a37m) i k\u0159\u00eddeln\u00edk, moment\u00e1ln\u011b zran\u011bn\u00fd, Mohamed Elyounoussi (Basilej \u2013\u00a0\u00a316m) a do \u00fatoku Danny Ings (Liverpool \u2013 hostov\u00e1n\u00ed s povinnou opc\u00ed \u00a318m).<\/p>\r\n\r\n\r\n\r\n<p>Co se t\u00fd\u010de odchod\u016f, pon\u011bkud p\u0159ekvapil p\u0159estup kl\u00ed\u010dov\u00e9ho hr\u00e1\u010de Du\u0161ana Tadi\u0107e do Ajaxu.<\/p>\r\n\r\n\r\n\r\n<p>Saints vstoupili do leto\u0161n\u00ed edice Premier League bezbrankovou rem\u00edzou s Burnley. V\u00a0utk\u00e1n\u00ed na dom\u00e1c\u00ed p\u016fd\u011b pot\u011b\u0161il zejm\u00e9na debut zmi\u0148ovan\u00e9ho Ingse, kter\u00fd jako st\u0159\u00eddaj\u00edc\u00ed hr\u00e1\u010d na z\u00e1v\u011bre\u010dn\u00fdch t\u0159icet minut notn\u011b pozvedl ofenzivu t\u00fdmu. Na Goodison Parku je o\u010dek\u00e1v\u00e1n jeho start v\u00a0z\u00e1kladn\u00ed sestav\u011b.<\/p>\r\n\r\n\r\n\r\n<p>V t\u00e1bo\u0159e Evertonu je nejsklo\u0148ovan\u011bj\u0161\u00ed ot\u00e1zkou, kdo ve stopersk\u00e9 dvojici dopln\u00ed Michaela Keanea. Phil Jagielka, jen\u017e v\u010dera oslavil 36. narozeniny, bude po vylou\u010den\u00ed ve Wolverhamptonu absentovat t\u0159i utk\u00e1n\u00ed, Yerry Mina si na sv\u016fj debut bude muset je\u0161t\u011b po\u010dkat, jeliko\u017e ho tr\u00e1p\u00ed men\u0161\u00ed zran\u011bn\u00ed na noze, a tak uvoln\u011bn\u00e9 m\u00edsto p\u0159ipadne jednomu z dvojice Mason Holgate, Kurt Zouma. M\u00edrn\u00fdm favoritem je Holgate, kter\u00fd minul\u00fd v\u00edkend p\u0159edvedl slu\u0161n\u00fd v\u00fdkon.<\/p>\r\n\r\n\r\n\r\n<p>Krom\u011b Miny chyb\u00ed i druh\u00e1 zran\u011bn\u00e1 posila z Barcelony, Andr\u00e9 Gomes. Dal\u0161\u00ed dva nov\u00e1\u010dkov\u00e9 \u2013 Digne a Bernard \u2013 jsou p\u0159ipraveni nastoupit, nejsp\u00ed\u0161e ale za\u010dnou jenom na lavi\u010dce n\u00e1hradn\u00edk\u016f.<\/p>\r\n\r\n\r\n\r\n<p>Toffees v rem\u00edzov\u00e9m utk\u00e1n\u00ed s Wolves nazna\u010dili, jak\u00fdm stylem se cht\u011bj\u00ed prezentovat. Vysok\u00fd presink, aktivn\u00ed \u00fato\u010dn\u00e1 hra se snahou o dominanci na m\u00ed\u010di a v\u00fdborn\u00fd v\u00fdkon brazilsk\u00e9 posily Richarlisona zdrav\u011b navnadily fanou\u0161ky Evertonu, v\u00fdsledkem \u010deho\u017e bude zapln\u011bn\u00fd sobotn\u00ed Goodison Park.<\/p>\r\n\r\n\r\n\r\n<p><strong>Co:<\/strong>\u00a0Everton FC \u2013 Southamton FC, 2. kolo Premier League<br \/><strong>Kdy:<\/strong>\u00a018. 8. 2018 od 16:00 SE\u010c<br \/><strong>Kde:<\/strong>\u00a0Goodison Park, Liverpool (kapacita: 40 221)<br \/><strong>Rozhod\u010d\u00ed:<\/strong>\u00a0Lee Mason<\/p>\r\n","protected":false},"excerpt":{"rendered":"<p>Nat\u011b\u0161en\u00e1 a vyprodan\u00e1 Old Lady s netrp\u011blivost\u00ed vyhl\u00ed\u017e\u00ed prvn\u00ed dom\u00e1c\u00ed ligov\u00e9 kl\u00e1n\u00ed sez\u00f3ny. Ve h\u0159e jsou premi\u00e9rov\u00e9 t\u0159i body pro Marca Silvu.<\/p>\n","protected":false},"author":6,"featured_media":14388,"comment_status":"open","ping_status":"closed","sticky":false,"template":"","format":"standard","meta":{"_eb_attr":"","_monsterinsights_skip_tracking":false,"_monsterinsights_sitenote_active":false,"_monsterinsights_sitenote_note":"","_monsterinsights_sitenote_category":0,"footnotes":""},"categories":[4],"tags":[],"yoast_head":"<!-- This site is optimized with the Yoast SEO plugin v23.4 - https:\/\/yoast.com\/wordpress\/plugins\/seo\/ -->\n<title>Preview: Everton - Southampton - Official Czech &amp; Slovak Everton Supporters&#039; Club<\/title>\n<meta name=\"robots\" content=\"index, follow, max-snippet:-1, max-image-preview:large, max-video-preview:-1\" \/>\n<link rel=\"canonical\" href=\"https:\/\/evertonfc.cz\/index.php\/2018\/08\/18\/preview-everton-southampton\/\" \/>\n<meta property=\"og:locale\" content=\"cs_CZ\" \/>\n<meta property=\"og:type\" content=\"article\" \/>\n<meta property=\"og:title\" content=\"Preview: Everton - Southampton - Official Czech &amp; Slovak Everton Supporters&#039; Club\" \/>\n<meta property=\"og:description\" content=\"Nat\u011b\u0161en\u00e1 a vyprodan\u00e1 Old Lady s netrp\u011blivost\u00ed vyhl\u00ed\u017e\u00ed prvn\u00ed dom\u00e1c\u00ed ligov\u00e9 kl\u00e1n\u00ed sez\u00f3ny. Ve h\u0159e jsou premi\u00e9rov\u00e9 t\u0159i body pro Marca Silvu.\" \/>\n<meta property=\"og:url\" content=\"https:\/\/evertonfc.cz\/index.php\/2018\/08\/18\/preview-everton-southampton\/\" \/>\n<meta property=\"og:site_name\" content=\"Official Czech &amp; Slovak Everton Supporters&#039; Club\" \/>\n<meta property=\"article:publisher\" content=\"https:\/\/www.facebook.com\/everton.fans.cz.sk\" \/>\n<meta property=\"article:published_time\" content=\"2018-08-18T16:24:21+00:00\" \/>\n<meta property=\"article:modified_time\" content=\"2021-03-01T12:24:00+00:00\" \/>\n<meta property=\"og:image\" content=\"https:\/\/evertonfc.cz\/wp-content\/uploads\/2021\/03\/Everton-VS-Southampton.png\" \/>\n\t<meta property=\"og:image:width\" content=\"720\" \/>\n\t<meta property=\"og:image:height\" content=\"405\" \/>\n\t<meta property=\"og:image:type\" content=\"image\/png\" \/>\n<meta name=\"author\" content=\"Ri\u010di\" \/>\n<meta name=\"twitter:card\" content=\"summary_large_image\" \/>\n<meta name=\"twitter:creator\" content=\"@rbrejsa\" \/>\n<meta name=\"twitter:label1\" content=\"Napsal(a)\" \/>\n\t<meta name=\"twitter:data1\" content=\"Ri\u010di\" \/>\n\t<meta name=\"twitter:label2\" content=\"Odhadovan\u00e1 doba \u010dten\u00ed\" \/>\n\t<meta name=\"twitter:data2\" content=\"2 minuty\" \/>\n<script type=\"application\/ld+json\" class=\"yoast-schema-graph\">{\"@context\":\"https:\/\/schema.org\",\"@graph\":[{\"@type\":\"Article\",\"@id\":\"https:\/\/evertonfc.cz\/index.php\/2018\/08\/18\/preview-everton-southampton\/#article\",\"isPartOf\":{\"@id\":\"https:\/\/evertonfc.cz\/index.php\/2018\/08\/18\/preview-everton-southampton\/\"},\"author\":{\"name\":\"Ri\u010di\",\"@id\":\"https:\/\/evertonfc.cz\/#\/schema\/person\/f7a5daedb2ffee98480bc70e191aaef1\"},\"headline\":\"Preview: Everton &#8211; Southampton\",\"datePublished\":\"2018-08-18T16:24:21+00:00\",\"dateModified\":\"2021-03-01T12:24:00+00:00\",\"mainEntityOfPage\":{\"@id\":\"https:\/\/evertonfc.cz\/index.php\/2018\/08\/18\/preview-everton-southampton\/\"},\"wordCount\":407,\"commentCount\":0,\"publisher\":{\"@id\":\"https:\/\/evertonfc.cz\/#organization\"},\"image\":{\"@id\":\"https:\/\/evertonfc.cz\/index.php\/2018\/08\/18\/preview-everton-southampton\/#primaryimage\"},\"thumbnailUrl\":\"https:\/\/evertonfc.cz\/wp-content\/uploads\/2021\/03\/Everton-VS-Southampton.png\",\"articleSection\":[\"Z\u00e1pasy\"],\"inLanguage\":\"cs\",\"potentialAction\":[{\"@type\":\"CommentAction\",\"name\":\"Comment\",\"target\":[\"https:\/\/evertonfc.cz\/index.php\/2018\/08\/18\/preview-everton-southampton\/#respond\"]}]},{\"@type\":\"WebPage\",\"@id\":\"https:\/\/evertonfc.cz\/index.php\/2018\/08\/18\/preview-everton-southampton\/\",\"url\":\"https:\/\/evertonfc.cz\/index.php\/2018\/08\/18\/preview-everton-southampton\/\",\"name\":\"Preview: Everton - Southampton - Official Czech &amp; Slovak Everton Supporters&#039; Club\",\"isPartOf\":{\"@id\":\"https:\/\/evertonfc.cz\/#website\"},\"primaryImageOfPage\":{\"@id\":\"https:\/\/evertonfc.cz\/index.php\/2018\/08\/18\/preview-everton-southampton\/#primaryimage\"},\"image\":{\"@id\":\"https:\/\/evertonfc.cz\/index.php\/2018\/08\/18\/preview-everton-southampton\/#primaryimage\"},\"thumbnailUrl\":\"https:\/\/evertonfc.cz\/wp-content\/uploads\/2021\/03\/Everton-VS-Southampton.png\",\"datePublished\":\"2018-08-18T16:24:21+00:00\",\"dateModified\":\"2021-03-01T12:24:00+00:00\",\"breadcrumb\":{\"@id\":\"https:\/\/evertonfc.cz\/index.php\/2018\/08\/18\/preview-everton-southampton\/#breadcrumb\"},\"inLanguage\":\"cs\",\"potentialAction\":[{\"@type\":\"ReadAction\",\"target\":[\"https:\/\/evertonfc.cz\/index.php\/2018\/08\/18\/preview-everton-southampton\/\"]}]},{\"@type\":\"ImageObject\",\"inLanguage\":\"cs\",\"@id\":\"https:\/\/evertonfc.cz\/index.php\/2018\/08\/18\/preview-everton-southampton\/#primaryimage\",\"url\":\"https:\/\/evertonfc.cz\/wp-content\/uploads\/2021\/03\/Everton-VS-Southampton.png\",\"contentUrl\":\"https:\/\/evertonfc.cz\/wp-content\/uploads\/2021\/03\/Everton-VS-Southampton.png\",\"width\":720,\"height\":405},{\"@type\":\"BreadcrumbList\",\"@id\":\"https:\/\/evertonfc.cz\/index.php\/2018\/08\/18\/preview-everton-southampton\/#breadcrumb\",\"itemListElement\":[{\"@type\":\"ListItem\",\"position\":1,\"name\":\"Home\",\"item\":\"https:\/\/evertonfc.cz\/\"},{\"@type\":\"ListItem\",\"position\":2,\"name\":\"Preview: Everton &#8211; Southampton\"}]},{\"@type\":\"WebSite\",\"@id\":\"https:\/\/evertonfc.cz\/#website\",\"url\":\"https:\/\/evertonfc.cz\/\",\"name\":\"Official Czech &amp; Slovak Everton Supporters&#039; Club\",\"description\":\"\",\"publisher\":{\"@id\":\"https:\/\/evertonfc.cz\/#organization\"},\"potentialAction\":[{\"@type\":\"SearchAction\",\"target\":{\"@type\":\"EntryPoint\",\"urlTemplate\":\"https:\/\/evertonfc.cz\/?s={search_term_string}\"},\"query-input\":{\"@type\":\"PropertyValueSpecification\",\"valueRequired\":true,\"valueName\":\"search_term_string\"}}],\"inLanguage\":\"cs\"},{\"@type\":\"Organization\",\"@id\":\"https:\/\/evertonfc.cz\/#organization\",\"name\":\"Official Czech & Slovak Everton Supporters' Club\",\"url\":\"https:\/\/evertonfc.cz\/\",\"logo\":{\"@type\":\"ImageObject\",\"inLanguage\":\"cs\",\"@id\":\"https:\/\/evertonfc.cz\/#\/schema\/logo\/image\/\",\"url\":\"https:\/\/evertonfc.cz\/wp-content\/uploads\/2019\/05\/logo.png\",\"contentUrl\":\"https:\/\/evertonfc.cz\/wp-content\/uploads\/2019\/05\/logo.png\",\"width\":112,\"height\":112,\"caption\":\"Official Czech & Slovak Everton Supporters' Club\"},\"image\":{\"@id\":\"https:\/\/evertonfc.cz\/#\/schema\/logo\/image\/\"},\"sameAs\":[\"https:\/\/www.facebook.com\/everton.fans.cz.sk\"]},{\"@type\":\"Person\",\"@id\":\"https:\/\/evertonfc.cz\/#\/schema\/person\/f7a5daedb2ffee98480bc70e191aaef1\",\"name\":\"Ri\u010di\",\"sameAs\":[\"https:\/\/x.com\/rbrejsa\"],\"url\":\"https:\/\/evertonfc.cz\/index.php\/author\/rici\/\"}]}<\/script>\n<!-- \/ Yoast SEO plugin. -->","yoast_head_json":{"title":"Preview: Everton - Southampton - Official Czech &amp; Slovak Everton Supporters&#039; Club","robots":{"index":"index","follow":"follow","max-snippet":"max-snippet:-1","max-image-preview":"max-image-preview:large","max-video-preview":"max-video-preview:-1"},"canonical":"https:\/\/evertonfc.cz\/index.php\/2018\/08\/18\/preview-everton-southampton\/","og_locale":"cs_CZ","og_type":"article","og_title":"Preview: Everton - Southampton - Official Czech &amp; Slovak Everton Supporters&#039; Club","og_description":"Nat\u011b\u0161en\u00e1 a vyprodan\u00e1 Old Lady s netrp\u011blivost\u00ed vyhl\u00ed\u017e\u00ed prvn\u00ed dom\u00e1c\u00ed ligov\u00e9 kl\u00e1n\u00ed sez\u00f3ny. Ve h\u0159e jsou premi\u00e9rov\u00e9 t\u0159i body pro Marca Silvu.","og_url":"https:\/\/evertonfc.cz\/index.php\/2018\/08\/18\/preview-everton-southampton\/","og_site_name":"Official Czech &amp; Slovak Everton Supporters&#039; Club","article_publisher":"https:\/\/www.facebook.com\/everton.fans.cz.sk","article_published_time":"2018-08-18T16:24:21+00:00","article_modified_time":"2021-03-01T12:24:00+00:00","og_image":[{"width":720,"height":405,"url":"https:\/\/evertonfc.cz\/wp-content\/uploads\/2021\/03\/Everton-VS-Southampton.png","type":"image\/png"}],"author":"Ri\u010di","twitter_card":"summary_large_image","twitter_creator":"@rbrejsa","twitter_misc":{"Napsal(a)":"Ri\u010di","Odhadovan\u00e1 doba \u010dten\u00ed":"2 minuty"},"schema":{"@context":"https:\/\/schema.org","@graph":[{"@type":"Article","@id":"https:\/\/evertonfc.cz\/index.php\/2018\/08\/18\/preview-everton-southampton\/#article","isPartOf":{"@id":"https:\/\/evertonfc.cz\/index.php\/2018\/08\/18\/preview-everton-southampton\/"},"author":{"name":"Ri\u010di","@id":"https:\/\/evertonfc.cz\/#\/schema\/person\/f7a5daedb2ffee98480bc70e191aaef1"},"headline":"Preview: Everton &#8211; Southampton","datePublished":"2018-08-18T16:24:21+00:00","dateModified":"2021-03-01T12:24:00+00:00","mainEntityOfPage":{"@id":"https:\/\/evertonfc.cz\/index.php\/2018\/08\/18\/preview-everton-southampton\/"},"wordCount":407,"commentCount":0,"publisher":{"@id":"https:\/\/evertonfc.cz\/#organization"},"image":{"@id":"https:\/\/evertonfc.cz\/index.php\/2018\/08\/18\/preview-everton-southampton\/#primaryimage"},"thumbnailUrl":"https:\/\/evertonfc.cz\/wp-content\/uploads\/2021\/03\/Everton-VS-Southampton.png","articleSection":["Z\u00e1pasy"],"inLanguage":"cs","potentialAction":[{"@type":"CommentAction","name":"Comment","target":["https:\/\/evertonfc.cz\/index.php\/2018\/08\/18\/preview-everton-southampton\/#respond"]}]},{"@type":"WebPage","@id":"https:\/\/evertonfc.cz\/index.php\/2018\/08\/18\/preview-everton-southampton\/","url":"https:\/\/evertonfc.cz\/index.php\/2018\/08\/18\/preview-everton-southampton\/","name":"Preview: Everton - Southampton - Official Czech &amp; Slovak Everton Supporters&#039; Club","isPartOf":{"@id":"https:\/\/evertonfc.cz\/#website"},"primaryImageOfPage":{"@id":"https:\/\/evertonfc.cz\/index.php\/2018\/08\/18\/preview-everton-southampton\/#primaryimage"},"image":{"@id":"https:\/\/evertonfc.cz\/index.php\/2018\/08\/18\/preview-everton-southampton\/#primaryimage"},"thumbnailUrl":"https:\/\/evertonfc.cz\/wp-content\/uploads\/2021\/03\/Everton-VS-Southampton.png","datePublished":"2018-08-18T16:24:21+00:00","dateModified":"2021-03-01T12:24:00+00:00","breadcrumb":{"@id":"https:\/\/evertonfc.cz\/index.php\/2018\/08\/18\/preview-everton-southampton\/#breadcrumb"},"inLanguage":"cs","potentialAction":[{"@type":"ReadAction","target":["https:\/\/evertonfc.cz\/index.php\/2018\/08\/18\/preview-everton-southampton\/"]}]},{"@type":"ImageObject","inLanguage":"cs","@id":"https:\/\/evertonfc.cz\/index.php\/2018\/08\/18\/preview-everton-southampton\/#primaryimage","url":"https:\/\/evertonfc.cz\/wp-content\/uploads\/2021\/03\/Everton-VS-Southampton.png","contentUrl":"https:\/\/evertonfc.cz\/wp-content\/uploads\/2021\/03\/Everton-VS-Southampton.png","width":720,"height":405},{"@type":"BreadcrumbList","@id":"https:\/\/evertonfc.cz\/index.php\/2018\/08\/18\/preview-everton-southampton\/#breadcrumb","itemListElement":[{"@type":"ListItem","position":1,"name":"Home","item":"https:\/\/evertonfc.cz\/"},{"@type":"ListItem","position":2,"name":"Preview: Everton &#8211; Southampton"}]},{"@type":"WebSite","@id":"https:\/\/evertonfc.cz\/#website","url":"https:\/\/evertonfc.cz\/","name":"Official Czech &amp; Slovak Everton Supporters&#039; Club","description":"","publisher":{"@id":"https:\/\/evertonfc.cz\/#organization"},"potentialAction":[{"@type":"SearchAction","target":{"@type":"EntryPoint","urlTemplate":"https:\/\/evertonfc.cz\/?s={search_term_string}"},"query-input":{"@type":"PropertyValueSpecification","valueRequired":true,"valueName":"search_term_string"}}],"inLanguage":"cs"},{"@type":"Organization","@id":"https:\/\/evertonfc.cz\/#organization","name":"Official Czech & Slovak Everton Supporters' Club","url":"https:\/\/evertonfc.cz\/","logo":{"@type":"ImageObject","inLanguage":"cs","@id":"https:\/\/evertonfc.cz\/#\/schema\/logo\/image\/","url":"https:\/\/evertonfc.cz\/wp-content\/uploads\/2019\/05\/logo.png","contentUrl":"https:\/\/evertonfc.cz\/wp-content\/uploads\/2019\/05\/logo.png","width":112,"height":112,"caption":"Official Czech & Slovak Everton Supporters' Club"},"image":{"@id":"https:\/\/evertonfc.cz\/#\/schema\/logo\/image\/"},"sameAs":["https:\/\/www.facebook.com\/everton.fans.cz.sk"]},{"@type":"Person","@id":"https:\/\/evertonfc.cz\/#\/schema\/person\/f7a5daedb2ffee98480bc70e191aaef1","name":"Ri\u010di","sameAs":["https:\/\/x.com\/rbrejsa"],"url":"https:\/\/evertonfc.cz\/index.php\/author\/rici\/"}]}},"_links":{"self":[{"href":"https:\/\/evertonfc.cz\/index.php\/wp-json\/wp\/v2\/posts\/1933"}],"collection":[{"href":"https:\/\/evertonfc.cz\/index.php\/wp-json\/wp\/v2\/posts"}],"about":[{"href":"https:\/\/evertonfc.cz\/index.php\/wp-json\/wp\/v2\/types\/post"}],"author":[{"embeddable":true,"href":"https:\/\/evertonfc.cz\/index.php\/wp-json\/wp\/v2\/users\/6"}],"replies":[{"embeddable":true,"href":"https:\/\/evertonfc.cz\/index.php\/wp-json\/wp\/v2\/comments?post=1933"}],"version-history":[{"count":3,"href":"https:\/\/evertonfc.cz\/index.php\/wp-json\/wp\/v2\/posts\/1933\/revisions"}],"predecessor-version":[{"id":14390,"href":"https:\/\/evertonfc.cz\/index.php\/wp-json\/wp\/v2\/posts\/1933\/revisions\/14390"}],"wp:featuredmedia":[{"embeddable":true,"href":"https:\/\/evertonfc.cz\/index.php\/wp-json\/wp\/v2\/media\/14388"}],"wp:attachment":[{"href":"https:\/\/evertonfc.cz\/index.php\/wp-json\/wp\/v2\/media?parent=1933"}],"wp:term":[{"taxonomy":"category","embeddable":true,"href":"https:\/\/evertonfc.cz\/index.php\/wp-json\/wp\/v2\/categories?post=1933"},{"taxonomy":"post_tag","embeddable":true,"href":"https:\/\/evertonfc.cz\/index.php\/wp-json\/wp\/v2\/tags?post=1933"}],"curies":[{"name":"wp","href":"https:\/\/api.w.org\/{rel}","templated":true}]}}