{"id":19346,"date":"2022-08-05T22:22:37","date_gmt":"2022-08-05T20:22:37","guid":{"rendered":"https:\/\/evertonfc.cz\/?p=19346"},"modified":"2022-08-06T17:43:04","modified_gmt":"2022-08-06T15:43:04","slug":"prichazi-sara-a-karen-holmgaard","status":"publish","type":"post","link":"https:\/\/evertonfc.cz\/index.php\/2022\/08\/05\/prichazi-sara-a-karen-holmgaard\/","title":{"rendered":"P\u0159ich\u00e1z\u00ed Sara a Karen Holmgaard"},"content":{"rendered":"<h4>Braniborsk\u00e1 Postupim se dohodla s Evertonem na p\u0159estupu Sary a Karen Holmgaard.<\/h4>\n<p>Dvoj\u010data Holmgaardovy byla v hled\u00e1\u010dku Briana S\u00f8rensena, kter\u00fd je zn\u00e1 z p\u016fsoben\u00ed ve Fortun\u011b Hj\u00f8rring. A tak nen\u00ed divu, \u017ee bezprost\u0159edn\u011b po skon\u010den\u00ed Eura (ob\u011b reprezentovaly D\u00e1nsko, stejn\u011b jako na\u0161e Ricke Sevecke) bylo dohodnuto v\u0161e pot\u0159ebn\u00e9 a nyn\u00ed jsou ruce v ruk\u00e1vech.<\/p>\n<p>Sestry p\u0159i\u0161ly z \u00fasp\u011b\u0161n\u00e9ho n\u011bmeck\u00e9ho bundesligov\u00e9ho klubu Turbine Potsdam, ve kter\u00e9m p\u016fsobily od roku 2021. T\u0159iadvacetilet\u00e1 Karen je defenzivn\u00ed z\u00e1lo\u017enice\u00a0 a (kupodivu) stejn\u011b star\u00e1 Sara hraje lev\u00e9ho beka. Zat\u00edmco Karen se hned zapoj\u00ed do p\u0159\u00edpravy na Finch Farm, jej\u00ed sestra byla odesl\u00e1na na hostov\u00e1n\u00ed do Fortuny Hj\u00f8rring. Ob\u011b bl\u00ed\u017eenkyn\u011b se za svoj\u00ed kari\u00e9ru v Turb\u00edn\u011b zapsaly do listiny st\u0159elky\u0148. Sara\u00a0 nastoupila\u00a0 do 20 z\u00e1pas\u016f, ve kter\u00fdch si p\u0159ipsala t\u0159i branky, Karen ve 27 z\u00e1pasech zav\u011bsila dvakr\u00e1t. S Brianem S\u00f8rensenem se znaj\u00ed z \u00e9ry Fortuny, za kterou hr\u00e1ly v letech 2017-2021. Za tu dobu Sara v 74 z\u00e1pasech st\u0159elila 12 branek, Karen v 62 z\u00e1pasech branek 15.<\/p>\n<p>N\u00e1\u0161 mana\u017eer na ob\u011b hr\u00e1\u010dky p\u011bje samou chv\u00e1lu, v p\u0159\u00edpad\u011b Sary hovo\u0159\u00ed dokonce o &#8222;nejlep\u0161\u00ed levonoh\u00e9 hr\u00e1\u010dce&#8220; kterou kdy vid\u011bl. V ka\u017ed\u00e9m p\u0159\u00edpad\u011b jsme na nov\u00e9 posily zv\u011bdav\u00ed a p\u0159ejeme jim hodn\u011b zdaru. Sara i Karen podepsaly smlouvu s Evertonem na dva roky. <span style=\"color: #0000ff;\"><strong>Come On, You Blue Girls!<\/strong><\/span><\/p>\n<p style=\"text-align: right;\"><span style=\"font-size: 8pt;\"><em>Zdroj fotografie: https:\/\/www.herningfolkeblad.dk<\/em><\/span><\/p>\n","protected":false},"excerpt":{"rendered":"<p>Braniborsk\u00e1 Postupim se dohodla s Evertonem na p\u0159estupu Sary a Karen Holmgaard.\u00a0<\/p>\n","protected":false},"author":26,"featured_media":19348,"comment_status":"open","ping_status":"closed","sticky":false,"template":"","format":"standard","meta":{"_eb_attr":"","_monsterinsights_skip_tracking":false,"_monsterinsights_sitenote_active":false,"_monsterinsights_sitenote_note":"","_monsterinsights_sitenote_category":0,"footnotes":""},"categories":[110],"tags":[],"yoast_head":"<!-- This site is optimized with the Yoast SEO plugin v23.4 - https:\/\/yoast.com\/wordpress\/plugins\/seo\/ -->\n<title>P\u0159ich\u00e1z\u00ed Sara a Karen Holmgaard - Official Czech &amp; Slovak Everton Supporters&#039; Club<\/title>\n<meta name=\"robots\" content=\"index, follow, max-snippet:-1, max-image-preview:large, max-video-preview:-1\" \/>\n<link rel=\"canonical\" href=\"https:\/\/evertonfc.cz\/index.php\/2022\/08\/05\/prichazi-sara-a-karen-holmgaard\/\" \/>\n<meta property=\"og:locale\" content=\"cs_CZ\" \/>\n<meta property=\"og:type\" content=\"article\" \/>\n<meta property=\"og:title\" content=\"P\u0159ich\u00e1z\u00ed Sara a Karen Holmgaard - Official Czech &amp; Slovak Everton Supporters&#039; Club\" \/>\n<meta property=\"og:description\" content=\"Braniborsk\u00e1 Postupim se dohodla s Evertonem na p\u0159estupu Sary a Karen Holmgaard.\u00a0\" \/>\n<meta property=\"og:url\" content=\"https:\/\/evertonfc.cz\/index.php\/2022\/08\/05\/prichazi-sara-a-karen-holmgaard\/\" \/>\n<meta property=\"og:site_name\" content=\"Official Czech &amp; Slovak Everton Supporters&#039; Club\" \/>\n<meta property=\"article:publisher\" content=\"https:\/\/www.facebook.com\/everton.fans.cz.sk\" \/>\n<meta property=\"article:published_time\" content=\"2022-08-05T20:22:37+00:00\" \/>\n<meta property=\"article:modified_time\" content=\"2022-08-06T15:43:04+00:00\" \/>\n<meta property=\"og:image\" content=\"https:\/\/evertonfc.cz\/wp-content\/uploads\/2022\/08\/Holmgaard-web-5_8_22.jpg\" \/>\n\t<meta property=\"og:image:width\" content=\"720\" \/>\n\t<meta property=\"og:image:height\" content=\"405\" \/>\n\t<meta property=\"og:image:type\" content=\"image\/jpeg\" \/>\n<meta name=\"author\" content=\"Karamela\" \/>\n<meta name=\"twitter:card\" content=\"summary_large_image\" \/>\n<meta name=\"twitter:label1\" content=\"Napsal(a)\" \/>\n\t<meta name=\"twitter:data1\" content=\"Karamela\" \/>\n\t<meta name=\"twitter:label2\" content=\"Odhadovan\u00e1 doba \u010dten\u00ed\" \/>\n\t<meta name=\"twitter:data2\" content=\"2 minuty\" \/>\n<script type=\"application\/ld+json\" class=\"yoast-schema-graph\">{\"@context\":\"https:\/\/schema.org\",\"@graph\":[{\"@type\":\"Article\",\"@id\":\"https:\/\/evertonfc.cz\/index.php\/2022\/08\/05\/prichazi-sara-a-karen-holmgaard\/#article\",\"isPartOf\":{\"@id\":\"https:\/\/evertonfc.cz\/index.php\/2022\/08\/05\/prichazi-sara-a-karen-holmgaard\/\"},\"author\":{\"name\":\"Karamela\",\"@id\":\"https:\/\/evertonfc.cz\/#\/schema\/person\/e9a24a80a32efa1344dd2c4e5882185c\"},\"headline\":\"P\u0159ich\u00e1z\u00ed Sara a Karen Holmgaard\",\"datePublished\":\"2022-08-05T20:22:37+00:00\",\"dateModified\":\"2022-08-06T15:43:04+00:00\",\"mainEntityOfPage\":{\"@id\":\"https:\/\/evertonfc.cz\/index.php\/2022\/08\/05\/prichazi-sara-a-karen-holmgaard\/\"},\"wordCount\":273,\"commentCount\":0,\"publisher\":{\"@id\":\"https:\/\/evertonfc.cz\/#organization\"},\"image\":{\"@id\":\"https:\/\/evertonfc.cz\/index.php\/2022\/08\/05\/prichazi-sara-a-karen-holmgaard\/#primaryimage\"},\"thumbnailUrl\":\"https:\/\/evertonfc.cz\/wp-content\/uploads\/2022\/08\/Holmgaard-web-5_8_22.jpg\",\"articleSection\":[\"Everton Women\"],\"inLanguage\":\"cs\",\"potentialAction\":[{\"@type\":\"CommentAction\",\"name\":\"Comment\",\"target\":[\"https:\/\/evertonfc.cz\/index.php\/2022\/08\/05\/prichazi-sara-a-karen-holmgaard\/#respond\"]}]},{\"@type\":\"WebPage\",\"@id\":\"https:\/\/evertonfc.cz\/index.php\/2022\/08\/05\/prichazi-sara-a-karen-holmgaard\/\",\"url\":\"https:\/\/evertonfc.cz\/index.php\/2022\/08\/05\/prichazi-sara-a-karen-holmgaard\/\",\"name\":\"P\u0159ich\u00e1z\u00ed Sara a Karen Holmgaard - Official Czech &amp; Slovak Everton Supporters&#039; Club\",\"isPartOf\":{\"@id\":\"https:\/\/evertonfc.cz\/#website\"},\"primaryImageOfPage\":{\"@id\":\"https:\/\/evertonfc.cz\/index.php\/2022\/08\/05\/prichazi-sara-a-karen-holmgaard\/#primaryimage\"},\"image\":{\"@id\":\"https:\/\/evertonfc.cz\/index.php\/2022\/08\/05\/prichazi-sara-a-karen-holmgaard\/#primaryimage\"},\"thumbnailUrl\":\"https:\/\/evertonfc.cz\/wp-content\/uploads\/2022\/08\/Holmgaard-web-5_8_22.jpg\",\"datePublished\":\"2022-08-05T20:22:37+00:00\",\"dateModified\":\"2022-08-06T15:43:04+00:00\",\"breadcrumb\":{\"@id\":\"https:\/\/evertonfc.cz\/index.php\/2022\/08\/05\/prichazi-sara-a-karen-holmgaard\/#breadcrumb\"},\"inLanguage\":\"cs\",\"potentialAction\":[{\"@type\":\"ReadAction\",\"target\":[\"https:\/\/evertonfc.cz\/index.php\/2022\/08\/05\/prichazi-sara-a-karen-holmgaard\/\"]}]},{\"@type\":\"ImageObject\",\"inLanguage\":\"cs\",\"@id\":\"https:\/\/evertonfc.cz\/index.php\/2022\/08\/05\/prichazi-sara-a-karen-holmgaard\/#primaryimage\",\"url\":\"https:\/\/evertonfc.cz\/wp-content\/uploads\/2022\/08\/Holmgaard-web-5_8_22.jpg\",\"contentUrl\":\"https:\/\/evertonfc.cz\/wp-content\/uploads\/2022\/08\/Holmgaard-web-5_8_22.jpg\",\"width\":720,\"height\":405},{\"@type\":\"BreadcrumbList\",\"@id\":\"https:\/\/evertonfc.cz\/index.php\/2022\/08\/05\/prichazi-sara-a-karen-holmgaard\/#breadcrumb\",\"itemListElement\":[{\"@type\":\"ListItem\",\"position\":1,\"name\":\"Home\",\"item\":\"https:\/\/evertonfc.cz\/\"},{\"@type\":\"ListItem\",\"position\":2,\"name\":\"P\u0159ich\u00e1z\u00ed Sara a Karen Holmgaard\"}]},{\"@type\":\"WebSite\",\"@id\":\"https:\/\/evertonfc.cz\/#website\",\"url\":\"https:\/\/evertonfc.cz\/\",\"name\":\"Official Czech &amp; Slovak Everton Supporters&#039; Club\",\"description\":\"\",\"publisher\":{\"@id\":\"https:\/\/evertonfc.cz\/#organization\"},\"potentialAction\":[{\"@type\":\"SearchAction\",\"target\":{\"@type\":\"EntryPoint\",\"urlTemplate\":\"https:\/\/evertonfc.cz\/?s={search_term_string}\"},\"query-input\":{\"@type\":\"PropertyValueSpecification\",\"valueRequired\":true,\"valueName\":\"search_term_string\"}}],\"inLanguage\":\"cs\"},{\"@type\":\"Organization\",\"@id\":\"https:\/\/evertonfc.cz\/#organization\",\"name\":\"Official Czech & Slovak Everton Supporters' Club\",\"url\":\"https:\/\/evertonfc.cz\/\",\"logo\":{\"@type\":\"ImageObject\",\"inLanguage\":\"cs\",\"@id\":\"https:\/\/evertonfc.cz\/#\/schema\/logo\/image\/\",\"url\":\"https:\/\/evertonfc.cz\/wp-content\/uploads\/2019\/05\/logo.png\",\"contentUrl\":\"https:\/\/evertonfc.cz\/wp-content\/uploads\/2019\/05\/logo.png\",\"width\":112,\"height\":112,\"caption\":\"Official Czech & Slovak Everton Supporters' Club\"},\"image\":{\"@id\":\"https:\/\/evertonfc.cz\/#\/schema\/logo\/image\/\"},\"sameAs\":[\"https:\/\/www.facebook.com\/everton.fans.cz.sk\"]},{\"@type\":\"Person\",\"@id\":\"https:\/\/evertonfc.cz\/#\/schema\/person\/e9a24a80a32efa1344dd2c4e5882185c\",\"name\":\"Karamela\",\"url\":\"https:\/\/evertonfc.cz\/index.php\/author\/karamela\/\"}]}<\/script>\n<!-- \/ Yoast SEO plugin. -->","yoast_head_json":{"title":"P\u0159ich\u00e1z\u00ed Sara a Karen Holmgaard - Official Czech &amp; Slovak Everton Supporters&#039; Club","robots":{"index":"index","follow":"follow","max-snippet":"max-snippet:-1","max-image-preview":"max-image-preview:large","max-video-preview":"max-video-preview:-1"},"canonical":"https:\/\/evertonfc.cz\/index.php\/2022\/08\/05\/prichazi-sara-a-karen-holmgaard\/","og_locale":"cs_CZ","og_type":"article","og_title":"P\u0159ich\u00e1z\u00ed Sara a Karen Holmgaard - Official Czech &amp; Slovak Everton Supporters&#039; Club","og_description":"Braniborsk\u00e1 Postupim se dohodla s Evertonem na p\u0159estupu Sary a Karen Holmgaard.\u00a0","og_url":"https:\/\/evertonfc.cz\/index.php\/2022\/08\/05\/prichazi-sara-a-karen-holmgaard\/","og_site_name":"Official Czech &amp; Slovak Everton Supporters&#039; Club","article_publisher":"https:\/\/www.facebook.com\/everton.fans.cz.sk","article_published_time":"2022-08-05T20:22:37+00:00","article_modified_time":"2022-08-06T15:43:04+00:00","og_image":[{"width":720,"height":405,"url":"https:\/\/evertonfc.cz\/wp-content\/uploads\/2022\/08\/Holmgaard-web-5_8_22.jpg","type":"image\/jpeg"}],"author":"Karamela","twitter_card":"summary_large_image","twitter_misc":{"Napsal(a)":"Karamela","Odhadovan\u00e1 doba \u010dten\u00ed":"2 minuty"},"schema":{"@context":"https:\/\/schema.org","@graph":[{"@type":"Article","@id":"https:\/\/evertonfc.cz\/index.php\/2022\/08\/05\/prichazi-sara-a-karen-holmgaard\/#article","isPartOf":{"@id":"https:\/\/evertonfc.cz\/index.php\/2022\/08\/05\/prichazi-sara-a-karen-holmgaard\/"},"author":{"name":"Karamela","@id":"https:\/\/evertonfc.cz\/#\/schema\/person\/e9a24a80a32efa1344dd2c4e5882185c"},"headline":"P\u0159ich\u00e1z\u00ed Sara a Karen Holmgaard","datePublished":"2022-08-05T20:22:37+00:00","dateModified":"2022-08-06T15:43:04+00:00","mainEntityOfPage":{"@id":"https:\/\/evertonfc.cz\/index.php\/2022\/08\/05\/prichazi-sara-a-karen-holmgaard\/"},"wordCount":273,"commentCount":0,"publisher":{"@id":"https:\/\/evertonfc.cz\/#organization"},"image":{"@id":"https:\/\/evertonfc.cz\/index.php\/2022\/08\/05\/prichazi-sara-a-karen-holmgaard\/#primaryimage"},"thumbnailUrl":"https:\/\/evertonfc.cz\/wp-content\/uploads\/2022\/08\/Holmgaard-web-5_8_22.jpg","articleSection":["Everton Women"],"inLanguage":"cs","potentialAction":[{"@type":"CommentAction","name":"Comment","target":["https:\/\/evertonfc.cz\/index.php\/2022\/08\/05\/prichazi-sara-a-karen-holmgaard\/#respond"]}]},{"@type":"WebPage","@id":"https:\/\/evertonfc.cz\/index.php\/2022\/08\/05\/prichazi-sara-a-karen-holmgaard\/","url":"https:\/\/evertonfc.cz\/index.php\/2022\/08\/05\/prichazi-sara-a-karen-holmgaard\/","name":"P\u0159ich\u00e1z\u00ed Sara a Karen Holmgaard - Official Czech &amp; Slovak Everton Supporters&#039; Club","isPartOf":{"@id":"https:\/\/evertonfc.cz\/#website"},"primaryImageOfPage":{"@id":"https:\/\/evertonfc.cz\/index.php\/2022\/08\/05\/prichazi-sara-a-karen-holmgaard\/#primaryimage"},"image":{"@id":"https:\/\/evertonfc.cz\/index.php\/2022\/08\/05\/prichazi-sara-a-karen-holmgaard\/#primaryimage"},"thumbnailUrl":"https:\/\/evertonfc.cz\/wp-content\/uploads\/2022\/08\/Holmgaard-web-5_8_22.jpg","datePublished":"2022-08-05T20:22:37+00:00","dateModified":"2022-08-06T15:43:04+00:00","breadcrumb":{"@id":"https:\/\/evertonfc.cz\/index.php\/2022\/08\/05\/prichazi-sara-a-karen-holmgaard\/#breadcrumb"},"inLanguage":"cs","potentialAction":[{"@type":"ReadAction","target":["https:\/\/evertonfc.cz\/index.php\/2022\/08\/05\/prichazi-sara-a-karen-holmgaard\/"]}]},{"@type":"ImageObject","inLanguage":"cs","@id":"https:\/\/evertonfc.cz\/index.php\/2022\/08\/05\/prichazi-sara-a-karen-holmgaard\/#primaryimage","url":"https:\/\/evertonfc.cz\/wp-content\/uploads\/2022\/08\/Holmgaard-web-5_8_22.jpg","contentUrl":"https:\/\/evertonfc.cz\/wp-content\/uploads\/2022\/08\/Holmgaard-web-5_8_22.jpg","width":720,"height":405},{"@type":"BreadcrumbList","@id":"https:\/\/evertonfc.cz\/index.php\/2022\/08\/05\/prichazi-sara-a-karen-holmgaard\/#breadcrumb","itemListElement":[{"@type":"ListItem","position":1,"name":"Home","item":"https:\/\/evertonfc.cz\/"},{"@type":"ListItem","position":2,"name":"P\u0159ich\u00e1z\u00ed Sara a Karen Holmgaard"}]},{"@type":"WebSite","@id":"https:\/\/evertonfc.cz\/#website","url":"https:\/\/evertonfc.cz\/","name":"Official Czech &amp; Slovak Everton Supporters&#039; Club","description":"","publisher":{"@id":"https:\/\/evertonfc.cz\/#organization"},"potentialAction":[{"@type":"SearchAction","target":{"@type":"EntryPoint","urlTemplate":"https:\/\/evertonfc.cz\/?s={search_term_string}"},"query-input":{"@type":"PropertyValueSpecification","valueRequired":true,"valueName":"search_term_string"}}],"inLanguage":"cs"},{"@type":"Organization","@id":"https:\/\/evertonfc.cz\/#organization","name":"Official Czech & Slovak Everton Supporters' Club","url":"https:\/\/evertonfc.cz\/","logo":{"@type":"ImageObject","inLanguage":"cs","@id":"https:\/\/evertonfc.cz\/#\/schema\/logo\/image\/","url":"https:\/\/evertonfc.cz\/wp-content\/uploads\/2019\/05\/logo.png","contentUrl":"https:\/\/evertonfc.cz\/wp-content\/uploads\/2019\/05\/logo.png","width":112,"height":112,"caption":"Official Czech & Slovak Everton Supporters' Club"},"image":{"@id":"https:\/\/evertonfc.cz\/#\/schema\/logo\/image\/"},"sameAs":["https:\/\/www.facebook.com\/everton.fans.cz.sk"]},{"@type":"Person","@id":"https:\/\/evertonfc.cz\/#\/schema\/person\/e9a24a80a32efa1344dd2c4e5882185c","name":"Karamela","url":"https:\/\/evertonfc.cz\/index.php\/author\/karamela\/"}]}},"_links":{"self":[{"href":"https:\/\/evertonfc.cz\/index.php\/wp-json\/wp\/v2\/posts\/19346"}],"collection":[{"href":"https:\/\/evertonfc.cz\/index.php\/wp-json\/wp\/v2\/posts"}],"about":[{"href":"https:\/\/evertonfc.cz\/index.php\/wp-json\/wp\/v2\/types\/post"}],"author":[{"embeddable":true,"href":"https:\/\/evertonfc.cz\/index.php\/wp-json\/wp\/v2\/users\/26"}],"replies":[{"embeddable":true,"href":"https:\/\/evertonfc.cz\/index.php\/wp-json\/wp\/v2\/comments?post=19346"}],"version-history":[{"count":5,"href":"https:\/\/evertonfc.cz\/index.php\/wp-json\/wp\/v2\/posts\/19346\/revisions"}],"predecessor-version":[{"id":19376,"href":"https:\/\/evertonfc.cz\/index.php\/wp-json\/wp\/v2\/posts\/19346\/revisions\/19376"}],"wp:featuredmedia":[{"embeddable":true,"href":"https:\/\/evertonfc.cz\/index.php\/wp-json\/wp\/v2\/media\/19348"}],"wp:attachment":[{"href":"https:\/\/evertonfc.cz\/index.php\/wp-json\/wp\/v2\/media?parent=19346"}],"wp:term":[{"taxonomy":"category","embeddable":true,"href":"https:\/\/evertonfc.cz\/index.php\/wp-json\/wp\/v2\/categories?post=19346"},{"taxonomy":"post_tag","embeddable":true,"href":"https:\/\/evertonfc.cz\/index.php\/wp-json\/wp\/v2\/tags?post=19346"}],"curies":[{"name":"wp","href":"https:\/\/api.w.org\/{rel}","templated":true}]}}