{"id":1935,"date":"2018-08-15T18:25:30","date_gmt":"2018-08-15T16:25:30","guid":{"rendered":"http:\/\/evertonfc.cz\/?p=1935"},"modified":"2021-02-14T10:51:54","modified_gmt":"2021-02-14T09:51:54","slug":"komentar-moralni-klamari-z-predmestia-londyna","status":"publish","type":"post","link":"https:\/\/evertonfc.cz\/index.php\/2018\/08\/15\/komentar-moralni-klamari-z-predmestia-londyna\/","title":{"rendered":"Koment\u00e1r: \u201eMor\u00e1lni klam\u00e1ri z predmestia Lond\u00fdna\u201c"},"content":{"rendered":"\r\n<h4 class=\"wp-block-heading\">Ani nie dva dni po obrovskom transfere medzi dvomi \u00fa\u010dastn\u00edkmi Premier League, vedenie The Hornets st\u00e1le p\u00fa\u0161\u0165alo Evertonu rovnak\u00fa pesni\u010dku. A poviem v\u00e1m, Elton John to nebol.<\/h4>\r\n\r\n\r\n\r\n<p>Aby sme si objasnili situ\u00e1ciu, Toffees si minul\u00fd rok na\u0161trbili relat\u00edvne dobr\u00e9 vz\u0165ahy s Watfordom. Pre\u010do? Nu\u017e, ne\u00faprosn\u00e1 Premier League u\u017e skolila nejedn\u00e9ho mana\u017e\u00e9ra a podobn\u00fd osud \u010dakal v okt\u00f3bri minul\u00e9ho roka aj holandsk\u00e9ho \u0161\u00e9fa Goodison Parku. Konkr\u00e9tne, stalo sa to 23. okt\u00f3bra. D\u00e1tumy spom\u00ednam len pre nazna\u010denie zd\u013ahavosti, s akou na\u0161e vedenie jednalo pri h\u013eadan\u00ed vhodnej n\u00e1hrady.Ke\u010f bol kone\u010dn\u00fd cie\u013e jasn\u00fd, i\u0161lo sa do toho naplno. Objekt Marco Silva vtedy e\u0161te st\u00e1le pracoval ako mana\u017e\u00e9r Watfordu a preto museli modr\u00ed pr\u00eds\u0165 s odstupn\u00fdm ofici\u00e1lnou cestou. To sa u\u017e p\u00edsal trin\u00e1sty november a ka\u017ed\u00e9mu muselo by\u0165 jasn\u00e9, \u017ee Karamelky to s ich ponukou myslia smrte\u013ene v\u00e1\u017ene. Pod\u013ea denn\u00edka The Telegraph \u010dinil Silvov ro\u010dn\u00fd pr\u00edjem 2.4 mili\u00f3na libier.<\/p>\r\n<p>Z dvojro\u010dn\u00e9ho kontraktu bez v\u00fdkupnej klauzuly malo Portugal\u010dana vyslobodi\u0165 vy\u0161e \u0161tyrikr\u00e1t viac. Desa\u0165 mili\u00f3nov libier, tak znela prv\u00e1 ponuka, ako informovali viacer\u00e9 seri\u00f3zne m\u00e9dia, a pri\u0161la aj druh\u00e1, e\u0161te o 2 mili\u00f3ny vy\u0161\u0161ia kompenz\u00e1cia. Opa\u010dn\u00e1 strana v\u0161ak bola r\u00e1zne proti a ve\u013emi naivne prezentovala, \u017ee \u017eiadna suma ich nepresved\u010d\u00ed zmeni\u0165 n\u00e1zor. Rokovania na\u010falej neboli odobren\u00e9 a trucovanie pokra\u010dovalo aj cez v\u0161etky n\u00e1znaky o vopred prehratom boji. Krivo naklonen\u00e1 priaze\u0148 Silvu toti\u017e nazna\u010dovala, ako sa dozviete ni\u017e\u0161ie, \u017ee ponuka Evertonu mu imponuje.<\/p>\r\n<h4>Watford sa vzoprel<\/h4>\r\n\r\n\r\n\r\n<p>Aj ligov\u00fd konkurent musel teda uk\u00e1za\u0165 svaly a gur\u00e1\u017e, tak\u017ee sa za\u010dal vyhr\u00e1\u017ea\u0165 t\u00fdm, \u017ee ak im Everton neprestane m\u00e1va\u0165 peniazmi pred nosom, po\u017eenie na\u0161u snahu pekne pred arbitr\u00e1\u017e. Vraj pre nedovolen\u00fd sp\u00f4sob. Ni\u010d to, ne\u017ei\u010dliv\u00fd \u00fasmev na tv\u00e1rach vedenia Watfordu pravdepodobne netrval dlho. Zmizol ur\u010dite v momente, kedy sa za\u010dala v\u00fdsledkov\u00e1 aj hern\u00e1 kr\u00edza mu\u017estva na Vicarage Road. Bolo by prostomyse\u013en\u00e9 si myslie\u0165, \u017ee za to nem\u00f4\u017ee neistota bud\u00facnosti vl\u00e1dnuca v ich kab\u00edne, ale v tom \u010dase sa The Hornets pot\u00fdkali s v\u00e4\u010d\u0161\u00edm probl\u00e9mom, ne\u017e predstavoval ve\u013ek\u00fd visiaci ot\u00e1znik v Marcovej kancel\u00e1rii.<\/p>\r\n<p>Rozsiahla mar\u00f3dka, siahaj\u00faca a\u017e k dvojcifern\u00fdm \u010d\u00edslam sa jednoducho ned\u00e1 v strede sez\u00f3ny ignorova\u0165. V janu\u00e1ri, ke\u010f mlad\u00e9ho Portugal\u010dana napokon sami vyhodili, tento fakt zabudli zmieni\u0165 vo svojom ofici\u00e1lnom vyjadren\u00ed (v ktorom mimochodom nepriamo obvinili aj Everton), rovnako ako nezhody vo vz\u00e1jomnej spolupr\u00e1ci, nad ktor\u00fdmi sa zam\u00fd\u0161\u013eal aj Geoff Doyle z BBC:<\/p>\r\n\r\n\r\n\r\n<p><em>\u201eWatford obvi\u0148oval pr\u00edstup Evertonu k Silvovi, ale prv\u00e9 znamenie probl\u00e9mov bolo u\u017e koncom augusta, ke\u010f bolo umo\u017enen\u00e9 Nordinovi Amrabatovi od\u00eds\u0165. Silva bol na\u0161tvan\u00fd a nes\u00fahlasil. Dal otvorene vedie\u0165 o\u00a0svojich pocitoch, a\u00a0povedal, \u017ee &#8222;nerozumie modelu Watfordu&#8220;, v ktorom technick\u00fd riadite\u013e Filippo Giraldi a predstavenstvo robia rozhodnutia o\u00a0prestupoch. Bol pri podpise veden\u00fd k presved\u010deniu, \u017ee bude ma\u0165 viac pr\u00e1vomoci? Silva vinil zranenia za zl\u00e9 v\u00fdsledky. V janu\u00e1ri chcel nov\u00fdch hr\u00e1\u010dov, ale predstavenstvo s t\u00fdm nes\u00fahlasilo a nap\u00e4tie vyvrcholilo. Silva uviedol, \u017ee klub mus\u00ed &#8222;vyr\u00e1s\u0165&#8220;, aby dal veci v\u00a0z\u00e1kulis\u00ed do poriadku. Por\u00e1\u017eka v Leicesteri bola potom len poslednou kvapkou pre \u010dlenov rady so strachom o\u00a0zostup.\u201c<\/em><\/p>\r\n<h4>\u017diadna dohoda<\/h4>\r\n\r\n\r\n\r\n<p>V Apr\u00edli pri\u0161lo aj na spom\u00ednan\u00fa arbitr\u00e1\u017e. Premier League rozumne nariadila, aby sa dva kluby stretli za jedn\u00fdm stolom predt\u00fdm, ne\u017e bude sama n\u00faten\u00e1 spusti\u0165 vlastn\u00e9 vy\u0161etrovanie, mastn\u00e9 pokuty, alebo nebodaj odpo\u010det bodov. Obaja \u00fa\u010dastn\u00edci s\u00fahlasili, no bez v\u00fdrazn\u00e9ho pokroku na prvom \u010di druhom seden\u00ed. Everton si st\u00e1l za svojim, ni\u010d neleg\u00e1lne proti Watfordu nepodnikol. Ve\u010f pre\u010do by aj?<\/p>\r\n<p>Ofici\u00e1lne ponuky so \u0161tedrou finan\u010dnou kompenz\u00e1ciou s\u00fa norm\u00e1lna a leg\u00e1lna vec. V\u0161etky kluby be\u017ene oslovuj\u00fa mana\u017e\u00e9rov aj po\u010das prebiehaj\u00facej sez\u00f3ny a p\u00fdtaj\u00fa sa ich na mo\u017en\u00fa spolupr\u00e1cu. Ale to v\u0161ak neznamen\u00e1, \u017ee sa to mus\u00ed z\u00e1merne dosta\u0165 do nov\u00edn, alebo nebodaj ovplyvni\u0165 dianie. Toti\u017eto utaji\u0165 nie\u010do vo vrcholovej ma\u0161in\u00e9rii futbalu je takmer nemo\u017en\u00e9. Preto myslie\u0165 si opak by bolo op\u00e4\u0165 len naivn\u00e9. Rovnako ako spom\u00edna\u0165 ohrozenie stability klubu, ktor\u00fd za posledn\u00fdch osemn\u00e1s\u0165 rokov vystriedal sedemn\u00e1s\u0165 tr\u00e9nerov. Z toho dev\u00e4\u0165 za posledn\u00fdch p\u00e4\u0165 sez\u00f3n!<\/p>\r\n\r\n\r\n\r\n<p>Mimochodom, z\u00e1hadne ostalo ticho po tom, \u010do Matt Hughes z denn\u00edka The Times priniesol inform\u00e1cie, \u017ee Everton disponuje n\u00e1vrhom zmluvy, ktor\u00fd mal Watford posla\u0165 Silvovi, e\u0161te v \u010dase p\u00f4sobenia v Hull City. To by bol nezvratn\u00fd d\u00f4kaz o nez\u00e1konnom pr\u00edstupe, a posilnil by tak pr\u00e1vne stanovisko Karameliek v tejto veci. Men\u0161\u00ed probl\u00e9m by bol v tom, \u017ee Marco mal ma\u0165 v zmluve zostupov\u00fa klauzulu, ktor\u00e1 by mu umo\u017enila rokova\u0165 s potenci\u00e1lnym nov\u00fdm zamestn\u00e1vate\u013eom.<\/p>\r\n<h4>\u017diadne svedomie<\/h4>\r\n<p>Ke\u010f\u017ee \u017eiadne m\u00e9dia podrobnosti neuviedli, pre nedostatok inform\u00e1cii ako sa domnievam, tak aj napriek p\u00e1dnym argumentom na jednej \u010di druhej strane zostalo m\u013akvo. Watford tie\u017e rezol\u00fatne odmietol sumu jeden mili\u00f3n libier, ako primeran\u00e9 v\u00fdchodisko po na\u0165ahova\u010dk\u00e1ch s Premier League. Vtedy sa u\u017e Everton evidentne pok\u00fa\u0161al obvinenie rezignovane o\u017eelie\u0165 ako fakt, \u017ee myslenie in\u00fdch nezmen\u00ed, m\u00f4\u017ee ho len pochopi\u0165.<\/p>\r\n\r\n\r\n\r\n<p>A na to je psychol\u00f3gia. Existuje v nej toti\u017e jeden pojem, ktor\u00fd vysvet\u013euje ist\u00fd princ\u00edp obrann\u00e9ho mechanizmu. Vol\u00e1 sa to \u201eprojekcia\u201c. Neuvedomovan\u00e9 pren\u00e1\u0161anie vlastn\u00fdch pocitov (krivda) a impulzov mimo seba, na nejak\u00fa druh\u00fa osobu (Everton). Ak v\u00e1m to n\u00e1padne pripom\u00edna pokrytectvo, nie ste \u010faleko od pravdy, preto\u017ee tieto dva pojmy sa \u010diasto\u010dne podobaj\u00fa. V \u010dom spo\u010d\u00edva z\u00e1kladn\u00fd rozdiel medzi projekciou a pokrytectvom? \u00damyselnos\u0165. Ak teda m\u00e1 a pou\u017e\u00edva vedenie Watfordu nejak\u00fd mor\u00e1lny kompas, podot\u00fdkam vedome, rozhodne sa n\u00edm neriadi do takej miery, aby mohli poukazova\u0165 na druh\u00fdch.<\/p>\r\n\r\n\r\n\r\n<p>A tak ubehol mesiac, dokonca dva a pri\u0161la prestupov\u00e1 bomba v podobne transferu nevybr\u00fasen\u00e9ho diamantu. V\u0161etko nasved\u010dovalo tomu, \u017ee dvaja koh\u00fati to kone\u010dne zahrabali do kopy pe\u0148az\u00ed a po chv\u00edli tr\u00e1pneho ticha na oboch stran\u00e1ch si spolu v pokoji sadn\u00fa do V.I.P. l\u00f3\u017ee na spolo\u010dn\u00fd z\u00e1pas. Za t\u00f3nov Z-Cars samozrejme. 26. j\u00fal v\u0161ak obr\u00e1til dohady na ruby. Webov\u00e1 str\u00e1nka klubu z Hertfordshire vydala \u010fal\u0161ie ofici\u00e1lne stanovisko k latinsko-americkej novele \u201eWatford-Silva-Everton\u201c. V \u0148om sa p\u00ed\u0161e nasledovn\u00e9:<\/p>\r\n<h4>WATFORD Football Club:<\/h4>\r\n\r\n\r\n\r\n<p><em>&#8222;Watford FC sa c\u00edti n\u00faten\u00fd urobi\u0165 nasleduj\u00face vyhl\u00e1senie, v snahe opravi\u0165 chybn\u00e9 a zav\u00e1dzaj\u00face spr\u00e1vy z m\u00e9di\u00ed, t\u00fdkaj\u00face sa prebiehaj\u00faceho sporu s Evertonom FC. Klub podal ofici\u00e1lnu s\u0165a\u017enos\u0165 riadiacim org\u00e1nom Premier League, o \u00fadajnom nez\u00e1konnom pr\u00edstupe k b\u00fdval\u00e9mu mana\u017e\u00e9rovi, Marcovi Silvovi. S\u0165a\u017enos\u0165 podan\u00e1 vedeniu Premier League jasne vysvet\u013euje z\u00e1va\u017enos\u0165 obvinenia a to, \u010do klub pova\u017euje za ohromuj\u00faci d\u00f4kaz jasn\u00e9ho poru\u0161enia pravidiel s\u00fa\u0165a\u017ee Premier League. Na \u017eiados\u0165 Premier League sme vst\u00fapili do vyjedn\u00e1vania s Evertonom v procese, ktor\u00fd zah\u0155\u0148al funkcion\u00e1rov klubu a ich pr\u00edslu\u0161n\u00e9 pr\u00e1vne t\u00edmy bez toho, aby sa dospelo k z\u00e1veru. Preto disciplin\u00e1rny proces pokra\u010duje. Pri plnen\u00ed svojho disciplin\u00e1rneho n\u00e1roku si bol klub od za\u010diatku vedom\u00fd, \u017ee stratil ak\u00e9ko\u013evek pr\u00e1vo na n\u00e1hradu \u0161kody v d\u00f4sledku nere\u0161pektovania navrhovan\u00e9ho rozhodcovsk\u00e9ho konania. Ver\u00edme, \u017ee t\u00e1to situ\u00e1cia nie je o finan\u010dnej kompenz\u00e1cii, ale o princ\u00edpe postoja, ke\u010f konanie jedn\u00e9ho klubu Premier League \u00faplne podkop\u00e1va a sp\u00f4sobuje vn\u00fatorn\u00fa \u0161kodu in\u00e9mu. Ver\u00edme, \u017ee Premier League bude plne vy\u0161etrova\u0165 s\u0165a\u017enos\u0165 a my sa budeme riadi\u0165 t\u00fdmto procesom. Klub sa k tejto z\u00e1le\u017eitosti u\u017e viac nebude vyjadrova\u0165.&#8220;<\/em><\/p>\r\n\r\n\r\n\r\n<p>V prvom rade, pre\u010do vlastne mali potrebu vyd\u00e1va\u0165 toto stanovisko? Aby nevyzneli len ako ziskuchtiv\u00ed dr\u017egro\u0161i? Watfordu u\u017e vraj nejde o finan\u010dn\u00fa kompenz\u00e1ciu. Ide mu o princ\u00edp. V \u010dom je ten n\u00e1hly zvrat? Lebo pri vecnom poh\u013eade vid\u00edte prive\u013ea em\u00f3ci\u00ed a takmer \u017eiadnu strat\u00e9giu. Mo\u017eno by som mal odpove\u010f &#8211; Dunningov-Krugerov efekt. Pozn\u00e1vacia chyba, kv\u00f4li ktorej menej kvalifikovan\u00e9 osoby alebo osoby s n\u00edzkymi kompetenciami v danej oblasti, maj\u00fa v\u00fdrazn\u00e9 \u0165a\u017ekosti rozpozna\u0165 svoje re\u00e1lne schopnosti.<\/p>\r\n<p>Watford v\u00e4\u010d\u0161inu svojej futbalovej hist\u00f3rie str\u00e1vil na ni\u017e\u0161\u00edch poschodiach syst\u00e9mu anglickej Football League, a\u017e k\u00fdm nepri\u0161la \u00e9ra Grahama Taylora. Neskor\u0161\u00ed mana\u017e\u00e9r anglickej reprezent\u00e1cie (medzi rokmi 1990 a\u017e 1993) ich dok\u00e1zal za jednu dek\u00e1du dosta\u0165 zo \u0161tvrtej ligy a\u017e do poh\u00e1ru UEFA, \u010doby vicemajstra Anglicka a nemal \u010faleko ani k dom\u00e1cej trofeji, kedy ho vo fin\u00e1le FA Cupu nevyradil nik in\u00fd ako Everton.<\/p>\r\n<p>To bolo jedin\u00e9 zlat\u00e9 obdobie v dek\u00e1de rokov 1977 a\u017e 1987. N\u00e1sledn\u00e9 sporadick\u00e9 particip\u00e1cie s najvy\u0161\u0161ou s\u00fa\u0165a\u017eou na prelome mil\u00e9nia a v ro\u010dn\u00edku 2006\/7, v\u017edy nie dlh\u0161ie ako jednu sez\u00f3nu, nenazna\u010dovali, \u017ee by sa podobn\u00e9 amb\u00edcie mali zhroma\u017e\u010fova\u0165 v Hertfordshire znova. Rovnako ako teraz.<\/p>\r\n<h4 style=\"text-align: center;\"><span style=\"text-decoration: underline;\"><em>ANAL\u00ddZA<\/em><\/span><\/h4>\r\n\r\n<table class=\"wp-block-table\" border=\"1\">\r\n<tbody>\r\n<tr>\r\n<td><strong>D\u00e1tum z\u00e1pasu sez\u00f3ny 2017\/18<\/strong><\/td>\r\n<td style=\"text-align: center;\"><strong>Dom\u00e1ci<\/strong><\/td>\r\n<td style=\"text-align: center;\"><strong>Sk\u00f3re<\/strong><\/td>\r\n<td style=\"text-align: center;\"><strong>Hostia<\/strong><\/td>\r\n<td style=\"text-align: center;\"><strong>Bilancia<\/strong><\/td>\r\n<td style=\"text-align: center;\"><strong>Z\u00edskan\u00e9 body<\/strong><\/td>\r\n<\/tr>\r\n<tr>\r\n<td>12.aug.17<\/td>\r\n<td style=\"text-align: center;\">Watford<\/td>\r\n<td style=\"text-align: center;\">3\u20133<\/td>\r\n<td style=\"text-align: center;\">Liverpool<\/td>\r\n<td style=\"text-align: center;\">R<\/td>\r\n<td style=\"text-align: center;\">1<\/td>\r\n<\/tr>\r\n<tr>\r\n<td>19.aug.17<\/td>\r\n<td style=\"text-align: center;\">Bournemouth<\/td>\r\n<td style=\"text-align: center;\">0\u20132<\/td>\r\n<td style=\"text-align: center;\">Watford<\/td>\r\n<td style=\"text-align: center;\">W<\/td>\r\n<td style=\"text-align: center;\">3<\/td>\r\n<\/tr>\r\n<tr>\r\n<td>26.aug.17<\/td>\r\n<td style=\"text-align: center;\">Watford<\/td>\r\n<td style=\"text-align: center;\">0\u20130<\/td>\r\n<td style=\"text-align: center;\">B&amp;H Albion<\/td>\r\n<td style=\"text-align: center;\">R<\/td>\r\n<td style=\"text-align: center;\">1<\/td>\r\n<\/tr>\r\n<tr>\r\n<td>9.sep.17<\/td>\r\n<td style=\"text-align: center;\">Southampton<\/td>\r\n<td style=\"text-align: center;\">0\u20132<\/td>\r\n<td style=\"text-align: center;\">Watford<\/td>\r\n<td style=\"text-align: center;\">W<\/td>\r\n<td style=\"text-align: center;\">3<\/td>\r\n<\/tr>\r\n<tr>\r\n<td>16.sep.17<\/td>\r\n<td style=\"text-align: center;\">Watford<\/td>\r\n<td style=\"text-align: center;\">0\u20136<\/td>\r\n<td style=\"text-align: center;\">Manchester City<\/td>\r\n<td style=\"text-align: center;\">L<\/td>\r\n<td style=\"text-align: center;\">0<\/td>\r\n<\/tr>\r\n<tr>\r\n<td>23.sep.17<\/td>\r\n<td style=\"text-align: center;\">Swansea City<\/td>\r\n<td style=\"text-align: center;\">1\u20132<\/td>\r\n<td style=\"text-align: center;\">Watford<\/td>\r\n<td style=\"text-align: center;\">W<\/td>\r\n<td style=\"text-align: center;\">3<\/td>\r\n<\/tr>\r\n<tr>\r\n<td>30.sep.17<\/td>\r\n<td style=\"text-align: center;\">WBA<\/td>\r\n<td style=\"text-align: center;\">2\u20132<\/td>\r\n<td style=\"text-align: center;\">Watford<\/td>\r\n<td style=\"text-align: center;\">R<\/td>\r\n<td style=\"text-align: center;\">1<\/td>\r\n<\/tr>\r\n<tr>\r\n<td>14.okt.17<\/td>\r\n<td style=\"text-align: center;\">Watford<\/td>\r\n<td style=\"text-align: center;\">2\u20131<\/td>\r\n<td style=\"text-align: center;\">Arsenal<\/td>\r\n<td style=\"text-align: center;\">W<\/td>\r\n<td style=\"text-align: center;\">3<\/td>\r\n<\/tr>\r\n<tr>\r\n<td>21.okt.17<\/td>\r\n<td style=\"text-align: center;\">Chelsea<\/td>\r\n<td style=\"text-align: center;\">4\u20132<\/td>\r\n<td style=\"text-align: center;\">Watford<\/td>\r\n<td style=\"text-align: center;\">L<\/td>\r\n<td style=\"text-align: center;\">0<\/td>\r\n<\/tr>\r\n<tr>\r\n<td>28.okt.17<\/td>\r\n<td style=\"text-align: center;\">Watford<\/td>\r\n<td style=\"text-align: center;\">0\u20131<\/td>\r\n<td style=\"text-align: center;\">Stoke City<\/td>\r\n<td style=\"text-align: center;\">L<\/td>\r\n<td style=\"text-align: center;\">0<\/td>\r\n<\/tr>\r\n<tr>\r\n<td>5.nov.17<\/td>\r\n<td style=\"text-align: center;\">Everton<\/td>\r\n<td style=\"text-align: center;\">3\u20132<\/td>\r\n<td style=\"text-align: center;\">Watford<\/td>\r\n<td style=\"text-align: center;\">L<\/td>\r\n<td style=\"text-align: center;\">0<\/td>\r\n<\/tr>\r\n<tr>\r\n<td>19.nov.17<\/td>\r\n<td style=\"text-align: center;\">Watford<\/td>\r\n<td style=\"text-align: center;\">2\u20130<\/td>\r\n<td style=\"text-align: center;\">West Ham United<\/td>\r\n<td style=\"text-align: center;\">W<\/td>\r\n<td style=\"text-align: center;\">3<\/td>\r\n<\/tr>\r\n<tr>\r\n<td>25.nov.17<\/td>\r\n<td style=\"text-align: center;\">N\u00b4castle United<\/td>\r\n<td style=\"text-align: center;\">0\u20133<\/td>\r\n<td style=\"text-align: center;\">Watford<\/td>\r\n<td style=\"text-align: center;\">W<\/td>\r\n<td style=\"text-align: center;\">3<\/td>\r\n<\/tr>\r\n<tr>\r\n<td>28.nov.17<\/td>\r\n<td style=\"text-align: center;\">Watford<\/td>\r\n<td style=\"text-align: center;\">2\u20134<\/td>\r\n<td style=\"text-align: center;\">Manchester United<\/td>\r\n<td style=\"text-align: center;\">L<\/td>\r\n<td style=\"text-align: center;\">0<\/td>\r\n<\/tr>\r\n<tr>\r\n<td><strong>14 z\u00e1pasov<\/strong><\/td>\r\n<td style=\"text-align: center;\"><strong>7 doma<\/strong><\/td>\r\n<td style=\"text-align: center;\">\u00a0<\/td>\r\n<td style=\"text-align: center;\"><strong>7 vonku<\/strong><\/td>\r\n<td style=\"text-align: center;\"><strong>S\u00fa\u010det:<\/strong><\/td>\r\n<td style=\"text-align: center;\">21<\/td>\r\n<\/tr>\r\n<\/tbody>\r\n<\/table>\r\n\r\n<p>Najlep\u0161ie umiestnenie v hist\u00f3rii Premier League bolo to zo sez\u00f3ny 2015\/16, kedy dosiahli na trin\u00e1stu prie\u010dku v tabu\u013eke. Osem bodov nad p\u00e1smom zostupu. Z\u00e1merne si teda na \u0161n\u00faru troch sez\u00f3n, do ktorej t\u00e1to od posledn\u00e9ho postupu z Championship patr\u00ed, teraz posvietime. V prvom rade som vybral z ka\u017edej peri\u00f3du od augusta do novembra, kedy bola podan\u00e1 prv\u00e1 ofici\u00e1lna ponuka od Evertonu na Marca Silvu Watfordu. Pre\u010do?<\/p>\r\n<p>Aby som vyvr\u00e1til domnienky o s\u013eubnom \u0161tarte, ktor\u00fd tak nadchol v\u0161etk\u00fdch, vr\u00e1tane vedenia Evertonu. Ako m\u00f4\u017eete vidie\u0165 v tabu\u013eke zo sez\u00f3ny 17\/18, za 14 z\u00e1pasov s vyrovnan\u00fdm po\u010dtom duelov v dom\u00e1com alebo hos\u0165ovskom prostred\u00ed, Silvovi zverenci nazbierali 21 bodov a v tabu\u013eke okupovali \u00f4smu prie\u010dku (Everton p\u00e4tn\u00e1sty).<\/p>\r\n\r\n<table class=\"wp-block-table\" border=\"1\">\r\n<tbody>\r\n<tr>\r\n<td><strong>D\u00e1tum z\u00e1pasu sez\u00f3ny 2016\/17<\/strong><\/td>\r\n<td style=\"text-align: center;\"><strong>Dom\u00e1ci<\/strong><\/td>\r\n<td style=\"text-align: center;\"><strong>Sk\u00f3re<\/strong><\/td>\r\n<td style=\"text-align: center;\"><strong>Hostia<\/strong><\/td>\r\n<td style=\"text-align: center;\"><strong>Bilancia:<\/strong><\/td>\r\n<td style=\"text-align: center;\"><strong>Z\u00edskan\u00e9 body<\/strong><\/td>\r\n<\/tr>\r\n<tr>\r\n<td>13.aug.16<\/td>\r\n<td style=\"text-align: center;\">Southampton<\/td>\r\n<td style=\"text-align: center;\">1\u20131<\/td>\r\n<td style=\"text-align: center;\">Watford<\/td>\r\n<td style=\"text-align: center;\">R<\/td>\r\n<td style=\"text-align: center;\">1<\/td>\r\n<\/tr>\r\n<tr>\r\n<td>20.aug.16<\/td>\r\n<td style=\"text-align: center;\">Watford<\/td>\r\n<td style=\"text-align: center;\">1\u20132<\/td>\r\n<td style=\"text-align: center;\">Chelsea<\/td>\r\n<td style=\"text-align: center;\">L<\/td>\r\n<td style=\"text-align: center;\">0<\/td>\r\n<\/tr>\r\n<tr>\r\n<td>27.aug.16<\/td>\r\n<td style=\"text-align: center;\">Watford<\/td>\r\n<td style=\"text-align: center;\">1\u20133<\/td>\r\n<td style=\"text-align: center;\">Arsenal<\/td>\r\n<td style=\"text-align: center;\">L<\/td>\r\n<td style=\"text-align: center;\">0<\/td>\r\n<\/tr>\r\n<tr>\r\n<td>10.sep.16<\/td>\r\n<td style=\"text-align: center;\">West Ham United<\/td>\r\n<td style=\"text-align: center;\">2\u20134<\/td>\r\n<td style=\"text-align: center;\">Watford<\/td>\r\n<td style=\"text-align: center;\">W<\/td>\r\n<td style=\"text-align: center;\">3<\/td>\r\n<\/tr>\r\n<tr>\r\n<td>18.sep.16<\/td>\r\n<td style=\"text-align: center;\">Watford<\/td>\r\n<td style=\"text-align: center;\">3\u20131<\/td>\r\n<td style=\"text-align: center;\">Manchester United<\/td>\r\n<td style=\"text-align: center;\">W<\/td>\r\n<td style=\"text-align: center;\">3<\/td>\r\n<\/tr>\r\n<tr>\r\n<td>26.sep.16<\/td>\r\n<td style=\"text-align: center;\">Burnley<\/td>\r\n<td style=\"text-align: center;\">2\u20130<\/td>\r\n<td style=\"text-align: center;\">Watford<\/td>\r\n<td style=\"text-align: center;\">L<\/td>\r\n<td style=\"text-align: center;\">0<\/td>\r\n<\/tr>\r\n<tr>\r\n<td>1.okt.16<\/td>\r\n<td style=\"text-align: center;\">Watford<\/td>\r\n<td style=\"text-align: center;\">2\u20132<\/td>\r\n<td style=\"text-align: center;\">Bournemouth<\/td>\r\n<td style=\"text-align: center;\">R<\/td>\r\n<td style=\"text-align: center;\">1<\/td>\r\n<\/tr>\r\n<tr>\r\n<td>16.okt.16<\/td>\r\n<td style=\"text-align: center;\">Middlesbrough<\/td>\r\n<td style=\"text-align: center;\">0\u20131<\/td>\r\n<td style=\"text-align: center;\">Watford<\/td>\r\n<td style=\"text-align: center;\">W<\/td>\r\n<td style=\"text-align: center;\">3<\/td>\r\n<\/tr>\r\n<tr>\r\n<td>22.okt.16<\/td>\r\n<td style=\"text-align: center;\">Swansea City<\/td>\r\n<td style=\"text-align: center;\">0\u20130<\/td>\r\n<td style=\"text-align: center;\">Watford<\/td>\r\n<td style=\"text-align: center;\">R<\/td>\r\n<td style=\"text-align: center;\">1<\/td>\r\n<\/tr>\r\n<tr>\r\n<td>29.okt.16<\/td>\r\n<td style=\"text-align: center;\">Watford<\/td>\r\n<td style=\"text-align: center;\">1\u20130<\/td>\r\n<td style=\"text-align: center;\">Hull City<\/td>\r\n<td style=\"text-align: center;\">W<\/td>\r\n<td style=\"text-align: center;\">3<\/td>\r\n<\/tr>\r\n<tr>\r\n<td>6.nov.16<\/td>\r\n<td style=\"text-align: center;\">Liverpool<\/td>\r\n<td style=\"text-align: center;\">6\u20131<\/td>\r\n<td style=\"text-align: center;\">Watford<\/td>\r\n<td style=\"text-align: center;\">L<\/td>\r\n<td style=\"text-align: center;\">0<\/td>\r\n<\/tr>\r\n<tr>\r\n<td>19.nov.16<\/td>\r\n<td style=\"text-align: center;\">Watford<\/td>\r\n<td style=\"text-align: center;\">2\u20131<\/td>\r\n<td style=\"text-align: center;\">Leicester City<\/td>\r\n<td style=\"text-align: center;\">W<\/td>\r\n<td style=\"text-align: center;\">3<\/td>\r\n<\/tr>\r\n<tr>\r\n<td><strong>12 z\u00e1pasov<\/strong><\/td>\r\n<td style=\"text-align: center;\"><strong>6 doma<\/strong><\/td>\r\n<td style=\"text-align: center;\">\u00a0<\/td>\r\n<td style=\"text-align: center;\"><strong>6 vonku<\/strong><\/td>\r\n<td style=\"text-align: center;\"><strong>S\u00fa\u010det:<\/strong><\/td>\r\n<td style=\"text-align: center;\">18<\/td>\r\n<\/tr>\r\n<\/tbody>\r\n<\/table>\r\n\r\n<p>Sez\u00f3nu predt\u00fdm, pod veden\u00edm Waltera Mazzarriho, v\u00a0tej istej peri\u00f3de do konca novembra, nazbierali 18 bodov. Pozor! Av\u0161ak len za 12 z\u00e1pasov. \u017dreb a\u00a0d\u00e1tumy z\u00e1pasov samozrejme nejde ovplyvni\u0165, tak\u017ee je pochopite\u013en\u00e9, \u017ee sa po\u010det odohran\u00fdch stretnut\u00ed m\u00f4\u017ee l\u00ed\u0161i\u0165. So zost\u00e1vaj\u00facimi dvoma z\u00e1pasmi, len jedin\u00e1 v\u00fdhra by ich mohla deli\u0165 od vyrovnan\u00e9ho po\u010dtu bodov, ak nie prev\u00fd\u0161i\u0165. Kde bol Watford? \u00d4smy (Everton siedmy).<\/p>\r\n\r\n<table class=\"wp-block-table\" border=\"1\">\r\n<tbody>\r\n<tr>\r\n<td><strong>D\u00e1tum z\u00e1pasu sez\u00f3ny 2015\/16<\/strong><\/td>\r\n<td style=\"text-align: center;\"><strong>Dom\u00e1ci<\/strong><\/td>\r\n<td style=\"text-align: center;\"><strong>Sk\u00f3re<\/strong><\/td>\r\n<td style=\"text-align: center;\"><strong>Hostia<\/strong><\/td>\r\n<td style=\"text-align: center;\"><strong>Bilancia<\/strong><\/td>\r\n<td style=\"text-align: center;\"><strong>Z\u00edskan\u00e9 body<\/strong><\/td>\r\n<\/tr>\r\n<tr>\r\n<td>8.aug.15<\/td>\r\n<td style=\"text-align: center;\">Everton<\/td>\r\n<td style=\"text-align: center;\">2\u20132<\/td>\r\n<td style=\"text-align: center;\">Watford<\/td>\r\n<td style=\"text-align: center;\">R<\/td>\r\n<td style=\"text-align: center;\">1<\/td>\r\n<\/tr>\r\n<tr>\r\n<td>15.aug.15<\/td>\r\n<td style=\"text-align: center;\">Watford<\/td>\r\n<td style=\"text-align: center;\">0\u20130<\/td>\r\n<td style=\"text-align: center;\">WBA<\/td>\r\n<td style=\"text-align: center;\">R<\/td>\r\n<td style=\"text-align: center;\">1<\/td>\r\n<\/tr>\r\n<tr>\r\n<td>23.aug.15<\/td>\r\n<td style=\"text-align: center;\">Watford<\/td>\r\n<td style=\"text-align: center;\">0\u20130<\/td>\r\n<td style=\"text-align: center;\">Southampton<\/td>\r\n<td style=\"text-align: center;\">R<\/td>\r\n<td style=\"text-align: center;\">1<\/td>\r\n<\/tr>\r\n<tr>\r\n<td>29.sep.15<\/td>\r\n<td style=\"text-align: center;\">Manchester City<\/td>\r\n<td style=\"text-align: center;\">2\u20130<\/td>\r\n<td style=\"text-align: center;\">Watford<\/td>\r\n<td style=\"text-align: center;\">L<\/td>\r\n<td style=\"text-align: center;\">0<\/td>\r\n<\/tr>\r\n<tr>\r\n<td>12.sep.15<\/td>\r\n<td style=\"text-align: center;\">Watford<\/td>\r\n<td style=\"text-align: center;\">1\u20130<\/td>\r\n<td style=\"text-align: center;\">Swansea City<\/td>\r\n<td style=\"text-align: center;\">W<\/td>\r\n<td style=\"text-align: center;\">3<\/td>\r\n<\/tr>\r\n<tr>\r\n<td>19.sep.15<\/td>\r\n<td style=\"text-align: center;\">N\u00b4castle United<\/td>\r\n<td style=\"text-align: center;\">1\u20132<\/td>\r\n<td style=\"text-align: center;\">Watford<\/td>\r\n<td style=\"text-align: center;\">W<\/td>\r\n<td style=\"text-align: center;\">3<\/td>\r\n<\/tr>\r\n<tr>\r\n<td>27.sep.15<\/td>\r\n<td style=\"text-align: center;\">Watford<\/td>\r\n<td style=\"text-align: center;\">0\u20131<\/td>\r\n<td style=\"text-align: center;\">Crystal Palace<\/td>\r\n<td style=\"text-align: center;\">L<\/td>\r\n<td style=\"text-align: center;\">0<\/td>\r\n<\/tr>\r\n<tr>\r\n<td>3.okt.15<\/td>\r\n<td style=\"text-align: center;\">Bournemouth<\/td>\r\n<td style=\"text-align: center;\">1\u20131<\/td>\r\n<td style=\"text-align: center;\">Watford<\/td>\r\n<td style=\"text-align: center;\">R<\/td>\r\n<td style=\"text-align: center;\">1<\/td>\r\n<\/tr>\r\n<tr>\r\n<td>17.okt.15<\/td>\r\n<td style=\"text-align: center;\">Watford<\/td>\r\n<td style=\"text-align: center;\">0\u20133<\/td>\r\n<td style=\"text-align: center;\">Arsenal<\/td>\r\n<td style=\"text-align: center;\">L<\/td>\r\n<td style=\"text-align: center;\">0<\/td>\r\n<\/tr>\r\n<tr>\r\n<td>24.okt.15<\/td>\r\n<td style=\"text-align: center;\">Stoke City<\/td>\r\n<td style=\"text-align: center;\">0\u20132<\/td>\r\n<td style=\"text-align: center;\">Watford<\/td>\r\n<td style=\"text-align: center;\">W<\/td>\r\n<td style=\"text-align: center;\">3<\/td>\r\n<\/tr>\r\n<tr>\r\n<td>31.okt.15<\/td>\r\n<td style=\"text-align: center;\">Watford<\/td>\r\n<td style=\"text-align: center;\">2\u20130<\/td>\r\n<td style=\"text-align: center;\">West Ham United<\/td>\r\n<td style=\"text-align: center;\">W<\/td>\r\n<td style=\"text-align: center;\">3<\/td>\r\n<\/tr>\r\n<tr>\r\n<td>7.nov.15<\/td>\r\n<td style=\"text-align: center;\">Leicester City<\/td>\r\n<td style=\"text-align: center;\">2\u20131<\/td>\r\n<td style=\"text-align: center;\">Watford<\/td>\r\n<td style=\"text-align: center;\">L<\/td>\r\n<td style=\"text-align: center;\">0<\/td>\r\n<\/tr>\r\n<tr>\r\n<td>21.nov.15<\/td>\r\n<td style=\"text-align: center;\">Watford<\/td>\r\n<td style=\"text-align: center;\">1\u20132<\/td>\r\n<td style=\"text-align: center;\">Manchester United<\/td>\r\n<td style=\"text-align: center;\">L<\/td>\r\n<td style=\"text-align: center;\">0<\/td>\r\n<\/tr>\r\n<tr>\r\n<td>28.nov.15<\/td>\r\n<td style=\"text-align: center;\">Aston Villa<\/td>\r\n<td style=\"text-align: center;\">2\u20133<\/td>\r\n<td style=\"text-align: center;\">Watford<\/td>\r\n<td style=\"text-align: center;\">W<\/td>\r\n<td style=\"text-align: center;\">3<\/td>\r\n<\/tr>\r\n<tr>\r\n<td><strong>14 z\u00e1pasov<\/strong><\/td>\r\n<td style=\"text-align: center;\"><strong>7 doma<\/strong><\/td>\r\n<td style=\"text-align: center;\">\u00a0<\/td>\r\n<td style=\"text-align: center;\"><strong>7 vonku<\/strong><\/td>\r\n<td style=\"text-align: center;\"><strong>S\u00fa\u010det:<\/strong><\/td>\r\n<td style=\"text-align: center;\">19<\/td>\r\n<\/tr>\r\n<\/tbody>\r\n<\/table>\r\n\r\n<p>V\u00a0spom\u00ednanej najlep\u0161ej sez\u00f3ne Premier League v\u00a0na\u0161ej peri\u00f3de odohrali znova 14 z\u00e1pasov a\u00a0ukoristili s Quiquem Floresom 19 bodov. A poz\u00edcia v\u00a0tabu\u013eke \u010dinila jeden\u00e1ste miesto (Everton deviaty). Aby toho nebolo m\u00e1lo, pokra\u010doval som \u010falej a\u00a0peri\u00f3du roz\u0161\u00edril aj na n\u00e1ro\u010dn\u00fd sviato\u010dn\u00fd program, a\u017e do vyhodenia Portugal\u010dana, ku ktor\u00e9mu do\u0161lo 21. janu\u00e1ra. Ako ste si iste v\u0161imli, v\u00fdsledky naozaj boli v\u00a0Silvovej sez\u00f3ne najslab\u0161ie. O\u00a0jeden, respekt\u00edve p\u00e4\u0165 bodov. Zd\u00e1 sa v\u00e1m to markantn\u00fd rozdiel? Sk\u00faste e\u0161te k\u00a0tomu pripo\u010d\u00edta\u0165 body za predch\u00e1dzaj\u00facu peri\u00f3du a\u00a0m\u00e1te celistv\u00fd obraz priemern\u00fdch v\u00fdsledkov\u00fdch sna\u017een\u00ed The Hornets v\u00a0Premier League.<\/p>\r\n\r\n<table class=\"wp-block-table\" border=\"1\">\r\n<tbody>\r\n<tr>\r\n<td><strong>D\u00e1tum z\u00e1pasu sez\u00f3ny 2017\/18<\/strong><\/td>\r\n<td style=\"text-align: center;\"><strong>Dom\u00e1ci<\/strong><\/td>\r\n<td style=\"text-align: center;\"><strong>Sk\u00f3re<\/strong><\/td>\r\n<td style=\"text-align: center;\"><strong>Hostia<\/strong><\/td>\r\n<td style=\"text-align: center;\"><strong>Bilancia<\/strong><\/td>\r\n<td style=\"text-align: center;\"><strong>Z\u00edskan\u00e9 body<\/strong><\/td>\r\n<\/tr>\r\n<tr>\r\n<td>2.dec.17<\/td>\r\n<td style=\"text-align: center;\">Watford<\/td>\r\n<td style=\"text-align: center;\">1\u20131<\/td>\r\n<td style=\"text-align: center;\">Tottenham Hotspur<\/td>\r\n<td style=\"text-align: center;\">R<\/td>\r\n<td style=\"text-align: center;\">1<\/td>\r\n<\/tr>\r\n<tr>\r\n<td>9.dec.17<\/td>\r\n<td style=\"text-align: center;\">Burnley<\/td>\r\n<td style=\"text-align: center;\">1\u20130<\/td>\r\n<td style=\"text-align: center;\">Watford<\/td>\r\n<td style=\"text-align: center;\">L<\/td>\r\n<td style=\"text-align: center;\">0<\/td>\r\n<\/tr>\r\n<tr>\r\n<td>12.dec.17<\/td>\r\n<td style=\"text-align: center;\">Crystal Palace<\/td>\r\n<td style=\"text-align: center;\">2\u20131<\/td>\r\n<td style=\"text-align: center;\">Watford<\/td>\r\n<td style=\"text-align: center;\">L<\/td>\r\n<td style=\"text-align: center;\">0<\/td>\r\n<\/tr>\r\n<tr>\r\n<td>16.dec.17<\/td>\r\n<td style=\"text-align: center;\">Watford<\/td>\r\n<td style=\"text-align: center;\">1\u20134<\/td>\r\n<td style=\"text-align: center;\">Huddersfield Town<\/td>\r\n<td style=\"text-align: center;\">L<\/td>\r\n<td style=\"text-align: center;\">0<\/td>\r\n<\/tr>\r\n<tr>\r\n<td>23.dec.17<\/td>\r\n<td style=\"text-align: center;\">B&amp;H Albion<\/td>\r\n<td style=\"text-align: center;\">1\u20130<\/td>\r\n<td style=\"text-align: center;\">Watford<\/td>\r\n<td style=\"text-align: center;\">L<\/td>\r\n<td style=\"text-align: center;\">0<\/td>\r\n<\/tr>\r\n<tr>\r\n<td>26.dec.17<\/td>\r\n<td style=\"text-align: center;\">Watford<\/td>\r\n<td style=\"text-align: center;\">2\u20131<\/td>\r\n<td style=\"text-align: center;\">Leicester City<\/td>\r\n<td style=\"text-align: center;\">W<\/td>\r\n<td style=\"text-align: center;\">3<\/td>\r\n<\/tr>\r\n<tr>\r\n<td>30.dec.17<\/td>\r\n<td style=\"text-align: center;\">Watford<\/td>\r\n<td style=\"text-align: center;\">1\u20132<\/td>\r\n<td style=\"text-align: center;\">Swansea City<\/td>\r\n<td style=\"text-align: center;\">L<\/td>\r\n<td style=\"text-align: center;\">0<\/td>\r\n<\/tr>\r\n<tr>\r\n<td>2.jan.18<\/td>\r\n<td style=\"text-align: center;\">Manchester City<\/td>\r\n<td style=\"text-align: center;\">3\u20131<\/td>\r\n<td style=\"text-align: center;\">Watford<\/td>\r\n<td style=\"text-align: center;\">L<\/td>\r\n<td style=\"text-align: center;\">0<\/td>\r\n<\/tr>\r\n<tr>\r\n<td>13.jan.18<\/td>\r\n<td style=\"text-align: center;\">Watford<\/td>\r\n<td style=\"text-align: center;\">2\u20132<\/td>\r\n<td style=\"text-align: center;\">Southampton<\/td>\r\n<td style=\"text-align: center;\">D<\/td>\r\n<td style=\"text-align: center;\">1<\/td>\r\n<\/tr>\r\n<tr>\r\n<td>20.jan.18<\/td>\r\n<td style=\"text-align: center;\">Leicester City<\/td>\r\n<td style=\"text-align: center;\">2\u20130<\/td>\r\n<td style=\"text-align: center;\">Watford<\/td>\r\n<td style=\"text-align: center;\">L<\/td>\r\n<td style=\"text-align: center;\">0<\/td>\r\n<\/tr>\r\n<tr>\r\n<td><strong>10 z\u00e1pasov<\/strong><\/td>\r\n<td style=\"text-align: center;\"><strong>5 doma<\/strong><\/td>\r\n<td style=\"text-align: center;\">\u00a0<\/td>\r\n<td style=\"text-align: center;\"><strong>5 vonku<\/strong><\/td>\r\n<td style=\"text-align: center;\"><strong>S\u00fa\u010det:<\/strong><\/td>\r\n<td style=\"text-align: center;\">5<\/td>\r\n<\/tr>\r\n<tr>\r\n<td>\u00a0<\/td>\r\n<td style=\"text-align: center;\">\u00a0<\/td>\r\n<td style=\"text-align: center;\">\u00a0<\/td>\r\n<td style=\"text-align: center;\">\u00a0<\/td>\r\n<td style=\"text-align: center;\">\u00a0<\/td>\r\n<td style=\"text-align: center;\">\u00a0<\/td>\r\n<\/tr>\r\n<tr>\r\n<td><strong>D\u00e1tum z\u00e1pasu sez\u00f3ny 2016\/17<\/strong><\/td>\r\n<td style=\"text-align: center;\"><strong>Dom\u00e1ci<\/strong><\/td>\r\n<td style=\"text-align: center;\"><strong>Sk\u00f3re<\/strong><\/td>\r\n<td style=\"text-align: center;\"><strong>Hostia<\/strong><\/td>\r\n<td style=\"text-align: center;\"><strong>Bilancia<\/strong><\/td>\r\n<td style=\"text-align: center;\"><strong>Z\u00edskan\u00e9 body<\/strong><\/td>\r\n<\/tr>\r\n<tr>\r\n<td>3.dec.16<\/td>\r\n<td style=\"text-align: center;\">WBA<\/td>\r\n<td style=\"text-align: center;\">3\u20131<\/td>\r\n<td style=\"text-align: center;\">Watford<\/td>\r\n<td style=\"text-align: center;\">L<\/td>\r\n<td style=\"text-align: center;\">0<\/td>\r\n<\/tr>\r\n<tr>\r\n<td>10.dec.16<\/td>\r\n<td style=\"text-align: center;\">Watford<\/td>\r\n<td style=\"text-align: center;\">3\u20132<\/td>\r\n<td style=\"text-align: center;\">Everton<\/td>\r\n<td style=\"text-align: center;\">W<\/td>\r\n<td style=\"text-align: center;\">3<\/td>\r\n<\/tr>\r\n<tr>\r\n<td>14.dec.16<\/td>\r\n<td style=\"text-align: center;\">Manchester City<\/td>\r\n<td style=\"text-align: center;\">2\u20130<\/td>\r\n<td style=\"text-align: center;\">Watford<\/td>\r\n<td style=\"text-align: center;\">L<\/td>\r\n<td style=\"text-align: center;\">0<\/td>\r\n<\/tr>\r\n<tr>\r\n<td>17.dec.16<\/td>\r\n<td style=\"text-align: center;\">Sunderland<\/td>\r\n<td style=\"text-align: center;\">1\u20130<\/td>\r\n<td style=\"text-align: center;\">Watford<\/td>\r\n<td style=\"text-align: center;\">L<\/td>\r\n<td style=\"text-align: center;\">0<\/td>\r\n<\/tr>\r\n<tr>\r\n<td>26.dec.16<\/td>\r\n<td style=\"text-align: center;\">Watford<\/td>\r\n<td style=\"text-align: center;\">1\u20131<\/td>\r\n<td style=\"text-align: center;\">Crystal Palace<\/td>\r\n<td style=\"text-align: center;\">D<\/td>\r\n<td style=\"text-align: center;\">1<\/td>\r\n<\/tr>\r\n<tr>\r\n<td>1.jan.17<\/td>\r\n<td style=\"text-align: center;\">Watford<\/td>\r\n<td style=\"text-align: center;\">1\u20134<\/td>\r\n<td style=\"text-align: center;\">Tottenham Hotspur<\/td>\r\n<td style=\"text-align: center;\">L<\/td>\r\n<td style=\"text-align: center;\">0<\/td>\r\n<\/tr>\r\n<tr>\r\n<td>3.jan.17<\/td>\r\n<td style=\"text-align: center;\">Stoke City<\/td>\r\n<td style=\"text-align: center;\">2\u20130<\/td>\r\n<td style=\"text-align: center;\">Watford<\/td>\r\n<td style=\"text-align: center;\">L<\/td>\r\n<td style=\"text-align: center;\">0<\/td>\r\n<\/tr>\r\n<tr>\r\n<td>14.jan.17<\/td>\r\n<td style=\"text-align: center;\">Watford<\/td>\r\n<td style=\"text-align: center;\">0\u20130<\/td>\r\n<td style=\"text-align: center;\">Middlesbrough<\/td>\r\n<td style=\"text-align: center;\">D<\/td>\r\n<td style=\"text-align: center;\">1<\/td>\r\n<\/tr>\r\n<tr>\r\n<td>21.jan.17<\/td>\r\n<td style=\"text-align: center;\">Bournemouth<\/td>\r\n<td style=\"text-align: center;\">2\u20132<\/td>\r\n<td style=\"text-align: center;\">Watford<\/td>\r\n<td style=\"text-align: center;\">D<\/td>\r\n<td style=\"text-align: center;\">1<\/td>\r\n<\/tr>\r\n<tr>\r\n<td><strong>9 z\u00e1pasov<\/strong><\/td>\r\n<td style=\"text-align: center;\"><strong>4 doma<\/strong><\/td>\r\n<td style=\"text-align: center;\">\u00a0<\/td>\r\n<td style=\"text-align: center;\"><strong>5 vonku<\/strong><\/td>\r\n<td style=\"text-align: center;\"><strong>S\u00fa\u010det:<\/strong><\/td>\r\n<td style=\"text-align: center;\">6<\/td>\r\n<\/tr>\r\n<tr>\r\n<td style=\"text-align: center;\">\u00a0<\/td>\r\n<td style=\"text-align: center;\">\u00a0<\/td>\r\n<td style=\"text-align: center;\">\u00a0<\/td>\r\n<td style=\"text-align: center;\">\u00a0<\/td>\r\n<td style=\"text-align: center;\">\u00a0<\/td>\r\n<td style=\"text-align: center;\">\u00a0<\/td>\r\n<\/tr>\r\n<tr>\r\n<td style=\"text-align: center;\"><strong>D\u00e1tum z\u00e1pasu sez\u00f3ny 2015\/16<\/strong><\/td>\r\n<td style=\"text-align: center;\"><strong>Dom\u00e1ci<\/strong><\/td>\r\n<td style=\"text-align: center;\"><strong>Sk\u00f3re<\/strong><\/td>\r\n<td style=\"text-align: center;\"><strong>Hostia<\/strong><\/td>\r\n<td style=\"text-align: center;\"><strong>Bilancia<\/strong><\/td>\r\n<td style=\"text-align: center;\"><strong>Z\u00edskan\u00e9 body<\/strong><\/td>\r\n<\/tr>\r\n<tr>\r\n<td style=\"text-align: center;\">5.dec.15<\/td>\r\n<td style=\"text-align: center;\">Watford<\/td>\r\n<td style=\"text-align: center;\">2\u20130<\/td>\r\n<td style=\"text-align: center;\">Norwich City<\/td>\r\n<td style=\"text-align: center;\">W<\/td>\r\n<td style=\"text-align: center;\">3<\/td>\r\n<\/tr>\r\n<tr>\r\n<td style=\"text-align: center;\">12.dec.15<\/td>\r\n<td style=\"text-align: center;\">Sunderland<\/td>\r\n<td style=\"text-align: center;\">0\u20131<\/td>\r\n<td style=\"text-align: center;\">Watford<\/td>\r\n<td style=\"text-align: center;\">W<\/td>\r\n<td style=\"text-align: center;\">3<\/td>\r\n<\/tr>\r\n<tr>\r\n<td style=\"text-align: center;\">20.dec.15<\/td>\r\n<td style=\"text-align: center;\">Watford<\/td>\r\n<td style=\"text-align: center;\">3\u20130<\/td>\r\n<td style=\"text-align: center;\">Liverpool<\/td>\r\n<td style=\"text-align: center;\">W<\/td>\r\n<td style=\"text-align: center;\">3<\/td>\r\n<\/tr>\r\n<tr>\r\n<td style=\"text-align: center;\">26.dec.15<\/td>\r\n<td style=\"text-align: center;\">Chelsea<\/td>\r\n<td style=\"text-align: center;\">2\u20132<\/td>\r\n<td style=\"text-align: center;\">Watford<\/td>\r\n<td style=\"text-align: center;\">D<\/td>\r\n<td style=\"text-align: center;\">1<\/td>\r\n<\/tr>\r\n<tr>\r\n<td style=\"text-align: center;\">28.dec.15<\/td>\r\n<td style=\"text-align: center;\">Watford<\/td>\r\n<td style=\"text-align: center;\">1\u20132<\/td>\r\n<td style=\"text-align: center;\">Tottenham Hotspur<\/td>\r\n<td style=\"text-align: center;\">L<\/td>\r\n<td style=\"text-align: center;\">0<\/td>\r\n<\/tr>\r\n<tr>\r\n<td style=\"text-align: center;\">2.jan.17<\/td>\r\n<td style=\"text-align: center;\">Watford<\/td>\r\n<td style=\"text-align: center;\">1\u20132<\/td>\r\n<td style=\"text-align: center;\">Manchester City<\/td>\r\n<td style=\"text-align: center;\">L<\/td>\r\n<td style=\"text-align: center;\">0<\/td>\r\n<\/tr>\r\n<tr>\r\n<td style=\"text-align: center;\">13.jan.17<\/td>\r\n<td style=\"text-align: center;\">Southampton<\/td>\r\n<td style=\"text-align: center;\">2\u20130<\/td>\r\n<td style=\"text-align: center;\">Watford<\/td>\r\n<td style=\"text-align: center;\">L<\/td>\r\n<td style=\"text-align: center;\">0<\/td>\r\n<\/tr>\r\n<tr>\r\n<td style=\"text-align: center;\">18.jan.17<\/td>\r\n<td style=\"text-align: center;\">Swansea City<\/td>\r\n<td style=\"text-align: center;\">1\u20130<\/td>\r\n<td style=\"text-align: center;\">Watford<\/td>\r\n<td style=\"text-align: center;\">L<\/td>\r\n<td style=\"text-align: center;\">0<\/td>\r\n<\/tr>\r\n<tr>\r\n<td style=\"text-align: center;\"><strong>8 z\u00e1pasov<\/strong><\/td>\r\n<td style=\"text-align: center;\">\u00a0<\/td>\r\n<td style=\"text-align: center;\"><strong>4 doma<\/strong><\/td>\r\n<td style=\"text-align: center;\"><strong>4 vonku<\/strong><\/td>\r\n<td style=\"text-align: center;\"><strong>S\u00fa\u010det:<\/strong><\/td>\r\n<td style=\"text-align: center;\">10<\/td>\r\n<\/tr>\r\n<\/tbody>\r\n<\/table>\r\n\r\n<p>Ot\u00e1zka znie, v \u010dom tak Marcova sez\u00f3na vynikala? Bolo toto \u0165a\u017eenie v predch\u00e1dzaj\u00facim ro\u010dn\u00edku nie\u010d\u00edm v\u00fdnimo\u010dn\u00e9? Mohol Everton naozaj nie\u010do zmari\u0165? Pozrime sa na invest\u00edcie. V naj\u00faspe\u0161nej\u0161ej sez\u00f3ne vynalo\u017eilo vedenie Watfordu o vy\u0161e 15 mili\u00f3nov libier viac ako ke\u010f bol pri kormidle Silva. To je ot\u00e1zka asi jednej priemernej, dnes u\u017e sk\u00f4r podpriemernej posily na anglickom trhu. V\u00fdrazn\u00fd prievan v k\u00e1dri nastal v sez\u00f3ne 16\/17 a toky pe\u0148az\u00ed sa patri\u010dne vyrovnali, \u010do sa m\u00f4\u017ee a nemus\u00ed odrazi\u0165 v tabu\u013eke.<\/p>\r\n<p>K zhor\u0161eniu v\u0161ak pri\u0161lo o p\u00e4\u0165 miest smerom dole. M\u00f4\u017eeme diskutova\u0165, nako\u013eko bolo prospe\u0161n\u00e9 dosadenie Graciu po vyhadzove n\u00e1\u0161ho s\u00fa\u010dasn\u00e9ho mana\u017e\u00e9ra, ale to by pravdepodobne nemalo konca, ke\u010f\u017ee premenn\u00fdch je viac ne\u017e dos\u0165. Faktom teda ost\u00e1va, \u017ee s n\u00edm zakon\u010dili ro\u010dn\u00edk 2017\/18 na 14. mieste, pri lep\u0161ej bilancii v\u00fddavkov, ako tomu bolo v premi\u00e9rovej, o prie\u010dku lep\u0161ej sez\u00f3ne 15\/16.<\/p>\r\n\r\n<table class=\"wp-block-table\" border=\"1\">\r\n<tbody>\r\n<tr>\r\n<td><strong>Sez\u00f3na<\/strong><\/td>\r\n<td style=\"text-align: center;\"><strong>V\u00fddaj na n\u00e1kupy<\/strong><\/td>\r\n<td style=\"text-align: center;\"><strong>V\u00fdnos z predaja<\/strong><\/td>\r\n<td style=\"text-align: center;\"><strong>Celkov\u00e1 strata:<\/strong><\/td>\r\n<\/tr>\r\n<tr>\r\n<td>2017\/18<\/td>\r\n<td style=\"text-align: center;\">\u00a364.26m<\/td>\r\n<td style=\"text-align: center;\">\u00a315.07m<\/td>\r\n<td style=\"text-align: center;\">\u00a349.19m<\/td>\r\n<\/tr>\r\n<tr>\r\n<td>2016\/17<\/td>\r\n<td style=\"text-align: center;\">\u00a362.96m<\/td>\r\n<td style=\"text-align: center;\">\u00a352.29m<\/td>\r\n<td style=\"text-align: center;\">\u00a310.67m<\/td>\r\n<\/tr>\r\n<tr>\r\n<td>2015\/16<\/td>\r\n<td style=\"text-align: center;\">\u00a375.18m<\/td>\r\n<td style=\"text-align: center;\">\u00a38.78m<\/td>\r\n<td style=\"text-align: center;\">\u00a366.4m<\/td>\r\n<\/tr>\r\n<tr>\r\n<td><strong>Spolu:<\/strong><\/td>\r\n<td style=\"text-align: center;\">\u00a3202.4m<\/td>\r\n<td style=\"text-align: center;\">\u00a376.14m<\/td>\r\n<td style=\"text-align: center;\">\u00a3126.26m<\/td>\r\n<\/tr>\r\n<\/tbody>\r\n<\/table>\r\n\r\n<p><em>\u201eAbsurdn\u00e9 rozhodnutie pod\u013ea m\u0148a, aby Watford vyhodil Marca Silvu po jeho prvej zlej s\u00e9rii v\u00fdsledkov. Niekto si ho uchmatne ve\u013emi r\u00fdchlo a Watford takmer ur\u010dite skon\u010d\u00ed s\u00a0niek\u00fdm menej talentovan\u00fdm.\u201c<\/em><\/p>\r\n\r\n\r\n\r\n<h4 style=\"text-align: center;\"><strong><em>Gary Lineker<\/em><\/strong><\/h4>\r\n\r\n\r\n\r\n<p>V\u00a0kone\u010dnom d\u00f4sledku sa teda jav\u00ed, \u017ee pou\u017e\u00edvanie fr\u00e1z ako \u201e<em>\u00faplne podkop\u00e1va a sp\u00f4sobuje vn\u00fatorn\u00fa \u0161kodu<\/em>\u201c \u010di\u00a0<em>\u201eohrozil dlhodob\u00fa bud\u00facnos\u0165 klubu\u201c<\/em>\u00a0je nadmieru prehnan\u00e9, rovnako ako cel\u00e1 snaha zdiskreditova\u0165 Everton, za doposia\u013e leg\u00e1lny sp\u00f4sob h\u013eadania si vlastn\u00e9ho \u0161\u0165astia. A\u00a0Watford? Typick\u00fd pr\u00edklad, ako kr\u00e1tky a\u00a0nedokon\u010den\u00fd pr\u00edbeh o \u00fadajnom \u00faspechu The Hornets, ktor\u00fd nato\u013eko ovplyvnil vn\u00edmanie reality veden\u00edm klubu, \u017ee v\u00fdrazne nadhodnocuj\u00fa svoje schopnosti. A to p\u00ed\u0161em so v\u0161etkou \u00factou k tomuto futbalov\u00e9mu klubu, ktor\u00fd by si mal \u010d\u00edm sk\u00f4r uvedomi\u0165, \u017ee vidina raja z neho automaticky e\u0161te nerob\u00ed jeho n\u00e1v\u0161tevn\u00edkov.<\/p>\r\n","protected":false},"excerpt":{"rendered":"<p>Ani nie dva dni po obrovskom transfere medzi dvomi \u00fa\u010dastn\u00edkmi Premier League, vedenie The Hornets st\u00e1le p\u00fa\u0161\u0165alo Evertonu rovnak\u00fa pesni\u010dku. A poviem v\u00e1m, Elton John to nebol.<\/p>\n","protected":false},"author":1,"featured_media":1926,"comment_status":"open","ping_status":"closed","sticky":false,"template":"","format":"standard","meta":{"_eb_attr":"","_monsterinsights_skip_tracking":false,"_monsterinsights_sitenote_active":false,"_monsterinsights_sitenote_note":"","_monsterinsights_sitenote_category":0,"footnotes":""},"categories":[39],"tags":[],"yoast_head":"<!-- This site is optimized with the Yoast SEO plugin v23.4 - https:\/\/yoast.com\/wordpress\/plugins\/seo\/ -->\n<title>Koment\u00e1r: \u201eMor\u00e1lni klam\u00e1ri z predmestia Lond\u00fdna\u201c - Official Czech &amp; Slovak Everton Supporters&#039; Club<\/title>\n<meta name=\"robots\" content=\"index, follow, max-snippet:-1, max-image-preview:large, max-video-preview:-1\" \/>\n<link rel=\"canonical\" href=\"https:\/\/evertonfc.cz\/index.php\/2018\/08\/15\/komentar-moralni-klamari-z-predmestia-londyna\/\" \/>\n<meta property=\"og:locale\" content=\"cs_CZ\" \/>\n<meta property=\"og:type\" content=\"article\" \/>\n<meta property=\"og:title\" content=\"Koment\u00e1r: \u201eMor\u00e1lni klam\u00e1ri z predmestia Lond\u00fdna\u201c - Official Czech &amp; Slovak Everton Supporters&#039; Club\" \/>\n<meta property=\"og:description\" content=\"Ani nie dva dni po obrovskom transfere medzi dvomi \u00fa\u010dastn\u00edkmi Premier League, vedenie The Hornets st\u00e1le p\u00fa\u0161\u0165alo Evertonu rovnak\u00fa pesni\u010dku. A poviem v\u00e1m, Elton John to nebol.\" \/>\n<meta property=\"og:url\" content=\"https:\/\/evertonfc.cz\/index.php\/2018\/08\/15\/komentar-moralni-klamari-z-predmestia-londyna\/\" \/>\n<meta property=\"og:site_name\" content=\"Official Czech &amp; Slovak Everton Supporters&#039; Club\" \/>\n<meta property=\"article:publisher\" content=\"https:\/\/www.facebook.com\/everton.fans.cz.sk\" \/>\n<meta property=\"article:published_time\" content=\"2018-08-15T16:25:30+00:00\" \/>\n<meta property=\"article:modified_time\" content=\"2021-02-14T09:51:54+00:00\" \/>\n<meta property=\"og:image\" content=\"https:\/\/evertonfc.cz\/wp-content\/uploads\/2019\/01\/watford_15_8_2018.jpg\" \/>\n\t<meta property=\"og:image:width\" content=\"720\" \/>\n\t<meta property=\"og:image:height\" content=\"405\" \/>\n\t<meta property=\"og:image:type\" content=\"image\/jpeg\" \/>\n<meta name=\"author\" content=\"BlueBlooded\" \/>\n<meta name=\"twitter:card\" content=\"summary_large_image\" \/>\n<meta name=\"twitter:label1\" content=\"Napsal(a)\" \/>\n\t<meta name=\"twitter:data1\" content=\"BlueBlooded\" \/>\n\t<meta name=\"twitter:label2\" content=\"Odhadovan\u00e1 doba \u010dten\u00ed\" \/>\n\t<meta name=\"twitter:data2\" content=\"11 minut\" \/>\n<script type=\"application\/ld+json\" class=\"yoast-schema-graph\">{\"@context\":\"https:\/\/schema.org\",\"@graph\":[{\"@type\":\"Article\",\"@id\":\"https:\/\/evertonfc.cz\/index.php\/2018\/08\/15\/komentar-moralni-klamari-z-predmestia-londyna\/#article\",\"isPartOf\":{\"@id\":\"https:\/\/evertonfc.cz\/index.php\/2018\/08\/15\/komentar-moralni-klamari-z-predmestia-londyna\/\"},\"author\":{\"name\":\"BlueBlooded\",\"@id\":\"https:\/\/evertonfc.cz\/#\/schema\/person\/d4493b8cbea51532597fbc4685698916\"},\"headline\":\"Koment\u00e1r: \u201eMor\u00e1lni klam\u00e1ri z predmestia Lond\u00fdna\u201c\",\"datePublished\":\"2018-08-15T16:25:30+00:00\",\"dateModified\":\"2021-02-14T09:51:54+00:00\",\"mainEntityOfPage\":{\"@id\":\"https:\/\/evertonfc.cz\/index.php\/2018\/08\/15\/komentar-moralni-klamari-z-predmestia-londyna\/\"},\"wordCount\":2807,\"commentCount\":0,\"publisher\":{\"@id\":\"https:\/\/evertonfc.cz\/#organization\"},\"image\":{\"@id\":\"https:\/\/evertonfc.cz\/index.php\/2018\/08\/15\/komentar-moralni-klamari-z-predmestia-londyna\/#primaryimage\"},\"thumbnailUrl\":\"https:\/\/evertonfc.cz\/wp-content\/uploads\/2019\/01\/watford_15_8_2018.jpg\",\"articleSection\":[\"Blog\"],\"inLanguage\":\"cs\",\"potentialAction\":[{\"@type\":\"CommentAction\",\"name\":\"Comment\",\"target\":[\"https:\/\/evertonfc.cz\/index.php\/2018\/08\/15\/komentar-moralni-klamari-z-predmestia-londyna\/#respond\"]}]},{\"@type\":\"WebPage\",\"@id\":\"https:\/\/evertonfc.cz\/index.php\/2018\/08\/15\/komentar-moralni-klamari-z-predmestia-londyna\/\",\"url\":\"https:\/\/evertonfc.cz\/index.php\/2018\/08\/15\/komentar-moralni-klamari-z-predmestia-londyna\/\",\"name\":\"Koment\u00e1r: \u201eMor\u00e1lni klam\u00e1ri z predmestia Lond\u00fdna\u201c - Official Czech &amp; Slovak Everton Supporters&#039; Club\",\"isPartOf\":{\"@id\":\"https:\/\/evertonfc.cz\/#website\"},\"primaryImageOfPage\":{\"@id\":\"https:\/\/evertonfc.cz\/index.php\/2018\/08\/15\/komentar-moralni-klamari-z-predmestia-londyna\/#primaryimage\"},\"image\":{\"@id\":\"https:\/\/evertonfc.cz\/index.php\/2018\/08\/15\/komentar-moralni-klamari-z-predmestia-londyna\/#primaryimage\"},\"thumbnailUrl\":\"https:\/\/evertonfc.cz\/wp-content\/uploads\/2019\/01\/watford_15_8_2018.jpg\",\"datePublished\":\"2018-08-15T16:25:30+00:00\",\"dateModified\":\"2021-02-14T09:51:54+00:00\",\"breadcrumb\":{\"@id\":\"https:\/\/evertonfc.cz\/index.php\/2018\/08\/15\/komentar-moralni-klamari-z-predmestia-londyna\/#breadcrumb\"},\"inLanguage\":\"cs\",\"potentialAction\":[{\"@type\":\"ReadAction\",\"target\":[\"https:\/\/evertonfc.cz\/index.php\/2018\/08\/15\/komentar-moralni-klamari-z-predmestia-londyna\/\"]}]},{\"@type\":\"ImageObject\",\"inLanguage\":\"cs\",\"@id\":\"https:\/\/evertonfc.cz\/index.php\/2018\/08\/15\/komentar-moralni-klamari-z-predmestia-londyna\/#primaryimage\",\"url\":\"https:\/\/evertonfc.cz\/wp-content\/uploads\/2019\/01\/watford_15_8_2018.jpg\",\"contentUrl\":\"https:\/\/evertonfc.cz\/wp-content\/uploads\/2019\/01\/watford_15_8_2018.jpg\",\"width\":720,\"height\":405},{\"@type\":\"BreadcrumbList\",\"@id\":\"https:\/\/evertonfc.cz\/index.php\/2018\/08\/15\/komentar-moralni-klamari-z-predmestia-londyna\/#breadcrumb\",\"itemListElement\":[{\"@type\":\"ListItem\",\"position\":1,\"name\":\"Home\",\"item\":\"https:\/\/evertonfc.cz\/\"},{\"@type\":\"ListItem\",\"position\":2,\"name\":\"Koment\u00e1r: \u201eMor\u00e1lni klam\u00e1ri z predmestia Lond\u00fdna\u201c\"}]},{\"@type\":\"WebSite\",\"@id\":\"https:\/\/evertonfc.cz\/#website\",\"url\":\"https:\/\/evertonfc.cz\/\",\"name\":\"Official Czech &amp; Slovak Everton Supporters&#039; Club\",\"description\":\"\",\"publisher\":{\"@id\":\"https:\/\/evertonfc.cz\/#organization\"},\"potentialAction\":[{\"@type\":\"SearchAction\",\"target\":{\"@type\":\"EntryPoint\",\"urlTemplate\":\"https:\/\/evertonfc.cz\/?s={search_term_string}\"},\"query-input\":{\"@type\":\"PropertyValueSpecification\",\"valueRequired\":true,\"valueName\":\"search_term_string\"}}],\"inLanguage\":\"cs\"},{\"@type\":\"Organization\",\"@id\":\"https:\/\/evertonfc.cz\/#organization\",\"name\":\"Official Czech & Slovak Everton Supporters' Club\",\"url\":\"https:\/\/evertonfc.cz\/\",\"logo\":{\"@type\":\"ImageObject\",\"inLanguage\":\"cs\",\"@id\":\"https:\/\/evertonfc.cz\/#\/schema\/logo\/image\/\",\"url\":\"https:\/\/evertonfc.cz\/wp-content\/uploads\/2019\/05\/logo.png\",\"contentUrl\":\"https:\/\/evertonfc.cz\/wp-content\/uploads\/2019\/05\/logo.png\",\"width\":112,\"height\":112,\"caption\":\"Official Czech & Slovak Everton Supporters' Club\"},\"image\":{\"@id\":\"https:\/\/evertonfc.cz\/#\/schema\/logo\/image\/\"},\"sameAs\":[\"https:\/\/www.facebook.com\/everton.fans.cz.sk\"]},{\"@type\":\"Person\",\"@id\":\"https:\/\/evertonfc.cz\/#\/schema\/person\/d4493b8cbea51532597fbc4685698916\",\"name\":\"BlueBlooded\",\"url\":\"https:\/\/evertonfc.cz\/index.php\/author\/admin\/\"}]}<\/script>\n<!-- \/ Yoast SEO plugin. -->","yoast_head_json":{"title":"Koment\u00e1r: \u201eMor\u00e1lni klam\u00e1ri z predmestia Lond\u00fdna\u201c - Official Czech &amp; Slovak Everton Supporters&#039; Club","robots":{"index":"index","follow":"follow","max-snippet":"max-snippet:-1","max-image-preview":"max-image-preview:large","max-video-preview":"max-video-preview:-1"},"canonical":"https:\/\/evertonfc.cz\/index.php\/2018\/08\/15\/komentar-moralni-klamari-z-predmestia-londyna\/","og_locale":"cs_CZ","og_type":"article","og_title":"Koment\u00e1r: \u201eMor\u00e1lni klam\u00e1ri z predmestia Lond\u00fdna\u201c - Official Czech &amp; Slovak Everton Supporters&#039; Club","og_description":"Ani nie dva dni po obrovskom transfere medzi dvomi \u00fa\u010dastn\u00edkmi Premier League, vedenie The Hornets st\u00e1le p\u00fa\u0161\u0165alo Evertonu rovnak\u00fa pesni\u010dku. A poviem v\u00e1m, Elton John to nebol.","og_url":"https:\/\/evertonfc.cz\/index.php\/2018\/08\/15\/komentar-moralni-klamari-z-predmestia-londyna\/","og_site_name":"Official Czech &amp; Slovak Everton Supporters&#039; Club","article_publisher":"https:\/\/www.facebook.com\/everton.fans.cz.sk","article_published_time":"2018-08-15T16:25:30+00:00","article_modified_time":"2021-02-14T09:51:54+00:00","og_image":[{"width":720,"height":405,"url":"https:\/\/evertonfc.cz\/wp-content\/uploads\/2019\/01\/watford_15_8_2018.jpg","type":"image\/jpeg"}],"author":"BlueBlooded","twitter_card":"summary_large_image","twitter_misc":{"Napsal(a)":"BlueBlooded","Odhadovan\u00e1 doba \u010dten\u00ed":"11 minut"},"schema":{"@context":"https:\/\/schema.org","@graph":[{"@type":"Article","@id":"https:\/\/evertonfc.cz\/index.php\/2018\/08\/15\/komentar-moralni-klamari-z-predmestia-londyna\/#article","isPartOf":{"@id":"https:\/\/evertonfc.cz\/index.php\/2018\/08\/15\/komentar-moralni-klamari-z-predmestia-londyna\/"},"author":{"name":"BlueBlooded","@id":"https:\/\/evertonfc.cz\/#\/schema\/person\/d4493b8cbea51532597fbc4685698916"},"headline":"Koment\u00e1r: \u201eMor\u00e1lni klam\u00e1ri z predmestia Lond\u00fdna\u201c","datePublished":"2018-08-15T16:25:30+00:00","dateModified":"2021-02-14T09:51:54+00:00","mainEntityOfPage":{"@id":"https:\/\/evertonfc.cz\/index.php\/2018\/08\/15\/komentar-moralni-klamari-z-predmestia-londyna\/"},"wordCount":2807,"commentCount":0,"publisher":{"@id":"https:\/\/evertonfc.cz\/#organization"},"image":{"@id":"https:\/\/evertonfc.cz\/index.php\/2018\/08\/15\/komentar-moralni-klamari-z-predmestia-londyna\/#primaryimage"},"thumbnailUrl":"https:\/\/evertonfc.cz\/wp-content\/uploads\/2019\/01\/watford_15_8_2018.jpg","articleSection":["Blog"],"inLanguage":"cs","potentialAction":[{"@type":"CommentAction","name":"Comment","target":["https:\/\/evertonfc.cz\/index.php\/2018\/08\/15\/komentar-moralni-klamari-z-predmestia-londyna\/#respond"]}]},{"@type":"WebPage","@id":"https:\/\/evertonfc.cz\/index.php\/2018\/08\/15\/komentar-moralni-klamari-z-predmestia-londyna\/","url":"https:\/\/evertonfc.cz\/index.php\/2018\/08\/15\/komentar-moralni-klamari-z-predmestia-londyna\/","name":"Koment\u00e1r: \u201eMor\u00e1lni klam\u00e1ri z predmestia Lond\u00fdna\u201c - Official Czech &amp; Slovak Everton Supporters&#039; Club","isPartOf":{"@id":"https:\/\/evertonfc.cz\/#website"},"primaryImageOfPage":{"@id":"https:\/\/evertonfc.cz\/index.php\/2018\/08\/15\/komentar-moralni-klamari-z-predmestia-londyna\/#primaryimage"},"image":{"@id":"https:\/\/evertonfc.cz\/index.php\/2018\/08\/15\/komentar-moralni-klamari-z-predmestia-londyna\/#primaryimage"},"thumbnailUrl":"https:\/\/evertonfc.cz\/wp-content\/uploads\/2019\/01\/watford_15_8_2018.jpg","datePublished":"2018-08-15T16:25:30+00:00","dateModified":"2021-02-14T09:51:54+00:00","breadcrumb":{"@id":"https:\/\/evertonfc.cz\/index.php\/2018\/08\/15\/komentar-moralni-klamari-z-predmestia-londyna\/#breadcrumb"},"inLanguage":"cs","potentialAction":[{"@type":"ReadAction","target":["https:\/\/evertonfc.cz\/index.php\/2018\/08\/15\/komentar-moralni-klamari-z-predmestia-londyna\/"]}]},{"@type":"ImageObject","inLanguage":"cs","@id":"https:\/\/evertonfc.cz\/index.php\/2018\/08\/15\/komentar-moralni-klamari-z-predmestia-londyna\/#primaryimage","url":"https:\/\/evertonfc.cz\/wp-content\/uploads\/2019\/01\/watford_15_8_2018.jpg","contentUrl":"https:\/\/evertonfc.cz\/wp-content\/uploads\/2019\/01\/watford_15_8_2018.jpg","width":720,"height":405},{"@type":"BreadcrumbList","@id":"https:\/\/evertonfc.cz\/index.php\/2018\/08\/15\/komentar-moralni-klamari-z-predmestia-londyna\/#breadcrumb","itemListElement":[{"@type":"ListItem","position":1,"name":"Home","item":"https:\/\/evertonfc.cz\/"},{"@type":"ListItem","position":2,"name":"Koment\u00e1r: \u201eMor\u00e1lni klam\u00e1ri z predmestia Lond\u00fdna\u201c"}]},{"@type":"WebSite","@id":"https:\/\/evertonfc.cz\/#website","url":"https:\/\/evertonfc.cz\/","name":"Official Czech &amp; Slovak Everton Supporters&#039; Club","description":"","publisher":{"@id":"https:\/\/evertonfc.cz\/#organization"},"potentialAction":[{"@type":"SearchAction","target":{"@type":"EntryPoint","urlTemplate":"https:\/\/evertonfc.cz\/?s={search_term_string}"},"query-input":{"@type":"PropertyValueSpecification","valueRequired":true,"valueName":"search_term_string"}}],"inLanguage":"cs"},{"@type":"Organization","@id":"https:\/\/evertonfc.cz\/#organization","name":"Official Czech & Slovak Everton Supporters' Club","url":"https:\/\/evertonfc.cz\/","logo":{"@type":"ImageObject","inLanguage":"cs","@id":"https:\/\/evertonfc.cz\/#\/schema\/logo\/image\/","url":"https:\/\/evertonfc.cz\/wp-content\/uploads\/2019\/05\/logo.png","contentUrl":"https:\/\/evertonfc.cz\/wp-content\/uploads\/2019\/05\/logo.png","width":112,"height":112,"caption":"Official Czech & Slovak Everton Supporters' Club"},"image":{"@id":"https:\/\/evertonfc.cz\/#\/schema\/logo\/image\/"},"sameAs":["https:\/\/www.facebook.com\/everton.fans.cz.sk"]},{"@type":"Person","@id":"https:\/\/evertonfc.cz\/#\/schema\/person\/d4493b8cbea51532597fbc4685698916","name":"BlueBlooded","url":"https:\/\/evertonfc.cz\/index.php\/author\/admin\/"}]}},"_links":{"self":[{"href":"https:\/\/evertonfc.cz\/index.php\/wp-json\/wp\/v2\/posts\/1935"}],"collection":[{"href":"https:\/\/evertonfc.cz\/index.php\/wp-json\/wp\/v2\/posts"}],"about":[{"href":"https:\/\/evertonfc.cz\/index.php\/wp-json\/wp\/v2\/types\/post"}],"author":[{"embeddable":true,"href":"https:\/\/evertonfc.cz\/index.php\/wp-json\/wp\/v2\/users\/1"}],"replies":[{"embeddable":true,"href":"https:\/\/evertonfc.cz\/index.php\/wp-json\/wp\/v2\/comments?post=1935"}],"version-history":[{"count":9,"href":"https:\/\/evertonfc.cz\/index.php\/wp-json\/wp\/v2\/posts\/1935\/revisions"}],"predecessor-version":[{"id":14128,"href":"https:\/\/evertonfc.cz\/index.php\/wp-json\/wp\/v2\/posts\/1935\/revisions\/14128"}],"wp:featuredmedia":[{"embeddable":true,"href":"https:\/\/evertonfc.cz\/index.php\/wp-json\/wp\/v2\/media\/1926"}],"wp:attachment":[{"href":"https:\/\/evertonfc.cz\/index.php\/wp-json\/wp\/v2\/media?parent=1935"}],"wp:term":[{"taxonomy":"category","embeddable":true,"href":"https:\/\/evertonfc.cz\/index.php\/wp-json\/wp\/v2\/categories?post=1935"},{"taxonomy":"post_tag","embeddable":true,"href":"https:\/\/evertonfc.cz\/index.php\/wp-json\/wp\/v2\/tags?post=1935"}],"curies":[{"name":"wp","href":"https:\/\/api.w.org\/{rel}","templated":true}]}}