{"id":19355,"date":"2022-08-06T13:14:14","date_gmt":"2022-08-06T11:14:14","guid":{"rendered":"https:\/\/evertonfc.cz\/?p=19355"},"modified":"2022-08-06T17:19:30","modified_gmt":"2022-08-06T15:19:30","slug":"preview-everton-chelsea-13","status":"publish","type":"post","link":"https:\/\/evertonfc.cz\/index.php\/2022\/08\/06\/preview-everton-chelsea-13\/","title":{"rendered":"Preview: Everton \u2013 Chelsea"},"content":{"rendered":"<h4>Osudov\u00fd duel, ktor\u00fd pre p\u00e1r mesiacmi na\u0161tartoval urputn\u00fd, no \u00faspe\u0161n\u00fd boj o\u00a0z\u00e1chranu. \u010ci je to n\u00e1hoda, \u017ee n\u00e1s \u017ereb op\u00e4\u0165 sp\u00e1ja? Karamelov\u00e1 premi\u00e9ra 2022\/23 napovie ve\u013ea.<\/h4>\n<p>Za\u010d\u00edname teda z\u00a0ostra, len \u010di sme nabr\u00fasen\u00ed. Kto sa teraz zobudil, prebral z\u00a0k\u00f3my, za\u010dal sledova\u0165 Everton, alebo kone\u010dne objavil aj n\u00e1\u0161 web, ideme rekapitulova\u0165 leto. V\u00a0\u0148om sme nespali na vavr\u00ednoch, hoci prv\u00e9 t\u00fd\u017edne tomu v\u00fdrazne napovedali. Jedna z\u00a0najlep\u0161\u00ed spr\u00e1v je, \u017ee klub sa kone\u010dne dok\u00e1zal zbavi\u0165 nepotrebn\u00fdch, nevyu\u017e\u00edvan\u00fdch a\u00a0inak indisponovan\u00fdch hr\u00e1\u010dov, ako boli Delph, Tosun a\u00a0Sigurdsson.<\/p>\n<p>Bohu\u017eia\u013e, jedna z\u00a0najhor\u0161\u00edch spr\u00e1v predstavuje odchod pravdepodobne najlep\u0161ieho hr\u00e1\u010da EFC v\u00a0poli, Richarlisona. Najv\u00e4\u010d\u0161ia g\u00f3lov\u00e1 hrozba nielen minulej sez\u00f3ny odi\u0161la k\u00a0ligov\u00fdm konkurentom v\u00a0Lond\u00fdne. Biely dres Tottenhamu bude oblieka\u0165 za zhruba 60 mili\u00f3nov libier, ktor\u00e9 n\u00e1m pred koncom j\u00fana v\u00fdrazne u\u013eah\u010dili finan\u010dn\u00fa situ\u00e1ciu, a\u00a0odvr\u00e1tili tak pozorn\u00fd zrak finan\u010dn\u00fdch pravidiel aspo\u0148 nachv\u00ed\u013eu inam.<\/p>\n<h4><strong>Silnej\u0161ie EFC?<\/strong><\/h4>\n<p>Braz\u00edlsky talizman nenahrad\u00edme. To sa jednoducho ned\u00e1 a\u00a0mus\u00edme sa s\u00a0t\u00fdm zmieri\u0165. \u010co v\u0161ak vieme, je suplova\u0165 jeho pr\u00ednos na viacer\u00fdch frontoch. Ve\u013ea o\u010dak\u00e1vame od Dele Alliho, ktor\u00fd sa po plnej letnej pr\u00edprave jav\u00ed v\u00a0lep\u0161om ment\u00e1lnom stave a\u00a0fyzickej kond\u00edcii. Pre mnoh\u00fdch ne\u010dakan\u00fd podpis McNeila z\u00a0Burnley prin\u00e1\u0161a mo\u017eno zatia\u013e najviac k\u00a0n\u00e1hrade Richarlisona. Okrem vzruchu v\u00a0\u00fato\u010dnej tretine aj poctiv\u00e9 br\u00e1nenie.<\/p>\n<p>Pri tejto \u010dinnosti n\u00e1m zadarmo pribudol ve\u013ek\u00fd l\u00edder, op\u00e4\u0165 z\u00a0Turf Moor, stop\u00e9r menom Tarkowski. Ak by sme jeho podpis najviac podcenili, nemali by sme sa \u010dudova\u0165. Mykolenkovi bude kry\u0165 chrb\u00e1t R\u00faben Vinagre, portugalsk\u00e9 hos\u0165ovanie z ostrovn\u00fdmi sk\u00fasenos\u0165ami. EFC m\u00e1 v\u0161ak rozroben\u00e9 \u010fal\u0161ie obchody. Lampard vraj st\u00e1le cieli na stredn\u00e9ho obrancu, a\u00a0uk\u00e1zal na Connora Coadyho z\u00a0Wolves.<\/p>\n<p>U\u017e nieko\u013eko dn\u00ed je na 99% ist\u00fd n\u00e1vrat Gueyeho z PSG, a 98% by som prip\u00edsal zrejme hus\u00e1rskemu k\u00fasku tohto leta &#8211; pr\u00edchodu Amadoua Onany. Z franc\u00fazskeho Lille finalizujeme toti\u017e trval\u00fd prestup tohto 20-ro\u010dn\u00e9ho mega talentu za cca \u00a330 mili\u00f3nov, a hr\u00e1\u010d mo\u017eno bude u\u017e sledova\u0165 nov\u00fdch spoluhr\u00e1\u010dov na trib\u00fane po dne\u0161nej zdravotnej prehliadke. Ako by to v z\u00e1lohe nesta\u010dilo, st\u00e1le kulo\u00e1re pova\u017euj\u00fa p\u00f4\u017ei\u010dku Billyho Gilmoura z Chelsea za hotov\u00fa vec. Naopak, n\u00e1vrat Barkleyho sa vyl\u00fa\u010dil. Zatia\u013e&#8230;<\/p>\n<h4><strong>Op\u00e4tovn\u00e9 oslabenia<\/strong><\/h4>\n<p>Kapit\u00e1n proti Chelsea bude Pickford. Coleman toti\u017e st\u00e1le h\u013ead\u00e1 kond\u00edciu po oper\u00e1cii, a\u00a0v\u010dera z\u00a0tohto d\u00f4vodu nast\u00fapil za U21. Fit by v\u0161ak mal by\u0165 u\u017e Mina, hoci toho ve\u013ea\u00a0 v\u00a0pr\u00edprave neodohral. V\u00a0strede po\u013ea bude ch\u00fdba\u0165 Allan, z\u00a0lavi\u010dky mo\u017eno zasiahne. Podobne ako Coleman, absolvoval oper\u00e1ciu a\u00a0bojuje s\u00a0\u010dasom.<\/p>\n<p>Do duelu nezasiahne Davies ani Gomes, obidvaja s\u00fa zranen\u00ed, a\u00a0zrejme ani Gbamin, ktor\u00e9ho ignoruj\u00fa u\u017e aj m\u00e9di\u00e1. A na koniec si nech\u00e1vame \u010dere\u0161ni\u010dku. Zdrav\u00fd Calvert-Lewin, jedna z\u00a0n\u00e1dej\u00ed na \u00faspe\u0161n\u00fa sez\u00f3nu Karameliek, sa op\u00e4\u0165 zranil. Tentoraz na tr\u00e9ningu a\u00a0odniesli si to vonkaj\u0161ie postrann\u00e9 v\u00e4zy v\u00a0kolene. Vy\u017eiadaj\u00fa si \u00fadajne aspo\u0148 6 t\u00fd\u017ed\u0148ov mimo s\u00fa\u0165a\u017en\u00e9ho diania. Optimisti, hl\u00e1ste sa, lebo Rond\u00f3n je vykartovan\u00fd!<\/p>\n<h4 style=\"text-align: center;\"><strong>\u00a0Frank Lampard o mo\u017enostiach v \u00fatoku:<\/strong><\/h4>\n<blockquote><p><em>\u201eDele si pod\u013ea m\u0148a spravil meno ako druh\u00fd \u00fato\u010dn\u00edk s\u00a0Harrym Kanom v\u00a0Tottenhame. Za\u017eili spolu skvel\u00e9 roky. Postupom \u010dasu sa mo\u017eno posunul dozadu, vo v\u0161eobecnosti sa stal sk\u00f4r hr\u00e1\u010dom \u010d\u00edslo osem alebo \u0161trukt\u00farovanej\u0161\u00edm hr\u00e1\u010dom v strede po\u013ea. Ur\u010dite je v hre ako rie\u0161enie.\u201c<\/em><\/p><\/blockquote>\n<h4><strong>\u010co je s Chelsea?<\/strong><\/h4>\n<p>Po turbulentnom obdob\u00ed odchodu Romana Abramovi\u010da a\u00a0zaisteniu pre\u017eitia rovnako bohatej Chelsea s\u00a0Toddom Boehlym je v\u0161etko sp\u00e4\u0165 v\u00a0star\u00fdch, stomili\u00f3nov\u00fdch ko\u013eajach. Ale peniaze zatia\u013e nerobia v\u0161etku robotu, a\u00a0Tuchelovi to v\u00a0pr\u00edprave \u0161kr\u00edpe. Spom\u00edna sa \u00fanavn\u00e1 t\u00far v\u00a0USA, kde boli fan\u00fa\u0161ikovia Lond\u00fdn\u010danov svedkami nedostato\u010dn\u00fdch v\u00fdkonov, ktor\u00e9 so s\u00fa\u0165a\u017eivos\u0165ou v\u00a0Premier League nemaj\u00fa ni\u010d spolo\u010dn\u00e9.<\/p>\n<p>Nemeck\u00fd kou\u010d sa s\u0165a\u017euje aj na prestupov\u00e9 ciele, ktor\u00e9 sa rozhodli pre in\u00e9 destin\u00e1cie. A vo v\u00e4\u010d\u0161ine pr\u00edpadov bola l\u00e1kavej\u0161\u00edm p\u00f4sobiskom Barcelona. Raphinha, Kound\u00e9&#8230; e\u0161te aj ten Richarlison nevy\u0161iel, a drah\u00fd Cucurella svojou kvalitou cel\u00fd biznis nezachr\u00e1ni. So Sterlingom a Koulibalym sa v\u0161ak poh\u00e1rovej Eur\u00f3py b\u00e1\u0165 nemusia. Okrem toho sa vr\u00e1til Chilwell a \u0161ancu dostane aj \u017eiadan\u00fd Gallagher, \u010di aj nami obdivovan\u00fd Broja.<\/p>\n<p>Celkovo v\u0161ak ich prestupov\u00e1 strat\u00e9gia za\u010d\u00edna p\u00f4sobi\u0165 chaoticky. Rudiger a Christiansen trestuhodne odi\u0161li zadarmo, Lukaku sa tr\u00e1pne vr\u00e1til aspo\u0148 do\u010dasne tam, odkia\u013e pri\u0161iel, a ru\u017eovo to nevyzer\u00e1 ani s Wernerom, Ziyechom a Alonsom. Barkleymu je tie\u017e clivo za EFC, snaha na soci\u00e1lnych sie\u0165ach a jeho agentov je v\u0161ak m\u00e1rna.<\/p>\n<p>V t\u00e1bore s\u00fapera naozaj panuj\u00fa obavy, \u010di s\u00fa\u010dasn\u00fd k\u00e1der dok\u00e1\u017ee zreplikova\u0165 vla\u0148aj\u0161ie tretie miesto, nehovoriac nebodaj o zlep\u0161en\u00ed. V\u00fdkony v pr\u00edprave v\u0161ak v\u017edy m\u00f4\u017eu evokova\u0165 falo\u0161n\u00fd dojem. Preto netreba sa do toho vrha\u0165 po hlave, ale poctivo, so v\u0161etkou bojovnos\u0165ou, ktor\u00e1 n\u00e1s zdobila v poslednom stretnut\u00ed s t\u00fdmto oponentom. 0:0?<\/p>\n<h4><strong>Nov\u00e9 pravidl\u00e1<\/strong><\/h4>\n<p>Mana\u017e\u00e9ri bud\u00fa m\u00f4c\u0165 v priebehu z\u00e1pasu op\u00e4\u0165 p\u00e4\u0165kr\u00e1t strieda\u0165, ale zmeny v zostave musia urobi\u0165 maxim\u00e1lne v troch \u201eokn\u00e1ch\u201c po\u010das z\u00e1pasu. Toto pravidlo bolo zaveden\u00e9 pre sez\u00f3nu 2020\/21 ako sp\u00f4sob, ako zmierni\u0165 vplyv pre\u0165a\u017eenia hr\u00e1\u010dov sp\u00f4soben\u00fdch pand\u00e9miou, ale bolo zru\u0161en\u00e9 pre kampa\u0148 2021\/22. To bolo v rozpore s v\u00e4\u010d\u0161inou ostatn\u00fdch ve\u013ek\u00fdch eur\u00f3pskych l\u00edg, ktor\u00e9 sa rozhodli ponecha\u0165 pravidlo piatich n\u00e1hradn\u00edkov, \u010do hnevalo mana\u017e\u00e9rov ako Guardiola a Klopp, ktor\u00ed t\u00fato zmenu verejne spochyb\u0148ovali.<\/p>\n<p>Premier League taktie\u017e zav\u00e1dza nov\u00fd syst\u00e9m \u201emulti-ball\u201c navrhnut\u00fd tak, aby skr\u00e1til plytvanie \u010dasom a zr\u00fdchlil hru v z\u00e1pasoch. V minulej sez\u00f3ne bola lopta v hre v\u00a0priemere len 55,07 min\u00faty. Odteraz bude jedna lopta v hre, jedna so \u0161tvrt\u00fdm rozhodcom a osem bude umiestnen\u00fdch na r\u00f4znych miestach okolo ihriska na ku\u017ee\u013eoch. Dve bud\u00fa za ka\u017edou br\u00e1nkou a dve pozd\u013a\u017e ka\u017edej postrannej \u010diary. Tie za br\u00e1nkou musia by\u0165 umiestnen\u00e9 tak, aby nezasahovali do syst\u00e9mu rozhodovania o g\u00f3loch Hawk-Eye.<\/p>\n<p>Ned\u00e1vna zmena pravidiel stanovila, \u017ee brank\u00e1ri musia ma\u0165 aspo\u0148 jednu nohu na br\u00e1nkovej \u010diare, ke\u010f \u010delia penalte. Teraz v\u0161ak Rada Medzin\u00e1rodnej futbalovej asoci\u00e1cie (IFAB) upravila pravidlo, ktor\u00e9 vyvolalo ve\u013ea diskusi\u00ed medzi brank\u00e1rskou komunitou. Teraz bud\u00fa m\u00f4c\u0165 ma\u0165 jednu nohu za br\u00e1nkovou \u010diarou v bode dotyku pokutov\u00e9ho kopu, \u010do znamen\u00e1, \u017ee m\u00f4\u017eu za\u010da\u0165 z hlb\u0161ej poz\u00edcie, aby z\u00edskali odraz, ktor\u00fd im pom\u00f4\u017ee pri z\u00e1kroku.<\/p>\n<h4 style=\"text-align: center;\"><strong>Zauj\u00edmavosti:<\/strong><\/h4>\n<ul>\n<li>Everton vyhral ka\u017ed\u00fd zo svojich posledn\u00fdch \u0161tyroch dom\u00e1cich z\u00e1pasov Premier League proti Chelsea \u2013 na\u0161a najlep\u0161ia s\u00e9ria v tomto ligovom z\u00e1pase od siedmich v\u00ed\u0165azstiev v rade v rokoch 1923 a\u017e 1935.<\/li>\n<li>O tieto v\u00ed\u0165azstv\u00e1 sa postarali \u0161tyria r\u00f4zni mana\u017e\u00e9ri: Marco Silva, Duncan Ferguson (do\u010dasn\u00fd), Carlo Ancelotti a Frank Lampard.<\/li>\n<li>\u0160tyri po sebe id\u00face prehry Chelsea na p\u00f4de Evertonu s\u00fa jej najdlh\u0161ou akt\u00edvnou s\u00e9riou prehier v z\u00e1pase so s\u00fa\u010dasn\u00fdm t\u00edmom PL. Z posledn\u00fdch 14 ligov\u00fdch n\u00e1v\u0161tev v Goodison Parku (D2, L9) vyhrali iba 3.<\/li>\n<li>Everton neprehral vo svojom \u00favodnom z\u00e1pase Premier League za posledn\u00fdch 10 sez\u00f3n (W4, D6), \u010do je najdlh\u0161ia s\u00e9ria v najvy\u0161\u0161ej s\u00fa\u0165a\u017ei.<\/li>\n<\/ul>\n<h3 style=\"text-align: center;\"><em><span style=\"color: #3366ff;\"><strong>Up The Toffees !!!<\/strong><\/span><\/em><\/h3>\n<p><strong>\u010co:<\/strong> Everton FC \u2013 Chelsea FC, 1. kolo Premier League<br \/>\n<strong>Kedy:<\/strong> 6.8. 2022 od 18:30 SE\u010c<br \/>\n<strong>Ako:<\/strong> priamy prenos na CANAL+ Sport \/ <a href=\"https:\/\/livestreams.totalsportek.com\/game\/everton-vs-chelsea\/19993\/\" target=\"_blank\" rel=\"noopener\">streamy<\/a><br \/>\n<strong>Kde:<\/strong> Goodison Park \u2013 Goodison Rd, Liverpool L4 4EL (kapacita: 39 572)<br \/>\n<strong>Rozhodca:<\/strong> Craig Pawson\u00a0 <strong>Asistenti:<\/strong> M. Perry, S. Ledger \u00a0<strong>\u0160tvrt\u00fd rozhodca:<\/strong> G. Scott<br \/>\n<strong>VAR: <\/strong>John Brooks\u00a0 <strong>Asistent VAR: <\/strong>Darren Cann<\/p>\n","protected":false},"excerpt":{"rendered":"<p>Osudov\u00fd duel, ktor\u00fd pre p\u00e1r mesiacmi na\u0161tartoval urputn\u00fd, no \u00faspe\u0161n\u00fd boj o\u00a0z\u00e1chranu. \u010ci je to n\u00e1hoda, \u017ee n\u00e1s \u017ereb op\u00e4\u0165 sp\u00e1ja? Karamelov\u00e1 premi\u00e9ra 2022\/23 napovie ve\u013ea.<\/p>\n","protected":false},"author":1,"featured_media":13143,"comment_status":"open","ping_status":"closed","sticky":false,"template":"","format":"standard","meta":{"_eb_attr":"","_monsterinsights_skip_tracking":false,"_monsterinsights_sitenote_active":false,"_monsterinsights_sitenote_note":"","_monsterinsights_sitenote_category":0,"footnotes":""},"categories":[4],"tags":[],"yoast_head":"<!-- This site is optimized with the Yoast SEO plugin v23.4 - https:\/\/yoast.com\/wordpress\/plugins\/seo\/ -->\n<title>Preview: Everton \u2013 Chelsea - Official Czech &amp; Slovak Everton Supporters&#039; Club<\/title>\n<meta name=\"robots\" content=\"index, follow, max-snippet:-1, max-image-preview:large, max-video-preview:-1\" \/>\n<link rel=\"canonical\" href=\"https:\/\/evertonfc.cz\/index.php\/2022\/08\/06\/preview-everton-chelsea-13\/\" \/>\n<meta property=\"og:locale\" content=\"cs_CZ\" \/>\n<meta property=\"og:type\" content=\"article\" \/>\n<meta property=\"og:title\" content=\"Preview: Everton \u2013 Chelsea - Official Czech &amp; Slovak Everton Supporters&#039; Club\" \/>\n<meta property=\"og:description\" content=\"Osudov\u00fd duel, ktor\u00fd pre p\u00e1r mesiacmi na\u0161tartoval urputn\u00fd, no \u00faspe\u0161n\u00fd boj o\u00a0z\u00e1chranu. \u010ci je to n\u00e1hoda, \u017ee n\u00e1s \u017ereb op\u00e4\u0165 sp\u00e1ja? Karamelov\u00e1 premi\u00e9ra 2022\/23 napovie ve\u013ea.\" \/>\n<meta property=\"og:url\" content=\"https:\/\/evertonfc.cz\/index.php\/2022\/08\/06\/preview-everton-chelsea-13\/\" \/>\n<meta property=\"og:site_name\" content=\"Official Czech &amp; Slovak Everton Supporters&#039; Club\" \/>\n<meta property=\"article:publisher\" content=\"https:\/\/www.facebook.com\/everton.fans.cz.sk\" \/>\n<meta property=\"article:published_time\" content=\"2022-08-06T11:14:14+00:00\" \/>\n<meta property=\"article:modified_time\" content=\"2022-08-06T15:19:30+00:00\" \/>\n<meta property=\"og:image\" content=\"https:\/\/evertonfc.cz\/wp-content\/uploads\/2020\/12\/Everton-VS-Chelsea.jpg\" \/>\n\t<meta property=\"og:image:width\" content=\"720\" \/>\n\t<meta property=\"og:image:height\" content=\"405\" \/>\n\t<meta property=\"og:image:type\" content=\"image\/jpeg\" \/>\n<meta name=\"author\" content=\"BlueBlooded\" \/>\n<meta name=\"twitter:card\" content=\"summary_large_image\" \/>\n<meta name=\"twitter:label1\" content=\"Napsal(a)\" \/>\n\t<meta name=\"twitter:data1\" content=\"BlueBlooded\" \/>\n\t<meta name=\"twitter:label2\" content=\"Odhadovan\u00e1 doba \u010dten\u00ed\" \/>\n\t<meta name=\"twitter:data2\" content=\"7 minut\" \/>\n<script type=\"application\/ld+json\" class=\"yoast-schema-graph\">{\"@context\":\"https:\/\/schema.org\",\"@graph\":[{\"@type\":\"Article\",\"@id\":\"https:\/\/evertonfc.cz\/index.php\/2022\/08\/06\/preview-everton-chelsea-13\/#article\",\"isPartOf\":{\"@id\":\"https:\/\/evertonfc.cz\/index.php\/2022\/08\/06\/preview-everton-chelsea-13\/\"},\"author\":{\"name\":\"BlueBlooded\",\"@id\":\"https:\/\/evertonfc.cz\/#\/schema\/person\/d4493b8cbea51532597fbc4685698916\"},\"headline\":\"Preview: Everton \u2013 Chelsea\",\"datePublished\":\"2022-08-06T11:14:14+00:00\",\"dateModified\":\"2022-08-06T15:19:30+00:00\",\"mainEntityOfPage\":{\"@id\":\"https:\/\/evertonfc.cz\/index.php\/2022\/08\/06\/preview-everton-chelsea-13\/\"},\"wordCount\":1420,\"commentCount\":16,\"publisher\":{\"@id\":\"https:\/\/evertonfc.cz\/#organization\"},\"image\":{\"@id\":\"https:\/\/evertonfc.cz\/index.php\/2022\/08\/06\/preview-everton-chelsea-13\/#primaryimage\"},\"thumbnailUrl\":\"https:\/\/evertonfc.cz\/wp-content\/uploads\/2020\/12\/Everton-VS-Chelsea.jpg\",\"articleSection\":[\"Z\u00e1pasy\"],\"inLanguage\":\"cs\",\"potentialAction\":[{\"@type\":\"CommentAction\",\"name\":\"Comment\",\"target\":[\"https:\/\/evertonfc.cz\/index.php\/2022\/08\/06\/preview-everton-chelsea-13\/#respond\"]}]},{\"@type\":\"WebPage\",\"@id\":\"https:\/\/evertonfc.cz\/index.php\/2022\/08\/06\/preview-everton-chelsea-13\/\",\"url\":\"https:\/\/evertonfc.cz\/index.php\/2022\/08\/06\/preview-everton-chelsea-13\/\",\"name\":\"Preview: Everton \u2013 Chelsea - Official Czech &amp; Slovak Everton Supporters&#039; Club\",\"isPartOf\":{\"@id\":\"https:\/\/evertonfc.cz\/#website\"},\"primaryImageOfPage\":{\"@id\":\"https:\/\/evertonfc.cz\/index.php\/2022\/08\/06\/preview-everton-chelsea-13\/#primaryimage\"},\"image\":{\"@id\":\"https:\/\/evertonfc.cz\/index.php\/2022\/08\/06\/preview-everton-chelsea-13\/#primaryimage\"},\"thumbnailUrl\":\"https:\/\/evertonfc.cz\/wp-content\/uploads\/2020\/12\/Everton-VS-Chelsea.jpg\",\"datePublished\":\"2022-08-06T11:14:14+00:00\",\"dateModified\":\"2022-08-06T15:19:30+00:00\",\"breadcrumb\":{\"@id\":\"https:\/\/evertonfc.cz\/index.php\/2022\/08\/06\/preview-everton-chelsea-13\/#breadcrumb\"},\"inLanguage\":\"cs\",\"potentialAction\":[{\"@type\":\"ReadAction\",\"target\":[\"https:\/\/evertonfc.cz\/index.php\/2022\/08\/06\/preview-everton-chelsea-13\/\"]}]},{\"@type\":\"ImageObject\",\"inLanguage\":\"cs\",\"@id\":\"https:\/\/evertonfc.cz\/index.php\/2022\/08\/06\/preview-everton-chelsea-13\/#primaryimage\",\"url\":\"https:\/\/evertonfc.cz\/wp-content\/uploads\/2020\/12\/Everton-VS-Chelsea.jpg\",\"contentUrl\":\"https:\/\/evertonfc.cz\/wp-content\/uploads\/2020\/12\/Everton-VS-Chelsea.jpg\",\"width\":720,\"height\":405},{\"@type\":\"BreadcrumbList\",\"@id\":\"https:\/\/evertonfc.cz\/index.php\/2022\/08\/06\/preview-everton-chelsea-13\/#breadcrumb\",\"itemListElement\":[{\"@type\":\"ListItem\",\"position\":1,\"name\":\"Home\",\"item\":\"https:\/\/evertonfc.cz\/\"},{\"@type\":\"ListItem\",\"position\":2,\"name\":\"Preview: Everton \u2013 Chelsea\"}]},{\"@type\":\"WebSite\",\"@id\":\"https:\/\/evertonfc.cz\/#website\",\"url\":\"https:\/\/evertonfc.cz\/\",\"name\":\"Official Czech &amp; Slovak Everton Supporters&#039; Club\",\"description\":\"\",\"publisher\":{\"@id\":\"https:\/\/evertonfc.cz\/#organization\"},\"potentialAction\":[{\"@type\":\"SearchAction\",\"target\":{\"@type\":\"EntryPoint\",\"urlTemplate\":\"https:\/\/evertonfc.cz\/?s={search_term_string}\"},\"query-input\":{\"@type\":\"PropertyValueSpecification\",\"valueRequired\":true,\"valueName\":\"search_term_string\"}}],\"inLanguage\":\"cs\"},{\"@type\":\"Organization\",\"@id\":\"https:\/\/evertonfc.cz\/#organization\",\"name\":\"Official Czech & Slovak Everton Supporters' Club\",\"url\":\"https:\/\/evertonfc.cz\/\",\"logo\":{\"@type\":\"ImageObject\",\"inLanguage\":\"cs\",\"@id\":\"https:\/\/evertonfc.cz\/#\/schema\/logo\/image\/\",\"url\":\"https:\/\/evertonfc.cz\/wp-content\/uploads\/2019\/05\/logo.png\",\"contentUrl\":\"https:\/\/evertonfc.cz\/wp-content\/uploads\/2019\/05\/logo.png\",\"width\":112,\"height\":112,\"caption\":\"Official Czech & Slovak Everton Supporters' Club\"},\"image\":{\"@id\":\"https:\/\/evertonfc.cz\/#\/schema\/logo\/image\/\"},\"sameAs\":[\"https:\/\/www.facebook.com\/everton.fans.cz.sk\"]},{\"@type\":\"Person\",\"@id\":\"https:\/\/evertonfc.cz\/#\/schema\/person\/d4493b8cbea51532597fbc4685698916\",\"name\":\"BlueBlooded\",\"url\":\"https:\/\/evertonfc.cz\/index.php\/author\/admin\/\"}]}<\/script>\n<!-- \/ Yoast SEO plugin. -->","yoast_head_json":{"title":"Preview: Everton \u2013 Chelsea - Official Czech &amp; Slovak Everton Supporters&#039; Club","robots":{"index":"index","follow":"follow","max-snippet":"max-snippet:-1","max-image-preview":"max-image-preview:large","max-video-preview":"max-video-preview:-1"},"canonical":"https:\/\/evertonfc.cz\/index.php\/2022\/08\/06\/preview-everton-chelsea-13\/","og_locale":"cs_CZ","og_type":"article","og_title":"Preview: Everton \u2013 Chelsea - Official Czech &amp; Slovak Everton Supporters&#039; Club","og_description":"Osudov\u00fd duel, ktor\u00fd pre p\u00e1r mesiacmi na\u0161tartoval urputn\u00fd, no \u00faspe\u0161n\u00fd boj o\u00a0z\u00e1chranu. \u010ci je to n\u00e1hoda, \u017ee n\u00e1s \u017ereb op\u00e4\u0165 sp\u00e1ja? Karamelov\u00e1 premi\u00e9ra 2022\/23 napovie ve\u013ea.","og_url":"https:\/\/evertonfc.cz\/index.php\/2022\/08\/06\/preview-everton-chelsea-13\/","og_site_name":"Official Czech &amp; Slovak Everton Supporters&#039; Club","article_publisher":"https:\/\/www.facebook.com\/everton.fans.cz.sk","article_published_time":"2022-08-06T11:14:14+00:00","article_modified_time":"2022-08-06T15:19:30+00:00","og_image":[{"width":720,"height":405,"url":"https:\/\/evertonfc.cz\/wp-content\/uploads\/2020\/12\/Everton-VS-Chelsea.jpg","type":"image\/jpeg"}],"author":"BlueBlooded","twitter_card":"summary_large_image","twitter_misc":{"Napsal(a)":"BlueBlooded","Odhadovan\u00e1 doba \u010dten\u00ed":"7 minut"},"schema":{"@context":"https:\/\/schema.org","@graph":[{"@type":"Article","@id":"https:\/\/evertonfc.cz\/index.php\/2022\/08\/06\/preview-everton-chelsea-13\/#article","isPartOf":{"@id":"https:\/\/evertonfc.cz\/index.php\/2022\/08\/06\/preview-everton-chelsea-13\/"},"author":{"name":"BlueBlooded","@id":"https:\/\/evertonfc.cz\/#\/schema\/person\/d4493b8cbea51532597fbc4685698916"},"headline":"Preview: Everton \u2013 Chelsea","datePublished":"2022-08-06T11:14:14+00:00","dateModified":"2022-08-06T15:19:30+00:00","mainEntityOfPage":{"@id":"https:\/\/evertonfc.cz\/index.php\/2022\/08\/06\/preview-everton-chelsea-13\/"},"wordCount":1420,"commentCount":16,"publisher":{"@id":"https:\/\/evertonfc.cz\/#organization"},"image":{"@id":"https:\/\/evertonfc.cz\/index.php\/2022\/08\/06\/preview-everton-chelsea-13\/#primaryimage"},"thumbnailUrl":"https:\/\/evertonfc.cz\/wp-content\/uploads\/2020\/12\/Everton-VS-Chelsea.jpg","articleSection":["Z\u00e1pasy"],"inLanguage":"cs","potentialAction":[{"@type":"CommentAction","name":"Comment","target":["https:\/\/evertonfc.cz\/index.php\/2022\/08\/06\/preview-everton-chelsea-13\/#respond"]}]},{"@type":"WebPage","@id":"https:\/\/evertonfc.cz\/index.php\/2022\/08\/06\/preview-everton-chelsea-13\/","url":"https:\/\/evertonfc.cz\/index.php\/2022\/08\/06\/preview-everton-chelsea-13\/","name":"Preview: Everton \u2013 Chelsea - Official Czech &amp; Slovak Everton Supporters&#039; Club","isPartOf":{"@id":"https:\/\/evertonfc.cz\/#website"},"primaryImageOfPage":{"@id":"https:\/\/evertonfc.cz\/index.php\/2022\/08\/06\/preview-everton-chelsea-13\/#primaryimage"},"image":{"@id":"https:\/\/evertonfc.cz\/index.php\/2022\/08\/06\/preview-everton-chelsea-13\/#primaryimage"},"thumbnailUrl":"https:\/\/evertonfc.cz\/wp-content\/uploads\/2020\/12\/Everton-VS-Chelsea.jpg","datePublished":"2022-08-06T11:14:14+00:00","dateModified":"2022-08-06T15:19:30+00:00","breadcrumb":{"@id":"https:\/\/evertonfc.cz\/index.php\/2022\/08\/06\/preview-everton-chelsea-13\/#breadcrumb"},"inLanguage":"cs","potentialAction":[{"@type":"ReadAction","target":["https:\/\/evertonfc.cz\/index.php\/2022\/08\/06\/preview-everton-chelsea-13\/"]}]},{"@type":"ImageObject","inLanguage":"cs","@id":"https:\/\/evertonfc.cz\/index.php\/2022\/08\/06\/preview-everton-chelsea-13\/#primaryimage","url":"https:\/\/evertonfc.cz\/wp-content\/uploads\/2020\/12\/Everton-VS-Chelsea.jpg","contentUrl":"https:\/\/evertonfc.cz\/wp-content\/uploads\/2020\/12\/Everton-VS-Chelsea.jpg","width":720,"height":405},{"@type":"BreadcrumbList","@id":"https:\/\/evertonfc.cz\/index.php\/2022\/08\/06\/preview-everton-chelsea-13\/#breadcrumb","itemListElement":[{"@type":"ListItem","position":1,"name":"Home","item":"https:\/\/evertonfc.cz\/"},{"@type":"ListItem","position":2,"name":"Preview: Everton \u2013 Chelsea"}]},{"@type":"WebSite","@id":"https:\/\/evertonfc.cz\/#website","url":"https:\/\/evertonfc.cz\/","name":"Official Czech &amp; Slovak Everton Supporters&#039; Club","description":"","publisher":{"@id":"https:\/\/evertonfc.cz\/#organization"},"potentialAction":[{"@type":"SearchAction","target":{"@type":"EntryPoint","urlTemplate":"https:\/\/evertonfc.cz\/?s={search_term_string}"},"query-input":{"@type":"PropertyValueSpecification","valueRequired":true,"valueName":"search_term_string"}}],"inLanguage":"cs"},{"@type":"Organization","@id":"https:\/\/evertonfc.cz\/#organization","name":"Official Czech & Slovak Everton Supporters' Club","url":"https:\/\/evertonfc.cz\/","logo":{"@type":"ImageObject","inLanguage":"cs","@id":"https:\/\/evertonfc.cz\/#\/schema\/logo\/image\/","url":"https:\/\/evertonfc.cz\/wp-content\/uploads\/2019\/05\/logo.png","contentUrl":"https:\/\/evertonfc.cz\/wp-content\/uploads\/2019\/05\/logo.png","width":112,"height":112,"caption":"Official Czech & Slovak Everton Supporters' Club"},"image":{"@id":"https:\/\/evertonfc.cz\/#\/schema\/logo\/image\/"},"sameAs":["https:\/\/www.facebook.com\/everton.fans.cz.sk"]},{"@type":"Person","@id":"https:\/\/evertonfc.cz\/#\/schema\/person\/d4493b8cbea51532597fbc4685698916","name":"BlueBlooded","url":"https:\/\/evertonfc.cz\/index.php\/author\/admin\/"}]}},"_links":{"self":[{"href":"https:\/\/evertonfc.cz\/index.php\/wp-json\/wp\/v2\/posts\/19355"}],"collection":[{"href":"https:\/\/evertonfc.cz\/index.php\/wp-json\/wp\/v2\/posts"}],"about":[{"href":"https:\/\/evertonfc.cz\/index.php\/wp-json\/wp\/v2\/types\/post"}],"author":[{"embeddable":true,"href":"https:\/\/evertonfc.cz\/index.php\/wp-json\/wp\/v2\/users\/1"}],"replies":[{"embeddable":true,"href":"https:\/\/evertonfc.cz\/index.php\/wp-json\/wp\/v2\/comments?post=19355"}],"version-history":[{"count":8,"href":"https:\/\/evertonfc.cz\/index.php\/wp-json\/wp\/v2\/posts\/19355\/revisions"}],"predecessor-version":[{"id":19375,"href":"https:\/\/evertonfc.cz\/index.php\/wp-json\/wp\/v2\/posts\/19355\/revisions\/19375"}],"wp:featuredmedia":[{"embeddable":true,"href":"https:\/\/evertonfc.cz\/index.php\/wp-json\/wp\/v2\/media\/13143"}],"wp:attachment":[{"href":"https:\/\/evertonfc.cz\/index.php\/wp-json\/wp\/v2\/media?parent=19355"}],"wp:term":[{"taxonomy":"category","embeddable":true,"href":"https:\/\/evertonfc.cz\/index.php\/wp-json\/wp\/v2\/categories?post=19355"},{"taxonomy":"post_tag","embeddable":true,"href":"https:\/\/evertonfc.cz\/index.php\/wp-json\/wp\/v2\/tags?post=19355"}],"curies":[{"name":"wp","href":"https:\/\/api.w.org\/{rel}","templated":true}]}}