{"id":19364,"date":"2022-08-09T14:22:55","date_gmt":"2022-08-09T12:22:55","guid":{"rendered":"https:\/\/evertonfc.cz\/?p=19364"},"modified":"2022-08-12T19:45:41","modified_gmt":"2022-08-12T17:45:41","slug":"everton-ziskal-talentovaneho-onanu","status":"publish","type":"post","link":"https:\/\/evertonfc.cz\/index.php\/2022\/08\/09\/everton-ziskal-talentovaneho-onanu\/","title":{"rendered":"Everton z\u00edskal talentovan\u00e9ho Onanu"},"content":{"rendered":"<h4>Toffees stup\u0148uj\u00ed aktivitu na p\u0159estupov\u00e9m poli a dnes zkompletovali patrn\u011b sv\u016fj nejdra\u017e\u0161\u00ed p\u0159\u00edchod prob\u00edhaj\u00edc\u00edho l\u00e9ta. P\u011btiletou smlouvu podepsal na Goodison Parku velmi talentovan\u00fd Amadou Onana.<\/h4>\n<p>I kdy\u017e u\u017e tradi\u010dn\u011b ani jeden z klub\u016f ofici\u00e1ln\u011b nezve\u0159ejnil p\u0159estupovou \u010d\u00e1stku, v relevantn\u00edch m\u00e9di\u00edch se nej\u010dast\u011bji uv\u00e1d\u00ed suma 25 milion\u016f liber, kter\u00e1 po spln\u011bn\u00ed v\u00fdkonnostn\u00edch bonus\u016f m\u016f\u017ee vysko\u010dit a\u017e na 33 milion\u016f. Po\u0159\u00e1dn\u00fd bal\u00edk pen\u011bz za hr\u00e1\u010de, o jeho\u017e existenci v\u011bt\u0161ina z n\u00e1s doposud nem\u011bla ani sebemen\u0161\u00ed tu\u0161en\u00ed.<\/p>\n<p>Na\u0161t\u011bst\u00ed sportovn\u00ed \u0159editel Kevin Thelwell protentokr\u00e1t odlo\u017eil obl\u00edbenou slo\u017eku s hr\u00e1\u010di Burnley a Wolves a se sv\u00fdm t\u00fdmem skaut\u016f si splnil dom\u00e1c\u00ed \u00fakol. Sta\u010dilo potom nezanedbateln\u00e9 p\u0159isp\u011bn\u00ed mana\u017eera Franka Lamparda a Evertonu se, vypad\u00e1 to, povedl husarsk\u00fd kousek.<\/p>\n<p>20let\u00e9mu prim\u00e1rn\u011b defenzivn\u00edmu z\u00e1lo\u017en\u00edkovi, jen\u017e ale ve st\u0159edu pole um\u00ed zahr\u00e1t i v\u00fd\u0161e, toti\u017e sta\u010dila pouh\u00e1 sez\u00f3na v nejvy\u0161\u0161\u00ed francouzsk\u00e9 sout\u011b\u017ei, b\u011bhem n\u00ed\u017e jeden\u00e1ctkr\u00e1t nastoupil v z\u00e1kladn\u00ed sestav\u011b a osmn\u00e1ctkr\u00e1t p\u0159i\u0161el na h\u0159i\u0161t\u011b z lavi\u010dky, aby se kv\u016fli sv\u00fdm v\u00fdkon\u016fm vy\u0161vihl mezi nejv\u011bt\u0161\u00ed talenty sv\u011btov\u00e9ho fotbalu.<\/p>\n<p>\u010cek\u00e1te n\u011bjak\u00e9 \u201eale\u201c? \u017d\u00e1dn\u00e9 nen\u00ed, dokonce v\u011bzte, \u017ee mlad\u00edk up\u0159ednostnil tr\u00e1p\u00edc\u00ed se Everton p\u0159ed West Hamem, kter\u00fd v posledn\u00edch letech pravideln\u011b hraje evropsk\u00e9 poh\u00e1ry. Proboha pro\u010d? Prsty v tom pr\u00fd m\u00e1 Frank Lampard.<\/p>\n<p>Mana\u017eer Evertonu se netajil p\u0159\u00e1n\u00edm pos\u00edlit st\u0159ed pole, nakonec tak \u010din\u00ed vskutku rezolutn\u011b. Zku\u0161enosti a okam\u017eit\u00e1 kvalita by m\u011bly ji\u017e brzy dorazit z Pa\u0159\u00ed\u017ee se star\u00fdm zn\u00e1m\u00fdm Idrissou Gueyem, po jeho\u017e boku bude \u0159emeslo defenzivn\u00edho z\u00e1lo\u017en\u00edka zdokonalovat nad\u011bjn\u00fd Amadou Zeund Georges Ba Mvom Onana.<\/p>\n<p>195 centimetr\u016f vysok\u00e9ho fotbalistu na tr\u00e1vn\u00edku sotva p\u0159ehl\u00e9dnete, vyt\u00e1hl\u00fd mlad\u00edk toho ale um\u00ed daleko v\u00edce. S\u00edla v osobn\u00edch souboj\u00edch asi nep\u0159ekvap\u00ed, \u0161ikovnost na m\u00ed\u010di a vysok\u00e1 pohyblivost ale zcela jist\u011b ano. Toffees se tak v\u00fdhledov\u011b mohou t\u011b\u0161it na energickou a nepropustnou dvojici v srdci z\u00e1lohy. Mus\u00ed v\u0161ak Onanovi poskytnout dostatek \u010dasu a prostoru na aklimatizaci. Ve 20 letech nikdo nen\u00ed bezchybn\u00fd a nov\u00e1 evertonsk\u00e1 osmi\u010dka bude muset zapracovat p\u0159edev\u0161\u00edm na taktick\u00e9 str\u00e1nce sv\u00e9 hry.<\/p>\n<p><em>\u201eNechci na n\u011bj kl\u00e1st velk\u00e1 o\u010dek\u00e1v\u00e1n\u00ed, ale jsem s jeho p\u0159\u00edchodem velmi spokojen\u00fd, sledovali jsme ho dlouhou dobu. Jedn\u00e1 se o v\u0161estrann\u00e9ho z\u00e1lo\u017en\u00edka, kter\u00fd bude m\u00edt velk\u00fd vliv na cel\u00fd t\u00fdm,\u201c<\/em> prozradil s \u00fasm\u011bvem na tv\u00e1\u0159i mana\u017eer Lampard po sobotn\u00edm utk\u00e1n\u00ed proti Chelsea, kter\u00e9 Onana sledoval z hledi\u0161t\u011b Goodison Parku.<\/p>\n<p>Onana se narodil v Dakaru, z hlavn\u00edho senegalsk\u00e9ho m\u011bsta ale s rodinou brzy emigroval do Belgie, kde si pro\u0161el ml\u00e1de\u017eemi n\u011bkolika klub\u016f (Anderlecht, RWS Bruxelles, Zulte Waregem), ne\u017e v roce 2018 zam\u00ed\u0159il do n\u011bmeck\u00e9ho Hoffenheimu. Debutu v profesion\u00e1ln\u00edm fotbale se v\u0161ak do\u010dkal v jin\u00e9m n\u011bmeck\u00e9m celku, a to v (kdysi) slavn\u00e9m hambursk\u00e9m SV. Barvy Die Rothosen roz\u0161\u00ed\u0159il v l\u00e9t\u011b 2020 a brzy nato tak\u00e9 debutoval v 2. Bundeslize. V t\u00e9 vydr\u017eel pouhou sez\u00f3nu, jeliko\u017e loni ho za necel\u00fdch \u0161est mili\u00f3n\u016f liber koupilo zm\u00edn\u011bn\u00e9 Lille. Po \u00fasp\u011b\u0161n\u00e9m roce ve Francii se Onana nejprve do\u010dkal debutu v reprezentaci Belgie a posl\u00e9ze tak\u00e9 sv\u00e9ho velk\u00e9ho p\u0159estupu.<\/p>\n","protected":false},"excerpt":{"rendered":"<p>Toffees stup\u0148uj\u00ed aktivitu na p\u0159estupov\u00e9m poli a dnes zkompletovali patrn\u011b sv\u016fj nejdra\u017e\u0161\u00ed p\u0159\u00edchod prob\u00edhaj\u00edc\u00edho l\u00e9ta. P\u011btiletou smlouvu podepsal na Goodison Parku velmi talentovan\u00fd Amadou Onana.<\/p>\n","protected":false},"author":6,"featured_media":19425,"comment_status":"open","ping_status":"closed","sticky":false,"template":"","format":"standard","meta":{"_eb_attr":"","_monsterinsights_skip_tracking":false,"_monsterinsights_sitenote_active":false,"_monsterinsights_sitenote_note":"","_monsterinsights_sitenote_category":0,"footnotes":""},"categories":[41],"tags":[],"yoast_head":"<!-- This site is optimized with the Yoast SEO plugin v23.4 - https:\/\/yoast.com\/wordpress\/plugins\/seo\/ -->\n<title>Everton z\u00edskal talentovan\u00e9ho Onanu - Official Czech &amp; Slovak Everton Supporters&#039; Club<\/title>\n<meta name=\"description\" content=\"Toffees stup\u0148uj\u00ed aktivitu na p\u0159estupov\u00e9m poli a dnes zkompletovali patrn\u011b sv\u016fj nejdra\u017e\u0161\u00ed p\u0159\u00edchod prob\u00edhaj\u00edc\u00edho l\u00e9ta. P\u011btiletou smlouvu podepsal na Goodison Parku velmi talentovan\u00fd Amadou Onana.\" \/>\n<meta name=\"robots\" content=\"index, follow, max-snippet:-1, max-image-preview:large, max-video-preview:-1\" \/>\n<link rel=\"canonical\" href=\"https:\/\/evertonfc.cz\/index.php\/2022\/08\/09\/everton-ziskal-talentovaneho-onanu\/\" \/>\n<meta property=\"og:locale\" content=\"cs_CZ\" \/>\n<meta property=\"og:type\" content=\"article\" \/>\n<meta property=\"og:title\" content=\"Everton z\u00edskal talentovan\u00e9ho Onanu - Official Czech &amp; Slovak Everton Supporters&#039; Club\" \/>\n<meta property=\"og:description\" content=\"Toffees stup\u0148uj\u00ed aktivitu na p\u0159estupov\u00e9m poli a dnes zkompletovali patrn\u011b sv\u016fj nejdra\u017e\u0161\u00ed p\u0159\u00edchod prob\u00edhaj\u00edc\u00edho l\u00e9ta. P\u011btiletou smlouvu podepsal na Goodison Parku velmi talentovan\u00fd Amadou Onana.\" \/>\n<meta property=\"og:url\" content=\"https:\/\/evertonfc.cz\/index.php\/2022\/08\/09\/everton-ziskal-talentovaneho-onanu\/\" \/>\n<meta property=\"og:site_name\" content=\"Official Czech &amp; Slovak Everton Supporters&#039; Club\" \/>\n<meta property=\"article:publisher\" content=\"https:\/\/www.facebook.com\/everton.fans.cz.sk\" \/>\n<meta property=\"article:published_time\" content=\"2022-08-09T12:22:55+00:00\" \/>\n<meta property=\"article:modified_time\" content=\"2022-08-12T17:45:41+00:00\" \/>\n<meta property=\"og:image\" content=\"https:\/\/evertonfc.cz\/wp-content\/uploads\/2022\/08\/onana_9_8_2022.jpg\" \/>\n\t<meta property=\"og:image:width\" content=\"720\" \/>\n\t<meta property=\"og:image:height\" content=\"405\" \/>\n\t<meta property=\"og:image:type\" content=\"image\/jpeg\" \/>\n<meta name=\"author\" content=\"Ri\u010di\" \/>\n<meta name=\"twitter:card\" content=\"summary_large_image\" \/>\n<meta name=\"twitter:creator\" content=\"@rbrejsa\" \/>\n<meta name=\"twitter:label1\" content=\"Napsal(a)\" \/>\n\t<meta name=\"twitter:data1\" content=\"Ri\u010di\" \/>\n\t<meta name=\"twitter:label2\" content=\"Odhadovan\u00e1 doba \u010dten\u00ed\" \/>\n\t<meta name=\"twitter:data2\" content=\"3 minuty\" \/>\n<script type=\"application\/ld+json\" class=\"yoast-schema-graph\">{\"@context\":\"https:\/\/schema.org\",\"@graph\":[{\"@type\":\"Article\",\"@id\":\"https:\/\/evertonfc.cz\/index.php\/2022\/08\/09\/everton-ziskal-talentovaneho-onanu\/#article\",\"isPartOf\":{\"@id\":\"https:\/\/evertonfc.cz\/index.php\/2022\/08\/09\/everton-ziskal-talentovaneho-onanu\/\"},\"author\":{\"name\":\"Ri\u010di\",\"@id\":\"https:\/\/evertonfc.cz\/#\/schema\/person\/f7a5daedb2ffee98480bc70e191aaef1\"},\"headline\":\"Everton z\u00edskal talentovan\u00e9ho Onanu\",\"datePublished\":\"2022-08-09T12:22:55+00:00\",\"dateModified\":\"2022-08-12T17:45:41+00:00\",\"mainEntityOfPage\":{\"@id\":\"https:\/\/evertonfc.cz\/index.php\/2022\/08\/09\/everton-ziskal-talentovaneho-onanu\/\"},\"wordCount\":641,\"commentCount\":8,\"publisher\":{\"@id\":\"https:\/\/evertonfc.cz\/#organization\"},\"image\":{\"@id\":\"https:\/\/evertonfc.cz\/index.php\/2022\/08\/09\/everton-ziskal-talentovaneho-onanu\/#primaryimage\"},\"thumbnailUrl\":\"https:\/\/evertonfc.cz\/wp-content\/uploads\/2022\/08\/onana_9_8_2022.jpg\",\"articleSection\":[\"P\u0159estupy\"],\"inLanguage\":\"cs\",\"potentialAction\":[{\"@type\":\"CommentAction\",\"name\":\"Comment\",\"target\":[\"https:\/\/evertonfc.cz\/index.php\/2022\/08\/09\/everton-ziskal-talentovaneho-onanu\/#respond\"]}]},{\"@type\":\"WebPage\",\"@id\":\"https:\/\/evertonfc.cz\/index.php\/2022\/08\/09\/everton-ziskal-talentovaneho-onanu\/\",\"url\":\"https:\/\/evertonfc.cz\/index.php\/2022\/08\/09\/everton-ziskal-talentovaneho-onanu\/\",\"name\":\"Everton z\u00edskal talentovan\u00e9ho Onanu - Official Czech &amp; Slovak Everton Supporters&#039; Club\",\"isPartOf\":{\"@id\":\"https:\/\/evertonfc.cz\/#website\"},\"primaryImageOfPage\":{\"@id\":\"https:\/\/evertonfc.cz\/index.php\/2022\/08\/09\/everton-ziskal-talentovaneho-onanu\/#primaryimage\"},\"image\":{\"@id\":\"https:\/\/evertonfc.cz\/index.php\/2022\/08\/09\/everton-ziskal-talentovaneho-onanu\/#primaryimage\"},\"thumbnailUrl\":\"https:\/\/evertonfc.cz\/wp-content\/uploads\/2022\/08\/onana_9_8_2022.jpg\",\"datePublished\":\"2022-08-09T12:22:55+00:00\",\"dateModified\":\"2022-08-12T17:45:41+00:00\",\"description\":\"Toffees stup\u0148uj\u00ed aktivitu na p\u0159estupov\u00e9m poli a dnes zkompletovali patrn\u011b sv\u016fj nejdra\u017e\u0161\u00ed p\u0159\u00edchod prob\u00edhaj\u00edc\u00edho l\u00e9ta. P\u011btiletou smlouvu podepsal na Goodison Parku velmi talentovan\u00fd Amadou Onana.\",\"breadcrumb\":{\"@id\":\"https:\/\/evertonfc.cz\/index.php\/2022\/08\/09\/everton-ziskal-talentovaneho-onanu\/#breadcrumb\"},\"inLanguage\":\"cs\",\"potentialAction\":[{\"@type\":\"ReadAction\",\"target\":[\"https:\/\/evertonfc.cz\/index.php\/2022\/08\/09\/everton-ziskal-talentovaneho-onanu\/\"]}]},{\"@type\":\"ImageObject\",\"inLanguage\":\"cs\",\"@id\":\"https:\/\/evertonfc.cz\/index.php\/2022\/08\/09\/everton-ziskal-talentovaneho-onanu\/#primaryimage\",\"url\":\"https:\/\/evertonfc.cz\/wp-content\/uploads\/2022\/08\/onana_9_8_2022.jpg\",\"contentUrl\":\"https:\/\/evertonfc.cz\/wp-content\/uploads\/2022\/08\/onana_9_8_2022.jpg\",\"width\":720,\"height\":405},{\"@type\":\"BreadcrumbList\",\"@id\":\"https:\/\/evertonfc.cz\/index.php\/2022\/08\/09\/everton-ziskal-talentovaneho-onanu\/#breadcrumb\",\"itemListElement\":[{\"@type\":\"ListItem\",\"position\":1,\"name\":\"Home\",\"item\":\"https:\/\/evertonfc.cz\/\"},{\"@type\":\"ListItem\",\"position\":2,\"name\":\"Everton z\u00edskal talentovan\u00e9ho Onanu\"}]},{\"@type\":\"WebSite\",\"@id\":\"https:\/\/evertonfc.cz\/#website\",\"url\":\"https:\/\/evertonfc.cz\/\",\"name\":\"Official Czech &amp; Slovak Everton Supporters&#039; Club\",\"description\":\"\",\"publisher\":{\"@id\":\"https:\/\/evertonfc.cz\/#organization\"},\"potentialAction\":[{\"@type\":\"SearchAction\",\"target\":{\"@type\":\"EntryPoint\",\"urlTemplate\":\"https:\/\/evertonfc.cz\/?s={search_term_string}\"},\"query-input\":{\"@type\":\"PropertyValueSpecification\",\"valueRequired\":true,\"valueName\":\"search_term_string\"}}],\"inLanguage\":\"cs\"},{\"@type\":\"Organization\",\"@id\":\"https:\/\/evertonfc.cz\/#organization\",\"name\":\"Official Czech & Slovak Everton Supporters' Club\",\"url\":\"https:\/\/evertonfc.cz\/\",\"logo\":{\"@type\":\"ImageObject\",\"inLanguage\":\"cs\",\"@id\":\"https:\/\/evertonfc.cz\/#\/schema\/logo\/image\/\",\"url\":\"https:\/\/evertonfc.cz\/wp-content\/uploads\/2019\/05\/logo.png\",\"contentUrl\":\"https:\/\/evertonfc.cz\/wp-content\/uploads\/2019\/05\/logo.png\",\"width\":112,\"height\":112,\"caption\":\"Official Czech & Slovak Everton Supporters' Club\"},\"image\":{\"@id\":\"https:\/\/evertonfc.cz\/#\/schema\/logo\/image\/\"},\"sameAs\":[\"https:\/\/www.facebook.com\/everton.fans.cz.sk\"]},{\"@type\":\"Person\",\"@id\":\"https:\/\/evertonfc.cz\/#\/schema\/person\/f7a5daedb2ffee98480bc70e191aaef1\",\"name\":\"Ri\u010di\",\"sameAs\":[\"https:\/\/x.com\/rbrejsa\"],\"url\":\"https:\/\/evertonfc.cz\/index.php\/author\/rici\/\"}]}<\/script>\n<!-- \/ Yoast SEO plugin. -->","yoast_head_json":{"title":"Everton z\u00edskal talentovan\u00e9ho Onanu - Official Czech &amp; Slovak Everton Supporters&#039; Club","description":"Toffees stup\u0148uj\u00ed aktivitu na p\u0159estupov\u00e9m poli a dnes zkompletovali patrn\u011b sv\u016fj nejdra\u017e\u0161\u00ed p\u0159\u00edchod prob\u00edhaj\u00edc\u00edho l\u00e9ta. P\u011btiletou smlouvu podepsal na Goodison Parku velmi talentovan\u00fd Amadou Onana.","robots":{"index":"index","follow":"follow","max-snippet":"max-snippet:-1","max-image-preview":"max-image-preview:large","max-video-preview":"max-video-preview:-1"},"canonical":"https:\/\/evertonfc.cz\/index.php\/2022\/08\/09\/everton-ziskal-talentovaneho-onanu\/","og_locale":"cs_CZ","og_type":"article","og_title":"Everton z\u00edskal talentovan\u00e9ho Onanu - Official Czech &amp; Slovak Everton Supporters&#039; Club","og_description":"Toffees stup\u0148uj\u00ed aktivitu na p\u0159estupov\u00e9m poli a dnes zkompletovali patrn\u011b sv\u016fj nejdra\u017e\u0161\u00ed p\u0159\u00edchod prob\u00edhaj\u00edc\u00edho l\u00e9ta. P\u011btiletou smlouvu podepsal na Goodison Parku velmi talentovan\u00fd Amadou Onana.","og_url":"https:\/\/evertonfc.cz\/index.php\/2022\/08\/09\/everton-ziskal-talentovaneho-onanu\/","og_site_name":"Official Czech &amp; Slovak Everton Supporters&#039; Club","article_publisher":"https:\/\/www.facebook.com\/everton.fans.cz.sk","article_published_time":"2022-08-09T12:22:55+00:00","article_modified_time":"2022-08-12T17:45:41+00:00","og_image":[{"width":720,"height":405,"url":"https:\/\/evertonfc.cz\/wp-content\/uploads\/2022\/08\/onana_9_8_2022.jpg","type":"image\/jpeg"}],"author":"Ri\u010di","twitter_card":"summary_large_image","twitter_creator":"@rbrejsa","twitter_misc":{"Napsal(a)":"Ri\u010di","Odhadovan\u00e1 doba \u010dten\u00ed":"3 minuty"},"schema":{"@context":"https:\/\/schema.org","@graph":[{"@type":"Article","@id":"https:\/\/evertonfc.cz\/index.php\/2022\/08\/09\/everton-ziskal-talentovaneho-onanu\/#article","isPartOf":{"@id":"https:\/\/evertonfc.cz\/index.php\/2022\/08\/09\/everton-ziskal-talentovaneho-onanu\/"},"author":{"name":"Ri\u010di","@id":"https:\/\/evertonfc.cz\/#\/schema\/person\/f7a5daedb2ffee98480bc70e191aaef1"},"headline":"Everton z\u00edskal talentovan\u00e9ho Onanu","datePublished":"2022-08-09T12:22:55+00:00","dateModified":"2022-08-12T17:45:41+00:00","mainEntityOfPage":{"@id":"https:\/\/evertonfc.cz\/index.php\/2022\/08\/09\/everton-ziskal-talentovaneho-onanu\/"},"wordCount":641,"commentCount":8,"publisher":{"@id":"https:\/\/evertonfc.cz\/#organization"},"image":{"@id":"https:\/\/evertonfc.cz\/index.php\/2022\/08\/09\/everton-ziskal-talentovaneho-onanu\/#primaryimage"},"thumbnailUrl":"https:\/\/evertonfc.cz\/wp-content\/uploads\/2022\/08\/onana_9_8_2022.jpg","articleSection":["P\u0159estupy"],"inLanguage":"cs","potentialAction":[{"@type":"CommentAction","name":"Comment","target":["https:\/\/evertonfc.cz\/index.php\/2022\/08\/09\/everton-ziskal-talentovaneho-onanu\/#respond"]}]},{"@type":"WebPage","@id":"https:\/\/evertonfc.cz\/index.php\/2022\/08\/09\/everton-ziskal-talentovaneho-onanu\/","url":"https:\/\/evertonfc.cz\/index.php\/2022\/08\/09\/everton-ziskal-talentovaneho-onanu\/","name":"Everton z\u00edskal talentovan\u00e9ho Onanu - Official Czech &amp; Slovak Everton Supporters&#039; Club","isPartOf":{"@id":"https:\/\/evertonfc.cz\/#website"},"primaryImageOfPage":{"@id":"https:\/\/evertonfc.cz\/index.php\/2022\/08\/09\/everton-ziskal-talentovaneho-onanu\/#primaryimage"},"image":{"@id":"https:\/\/evertonfc.cz\/index.php\/2022\/08\/09\/everton-ziskal-talentovaneho-onanu\/#primaryimage"},"thumbnailUrl":"https:\/\/evertonfc.cz\/wp-content\/uploads\/2022\/08\/onana_9_8_2022.jpg","datePublished":"2022-08-09T12:22:55+00:00","dateModified":"2022-08-12T17:45:41+00:00","description":"Toffees stup\u0148uj\u00ed aktivitu na p\u0159estupov\u00e9m poli a dnes zkompletovali patrn\u011b sv\u016fj nejdra\u017e\u0161\u00ed p\u0159\u00edchod prob\u00edhaj\u00edc\u00edho l\u00e9ta. P\u011btiletou smlouvu podepsal na Goodison Parku velmi talentovan\u00fd Amadou Onana.","breadcrumb":{"@id":"https:\/\/evertonfc.cz\/index.php\/2022\/08\/09\/everton-ziskal-talentovaneho-onanu\/#breadcrumb"},"inLanguage":"cs","potentialAction":[{"@type":"ReadAction","target":["https:\/\/evertonfc.cz\/index.php\/2022\/08\/09\/everton-ziskal-talentovaneho-onanu\/"]}]},{"@type":"ImageObject","inLanguage":"cs","@id":"https:\/\/evertonfc.cz\/index.php\/2022\/08\/09\/everton-ziskal-talentovaneho-onanu\/#primaryimage","url":"https:\/\/evertonfc.cz\/wp-content\/uploads\/2022\/08\/onana_9_8_2022.jpg","contentUrl":"https:\/\/evertonfc.cz\/wp-content\/uploads\/2022\/08\/onana_9_8_2022.jpg","width":720,"height":405},{"@type":"BreadcrumbList","@id":"https:\/\/evertonfc.cz\/index.php\/2022\/08\/09\/everton-ziskal-talentovaneho-onanu\/#breadcrumb","itemListElement":[{"@type":"ListItem","position":1,"name":"Home","item":"https:\/\/evertonfc.cz\/"},{"@type":"ListItem","position":2,"name":"Everton z\u00edskal talentovan\u00e9ho Onanu"}]},{"@type":"WebSite","@id":"https:\/\/evertonfc.cz\/#website","url":"https:\/\/evertonfc.cz\/","name":"Official Czech &amp; Slovak Everton Supporters&#039; Club","description":"","publisher":{"@id":"https:\/\/evertonfc.cz\/#organization"},"potentialAction":[{"@type":"SearchAction","target":{"@type":"EntryPoint","urlTemplate":"https:\/\/evertonfc.cz\/?s={search_term_string}"},"query-input":{"@type":"PropertyValueSpecification","valueRequired":true,"valueName":"search_term_string"}}],"inLanguage":"cs"},{"@type":"Organization","@id":"https:\/\/evertonfc.cz\/#organization","name":"Official Czech & Slovak Everton Supporters' Club","url":"https:\/\/evertonfc.cz\/","logo":{"@type":"ImageObject","inLanguage":"cs","@id":"https:\/\/evertonfc.cz\/#\/schema\/logo\/image\/","url":"https:\/\/evertonfc.cz\/wp-content\/uploads\/2019\/05\/logo.png","contentUrl":"https:\/\/evertonfc.cz\/wp-content\/uploads\/2019\/05\/logo.png","width":112,"height":112,"caption":"Official Czech & Slovak Everton Supporters' Club"},"image":{"@id":"https:\/\/evertonfc.cz\/#\/schema\/logo\/image\/"},"sameAs":["https:\/\/www.facebook.com\/everton.fans.cz.sk"]},{"@type":"Person","@id":"https:\/\/evertonfc.cz\/#\/schema\/person\/f7a5daedb2ffee98480bc70e191aaef1","name":"Ri\u010di","sameAs":["https:\/\/x.com\/rbrejsa"],"url":"https:\/\/evertonfc.cz\/index.php\/author\/rici\/"}]}},"_links":{"self":[{"href":"https:\/\/evertonfc.cz\/index.php\/wp-json\/wp\/v2\/posts\/19364"}],"collection":[{"href":"https:\/\/evertonfc.cz\/index.php\/wp-json\/wp\/v2\/posts"}],"about":[{"href":"https:\/\/evertonfc.cz\/index.php\/wp-json\/wp\/v2\/types\/post"}],"author":[{"embeddable":true,"href":"https:\/\/evertonfc.cz\/index.php\/wp-json\/wp\/v2\/users\/6"}],"replies":[{"embeddable":true,"href":"https:\/\/evertonfc.cz\/index.php\/wp-json\/wp\/v2\/comments?post=19364"}],"version-history":[{"count":19,"href":"https:\/\/evertonfc.cz\/index.php\/wp-json\/wp\/v2\/posts\/19364\/revisions"}],"predecessor-version":[{"id":19435,"href":"https:\/\/evertonfc.cz\/index.php\/wp-json\/wp\/v2\/posts\/19364\/revisions\/19435"}],"wp:featuredmedia":[{"embeddable":true,"href":"https:\/\/evertonfc.cz\/index.php\/wp-json\/wp\/v2\/media\/19425"}],"wp:attachment":[{"href":"https:\/\/evertonfc.cz\/index.php\/wp-json\/wp\/v2\/media?parent=19364"}],"wp:term":[{"taxonomy":"category","embeddable":true,"href":"https:\/\/evertonfc.cz\/index.php\/wp-json\/wp\/v2\/categories?post=19364"},{"taxonomy":"post_tag","embeddable":true,"href":"https:\/\/evertonfc.cz\/index.php\/wp-json\/wp\/v2\/tags?post=19364"}],"curies":[{"name":"wp","href":"https:\/\/api.w.org\/{rel}","templated":true}]}}