{"id":1938,"date":"2018-08-15T18:32:42","date_gmt":"2018-08-15T16:32:42","guid":{"rendered":"http:\/\/evertonfc.cz\/?p=1938"},"modified":"2019-01-31T18:36:55","modified_gmt":"2019-01-31T17:36:55","slug":"vlasic-odchazi-hostovat-do-cska","status":"publish","type":"post","link":"https:\/\/evertonfc.cz\/index.php\/2018\/08\/15\/vlasic-odchazi-hostovat-do-cska\/","title":{"rendered":"Vla\u0161i\u0107 odch\u00e1z\u00ed hostovat do CSKA"},"content":{"rendered":"\n<h4 class=\"wp-block-heading\">Dal\u0161\u00edm hr\u00e1\u010dem, kter\u00fd dostate\u010dn\u011b nezaujal mana\u017eera Marca Silvu, a tak dostal povolen\u00ed hledat si nov\u00e9 anga\u017em\u00e1, je Nikola Vla\u0161i\u0107, jen\u017e sez\u00f3nu 2018\/19 str\u00e1v\u00ed v moskevsk\u00e9m CSKA.<\/h4>\n\n\n\n<p>Po p\u0159\u00edchodech ofenzivn\u00edch fotbalist\u016f Richarlisona a Bernarda, ji\u017e maj\u00ed nav\u00edc ambice nastupovat v z\u00e1kladn\u00ed sestav\u011b, pro Vla\u0161i\u0107e nezbylo m\u00edsto v k\u00e1dru.<\/p>\n\n\n\n<p>Podle m\u00e9di\u00ed Silva u\u017e d\u0159\u00edve v tomto m\u011bs\u00edci ozn\u00e1mil \u010dtve\u0159ici Martina, Mirallas, Vla\u0161i\u0107 a Williams, \u017ee nepat\u0159\u00ed do jeho pl\u00e1n\u016f, nebude d\u00e1le tr\u00e9novat s prvn\u00edm t\u00fdmem a m\u016f\u017ee si hledat jin\u00e9 anga\u017em\u00e1.<\/p>\n\n\n\n<p>Mirallas a Williams n\u00e1sledn\u011b zam\u00ed\u0159ili na ro\u010dn\u00ed hostov\u00e1n\u00ed do Fioretiny respektive Stoke City. U obou je nav\u00edc mo\u017en\u00e9, \u017ee se do Evertonu ji\u017e nevr\u00e1t\u00ed, jeliko\u017e dohoda o zap\u016fj\u010den\u00ed prvn\u00edho jmenovan\u00e9ho obsahuje opci na p\u0159estup a druh\u00e9mu jmenovan\u00e9mu p\u0159\u00ed\u0161t\u00ed l\u00e9to vypr\u0161\u00ed v&nbsp;klubu smlouva.<\/p>\n\n\n\n<p>V p\u0159\u00edpad\u011b Vla\u0161i\u0107e CSKA nejprve usilovalo o trval\u00fd p\u0159estup, \u00fadajnou nab\u00eddku ve v\u00fd\u0161i 9 milion\u016f liber ale m\u011bl Everton odm\u00edtnout, proto\u017ee nevylou\u010dil, \u017ee s hr\u00e1\u010dem po\u010d\u00edt\u00e1 do budoucnosti. Rusk\u00fd arm\u00e1dn\u00ed celek, kter\u00fd v lo\u0148sk\u00e9 ligov\u00e9 sezon\u011b skon\u010dil na druh\u00e9m m\u00edst\u011b a letos si zahraje Ligu mistr\u016f, si tak slu\u017eby chorvatsk\u00e9ho talenta zajistil alespo\u0148 na ro\u010dn\u00ed hostov\u00e1n\u00ed. Informaci, zda hostov\u00e1n\u00ed zahrnuje rovn\u011b\u017e opci na p\u0159estup, ani jeden klub nezve\u0159ejnil.<\/p>\n\n\n\n<p>Vla\u0161i\u0107e p\u0159ivedl do Evertonu b\u011bhem Deadline Day lo\u0148sk\u00e9ho l\u00e9ta tehdej\u0161\u00ed mana\u017eer Ronald Koeman, jeho\u017e drz\u00fd mlad\u00edk obl\u00e9kaj\u00edc\u00ed barvy Hajduku Split zaujal b\u011bhem vz\u00e1jemn\u00e9ho dvojutk\u00e1n\u00ed v Evropsk\u00e9 lize. \u010c\u00e1stka transferu se i s\u00a0bonusy vy\u0161plhala na dev\u011bt milion\u016f liber. Ofenzivn\u00ed univerz\u00e1l, jeho\u017e Koeman p\u0159iv\u00edtal slovy\u00a0<em>\u201ejedn\u00e1 se o jeden z\u00a0nejv\u011bt\u0161\u00edch talent\u016f v\u00a0Evrop\u011b\u201c,<\/em>\u00a0nasko\u010dil do sestavy Blues t\u00e9m\u011b\u0159 ihned po p\u0159estupu. \u0160ance dost\u00e1val zejm\u00e9na v Evropsk\u00e9 lize, a nutno uznat, \u017ee v tr\u00e1p\u00edc\u00edm se mu\u017estvu pat\u0159il mezi lep\u0161\u00ed hr\u00e1\u010de. Dokonce si v\u00a0listopadu vyslou\u017eil nominaci do chorvatsk\u00e9 reprezentace pro bar\u00e1\u017e o mistrovstv\u00ed sv\u011bta, v\u00a0r\u00e1mci n\u00ed\u017e si b\u011bhem \u00favodn\u00edho duelu st\u0159ihl sedmiminutovou epizodu, kter\u00e1 byla jeho druh\u00fdm vystoupen\u00edm v\u00a0seniorsk\u00e9m n\u00e1rodn\u00edm celku<\/p>\n\n\n\n<p>Po \u0159\u00edjnov\u00e9m odvol\u00e1n\u00ed Koemana ale jeho pozice v Evertonu v\u00fdrazn\u011b oslabila, nov\u00fd \u0161\u00e9f lavi\u010dky Sam Allardyce s\u00e1zel na zku\u0161en\u011bj\u0161\u00ed hr\u00e1\u010de a Vla\u0161i\u0107 sp\u00ed\u0161e vysed\u00e1val na st\u0159\u00edda\u010dce nebo tribun\u011b. Chyb\u011bj\u00edc\u00ed hern\u00ed praxe a pravd\u011bpodobn\u011b rovn\u011b\u017e znechucenost ze situace se negativn\u011b projevovaly na jeho v\u00fdkonnosti v ob\u010dasn\u00fdch z\u00e1pasov\u00fdch p\u0159\u00edle\u017eitostech.<\/p>\n\n\n\n<p>Debutov\u00fd ro\u010dn\u00edk v Anglii Vla\u0161i\u0107 zakon\u010dil s bilanc\u00ed 19 odehran\u00fdch utk\u00e1n\u00ed, dvou vst\u0159elen\u00fdch branek a jedn\u00e9 asistence. &nbsp;Nelze mu up\u0159\u00edt, \u017ee nejednou nazna\u010dil sv\u016fj talent, nebylo to ov\u0161em dosta\u010duj\u00edc\u00ed, aby p\u0159esv\u011bd\u010dil, \u017ee u\u017e nyn\u00ed m\u016f\u017ee b\u00fdt platn\u00fdm \u010dlenem Evertonu. P\u0159\u00edle\u017eitost zaujmout tak dostane v Moskv\u011b, jeho kari\u00e9ra na Goodison Parku ov\u0161em rozhodn\u011b nen\u00ed uzav\u0159en\u00e1, v\u017edy\u0165 na rozd\u00edl od zm\u00edn\u011bn\u00fdch Mirallase \u010di Williamse p\u0159edstavuje nad\u011bjn\u00e9ho, teprve dvacetilet\u00e9ho, hr\u00e1\u010de.<\/p>\n","protected":false},"excerpt":{"rendered":"<p>Dal\u0161\u00edm hr\u00e1\u010dem, kter\u00fd dostate\u010dn\u011b nezaujal mana\u017eera Marca Silvu, a tak dostal povolen\u00ed hledat si nov\u00e9 anga\u017em\u00e1, je Nikola Vla\u0161i\u0107, jen\u017e&hellip;<\/p>\n","protected":false},"author":6,"featured_media":1925,"comment_status":"open","ping_status":"closed","sticky":false,"template":"","format":"standard","meta":{"_eb_attr":"","_monsterinsights_skip_tracking":false,"_monsterinsights_sitenote_active":false,"_monsterinsights_sitenote_note":"","_monsterinsights_sitenote_category":0,"footnotes":""},"categories":[41],"tags":[],"yoast_head":"<!-- This site is optimized with the Yoast SEO plugin v23.4 - https:\/\/yoast.com\/wordpress\/plugins\/seo\/ -->\n<title>Vla\u0161i\u0107 odch\u00e1z\u00ed hostovat do CSKA - Official Czech &amp; Slovak Everton Supporters&#039; Club<\/title>\n<meta name=\"robots\" content=\"index, follow, max-snippet:-1, max-image-preview:large, max-video-preview:-1\" \/>\n<link rel=\"canonical\" href=\"https:\/\/evertonfc.cz\/index.php\/2018\/08\/15\/vlasic-odchazi-hostovat-do-cska\/\" \/>\n<meta property=\"og:locale\" content=\"cs_CZ\" \/>\n<meta property=\"og:type\" content=\"article\" \/>\n<meta property=\"og:title\" content=\"Vla\u0161i\u0107 odch\u00e1z\u00ed hostovat do CSKA - Official Czech &amp; Slovak Everton Supporters&#039; Club\" \/>\n<meta property=\"og:description\" content=\"Dal\u0161\u00edm hr\u00e1\u010dem, kter\u00fd dostate\u010dn\u011b nezaujal mana\u017eera Marca Silvu, a tak dostal povolen\u00ed hledat si nov\u00e9 anga\u017em\u00e1, je Nikola Vla\u0161i\u0107, jen\u017e&hellip;\" \/>\n<meta property=\"og:url\" content=\"https:\/\/evertonfc.cz\/index.php\/2018\/08\/15\/vlasic-odchazi-hostovat-do-cska\/\" \/>\n<meta property=\"og:site_name\" content=\"Official Czech &amp; Slovak Everton Supporters&#039; Club\" \/>\n<meta property=\"article:publisher\" content=\"https:\/\/www.facebook.com\/everton.fans.cz.sk\" \/>\n<meta property=\"article:published_time\" content=\"2018-08-15T16:32:42+00:00\" \/>\n<meta property=\"article:modified_time\" content=\"2019-01-31T17:36:55+00:00\" \/>\n<meta property=\"og:image\" content=\"https:\/\/evertonfc.cz\/wp-content\/uploads\/2019\/01\/vlasic_15_8_2018.jpg\" \/>\n\t<meta property=\"og:image:width\" content=\"720\" \/>\n\t<meta property=\"og:image:height\" content=\"405\" \/>\n\t<meta property=\"og:image:type\" content=\"image\/jpeg\" \/>\n<meta name=\"author\" content=\"Ri\u010di\" \/>\n<meta name=\"twitter:card\" content=\"summary_large_image\" \/>\n<meta name=\"twitter:creator\" content=\"@rbrejsa\" \/>\n<meta name=\"twitter:label1\" content=\"Napsal(a)\" \/>\n\t<meta name=\"twitter:data1\" content=\"Ri\u010di\" \/>\n\t<meta name=\"twitter:label2\" content=\"Odhadovan\u00e1 doba \u010dten\u00ed\" \/>\n\t<meta name=\"twitter:data2\" content=\"3 minuty\" \/>\n<script type=\"application\/ld+json\" class=\"yoast-schema-graph\">{\"@context\":\"https:\/\/schema.org\",\"@graph\":[{\"@type\":\"Article\",\"@id\":\"https:\/\/evertonfc.cz\/index.php\/2018\/08\/15\/vlasic-odchazi-hostovat-do-cska\/#article\",\"isPartOf\":{\"@id\":\"https:\/\/evertonfc.cz\/index.php\/2018\/08\/15\/vlasic-odchazi-hostovat-do-cska\/\"},\"author\":{\"name\":\"Ri\u010di\",\"@id\":\"https:\/\/evertonfc.cz\/#\/schema\/person\/f7a5daedb2ffee98480bc70e191aaef1\"},\"headline\":\"Vla\u0161i\u0107 odch\u00e1z\u00ed hostovat do CSKA\",\"datePublished\":\"2018-08-15T16:32:42+00:00\",\"dateModified\":\"2019-01-31T17:36:55+00:00\",\"mainEntityOfPage\":{\"@id\":\"https:\/\/evertonfc.cz\/index.php\/2018\/08\/15\/vlasic-odchazi-hostovat-do-cska\/\"},\"wordCount\":595,\"commentCount\":0,\"publisher\":{\"@id\":\"https:\/\/evertonfc.cz\/#organization\"},\"image\":{\"@id\":\"https:\/\/evertonfc.cz\/index.php\/2018\/08\/15\/vlasic-odchazi-hostovat-do-cska\/#primaryimage\"},\"thumbnailUrl\":\"https:\/\/evertonfc.cz\/wp-content\/uploads\/2019\/01\/vlasic_15_8_2018.jpg\",\"articleSection\":[\"P\u0159estupy\"],\"inLanguage\":\"cs\",\"potentialAction\":[{\"@type\":\"CommentAction\",\"name\":\"Comment\",\"target\":[\"https:\/\/evertonfc.cz\/index.php\/2018\/08\/15\/vlasic-odchazi-hostovat-do-cska\/#respond\"]}]},{\"@type\":\"WebPage\",\"@id\":\"https:\/\/evertonfc.cz\/index.php\/2018\/08\/15\/vlasic-odchazi-hostovat-do-cska\/\",\"url\":\"https:\/\/evertonfc.cz\/index.php\/2018\/08\/15\/vlasic-odchazi-hostovat-do-cska\/\",\"name\":\"Vla\u0161i\u0107 odch\u00e1z\u00ed hostovat do CSKA - Official Czech &amp; Slovak Everton Supporters&#039; Club\",\"isPartOf\":{\"@id\":\"https:\/\/evertonfc.cz\/#website\"},\"primaryImageOfPage\":{\"@id\":\"https:\/\/evertonfc.cz\/index.php\/2018\/08\/15\/vlasic-odchazi-hostovat-do-cska\/#primaryimage\"},\"image\":{\"@id\":\"https:\/\/evertonfc.cz\/index.php\/2018\/08\/15\/vlasic-odchazi-hostovat-do-cska\/#primaryimage\"},\"thumbnailUrl\":\"https:\/\/evertonfc.cz\/wp-content\/uploads\/2019\/01\/vlasic_15_8_2018.jpg\",\"datePublished\":\"2018-08-15T16:32:42+00:00\",\"dateModified\":\"2019-01-31T17:36:55+00:00\",\"breadcrumb\":{\"@id\":\"https:\/\/evertonfc.cz\/index.php\/2018\/08\/15\/vlasic-odchazi-hostovat-do-cska\/#breadcrumb\"},\"inLanguage\":\"cs\",\"potentialAction\":[{\"@type\":\"ReadAction\",\"target\":[\"https:\/\/evertonfc.cz\/index.php\/2018\/08\/15\/vlasic-odchazi-hostovat-do-cska\/\"]}]},{\"@type\":\"ImageObject\",\"inLanguage\":\"cs\",\"@id\":\"https:\/\/evertonfc.cz\/index.php\/2018\/08\/15\/vlasic-odchazi-hostovat-do-cska\/#primaryimage\",\"url\":\"https:\/\/evertonfc.cz\/wp-content\/uploads\/2019\/01\/vlasic_15_8_2018.jpg\",\"contentUrl\":\"https:\/\/evertonfc.cz\/wp-content\/uploads\/2019\/01\/vlasic_15_8_2018.jpg\",\"width\":720,\"height\":405},{\"@type\":\"BreadcrumbList\",\"@id\":\"https:\/\/evertonfc.cz\/index.php\/2018\/08\/15\/vlasic-odchazi-hostovat-do-cska\/#breadcrumb\",\"itemListElement\":[{\"@type\":\"ListItem\",\"position\":1,\"name\":\"Home\",\"item\":\"https:\/\/evertonfc.cz\/\"},{\"@type\":\"ListItem\",\"position\":2,\"name\":\"Vla\u0161i\u0107 odch\u00e1z\u00ed hostovat do CSKA\"}]},{\"@type\":\"WebSite\",\"@id\":\"https:\/\/evertonfc.cz\/#website\",\"url\":\"https:\/\/evertonfc.cz\/\",\"name\":\"Official Czech &amp; Slovak Everton Supporters&#039; Club\",\"description\":\"\",\"publisher\":{\"@id\":\"https:\/\/evertonfc.cz\/#organization\"},\"potentialAction\":[{\"@type\":\"SearchAction\",\"target\":{\"@type\":\"EntryPoint\",\"urlTemplate\":\"https:\/\/evertonfc.cz\/?s={search_term_string}\"},\"query-input\":{\"@type\":\"PropertyValueSpecification\",\"valueRequired\":true,\"valueName\":\"search_term_string\"}}],\"inLanguage\":\"cs\"},{\"@type\":\"Organization\",\"@id\":\"https:\/\/evertonfc.cz\/#organization\",\"name\":\"Official Czech & Slovak Everton Supporters' Club\",\"url\":\"https:\/\/evertonfc.cz\/\",\"logo\":{\"@type\":\"ImageObject\",\"inLanguage\":\"cs\",\"@id\":\"https:\/\/evertonfc.cz\/#\/schema\/logo\/image\/\",\"url\":\"https:\/\/evertonfc.cz\/wp-content\/uploads\/2019\/05\/logo.png\",\"contentUrl\":\"https:\/\/evertonfc.cz\/wp-content\/uploads\/2019\/05\/logo.png\",\"width\":112,\"height\":112,\"caption\":\"Official Czech & Slovak Everton Supporters' Club\"},\"image\":{\"@id\":\"https:\/\/evertonfc.cz\/#\/schema\/logo\/image\/\"},\"sameAs\":[\"https:\/\/www.facebook.com\/everton.fans.cz.sk\"]},{\"@type\":\"Person\",\"@id\":\"https:\/\/evertonfc.cz\/#\/schema\/person\/f7a5daedb2ffee98480bc70e191aaef1\",\"name\":\"Ri\u010di\",\"sameAs\":[\"https:\/\/x.com\/rbrejsa\"],\"url\":\"https:\/\/evertonfc.cz\/index.php\/author\/rici\/\"}]}<\/script>\n<!-- \/ Yoast SEO plugin. -->","yoast_head_json":{"title":"Vla\u0161i\u0107 odch\u00e1z\u00ed hostovat do CSKA - Official Czech &amp; Slovak Everton Supporters&#039; Club","robots":{"index":"index","follow":"follow","max-snippet":"max-snippet:-1","max-image-preview":"max-image-preview:large","max-video-preview":"max-video-preview:-1"},"canonical":"https:\/\/evertonfc.cz\/index.php\/2018\/08\/15\/vlasic-odchazi-hostovat-do-cska\/","og_locale":"cs_CZ","og_type":"article","og_title":"Vla\u0161i\u0107 odch\u00e1z\u00ed hostovat do CSKA - Official Czech &amp; Slovak Everton Supporters&#039; Club","og_description":"Dal\u0161\u00edm hr\u00e1\u010dem, kter\u00fd dostate\u010dn\u011b nezaujal mana\u017eera Marca Silvu, a tak dostal povolen\u00ed hledat si nov\u00e9 anga\u017em\u00e1, je Nikola Vla\u0161i\u0107, jen\u017e&hellip;","og_url":"https:\/\/evertonfc.cz\/index.php\/2018\/08\/15\/vlasic-odchazi-hostovat-do-cska\/","og_site_name":"Official Czech &amp; Slovak Everton Supporters&#039; Club","article_publisher":"https:\/\/www.facebook.com\/everton.fans.cz.sk","article_published_time":"2018-08-15T16:32:42+00:00","article_modified_time":"2019-01-31T17:36:55+00:00","og_image":[{"width":720,"height":405,"url":"https:\/\/evertonfc.cz\/wp-content\/uploads\/2019\/01\/vlasic_15_8_2018.jpg","type":"image\/jpeg"}],"author":"Ri\u010di","twitter_card":"summary_large_image","twitter_creator":"@rbrejsa","twitter_misc":{"Napsal(a)":"Ri\u010di","Odhadovan\u00e1 doba \u010dten\u00ed":"3 minuty"},"schema":{"@context":"https:\/\/schema.org","@graph":[{"@type":"Article","@id":"https:\/\/evertonfc.cz\/index.php\/2018\/08\/15\/vlasic-odchazi-hostovat-do-cska\/#article","isPartOf":{"@id":"https:\/\/evertonfc.cz\/index.php\/2018\/08\/15\/vlasic-odchazi-hostovat-do-cska\/"},"author":{"name":"Ri\u010di","@id":"https:\/\/evertonfc.cz\/#\/schema\/person\/f7a5daedb2ffee98480bc70e191aaef1"},"headline":"Vla\u0161i\u0107 odch\u00e1z\u00ed hostovat do CSKA","datePublished":"2018-08-15T16:32:42+00:00","dateModified":"2019-01-31T17:36:55+00:00","mainEntityOfPage":{"@id":"https:\/\/evertonfc.cz\/index.php\/2018\/08\/15\/vlasic-odchazi-hostovat-do-cska\/"},"wordCount":595,"commentCount":0,"publisher":{"@id":"https:\/\/evertonfc.cz\/#organization"},"image":{"@id":"https:\/\/evertonfc.cz\/index.php\/2018\/08\/15\/vlasic-odchazi-hostovat-do-cska\/#primaryimage"},"thumbnailUrl":"https:\/\/evertonfc.cz\/wp-content\/uploads\/2019\/01\/vlasic_15_8_2018.jpg","articleSection":["P\u0159estupy"],"inLanguage":"cs","potentialAction":[{"@type":"CommentAction","name":"Comment","target":["https:\/\/evertonfc.cz\/index.php\/2018\/08\/15\/vlasic-odchazi-hostovat-do-cska\/#respond"]}]},{"@type":"WebPage","@id":"https:\/\/evertonfc.cz\/index.php\/2018\/08\/15\/vlasic-odchazi-hostovat-do-cska\/","url":"https:\/\/evertonfc.cz\/index.php\/2018\/08\/15\/vlasic-odchazi-hostovat-do-cska\/","name":"Vla\u0161i\u0107 odch\u00e1z\u00ed hostovat do CSKA - Official Czech &amp; Slovak Everton Supporters&#039; Club","isPartOf":{"@id":"https:\/\/evertonfc.cz\/#website"},"primaryImageOfPage":{"@id":"https:\/\/evertonfc.cz\/index.php\/2018\/08\/15\/vlasic-odchazi-hostovat-do-cska\/#primaryimage"},"image":{"@id":"https:\/\/evertonfc.cz\/index.php\/2018\/08\/15\/vlasic-odchazi-hostovat-do-cska\/#primaryimage"},"thumbnailUrl":"https:\/\/evertonfc.cz\/wp-content\/uploads\/2019\/01\/vlasic_15_8_2018.jpg","datePublished":"2018-08-15T16:32:42+00:00","dateModified":"2019-01-31T17:36:55+00:00","breadcrumb":{"@id":"https:\/\/evertonfc.cz\/index.php\/2018\/08\/15\/vlasic-odchazi-hostovat-do-cska\/#breadcrumb"},"inLanguage":"cs","potentialAction":[{"@type":"ReadAction","target":["https:\/\/evertonfc.cz\/index.php\/2018\/08\/15\/vlasic-odchazi-hostovat-do-cska\/"]}]},{"@type":"ImageObject","inLanguage":"cs","@id":"https:\/\/evertonfc.cz\/index.php\/2018\/08\/15\/vlasic-odchazi-hostovat-do-cska\/#primaryimage","url":"https:\/\/evertonfc.cz\/wp-content\/uploads\/2019\/01\/vlasic_15_8_2018.jpg","contentUrl":"https:\/\/evertonfc.cz\/wp-content\/uploads\/2019\/01\/vlasic_15_8_2018.jpg","width":720,"height":405},{"@type":"BreadcrumbList","@id":"https:\/\/evertonfc.cz\/index.php\/2018\/08\/15\/vlasic-odchazi-hostovat-do-cska\/#breadcrumb","itemListElement":[{"@type":"ListItem","position":1,"name":"Home","item":"https:\/\/evertonfc.cz\/"},{"@type":"ListItem","position":2,"name":"Vla\u0161i\u0107 odch\u00e1z\u00ed hostovat do CSKA"}]},{"@type":"WebSite","@id":"https:\/\/evertonfc.cz\/#website","url":"https:\/\/evertonfc.cz\/","name":"Official Czech &amp; Slovak Everton Supporters&#039; Club","description":"","publisher":{"@id":"https:\/\/evertonfc.cz\/#organization"},"potentialAction":[{"@type":"SearchAction","target":{"@type":"EntryPoint","urlTemplate":"https:\/\/evertonfc.cz\/?s={search_term_string}"},"query-input":{"@type":"PropertyValueSpecification","valueRequired":true,"valueName":"search_term_string"}}],"inLanguage":"cs"},{"@type":"Organization","@id":"https:\/\/evertonfc.cz\/#organization","name":"Official Czech & Slovak Everton Supporters' Club","url":"https:\/\/evertonfc.cz\/","logo":{"@type":"ImageObject","inLanguage":"cs","@id":"https:\/\/evertonfc.cz\/#\/schema\/logo\/image\/","url":"https:\/\/evertonfc.cz\/wp-content\/uploads\/2019\/05\/logo.png","contentUrl":"https:\/\/evertonfc.cz\/wp-content\/uploads\/2019\/05\/logo.png","width":112,"height":112,"caption":"Official Czech & Slovak Everton Supporters' Club"},"image":{"@id":"https:\/\/evertonfc.cz\/#\/schema\/logo\/image\/"},"sameAs":["https:\/\/www.facebook.com\/everton.fans.cz.sk"]},{"@type":"Person","@id":"https:\/\/evertonfc.cz\/#\/schema\/person\/f7a5daedb2ffee98480bc70e191aaef1","name":"Ri\u010di","sameAs":["https:\/\/x.com\/rbrejsa"],"url":"https:\/\/evertonfc.cz\/index.php\/author\/rici\/"}]}},"_links":{"self":[{"href":"https:\/\/evertonfc.cz\/index.php\/wp-json\/wp\/v2\/posts\/1938"}],"collection":[{"href":"https:\/\/evertonfc.cz\/index.php\/wp-json\/wp\/v2\/posts"}],"about":[{"href":"https:\/\/evertonfc.cz\/index.php\/wp-json\/wp\/v2\/types\/post"}],"author":[{"embeddable":true,"href":"https:\/\/evertonfc.cz\/index.php\/wp-json\/wp\/v2\/users\/6"}],"replies":[{"embeddable":true,"href":"https:\/\/evertonfc.cz\/index.php\/wp-json\/wp\/v2\/comments?post=1938"}],"version-history":[{"count":1,"href":"https:\/\/evertonfc.cz\/index.php\/wp-json\/wp\/v2\/posts\/1938\/revisions"}],"predecessor-version":[{"id":1941,"href":"https:\/\/evertonfc.cz\/index.php\/wp-json\/wp\/v2\/posts\/1938\/revisions\/1941"}],"wp:featuredmedia":[{"embeddable":true,"href":"https:\/\/evertonfc.cz\/index.php\/wp-json\/wp\/v2\/media\/1925"}],"wp:attachment":[{"href":"https:\/\/evertonfc.cz\/index.php\/wp-json\/wp\/v2\/media?parent=1938"}],"wp:term":[{"taxonomy":"category","embeddable":true,"href":"https:\/\/evertonfc.cz\/index.php\/wp-json\/wp\/v2\/categories?post=1938"},{"taxonomy":"post_tag","embeddable":true,"href":"https:\/\/evertonfc.cz\/index.php\/wp-json\/wp\/v2\/tags?post=1938"}],"curies":[{"name":"wp","href":"https:\/\/api.w.org\/{rel}","templated":true}]}}