{"id":19386,"date":"2022-08-07T18:31:06","date_gmt":"2022-08-07T16:31:06","guid":{"rendered":"https:\/\/evertonfc.cz\/?p=19386"},"modified":"2022-08-07T21:34:30","modified_gmt":"2022-08-07T19:34:30","slug":"everton-chelsea-01","status":"publish","type":"post","link":"https:\/\/evertonfc.cz\/index.php\/2022\/08\/07\/everton-chelsea-01\/","title":{"rendered":"Everton &#8211; Chelsea 0:1"},"content":{"rendered":"<h4>Nepochopiteln\u00fd faul Doucour\u00e9ho zajistil Chelsea v\u00edt\u011bznou penaltu.<\/h4>\n<p>Everton musel v sestav\u011b improvizovat, proto\u017ee ze t\u0159\u00ed hrot\u016f je Calvert-Lewin zran\u011bn\u00fd, Rond\u00f3n si odpyk\u00e1v\u00e1 posledn\u00ed \u010d\u00e1st karetn\u00edho trestu a Simms je na hostov\u00e1n\u00ed v Sunderlandu. O povinnosti hro\u0165\u00e1ka se d\u011blili McNeil a Gordon, v obran\u011b z nov\u00fdch tv\u00e1\u0159\u00ed za\u010dal Vinagre na lavi\u010dce a Tarkowski v z\u00e1kladn\u00ed sestav\u011b.<\/p>\n<p>Po p\u0159\u00edle\u017eitostech Mykolenka (nedos\u00e1hl na centr McNeila) s Havertzem (zblokovan\u00e1 st\u0159ela skon\u010dila v n\u00e1ru\u010d\u00ed Pickforda) p\u0159i\u0161el na \u0159adu prvn\u00ed d\u016fle\u017eit\u00fd moment. Godfrey si p\u0159i obrann\u00e9m z\u00e1korku p\u0159ivodil men\u0161\u00ed zlomeninu l\u00fdtkov\u00e9 kosti, d\u00e9lka jeho absence byla odhadnuta minim\u00e1ln\u011b na \u0161est t\u00fddn\u016f, oto\u010den\u00e1 noha vypadala opravdu nehezky. H\u0159i\u0161t\u011b opustil na nos\u00edtk\u00e1ch, odjel rovnou do nemocnice. A pr\u00e1v\u011b tahle dlouh\u00e1 pauza byla d\u016fvodem jeden\u00e1ctiminutov\u00e9ho nastaven\u00ed v prvn\u00edm polo\u010dase. Kdy\u017e se za\u010dalo znovu hr\u00e1t, tak se ust\u00e1lil o\u010dek\u00e1van\u00fd obraz hry &#8211; host\u00e9 \u00fato\u010d\u00ed a maj\u00ed jeden roh za druh\u00fdm, dom\u00e1c\u00ed se br\u00e1n\u00ed a vyu\u017e\u00edvaj\u00ed ka\u017ed\u00e9 p\u0159\u00edle\u017eitosti k brejku. V 25. minut\u011b se Everton m\u00e1lem ujal veden\u00ed, kdy\u017e proti hlavi\u010dce Tarkowsk\u00e9ho po centru Mykolenka se musel obrazn\u011b i doslova vyt\u00e1hnout brank\u00e1\u0159 host\u016f Mendy. Kr\u00e1tce p\u0159edt\u00edm uk\u00e1zal Doucour\u00e9 Sterlingovi, \u010demu se v \u010c\u00edn\u011b \u0159\u00edk\u00e1 &#8222;pohr\u00e1v\u00e1n\u00ed si s kv\u011btinou v zadn\u00ed komo\u0159e&#8220;, ale rozhod\u010d\u00ed kartu neud\u011blil.<\/p>\n<p>Nejaktivn\u011bj\u0161\u00edmi hr\u00e1\u010di host\u016f sm\u011brem dop\u0159edu byli Sterling a Havertz, ale obrana si v\u011bd\u011bla rady v\u017edy. A kdy\u017e ne, tak padl g\u00f3l ze spr\u00e1vn\u011b odm\u00e1van\u00e9ho ofsajdu. St\u0159elu Kant\u00e9ho vyrazil Pickford ke Sterlingovi, ten s dor\u00e1\u017ekou nem\u011bl probl\u00e9m, ale st\u00e1l za posledn\u00edm hr\u00e1\u010dem v poli, tak\u017ee branka platit nemohla. Nicm\u00e9n\u011b do konce polo\u010dasu se sk\u00f3re m\u011bnilo. Nepou\u010diteln\u00fd Doucour\u00e9 zat\u00e1hl ne\u0161ikovn\u011b za ruku Chilwella v \u0161estn\u00e1ctce, tak\u017ee jasn\u00e1 penalta. K n\u00ed se postavil Jorginho. Pickforda poslal na druhou stranu &#8211;\u00a0<strong>0:1!<\/strong> \u017dlutou kartu kupodivu nedostal Doucour\u00e9, ale Mina za dlouh\u00e9 a zbyte\u010dn\u00e9 protesty.<\/p>\n<p>Druh\u00e1 p\u016fle za\u010dala \u0161anc\u00ed Graye. Ten v souboji o nakop\u00e1van\u00fd m\u00ed\u010d p\u0159edb\u011bhl Thiaga Silvu, ale po kli\u010dce doprava a pokusu o zakon\u010den\u00ed na vzd\u00e1len\u011bj\u0161\u00ed ty\u010d se m\u00ed\u010d ne\u0161kodn\u011b odrazil od stopera Chelsea na roh. Z toho nic nebylo, ale z dal\u0161\u00edho vznikla skrum\u00e1\u017e, kter\u00e1 za\u010dala chybou Mendyho, le\u010d tu napravil Mount, kdy\u017e za ji\u017e p\u0159ekonan\u00e9ho brank\u00e1\u0159e zblokoval st\u0159elu Doucour\u00e9ho, n\u00e1sleduj\u00edc\u00ed hlavi\u010dku Holgatea si u\u017e brank\u00e1\u0159 host\u016f pohl\u00eddal. O 10 minut pozd\u011bji si Mykolenko pomyslel, \u017ee zkus\u00ed d\u00e1t g\u00f3l sez\u00f3ny, ale s brank\u00e1\u0159em p\u0159ehodil i branku, p\u0159i\u010dem\u017e to bylo z \u00factyhodn\u00e9 vzd\u00e1lenosti. Klubov\u00e9ho debutu se do\u010dkal Vinagre, ale za vynucen\u00fdch okolnost\u00ed &#8211; Mina op\u011bt prok\u00e1zal, \u017ee je z pap\u00edru, tentokr\u00e1t si zranil kotn\u00edk.<\/p>\n<p>A\u010dkoliv se bl\u00ed\u017eil konec utk\u00e1n\u00ed, tak dom\u00e1c\u00ed nem\u011bli \u0161anci, nato\u017e tlak. Ojedin\u011blou p\u0159\u00edle\u017eitost po pr\u016fniku Pattersona neprom\u011bnil st\u0159\u00eddaj\u00edc\u00ed Alli. Utk\u00e1n\u00ed bylo ve druh\u00e9 p\u016fli celkov\u011b hodn\u011b rozkouskovan\u00e9, n\u00e1sledkem toho nastavil rozhod\u010d\u00ed Pawson i tentokr\u00e1t 11 minut, ale k vyrovn\u00e1n\u00ed to nevedlo. Jen Holgate a Mykolenko za sv\u00e9 fauly vid\u011bli \u017elut\u00e9 karty, p\u0159i\u010dem\u017e oba hasili ohe\u0148.<\/p>\n<p>Lampard:\u00a0<em>&#8222;Byl to dobr\u00fd v\u00fdkon, prohr\u00e1t jsme si nezaslou\u017eili. M\u011bla to b\u00fdt rem\u00edza. Vytvo\u0159ili jsme si t\u0159i nebo \u010dty\u0159i \u0161ance, jindy bychom jednu prom\u011bnili a neprohr\u00e1li. Iwobi hr\u00e1l \u0161estku skv\u011ble, on a Doucour\u00e9 hr\u00e1li v z\u00e1loze velmi dob\u0159e.&#8220;<\/em><\/p>\n<p>Tuchel:\u00a0<em>&#8222;Celkov\u011b to nebyl dobr\u00fd z\u00e1pas. Hodn\u011b se p\u0159eru\u0161ovalo, dlouh\u00e9 nastaven\u00ed, bylo t\u011b\u017ek\u00e9 naj\u00edt rytmus hry. Hra byla nerv\u00f3zn\u00ed. Ale nakonec jsme vyhr\u00e1li, udr\u017eeli \u010dist\u00e9 konto, v posledn\u00ed dob\u011b se tu Chelsea velmi \u0161patn\u011b hraje.&#8220;<\/em><\/p>\n<p style=\"text-align: right;\"><span style=\"font-size: 8pt;\">(fotozdroj: evertonfc.com)<\/span><\/p>\n<p><strong>Branka:<\/strong>\u00a0<span data-source=\"lightstreamer\" data-grid=\"main\" data-item=\"item_761383\" data-field=\"scorers\">45+9. Jorginho z penalty<\/span><\/p>\n<p class=\"cards_item_761383\"><strong>Karty:<\/strong>\u00a0<span data-source=\"lightstreamer\" data-grid=\"main\" data-item=\"item_761383\" data-field=\"cards\"><span class=\"yellowCards\">\u00a0<\/span> 45+8. Mina, 80. Mykolenko, 90+8. Holgate \u2013 56. Reece James, 90+11. Cucurella\u00a0<\/span><\/p>\n<p><strong>Everton FC:<\/strong>\u00a0<span data-source=\"lightstreamer\" data-grid=\"main\" data-item=\"item_761383\" data-field=\"report1\">Pickford \u2013 Patterson, Tarkowski, Mina (70. Vinagre), Godfrey (15. Holgate), Mykolenko \u2013 Gray, Doucour\u00e9, Iwobi, McNeil (61. Alli) \u2013 Gordon<\/span><\/p>\n<p><strong>Chelsea FC:<\/strong>\u00a0<span data-source=\"lightstreamer\" data-grid=\"main\" data-item=\"item_761383\" data-field=\"report2\">Mendy \u2013 Azpilicueta, Silva, Koulibaly (75. Cucurella) \u2013 James, Kant\u00e9, Jorginho (90+9. Gallagher), Chilwell (65. Loftus-Cheek) \u2013 Mount (65. Puli\u0161i\u0107), Havertz (75. Broja), Sterling<\/span><\/p>\n<p><strong>Rozhod\u010d\u00ed:\u00a0<\/strong>Craig Pawson\u00a0<strong>\u00a0 Div\u00e1ci:\u00a0<\/strong>39 254<\/p>\n","protected":false},"excerpt":{"rendered":"<p>Slu\u0161n\u00fd v\u00fdkon tentokr\u00e1t na body nesta\u010dil.<\/p>\n","protected":false},"author":12,"featured_media":19383,"comment_status":"open","ping_status":"closed","sticky":false,"template":"","format":"standard","meta":{"_eb_attr":"","_monsterinsights_skip_tracking":false,"_monsterinsights_sitenote_active":false,"_monsterinsights_sitenote_note":"","_monsterinsights_sitenote_category":0,"footnotes":""},"categories":[4],"tags":[],"yoast_head":"<!-- This site is optimized with the Yoast SEO plugin v23.4 - https:\/\/yoast.com\/wordpress\/plugins\/seo\/ -->\n<title>Everton - Chelsea 0:1 - Official Czech &amp; Slovak Everton Supporters&#039; Club<\/title>\n<meta name=\"description\" content=\"Prohra celkem jasn\u011b uk\u00e1zala nutnost pos\u00edlen\u00ed.\" \/>\n<meta name=\"robots\" content=\"index, follow, max-snippet:-1, max-image-preview:large, max-video-preview:-1\" \/>\n<link rel=\"canonical\" href=\"https:\/\/evertonfc.cz\/index.php\/2022\/08\/07\/everton-chelsea-01\/\" \/>\n<meta property=\"og:locale\" content=\"cs_CZ\" \/>\n<meta property=\"og:type\" content=\"article\" \/>\n<meta property=\"og:title\" content=\"Everton - Chelsea 0:1 - Official Czech &amp; Slovak Everton Supporters&#039; Club\" \/>\n<meta property=\"og:description\" content=\"Prohra celkem jasn\u011b uk\u00e1zala nutnost pos\u00edlen\u00ed.\" \/>\n<meta property=\"og:url\" content=\"https:\/\/evertonfc.cz\/index.php\/2022\/08\/07\/everton-chelsea-01\/\" \/>\n<meta property=\"og:site_name\" content=\"Official Czech &amp; Slovak Everton Supporters&#039; Club\" \/>\n<meta property=\"article:publisher\" content=\"https:\/\/www.facebook.com\/everton.fans.cz.sk\" \/>\n<meta property=\"article:published_time\" content=\"2022-08-07T16:31:06+00:00\" \/>\n<meta property=\"article:modified_time\" content=\"2022-08-07T19:34:30+00:00\" \/>\n<meta property=\"og:image\" content=\"https:\/\/evertonfc.cz\/wp-content\/uploads\/2022\/08\/Everton-vs-Chelsea-0-1-by-efc.com-6-8-2022.jpg\" \/>\n\t<meta property=\"og:image:width\" content=\"720\" \/>\n\t<meta property=\"og:image:height\" content=\"405\" \/>\n\t<meta property=\"og:image:type\" content=\"image\/jpeg\" \/>\n<meta name=\"author\" content=\"Javor\" \/>\n<meta name=\"twitter:card\" content=\"summary_large_image\" \/>\n<meta name=\"twitter:creator\" content=\"@LoudinJan\" \/>\n<meta name=\"twitter:label1\" content=\"Napsal(a)\" \/>\n\t<meta name=\"twitter:data1\" content=\"Javor\" \/>\n\t<meta name=\"twitter:label2\" content=\"Odhadovan\u00e1 doba \u010dten\u00ed\" \/>\n\t<meta name=\"twitter:data2\" content=\"4 minuty\" \/>\n<script type=\"application\/ld+json\" class=\"yoast-schema-graph\">{\"@context\":\"https:\/\/schema.org\",\"@graph\":[{\"@type\":\"Article\",\"@id\":\"https:\/\/evertonfc.cz\/index.php\/2022\/08\/07\/everton-chelsea-01\/#article\",\"isPartOf\":{\"@id\":\"https:\/\/evertonfc.cz\/index.php\/2022\/08\/07\/everton-chelsea-01\/\"},\"author\":{\"name\":\"Javor\",\"@id\":\"https:\/\/evertonfc.cz\/#\/schema\/person\/b30daf6a5852f4811f8207a17ec1bf78\"},\"headline\":\"Everton &#8211; Chelsea 0:1\",\"datePublished\":\"2022-08-07T16:31:06+00:00\",\"dateModified\":\"2022-08-07T19:34:30+00:00\",\"mainEntityOfPage\":{\"@id\":\"https:\/\/evertonfc.cz\/index.php\/2022\/08\/07\/everton-chelsea-01\/\"},\"wordCount\":759,\"commentCount\":9,\"publisher\":{\"@id\":\"https:\/\/evertonfc.cz\/#organization\"},\"image\":{\"@id\":\"https:\/\/evertonfc.cz\/index.php\/2022\/08\/07\/everton-chelsea-01\/#primaryimage\"},\"thumbnailUrl\":\"https:\/\/evertonfc.cz\/wp-content\/uploads\/2022\/08\/Everton-vs-Chelsea-0-1-by-efc.com-6-8-2022.jpg\",\"articleSection\":[\"Z\u00e1pasy\"],\"inLanguage\":\"cs\",\"potentialAction\":[{\"@type\":\"CommentAction\",\"name\":\"Comment\",\"target\":[\"https:\/\/evertonfc.cz\/index.php\/2022\/08\/07\/everton-chelsea-01\/#respond\"]}]},{\"@type\":\"WebPage\",\"@id\":\"https:\/\/evertonfc.cz\/index.php\/2022\/08\/07\/everton-chelsea-01\/\",\"url\":\"https:\/\/evertonfc.cz\/index.php\/2022\/08\/07\/everton-chelsea-01\/\",\"name\":\"Everton - Chelsea 0:1 - Official Czech &amp; Slovak Everton Supporters&#039; Club\",\"isPartOf\":{\"@id\":\"https:\/\/evertonfc.cz\/#website\"},\"primaryImageOfPage\":{\"@id\":\"https:\/\/evertonfc.cz\/index.php\/2022\/08\/07\/everton-chelsea-01\/#primaryimage\"},\"image\":{\"@id\":\"https:\/\/evertonfc.cz\/index.php\/2022\/08\/07\/everton-chelsea-01\/#primaryimage\"},\"thumbnailUrl\":\"https:\/\/evertonfc.cz\/wp-content\/uploads\/2022\/08\/Everton-vs-Chelsea-0-1-by-efc.com-6-8-2022.jpg\",\"datePublished\":\"2022-08-07T16:31:06+00:00\",\"dateModified\":\"2022-08-07T19:34:30+00:00\",\"description\":\"Prohra celkem jasn\u011b uk\u00e1zala nutnost pos\u00edlen\u00ed.\",\"breadcrumb\":{\"@id\":\"https:\/\/evertonfc.cz\/index.php\/2022\/08\/07\/everton-chelsea-01\/#breadcrumb\"},\"inLanguage\":\"cs\",\"potentialAction\":[{\"@type\":\"ReadAction\",\"target\":[\"https:\/\/evertonfc.cz\/index.php\/2022\/08\/07\/everton-chelsea-01\/\"]}]},{\"@type\":\"ImageObject\",\"inLanguage\":\"cs\",\"@id\":\"https:\/\/evertonfc.cz\/index.php\/2022\/08\/07\/everton-chelsea-01\/#primaryimage\",\"url\":\"https:\/\/evertonfc.cz\/wp-content\/uploads\/2022\/08\/Everton-vs-Chelsea-0-1-by-efc.com-6-8-2022.jpg\",\"contentUrl\":\"https:\/\/evertonfc.cz\/wp-content\/uploads\/2022\/08\/Everton-vs-Chelsea-0-1-by-efc.com-6-8-2022.jpg\",\"width\":720,\"height\":405},{\"@type\":\"BreadcrumbList\",\"@id\":\"https:\/\/evertonfc.cz\/index.php\/2022\/08\/07\/everton-chelsea-01\/#breadcrumb\",\"itemListElement\":[{\"@type\":\"ListItem\",\"position\":1,\"name\":\"Home\",\"item\":\"https:\/\/evertonfc.cz\/\"},{\"@type\":\"ListItem\",\"position\":2,\"name\":\"Everton &#8211; Chelsea 0:1\"}]},{\"@type\":\"WebSite\",\"@id\":\"https:\/\/evertonfc.cz\/#website\",\"url\":\"https:\/\/evertonfc.cz\/\",\"name\":\"Official Czech &amp; Slovak Everton Supporters&#039; Club\",\"description\":\"\",\"publisher\":{\"@id\":\"https:\/\/evertonfc.cz\/#organization\"},\"potentialAction\":[{\"@type\":\"SearchAction\",\"target\":{\"@type\":\"EntryPoint\",\"urlTemplate\":\"https:\/\/evertonfc.cz\/?s={search_term_string}\"},\"query-input\":{\"@type\":\"PropertyValueSpecification\",\"valueRequired\":true,\"valueName\":\"search_term_string\"}}],\"inLanguage\":\"cs\"},{\"@type\":\"Organization\",\"@id\":\"https:\/\/evertonfc.cz\/#organization\",\"name\":\"Official Czech & Slovak Everton Supporters' Club\",\"url\":\"https:\/\/evertonfc.cz\/\",\"logo\":{\"@type\":\"ImageObject\",\"inLanguage\":\"cs\",\"@id\":\"https:\/\/evertonfc.cz\/#\/schema\/logo\/image\/\",\"url\":\"https:\/\/evertonfc.cz\/wp-content\/uploads\/2019\/05\/logo.png\",\"contentUrl\":\"https:\/\/evertonfc.cz\/wp-content\/uploads\/2019\/05\/logo.png\",\"width\":112,\"height\":112,\"caption\":\"Official Czech & Slovak Everton Supporters' Club\"},\"image\":{\"@id\":\"https:\/\/evertonfc.cz\/#\/schema\/logo\/image\/\"},\"sameAs\":[\"https:\/\/www.facebook.com\/everton.fans.cz.sk\"]},{\"@type\":\"Person\",\"@id\":\"https:\/\/evertonfc.cz\/#\/schema\/person\/b30daf6a5852f4811f8207a17ec1bf78\",\"name\":\"Javor\",\"sameAs\":[\"https:\/\/x.com\/LoudinJan\"],\"url\":\"https:\/\/evertonfc.cz\/index.php\/author\/javor\/\"}]}<\/script>\n<!-- \/ Yoast SEO plugin. -->","yoast_head_json":{"title":"Everton - Chelsea 0:1 - Official Czech &amp; Slovak Everton Supporters&#039; Club","description":"Prohra celkem jasn\u011b uk\u00e1zala nutnost pos\u00edlen\u00ed.","robots":{"index":"index","follow":"follow","max-snippet":"max-snippet:-1","max-image-preview":"max-image-preview:large","max-video-preview":"max-video-preview:-1"},"canonical":"https:\/\/evertonfc.cz\/index.php\/2022\/08\/07\/everton-chelsea-01\/","og_locale":"cs_CZ","og_type":"article","og_title":"Everton - Chelsea 0:1 - Official Czech &amp; Slovak Everton Supporters&#039; Club","og_description":"Prohra celkem jasn\u011b uk\u00e1zala nutnost pos\u00edlen\u00ed.","og_url":"https:\/\/evertonfc.cz\/index.php\/2022\/08\/07\/everton-chelsea-01\/","og_site_name":"Official Czech &amp; Slovak Everton Supporters&#039; Club","article_publisher":"https:\/\/www.facebook.com\/everton.fans.cz.sk","article_published_time":"2022-08-07T16:31:06+00:00","article_modified_time":"2022-08-07T19:34:30+00:00","og_image":[{"width":720,"height":405,"url":"https:\/\/evertonfc.cz\/wp-content\/uploads\/2022\/08\/Everton-vs-Chelsea-0-1-by-efc.com-6-8-2022.jpg","type":"image\/jpeg"}],"author":"Javor","twitter_card":"summary_large_image","twitter_creator":"@LoudinJan","twitter_misc":{"Napsal(a)":"Javor","Odhadovan\u00e1 doba \u010dten\u00ed":"4 minuty"},"schema":{"@context":"https:\/\/schema.org","@graph":[{"@type":"Article","@id":"https:\/\/evertonfc.cz\/index.php\/2022\/08\/07\/everton-chelsea-01\/#article","isPartOf":{"@id":"https:\/\/evertonfc.cz\/index.php\/2022\/08\/07\/everton-chelsea-01\/"},"author":{"name":"Javor","@id":"https:\/\/evertonfc.cz\/#\/schema\/person\/b30daf6a5852f4811f8207a17ec1bf78"},"headline":"Everton &#8211; Chelsea 0:1","datePublished":"2022-08-07T16:31:06+00:00","dateModified":"2022-08-07T19:34:30+00:00","mainEntityOfPage":{"@id":"https:\/\/evertonfc.cz\/index.php\/2022\/08\/07\/everton-chelsea-01\/"},"wordCount":759,"commentCount":9,"publisher":{"@id":"https:\/\/evertonfc.cz\/#organization"},"image":{"@id":"https:\/\/evertonfc.cz\/index.php\/2022\/08\/07\/everton-chelsea-01\/#primaryimage"},"thumbnailUrl":"https:\/\/evertonfc.cz\/wp-content\/uploads\/2022\/08\/Everton-vs-Chelsea-0-1-by-efc.com-6-8-2022.jpg","articleSection":["Z\u00e1pasy"],"inLanguage":"cs","potentialAction":[{"@type":"CommentAction","name":"Comment","target":["https:\/\/evertonfc.cz\/index.php\/2022\/08\/07\/everton-chelsea-01\/#respond"]}]},{"@type":"WebPage","@id":"https:\/\/evertonfc.cz\/index.php\/2022\/08\/07\/everton-chelsea-01\/","url":"https:\/\/evertonfc.cz\/index.php\/2022\/08\/07\/everton-chelsea-01\/","name":"Everton - Chelsea 0:1 - Official Czech &amp; Slovak Everton Supporters&#039; Club","isPartOf":{"@id":"https:\/\/evertonfc.cz\/#website"},"primaryImageOfPage":{"@id":"https:\/\/evertonfc.cz\/index.php\/2022\/08\/07\/everton-chelsea-01\/#primaryimage"},"image":{"@id":"https:\/\/evertonfc.cz\/index.php\/2022\/08\/07\/everton-chelsea-01\/#primaryimage"},"thumbnailUrl":"https:\/\/evertonfc.cz\/wp-content\/uploads\/2022\/08\/Everton-vs-Chelsea-0-1-by-efc.com-6-8-2022.jpg","datePublished":"2022-08-07T16:31:06+00:00","dateModified":"2022-08-07T19:34:30+00:00","description":"Prohra celkem jasn\u011b uk\u00e1zala nutnost pos\u00edlen\u00ed.","breadcrumb":{"@id":"https:\/\/evertonfc.cz\/index.php\/2022\/08\/07\/everton-chelsea-01\/#breadcrumb"},"inLanguage":"cs","potentialAction":[{"@type":"ReadAction","target":["https:\/\/evertonfc.cz\/index.php\/2022\/08\/07\/everton-chelsea-01\/"]}]},{"@type":"ImageObject","inLanguage":"cs","@id":"https:\/\/evertonfc.cz\/index.php\/2022\/08\/07\/everton-chelsea-01\/#primaryimage","url":"https:\/\/evertonfc.cz\/wp-content\/uploads\/2022\/08\/Everton-vs-Chelsea-0-1-by-efc.com-6-8-2022.jpg","contentUrl":"https:\/\/evertonfc.cz\/wp-content\/uploads\/2022\/08\/Everton-vs-Chelsea-0-1-by-efc.com-6-8-2022.jpg","width":720,"height":405},{"@type":"BreadcrumbList","@id":"https:\/\/evertonfc.cz\/index.php\/2022\/08\/07\/everton-chelsea-01\/#breadcrumb","itemListElement":[{"@type":"ListItem","position":1,"name":"Home","item":"https:\/\/evertonfc.cz\/"},{"@type":"ListItem","position":2,"name":"Everton &#8211; Chelsea 0:1"}]},{"@type":"WebSite","@id":"https:\/\/evertonfc.cz\/#website","url":"https:\/\/evertonfc.cz\/","name":"Official Czech &amp; Slovak Everton Supporters&#039; Club","description":"","publisher":{"@id":"https:\/\/evertonfc.cz\/#organization"},"potentialAction":[{"@type":"SearchAction","target":{"@type":"EntryPoint","urlTemplate":"https:\/\/evertonfc.cz\/?s={search_term_string}"},"query-input":{"@type":"PropertyValueSpecification","valueRequired":true,"valueName":"search_term_string"}}],"inLanguage":"cs"},{"@type":"Organization","@id":"https:\/\/evertonfc.cz\/#organization","name":"Official Czech & Slovak Everton Supporters' Club","url":"https:\/\/evertonfc.cz\/","logo":{"@type":"ImageObject","inLanguage":"cs","@id":"https:\/\/evertonfc.cz\/#\/schema\/logo\/image\/","url":"https:\/\/evertonfc.cz\/wp-content\/uploads\/2019\/05\/logo.png","contentUrl":"https:\/\/evertonfc.cz\/wp-content\/uploads\/2019\/05\/logo.png","width":112,"height":112,"caption":"Official Czech & Slovak Everton Supporters' Club"},"image":{"@id":"https:\/\/evertonfc.cz\/#\/schema\/logo\/image\/"},"sameAs":["https:\/\/www.facebook.com\/everton.fans.cz.sk"]},{"@type":"Person","@id":"https:\/\/evertonfc.cz\/#\/schema\/person\/b30daf6a5852f4811f8207a17ec1bf78","name":"Javor","sameAs":["https:\/\/x.com\/LoudinJan"],"url":"https:\/\/evertonfc.cz\/index.php\/author\/javor\/"}]}},"_links":{"self":[{"href":"https:\/\/evertonfc.cz\/index.php\/wp-json\/wp\/v2\/posts\/19386"}],"collection":[{"href":"https:\/\/evertonfc.cz\/index.php\/wp-json\/wp\/v2\/posts"}],"about":[{"href":"https:\/\/evertonfc.cz\/index.php\/wp-json\/wp\/v2\/types\/post"}],"author":[{"embeddable":true,"href":"https:\/\/evertonfc.cz\/index.php\/wp-json\/wp\/v2\/users\/12"}],"replies":[{"embeddable":true,"href":"https:\/\/evertonfc.cz\/index.php\/wp-json\/wp\/v2\/comments?post=19386"}],"version-history":[{"count":3,"href":"https:\/\/evertonfc.cz\/index.php\/wp-json\/wp\/v2\/posts\/19386\/revisions"}],"predecessor-version":[{"id":19390,"href":"https:\/\/evertonfc.cz\/index.php\/wp-json\/wp\/v2\/posts\/19386\/revisions\/19390"}],"wp:featuredmedia":[{"embeddable":true,"href":"https:\/\/evertonfc.cz\/index.php\/wp-json\/wp\/v2\/media\/19383"}],"wp:attachment":[{"href":"https:\/\/evertonfc.cz\/index.php\/wp-json\/wp\/v2\/media?parent=19386"}],"wp:term":[{"taxonomy":"category","embeddable":true,"href":"https:\/\/evertonfc.cz\/index.php\/wp-json\/wp\/v2\/categories?post=19386"},{"taxonomy":"post_tag","embeddable":true,"href":"https:\/\/evertonfc.cz\/index.php\/wp-json\/wp\/v2\/tags?post=19386"}],"curies":[{"name":"wp","href":"https:\/\/api.w.org\/{rel}","templated":true}]}}