{"id":1942,"date":"2018-08-12T18:36:58","date_gmt":"2018-08-12T16:36:58","guid":{"rendered":"http:\/\/evertonfc.cz\/?p=1942"},"modified":"2019-01-31T18:54:30","modified_gmt":"2019-01-31T17:54:30","slug":"wolverhampton-wanderers-everton-22","status":"publish","type":"post","link":"https:\/\/evertonfc.cz\/index.php\/2018\/08\/12\/wolverhampton-wanderers-everton-22\/","title":{"rendered":"Wolverhampton Wanderers &#8211; Everton 2:2"},"content":{"rendered":"\n<h4 class=\"wp-block-heading\">S\u013eubn\u00fd \u0161tart, zhaten\u00fd dosluhuj\u00facou sk\u00fasenos\u0165ou, zachr\u00e1nila talentovan\u00e1 mlad\u00edcka dravos\u0165. Kto vie, ako by sa predviedli Vlci, neby\u0165 chv\u00ed\u013eky kapit\u00e1novej nes\u00fastredenosti.<\/h4>\n\n\n\n<p>West Midlandsk\u00fd man\u010daft je po rokoch sp\u00e4\u0165 na prvom stupni futbalov\u00e9ho Olympu ako najstar\u0161\u00ed klub a\u00a0v\u010dera mal t\u00fa \u010des\u0165 hosti\u0165 vyz\u00fdvaj\u00face Karamelky. Mysl\u00edm, \u017ee to zobral naozaj v\u00e1\u017ene, preto\u017ee ani tohtoro\u010dn\u00fd \u0161ampion\u00e1t by sa nemusel hanbi\u0165 za tak\u00e9 otvorenie s\u00a0rekordnou n\u00e1v\u0161tevou za posledn\u00fdch 37 rokov. V\u00a0prvom s\u00fa\u0165a\u017enom z\u00e1pase sez\u00f3ny si odbili debut od za\u010diatku dve posily. Jedna braz\u00edlska na ihrisku a\u00a0druh\u00e1 portugalsk\u00e1, v\u00a0jeho technickej z\u00f3ne. V\u00fdkop zaobstarali hostia a\u00a0tak sme s\u00a0n\u00e1dejou sledovali, kam sa dostane \u00farove\u0148 d\u00f4very na\u0161ej obrannej hry, ktor\u00e1 bola hlavn\u00fdm d\u00f4vodom ob\u00e1v pred t\u00fdmto duelom. Nov\u00e1\u010dik alebo nie, re\u0161pekt si zasl\u00fa\u017ei ka\u017ed\u00fd s\u00faper.<\/p>\n\n\n\n<p>Everton sa na za\u010diatku sna\u017eil prezentova\u0165 jednoduchou hrou, s\u00fastredenou na r\u00fdchly prechod po kr\u00eddlach a&nbsp;t\u00e1to taktika sa mu vyplatila, a\u017e k\u00fdm nena\u0161iel optick\u00fa prevahu na lopte a&nbsp;za\u010dal diktova\u0165 obraz hry vo form\u00e1cii 4-3-3. Po faule na Richarlisona mohol Baines zahr\u00e1va\u0165 priamy kop z&nbsp;\u013eavej strany. Nad\u00fdchan\u00fd center sa vydaril, ke\u010f na\u0161iel Micheala Keanea, od ktor\u00e9ho sa lopta akosi dostala k&nbsp;noh\u00e1m spom\u00ednan\u00e9ho Braz\u00edl\u010dana. Ten z&nbsp;mal\u00e9ho v\u00e1pna nev\u00e1hal a&nbsp;otvoril sk\u00f3re na 1:0. Ako sme spomenuli u\u017e v&nbsp;s\u00fahrne, dom\u00e1cim pon\u00fakol \u0161ancu na vyrovnanie Jagielka. Jednoduch\u00fa prihr\u00e1vku vzadu medzi stop\u00e9rmi si \u013eahkov\u00e1\u017ene neuko\u010d\u00edroval, \u010d\u00edm vyzval s\u00fapera k&nbsp;okam\u017eit\u00e9mu nap\u00e1daniu a&nbsp;takmer ist\u00e9mu zisku lopty. Sklz v\u0161ak pri\u0161iel o&nbsp;pol kroka nesk\u00f4r, ako by mal. Pawson po p\u00e1r sekund\u00e1ch v\u00e1hania udelil faul a&nbsp;n\u00e1sledn\u00fa \u010derven\u00fa kartu, \u010do bol v&nbsp;podstate dvojit\u00fd trest. Wolves z&nbsp;udelen\u00e9ho priameho kopu excelentne vyrovnali. 2:2. My, zaujat\u00ed, s\u00edce m\u00f4\u017eeme tvrdi\u0165, \u017ee \u017eiadny priestupok sa nestal, ale pre blaho purit\u00e1nov, ako je mo\u017en\u00e9, \u017ee sa \u0161tandardn\u00e1 situ\u00e1cia pred \u0161estn\u00e1stkou zahr\u00e1vala takmer o \u0161es\u0165 metrov bli\u017e\u0161ie? Silva si vybral za obe\u0165 Sigurdssona a&nbsp;na tr\u00e1vnik putoval Holgate. Hra sa ale pr\u00edli\u0161 nezmenila. Len v&nbsp;detailoch. Pod loptou sme boli teraz v&nbsp;tvare 4-4-1 miesto p\u00f4vodn\u00e9ho 4-4-2.<\/p>\n\n\n\n<p>Lejak v&nbsp;druhom pol\u010dase nezabr\u00e1nil skvelej kombin\u00e1cii Bainesa s&nbsp;Tosunom, ktor\u00ed uvo\u013enili do ve\u013ek\u00e9ho v\u00e1pna hr\u00e1\u010da s&nbsp;\u010d\u00edslom 30 a&nbsp;priezviskom de Andrade. Posila za spochyb\u0148ovan\u00fa sumu s&nbsp;\u013eahkos\u0165ou obstrelila po zemi b\u00fdval\u00fa hviezdu Sportingu Lisabon v&nbsp;br\u00e1ne a&nbsp;dostala Toffees znova do vedenia 2:1. Od roku 2002 Everton v&nbsp;otv\u00e1racom z\u00e1pase na ihrisku s\u00fapera nevyhral, tak\u017ee ak si niekto fandil, \u017ee to m\u00f4\u017ee vyjs\u0165 teraz, iste zabudol, \u017ee sme st\u00e1le hrali o&nbsp;hr\u00e1\u010da menej. Tento fakt sa naplno prejavil, ke\u010f centruj\u00faceho hr\u00e1\u010da Wanderers prakticky nemal kto otravova\u0165 a&nbsp;tak pohodlne posadil loptu na hlavu sk\u00f3ruj\u00faceho Jim\u00e9neza. Spytova\u0165 svedomie si za inak ve\u013emi dobr\u00fd v\u00fdkon m\u00f4\u017ee Keane. Jim\u00e9nez jasne pri \u0148om avizoval n\u00e1beh, no (u\u017e asi b\u00fdval\u00fd) anglick\u00fd reprezentant dr\u00e1hu lopty naivne podbehol. S v\u00fdsledkom 2:2, ako ostr\u00e1 premi\u00e9ra novej (\u010di vlastne \u010fal\u0161ej) \u00e9ry, si mysl\u00edm, \u017ee fan\u00fa\u0161ikovia m\u00f4\u017eu by\u0165 spokojn\u00ed. Slab\u00e9 v\u00fdkony v&nbsp;pr\u00edprave sa neuk\u00e1zali by\u0165 pravidlom. Zatia\u013e&#8230;<\/p>\n\n\n\n<p><strong>Mu\u017e z\u00e1pasu:&nbsp;<\/strong>Ruben Neves (BBC) Richarlison (Sky).<\/p>\n\n\n\n<p><strong>G\u00f3ly:<\/strong>&nbsp;17\u00b4 Richarlison (Keane), 44\u00b4 Neves, 67\u00b4 Richarlison (Tosun), 80\u00b4 Jim\u00e9nez<\/p>\n\n\n\n<p><strong>\u017dK:\u00a0<\/strong>14\u00b4 Richarlison<\/p>\n\n\n\n<p><strong>\u010cK:\u00a0<\/strong>40\u00b4 Jagielka<\/p>\n\n\n\n<p><strong>Wolverhampton Wanderers FC:&nbsp;<\/strong>Patr\u00edcio \u2013 Bennet, Coady, Bolly &#8211; Doherty, Moutinho (85\u00b4Gibbs-White), Neves, Jonny (76\u00b4Vinagre) &#8211; Costa (71\u00b4Bonatini), Jim\u00e9nez, Jota<\/p>\n\n\n\n<p><strong>Everton FC:&nbsp;<\/strong>Pickford \u2013 Coleman, Keane, Jagielka, Baines &#8211; Gueye, Schneiderlin, Sigurdsson (43\u00b4Holgate) &#8211; Walcott, Tosun (81\u00b4Niasse), Richarlison (86\u00b4Digne)<\/p>\n\n\n\n<p><strong>Rozhodca:&nbsp;<\/strong>Craig Pawson<\/p>\n\n\n\n<p><strong>Po\u010det div\u00e1kov:&nbsp;<\/strong>31 231, Molineux Stadium (Wolverhampton)<\/p>\n","protected":false},"excerpt":{"rendered":"<p>S\u013eubn\u00fd \u0161tart, zhaten\u00fd dosluhuj\u00facou sk\u00fasenos\u0165ou, zachr\u00e1nila talentovan\u00e1 mlad\u00edcka dravos\u0165. Kto vie, ako by sa predviedli Vlci, neby\u0165 chv\u00ed\u013eky kapit\u00e1novej nes\u00fastredenosti.&hellip;<\/p>\n","protected":false},"author":1,"featured_media":1917,"comment_status":"open","ping_status":"closed","sticky":false,"template":"","format":"standard","meta":{"_eb_attr":"","_monsterinsights_skip_tracking":false,"_monsterinsights_sitenote_active":false,"_monsterinsights_sitenote_note":"","_monsterinsights_sitenote_category":0,"footnotes":""},"categories":[4],"tags":[],"yoast_head":"<!-- This site is optimized with the Yoast SEO plugin v23.4 - https:\/\/yoast.com\/wordpress\/plugins\/seo\/ -->\n<title>Wolverhampton Wanderers - Everton 2:2 - Official Czech &amp; Slovak Everton Supporters&#039; Club<\/title>\n<meta name=\"robots\" content=\"index, follow, max-snippet:-1, max-image-preview:large, max-video-preview:-1\" \/>\n<link rel=\"canonical\" href=\"https:\/\/evertonfc.cz\/index.php\/2018\/08\/12\/wolverhampton-wanderers-everton-22\/\" \/>\n<meta property=\"og:locale\" content=\"cs_CZ\" \/>\n<meta property=\"og:type\" content=\"article\" \/>\n<meta property=\"og:title\" content=\"Wolverhampton Wanderers - Everton 2:2 - Official Czech &amp; Slovak Everton Supporters&#039; Club\" \/>\n<meta property=\"og:description\" content=\"S\u013eubn\u00fd \u0161tart, zhaten\u00fd dosluhuj\u00facou sk\u00fasenos\u0165ou, zachr\u00e1nila talentovan\u00e1 mlad\u00edcka dravos\u0165. Kto vie, ako by sa predviedli Vlci, neby\u0165 chv\u00ed\u013eky kapit\u00e1novej nes\u00fastredenosti.&hellip;\" \/>\n<meta property=\"og:url\" content=\"https:\/\/evertonfc.cz\/index.php\/2018\/08\/12\/wolverhampton-wanderers-everton-22\/\" \/>\n<meta property=\"og:site_name\" content=\"Official Czech &amp; Slovak Everton Supporters&#039; Club\" \/>\n<meta property=\"article:publisher\" content=\"https:\/\/www.facebook.com\/everton.fans.cz.sk\" \/>\n<meta property=\"article:published_time\" content=\"2018-08-12T16:36:58+00:00\" \/>\n<meta property=\"article:modified_time\" content=\"2019-01-31T17:54:30+00:00\" \/>\n<meta property=\"og:image\" content=\"https:\/\/evertonfc.cz\/wp-content\/uploads\/2019\/01\/jagielka_12_8_2018.jpg\" \/>\n\t<meta property=\"og:image:width\" content=\"720\" \/>\n\t<meta property=\"og:image:height\" content=\"405\" \/>\n\t<meta property=\"og:image:type\" content=\"image\/jpeg\" \/>\n<meta name=\"author\" content=\"BlueBlooded\" \/>\n<meta name=\"twitter:card\" content=\"summary_large_image\" \/>\n<meta name=\"twitter:label1\" content=\"Napsal(a)\" \/>\n\t<meta name=\"twitter:data1\" content=\"BlueBlooded\" \/>\n\t<meta name=\"twitter:label2\" content=\"Odhadovan\u00e1 doba \u010dten\u00ed\" \/>\n\t<meta name=\"twitter:data2\" content=\"4 minuty\" \/>\n<script type=\"application\/ld+json\" class=\"yoast-schema-graph\">{\"@context\":\"https:\/\/schema.org\",\"@graph\":[{\"@type\":\"Article\",\"@id\":\"https:\/\/evertonfc.cz\/index.php\/2018\/08\/12\/wolverhampton-wanderers-everton-22\/#article\",\"isPartOf\":{\"@id\":\"https:\/\/evertonfc.cz\/index.php\/2018\/08\/12\/wolverhampton-wanderers-everton-22\/\"},\"author\":{\"name\":\"BlueBlooded\",\"@id\":\"https:\/\/evertonfc.cz\/#\/schema\/person\/d4493b8cbea51532597fbc4685698916\"},\"headline\":\"Wolverhampton Wanderers &#8211; Everton 2:2\",\"datePublished\":\"2018-08-12T16:36:58+00:00\",\"dateModified\":\"2019-01-31T17:54:30+00:00\",\"mainEntityOfPage\":{\"@id\":\"https:\/\/evertonfc.cz\/index.php\/2018\/08\/12\/wolverhampton-wanderers-everton-22\/\"},\"wordCount\":713,\"commentCount\":0,\"publisher\":{\"@id\":\"https:\/\/evertonfc.cz\/#organization\"},\"image\":{\"@id\":\"https:\/\/evertonfc.cz\/index.php\/2018\/08\/12\/wolverhampton-wanderers-everton-22\/#primaryimage\"},\"thumbnailUrl\":\"https:\/\/evertonfc.cz\/wp-content\/uploads\/2019\/01\/jagielka_12_8_2018.jpg\",\"articleSection\":[\"Z\u00e1pasy\"],\"inLanguage\":\"cs\",\"potentialAction\":[{\"@type\":\"CommentAction\",\"name\":\"Comment\",\"target\":[\"https:\/\/evertonfc.cz\/index.php\/2018\/08\/12\/wolverhampton-wanderers-everton-22\/#respond\"]}]},{\"@type\":\"WebPage\",\"@id\":\"https:\/\/evertonfc.cz\/index.php\/2018\/08\/12\/wolverhampton-wanderers-everton-22\/\",\"url\":\"https:\/\/evertonfc.cz\/index.php\/2018\/08\/12\/wolverhampton-wanderers-everton-22\/\",\"name\":\"Wolverhampton Wanderers - Everton 2:2 - Official Czech &amp; Slovak Everton Supporters&#039; Club\",\"isPartOf\":{\"@id\":\"https:\/\/evertonfc.cz\/#website\"},\"primaryImageOfPage\":{\"@id\":\"https:\/\/evertonfc.cz\/index.php\/2018\/08\/12\/wolverhampton-wanderers-everton-22\/#primaryimage\"},\"image\":{\"@id\":\"https:\/\/evertonfc.cz\/index.php\/2018\/08\/12\/wolverhampton-wanderers-everton-22\/#primaryimage\"},\"thumbnailUrl\":\"https:\/\/evertonfc.cz\/wp-content\/uploads\/2019\/01\/jagielka_12_8_2018.jpg\",\"datePublished\":\"2018-08-12T16:36:58+00:00\",\"dateModified\":\"2019-01-31T17:54:30+00:00\",\"breadcrumb\":{\"@id\":\"https:\/\/evertonfc.cz\/index.php\/2018\/08\/12\/wolverhampton-wanderers-everton-22\/#breadcrumb\"},\"inLanguage\":\"cs\",\"potentialAction\":[{\"@type\":\"ReadAction\",\"target\":[\"https:\/\/evertonfc.cz\/index.php\/2018\/08\/12\/wolverhampton-wanderers-everton-22\/\"]}]},{\"@type\":\"ImageObject\",\"inLanguage\":\"cs\",\"@id\":\"https:\/\/evertonfc.cz\/index.php\/2018\/08\/12\/wolverhampton-wanderers-everton-22\/#primaryimage\",\"url\":\"https:\/\/evertonfc.cz\/wp-content\/uploads\/2019\/01\/jagielka_12_8_2018.jpg\",\"contentUrl\":\"https:\/\/evertonfc.cz\/wp-content\/uploads\/2019\/01\/jagielka_12_8_2018.jpg\",\"width\":720,\"height\":405},{\"@type\":\"BreadcrumbList\",\"@id\":\"https:\/\/evertonfc.cz\/index.php\/2018\/08\/12\/wolverhampton-wanderers-everton-22\/#breadcrumb\",\"itemListElement\":[{\"@type\":\"ListItem\",\"position\":1,\"name\":\"Home\",\"item\":\"https:\/\/evertonfc.cz\/\"},{\"@type\":\"ListItem\",\"position\":2,\"name\":\"Wolverhampton Wanderers &#8211; Everton 2:2\"}]},{\"@type\":\"WebSite\",\"@id\":\"https:\/\/evertonfc.cz\/#website\",\"url\":\"https:\/\/evertonfc.cz\/\",\"name\":\"Official Czech &amp; Slovak Everton Supporters&#039; Club\",\"description\":\"\",\"publisher\":{\"@id\":\"https:\/\/evertonfc.cz\/#organization\"},\"potentialAction\":[{\"@type\":\"SearchAction\",\"target\":{\"@type\":\"EntryPoint\",\"urlTemplate\":\"https:\/\/evertonfc.cz\/?s={search_term_string}\"},\"query-input\":{\"@type\":\"PropertyValueSpecification\",\"valueRequired\":true,\"valueName\":\"search_term_string\"}}],\"inLanguage\":\"cs\"},{\"@type\":\"Organization\",\"@id\":\"https:\/\/evertonfc.cz\/#organization\",\"name\":\"Official Czech & Slovak Everton Supporters' Club\",\"url\":\"https:\/\/evertonfc.cz\/\",\"logo\":{\"@type\":\"ImageObject\",\"inLanguage\":\"cs\",\"@id\":\"https:\/\/evertonfc.cz\/#\/schema\/logo\/image\/\",\"url\":\"https:\/\/evertonfc.cz\/wp-content\/uploads\/2019\/05\/logo.png\",\"contentUrl\":\"https:\/\/evertonfc.cz\/wp-content\/uploads\/2019\/05\/logo.png\",\"width\":112,\"height\":112,\"caption\":\"Official Czech & Slovak Everton Supporters' Club\"},\"image\":{\"@id\":\"https:\/\/evertonfc.cz\/#\/schema\/logo\/image\/\"},\"sameAs\":[\"https:\/\/www.facebook.com\/everton.fans.cz.sk\"]},{\"@type\":\"Person\",\"@id\":\"https:\/\/evertonfc.cz\/#\/schema\/person\/d4493b8cbea51532597fbc4685698916\",\"name\":\"BlueBlooded\",\"url\":\"https:\/\/evertonfc.cz\/index.php\/author\/admin\/\"}]}<\/script>\n<!-- \/ Yoast SEO plugin. -->","yoast_head_json":{"title":"Wolverhampton Wanderers - Everton 2:2 - Official Czech &amp; Slovak Everton Supporters&#039; Club","robots":{"index":"index","follow":"follow","max-snippet":"max-snippet:-1","max-image-preview":"max-image-preview:large","max-video-preview":"max-video-preview:-1"},"canonical":"https:\/\/evertonfc.cz\/index.php\/2018\/08\/12\/wolverhampton-wanderers-everton-22\/","og_locale":"cs_CZ","og_type":"article","og_title":"Wolverhampton Wanderers - Everton 2:2 - Official Czech &amp; Slovak Everton Supporters&#039; Club","og_description":"S\u013eubn\u00fd \u0161tart, zhaten\u00fd dosluhuj\u00facou sk\u00fasenos\u0165ou, zachr\u00e1nila talentovan\u00e1 mlad\u00edcka dravos\u0165. Kto vie, ako by sa predviedli Vlci, neby\u0165 chv\u00ed\u013eky kapit\u00e1novej nes\u00fastredenosti.&hellip;","og_url":"https:\/\/evertonfc.cz\/index.php\/2018\/08\/12\/wolverhampton-wanderers-everton-22\/","og_site_name":"Official Czech &amp; Slovak Everton Supporters&#039; Club","article_publisher":"https:\/\/www.facebook.com\/everton.fans.cz.sk","article_published_time":"2018-08-12T16:36:58+00:00","article_modified_time":"2019-01-31T17:54:30+00:00","og_image":[{"width":720,"height":405,"url":"https:\/\/evertonfc.cz\/wp-content\/uploads\/2019\/01\/jagielka_12_8_2018.jpg","type":"image\/jpeg"}],"author":"BlueBlooded","twitter_card":"summary_large_image","twitter_misc":{"Napsal(a)":"BlueBlooded","Odhadovan\u00e1 doba \u010dten\u00ed":"4 minuty"},"schema":{"@context":"https:\/\/schema.org","@graph":[{"@type":"Article","@id":"https:\/\/evertonfc.cz\/index.php\/2018\/08\/12\/wolverhampton-wanderers-everton-22\/#article","isPartOf":{"@id":"https:\/\/evertonfc.cz\/index.php\/2018\/08\/12\/wolverhampton-wanderers-everton-22\/"},"author":{"name":"BlueBlooded","@id":"https:\/\/evertonfc.cz\/#\/schema\/person\/d4493b8cbea51532597fbc4685698916"},"headline":"Wolverhampton Wanderers &#8211; Everton 2:2","datePublished":"2018-08-12T16:36:58+00:00","dateModified":"2019-01-31T17:54:30+00:00","mainEntityOfPage":{"@id":"https:\/\/evertonfc.cz\/index.php\/2018\/08\/12\/wolverhampton-wanderers-everton-22\/"},"wordCount":713,"commentCount":0,"publisher":{"@id":"https:\/\/evertonfc.cz\/#organization"},"image":{"@id":"https:\/\/evertonfc.cz\/index.php\/2018\/08\/12\/wolverhampton-wanderers-everton-22\/#primaryimage"},"thumbnailUrl":"https:\/\/evertonfc.cz\/wp-content\/uploads\/2019\/01\/jagielka_12_8_2018.jpg","articleSection":["Z\u00e1pasy"],"inLanguage":"cs","potentialAction":[{"@type":"CommentAction","name":"Comment","target":["https:\/\/evertonfc.cz\/index.php\/2018\/08\/12\/wolverhampton-wanderers-everton-22\/#respond"]}]},{"@type":"WebPage","@id":"https:\/\/evertonfc.cz\/index.php\/2018\/08\/12\/wolverhampton-wanderers-everton-22\/","url":"https:\/\/evertonfc.cz\/index.php\/2018\/08\/12\/wolverhampton-wanderers-everton-22\/","name":"Wolverhampton Wanderers - Everton 2:2 - Official Czech &amp; Slovak Everton Supporters&#039; Club","isPartOf":{"@id":"https:\/\/evertonfc.cz\/#website"},"primaryImageOfPage":{"@id":"https:\/\/evertonfc.cz\/index.php\/2018\/08\/12\/wolverhampton-wanderers-everton-22\/#primaryimage"},"image":{"@id":"https:\/\/evertonfc.cz\/index.php\/2018\/08\/12\/wolverhampton-wanderers-everton-22\/#primaryimage"},"thumbnailUrl":"https:\/\/evertonfc.cz\/wp-content\/uploads\/2019\/01\/jagielka_12_8_2018.jpg","datePublished":"2018-08-12T16:36:58+00:00","dateModified":"2019-01-31T17:54:30+00:00","breadcrumb":{"@id":"https:\/\/evertonfc.cz\/index.php\/2018\/08\/12\/wolverhampton-wanderers-everton-22\/#breadcrumb"},"inLanguage":"cs","potentialAction":[{"@type":"ReadAction","target":["https:\/\/evertonfc.cz\/index.php\/2018\/08\/12\/wolverhampton-wanderers-everton-22\/"]}]},{"@type":"ImageObject","inLanguage":"cs","@id":"https:\/\/evertonfc.cz\/index.php\/2018\/08\/12\/wolverhampton-wanderers-everton-22\/#primaryimage","url":"https:\/\/evertonfc.cz\/wp-content\/uploads\/2019\/01\/jagielka_12_8_2018.jpg","contentUrl":"https:\/\/evertonfc.cz\/wp-content\/uploads\/2019\/01\/jagielka_12_8_2018.jpg","width":720,"height":405},{"@type":"BreadcrumbList","@id":"https:\/\/evertonfc.cz\/index.php\/2018\/08\/12\/wolverhampton-wanderers-everton-22\/#breadcrumb","itemListElement":[{"@type":"ListItem","position":1,"name":"Home","item":"https:\/\/evertonfc.cz\/"},{"@type":"ListItem","position":2,"name":"Wolverhampton Wanderers &#8211; Everton 2:2"}]},{"@type":"WebSite","@id":"https:\/\/evertonfc.cz\/#website","url":"https:\/\/evertonfc.cz\/","name":"Official Czech &amp; Slovak Everton Supporters&#039; Club","description":"","publisher":{"@id":"https:\/\/evertonfc.cz\/#organization"},"potentialAction":[{"@type":"SearchAction","target":{"@type":"EntryPoint","urlTemplate":"https:\/\/evertonfc.cz\/?s={search_term_string}"},"query-input":{"@type":"PropertyValueSpecification","valueRequired":true,"valueName":"search_term_string"}}],"inLanguage":"cs"},{"@type":"Organization","@id":"https:\/\/evertonfc.cz\/#organization","name":"Official Czech & Slovak Everton Supporters' Club","url":"https:\/\/evertonfc.cz\/","logo":{"@type":"ImageObject","inLanguage":"cs","@id":"https:\/\/evertonfc.cz\/#\/schema\/logo\/image\/","url":"https:\/\/evertonfc.cz\/wp-content\/uploads\/2019\/05\/logo.png","contentUrl":"https:\/\/evertonfc.cz\/wp-content\/uploads\/2019\/05\/logo.png","width":112,"height":112,"caption":"Official Czech & Slovak Everton Supporters' Club"},"image":{"@id":"https:\/\/evertonfc.cz\/#\/schema\/logo\/image\/"},"sameAs":["https:\/\/www.facebook.com\/everton.fans.cz.sk"]},{"@type":"Person","@id":"https:\/\/evertonfc.cz\/#\/schema\/person\/d4493b8cbea51532597fbc4685698916","name":"BlueBlooded","url":"https:\/\/evertonfc.cz\/index.php\/author\/admin\/"}]}},"_links":{"self":[{"href":"https:\/\/evertonfc.cz\/index.php\/wp-json\/wp\/v2\/posts\/1942"}],"collection":[{"href":"https:\/\/evertonfc.cz\/index.php\/wp-json\/wp\/v2\/posts"}],"about":[{"href":"https:\/\/evertonfc.cz\/index.php\/wp-json\/wp\/v2\/types\/post"}],"author":[{"embeddable":true,"href":"https:\/\/evertonfc.cz\/index.php\/wp-json\/wp\/v2\/users\/1"}],"replies":[{"embeddable":true,"href":"https:\/\/evertonfc.cz\/index.php\/wp-json\/wp\/v2\/comments?post=1942"}],"version-history":[{"count":1,"href":"https:\/\/evertonfc.cz\/index.php\/wp-json\/wp\/v2\/posts\/1942\/revisions"}],"predecessor-version":[{"id":1944,"href":"https:\/\/evertonfc.cz\/index.php\/wp-json\/wp\/v2\/posts\/1942\/revisions\/1944"}],"wp:featuredmedia":[{"embeddable":true,"href":"https:\/\/evertonfc.cz\/index.php\/wp-json\/wp\/v2\/media\/1917"}],"wp:attachment":[{"href":"https:\/\/evertonfc.cz\/index.php\/wp-json\/wp\/v2\/media?parent=1942"}],"wp:term":[{"taxonomy":"category","embeddable":true,"href":"https:\/\/evertonfc.cz\/index.php\/wp-json\/wp\/v2\/categories?post=1942"},{"taxonomy":"post_tag","embeddable":true,"href":"https:\/\/evertonfc.cz\/index.php\/wp-json\/wp\/v2\/tags?post=1942"}],"curies":[{"name":"wp","href":"https:\/\/api.w.org\/{rel}","templated":true}]}}