{"id":19437,"date":"2022-09-01T17:55:53","date_gmt":"2022-09-01T15:55:53","guid":{"rendered":"https:\/\/evertonfc.cz\/?p=19437"},"modified":"2022-09-01T19:40:33","modified_gmt":"2022-09-01T17:40:33","slug":"navrat-senegalskeho-prince","status":"publish","type":"post","link":"https:\/\/evertonfc.cz\/index.php\/2022\/09\/01\/navrat-senegalskeho-prince\/","title":{"rendered":"N\u00e1vrat senegalsk\u00e9ho prince"},"content":{"rendered":"<h4>Everton se netajil touhou p\u0159iv\u00e9st kvalitn\u00edho defenzivn\u00edho z\u00e1lo\u017en\u00edka a po dlouh\u00fdch jedn\u00e1n\u00edch nakonec usp\u011bl se svou snahou. Na Goodison Park se po t\u0159ech letech vrac\u00ed Idrissa Gana Gueye.<\/h4>\n<p>Toffees si brzy 33let\u00e9ho Senegalce uv\u00e1zali do roku 2024 a podle britsk\u00fdch m\u00e9di\u00ed za jeho p\u0159estup zaplatili pa\u0159\u00ed\u017esk\u00e9mu gigantovi jen dva miliony liber. Nesplnilo se tak Ganovo p\u0159\u00e1n\u00ed, hlavn\u011b kv\u016fli kter\u00e9mu se prot\u00e1hla jedn\u00e1n\u00ed na d\u00e9le ne\u017e m\u011bs\u00edc. Hr\u00e1\u010d toti\u017e p\u016fvodn\u011b tou\u017eil, aby ho Paris Saint-Germain rok p\u0159ed koncem smlouvy vyplatil a do Evertonu by posl\u00e9ze p\u0159i\u0161el jako voln\u00fd hr\u00e1\u010d se \u0161\u0165avnat\u00fdm podpisov\u00fdm bonusem.<\/p>\n<p><em>\u201eNezn\u00e1m lep\u0161\u00ed pocit ne\u017e se vr\u00e1tit dom\u016f. Jsem velmi \u0161\u0165astn\u00fd, \u017ee mohu op\u011bt hr\u00e1t za Everton a pokusit se b\u00fdt prosp\u011b\u0161n\u00fd pro t\u00fdm. Na h\u0159i\u0161ti nech\u00e1m v\u0161e, to mi v\u011b\u0159te. I po m\u00e9m odchodu jsem sledoval, jak se Evertonu da\u0159\u00ed a s n\u011bkolika hr\u00e1\u010di jsem po cel\u00fd \u010das z\u016fst\u00e1val v kontaktu. Miluji tento klub, snad n\u00e1s \u010dek\u00e1 \u00fasp\u011b\u0161n\u00e1 sez\u00f3na,\u201d<\/em>\u00a0 prozradil Gana, kter\u00fd bude nosit dres s \u010d\u00edslem 27.<\/p>\n<p>Gueyeho asi net\u0159eba p\u0159\u00edli\u0161 p\u0159edstavovat, p\u0159esto nab\u00edz\u00edme k p\u0159e\u010dten\u00ed jeho <a href=\"https:\/\/evertonfc.cz\/index.php\/soupiska\/idrissa-gana-gueye\/\">podrobn\u00fd a dob\u0159e napsan\u00fd profil<\/a>. Suma sum\u00e1rum: Zku\u0161en\u00fd st\u0159edopola\u0159 si p\u0159ed t\u0159emi lety splnil sen a p\u0159estoupil z Evertonu za t\u00e9m\u011b\u0159 30 milion\u016f liber do Pa\u0159\u00ed\u017ee, aby si vyzkou\u0161el fotbal na t\u00e9 nejvy\u0161\u0161\u00ed \u00farovni. Na Goodison Parku p\u0159itom p\u016fsobil t\u0159i roky, b\u011bhem nich\u017e se za\u0159adil mezi nejlep\u0161\u00ed defenzivn\u00ed z\u00e1lo\u017en\u00edky ligy.<\/p>\n<p>Za Karamelky odehr\u00e1l 108 z\u00e1pas\u016f, vst\u0159elil \u010dty\u0159i branky a na dal\u0161\u00edch p\u011bt p\u0159ihr\u00e1l. Po dobu jeho p\u016fsoben\u00ed u Blues si \u017e\u00e1dn\u00fd jin\u00fd hr\u00e1\u010d v Premier League nep\u0159ipsal v\u00edce defenzivn\u00edch z\u00e1krok\u016f.<\/p>\n<p>Kdy\u017e ho Everton v roce 2016 kupoval za sedm mili\u00f3n\u016f liber ze sestupuj\u00edc\u00ed Aston Villy, asi neo\u010dek\u00e1val, jak\u00fd\u017ee to na\u0161el klenot. Gana, i kdy\u017e men\u0161\u00edho vzr\u016fstu, byl na h\u0159i\u0161ti nep\u0159ehl\u00e9dnuteln\u00fd. A to zejm\u00e9na sv\u00fdm ne\u00fanavn\u00fdm pohybem, fantastick\u00fdm \u010dten\u00edm hry, jistotou na m\u00ed\u010di a zm\u00edn\u011bn\u00fdmi skv\u011bl\u00fdmi obrann\u00fdmi z\u00e1kroky.<\/p>\n<p>Kupuje nyn\u00ed Everton stejn\u011b kvalitn\u00edho hr\u00e1\u010de, jak\u00e9ho p\u0159ed t\u0159emi roky velmi neochotn\u011b prod\u00e1val? Tyto opr\u00e1vn\u011bn\u00e9 pochybnosti rozlousknou a\u017e samotn\u00e9 v\u00fdkony hr\u00e1\u010de, podle report\u016f z Francie si ale Gueye udr\u017eoval v PSG vysokou v\u00fdkonnost. V nabit\u00e9m k\u00e1dru pln\u00e9m hv\u011bzd hr\u00e1val pravideln\u011b, za t\u0159i roky odkopal 111 z\u00e1pas\u016f s bilanc\u00ed sedmi branek a \u0161esti asistenc\u00ed. Dvakr\u00e1t se stal francouzsk\u00fdm mistrem a v Lize mistr\u016f, nejlep\u0161\u00ed fotbalov\u00e9 sout\u011b\u017ei, se rozhodn\u011b neztratil.<\/p>\n<p><img loading=\"lazy\" decoding=\"async\" class=\"wp-image-19436 size-full aligncenter\" src=\"https:\/\/evertonfc.cz\/wp-content\/uploads\/2022\/08\/gana_messi_9_8_2022.jpg\" alt=\"\" width=\"640\" height=\"360\" srcset=\"https:\/\/evertonfc.cz\/wp-content\/uploads\/2022\/08\/gana_messi_9_8_2022.jpg 640w, https:\/\/evertonfc.cz\/wp-content\/uploads\/2022\/08\/gana_messi_9_8_2022-300x169.jpg 300w\" sizes=\"(max-width: 640px) 100vw, 640px\" \/><\/p>\n<p>Pa\u0159\u00ed\u017ean\u00e9 v l\u00e9t\u011b najali nov\u00e9ho tren\u00e9ra Christopha Galtiera (ano, loni se jeho jm\u00e9no spojovalo s Evertonem), kter\u00fd na startu nov\u00e9 \u00e9ry po\u010d\u00edt\u00e1 s mlad\u0161\u00edmi hr\u00e1\u010di.<\/p>\n<p>Everton bez sebemen\u0161\u00edch debat pot\u0159eboval pos\u00edlit post defenzivn\u00edho z\u00e1lo\u017en\u00edka, Gana p\u0159in\u00e1\u0161\u00ed okam\u017eitou kvalitu za slu\u0161n\u00e9 pen\u00edze. Toffees by byli bl\u00e1zni, pokud by pohrdli.<\/p>\n","protected":false},"excerpt":{"rendered":"<p>Everton se netajil touhou p\u0159iv\u00e9st kvalitn\u00edho defenzivn\u00edho z\u00e1lo\u017en\u00edka a po dlouh\u00fdch jedn\u00e1n\u00edch nakonec usp\u011bl se svou snahou. Na Goodison Park se po t\u0159ech letech vrac\u00ed Idrissa Gana Gueye.<\/p>\n","protected":false},"author":6,"featured_media":19671,"comment_status":"open","ping_status":"closed","sticky":false,"template":"","format":"standard","meta":{"_eb_attr":"","_monsterinsights_skip_tracking":false,"_monsterinsights_sitenote_active":false,"_monsterinsights_sitenote_note":"","_monsterinsights_sitenote_category":0,"footnotes":""},"categories":[41],"tags":[],"yoast_head":"<!-- This site is optimized with the Yoast SEO plugin v23.4 - https:\/\/yoast.com\/wordpress\/plugins\/seo\/ -->\n<title>N\u00e1vrat senegalsk\u00e9ho prince - Official Czech &amp; Slovak Everton Supporters&#039; Club<\/title>\n<meta name=\"description\" content=\"Everton se netajil touhou p\u0159iv\u00e9st kvalitn\u00edho defenzivn\u00edho z\u00e1lo\u017en\u00edka a po dlouh\u00fdch jedn\u00e1n\u00edch se svou snahou nakonec usp\u011bl. Na Goodison Park se po t\u0159ech letech vrac\u00ed Idrissa Gana Gueye.\" \/>\n<meta name=\"robots\" content=\"index, follow, max-snippet:-1, max-image-preview:large, max-video-preview:-1\" \/>\n<link rel=\"canonical\" href=\"https:\/\/evertonfc.cz\/index.php\/2022\/09\/01\/navrat-senegalskeho-prince\/\" \/>\n<meta property=\"og:locale\" content=\"cs_CZ\" \/>\n<meta property=\"og:type\" content=\"article\" \/>\n<meta property=\"og:title\" content=\"N\u00e1vrat senegalsk\u00e9ho prince - Official Czech &amp; Slovak Everton Supporters&#039; Club\" \/>\n<meta property=\"og:description\" content=\"Everton se netajil touhou p\u0159iv\u00e9st kvalitn\u00edho defenzivn\u00edho z\u00e1lo\u017en\u00edka a po dlouh\u00fdch jedn\u00e1n\u00edch se svou snahou nakonec usp\u011bl. Na Goodison Park se po t\u0159ech letech vrac\u00ed Idrissa Gana Gueye.\" \/>\n<meta property=\"og:url\" content=\"https:\/\/evertonfc.cz\/index.php\/2022\/09\/01\/navrat-senegalskeho-prince\/\" \/>\n<meta property=\"og:site_name\" content=\"Official Czech &amp; Slovak Everton Supporters&#039; Club\" \/>\n<meta property=\"article:publisher\" content=\"https:\/\/www.facebook.com\/everton.fans.cz.sk\" \/>\n<meta property=\"article:published_time\" content=\"2022-09-01T15:55:53+00:00\" \/>\n<meta property=\"article:modified_time\" content=\"2022-09-01T17:40:33+00:00\" \/>\n<meta property=\"og:image\" content=\"https:\/\/evertonfc.cz\/wp-content\/uploads\/2022\/09\/gana_1_9_2022.jpg\" \/>\n\t<meta property=\"og:image:width\" content=\"720\" \/>\n\t<meta property=\"og:image:height\" content=\"405\" \/>\n\t<meta property=\"og:image:type\" content=\"image\/jpeg\" \/>\n<meta name=\"author\" content=\"Ri\u010di\" \/>\n<meta name=\"twitter:card\" content=\"summary_large_image\" \/>\n<meta name=\"twitter:creator\" content=\"@rbrejsa\" \/>\n<meta name=\"twitter:label1\" content=\"Napsal(a)\" \/>\n\t<meta name=\"twitter:data1\" content=\"Ri\u010di\" \/>\n\t<meta name=\"twitter:label2\" content=\"Odhadovan\u00e1 doba \u010dten\u00ed\" \/>\n\t<meta name=\"twitter:data2\" content=\"3 minuty\" \/>\n<script type=\"application\/ld+json\" class=\"yoast-schema-graph\">{\"@context\":\"https:\/\/schema.org\",\"@graph\":[{\"@type\":\"Article\",\"@id\":\"https:\/\/evertonfc.cz\/index.php\/2022\/09\/01\/navrat-senegalskeho-prince\/#article\",\"isPartOf\":{\"@id\":\"https:\/\/evertonfc.cz\/index.php\/2022\/09\/01\/navrat-senegalskeho-prince\/\"},\"author\":{\"name\":\"Ri\u010di\",\"@id\":\"https:\/\/evertonfc.cz\/#\/schema\/person\/f7a5daedb2ffee98480bc70e191aaef1\"},\"headline\":\"N\u00e1vrat senegalsk\u00e9ho prince\",\"datePublished\":\"2022-09-01T15:55:53+00:00\",\"dateModified\":\"2022-09-01T17:40:33+00:00\",\"mainEntityOfPage\":{\"@id\":\"https:\/\/evertonfc.cz\/index.php\/2022\/09\/01\/navrat-senegalskeho-prince\/\"},\"wordCount\":574,\"commentCount\":0,\"publisher\":{\"@id\":\"https:\/\/evertonfc.cz\/#organization\"},\"image\":{\"@id\":\"https:\/\/evertonfc.cz\/index.php\/2022\/09\/01\/navrat-senegalskeho-prince\/#primaryimage\"},\"thumbnailUrl\":\"https:\/\/evertonfc.cz\/wp-content\/uploads\/2022\/09\/gana_1_9_2022.jpg\",\"articleSection\":[\"P\u0159estupy\"],\"inLanguage\":\"cs\",\"potentialAction\":[{\"@type\":\"CommentAction\",\"name\":\"Comment\",\"target\":[\"https:\/\/evertonfc.cz\/index.php\/2022\/09\/01\/navrat-senegalskeho-prince\/#respond\"]}]},{\"@type\":\"WebPage\",\"@id\":\"https:\/\/evertonfc.cz\/index.php\/2022\/09\/01\/navrat-senegalskeho-prince\/\",\"url\":\"https:\/\/evertonfc.cz\/index.php\/2022\/09\/01\/navrat-senegalskeho-prince\/\",\"name\":\"N\u00e1vrat senegalsk\u00e9ho prince - Official Czech &amp; Slovak Everton Supporters&#039; Club\",\"isPartOf\":{\"@id\":\"https:\/\/evertonfc.cz\/#website\"},\"primaryImageOfPage\":{\"@id\":\"https:\/\/evertonfc.cz\/index.php\/2022\/09\/01\/navrat-senegalskeho-prince\/#primaryimage\"},\"image\":{\"@id\":\"https:\/\/evertonfc.cz\/index.php\/2022\/09\/01\/navrat-senegalskeho-prince\/#primaryimage\"},\"thumbnailUrl\":\"https:\/\/evertonfc.cz\/wp-content\/uploads\/2022\/09\/gana_1_9_2022.jpg\",\"datePublished\":\"2022-09-01T15:55:53+00:00\",\"dateModified\":\"2022-09-01T17:40:33+00:00\",\"description\":\"Everton se netajil touhou p\u0159iv\u00e9st kvalitn\u00edho defenzivn\u00edho z\u00e1lo\u017en\u00edka a po dlouh\u00fdch jedn\u00e1n\u00edch se svou snahou nakonec usp\u011bl. Na Goodison Park se po t\u0159ech letech vrac\u00ed Idrissa Gana Gueye.\",\"breadcrumb\":{\"@id\":\"https:\/\/evertonfc.cz\/index.php\/2022\/09\/01\/navrat-senegalskeho-prince\/#breadcrumb\"},\"inLanguage\":\"cs\",\"potentialAction\":[{\"@type\":\"ReadAction\",\"target\":[\"https:\/\/evertonfc.cz\/index.php\/2022\/09\/01\/navrat-senegalskeho-prince\/\"]}]},{\"@type\":\"ImageObject\",\"inLanguage\":\"cs\",\"@id\":\"https:\/\/evertonfc.cz\/index.php\/2022\/09\/01\/navrat-senegalskeho-prince\/#primaryimage\",\"url\":\"https:\/\/evertonfc.cz\/wp-content\/uploads\/2022\/09\/gana_1_9_2022.jpg\",\"contentUrl\":\"https:\/\/evertonfc.cz\/wp-content\/uploads\/2022\/09\/gana_1_9_2022.jpg\",\"width\":720,\"height\":405},{\"@type\":\"BreadcrumbList\",\"@id\":\"https:\/\/evertonfc.cz\/index.php\/2022\/09\/01\/navrat-senegalskeho-prince\/#breadcrumb\",\"itemListElement\":[{\"@type\":\"ListItem\",\"position\":1,\"name\":\"Home\",\"item\":\"https:\/\/evertonfc.cz\/\"},{\"@type\":\"ListItem\",\"position\":2,\"name\":\"N\u00e1vrat senegalsk\u00e9ho prince\"}]},{\"@type\":\"WebSite\",\"@id\":\"https:\/\/evertonfc.cz\/#website\",\"url\":\"https:\/\/evertonfc.cz\/\",\"name\":\"Official Czech &amp; Slovak Everton Supporters&#039; Club\",\"description\":\"\",\"publisher\":{\"@id\":\"https:\/\/evertonfc.cz\/#organization\"},\"potentialAction\":[{\"@type\":\"SearchAction\",\"target\":{\"@type\":\"EntryPoint\",\"urlTemplate\":\"https:\/\/evertonfc.cz\/?s={search_term_string}\"},\"query-input\":{\"@type\":\"PropertyValueSpecification\",\"valueRequired\":true,\"valueName\":\"search_term_string\"}}],\"inLanguage\":\"cs\"},{\"@type\":\"Organization\",\"@id\":\"https:\/\/evertonfc.cz\/#organization\",\"name\":\"Official Czech & Slovak Everton Supporters' Club\",\"url\":\"https:\/\/evertonfc.cz\/\",\"logo\":{\"@type\":\"ImageObject\",\"inLanguage\":\"cs\",\"@id\":\"https:\/\/evertonfc.cz\/#\/schema\/logo\/image\/\",\"url\":\"https:\/\/evertonfc.cz\/wp-content\/uploads\/2019\/05\/logo.png\",\"contentUrl\":\"https:\/\/evertonfc.cz\/wp-content\/uploads\/2019\/05\/logo.png\",\"width\":112,\"height\":112,\"caption\":\"Official Czech & Slovak Everton Supporters' Club\"},\"image\":{\"@id\":\"https:\/\/evertonfc.cz\/#\/schema\/logo\/image\/\"},\"sameAs\":[\"https:\/\/www.facebook.com\/everton.fans.cz.sk\"]},{\"@type\":\"Person\",\"@id\":\"https:\/\/evertonfc.cz\/#\/schema\/person\/f7a5daedb2ffee98480bc70e191aaef1\",\"name\":\"Ri\u010di\",\"sameAs\":[\"https:\/\/x.com\/rbrejsa\"],\"url\":\"https:\/\/evertonfc.cz\/index.php\/author\/rici\/\"}]}<\/script>\n<!-- \/ Yoast SEO plugin. -->","yoast_head_json":{"title":"N\u00e1vrat senegalsk\u00e9ho prince - Official Czech &amp; Slovak Everton Supporters&#039; Club","description":"Everton se netajil touhou p\u0159iv\u00e9st kvalitn\u00edho defenzivn\u00edho z\u00e1lo\u017en\u00edka a po dlouh\u00fdch jedn\u00e1n\u00edch se svou snahou nakonec usp\u011bl. Na Goodison Park se po t\u0159ech letech vrac\u00ed Idrissa Gana Gueye.","robots":{"index":"index","follow":"follow","max-snippet":"max-snippet:-1","max-image-preview":"max-image-preview:large","max-video-preview":"max-video-preview:-1"},"canonical":"https:\/\/evertonfc.cz\/index.php\/2022\/09\/01\/navrat-senegalskeho-prince\/","og_locale":"cs_CZ","og_type":"article","og_title":"N\u00e1vrat senegalsk\u00e9ho prince - Official Czech &amp; Slovak Everton Supporters&#039; Club","og_description":"Everton se netajil touhou p\u0159iv\u00e9st kvalitn\u00edho defenzivn\u00edho z\u00e1lo\u017en\u00edka a po dlouh\u00fdch jedn\u00e1n\u00edch se svou snahou nakonec usp\u011bl. Na Goodison Park se po t\u0159ech letech vrac\u00ed Idrissa Gana Gueye.","og_url":"https:\/\/evertonfc.cz\/index.php\/2022\/09\/01\/navrat-senegalskeho-prince\/","og_site_name":"Official Czech &amp; Slovak Everton Supporters&#039; Club","article_publisher":"https:\/\/www.facebook.com\/everton.fans.cz.sk","article_published_time":"2022-09-01T15:55:53+00:00","article_modified_time":"2022-09-01T17:40:33+00:00","og_image":[{"width":720,"height":405,"url":"https:\/\/evertonfc.cz\/wp-content\/uploads\/2022\/09\/gana_1_9_2022.jpg","type":"image\/jpeg"}],"author":"Ri\u010di","twitter_card":"summary_large_image","twitter_creator":"@rbrejsa","twitter_misc":{"Napsal(a)":"Ri\u010di","Odhadovan\u00e1 doba \u010dten\u00ed":"3 minuty"},"schema":{"@context":"https:\/\/schema.org","@graph":[{"@type":"Article","@id":"https:\/\/evertonfc.cz\/index.php\/2022\/09\/01\/navrat-senegalskeho-prince\/#article","isPartOf":{"@id":"https:\/\/evertonfc.cz\/index.php\/2022\/09\/01\/navrat-senegalskeho-prince\/"},"author":{"name":"Ri\u010di","@id":"https:\/\/evertonfc.cz\/#\/schema\/person\/f7a5daedb2ffee98480bc70e191aaef1"},"headline":"N\u00e1vrat senegalsk\u00e9ho prince","datePublished":"2022-09-01T15:55:53+00:00","dateModified":"2022-09-01T17:40:33+00:00","mainEntityOfPage":{"@id":"https:\/\/evertonfc.cz\/index.php\/2022\/09\/01\/navrat-senegalskeho-prince\/"},"wordCount":574,"commentCount":0,"publisher":{"@id":"https:\/\/evertonfc.cz\/#organization"},"image":{"@id":"https:\/\/evertonfc.cz\/index.php\/2022\/09\/01\/navrat-senegalskeho-prince\/#primaryimage"},"thumbnailUrl":"https:\/\/evertonfc.cz\/wp-content\/uploads\/2022\/09\/gana_1_9_2022.jpg","articleSection":["P\u0159estupy"],"inLanguage":"cs","potentialAction":[{"@type":"CommentAction","name":"Comment","target":["https:\/\/evertonfc.cz\/index.php\/2022\/09\/01\/navrat-senegalskeho-prince\/#respond"]}]},{"@type":"WebPage","@id":"https:\/\/evertonfc.cz\/index.php\/2022\/09\/01\/navrat-senegalskeho-prince\/","url":"https:\/\/evertonfc.cz\/index.php\/2022\/09\/01\/navrat-senegalskeho-prince\/","name":"N\u00e1vrat senegalsk\u00e9ho prince - Official Czech &amp; Slovak Everton Supporters&#039; Club","isPartOf":{"@id":"https:\/\/evertonfc.cz\/#website"},"primaryImageOfPage":{"@id":"https:\/\/evertonfc.cz\/index.php\/2022\/09\/01\/navrat-senegalskeho-prince\/#primaryimage"},"image":{"@id":"https:\/\/evertonfc.cz\/index.php\/2022\/09\/01\/navrat-senegalskeho-prince\/#primaryimage"},"thumbnailUrl":"https:\/\/evertonfc.cz\/wp-content\/uploads\/2022\/09\/gana_1_9_2022.jpg","datePublished":"2022-09-01T15:55:53+00:00","dateModified":"2022-09-01T17:40:33+00:00","description":"Everton se netajil touhou p\u0159iv\u00e9st kvalitn\u00edho defenzivn\u00edho z\u00e1lo\u017en\u00edka a po dlouh\u00fdch jedn\u00e1n\u00edch se svou snahou nakonec usp\u011bl. Na Goodison Park se po t\u0159ech letech vrac\u00ed Idrissa Gana Gueye.","breadcrumb":{"@id":"https:\/\/evertonfc.cz\/index.php\/2022\/09\/01\/navrat-senegalskeho-prince\/#breadcrumb"},"inLanguage":"cs","potentialAction":[{"@type":"ReadAction","target":["https:\/\/evertonfc.cz\/index.php\/2022\/09\/01\/navrat-senegalskeho-prince\/"]}]},{"@type":"ImageObject","inLanguage":"cs","@id":"https:\/\/evertonfc.cz\/index.php\/2022\/09\/01\/navrat-senegalskeho-prince\/#primaryimage","url":"https:\/\/evertonfc.cz\/wp-content\/uploads\/2022\/09\/gana_1_9_2022.jpg","contentUrl":"https:\/\/evertonfc.cz\/wp-content\/uploads\/2022\/09\/gana_1_9_2022.jpg","width":720,"height":405},{"@type":"BreadcrumbList","@id":"https:\/\/evertonfc.cz\/index.php\/2022\/09\/01\/navrat-senegalskeho-prince\/#breadcrumb","itemListElement":[{"@type":"ListItem","position":1,"name":"Home","item":"https:\/\/evertonfc.cz\/"},{"@type":"ListItem","position":2,"name":"N\u00e1vrat senegalsk\u00e9ho prince"}]},{"@type":"WebSite","@id":"https:\/\/evertonfc.cz\/#website","url":"https:\/\/evertonfc.cz\/","name":"Official Czech &amp; Slovak Everton Supporters&#039; Club","description":"","publisher":{"@id":"https:\/\/evertonfc.cz\/#organization"},"potentialAction":[{"@type":"SearchAction","target":{"@type":"EntryPoint","urlTemplate":"https:\/\/evertonfc.cz\/?s={search_term_string}"},"query-input":{"@type":"PropertyValueSpecification","valueRequired":true,"valueName":"search_term_string"}}],"inLanguage":"cs"},{"@type":"Organization","@id":"https:\/\/evertonfc.cz\/#organization","name":"Official Czech & Slovak Everton Supporters' Club","url":"https:\/\/evertonfc.cz\/","logo":{"@type":"ImageObject","inLanguage":"cs","@id":"https:\/\/evertonfc.cz\/#\/schema\/logo\/image\/","url":"https:\/\/evertonfc.cz\/wp-content\/uploads\/2019\/05\/logo.png","contentUrl":"https:\/\/evertonfc.cz\/wp-content\/uploads\/2019\/05\/logo.png","width":112,"height":112,"caption":"Official Czech & Slovak Everton Supporters' Club"},"image":{"@id":"https:\/\/evertonfc.cz\/#\/schema\/logo\/image\/"},"sameAs":["https:\/\/www.facebook.com\/everton.fans.cz.sk"]},{"@type":"Person","@id":"https:\/\/evertonfc.cz\/#\/schema\/person\/f7a5daedb2ffee98480bc70e191aaef1","name":"Ri\u010di","sameAs":["https:\/\/x.com\/rbrejsa"],"url":"https:\/\/evertonfc.cz\/index.php\/author\/rici\/"}]}},"_links":{"self":[{"href":"https:\/\/evertonfc.cz\/index.php\/wp-json\/wp\/v2\/posts\/19437"}],"collection":[{"href":"https:\/\/evertonfc.cz\/index.php\/wp-json\/wp\/v2\/posts"}],"about":[{"href":"https:\/\/evertonfc.cz\/index.php\/wp-json\/wp\/v2\/types\/post"}],"author":[{"embeddable":true,"href":"https:\/\/evertonfc.cz\/index.php\/wp-json\/wp\/v2\/users\/6"}],"replies":[{"embeddable":true,"href":"https:\/\/evertonfc.cz\/index.php\/wp-json\/wp\/v2\/comments?post=19437"}],"version-history":[{"count":12,"href":"https:\/\/evertonfc.cz\/index.php\/wp-json\/wp\/v2\/posts\/19437\/revisions"}],"predecessor-version":[{"id":19673,"href":"https:\/\/evertonfc.cz\/index.php\/wp-json\/wp\/v2\/posts\/19437\/revisions\/19673"}],"wp:featuredmedia":[{"embeddable":true,"href":"https:\/\/evertonfc.cz\/index.php\/wp-json\/wp\/v2\/media\/19671"}],"wp:attachment":[{"href":"https:\/\/evertonfc.cz\/index.php\/wp-json\/wp\/v2\/media?parent=19437"}],"wp:term":[{"taxonomy":"category","embeddable":true,"href":"https:\/\/evertonfc.cz\/index.php\/wp-json\/wp\/v2\/categories?post=19437"},{"taxonomy":"post_tag","embeddable":true,"href":"https:\/\/evertonfc.cz\/index.php\/wp-json\/wp\/v2\/tags?post=19437"}],"curies":[{"name":"wp","href":"https:\/\/api.w.org\/{rel}","templated":true}]}}