{"id":19445,"date":"2022-08-11T16:56:10","date_gmt":"2022-08-11T14:56:10","guid":{"rendered":"https:\/\/evertonfc.cz\/?p=19445"},"modified":"2022-08-11T17:55:58","modified_gmt":"2022-08-11T15:55:58","slug":"dalsi-posilou-pro-blue-girls-je-katrine-veje","status":"publish","type":"post","link":"https:\/\/evertonfc.cz\/index.php\/2022\/08\/11\/dalsi-posilou-pro-blue-girls-je-katrine-veje\/","title":{"rendered":"Dal\u0161\u00ed posilou pro Blue Girls je Katrine Veje"},"content":{"rendered":"<h4>Katrine Vejsgaard Veje je \u0161estou letn\u00ed posilou v t\u00fdmu Briana Sorensena.<\/h4>\n<p>D\u00e1nsk\u00e1 obr\u00e1nkyn\u011b Katrine Veje podepsala s Evertonem dvouletou smlouvu do konce \u010dervna 2024.Jednat\u0159icetilet\u00e1 hr\u00e1\u010dka, kter\u00e1 s Arsenalem z\u00edskala titul v Barclays Women&#8217;s Super League, se k Blues p\u0159ipojuje s p\u016fsobivou sb\u00edrkou trofej\u00ed, kter\u00e9 dosud z\u00edskala ve \u0161v\u00e9dsk\u00e9, d\u00e1nsk\u00e9, severoamerick\u00e9 a anglick\u00e9 nejvy\u0161\u0161\u00ed sout\u011b\u017ei.<\/p>\n<p>Zku\u0161en\u00e1 lev\u00e1 obr\u00e1nkyn\u011b, kter\u00e1 m\u016f\u017ee hr\u00e1t i na k\u0159\u00eddle a ve st\u0159edu pole, m\u00e1 na kont\u011b 140 reprezenta\u010dn\u00edch start\u016f a je \u0161estou letn\u00ed posilou. Katrine se k Evertonu p\u0159ipojuje po sv\u00e9m \u010dtvrt\u00e9m letn\u00edm mistrovstv\u00ed Evropy, kde reprezentovala D\u00e1nsko po boku nov\u00fdch klubov\u00fdch spoluhr\u00e1\u010dek sester Holmgaardov\u00fdch.<\/p>\n<p>Veje za\u010dala svou kari\u00e9ru v D\u00e1nsku v t\u00fdmu Odense BK, pot\u00e9 \u00fasp\u011b\u0161n\u011b p\u016fsobila v Malm\u00f6 a Brondby, mezi kter\u00e9 se vkl\u00ednilo p\u016fsoben\u00ed v USA v t\u00fdmu Seattle Reign. V sez\u00f3n\u011b 2017\/18 hr\u00e1la ve Francii za Montpellier, v n\u00e1sleduj\u00edc\u00ed sez\u00f3n\u011b se st\u011bhovala do Arsenalu a v roce 2020 se vr\u00e1tila do \u0160v\u00e9dska, do t\u00fdmu FC Rosengard.<\/p>\n<p>K p\u0159estupu do Merseyside Kartine tak\u00e9 bezpochyby p\u0159esv\u011bd\u010dila l\u00e1kav\u00e1 spolupr\u00e1ce s mana\u017eerem Brianem Sorensenem:<\/p>\n<blockquote><p>S Brianem jako mana\u017eerem &#8211; a s t\u00edm, \u017ee zn\u00e1m n\u011bkter\u00e9 d\u00e1nsk\u00e9 a \u0161v\u00e9dsk\u00e9 d\u00edvky tady &#8211; bylo rozhodnut\u00ed podepsat smlouvu s Evertonem je\u0161t\u011b snaz\u0161\u00ed.<\/p>\n<p>M\u00fdm snem je dov\u00e9st tento t\u00fdm na jedno z prvn\u00edch p\u011bti m\u00edst v t\u00e9to lize. C\u00edt\u00edm, \u017ee m\u00e1me hr\u00e1\u010de na to, aby to bylo mo\u017en\u00e9, v t\u00fdmu je spousta internacion\u00e1l\u016f a tak\u00e9 hodn\u011b dobr\u00fdch anglick\u00fdch hr\u00e1\u010d\u016f.<\/p><\/blockquote>\n<p>&nbsp;<\/p>\n","protected":false},"excerpt":{"rendered":"<p>Katrine Vejsgaard Veje je \u0161estou letn\u00ed posilou v t\u00fdmu Briana Sorensena.<\/p>\n","protected":false},"author":562,"featured_media":19444,"comment_status":"open","ping_status":"closed","sticky":false,"template":"","format":"standard","meta":{"_eb_attr":"","_monsterinsights_skip_tracking":false,"_monsterinsights_sitenote_active":false,"_monsterinsights_sitenote_note":"","_monsterinsights_sitenote_category":0,"footnotes":""},"categories":[110],"tags":[],"yoast_head":"<!-- This site is optimized with the Yoast SEO plugin v23.4 - https:\/\/yoast.com\/wordpress\/plugins\/seo\/ -->\n<title>Dal\u0161\u00ed posilou pro Blue Girls je Katrine Veje - Official Czech &amp; Slovak Everton Supporters&#039; Club<\/title>\n<meta name=\"robots\" content=\"index, follow, max-snippet:-1, max-image-preview:large, max-video-preview:-1\" \/>\n<link rel=\"canonical\" href=\"https:\/\/evertonfc.cz\/index.php\/2022\/08\/11\/dalsi-posilou-pro-blue-girls-je-katrine-veje\/\" \/>\n<meta property=\"og:locale\" content=\"cs_CZ\" \/>\n<meta property=\"og:type\" content=\"article\" \/>\n<meta property=\"og:title\" content=\"Dal\u0161\u00ed posilou pro Blue Girls je Katrine Veje - Official Czech &amp; Slovak Everton Supporters&#039; Club\" \/>\n<meta property=\"og:description\" content=\"Katrine Vejsgaard Veje je \u0161estou letn\u00ed posilou v t\u00fdmu Briana Sorensena.\" \/>\n<meta property=\"og:url\" content=\"https:\/\/evertonfc.cz\/index.php\/2022\/08\/11\/dalsi-posilou-pro-blue-girls-je-katrine-veje\/\" \/>\n<meta property=\"og:site_name\" content=\"Official Czech &amp; Slovak Everton Supporters&#039; Club\" \/>\n<meta property=\"article:publisher\" content=\"https:\/\/www.facebook.com\/everton.fans.cz.sk\" \/>\n<meta property=\"article:published_time\" content=\"2022-08-11T14:56:10+00:00\" \/>\n<meta property=\"article:modified_time\" content=\"2022-08-11T15:55:58+00:00\" \/>\n<meta property=\"og:image\" content=\"https:\/\/evertonfc.cz\/wp-content\/uploads\/2022\/08\/Katrine-Veje-11_08_2022.jpg\" \/>\n\t<meta property=\"og:image:width\" content=\"720\" \/>\n\t<meta property=\"og:image:height\" content=\"405\" \/>\n\t<meta property=\"og:image:type\" content=\"image\/jpeg\" \/>\n<meta name=\"author\" content=\"Petr\" \/>\n<meta name=\"twitter:card\" content=\"summary_large_image\" \/>\n<meta name=\"twitter:label1\" content=\"Napsal(a)\" \/>\n\t<meta name=\"twitter:data1\" content=\"Petr\" \/>\n\t<meta name=\"twitter:label2\" content=\"Odhadovan\u00e1 doba \u010dten\u00ed\" \/>\n\t<meta name=\"twitter:data2\" content=\"2 minuty\" \/>\n<script type=\"application\/ld+json\" class=\"yoast-schema-graph\">{\"@context\":\"https:\/\/schema.org\",\"@graph\":[{\"@type\":\"Article\",\"@id\":\"https:\/\/evertonfc.cz\/index.php\/2022\/08\/11\/dalsi-posilou-pro-blue-girls-je-katrine-veje\/#article\",\"isPartOf\":{\"@id\":\"https:\/\/evertonfc.cz\/index.php\/2022\/08\/11\/dalsi-posilou-pro-blue-girls-je-katrine-veje\/\"},\"author\":{\"name\":\"Petr\",\"@id\":\"https:\/\/evertonfc.cz\/#\/schema\/person\/5b54d20cd919070efc6fd6f92621fc50\"},\"headline\":\"Dal\u0161\u00ed posilou pro Blue Girls je Katrine Veje\",\"datePublished\":\"2022-08-11T14:56:10+00:00\",\"dateModified\":\"2022-08-11T15:55:58+00:00\",\"mainEntityOfPage\":{\"@id\":\"https:\/\/evertonfc.cz\/index.php\/2022\/08\/11\/dalsi-posilou-pro-blue-girls-je-katrine-veje\/\"},\"wordCount\":314,\"commentCount\":3,\"publisher\":{\"@id\":\"https:\/\/evertonfc.cz\/#organization\"},\"image\":{\"@id\":\"https:\/\/evertonfc.cz\/index.php\/2022\/08\/11\/dalsi-posilou-pro-blue-girls-je-katrine-veje\/#primaryimage\"},\"thumbnailUrl\":\"https:\/\/evertonfc.cz\/wp-content\/uploads\/2022\/08\/Katrine-Veje-11_08_2022.jpg\",\"articleSection\":[\"Everton Women\"],\"inLanguage\":\"cs\",\"potentialAction\":[{\"@type\":\"CommentAction\",\"name\":\"Comment\",\"target\":[\"https:\/\/evertonfc.cz\/index.php\/2022\/08\/11\/dalsi-posilou-pro-blue-girls-je-katrine-veje\/#respond\"]}]},{\"@type\":\"WebPage\",\"@id\":\"https:\/\/evertonfc.cz\/index.php\/2022\/08\/11\/dalsi-posilou-pro-blue-girls-je-katrine-veje\/\",\"url\":\"https:\/\/evertonfc.cz\/index.php\/2022\/08\/11\/dalsi-posilou-pro-blue-girls-je-katrine-veje\/\",\"name\":\"Dal\u0161\u00ed posilou pro Blue Girls je Katrine Veje - Official Czech &amp; Slovak Everton Supporters&#039; Club\",\"isPartOf\":{\"@id\":\"https:\/\/evertonfc.cz\/#website\"},\"primaryImageOfPage\":{\"@id\":\"https:\/\/evertonfc.cz\/index.php\/2022\/08\/11\/dalsi-posilou-pro-blue-girls-je-katrine-veje\/#primaryimage\"},\"image\":{\"@id\":\"https:\/\/evertonfc.cz\/index.php\/2022\/08\/11\/dalsi-posilou-pro-blue-girls-je-katrine-veje\/#primaryimage\"},\"thumbnailUrl\":\"https:\/\/evertonfc.cz\/wp-content\/uploads\/2022\/08\/Katrine-Veje-11_08_2022.jpg\",\"datePublished\":\"2022-08-11T14:56:10+00:00\",\"dateModified\":\"2022-08-11T15:55:58+00:00\",\"breadcrumb\":{\"@id\":\"https:\/\/evertonfc.cz\/index.php\/2022\/08\/11\/dalsi-posilou-pro-blue-girls-je-katrine-veje\/#breadcrumb\"},\"inLanguage\":\"cs\",\"potentialAction\":[{\"@type\":\"ReadAction\",\"target\":[\"https:\/\/evertonfc.cz\/index.php\/2022\/08\/11\/dalsi-posilou-pro-blue-girls-je-katrine-veje\/\"]}]},{\"@type\":\"ImageObject\",\"inLanguage\":\"cs\",\"@id\":\"https:\/\/evertonfc.cz\/index.php\/2022\/08\/11\/dalsi-posilou-pro-blue-girls-je-katrine-veje\/#primaryimage\",\"url\":\"https:\/\/evertonfc.cz\/wp-content\/uploads\/2022\/08\/Katrine-Veje-11_08_2022.jpg\",\"contentUrl\":\"https:\/\/evertonfc.cz\/wp-content\/uploads\/2022\/08\/Katrine-Veje-11_08_2022.jpg\",\"width\":720,\"height\":405},{\"@type\":\"BreadcrumbList\",\"@id\":\"https:\/\/evertonfc.cz\/index.php\/2022\/08\/11\/dalsi-posilou-pro-blue-girls-je-katrine-veje\/#breadcrumb\",\"itemListElement\":[{\"@type\":\"ListItem\",\"position\":1,\"name\":\"Home\",\"item\":\"https:\/\/evertonfc.cz\/\"},{\"@type\":\"ListItem\",\"position\":2,\"name\":\"Dal\u0161\u00ed posilou pro Blue Girls je Katrine Veje\"}]},{\"@type\":\"WebSite\",\"@id\":\"https:\/\/evertonfc.cz\/#website\",\"url\":\"https:\/\/evertonfc.cz\/\",\"name\":\"Official Czech &amp; Slovak Everton Supporters&#039; Club\",\"description\":\"\",\"publisher\":{\"@id\":\"https:\/\/evertonfc.cz\/#organization\"},\"potentialAction\":[{\"@type\":\"SearchAction\",\"target\":{\"@type\":\"EntryPoint\",\"urlTemplate\":\"https:\/\/evertonfc.cz\/?s={search_term_string}\"},\"query-input\":{\"@type\":\"PropertyValueSpecification\",\"valueRequired\":true,\"valueName\":\"search_term_string\"}}],\"inLanguage\":\"cs\"},{\"@type\":\"Organization\",\"@id\":\"https:\/\/evertonfc.cz\/#organization\",\"name\":\"Official Czech & Slovak Everton Supporters' Club\",\"url\":\"https:\/\/evertonfc.cz\/\",\"logo\":{\"@type\":\"ImageObject\",\"inLanguage\":\"cs\",\"@id\":\"https:\/\/evertonfc.cz\/#\/schema\/logo\/image\/\",\"url\":\"https:\/\/evertonfc.cz\/wp-content\/uploads\/2019\/05\/logo.png\",\"contentUrl\":\"https:\/\/evertonfc.cz\/wp-content\/uploads\/2019\/05\/logo.png\",\"width\":112,\"height\":112,\"caption\":\"Official Czech & Slovak Everton Supporters' Club\"},\"image\":{\"@id\":\"https:\/\/evertonfc.cz\/#\/schema\/logo\/image\/\"},\"sameAs\":[\"https:\/\/www.facebook.com\/everton.fans.cz.sk\"]},{\"@type\":\"Person\",\"@id\":\"https:\/\/evertonfc.cz\/#\/schema\/person\/5b54d20cd919070efc6fd6f92621fc50\",\"name\":\"Petr\",\"url\":\"https:\/\/evertonfc.cz\/index.php\/author\/petr\/\"}]}<\/script>\n<!-- \/ Yoast SEO plugin. -->","yoast_head_json":{"title":"Dal\u0161\u00ed posilou pro Blue Girls je Katrine Veje - Official Czech &amp; Slovak Everton Supporters&#039; Club","robots":{"index":"index","follow":"follow","max-snippet":"max-snippet:-1","max-image-preview":"max-image-preview:large","max-video-preview":"max-video-preview:-1"},"canonical":"https:\/\/evertonfc.cz\/index.php\/2022\/08\/11\/dalsi-posilou-pro-blue-girls-je-katrine-veje\/","og_locale":"cs_CZ","og_type":"article","og_title":"Dal\u0161\u00ed posilou pro Blue Girls je Katrine Veje - Official Czech &amp; Slovak Everton Supporters&#039; Club","og_description":"Katrine Vejsgaard Veje je \u0161estou letn\u00ed posilou v t\u00fdmu Briana Sorensena.","og_url":"https:\/\/evertonfc.cz\/index.php\/2022\/08\/11\/dalsi-posilou-pro-blue-girls-je-katrine-veje\/","og_site_name":"Official Czech &amp; Slovak Everton Supporters&#039; Club","article_publisher":"https:\/\/www.facebook.com\/everton.fans.cz.sk","article_published_time":"2022-08-11T14:56:10+00:00","article_modified_time":"2022-08-11T15:55:58+00:00","og_image":[{"width":720,"height":405,"url":"https:\/\/evertonfc.cz\/wp-content\/uploads\/2022\/08\/Katrine-Veje-11_08_2022.jpg","type":"image\/jpeg"}],"author":"Petr","twitter_card":"summary_large_image","twitter_misc":{"Napsal(a)":"Petr","Odhadovan\u00e1 doba \u010dten\u00ed":"2 minuty"},"schema":{"@context":"https:\/\/schema.org","@graph":[{"@type":"Article","@id":"https:\/\/evertonfc.cz\/index.php\/2022\/08\/11\/dalsi-posilou-pro-blue-girls-je-katrine-veje\/#article","isPartOf":{"@id":"https:\/\/evertonfc.cz\/index.php\/2022\/08\/11\/dalsi-posilou-pro-blue-girls-je-katrine-veje\/"},"author":{"name":"Petr","@id":"https:\/\/evertonfc.cz\/#\/schema\/person\/5b54d20cd919070efc6fd6f92621fc50"},"headline":"Dal\u0161\u00ed posilou pro Blue Girls je Katrine Veje","datePublished":"2022-08-11T14:56:10+00:00","dateModified":"2022-08-11T15:55:58+00:00","mainEntityOfPage":{"@id":"https:\/\/evertonfc.cz\/index.php\/2022\/08\/11\/dalsi-posilou-pro-blue-girls-je-katrine-veje\/"},"wordCount":314,"commentCount":3,"publisher":{"@id":"https:\/\/evertonfc.cz\/#organization"},"image":{"@id":"https:\/\/evertonfc.cz\/index.php\/2022\/08\/11\/dalsi-posilou-pro-blue-girls-je-katrine-veje\/#primaryimage"},"thumbnailUrl":"https:\/\/evertonfc.cz\/wp-content\/uploads\/2022\/08\/Katrine-Veje-11_08_2022.jpg","articleSection":["Everton Women"],"inLanguage":"cs","potentialAction":[{"@type":"CommentAction","name":"Comment","target":["https:\/\/evertonfc.cz\/index.php\/2022\/08\/11\/dalsi-posilou-pro-blue-girls-je-katrine-veje\/#respond"]}]},{"@type":"WebPage","@id":"https:\/\/evertonfc.cz\/index.php\/2022\/08\/11\/dalsi-posilou-pro-blue-girls-je-katrine-veje\/","url":"https:\/\/evertonfc.cz\/index.php\/2022\/08\/11\/dalsi-posilou-pro-blue-girls-je-katrine-veje\/","name":"Dal\u0161\u00ed posilou pro Blue Girls je Katrine Veje - Official Czech &amp; Slovak Everton Supporters&#039; Club","isPartOf":{"@id":"https:\/\/evertonfc.cz\/#website"},"primaryImageOfPage":{"@id":"https:\/\/evertonfc.cz\/index.php\/2022\/08\/11\/dalsi-posilou-pro-blue-girls-je-katrine-veje\/#primaryimage"},"image":{"@id":"https:\/\/evertonfc.cz\/index.php\/2022\/08\/11\/dalsi-posilou-pro-blue-girls-je-katrine-veje\/#primaryimage"},"thumbnailUrl":"https:\/\/evertonfc.cz\/wp-content\/uploads\/2022\/08\/Katrine-Veje-11_08_2022.jpg","datePublished":"2022-08-11T14:56:10+00:00","dateModified":"2022-08-11T15:55:58+00:00","breadcrumb":{"@id":"https:\/\/evertonfc.cz\/index.php\/2022\/08\/11\/dalsi-posilou-pro-blue-girls-je-katrine-veje\/#breadcrumb"},"inLanguage":"cs","potentialAction":[{"@type":"ReadAction","target":["https:\/\/evertonfc.cz\/index.php\/2022\/08\/11\/dalsi-posilou-pro-blue-girls-je-katrine-veje\/"]}]},{"@type":"ImageObject","inLanguage":"cs","@id":"https:\/\/evertonfc.cz\/index.php\/2022\/08\/11\/dalsi-posilou-pro-blue-girls-je-katrine-veje\/#primaryimage","url":"https:\/\/evertonfc.cz\/wp-content\/uploads\/2022\/08\/Katrine-Veje-11_08_2022.jpg","contentUrl":"https:\/\/evertonfc.cz\/wp-content\/uploads\/2022\/08\/Katrine-Veje-11_08_2022.jpg","width":720,"height":405},{"@type":"BreadcrumbList","@id":"https:\/\/evertonfc.cz\/index.php\/2022\/08\/11\/dalsi-posilou-pro-blue-girls-je-katrine-veje\/#breadcrumb","itemListElement":[{"@type":"ListItem","position":1,"name":"Home","item":"https:\/\/evertonfc.cz\/"},{"@type":"ListItem","position":2,"name":"Dal\u0161\u00ed posilou pro Blue Girls je Katrine Veje"}]},{"@type":"WebSite","@id":"https:\/\/evertonfc.cz\/#website","url":"https:\/\/evertonfc.cz\/","name":"Official Czech &amp; Slovak Everton Supporters&#039; Club","description":"","publisher":{"@id":"https:\/\/evertonfc.cz\/#organization"},"potentialAction":[{"@type":"SearchAction","target":{"@type":"EntryPoint","urlTemplate":"https:\/\/evertonfc.cz\/?s={search_term_string}"},"query-input":{"@type":"PropertyValueSpecification","valueRequired":true,"valueName":"search_term_string"}}],"inLanguage":"cs"},{"@type":"Organization","@id":"https:\/\/evertonfc.cz\/#organization","name":"Official Czech & Slovak Everton Supporters' Club","url":"https:\/\/evertonfc.cz\/","logo":{"@type":"ImageObject","inLanguage":"cs","@id":"https:\/\/evertonfc.cz\/#\/schema\/logo\/image\/","url":"https:\/\/evertonfc.cz\/wp-content\/uploads\/2019\/05\/logo.png","contentUrl":"https:\/\/evertonfc.cz\/wp-content\/uploads\/2019\/05\/logo.png","width":112,"height":112,"caption":"Official Czech & Slovak Everton Supporters' Club"},"image":{"@id":"https:\/\/evertonfc.cz\/#\/schema\/logo\/image\/"},"sameAs":["https:\/\/www.facebook.com\/everton.fans.cz.sk"]},{"@type":"Person","@id":"https:\/\/evertonfc.cz\/#\/schema\/person\/5b54d20cd919070efc6fd6f92621fc50","name":"Petr","url":"https:\/\/evertonfc.cz\/index.php\/author\/petr\/"}]}},"_links":{"self":[{"href":"https:\/\/evertonfc.cz\/index.php\/wp-json\/wp\/v2\/posts\/19445"}],"collection":[{"href":"https:\/\/evertonfc.cz\/index.php\/wp-json\/wp\/v2\/posts"}],"about":[{"href":"https:\/\/evertonfc.cz\/index.php\/wp-json\/wp\/v2\/types\/post"}],"author":[{"embeddable":true,"href":"https:\/\/evertonfc.cz\/index.php\/wp-json\/wp\/v2\/users\/562"}],"replies":[{"embeddable":true,"href":"https:\/\/evertonfc.cz\/index.php\/wp-json\/wp\/v2\/comments?post=19445"}],"version-history":[{"count":4,"href":"https:\/\/evertonfc.cz\/index.php\/wp-json\/wp\/v2\/posts\/19445\/revisions"}],"predecessor-version":[{"id":19449,"href":"https:\/\/evertonfc.cz\/index.php\/wp-json\/wp\/v2\/posts\/19445\/revisions\/19449"}],"wp:featuredmedia":[{"embeddable":true,"href":"https:\/\/evertonfc.cz\/index.php\/wp-json\/wp\/v2\/media\/19444"}],"wp:attachment":[{"href":"https:\/\/evertonfc.cz\/index.php\/wp-json\/wp\/v2\/media?parent=19445"}],"wp:term":[{"taxonomy":"category","embeddable":true,"href":"https:\/\/evertonfc.cz\/index.php\/wp-json\/wp\/v2\/categories?post=19445"},{"taxonomy":"post_tag","embeddable":true,"href":"https:\/\/evertonfc.cz\/index.php\/wp-json\/wp\/v2\/tags?post=19445"}],"curies":[{"name":"wp","href":"https:\/\/api.w.org\/{rel}","templated":true}]}}