{"id":1945,"date":"2018-08-10T18:54:33","date_gmt":"2018-08-10T16:54:33","guid":{"rendered":"http:\/\/evertonfc.cz\/?p=1945"},"modified":"2021-05-19T12:36:02","modified_gmt":"2021-05-19T10:36:02","slug":"preview-wolverhampton-wanderers-everton","status":"publish","type":"post","link":"https:\/\/evertonfc.cz\/index.php\/2018\/08\/10\/preview-wolverhampton-wanderers-everton\/","title":{"rendered":"Preview: Wolverhampton Wanderers &#8211; Everton"},"content":{"rendered":"\r\n<h4 class=\"wp-block-heading\">\u0158\u00edk\u00e1 se, \u017ee za\u010d\u00ednat prvn\u00ed kolo na h\u0159i\u0161ti nov\u00e1\u010dka je pro hosty t\u011b\u017ek\u00e9 a pro neutr\u00e1ly atraktivn\u00ed. Pravdivost t\u011bchto tvrzen\u00ed bude v derby portugalsk\u00fdch mana\u017eer\u016f vyzkou\u0161ena dnes ve\u010der p\u0159ed tv kamerami.<\/h4>\r\n\r\n\r\n\r\n<p>Wolves pat\u0159\u00ed, stejn\u011b jako Everton, k zakl\u00e1daj\u00edc\u00edm \u010dlen\u016fm Football League. A tak\u00e9 hraj\u00ed na stejn\u00e9m stadionu od 19. stolet\u00ed. Loni vyhr\u00e1li Championship a p\u0159ed sez\u00f3nou v\u00fdrazn\u011b pos\u00edlili.<\/p>\r\n\r\n\r\n\r\n<p>Stru\u010dn\u011b k historii Wolverhamptonu Wanderers. Klub byl zalo\u017een roku 1877 jako St. Luke\u00b4s FC (ano, dal\u0161\u00ed, na jeho\u017e zalo\u017een\u00ed se pod\u00edlela c\u00edrkev), sou\u010dasn\u00fd n\u00e1zev nese od roku 1879, kdy se spojil s kriketov\u00fdm klubem Blakenhall Wanderers. V prvn\u00edm ro\u010dn\u00edku prvn\u00ed ligy byl t\u0159et\u00ed, tedy t\u011bsn\u011b za Evertonem. Nejslavn\u011bj\u0161\u00ed \u00e9rou jsou jednozna\u010dn\u011b 50. l\u00e9ta 20. stolet\u00ed, kdy t\u00fdm bojoval b\u011b\u017en\u011b o tituly s Man U a taky t\u0159i z\u00edskal.<\/p>\r\n<p>Tehdy klub (a i anglickou reprezentaci) kapit\u00e1noval stoper Wright. Dal\u0161\u00edmi \u00fasp\u011bchy v t\u00e9to dob\u011b byla jedna v\u00fdhra v Anglick\u00e9m poh\u00e1ru, t\u0159i druh\u00e1 a t\u0159i t\u0159et\u00ed m\u00edsta v lize. Od roku 1965 ale za\u010d\u00edn\u00e1 v\u00edcem\u00e9n\u011b pendlov\u00e1n\u00ed mezi prvn\u00ed a druhou ligou, Wanderers si vyzkou\u0161eli i t\u0159et\u00ed a \u010dtvrtou a v roce 1986 od bankrotu klub zachr\u00e1nilo m\u011bsto, kter\u00e9 ho muselo koupit. Nyn\u00ed se tedy Wolves vrac\u00ed do PL po \u0161esti letech.<\/p>\r\n\r\n\r\n\r\n<p>A n\u00e1kupy ukazuj\u00ed jednozna\u010dn\u011b ambice. \u010ctve\u0159ice Bonatini, Boly, Vinagre a Jota zm\u011bnila hostov\u00e1n\u00ed v p\u0159estup. Do branky p\u0159i\u0161el zdarma Rui Patricio ze Sportingu Lisabon (tam panoval slu\u0161n\u00fd chaos, nakonec se situace uklidnila, ale v\u00fdpov\u011b\u010f n\u011bkter\u00fdch hr\u00e1\u010d\u016f plat\u00ed), dal\u0161\u00edm\u00ed n\u00e1kupy jsou k\u0159\u00eddlo Traor\u00e9 a p\u0159estupu do PL se kone\u010dn\u011b do\u010dkal Moutinho. To je hr\u00e1\u010d, se kter\u00fdm byl jednu dobu hodn\u011b spojov\u00e1n Everton, nakonec si tedy zahraje ligu za Wolves.<\/p>\r\n<p>A kdy\u017e k tomu p\u0159ipo\u010dteme hostov\u00e1n\u00ed obr\u00e1nce Castra (Atl\u00e9tico Madrid), z\u00e1lo\u017en\u00edka Dendonckera (Anderlecht) a \u00fato\u010dn\u00edka Ra\u00fala Jimen\u00e9ze (Benfica), tak se ur\u010dit\u011b nebav\u00edme o hran\u00ed o z\u00e1chranu. Le\u010d, uvid\u00edme. I Wolverhampton m\u00e1 ve sv\u00e9m k\u00e1dru b\u00fdval\u00e9ho hr\u00e1\u010de Evertonu, tentokr\u00e1t tuto kolonku vypl\u0148uje brank\u00e1\u0159 Ruddy, kter\u00fd lo\u0148skou sezonu odchytal jako jedni\u010dka<\/p>\r\n\r\n\r\n\r\n<p>Everton m\u016f\u017ee pro utk\u00e1n\u00ed po\u010d\u00edtat jen se dv\u011bma letn\u00edmi posilami. Jak Richarlison, tak Digne pravd\u011bpodobn\u011b nastoup\u00ed v z\u00e1kladn\u00ed sestav\u011b. \u010ctve\u0159ice posil ze \u010dtvrtka nebude k utk\u00e1n\u00ed nominov\u00e1na, pokud nastoup\u00ed k z\u00e1pasu Jagielka v z\u00e1kladn\u00ed sestav\u011b, tak se tak stane po t\u0159i st\u00e9 (tedy za Everton) v PL. Za dom\u00e1c\u00ed je s otazn\u00edkem Traor\u00e9, l\u00e9\u010d\u00ed zran\u011bn\u00e9 rameno.<\/p>\r\n\r\n\r\n\r\n<p>Utk\u00e1n\u00ed vys\u00edl\u00e1 ze z\u00e1znamu stanice Digi sport 5 od 20:30.<\/p>\r\n\r\n\r\n\r\n<p><strong>Co:<\/strong>\u00a0Wolverhampton Wanderers FC \u2013 Everton FC, 1. kolo Premier League<br \/><strong>Kdy:<\/strong>\u00a010. 8. 2018 od 18:30 SE\u010c<br \/><strong>Kde:<\/strong>\u00a0Molineux Stadium, Wolverhampton<br \/><strong>Rozhod\u010d\u00ed:<\/strong>\u00a0Craig Pawson<\/p>\r\n","protected":false},"excerpt":{"rendered":"<p>\u0158\u00edk\u00e1 se, \u017ee za\u010d\u00ednat prvn\u00ed kolo na h\u0159i\u0161ti nov\u00e1\u010dka je pro hosty t\u011b\u017ek\u00e9 a pro neutr\u00e1ly atraktivn\u00ed. Pravdivost t\u011bchto tvrzen\u00ed bude v derby portugalsk\u00fdch mana\u017eer\u016f vyzkou\u0161ena dnes ve\u010der p\u0159ed tv kamerami.<\/p>\n","protected":false},"author":12,"featured_media":13534,"comment_status":"open","ping_status":"closed","sticky":false,"template":"","format":"standard","meta":{"_eb_attr":"","_monsterinsights_skip_tracking":false,"_monsterinsights_sitenote_active":false,"_monsterinsights_sitenote_note":"","_monsterinsights_sitenote_category":0,"footnotes":""},"categories":[4],"tags":[],"yoast_head":"<!-- This site is optimized with the Yoast SEO plugin v23.4 - https:\/\/yoast.com\/wordpress\/plugins\/seo\/ -->\n<title>Preview: Wolverhampton Wanderers - Everton - Official Czech &amp; Slovak Everton Supporters&#039; Club<\/title>\n<meta name=\"robots\" content=\"index, follow, max-snippet:-1, max-image-preview:large, max-video-preview:-1\" \/>\n<link rel=\"canonical\" href=\"https:\/\/evertonfc.cz\/index.php\/2018\/08\/10\/preview-wolverhampton-wanderers-everton\/\" \/>\n<meta property=\"og:locale\" content=\"cs_CZ\" \/>\n<meta property=\"og:type\" content=\"article\" \/>\n<meta property=\"og:title\" content=\"Preview: Wolverhampton Wanderers - Everton - Official Czech &amp; Slovak Everton Supporters&#039; Club\" \/>\n<meta property=\"og:description\" content=\"\u0158\u00edk\u00e1 se, \u017ee za\u010d\u00ednat prvn\u00ed kolo na h\u0159i\u0161ti nov\u00e1\u010dka je pro hosty t\u011b\u017ek\u00e9 a pro neutr\u00e1ly atraktivn\u00ed. Pravdivost t\u011bchto tvrzen\u00ed bude v derby portugalsk\u00fdch mana\u017eer\u016f vyzkou\u0161ena dnes ve\u010der p\u0159ed tv kamerami.\" \/>\n<meta property=\"og:url\" content=\"https:\/\/evertonfc.cz\/index.php\/2018\/08\/10\/preview-wolverhampton-wanderers-everton\/\" \/>\n<meta property=\"og:site_name\" content=\"Official Czech &amp; Slovak Everton Supporters&#039; Club\" \/>\n<meta property=\"article:publisher\" content=\"https:\/\/www.facebook.com\/everton.fans.cz.sk\" \/>\n<meta property=\"article:published_time\" content=\"2018-08-10T16:54:33+00:00\" \/>\n<meta property=\"article:modified_time\" content=\"2021-05-19T10:36:02+00:00\" \/>\n<meta property=\"og:image\" content=\"https:\/\/evertonfc.cz\/wp-content\/uploads\/2021\/01\/Wolverhampton-Wanderers-VS-Everton.jpg\" \/>\n\t<meta property=\"og:image:width\" content=\"720\" \/>\n\t<meta property=\"og:image:height\" content=\"405\" \/>\n\t<meta property=\"og:image:type\" content=\"image\/jpeg\" \/>\n<meta name=\"author\" content=\"Javor\" \/>\n<meta name=\"twitter:card\" content=\"summary_large_image\" \/>\n<meta name=\"twitter:creator\" content=\"@LoudinJan\" \/>\n<meta name=\"twitter:label1\" content=\"Napsal(a)\" \/>\n\t<meta name=\"twitter:data1\" content=\"Javor\" \/>\n\t<meta name=\"twitter:label2\" content=\"Odhadovan\u00e1 doba \u010dten\u00ed\" \/>\n\t<meta name=\"twitter:data2\" content=\"2 minuty\" \/>\n<script type=\"application\/ld+json\" class=\"yoast-schema-graph\">{\"@context\":\"https:\/\/schema.org\",\"@graph\":[{\"@type\":\"Article\",\"@id\":\"https:\/\/evertonfc.cz\/index.php\/2018\/08\/10\/preview-wolverhampton-wanderers-everton\/#article\",\"isPartOf\":{\"@id\":\"https:\/\/evertonfc.cz\/index.php\/2018\/08\/10\/preview-wolverhampton-wanderers-everton\/\"},\"author\":{\"name\":\"Javor\",\"@id\":\"https:\/\/evertonfc.cz\/#\/schema\/person\/b30daf6a5852f4811f8207a17ec1bf78\"},\"headline\":\"Preview: Wolverhampton Wanderers &#8211; Everton\",\"datePublished\":\"2018-08-10T16:54:33+00:00\",\"dateModified\":\"2021-05-19T10:36:02+00:00\",\"mainEntityOfPage\":{\"@id\":\"https:\/\/evertonfc.cz\/index.php\/2018\/08\/10\/preview-wolverhampton-wanderers-everton\/\"},\"wordCount\":520,\"commentCount\":0,\"publisher\":{\"@id\":\"https:\/\/evertonfc.cz\/#organization\"},\"image\":{\"@id\":\"https:\/\/evertonfc.cz\/index.php\/2018\/08\/10\/preview-wolverhampton-wanderers-everton\/#primaryimage\"},\"thumbnailUrl\":\"https:\/\/evertonfc.cz\/wp-content\/uploads\/2021\/01\/Wolverhampton-Wanderers-VS-Everton.jpg\",\"articleSection\":[\"Z\u00e1pasy\"],\"inLanguage\":\"cs\",\"potentialAction\":[{\"@type\":\"CommentAction\",\"name\":\"Comment\",\"target\":[\"https:\/\/evertonfc.cz\/index.php\/2018\/08\/10\/preview-wolverhampton-wanderers-everton\/#respond\"]}]},{\"@type\":\"WebPage\",\"@id\":\"https:\/\/evertonfc.cz\/index.php\/2018\/08\/10\/preview-wolverhampton-wanderers-everton\/\",\"url\":\"https:\/\/evertonfc.cz\/index.php\/2018\/08\/10\/preview-wolverhampton-wanderers-everton\/\",\"name\":\"Preview: Wolverhampton Wanderers - Everton - Official Czech &amp; Slovak Everton Supporters&#039; Club\",\"isPartOf\":{\"@id\":\"https:\/\/evertonfc.cz\/#website\"},\"primaryImageOfPage\":{\"@id\":\"https:\/\/evertonfc.cz\/index.php\/2018\/08\/10\/preview-wolverhampton-wanderers-everton\/#primaryimage\"},\"image\":{\"@id\":\"https:\/\/evertonfc.cz\/index.php\/2018\/08\/10\/preview-wolverhampton-wanderers-everton\/#primaryimage\"},\"thumbnailUrl\":\"https:\/\/evertonfc.cz\/wp-content\/uploads\/2021\/01\/Wolverhampton-Wanderers-VS-Everton.jpg\",\"datePublished\":\"2018-08-10T16:54:33+00:00\",\"dateModified\":\"2021-05-19T10:36:02+00:00\",\"breadcrumb\":{\"@id\":\"https:\/\/evertonfc.cz\/index.php\/2018\/08\/10\/preview-wolverhampton-wanderers-everton\/#breadcrumb\"},\"inLanguage\":\"cs\",\"potentialAction\":[{\"@type\":\"ReadAction\",\"target\":[\"https:\/\/evertonfc.cz\/index.php\/2018\/08\/10\/preview-wolverhampton-wanderers-everton\/\"]}]},{\"@type\":\"ImageObject\",\"inLanguage\":\"cs\",\"@id\":\"https:\/\/evertonfc.cz\/index.php\/2018\/08\/10\/preview-wolverhampton-wanderers-everton\/#primaryimage\",\"url\":\"https:\/\/evertonfc.cz\/wp-content\/uploads\/2021\/01\/Wolverhampton-Wanderers-VS-Everton.jpg\",\"contentUrl\":\"https:\/\/evertonfc.cz\/wp-content\/uploads\/2021\/01\/Wolverhampton-Wanderers-VS-Everton.jpg\",\"width\":720,\"height\":405},{\"@type\":\"BreadcrumbList\",\"@id\":\"https:\/\/evertonfc.cz\/index.php\/2018\/08\/10\/preview-wolverhampton-wanderers-everton\/#breadcrumb\",\"itemListElement\":[{\"@type\":\"ListItem\",\"position\":1,\"name\":\"Home\",\"item\":\"https:\/\/evertonfc.cz\/\"},{\"@type\":\"ListItem\",\"position\":2,\"name\":\"Preview: Wolverhampton Wanderers &#8211; Everton\"}]},{\"@type\":\"WebSite\",\"@id\":\"https:\/\/evertonfc.cz\/#website\",\"url\":\"https:\/\/evertonfc.cz\/\",\"name\":\"Official Czech &amp; Slovak Everton Supporters&#039; Club\",\"description\":\"\",\"publisher\":{\"@id\":\"https:\/\/evertonfc.cz\/#organization\"},\"potentialAction\":[{\"@type\":\"SearchAction\",\"target\":{\"@type\":\"EntryPoint\",\"urlTemplate\":\"https:\/\/evertonfc.cz\/?s={search_term_string}\"},\"query-input\":{\"@type\":\"PropertyValueSpecification\",\"valueRequired\":true,\"valueName\":\"search_term_string\"}}],\"inLanguage\":\"cs\"},{\"@type\":\"Organization\",\"@id\":\"https:\/\/evertonfc.cz\/#organization\",\"name\":\"Official Czech & Slovak Everton Supporters' Club\",\"url\":\"https:\/\/evertonfc.cz\/\",\"logo\":{\"@type\":\"ImageObject\",\"inLanguage\":\"cs\",\"@id\":\"https:\/\/evertonfc.cz\/#\/schema\/logo\/image\/\",\"url\":\"https:\/\/evertonfc.cz\/wp-content\/uploads\/2019\/05\/logo.png\",\"contentUrl\":\"https:\/\/evertonfc.cz\/wp-content\/uploads\/2019\/05\/logo.png\",\"width\":112,\"height\":112,\"caption\":\"Official Czech & Slovak Everton Supporters' Club\"},\"image\":{\"@id\":\"https:\/\/evertonfc.cz\/#\/schema\/logo\/image\/\"},\"sameAs\":[\"https:\/\/www.facebook.com\/everton.fans.cz.sk\"]},{\"@type\":\"Person\",\"@id\":\"https:\/\/evertonfc.cz\/#\/schema\/person\/b30daf6a5852f4811f8207a17ec1bf78\",\"name\":\"Javor\",\"sameAs\":[\"https:\/\/x.com\/LoudinJan\"],\"url\":\"https:\/\/evertonfc.cz\/index.php\/author\/javor\/\"}]}<\/script>\n<!-- \/ Yoast SEO plugin. -->","yoast_head_json":{"title":"Preview: Wolverhampton Wanderers - Everton - Official Czech &amp; Slovak Everton Supporters&#039; Club","robots":{"index":"index","follow":"follow","max-snippet":"max-snippet:-1","max-image-preview":"max-image-preview:large","max-video-preview":"max-video-preview:-1"},"canonical":"https:\/\/evertonfc.cz\/index.php\/2018\/08\/10\/preview-wolverhampton-wanderers-everton\/","og_locale":"cs_CZ","og_type":"article","og_title":"Preview: Wolverhampton Wanderers - Everton - Official Czech &amp; Slovak Everton Supporters&#039; Club","og_description":"\u0158\u00edk\u00e1 se, \u017ee za\u010d\u00ednat prvn\u00ed kolo na h\u0159i\u0161ti nov\u00e1\u010dka je pro hosty t\u011b\u017ek\u00e9 a pro neutr\u00e1ly atraktivn\u00ed. Pravdivost t\u011bchto tvrzen\u00ed bude v derby portugalsk\u00fdch mana\u017eer\u016f vyzkou\u0161ena dnes ve\u010der p\u0159ed tv kamerami.","og_url":"https:\/\/evertonfc.cz\/index.php\/2018\/08\/10\/preview-wolverhampton-wanderers-everton\/","og_site_name":"Official Czech &amp; Slovak Everton Supporters&#039; Club","article_publisher":"https:\/\/www.facebook.com\/everton.fans.cz.sk","article_published_time":"2018-08-10T16:54:33+00:00","article_modified_time":"2021-05-19T10:36:02+00:00","og_image":[{"width":720,"height":405,"url":"https:\/\/evertonfc.cz\/wp-content\/uploads\/2021\/01\/Wolverhampton-Wanderers-VS-Everton.jpg","type":"image\/jpeg"}],"author":"Javor","twitter_card":"summary_large_image","twitter_creator":"@LoudinJan","twitter_misc":{"Napsal(a)":"Javor","Odhadovan\u00e1 doba \u010dten\u00ed":"2 minuty"},"schema":{"@context":"https:\/\/schema.org","@graph":[{"@type":"Article","@id":"https:\/\/evertonfc.cz\/index.php\/2018\/08\/10\/preview-wolverhampton-wanderers-everton\/#article","isPartOf":{"@id":"https:\/\/evertonfc.cz\/index.php\/2018\/08\/10\/preview-wolverhampton-wanderers-everton\/"},"author":{"name":"Javor","@id":"https:\/\/evertonfc.cz\/#\/schema\/person\/b30daf6a5852f4811f8207a17ec1bf78"},"headline":"Preview: Wolverhampton Wanderers &#8211; Everton","datePublished":"2018-08-10T16:54:33+00:00","dateModified":"2021-05-19T10:36:02+00:00","mainEntityOfPage":{"@id":"https:\/\/evertonfc.cz\/index.php\/2018\/08\/10\/preview-wolverhampton-wanderers-everton\/"},"wordCount":520,"commentCount":0,"publisher":{"@id":"https:\/\/evertonfc.cz\/#organization"},"image":{"@id":"https:\/\/evertonfc.cz\/index.php\/2018\/08\/10\/preview-wolverhampton-wanderers-everton\/#primaryimage"},"thumbnailUrl":"https:\/\/evertonfc.cz\/wp-content\/uploads\/2021\/01\/Wolverhampton-Wanderers-VS-Everton.jpg","articleSection":["Z\u00e1pasy"],"inLanguage":"cs","potentialAction":[{"@type":"CommentAction","name":"Comment","target":["https:\/\/evertonfc.cz\/index.php\/2018\/08\/10\/preview-wolverhampton-wanderers-everton\/#respond"]}]},{"@type":"WebPage","@id":"https:\/\/evertonfc.cz\/index.php\/2018\/08\/10\/preview-wolverhampton-wanderers-everton\/","url":"https:\/\/evertonfc.cz\/index.php\/2018\/08\/10\/preview-wolverhampton-wanderers-everton\/","name":"Preview: Wolverhampton Wanderers - Everton - Official Czech &amp; Slovak Everton Supporters&#039; Club","isPartOf":{"@id":"https:\/\/evertonfc.cz\/#website"},"primaryImageOfPage":{"@id":"https:\/\/evertonfc.cz\/index.php\/2018\/08\/10\/preview-wolverhampton-wanderers-everton\/#primaryimage"},"image":{"@id":"https:\/\/evertonfc.cz\/index.php\/2018\/08\/10\/preview-wolverhampton-wanderers-everton\/#primaryimage"},"thumbnailUrl":"https:\/\/evertonfc.cz\/wp-content\/uploads\/2021\/01\/Wolverhampton-Wanderers-VS-Everton.jpg","datePublished":"2018-08-10T16:54:33+00:00","dateModified":"2021-05-19T10:36:02+00:00","breadcrumb":{"@id":"https:\/\/evertonfc.cz\/index.php\/2018\/08\/10\/preview-wolverhampton-wanderers-everton\/#breadcrumb"},"inLanguage":"cs","potentialAction":[{"@type":"ReadAction","target":["https:\/\/evertonfc.cz\/index.php\/2018\/08\/10\/preview-wolverhampton-wanderers-everton\/"]}]},{"@type":"ImageObject","inLanguage":"cs","@id":"https:\/\/evertonfc.cz\/index.php\/2018\/08\/10\/preview-wolverhampton-wanderers-everton\/#primaryimage","url":"https:\/\/evertonfc.cz\/wp-content\/uploads\/2021\/01\/Wolverhampton-Wanderers-VS-Everton.jpg","contentUrl":"https:\/\/evertonfc.cz\/wp-content\/uploads\/2021\/01\/Wolverhampton-Wanderers-VS-Everton.jpg","width":720,"height":405},{"@type":"BreadcrumbList","@id":"https:\/\/evertonfc.cz\/index.php\/2018\/08\/10\/preview-wolverhampton-wanderers-everton\/#breadcrumb","itemListElement":[{"@type":"ListItem","position":1,"name":"Home","item":"https:\/\/evertonfc.cz\/"},{"@type":"ListItem","position":2,"name":"Preview: Wolverhampton Wanderers &#8211; Everton"}]},{"@type":"WebSite","@id":"https:\/\/evertonfc.cz\/#website","url":"https:\/\/evertonfc.cz\/","name":"Official Czech &amp; Slovak Everton Supporters&#039; Club","description":"","publisher":{"@id":"https:\/\/evertonfc.cz\/#organization"},"potentialAction":[{"@type":"SearchAction","target":{"@type":"EntryPoint","urlTemplate":"https:\/\/evertonfc.cz\/?s={search_term_string}"},"query-input":{"@type":"PropertyValueSpecification","valueRequired":true,"valueName":"search_term_string"}}],"inLanguage":"cs"},{"@type":"Organization","@id":"https:\/\/evertonfc.cz\/#organization","name":"Official Czech & Slovak Everton Supporters' Club","url":"https:\/\/evertonfc.cz\/","logo":{"@type":"ImageObject","inLanguage":"cs","@id":"https:\/\/evertonfc.cz\/#\/schema\/logo\/image\/","url":"https:\/\/evertonfc.cz\/wp-content\/uploads\/2019\/05\/logo.png","contentUrl":"https:\/\/evertonfc.cz\/wp-content\/uploads\/2019\/05\/logo.png","width":112,"height":112,"caption":"Official Czech & Slovak Everton Supporters' Club"},"image":{"@id":"https:\/\/evertonfc.cz\/#\/schema\/logo\/image\/"},"sameAs":["https:\/\/www.facebook.com\/everton.fans.cz.sk"]},{"@type":"Person","@id":"https:\/\/evertonfc.cz\/#\/schema\/person\/b30daf6a5852f4811f8207a17ec1bf78","name":"Javor","sameAs":["https:\/\/x.com\/LoudinJan"],"url":"https:\/\/evertonfc.cz\/index.php\/author\/javor\/"}]}},"_links":{"self":[{"href":"https:\/\/evertonfc.cz\/index.php\/wp-json\/wp\/v2\/posts\/1945"}],"collection":[{"href":"https:\/\/evertonfc.cz\/index.php\/wp-json\/wp\/v2\/posts"}],"about":[{"href":"https:\/\/evertonfc.cz\/index.php\/wp-json\/wp\/v2\/types\/post"}],"author":[{"embeddable":true,"href":"https:\/\/evertonfc.cz\/index.php\/wp-json\/wp\/v2\/users\/12"}],"replies":[{"embeddable":true,"href":"https:\/\/evertonfc.cz\/index.php\/wp-json\/wp\/v2\/comments?post=1945"}],"version-history":[{"count":3,"href":"https:\/\/evertonfc.cz\/index.php\/wp-json\/wp\/v2\/posts\/1945\/revisions"}],"predecessor-version":[{"id":15380,"href":"https:\/\/evertonfc.cz\/index.php\/wp-json\/wp\/v2\/posts\/1945\/revisions\/15380"}],"wp:featuredmedia":[{"embeddable":true,"href":"https:\/\/evertonfc.cz\/index.php\/wp-json\/wp\/v2\/media\/13534"}],"wp:attachment":[{"href":"https:\/\/evertonfc.cz\/index.php\/wp-json\/wp\/v2\/media?parent=1945"}],"wp:term":[{"taxonomy":"category","embeddable":true,"href":"https:\/\/evertonfc.cz\/index.php\/wp-json\/wp\/v2\/categories?post=1945"},{"taxonomy":"post_tag","embeddable":true,"href":"https:\/\/evertonfc.cz\/index.php\/wp-json\/wp\/v2\/tags?post=1945"}],"curies":[{"name":"wp","href":"https:\/\/api.w.org\/{rel}","templated":true}]}}