{"id":19458,"date":"2022-08-12T20:55:19","date_gmt":"2022-08-12T18:55:19","guid":{"rendered":"https:\/\/evertonfc.cz\/?p=19458"},"modified":"2022-08-12T20:55:19","modified_gmt":"2022-08-12T18:55:19","slug":"zlta-dominuje-tretej-sade","status":"publish","type":"post","link":"https:\/\/evertonfc.cz\/index.php\/2022\/08\/12\/zlta-dominuje-tretej-sade\/","title":{"rendered":"\u017dlt\u00e1 dominuje tretej sade"},"content":{"rendered":"<h4>Hummel tento rok vsadil v\u0161etko na kartu ikonickej Ve\u017ee princa Ruperta, ktor\u00e1 s\u00eddli v\u00a0klubovom erbe. Do tretice ju obliekol cel\u00fa do \u017eltej a\u00a0minimalizoval na hrudi.<\/h4>\n<p>N\u00e1padn\u00e1 \u017elt\u00e1 farba dresu s modr\u00fdmi doplnkami obsahuje len symbolick\u00fa digit\u00e1lnu zna\u010dku ve\u017ee namiesto cel\u00e9ho znaku klubu, ktor\u00e1 u\u017e nejak\u00fd ten rok zdob\u00ed aj ofici\u00e1lny web. Obrys ve\u017ee sa odr\u00e1\u017ea aj vo vzore, ktor\u00fd sa tiahne cez spodn\u00fa \u010das\u0165 tri\u010dka a \u010derp\u00e1 in\u0161pir\u00e1ciu z ob\u013e\u00fabenej \u017eltej s\u00fapravy, ktor\u00fa nosil Everton v rokoch 1990 a\u017e 1992. Rovnako ako dres, tak aj \u0161ortky a \u0161tulpne s\u00fa \u017elt\u00e9 s modr\u00fdmi \u0161\u00edpkami a detailmi. Symbol ve\u017ee sa nach\u00e1dza na prednej strane tren\u00edrok a na zadnej strane sa objavuje logo Hummel.<\/p>\n<h4><strong>Richard Kenyon, riadite\u013e pre komunik\u00e1ciu, pr\u00edjmy a medzin\u00e1rodn\u00fd rast:<\/strong><\/h4>\n<blockquote><p><span style=\"font-size: 12pt;\"><em>\u201eCie\u013eom tejto s\u00fapravy bolo vytvori\u0165 nie\u010do trochu in\u00e9 a z\u00e1rove\u0148 zachova\u0165 niektor\u00e9 tradi\u010dn\u00e9 farby spojen\u00e9 so s\u00fapravami Evertonu. Mysl\u00edme si, \u017ee Hummel odviedol skvel\u00fa pr\u00e1cu pri vytvoren\u00ed nie\u010doho, \u010do bude vyzera\u0165 skvele na na\u0161ich hr\u00e1\u010doch po\u010das z\u00e1pasu a oslov\u00ed aj na\u0161ich fan\u00fa\u0161ikov, ktor\u00ed na to ur\u010dite zareaguj\u00fa dobre, tak ako pri ostatn\u00fdch sad\u00e1ch toto leto.\u201c<\/em><\/span><\/p><\/blockquote>\n<p><img loading=\"lazy\" decoding=\"async\" class=\"size-full wp-image-19456 aligncenter\" src=\"https:\/\/evertonfc.cz\/wp-content\/uploads\/2022\/08\/Hummel-third-full-kit-12-8-2022.jpg\" alt=\"\" width=\"720\" height=\"850\" srcset=\"https:\/\/evertonfc.cz\/wp-content\/uploads\/2022\/08\/Hummel-third-full-kit-12-8-2022.jpg 720w, https:\/\/evertonfc.cz\/wp-content\/uploads\/2022\/08\/Hummel-third-full-kit-12-8-2022-254x300.jpg 254w\" sizes=\"(max-width: 720px) 100vw, 720px\" \/><\/p>\n<p>Ve\u017ea princa Ruperta postaven\u00e1 na Netherfield Road v \u010dasti Everton v Liverpoole bola otvoren\u00e1 v roku 1787 a stoj\u00ed dodnes. Na klubov\u00fdch znakoch Evertonu sa objavuje od roku 1938. Everton prijal symbol ve\u017ee ako obchodn\u00fa zna\u010dku v j\u00fani 2021. Odvtedy je vidite\u013en\u00e1 na tovare, ako aj v marketingov\u00fdch materi\u00e1loch a inom obsahu klubu.<\/p>\n<p>A nie je to prv\u00fdkr\u00e1t, \u010do Everton reprezentuje svoju identitu na dresoch s pou\u017eit\u00edm alternat\u00edvy ku klubov\u00e9mu znaku. Po\u010das 70-tych rokov pou\u017e\u00edval klub na svojich tri\u010dk\u00e1ch n\u00e1pis \u201eEFC\u201c a medzi rokmi 1983 a 1991 upustil od \u0161t\u00edtu erbu. S\u00faprava z rokov 1990-92 skuto\u010dne obsahovala symbol ve\u017ee a vavr\u00ednov\u00e9 vence pod p\u00edsmenami \u201eEFC\u201c. Vzh\u013ead, ktor\u00fd je zahrnut\u00fd aj teraz vy\u0161\u00edvan\u00fdm EFC na zadnej strane dresu.<\/p>\n<h4><strong>Allan Vad Nielsen, gener\u00e1lny riadite\u013e spolo\u010dnosti Hummel:<\/strong><\/h4>\n<blockquote><p><span style=\"font-size: 12pt;\"><em>\u201eEvertonians vedia, \u017ee my v Hummeli milujeme by\u0165 odv\u00e1\u017eni pri na\u0161ich dizajnoch. Ale \u017ee to rob\u00edme sp\u00f4sobom, ktor\u00fd v\u017edy berie in\u0161pir\u00e1ciu z ve\u013ekej hist\u00f3rie tohto klubu. Ve\u017ea je synonymom Evertonu, a preto sme chceli, aby bola zast\u00fapen\u00e1 vo v\u0161etk\u00fdch troch s\u00faprav\u00e1ch tejto sez\u00f3ny, \u010do vyvrcholilo pou\u017eit\u00edm ikony ako identifika\u010dnej zna\u010dky na tretej s\u00faprave. Je to nie\u010do, \u010do Everton urobil predt\u00fdm, mnoho desa\u0165ro\u010d\u00ed dozadu, a napriek tomu to d\u00e1va tejto novej s\u00faprave modern\u00fd a s\u00fa\u010dasn\u00fd \u0161mrnc, o ktorom sme si ist\u00ed, \u017ee si ho Evertonians u\u017eij\u00fa a ocenia.\u201c<\/em><\/span><\/p><\/blockquote>\n<p><img loading=\"lazy\" decoding=\"async\" class=\"aligncenter wp-image-19457\" src=\"https:\/\/evertonfc.cz\/wp-content\/uploads\/2022\/08\/Hummel-third-GK-12-8-2022-300x300.jpg\" alt=\"\" width=\"500\" height=\"500\" srcset=\"https:\/\/evertonfc.cz\/wp-content\/uploads\/2022\/08\/Hummel-third-GK-12-8-2022-300x300.jpg 300w, https:\/\/evertonfc.cz\/wp-content\/uploads\/2022\/08\/Hummel-third-GK-12-8-2022-150x150.jpg 150w, https:\/\/evertonfc.cz\/wp-content\/uploads\/2022\/08\/Hummel-third-GK-12-8-2022.jpg 600w\" sizes=\"(max-width: 500px) 100vw, 500px\" \/><\/p>\n<p>Brank\u00e1rska s\u00faprava je mandar\u00ednkov\u00e1 so starozlat\u00fdmi a \u010diernymi detailmi. Je mo\u017en\u00e9 na nej pozorova\u0165 v\u00fdrazn\u00fa in\u0161pir\u00e1ciu dresom, ktor\u00fd nosil na sebe e\u0161te legend\u00e1rny Neville Southall v\u00a090. rokoch.<\/p>\n<p>Hr\u00e1\u010di Evertonu sa z\u00fa\u010dastnili m\u00f3dneho fotenia, aby demon\u0161trovali, ako nov\u00e9 tri\u010dko presahuje r\u00e1mec \u0161portov\u00e9ho oble\u010denia. M\u00f4\u017ee by\u0165 s\u00fa\u010das\u0165ou be\u017en\u00e9ho ka\u017edodenn\u00e9ho \u0161t\u00fdlu. Mu\u017esk\u00fd prv\u00fd t\u00edm Evertonu si prv\u00fdkr\u00e1t oble\u010die t\u00fato s\u00fapravu, ke\u010f v sobotu nast\u00fapi v Premier League proti Aston Ville, s v\u00fdkopom o 12:30.<\/p>\n<p>V\u0161etky s\u00fapravy sa vyr\u00e1baj\u00fa pomocou rovnak\u00e9ho procesu Eco 8 ako predch\u00e1dzaj\u00face s\u00fapravy Everton od Hummelu. Ka\u017ed\u00fd dres je vyroben\u00fd z \u00f4smich recyklovan\u00fdch flia\u0161 a pri procese farbenia spotrebuje minim\u00e1lne mno\u017estvo vody, \u010do \u010falej podporuje pokra\u010duj\u00faci z\u00e1v\u00e4zok klubu k environment\u00e1lnej kampani Everton for Change.<\/p>\n<p style=\"text-align: right;\"><span style=\"font-size: 8pt;\">(fotozdroj: evertonfc.com)<\/span><\/p>\n","protected":false},"excerpt":{"rendered":"<p>Hummel tento rok vsadil v\u0161etko na kartu ikonickej Ve\u017ee princa Ruperta, ktor\u00e1 s\u00eddli v\u00a0klubovom erbe. Do tretice ju obliekol cel\u00fa do \u017eltej a\u00a0minimalizoval na hrudi.<\/p>\n","protected":false},"author":1,"featured_media":19455,"comment_status":"open","ping_status":"closed","sticky":false,"template":"","format":"standard","meta":{"_eb_attr":"","_monsterinsights_skip_tracking":false,"_monsterinsights_sitenote_active":false,"_monsterinsights_sitenote_note":"","_monsterinsights_sitenote_category":0,"footnotes":""},"categories":[42],"tags":[],"yoast_head":"<!-- This site is optimized with the Yoast SEO plugin v23.4 - https:\/\/yoast.com\/wordpress\/plugins\/seo\/ -->\n<title>\u017dlt\u00e1 dominuje tretej sade - Official Czech &amp; Slovak Everton Supporters&#039; Club<\/title>\n<meta name=\"robots\" content=\"index, follow, max-snippet:-1, max-image-preview:large, max-video-preview:-1\" \/>\n<link rel=\"canonical\" href=\"https:\/\/evertonfc.cz\/index.php\/2022\/08\/12\/zlta-dominuje-tretej-sade\/\" \/>\n<meta property=\"og:locale\" content=\"cs_CZ\" \/>\n<meta property=\"og:type\" content=\"article\" \/>\n<meta property=\"og:title\" content=\"\u017dlt\u00e1 dominuje tretej sade - Official Czech &amp; Slovak Everton Supporters&#039; Club\" \/>\n<meta property=\"og:description\" content=\"Hummel tento rok vsadil v\u0161etko na kartu ikonickej Ve\u017ee princa Ruperta, ktor\u00e1 s\u00eddli v\u00a0klubovom erbe. Do tretice ju obliekol cel\u00fa do \u017eltej a\u00a0minimalizoval na hrudi.\" \/>\n<meta property=\"og:url\" content=\"https:\/\/evertonfc.cz\/index.php\/2022\/08\/12\/zlta-dominuje-tretej-sade\/\" \/>\n<meta property=\"og:site_name\" content=\"Official Czech &amp; Slovak Everton Supporters&#039; Club\" \/>\n<meta property=\"article:publisher\" content=\"https:\/\/www.facebook.com\/everton.fans.cz.sk\" \/>\n<meta property=\"article:published_time\" content=\"2022-08-12T18:55:19+00:00\" \/>\n<meta property=\"og:image\" content=\"https:\/\/evertonfc.cz\/wp-content\/uploads\/2022\/08\/Hummel-third-kit-12-8-2022.jpg\" \/>\n\t<meta property=\"og:image:width\" content=\"720\" \/>\n\t<meta property=\"og:image:height\" content=\"405\" \/>\n\t<meta property=\"og:image:type\" content=\"image\/jpeg\" \/>\n<meta name=\"author\" content=\"BlueBlooded\" \/>\n<meta name=\"twitter:card\" content=\"summary_large_image\" \/>\n<meta name=\"twitter:label1\" content=\"Napsal(a)\" \/>\n\t<meta name=\"twitter:data1\" content=\"BlueBlooded\" \/>\n\t<meta name=\"twitter:label2\" content=\"Odhadovan\u00e1 doba \u010dten\u00ed\" \/>\n\t<meta name=\"twitter:data2\" content=\"4 minuty\" \/>\n<script type=\"application\/ld+json\" class=\"yoast-schema-graph\">{\"@context\":\"https:\/\/schema.org\",\"@graph\":[{\"@type\":\"Article\",\"@id\":\"https:\/\/evertonfc.cz\/index.php\/2022\/08\/12\/zlta-dominuje-tretej-sade\/#article\",\"isPartOf\":{\"@id\":\"https:\/\/evertonfc.cz\/index.php\/2022\/08\/12\/zlta-dominuje-tretej-sade\/\"},\"author\":{\"name\":\"BlueBlooded\",\"@id\":\"https:\/\/evertonfc.cz\/#\/schema\/person\/d4493b8cbea51532597fbc4685698916\"},\"headline\":\"\u017dlt\u00e1 dominuje tretej sade\",\"datePublished\":\"2022-08-12T18:55:19+00:00\",\"dateModified\":\"2022-08-12T18:55:19+00:00\",\"mainEntityOfPage\":{\"@id\":\"https:\/\/evertonfc.cz\/index.php\/2022\/08\/12\/zlta-dominuje-tretej-sade\/\"},\"wordCount\":651,\"commentCount\":2,\"publisher\":{\"@id\":\"https:\/\/evertonfc.cz\/#organization\"},\"image\":{\"@id\":\"https:\/\/evertonfc.cz\/index.php\/2022\/08\/12\/zlta-dominuje-tretej-sade\/#primaryimage\"},\"thumbnailUrl\":\"https:\/\/evertonfc.cz\/wp-content\/uploads\/2022\/08\/Hummel-third-kit-12-8-2022.jpg\",\"articleSection\":[\"Aktuality\"],\"inLanguage\":\"cs\",\"potentialAction\":[{\"@type\":\"CommentAction\",\"name\":\"Comment\",\"target\":[\"https:\/\/evertonfc.cz\/index.php\/2022\/08\/12\/zlta-dominuje-tretej-sade\/#respond\"]}]},{\"@type\":\"WebPage\",\"@id\":\"https:\/\/evertonfc.cz\/index.php\/2022\/08\/12\/zlta-dominuje-tretej-sade\/\",\"url\":\"https:\/\/evertonfc.cz\/index.php\/2022\/08\/12\/zlta-dominuje-tretej-sade\/\",\"name\":\"\u017dlt\u00e1 dominuje tretej sade - Official Czech &amp; Slovak Everton Supporters&#039; Club\",\"isPartOf\":{\"@id\":\"https:\/\/evertonfc.cz\/#website\"},\"primaryImageOfPage\":{\"@id\":\"https:\/\/evertonfc.cz\/index.php\/2022\/08\/12\/zlta-dominuje-tretej-sade\/#primaryimage\"},\"image\":{\"@id\":\"https:\/\/evertonfc.cz\/index.php\/2022\/08\/12\/zlta-dominuje-tretej-sade\/#primaryimage\"},\"thumbnailUrl\":\"https:\/\/evertonfc.cz\/wp-content\/uploads\/2022\/08\/Hummel-third-kit-12-8-2022.jpg\",\"datePublished\":\"2022-08-12T18:55:19+00:00\",\"dateModified\":\"2022-08-12T18:55:19+00:00\",\"breadcrumb\":{\"@id\":\"https:\/\/evertonfc.cz\/index.php\/2022\/08\/12\/zlta-dominuje-tretej-sade\/#breadcrumb\"},\"inLanguage\":\"cs\",\"potentialAction\":[{\"@type\":\"ReadAction\",\"target\":[\"https:\/\/evertonfc.cz\/index.php\/2022\/08\/12\/zlta-dominuje-tretej-sade\/\"]}]},{\"@type\":\"ImageObject\",\"inLanguage\":\"cs\",\"@id\":\"https:\/\/evertonfc.cz\/index.php\/2022\/08\/12\/zlta-dominuje-tretej-sade\/#primaryimage\",\"url\":\"https:\/\/evertonfc.cz\/wp-content\/uploads\/2022\/08\/Hummel-third-kit-12-8-2022.jpg\",\"contentUrl\":\"https:\/\/evertonfc.cz\/wp-content\/uploads\/2022\/08\/Hummel-third-kit-12-8-2022.jpg\",\"width\":720,\"height\":405},{\"@type\":\"BreadcrumbList\",\"@id\":\"https:\/\/evertonfc.cz\/index.php\/2022\/08\/12\/zlta-dominuje-tretej-sade\/#breadcrumb\",\"itemListElement\":[{\"@type\":\"ListItem\",\"position\":1,\"name\":\"Home\",\"item\":\"https:\/\/evertonfc.cz\/\"},{\"@type\":\"ListItem\",\"position\":2,\"name\":\"\u017dlt\u00e1 dominuje tretej sade\"}]},{\"@type\":\"WebSite\",\"@id\":\"https:\/\/evertonfc.cz\/#website\",\"url\":\"https:\/\/evertonfc.cz\/\",\"name\":\"Official Czech &amp; Slovak Everton Supporters&#039; Club\",\"description\":\"\",\"publisher\":{\"@id\":\"https:\/\/evertonfc.cz\/#organization\"},\"potentialAction\":[{\"@type\":\"SearchAction\",\"target\":{\"@type\":\"EntryPoint\",\"urlTemplate\":\"https:\/\/evertonfc.cz\/?s={search_term_string}\"},\"query-input\":{\"@type\":\"PropertyValueSpecification\",\"valueRequired\":true,\"valueName\":\"search_term_string\"}}],\"inLanguage\":\"cs\"},{\"@type\":\"Organization\",\"@id\":\"https:\/\/evertonfc.cz\/#organization\",\"name\":\"Official Czech & Slovak Everton Supporters' Club\",\"url\":\"https:\/\/evertonfc.cz\/\",\"logo\":{\"@type\":\"ImageObject\",\"inLanguage\":\"cs\",\"@id\":\"https:\/\/evertonfc.cz\/#\/schema\/logo\/image\/\",\"url\":\"https:\/\/evertonfc.cz\/wp-content\/uploads\/2019\/05\/logo.png\",\"contentUrl\":\"https:\/\/evertonfc.cz\/wp-content\/uploads\/2019\/05\/logo.png\",\"width\":112,\"height\":112,\"caption\":\"Official Czech & Slovak Everton Supporters' Club\"},\"image\":{\"@id\":\"https:\/\/evertonfc.cz\/#\/schema\/logo\/image\/\"},\"sameAs\":[\"https:\/\/www.facebook.com\/everton.fans.cz.sk\"]},{\"@type\":\"Person\",\"@id\":\"https:\/\/evertonfc.cz\/#\/schema\/person\/d4493b8cbea51532597fbc4685698916\",\"name\":\"BlueBlooded\",\"url\":\"https:\/\/evertonfc.cz\/index.php\/author\/admin\/\"}]}<\/script>\n<!-- \/ Yoast SEO plugin. -->","yoast_head_json":{"title":"\u017dlt\u00e1 dominuje tretej sade - Official Czech &amp; Slovak Everton Supporters&#039; Club","robots":{"index":"index","follow":"follow","max-snippet":"max-snippet:-1","max-image-preview":"max-image-preview:large","max-video-preview":"max-video-preview:-1"},"canonical":"https:\/\/evertonfc.cz\/index.php\/2022\/08\/12\/zlta-dominuje-tretej-sade\/","og_locale":"cs_CZ","og_type":"article","og_title":"\u017dlt\u00e1 dominuje tretej sade - Official Czech &amp; Slovak Everton Supporters&#039; Club","og_description":"Hummel tento rok vsadil v\u0161etko na kartu ikonickej Ve\u017ee princa Ruperta, ktor\u00e1 s\u00eddli v\u00a0klubovom erbe. Do tretice ju obliekol cel\u00fa do \u017eltej a\u00a0minimalizoval na hrudi.","og_url":"https:\/\/evertonfc.cz\/index.php\/2022\/08\/12\/zlta-dominuje-tretej-sade\/","og_site_name":"Official Czech &amp; Slovak Everton Supporters&#039; Club","article_publisher":"https:\/\/www.facebook.com\/everton.fans.cz.sk","article_published_time":"2022-08-12T18:55:19+00:00","og_image":[{"width":720,"height":405,"url":"https:\/\/evertonfc.cz\/wp-content\/uploads\/2022\/08\/Hummel-third-kit-12-8-2022.jpg","type":"image\/jpeg"}],"author":"BlueBlooded","twitter_card":"summary_large_image","twitter_misc":{"Napsal(a)":"BlueBlooded","Odhadovan\u00e1 doba \u010dten\u00ed":"4 minuty"},"schema":{"@context":"https:\/\/schema.org","@graph":[{"@type":"Article","@id":"https:\/\/evertonfc.cz\/index.php\/2022\/08\/12\/zlta-dominuje-tretej-sade\/#article","isPartOf":{"@id":"https:\/\/evertonfc.cz\/index.php\/2022\/08\/12\/zlta-dominuje-tretej-sade\/"},"author":{"name":"BlueBlooded","@id":"https:\/\/evertonfc.cz\/#\/schema\/person\/d4493b8cbea51532597fbc4685698916"},"headline":"\u017dlt\u00e1 dominuje tretej sade","datePublished":"2022-08-12T18:55:19+00:00","dateModified":"2022-08-12T18:55:19+00:00","mainEntityOfPage":{"@id":"https:\/\/evertonfc.cz\/index.php\/2022\/08\/12\/zlta-dominuje-tretej-sade\/"},"wordCount":651,"commentCount":2,"publisher":{"@id":"https:\/\/evertonfc.cz\/#organization"},"image":{"@id":"https:\/\/evertonfc.cz\/index.php\/2022\/08\/12\/zlta-dominuje-tretej-sade\/#primaryimage"},"thumbnailUrl":"https:\/\/evertonfc.cz\/wp-content\/uploads\/2022\/08\/Hummel-third-kit-12-8-2022.jpg","articleSection":["Aktuality"],"inLanguage":"cs","potentialAction":[{"@type":"CommentAction","name":"Comment","target":["https:\/\/evertonfc.cz\/index.php\/2022\/08\/12\/zlta-dominuje-tretej-sade\/#respond"]}]},{"@type":"WebPage","@id":"https:\/\/evertonfc.cz\/index.php\/2022\/08\/12\/zlta-dominuje-tretej-sade\/","url":"https:\/\/evertonfc.cz\/index.php\/2022\/08\/12\/zlta-dominuje-tretej-sade\/","name":"\u017dlt\u00e1 dominuje tretej sade - Official Czech &amp; Slovak Everton Supporters&#039; Club","isPartOf":{"@id":"https:\/\/evertonfc.cz\/#website"},"primaryImageOfPage":{"@id":"https:\/\/evertonfc.cz\/index.php\/2022\/08\/12\/zlta-dominuje-tretej-sade\/#primaryimage"},"image":{"@id":"https:\/\/evertonfc.cz\/index.php\/2022\/08\/12\/zlta-dominuje-tretej-sade\/#primaryimage"},"thumbnailUrl":"https:\/\/evertonfc.cz\/wp-content\/uploads\/2022\/08\/Hummel-third-kit-12-8-2022.jpg","datePublished":"2022-08-12T18:55:19+00:00","dateModified":"2022-08-12T18:55:19+00:00","breadcrumb":{"@id":"https:\/\/evertonfc.cz\/index.php\/2022\/08\/12\/zlta-dominuje-tretej-sade\/#breadcrumb"},"inLanguage":"cs","potentialAction":[{"@type":"ReadAction","target":["https:\/\/evertonfc.cz\/index.php\/2022\/08\/12\/zlta-dominuje-tretej-sade\/"]}]},{"@type":"ImageObject","inLanguage":"cs","@id":"https:\/\/evertonfc.cz\/index.php\/2022\/08\/12\/zlta-dominuje-tretej-sade\/#primaryimage","url":"https:\/\/evertonfc.cz\/wp-content\/uploads\/2022\/08\/Hummel-third-kit-12-8-2022.jpg","contentUrl":"https:\/\/evertonfc.cz\/wp-content\/uploads\/2022\/08\/Hummel-third-kit-12-8-2022.jpg","width":720,"height":405},{"@type":"BreadcrumbList","@id":"https:\/\/evertonfc.cz\/index.php\/2022\/08\/12\/zlta-dominuje-tretej-sade\/#breadcrumb","itemListElement":[{"@type":"ListItem","position":1,"name":"Home","item":"https:\/\/evertonfc.cz\/"},{"@type":"ListItem","position":2,"name":"\u017dlt\u00e1 dominuje tretej sade"}]},{"@type":"WebSite","@id":"https:\/\/evertonfc.cz\/#website","url":"https:\/\/evertonfc.cz\/","name":"Official Czech &amp; Slovak Everton Supporters&#039; Club","description":"","publisher":{"@id":"https:\/\/evertonfc.cz\/#organization"},"potentialAction":[{"@type":"SearchAction","target":{"@type":"EntryPoint","urlTemplate":"https:\/\/evertonfc.cz\/?s={search_term_string}"},"query-input":{"@type":"PropertyValueSpecification","valueRequired":true,"valueName":"search_term_string"}}],"inLanguage":"cs"},{"@type":"Organization","@id":"https:\/\/evertonfc.cz\/#organization","name":"Official Czech & Slovak Everton Supporters' Club","url":"https:\/\/evertonfc.cz\/","logo":{"@type":"ImageObject","inLanguage":"cs","@id":"https:\/\/evertonfc.cz\/#\/schema\/logo\/image\/","url":"https:\/\/evertonfc.cz\/wp-content\/uploads\/2019\/05\/logo.png","contentUrl":"https:\/\/evertonfc.cz\/wp-content\/uploads\/2019\/05\/logo.png","width":112,"height":112,"caption":"Official Czech & Slovak Everton Supporters' Club"},"image":{"@id":"https:\/\/evertonfc.cz\/#\/schema\/logo\/image\/"},"sameAs":["https:\/\/www.facebook.com\/everton.fans.cz.sk"]},{"@type":"Person","@id":"https:\/\/evertonfc.cz\/#\/schema\/person\/d4493b8cbea51532597fbc4685698916","name":"BlueBlooded","url":"https:\/\/evertonfc.cz\/index.php\/author\/admin\/"}]}},"_links":{"self":[{"href":"https:\/\/evertonfc.cz\/index.php\/wp-json\/wp\/v2\/posts\/19458"}],"collection":[{"href":"https:\/\/evertonfc.cz\/index.php\/wp-json\/wp\/v2\/posts"}],"about":[{"href":"https:\/\/evertonfc.cz\/index.php\/wp-json\/wp\/v2\/types\/post"}],"author":[{"embeddable":true,"href":"https:\/\/evertonfc.cz\/index.php\/wp-json\/wp\/v2\/users\/1"}],"replies":[{"embeddable":true,"href":"https:\/\/evertonfc.cz\/index.php\/wp-json\/wp\/v2\/comments?post=19458"}],"version-history":[{"count":3,"href":"https:\/\/evertonfc.cz\/index.php\/wp-json\/wp\/v2\/posts\/19458\/revisions"}],"predecessor-version":[{"id":19461,"href":"https:\/\/evertonfc.cz\/index.php\/wp-json\/wp\/v2\/posts\/19458\/revisions\/19461"}],"wp:featuredmedia":[{"embeddable":true,"href":"https:\/\/evertonfc.cz\/index.php\/wp-json\/wp\/v2\/media\/19455"}],"wp:attachment":[{"href":"https:\/\/evertonfc.cz\/index.php\/wp-json\/wp\/v2\/media?parent=19458"}],"wp:term":[{"taxonomy":"category","embeddable":true,"href":"https:\/\/evertonfc.cz\/index.php\/wp-json\/wp\/v2\/categories?post=19458"},{"taxonomy":"post_tag","embeddable":true,"href":"https:\/\/evertonfc.cz\/index.php\/wp-json\/wp\/v2\/tags?post=19458"}],"curies":[{"name":"wp","href":"https:\/\/api.w.org\/{rel}","templated":true}]}}