{"id":1947,"date":"2018-08-10T18:55:54","date_gmt":"2018-08-10T16:55:54","guid":{"rendered":"http:\/\/evertonfc.cz\/?p=1947"},"modified":"2019-01-31T18:57:08","modified_gmt":"2019-01-31T17:57:08","slug":"uspesny-ctvrtecni-den-zavrsil-prichod-zoumy","status":"publish","type":"post","link":"https:\/\/evertonfc.cz\/index.php\/2018\/08\/10\/uspesny-ctvrtecni-den-zavrsil-prichod-zoumy\/","title":{"rendered":"\u00dasp\u011b\u0161n\u00fd \u010dtvrte\u010dn\u00ed den zavr\u0161il p\u0159\u00edchod Zoumy"},"content":{"rendered":"\n<h4 class=\"wp-block-heading\">Veden\u00ed Evertonu se b\u011bhem Deadline Day rozhodlo r\u00e1zn\u011b vy\u0159e\u0161it znepokojiv\u00e9 v\u00fdkony st\u0159edn\u00edch obr\u00e1nc\u016f v p\u0159edsez\u00f3nn\u00ed p\u0159\u00edprav\u011b. Toffees po n\u00e1kupu Yerryho Miny z\u00edskali v\u00a0r\u00e1mci ro\u010dn\u00edho hostov\u00e1n\u00ed Kurta Zoumu z Chelsea.<\/h4>\n\n\n\n<p>23let\u00e9ho stopera poslal jeho mate\u0159sk\u00fd celek na hostov\u00e1n\u00ed i v minul\u00e9 sez\u00f3n\u011b. Zouma s c\u00edlem pravideln\u011b nastupovat v z\u00e1kladn\u00ed sestav\u011b ode\u0161el do Stoke, kde si sice vydobyl d\u016fle\u017eit\u00e9 postaven\u00ed, s klubem ov\u0161em sestoupil z Premier League.<\/p>\n\n\n\n<p>Jeho individu\u00e1ln\u00ed v\u00fdkony u Potters pat\u0159ily k tomu lep\u0161\u00edmu z t\u00fdmu,&nbsp;a\u010d se v\u0161ak p\u0159ile\u017eitostn\u011b nevyvaroval hrubek.<\/p>\n\n\n\n<p>Chelsea p\u0159ed leto\u0161n\u00ed sez\u00f3nou vym\u011bnila mana\u017eera, p\u0159esto se ani tentokr\u00e1t pro Zoumu nena\u0161lo uplatn\u011bn\u00ed v k\u00e1dru. Mezi hlavn\u00ed z\u00e1jemce o jeho slu\u017eby se z\u00e1hy za\u0159adil Everton, kter\u00e9mu se na Deadline Day poda\u0159ilo dojednat ro\u010dn\u00ed hostov\u00e1n\u00ed. Spln\u011bn\u00ed v\u0161ech n\u00e1le\u017eit\u00fdch podm\u00ednek p\u0159ed uzav\u0159en\u00edm p\u0159estupov\u00e9 obdob\u00ed je\u0161t\u011b muselo p\u0159ezkoumat veden\u00ed Premier League. Hostov\u00e1n\u00ed se ale nakonec do\u010dkalo schv\u00e1len\u00ed.<\/p>\n\n\n\n<p>Zoumovy p\u0159ednosti tkv\u00ed v osobn\u00edch souboj\u00edch (dominuje zejm\u00e9na ve vzduchu), fyzick\u00e9 p\u0159ipravenosti a pr\u00e1ci s m\u00ed\u010dem. Na druhou stranu ob\u010das se snadno nech\u00e1 vyv\u00e9st z koncentrace, a tak m\u00e1 tendenci zbyte\u010dn\u011b chybovat.<\/p>\n\n\n\n<p>Dvojn\u00e1sobn\u00fd francouzsk\u00fd reprezentant, oba starty si p\u0159ipsal v roce 2015, prorazil do sv\u011bta profesion\u00e1ln\u00edho fotbalu v Saint-\u00c9tienne. Debut si p\u0159ipsal u\u017e ve sv\u00fdch \u0161estn\u00e1cti letech v&nbsp;roce 2011.<\/p>\n\n\n\n<p>Zv\u011bsti o jeho talentu se po n\u011bjak\u00e9m \u010dase p\u0159enesly i p\u0159es Laman\u0161sk\u00fd pr\u016fliv a mlad\u00edkovy slu\u017eby si v zim\u011b 2014 zajistila lond\u00fdnsk\u00e1 Chelsea. To u\u017e Zouma pravideln\u011b sb\u00edral starty ve francouzsk\u00e9 lize a v&nbsp;roce 2013 p\u0159isp\u011bl k&nbsp;prvenstv\u00ed ve Francouzsk\u00e9m ligov\u00e9m poh\u00e1ru.<\/p>\n\n\n\n<p>Na Stamford Bridge se Zouma hl\u00e1sil a\u017e p\u0159ed sez\u00f3nou 2014\/15, na \u0161est m\u011bs\u00edc\u016f byl je\u0161t\u011b ponech\u00e1n na hostov\u00e1n\u00ed v Saint-\u00c9tienne. V prvn\u00edm ro\u010dn\u00edku v Chelsea sb\u00edral zku\u0161enosti p\u0159edev\u0161\u00edm v poh\u00e1rov\u00fdch sout\u011b\u017e\u00edch, pravideln\u011b hr\u00e1l v tom Ligov\u00e9m, kter\u00fd Blues opanovali. V n\u00e1sleduj\u00edc\u00ed sez\u00f3n\u011b u\u017e nastupoval v z\u00e1kladn\u00ed sestav\u011b tak\u00e9 v Premier League, v zim\u011b 2016 si v\u0161ak v\u00e1\u017en\u011b po\u0161kodil kolenn\u00ed vazy a \u010dekala ho nucen\u00e1 dev\u00edtim\u011bs\u00ed\u010dn\u00ed pauza.<\/p>\n\n\n\n<p>Po uzdraven\u00ed sb\u00edral starty jenom po minut\u00e1ch, mana\u017eer Conte s\u00e1zel na jin\u00e9 obr\u00e1nce, a tak v sez\u00f3n\u011b 2017\/18 zam\u00ed\u0159il na zm\u00edn\u011bn\u00e9 hostov\u00e1n\u00ed do Stoke.<\/p>\n\n\n\n<p>Kurt Zouma, jemu\u017e rodi\u010de vybrali origin\u00e1ln\u00ed prost\u0159edn\u00ed jm\u00e9no \u2013 Happy \u2013 bude v Evertonu obl\u00e9kat dres s \u010d\u00edslem 5. Jeho hostov\u00e1n\u00ed nezahrnuje opci na p\u0159estup.<\/p>\n\n\n\n<p>Oproti Minovi se jedn\u00e1 o hr\u00e1\u010de adaptovan\u00e9ho na Premier League, jen\u017e tak nebude pot\u0159ebovat \u010das na aklimatizaci a do z\u00e1kladn\u00ed sestavy m\u016f\u017ee nasko\u010dit t\u00e9m\u011b\u0159 okam\u017eit\u011b. Pro sobotn\u00ed \u00favodn\u00ed kolo s Wolverhamptonem je\u0161t\u011b ale nebude k dispozici.<br><\/p>\n","protected":false},"excerpt":{"rendered":"<p>Veden\u00ed Evertonu se b\u011bhem Deadline Day rozhodlo r\u00e1zn\u011b vy\u0159e\u0161it znepokojiv\u00e9 v\u00fdkony st\u0159edn\u00edch obr\u00e1nc\u016f v p\u0159edsez\u00f3nn\u00ed p\u0159\u00edprav\u011b. Toffees po n\u00e1kupu Yerryho&hellip;<\/p>\n","protected":false},"author":6,"featured_media":1928,"comment_status":"open","ping_status":"closed","sticky":false,"template":"","format":"standard","meta":{"_eb_attr":"","_monsterinsights_skip_tracking":false,"_monsterinsights_sitenote_active":false,"_monsterinsights_sitenote_note":"","_monsterinsights_sitenote_category":0,"footnotes":""},"categories":[41],"tags":[],"yoast_head":"<!-- This site is optimized with the Yoast SEO plugin v23.4 - https:\/\/yoast.com\/wordpress\/plugins\/seo\/ -->\n<title>\u00dasp\u011b\u0161n\u00fd \u010dtvrte\u010dn\u00ed den zavr\u0161il p\u0159\u00edchod Zoumy - Official Czech &amp; Slovak Everton Supporters&#039; Club<\/title>\n<meta name=\"robots\" content=\"index, follow, max-snippet:-1, max-image-preview:large, max-video-preview:-1\" \/>\n<link rel=\"canonical\" href=\"https:\/\/evertonfc.cz\/index.php\/2018\/08\/10\/uspesny-ctvrtecni-den-zavrsil-prichod-zoumy\/\" \/>\n<meta property=\"og:locale\" content=\"cs_CZ\" \/>\n<meta property=\"og:type\" content=\"article\" \/>\n<meta property=\"og:title\" content=\"\u00dasp\u011b\u0161n\u00fd \u010dtvrte\u010dn\u00ed den zavr\u0161il p\u0159\u00edchod Zoumy - Official Czech &amp; Slovak Everton Supporters&#039; Club\" \/>\n<meta property=\"og:description\" content=\"Veden\u00ed Evertonu se b\u011bhem Deadline Day rozhodlo r\u00e1zn\u011b vy\u0159e\u0161it znepokojiv\u00e9 v\u00fdkony st\u0159edn\u00edch obr\u00e1nc\u016f v p\u0159edsez\u00f3nn\u00ed p\u0159\u00edprav\u011b. Toffees po n\u00e1kupu Yerryho&hellip;\" \/>\n<meta property=\"og:url\" content=\"https:\/\/evertonfc.cz\/index.php\/2018\/08\/10\/uspesny-ctvrtecni-den-zavrsil-prichod-zoumy\/\" \/>\n<meta property=\"og:site_name\" content=\"Official Czech &amp; Slovak Everton Supporters&#039; Club\" \/>\n<meta property=\"article:publisher\" content=\"https:\/\/www.facebook.com\/everton.fans.cz.sk\" \/>\n<meta property=\"article:published_time\" content=\"2018-08-10T16:55:54+00:00\" \/>\n<meta property=\"article:modified_time\" content=\"2019-01-31T17:57:08+00:00\" \/>\n<meta property=\"og:image\" content=\"https:\/\/evertonfc.cz\/wp-content\/uploads\/2019\/01\/zouma_10_8_2018.jpg\" \/>\n\t<meta property=\"og:image:width\" content=\"720\" \/>\n\t<meta property=\"og:image:height\" content=\"405\" \/>\n\t<meta property=\"og:image:type\" content=\"image\/jpeg\" \/>\n<meta name=\"author\" content=\"Ri\u010di\" \/>\n<meta name=\"twitter:card\" content=\"summary_large_image\" \/>\n<meta name=\"twitter:creator\" content=\"@rbrejsa\" \/>\n<meta name=\"twitter:label1\" content=\"Napsal(a)\" \/>\n\t<meta name=\"twitter:data1\" content=\"Ri\u010di\" \/>\n\t<meta name=\"twitter:label2\" content=\"Odhadovan\u00e1 doba \u010dten\u00ed\" \/>\n\t<meta name=\"twitter:data2\" content=\"3 minuty\" \/>\n<script type=\"application\/ld+json\" class=\"yoast-schema-graph\">{\"@context\":\"https:\/\/schema.org\",\"@graph\":[{\"@type\":\"Article\",\"@id\":\"https:\/\/evertonfc.cz\/index.php\/2018\/08\/10\/uspesny-ctvrtecni-den-zavrsil-prichod-zoumy\/#article\",\"isPartOf\":{\"@id\":\"https:\/\/evertonfc.cz\/index.php\/2018\/08\/10\/uspesny-ctvrtecni-den-zavrsil-prichod-zoumy\/\"},\"author\":{\"name\":\"Ri\u010di\",\"@id\":\"https:\/\/evertonfc.cz\/#\/schema\/person\/f7a5daedb2ffee98480bc70e191aaef1\"},\"headline\":\"\u00dasp\u011b\u0161n\u00fd \u010dtvrte\u010dn\u00ed den zavr\u0161il p\u0159\u00edchod Zoumy\",\"datePublished\":\"2018-08-10T16:55:54+00:00\",\"dateModified\":\"2019-01-31T17:57:08+00:00\",\"mainEntityOfPage\":{\"@id\":\"https:\/\/evertonfc.cz\/index.php\/2018\/08\/10\/uspesny-ctvrtecni-den-zavrsil-prichod-zoumy\/\"},\"wordCount\":556,\"commentCount\":0,\"publisher\":{\"@id\":\"https:\/\/evertonfc.cz\/#organization\"},\"image\":{\"@id\":\"https:\/\/evertonfc.cz\/index.php\/2018\/08\/10\/uspesny-ctvrtecni-den-zavrsil-prichod-zoumy\/#primaryimage\"},\"thumbnailUrl\":\"https:\/\/evertonfc.cz\/wp-content\/uploads\/2019\/01\/zouma_10_8_2018.jpg\",\"articleSection\":[\"P\u0159estupy\"],\"inLanguage\":\"cs\",\"potentialAction\":[{\"@type\":\"CommentAction\",\"name\":\"Comment\",\"target\":[\"https:\/\/evertonfc.cz\/index.php\/2018\/08\/10\/uspesny-ctvrtecni-den-zavrsil-prichod-zoumy\/#respond\"]}]},{\"@type\":\"WebPage\",\"@id\":\"https:\/\/evertonfc.cz\/index.php\/2018\/08\/10\/uspesny-ctvrtecni-den-zavrsil-prichod-zoumy\/\",\"url\":\"https:\/\/evertonfc.cz\/index.php\/2018\/08\/10\/uspesny-ctvrtecni-den-zavrsil-prichod-zoumy\/\",\"name\":\"\u00dasp\u011b\u0161n\u00fd \u010dtvrte\u010dn\u00ed den zavr\u0161il p\u0159\u00edchod Zoumy - Official Czech &amp; Slovak Everton Supporters&#039; Club\",\"isPartOf\":{\"@id\":\"https:\/\/evertonfc.cz\/#website\"},\"primaryImageOfPage\":{\"@id\":\"https:\/\/evertonfc.cz\/index.php\/2018\/08\/10\/uspesny-ctvrtecni-den-zavrsil-prichod-zoumy\/#primaryimage\"},\"image\":{\"@id\":\"https:\/\/evertonfc.cz\/index.php\/2018\/08\/10\/uspesny-ctvrtecni-den-zavrsil-prichod-zoumy\/#primaryimage\"},\"thumbnailUrl\":\"https:\/\/evertonfc.cz\/wp-content\/uploads\/2019\/01\/zouma_10_8_2018.jpg\",\"datePublished\":\"2018-08-10T16:55:54+00:00\",\"dateModified\":\"2019-01-31T17:57:08+00:00\",\"breadcrumb\":{\"@id\":\"https:\/\/evertonfc.cz\/index.php\/2018\/08\/10\/uspesny-ctvrtecni-den-zavrsil-prichod-zoumy\/#breadcrumb\"},\"inLanguage\":\"cs\",\"potentialAction\":[{\"@type\":\"ReadAction\",\"target\":[\"https:\/\/evertonfc.cz\/index.php\/2018\/08\/10\/uspesny-ctvrtecni-den-zavrsil-prichod-zoumy\/\"]}]},{\"@type\":\"ImageObject\",\"inLanguage\":\"cs\",\"@id\":\"https:\/\/evertonfc.cz\/index.php\/2018\/08\/10\/uspesny-ctvrtecni-den-zavrsil-prichod-zoumy\/#primaryimage\",\"url\":\"https:\/\/evertonfc.cz\/wp-content\/uploads\/2019\/01\/zouma_10_8_2018.jpg\",\"contentUrl\":\"https:\/\/evertonfc.cz\/wp-content\/uploads\/2019\/01\/zouma_10_8_2018.jpg\",\"width\":720,\"height\":405},{\"@type\":\"BreadcrumbList\",\"@id\":\"https:\/\/evertonfc.cz\/index.php\/2018\/08\/10\/uspesny-ctvrtecni-den-zavrsil-prichod-zoumy\/#breadcrumb\",\"itemListElement\":[{\"@type\":\"ListItem\",\"position\":1,\"name\":\"Home\",\"item\":\"https:\/\/evertonfc.cz\/\"},{\"@type\":\"ListItem\",\"position\":2,\"name\":\"\u00dasp\u011b\u0161n\u00fd \u010dtvrte\u010dn\u00ed den zavr\u0161il p\u0159\u00edchod Zoumy\"}]},{\"@type\":\"WebSite\",\"@id\":\"https:\/\/evertonfc.cz\/#website\",\"url\":\"https:\/\/evertonfc.cz\/\",\"name\":\"Official Czech &amp; Slovak Everton Supporters&#039; Club\",\"description\":\"\",\"publisher\":{\"@id\":\"https:\/\/evertonfc.cz\/#organization\"},\"potentialAction\":[{\"@type\":\"SearchAction\",\"target\":{\"@type\":\"EntryPoint\",\"urlTemplate\":\"https:\/\/evertonfc.cz\/?s={search_term_string}\"},\"query-input\":{\"@type\":\"PropertyValueSpecification\",\"valueRequired\":true,\"valueName\":\"search_term_string\"}}],\"inLanguage\":\"cs\"},{\"@type\":\"Organization\",\"@id\":\"https:\/\/evertonfc.cz\/#organization\",\"name\":\"Official Czech & Slovak Everton Supporters' Club\",\"url\":\"https:\/\/evertonfc.cz\/\",\"logo\":{\"@type\":\"ImageObject\",\"inLanguage\":\"cs\",\"@id\":\"https:\/\/evertonfc.cz\/#\/schema\/logo\/image\/\",\"url\":\"https:\/\/evertonfc.cz\/wp-content\/uploads\/2019\/05\/logo.png\",\"contentUrl\":\"https:\/\/evertonfc.cz\/wp-content\/uploads\/2019\/05\/logo.png\",\"width\":112,\"height\":112,\"caption\":\"Official Czech & Slovak Everton Supporters' Club\"},\"image\":{\"@id\":\"https:\/\/evertonfc.cz\/#\/schema\/logo\/image\/\"},\"sameAs\":[\"https:\/\/www.facebook.com\/everton.fans.cz.sk\"]},{\"@type\":\"Person\",\"@id\":\"https:\/\/evertonfc.cz\/#\/schema\/person\/f7a5daedb2ffee98480bc70e191aaef1\",\"name\":\"Ri\u010di\",\"sameAs\":[\"https:\/\/x.com\/rbrejsa\"],\"url\":\"https:\/\/evertonfc.cz\/index.php\/author\/rici\/\"}]}<\/script>\n<!-- \/ Yoast SEO plugin. -->","yoast_head_json":{"title":"\u00dasp\u011b\u0161n\u00fd \u010dtvrte\u010dn\u00ed den zavr\u0161il p\u0159\u00edchod Zoumy - Official Czech &amp; Slovak Everton Supporters&#039; Club","robots":{"index":"index","follow":"follow","max-snippet":"max-snippet:-1","max-image-preview":"max-image-preview:large","max-video-preview":"max-video-preview:-1"},"canonical":"https:\/\/evertonfc.cz\/index.php\/2018\/08\/10\/uspesny-ctvrtecni-den-zavrsil-prichod-zoumy\/","og_locale":"cs_CZ","og_type":"article","og_title":"\u00dasp\u011b\u0161n\u00fd \u010dtvrte\u010dn\u00ed den zavr\u0161il p\u0159\u00edchod Zoumy - Official Czech &amp; Slovak Everton Supporters&#039; Club","og_description":"Veden\u00ed Evertonu se b\u011bhem Deadline Day rozhodlo r\u00e1zn\u011b vy\u0159e\u0161it znepokojiv\u00e9 v\u00fdkony st\u0159edn\u00edch obr\u00e1nc\u016f v p\u0159edsez\u00f3nn\u00ed p\u0159\u00edprav\u011b. Toffees po n\u00e1kupu Yerryho&hellip;","og_url":"https:\/\/evertonfc.cz\/index.php\/2018\/08\/10\/uspesny-ctvrtecni-den-zavrsil-prichod-zoumy\/","og_site_name":"Official Czech &amp; Slovak Everton Supporters&#039; Club","article_publisher":"https:\/\/www.facebook.com\/everton.fans.cz.sk","article_published_time":"2018-08-10T16:55:54+00:00","article_modified_time":"2019-01-31T17:57:08+00:00","og_image":[{"width":720,"height":405,"url":"https:\/\/evertonfc.cz\/wp-content\/uploads\/2019\/01\/zouma_10_8_2018.jpg","type":"image\/jpeg"}],"author":"Ri\u010di","twitter_card":"summary_large_image","twitter_creator":"@rbrejsa","twitter_misc":{"Napsal(a)":"Ri\u010di","Odhadovan\u00e1 doba \u010dten\u00ed":"3 minuty"},"schema":{"@context":"https:\/\/schema.org","@graph":[{"@type":"Article","@id":"https:\/\/evertonfc.cz\/index.php\/2018\/08\/10\/uspesny-ctvrtecni-den-zavrsil-prichod-zoumy\/#article","isPartOf":{"@id":"https:\/\/evertonfc.cz\/index.php\/2018\/08\/10\/uspesny-ctvrtecni-den-zavrsil-prichod-zoumy\/"},"author":{"name":"Ri\u010di","@id":"https:\/\/evertonfc.cz\/#\/schema\/person\/f7a5daedb2ffee98480bc70e191aaef1"},"headline":"\u00dasp\u011b\u0161n\u00fd \u010dtvrte\u010dn\u00ed den zavr\u0161il p\u0159\u00edchod Zoumy","datePublished":"2018-08-10T16:55:54+00:00","dateModified":"2019-01-31T17:57:08+00:00","mainEntityOfPage":{"@id":"https:\/\/evertonfc.cz\/index.php\/2018\/08\/10\/uspesny-ctvrtecni-den-zavrsil-prichod-zoumy\/"},"wordCount":556,"commentCount":0,"publisher":{"@id":"https:\/\/evertonfc.cz\/#organization"},"image":{"@id":"https:\/\/evertonfc.cz\/index.php\/2018\/08\/10\/uspesny-ctvrtecni-den-zavrsil-prichod-zoumy\/#primaryimage"},"thumbnailUrl":"https:\/\/evertonfc.cz\/wp-content\/uploads\/2019\/01\/zouma_10_8_2018.jpg","articleSection":["P\u0159estupy"],"inLanguage":"cs","potentialAction":[{"@type":"CommentAction","name":"Comment","target":["https:\/\/evertonfc.cz\/index.php\/2018\/08\/10\/uspesny-ctvrtecni-den-zavrsil-prichod-zoumy\/#respond"]}]},{"@type":"WebPage","@id":"https:\/\/evertonfc.cz\/index.php\/2018\/08\/10\/uspesny-ctvrtecni-den-zavrsil-prichod-zoumy\/","url":"https:\/\/evertonfc.cz\/index.php\/2018\/08\/10\/uspesny-ctvrtecni-den-zavrsil-prichod-zoumy\/","name":"\u00dasp\u011b\u0161n\u00fd \u010dtvrte\u010dn\u00ed den zavr\u0161il p\u0159\u00edchod Zoumy - Official Czech &amp; Slovak Everton Supporters&#039; Club","isPartOf":{"@id":"https:\/\/evertonfc.cz\/#website"},"primaryImageOfPage":{"@id":"https:\/\/evertonfc.cz\/index.php\/2018\/08\/10\/uspesny-ctvrtecni-den-zavrsil-prichod-zoumy\/#primaryimage"},"image":{"@id":"https:\/\/evertonfc.cz\/index.php\/2018\/08\/10\/uspesny-ctvrtecni-den-zavrsil-prichod-zoumy\/#primaryimage"},"thumbnailUrl":"https:\/\/evertonfc.cz\/wp-content\/uploads\/2019\/01\/zouma_10_8_2018.jpg","datePublished":"2018-08-10T16:55:54+00:00","dateModified":"2019-01-31T17:57:08+00:00","breadcrumb":{"@id":"https:\/\/evertonfc.cz\/index.php\/2018\/08\/10\/uspesny-ctvrtecni-den-zavrsil-prichod-zoumy\/#breadcrumb"},"inLanguage":"cs","potentialAction":[{"@type":"ReadAction","target":["https:\/\/evertonfc.cz\/index.php\/2018\/08\/10\/uspesny-ctvrtecni-den-zavrsil-prichod-zoumy\/"]}]},{"@type":"ImageObject","inLanguage":"cs","@id":"https:\/\/evertonfc.cz\/index.php\/2018\/08\/10\/uspesny-ctvrtecni-den-zavrsil-prichod-zoumy\/#primaryimage","url":"https:\/\/evertonfc.cz\/wp-content\/uploads\/2019\/01\/zouma_10_8_2018.jpg","contentUrl":"https:\/\/evertonfc.cz\/wp-content\/uploads\/2019\/01\/zouma_10_8_2018.jpg","width":720,"height":405},{"@type":"BreadcrumbList","@id":"https:\/\/evertonfc.cz\/index.php\/2018\/08\/10\/uspesny-ctvrtecni-den-zavrsil-prichod-zoumy\/#breadcrumb","itemListElement":[{"@type":"ListItem","position":1,"name":"Home","item":"https:\/\/evertonfc.cz\/"},{"@type":"ListItem","position":2,"name":"\u00dasp\u011b\u0161n\u00fd \u010dtvrte\u010dn\u00ed den zavr\u0161il p\u0159\u00edchod Zoumy"}]},{"@type":"WebSite","@id":"https:\/\/evertonfc.cz\/#website","url":"https:\/\/evertonfc.cz\/","name":"Official Czech &amp; Slovak Everton Supporters&#039; Club","description":"","publisher":{"@id":"https:\/\/evertonfc.cz\/#organization"},"potentialAction":[{"@type":"SearchAction","target":{"@type":"EntryPoint","urlTemplate":"https:\/\/evertonfc.cz\/?s={search_term_string}"},"query-input":{"@type":"PropertyValueSpecification","valueRequired":true,"valueName":"search_term_string"}}],"inLanguage":"cs"},{"@type":"Organization","@id":"https:\/\/evertonfc.cz\/#organization","name":"Official Czech & Slovak Everton Supporters' Club","url":"https:\/\/evertonfc.cz\/","logo":{"@type":"ImageObject","inLanguage":"cs","@id":"https:\/\/evertonfc.cz\/#\/schema\/logo\/image\/","url":"https:\/\/evertonfc.cz\/wp-content\/uploads\/2019\/05\/logo.png","contentUrl":"https:\/\/evertonfc.cz\/wp-content\/uploads\/2019\/05\/logo.png","width":112,"height":112,"caption":"Official Czech & Slovak Everton Supporters' Club"},"image":{"@id":"https:\/\/evertonfc.cz\/#\/schema\/logo\/image\/"},"sameAs":["https:\/\/www.facebook.com\/everton.fans.cz.sk"]},{"@type":"Person","@id":"https:\/\/evertonfc.cz\/#\/schema\/person\/f7a5daedb2ffee98480bc70e191aaef1","name":"Ri\u010di","sameAs":["https:\/\/x.com\/rbrejsa"],"url":"https:\/\/evertonfc.cz\/index.php\/author\/rici\/"}]}},"_links":{"self":[{"href":"https:\/\/evertonfc.cz\/index.php\/wp-json\/wp\/v2\/posts\/1947"}],"collection":[{"href":"https:\/\/evertonfc.cz\/index.php\/wp-json\/wp\/v2\/posts"}],"about":[{"href":"https:\/\/evertonfc.cz\/index.php\/wp-json\/wp\/v2\/types\/post"}],"author":[{"embeddable":true,"href":"https:\/\/evertonfc.cz\/index.php\/wp-json\/wp\/v2\/users\/6"}],"replies":[{"embeddable":true,"href":"https:\/\/evertonfc.cz\/index.php\/wp-json\/wp\/v2\/comments?post=1947"}],"version-history":[{"count":1,"href":"https:\/\/evertonfc.cz\/index.php\/wp-json\/wp\/v2\/posts\/1947\/revisions"}],"predecessor-version":[{"id":1948,"href":"https:\/\/evertonfc.cz\/index.php\/wp-json\/wp\/v2\/posts\/1947\/revisions\/1948"}],"wp:featuredmedia":[{"embeddable":true,"href":"https:\/\/evertonfc.cz\/index.php\/wp-json\/wp\/v2\/media\/1928"}],"wp:attachment":[{"href":"https:\/\/evertonfc.cz\/index.php\/wp-json\/wp\/v2\/media?parent=1947"}],"wp:term":[{"taxonomy":"category","embeddable":true,"href":"https:\/\/evertonfc.cz\/index.php\/wp-json\/wp\/v2\/categories?post=1947"},{"taxonomy":"post_tag","embeddable":true,"href":"https:\/\/evertonfc.cz\/index.php\/wp-json\/wp\/v2\/tags?post=1947"}],"curies":[{"name":"wp","href":"https:\/\/api.w.org\/{rel}","templated":true}]}}