{"id":19486,"date":"2022-08-19T13:34:24","date_gmt":"2022-08-19T11:34:24","guid":{"rendered":"https:\/\/evertonfc.cz\/?p=19486"},"modified":"2022-08-21T10:10:57","modified_gmt":"2022-08-21T08:10:57","slug":"sedmou-letni-posilou-zenskeho-tymu-je-clare-wheeler","status":"publish","type":"post","link":"https:\/\/evertonfc.cz\/index.php\/2022\/08\/19\/sedmou-letni-posilou-zenskeho-tymu-je-clare-wheeler\/","title":{"rendered":"Sedmou letn\u00ed posilou \u017eensk\u00e9ho t\u00fdmu je Clare Wheeler"},"content":{"rendered":"<h4>Ani tentokr\u00e1t se nejedn\u00e1 o n\u00e1kup (hostov\u00e1n\u00ed) naslepo, mana\u017eer se s Clare zn\u00e1 velmi dob\u0159e d\u00edky p\u0159edchoz\u00edmu anga\u017em\u00e1 v D\u00e1nsk\u00e9 Fortun\u011b Hj\u00f8rring.<\/h4>\n<p>Po \u00fasp\u011b\u0161n\u00e9 sez\u00f3n\u011b 2021\/22, kdy se Wheelerov\u00e1 probojovala do australsk\u00e9 reprezentace, kvalifikovala se do Ligy mistr\u016f a zvedla nad hlavu D\u00e1nsk\u00fd poh\u00e1r, douf\u00e1, \u017ee v \u00fasp\u011b\u0161n\u00e9m trendu bude pokra\u010dovat i u Blues. \u010cty\u0159iadvacetilet\u00e1 bojovn\u00e1 a energick\u00e1 defenzivn\u00ed z\u00e1lo\u017enice imponuje tren\u00e9rovi zejm\u00e9na dobr\u00fdm \u010dten\u00edm hry, disciplinovanost\u00ed a v\u00fdbornou obrannou \u010dinnost\u00ed. V D\u00e1nsku pravideln\u011b pat\u0159ila do sestavy kola, v barv\u00e1ch Evertonu dostala dres s \u010d\u00edslem 7.<\/p>\n<blockquote><p><em><span style=\"font-size: 12pt;\">\u201eNaskytla se mi p\u0159\u00edle\u017eitost p\u0159ipojit se na hostov\u00e1n\u00ed a znovu spolupracovat s Brianem a j\u00e1 jsem se nerozm\u00fd\u0161lela.&#8220;<\/span><\/em><\/p>\n<p><em><span style=\"font-size: 12pt;\">\u201eTady v Anglii je \u00fa\u017easn\u00e1 liga a je to pro m\u011b to nejlep\u0161\u00ed, co m\u011b posouv\u00e1 d\u00e1l.&#8220;<\/span><\/em><\/p>\n<p><em><span style=\"font-size: 12pt;\">\u201eKdy\u017e jsem p\u0159ijela, mluvila jsem s taxik\u00e1\u0159em, kter\u00fd fand\u00ed Evertonu u\u017e v\u00edce ne\u017e 40 let. Mysl\u00edm, \u017ee to ukazuje, jak moc lidem na tomto klubu z\u00e1le\u017e\u00ed, a j\u00e1 se nem\u016f\u017eu do\u010dkat, a\u017e budu pro tyto p\u0159\u00edznivce hr\u00e1t.&#8220;<\/span><\/em><\/p><\/blockquote>\n","protected":false},"excerpt":{"rendered":"<p>Ani tentokr\u00e1t se nejedn\u00e1 o n\u00e1kup (hostov\u00e1n\u00ed) naslepo, mana\u017eer se s Clare zn\u00e1 velmi dob\u0159e d\u00edky p\u0159edchoz\u00edmu anga\u017em\u00e1 v D\u00e1nsk\u00e9 Fortun\u011b Hj\u00f8rring.<\/p>\n","protected":false},"author":562,"featured_media":19485,"comment_status":"open","ping_status":"closed","sticky":false,"template":"","format":"standard","meta":{"_eb_attr":"","_monsterinsights_skip_tracking":false,"_monsterinsights_sitenote_active":false,"_monsterinsights_sitenote_note":"","_monsterinsights_sitenote_category":0,"footnotes":""},"categories":[110],"tags":[],"yoast_head":"<!-- This site is optimized with the Yoast SEO plugin v23.4 - https:\/\/yoast.com\/wordpress\/plugins\/seo\/ -->\n<title>Sedmou letn\u00ed posilou \u017eensk\u00e9ho t\u00fdmu je Clare Wheeler - Official Czech &amp; Slovak Everton Supporters&#039; Club<\/title>\n<meta name=\"robots\" content=\"index, follow, max-snippet:-1, max-image-preview:large, max-video-preview:-1\" \/>\n<link rel=\"canonical\" href=\"https:\/\/evertonfc.cz\/index.php\/2022\/08\/19\/sedmou-letni-posilou-zenskeho-tymu-je-clare-wheeler\/\" \/>\n<meta property=\"og:locale\" content=\"cs_CZ\" \/>\n<meta property=\"og:type\" content=\"article\" \/>\n<meta property=\"og:title\" content=\"Sedmou letn\u00ed posilou \u017eensk\u00e9ho t\u00fdmu je Clare Wheeler - Official Czech &amp; Slovak Everton Supporters&#039; Club\" \/>\n<meta property=\"og:description\" content=\"Ani tentokr\u00e1t se nejedn\u00e1 o n\u00e1kup (hostov\u00e1n\u00ed) naslepo, mana\u017eer se s Clare zn\u00e1 velmi dob\u0159e d\u00edky p\u0159edchoz\u00edmu anga\u017em\u00e1 v D\u00e1nsk\u00e9 Fortun\u011b Hj\u00f8rring.\" \/>\n<meta property=\"og:url\" content=\"https:\/\/evertonfc.cz\/index.php\/2022\/08\/19\/sedmou-letni-posilou-zenskeho-tymu-je-clare-wheeler\/\" \/>\n<meta property=\"og:site_name\" content=\"Official Czech &amp; Slovak Everton Supporters&#039; Club\" \/>\n<meta property=\"article:publisher\" content=\"https:\/\/www.facebook.com\/everton.fans.cz.sk\" \/>\n<meta property=\"article:published_time\" content=\"2022-08-19T11:34:24+00:00\" \/>\n<meta property=\"article:modified_time\" content=\"2022-08-21T08:10:57+00:00\" \/>\n<meta property=\"og:image\" content=\"https:\/\/evertonfc.cz\/wp-content\/uploads\/2022\/08\/Clare-Wheeler-19_08_2022.jpg\" \/>\n\t<meta property=\"og:image:width\" content=\"720\" \/>\n\t<meta property=\"og:image:height\" content=\"405\" \/>\n\t<meta property=\"og:image:type\" content=\"image\/jpeg\" \/>\n<meta name=\"author\" content=\"Petr\" \/>\n<meta name=\"twitter:card\" content=\"summary_large_image\" \/>\n<meta name=\"twitter:label1\" content=\"Napsal(a)\" \/>\n\t<meta name=\"twitter:data1\" content=\"Petr\" \/>\n\t<meta name=\"twitter:label2\" content=\"Odhadovan\u00e1 doba \u010dten\u00ed\" \/>\n\t<meta name=\"twitter:data2\" content=\"1 minuta\" \/>\n<script type=\"application\/ld+json\" class=\"yoast-schema-graph\">{\"@context\":\"https:\/\/schema.org\",\"@graph\":[{\"@type\":\"Article\",\"@id\":\"https:\/\/evertonfc.cz\/index.php\/2022\/08\/19\/sedmou-letni-posilou-zenskeho-tymu-je-clare-wheeler\/#article\",\"isPartOf\":{\"@id\":\"https:\/\/evertonfc.cz\/index.php\/2022\/08\/19\/sedmou-letni-posilou-zenskeho-tymu-je-clare-wheeler\/\"},\"author\":{\"name\":\"Petr\",\"@id\":\"https:\/\/evertonfc.cz\/#\/schema\/person\/5b54d20cd919070efc6fd6f92621fc50\"},\"headline\":\"Sedmou letn\u00ed posilou \u017eensk\u00e9ho t\u00fdmu je Clare Wheeler\",\"datePublished\":\"2022-08-19T11:34:24+00:00\",\"dateModified\":\"2022-08-21T08:10:57+00:00\",\"mainEntityOfPage\":{\"@id\":\"https:\/\/evertonfc.cz\/index.php\/2022\/08\/19\/sedmou-letni-posilou-zenskeho-tymu-je-clare-wheeler\/\"},\"wordCount\":209,\"commentCount\":0,\"publisher\":{\"@id\":\"https:\/\/evertonfc.cz\/#organization\"},\"image\":{\"@id\":\"https:\/\/evertonfc.cz\/index.php\/2022\/08\/19\/sedmou-letni-posilou-zenskeho-tymu-je-clare-wheeler\/#primaryimage\"},\"thumbnailUrl\":\"https:\/\/evertonfc.cz\/wp-content\/uploads\/2022\/08\/Clare-Wheeler-19_08_2022.jpg\",\"articleSection\":[\"Everton Women\"],\"inLanguage\":\"cs\",\"potentialAction\":[{\"@type\":\"CommentAction\",\"name\":\"Comment\",\"target\":[\"https:\/\/evertonfc.cz\/index.php\/2022\/08\/19\/sedmou-letni-posilou-zenskeho-tymu-je-clare-wheeler\/#respond\"]}]},{\"@type\":\"WebPage\",\"@id\":\"https:\/\/evertonfc.cz\/index.php\/2022\/08\/19\/sedmou-letni-posilou-zenskeho-tymu-je-clare-wheeler\/\",\"url\":\"https:\/\/evertonfc.cz\/index.php\/2022\/08\/19\/sedmou-letni-posilou-zenskeho-tymu-je-clare-wheeler\/\",\"name\":\"Sedmou letn\u00ed posilou \u017eensk\u00e9ho t\u00fdmu je Clare Wheeler - Official Czech &amp; Slovak Everton Supporters&#039; Club\",\"isPartOf\":{\"@id\":\"https:\/\/evertonfc.cz\/#website\"},\"primaryImageOfPage\":{\"@id\":\"https:\/\/evertonfc.cz\/index.php\/2022\/08\/19\/sedmou-letni-posilou-zenskeho-tymu-je-clare-wheeler\/#primaryimage\"},\"image\":{\"@id\":\"https:\/\/evertonfc.cz\/index.php\/2022\/08\/19\/sedmou-letni-posilou-zenskeho-tymu-je-clare-wheeler\/#primaryimage\"},\"thumbnailUrl\":\"https:\/\/evertonfc.cz\/wp-content\/uploads\/2022\/08\/Clare-Wheeler-19_08_2022.jpg\",\"datePublished\":\"2022-08-19T11:34:24+00:00\",\"dateModified\":\"2022-08-21T08:10:57+00:00\",\"breadcrumb\":{\"@id\":\"https:\/\/evertonfc.cz\/index.php\/2022\/08\/19\/sedmou-letni-posilou-zenskeho-tymu-je-clare-wheeler\/#breadcrumb\"},\"inLanguage\":\"cs\",\"potentialAction\":[{\"@type\":\"ReadAction\",\"target\":[\"https:\/\/evertonfc.cz\/index.php\/2022\/08\/19\/sedmou-letni-posilou-zenskeho-tymu-je-clare-wheeler\/\"]}]},{\"@type\":\"ImageObject\",\"inLanguage\":\"cs\",\"@id\":\"https:\/\/evertonfc.cz\/index.php\/2022\/08\/19\/sedmou-letni-posilou-zenskeho-tymu-je-clare-wheeler\/#primaryimage\",\"url\":\"https:\/\/evertonfc.cz\/wp-content\/uploads\/2022\/08\/Clare-Wheeler-19_08_2022.jpg\",\"contentUrl\":\"https:\/\/evertonfc.cz\/wp-content\/uploads\/2022\/08\/Clare-Wheeler-19_08_2022.jpg\",\"width\":720,\"height\":405},{\"@type\":\"BreadcrumbList\",\"@id\":\"https:\/\/evertonfc.cz\/index.php\/2022\/08\/19\/sedmou-letni-posilou-zenskeho-tymu-je-clare-wheeler\/#breadcrumb\",\"itemListElement\":[{\"@type\":\"ListItem\",\"position\":1,\"name\":\"Home\",\"item\":\"https:\/\/evertonfc.cz\/\"},{\"@type\":\"ListItem\",\"position\":2,\"name\":\"Sedmou letn\u00ed posilou \u017eensk\u00e9ho t\u00fdmu je Clare Wheeler\"}]},{\"@type\":\"WebSite\",\"@id\":\"https:\/\/evertonfc.cz\/#website\",\"url\":\"https:\/\/evertonfc.cz\/\",\"name\":\"Official Czech &amp; Slovak Everton Supporters&#039; Club\",\"description\":\"\",\"publisher\":{\"@id\":\"https:\/\/evertonfc.cz\/#organization\"},\"potentialAction\":[{\"@type\":\"SearchAction\",\"target\":{\"@type\":\"EntryPoint\",\"urlTemplate\":\"https:\/\/evertonfc.cz\/?s={search_term_string}\"},\"query-input\":{\"@type\":\"PropertyValueSpecification\",\"valueRequired\":true,\"valueName\":\"search_term_string\"}}],\"inLanguage\":\"cs\"},{\"@type\":\"Organization\",\"@id\":\"https:\/\/evertonfc.cz\/#organization\",\"name\":\"Official Czech & Slovak Everton Supporters' Club\",\"url\":\"https:\/\/evertonfc.cz\/\",\"logo\":{\"@type\":\"ImageObject\",\"inLanguage\":\"cs\",\"@id\":\"https:\/\/evertonfc.cz\/#\/schema\/logo\/image\/\",\"url\":\"https:\/\/evertonfc.cz\/wp-content\/uploads\/2019\/05\/logo.png\",\"contentUrl\":\"https:\/\/evertonfc.cz\/wp-content\/uploads\/2019\/05\/logo.png\",\"width\":112,\"height\":112,\"caption\":\"Official Czech & Slovak Everton Supporters' Club\"},\"image\":{\"@id\":\"https:\/\/evertonfc.cz\/#\/schema\/logo\/image\/\"},\"sameAs\":[\"https:\/\/www.facebook.com\/everton.fans.cz.sk\"]},{\"@type\":\"Person\",\"@id\":\"https:\/\/evertonfc.cz\/#\/schema\/person\/5b54d20cd919070efc6fd6f92621fc50\",\"name\":\"Petr\",\"url\":\"https:\/\/evertonfc.cz\/index.php\/author\/petr\/\"}]}<\/script>\n<!-- \/ Yoast SEO plugin. -->","yoast_head_json":{"title":"Sedmou letn\u00ed posilou \u017eensk\u00e9ho t\u00fdmu je Clare Wheeler - Official Czech &amp; Slovak Everton Supporters&#039; Club","robots":{"index":"index","follow":"follow","max-snippet":"max-snippet:-1","max-image-preview":"max-image-preview:large","max-video-preview":"max-video-preview:-1"},"canonical":"https:\/\/evertonfc.cz\/index.php\/2022\/08\/19\/sedmou-letni-posilou-zenskeho-tymu-je-clare-wheeler\/","og_locale":"cs_CZ","og_type":"article","og_title":"Sedmou letn\u00ed posilou \u017eensk\u00e9ho t\u00fdmu je Clare Wheeler - Official Czech &amp; Slovak Everton Supporters&#039; Club","og_description":"Ani tentokr\u00e1t se nejedn\u00e1 o n\u00e1kup (hostov\u00e1n\u00ed) naslepo, mana\u017eer se s Clare zn\u00e1 velmi dob\u0159e d\u00edky p\u0159edchoz\u00edmu anga\u017em\u00e1 v D\u00e1nsk\u00e9 Fortun\u011b Hj\u00f8rring.","og_url":"https:\/\/evertonfc.cz\/index.php\/2022\/08\/19\/sedmou-letni-posilou-zenskeho-tymu-je-clare-wheeler\/","og_site_name":"Official Czech &amp; Slovak Everton Supporters&#039; Club","article_publisher":"https:\/\/www.facebook.com\/everton.fans.cz.sk","article_published_time":"2022-08-19T11:34:24+00:00","article_modified_time":"2022-08-21T08:10:57+00:00","og_image":[{"width":720,"height":405,"url":"https:\/\/evertonfc.cz\/wp-content\/uploads\/2022\/08\/Clare-Wheeler-19_08_2022.jpg","type":"image\/jpeg"}],"author":"Petr","twitter_card":"summary_large_image","twitter_misc":{"Napsal(a)":"Petr","Odhadovan\u00e1 doba \u010dten\u00ed":"1 minuta"},"schema":{"@context":"https:\/\/schema.org","@graph":[{"@type":"Article","@id":"https:\/\/evertonfc.cz\/index.php\/2022\/08\/19\/sedmou-letni-posilou-zenskeho-tymu-je-clare-wheeler\/#article","isPartOf":{"@id":"https:\/\/evertonfc.cz\/index.php\/2022\/08\/19\/sedmou-letni-posilou-zenskeho-tymu-je-clare-wheeler\/"},"author":{"name":"Petr","@id":"https:\/\/evertonfc.cz\/#\/schema\/person\/5b54d20cd919070efc6fd6f92621fc50"},"headline":"Sedmou letn\u00ed posilou \u017eensk\u00e9ho t\u00fdmu je Clare Wheeler","datePublished":"2022-08-19T11:34:24+00:00","dateModified":"2022-08-21T08:10:57+00:00","mainEntityOfPage":{"@id":"https:\/\/evertonfc.cz\/index.php\/2022\/08\/19\/sedmou-letni-posilou-zenskeho-tymu-je-clare-wheeler\/"},"wordCount":209,"commentCount":0,"publisher":{"@id":"https:\/\/evertonfc.cz\/#organization"},"image":{"@id":"https:\/\/evertonfc.cz\/index.php\/2022\/08\/19\/sedmou-letni-posilou-zenskeho-tymu-je-clare-wheeler\/#primaryimage"},"thumbnailUrl":"https:\/\/evertonfc.cz\/wp-content\/uploads\/2022\/08\/Clare-Wheeler-19_08_2022.jpg","articleSection":["Everton Women"],"inLanguage":"cs","potentialAction":[{"@type":"CommentAction","name":"Comment","target":["https:\/\/evertonfc.cz\/index.php\/2022\/08\/19\/sedmou-letni-posilou-zenskeho-tymu-je-clare-wheeler\/#respond"]}]},{"@type":"WebPage","@id":"https:\/\/evertonfc.cz\/index.php\/2022\/08\/19\/sedmou-letni-posilou-zenskeho-tymu-je-clare-wheeler\/","url":"https:\/\/evertonfc.cz\/index.php\/2022\/08\/19\/sedmou-letni-posilou-zenskeho-tymu-je-clare-wheeler\/","name":"Sedmou letn\u00ed posilou \u017eensk\u00e9ho t\u00fdmu je Clare Wheeler - Official Czech &amp; Slovak Everton Supporters&#039; Club","isPartOf":{"@id":"https:\/\/evertonfc.cz\/#website"},"primaryImageOfPage":{"@id":"https:\/\/evertonfc.cz\/index.php\/2022\/08\/19\/sedmou-letni-posilou-zenskeho-tymu-je-clare-wheeler\/#primaryimage"},"image":{"@id":"https:\/\/evertonfc.cz\/index.php\/2022\/08\/19\/sedmou-letni-posilou-zenskeho-tymu-je-clare-wheeler\/#primaryimage"},"thumbnailUrl":"https:\/\/evertonfc.cz\/wp-content\/uploads\/2022\/08\/Clare-Wheeler-19_08_2022.jpg","datePublished":"2022-08-19T11:34:24+00:00","dateModified":"2022-08-21T08:10:57+00:00","breadcrumb":{"@id":"https:\/\/evertonfc.cz\/index.php\/2022\/08\/19\/sedmou-letni-posilou-zenskeho-tymu-je-clare-wheeler\/#breadcrumb"},"inLanguage":"cs","potentialAction":[{"@type":"ReadAction","target":["https:\/\/evertonfc.cz\/index.php\/2022\/08\/19\/sedmou-letni-posilou-zenskeho-tymu-je-clare-wheeler\/"]}]},{"@type":"ImageObject","inLanguage":"cs","@id":"https:\/\/evertonfc.cz\/index.php\/2022\/08\/19\/sedmou-letni-posilou-zenskeho-tymu-je-clare-wheeler\/#primaryimage","url":"https:\/\/evertonfc.cz\/wp-content\/uploads\/2022\/08\/Clare-Wheeler-19_08_2022.jpg","contentUrl":"https:\/\/evertonfc.cz\/wp-content\/uploads\/2022\/08\/Clare-Wheeler-19_08_2022.jpg","width":720,"height":405},{"@type":"BreadcrumbList","@id":"https:\/\/evertonfc.cz\/index.php\/2022\/08\/19\/sedmou-letni-posilou-zenskeho-tymu-je-clare-wheeler\/#breadcrumb","itemListElement":[{"@type":"ListItem","position":1,"name":"Home","item":"https:\/\/evertonfc.cz\/"},{"@type":"ListItem","position":2,"name":"Sedmou letn\u00ed posilou \u017eensk\u00e9ho t\u00fdmu je Clare Wheeler"}]},{"@type":"WebSite","@id":"https:\/\/evertonfc.cz\/#website","url":"https:\/\/evertonfc.cz\/","name":"Official Czech &amp; Slovak Everton Supporters&#039; Club","description":"","publisher":{"@id":"https:\/\/evertonfc.cz\/#organization"},"potentialAction":[{"@type":"SearchAction","target":{"@type":"EntryPoint","urlTemplate":"https:\/\/evertonfc.cz\/?s={search_term_string}"},"query-input":{"@type":"PropertyValueSpecification","valueRequired":true,"valueName":"search_term_string"}}],"inLanguage":"cs"},{"@type":"Organization","@id":"https:\/\/evertonfc.cz\/#organization","name":"Official Czech & Slovak Everton Supporters' Club","url":"https:\/\/evertonfc.cz\/","logo":{"@type":"ImageObject","inLanguage":"cs","@id":"https:\/\/evertonfc.cz\/#\/schema\/logo\/image\/","url":"https:\/\/evertonfc.cz\/wp-content\/uploads\/2019\/05\/logo.png","contentUrl":"https:\/\/evertonfc.cz\/wp-content\/uploads\/2019\/05\/logo.png","width":112,"height":112,"caption":"Official Czech & Slovak Everton Supporters' Club"},"image":{"@id":"https:\/\/evertonfc.cz\/#\/schema\/logo\/image\/"},"sameAs":["https:\/\/www.facebook.com\/everton.fans.cz.sk"]},{"@type":"Person","@id":"https:\/\/evertonfc.cz\/#\/schema\/person\/5b54d20cd919070efc6fd6f92621fc50","name":"Petr","url":"https:\/\/evertonfc.cz\/index.php\/author\/petr\/"}]}},"_links":{"self":[{"href":"https:\/\/evertonfc.cz\/index.php\/wp-json\/wp\/v2\/posts\/19486"}],"collection":[{"href":"https:\/\/evertonfc.cz\/index.php\/wp-json\/wp\/v2\/posts"}],"about":[{"href":"https:\/\/evertonfc.cz\/index.php\/wp-json\/wp\/v2\/types\/post"}],"author":[{"embeddable":true,"href":"https:\/\/evertonfc.cz\/index.php\/wp-json\/wp\/v2\/users\/562"}],"replies":[{"embeddable":true,"href":"https:\/\/evertonfc.cz\/index.php\/wp-json\/wp\/v2\/comments?post=19486"}],"version-history":[{"count":5,"href":"https:\/\/evertonfc.cz\/index.php\/wp-json\/wp\/v2\/posts\/19486\/revisions"}],"predecessor-version":[{"id":19513,"href":"https:\/\/evertonfc.cz\/index.php\/wp-json\/wp\/v2\/posts\/19486\/revisions\/19513"}],"wp:featuredmedia":[{"embeddable":true,"href":"https:\/\/evertonfc.cz\/index.php\/wp-json\/wp\/v2\/media\/19485"}],"wp:attachment":[{"href":"https:\/\/evertonfc.cz\/index.php\/wp-json\/wp\/v2\/media?parent=19486"}],"wp:term":[{"taxonomy":"category","embeddable":true,"href":"https:\/\/evertonfc.cz\/index.php\/wp-json\/wp\/v2\/categories?post=19486"},{"taxonomy":"post_tag","embeddable":true,"href":"https:\/\/evertonfc.cz\/index.php\/wp-json\/wp\/v2\/tags?post=19486"}],"curies":[{"name":"wp","href":"https:\/\/api.w.org\/{rel}","templated":true}]}}