{"id":19488,"date":"2022-08-19T18:15:37","date_gmt":"2022-08-19T16:15:37","guid":{"rendered":"https:\/\/evertonfc.cz\/?p=19488"},"modified":"2022-08-19T18:37:28","modified_gmt":"2022-08-19T16:37:28","slug":"preview-everton-nottingham-forest","status":"publish","type":"post","link":"https:\/\/evertonfc.cz\/index.php\/2022\/08\/19\/preview-everton-nottingham-forest\/","title":{"rendered":"Preview: Everton \u2013 Nottingham Forest"},"content":{"rendered":"<h4>Do tretice v\u0161etko dobr\u00e9? Karamelky maj\u00fa posledn\u00fd pokus na potvrdenia pravidla, a\u00a0nie, v\u00fdnimky ho nepotvrdzuj\u00fa. Opak v\u0161ak bude chcie\u0165 dok\u00e1za\u0165 nov\u00e1\u010dik po 23 rokoch.<\/h4>\n<p><em>Nie je to tak d\u00e1vno, \u010do sme na na\u0161ej adrese mali hos\u0165a z\u00a0t\u00e1bora Tricky Trees. P\u00edsal sa rok 2018, a\u00a0my sme boli stra\u0161ne zvedav\u00ed, ako sa vyv\u00edjala vtedaj\u0161ia najv\u00e4\u010d\u0161ia n\u00e1dej Finch Farm, ktor\u00e1 vtedy vo Forest hos\u0165ovala. <strong><a href=\"https:\/\/evertonfc.cz\/index.php\/2018\/06\/09\/game-of-loans-kieran-dowell\/\" target=\"_blank\" rel=\"noopener\">Pr\u00edbeh Kierana Dowella<\/a><\/strong> sa v\u0161ak odvtedy posunul na \u00faplne in\u00fa ko\u013eaj. No na Viktora, \u010dloveka spravuj\u00faceho <strong><a href=\"http:\/\/www.nottinghamforest.cz\/\" target=\"_blank\" rel=\"noopener\">NottinghamForest.cz<\/a><\/strong> sme nezabudli. Preto sme ho oslovili op\u00e4\u0165, a z\u00edskali tak dojmy tuzemsk\u00e9ho fan\u00fa\u0161ika kultov\u00e9ho klubu, ktor\u00fd si po ve\u013emi dlhej dobe u\u017e\u00edva v\u00fdslnie Premier League.<\/em><\/p>\n<h4><span style=\"font-size: 12pt;\"><strong>Zdrav\u00edm \u0165a Viktor, a\u00a0\u010fakujem, \u017ee op\u00e4\u0165 prijal pozvanie na rozhovor o\u00a0na\u0161ich futbalov\u00fdch kon\u00ed\u010dkoch. Naposledy, ke\u010f som sa s\u00a0tebou na t\u00fdchto riadkoch l\u00fa\u010dil, vyjadril som n\u00e1dej na bud\u00facu spolupr\u00e1cu pr\u00e1ve pre spolo\u010dn\u00e9 ligov\u00e9 z\u00e1pasy. A\u00a0\u010dlovek sa ani nenazdal, a\u00a0je to tu! Forest s\u00fa s\u00a0ve\u013ek\u00fdmi fanf\u00e1rami op\u00e4\u0165 na anglickom Olympe a\u00a0meraj\u00fa si sily s\u00a0najlep\u0161\u00edmi. Ak\u00e9 je to pre fan\u00fa\u0161ika na\u0161ich pomerov, ke\u010f sa nefand\u00ed okam\u017eit\u00e9mu \u00faspechu, a\u00a0zrazu pr\u00edde vysnen\u00fd postup do prvej ligy?<\/strong><\/span><\/h4>\n<p>Je to pro fanou\u0161ka Forest obrovsk\u00e1 radost a d\u00e1 se \u0159\u00edci, \u017ee i satisfakce. Zvl\u00e1\u0161\u0165 pot\u00e9, co jsme si p\u0159ed lety pro\u017eili p\u00e1d do 3. ligy a n\u00e1sledn\u011b t\u0159\u00edsezonn\u00ed p\u016fsoben\u00ed v League One. V 80. a po v\u011bt\u0161inu 90. let jsme m\u011bli n\u00e1\u0161 klub stabiln\u011b v nejvy\u0161\u0161\u00ed sout\u011b\u017ei, tak\u017ee to opravdu nebylo dobr\u00e9 obdob\u00ed. N\u00e1vrat do Premier League po 23 letech je velk\u00e1 ud\u00e1lost a na konci kv\u011btna bylo co slavit. I kdy\u017e to minim\u00e1ln\u011b do poloviny sezony na n\u011bjak\u00fd \u00fasp\u011bch nevypadalo.<\/p>\n<h4><span style=\"font-size: 12pt;\"><strong>My sme sa s\u00edce v\u0161emo\u017ene sna\u017eili za vami zost\u00fapi\u0165, ale tvrd\u0161iu pr\u00e1cu ste asi odviedli vy. A\u00a0znovu vcelku jedine\u010dn\u00fdm sp\u00f4sobom. Ve\u013ek\u00fa z\u00e1sluhu na tom ur\u010dite m\u00e1 aj \u0161\u00e9f lavi\u010dky na City Ground. Steve Cooper pri\u0161iel do klubu len v\u00a0septembri, ke\u010f ste boli na dne tabu\u013eky. Vianoce ste sl\u00e1vili u\u017e siedmy, a\u00a0koniec sez\u00f3ny na 4. mieste znamenal play-off a\u00a0postup. Bolo to v\u0161etko len o\u00a0\u0148om, alebo sa v\u00a0klube udiali aj in\u00e9 veci, ktor\u00e9 do seba postupne zapadli? Predsa len, predch\u00e1dzaj\u00face sez\u00f3ny ste nemali pr\u00edli\u0161 vydaren\u00e9, a\u00a0\u010dasto ste bojovali o\u00a0z\u00e1chranu.<\/strong><\/span><\/h4>\n<p>Steve Cooper m\u00e1 na postupu hlavn\u00ed z\u00e1sluhu, ale nesm\u00edme zapomenout ani na sportovn\u00edho \u0159editele Dane Murphyho, kter\u00fd tak\u00e9 p\u0159i\u0161el teprve p\u0159ed rokem z Barnsley. Je to Ameri\u010dan, ale navzdory tomu fotbalu evidentn\u011b rozum\u00ed a dok\u00e1\u017ee d\u011blat spr\u00e1vn\u00e1 rozhodnut\u00ed. Ov\u0161em neb\u00fdt Coopera, neslavilo by se, o tom nepochybuji. Nem\u011bl k dispozici o mnoho siln\u011bj\u0161\u00ed t\u00fdm ne\u017e jeho p\u0159edch\u016fdci, ale Cooper je t\u00edm typem tren\u00e9ra, kter\u00fd dok\u00e1\u017ee naj\u00edt hr\u00e1\u010di p\u0159esn\u011b jeho pozici a um\u00ed z pr\u016fm\u011brn\u00fdch fotbalist\u016f ud\u011blat dobr\u00e9 a z t\u011bch dobr\u00fdch v\u00fdborn\u00e9. Implantoval t\u00fdmu styl v rozestaven\u00ed 3-5-2, co\u017e skv\u011ble zafungovalo, a asi je to i velmi dobr\u00fd psycholog, zd\u00e1 se, \u017ee kabina \u0161la za n\u00edm. Ano, tren\u00e9r je hlavn\u00ed str\u016fjce postupu, by\u0165 jsme hlavn\u011b ve druh\u00e9 polovin\u011b sezony mohli sledovat dlouhodob\u011b skv\u011bl\u00e9 individu\u00e1ln\u00ed v\u00fdkony. Tady bych uvedl hr\u00e1\u010de jako Worrall, McKenna, Yates, Garner, Spence a hlavn\u011b Johnson.<\/p>\n<h4><span style=\"font-size: 12pt;\"><strong>O\u00a0va\u0161om majite\u013eovi,<\/strong> <strong>Evangelosovi Marinakisovi, ktor\u00fd mimochodom vlastn\u00ed aj gr\u00e9cky Olympiacos, som nemal predt\u00fdm dobr\u00e9 mienenie. Ale ty s\u00e1m si ma u\u017e vtedy opravil, \u017ee \u010do sa t\u00fdka futbalu, tak vie \u010do rob\u00ed. Na rozdiel od n\u00e1\u0161ho Moshiriho. Zd\u00e1 sa teda, \u017ee \u017ene \u00faspech, a\u00a0navy\u0161e asi aj rob\u00ed v\u0161etko preto aby ste v\u00a0Premier League vydr\u017eali aj dlh\u0161ie ako tradi\u010dn\u00e9 exhib\u00edcie Fulhamu \u010di Norwichu. Mysl\u00ed\u0161, \u017ee tak\u00e9to okat\u00e9 m\u00ed\u0148anie, kedy prakticky sklad\u00e1te nov\u00e9 mu\u017estvo, m\u00f4\u017ee sl\u00e1vi\u0165 \u00faspech? Ak dobre po\u010d\u00edtam, va\u0161e v\u00fddavky na hr\u00e1\u010dov u\u017e atakuj\u00fa hranicu 150 mili\u00f3nov. To je dvojse\u010dn\u00e1 zbra\u0148.<\/strong><\/span><\/h4>\n<p>Marinakis je fotbalov\u00fd fanatik a trochu se dalo o\u010dek\u00e1vat, \u017ee po postupu otev\u0159e pen\u011b\u017eenku. I kdy\u017e takov\u00fdm zp\u016fsobem, \u017ee z n\u00ed l\u00e9taj\u00ed libry, jako by je sypal z vrtuln\u00edku, to jsme opravdu netu\u0161ili. Je zat\u00edm p\u0159ed\u010dasn\u00e9 hodnotit jeho po\u010d\u00edn\u00e1n\u00ed, jako v\u0161echno na sv\u011bt\u011b nen\u00ed nic jen \u010dern\u00e9, nebo b\u00edl\u00e9.<\/p>\n<p>Ka\u017edop\u00e1dn\u011b pos\u00edlit bylo t\u0159eba. Z postupov\u00e9ho k\u00e1dru ode\u0161lo n\u011bjak\u00fdch osm hr\u00e1\u010d\u016f u\u017e\u0161\u00edho k\u00e1dru, z nich p\u011bti skon\u010dilo hostov\u00e1n\u00ed. Pravda, v Premier League by si kopli asi jen dva (Garner, Spence), ostatn\u00ed by na to nem\u011bli. Kvalitativn\u011b se mu\u017estvo muselo vy\u0161perkovat. Jasn\u011b, nen\u00ed jist\u00e9, \u017ee z t\u011bch asi 15 nebo kolika nov\u00fdch hr\u00e1\u010d\u016f (ztratil jsem o tom u\u017e p\u0159ehled) budou v\u0161ichni platn\u00ed. Mysl\u00edm, \u017ee v\u00fdte\u010dnou posilou je brank\u00e1\u0159 Henderson. Je to sice jen hostov\u00e1n\u00ed z ManU, ale na tomto d\u016fle\u017eit\u00e9m postu jde o zna\u010dn\u00fd posun v kvalit\u011b.<\/p>\n<p>Za vyda\u0159en\u00fd kauf pova\u017euju Williamse z Liverpoolu, na za\u010d\u00e1tku sezony se dob\u0159e jev\u00ed dvojice O\u2019Brien a Tofolo z Huddersfieldu a taky stoper Niakhate z n\u011bmeck\u00e9ho Mainzu. T\u011b\u0161\u00edme se na to, co p\u0159edvede zku\u0161en\u00fd \u0160v\u00fdcar Freuler z Atalanty Bergamo. U ostatn\u00edch t\u011b\u017eko \u0159\u00edci, v\u011bt\u0161ina posil je\u0161t\u011b ani nenastoupila. U n\u011bkter\u00fdch m\u00e1m obavy, \u017ee jde jen o p\u0159edra\u017een\u00fd pr\u016fm\u011br, jinde to trochu vypad\u00e1 na \u017eold\u00e1ky, kte\u0159\u00ed byli k m\u00e1n\u00ed a sko\u010dili po skv\u011bl\u00e9 nab\u00eddce.<\/p>\n<p>Nejsem v\u016fbec p\u0159esv\u011bd\u010den\u00fd, \u017ee bylo dobr\u00e9 anga\u017eov\u00e1n\u00ed Lingarda z ManU, zvl\u00e1\u0161\u0165 za ten plat, co mu dali. A t\u0159eba \u010derstv\u00e1 posila Gibbs-White z Wolves? Ur\u010dit\u011b skv\u011bl\u00fd hr\u00e1\u010d v Championship, je mlad\u00fd, nad\u011bjn\u00fd a m\u016f\u017ee b\u00fdt jednou velk\u00e1 hv\u011bzda, ale v PL toho zat\u00edm moc neodkopal a ta \u0161\u00edlen\u00e1 cena? To hrani\u010d\u00ed se zdrav\u00fdm rozumem. Kdyby nebyl Angli\u010dan, nest\u00e1l by ani t\u0159etinu. Mo\u017en\u00e1 v klubu po\u010d\u00edtaj\u00ed s t\u00edm, \u017ee za rok prodaj\u00ed za je\u0161t\u011b v\u011bt\u0161\u00ed bal\u00edk Brennana Johnsona, a\u017e mezi elitou uk\u00e1\u017ee, co dovede. Se\u010dteno a podtr\u017eeno, Marinakis d\u011bl\u00e1 v\u0161e pro dlouhodob\u00e9 \u00fa\u010dinkov\u00e1n\u00ed mezi elitou, ale trochu ve stylu hazardn\u00edho hr\u00e1\u010de. Pokud to neklapne, koledujeme si o po\u0159\u00e1dn\u00fd pr\u016fser.<\/p>\n<h4><span style=\"font-size: 12pt;\"><strong>M\u00e1te za sebou u\u017e \u00favodn\u00e9 dva z\u00e1pasy. Prehru s\u00a0Newcastlom vonku 2:0 a\u00a0dom\u00e1ci triumf v\u00a0super atmosf\u00e9re nad West Hamom 1:0, kedy hostia nieko\u013ekokr\u00e1t trafili len kon\u0161trukciu br\u00e1ny. Ak\u00e9 s\u00fa tvoje dojmy z\u00a0tohto \u0161tartu, predv\u00e1dzanej hry? V\u00a0\u010dom ste dobr\u00ed, a\u00a0kde naopak str\u00e1cate? \u010cak\u00e1te pr\u00edpadne e\u0161te na konkr\u00e9tne posily, ktor\u00e9 zapadn\u00fa na svoje miesto?<\/strong><\/span><\/h4>\n<p>\u00davod je nad o\u010dek\u00e1v\u00e1n\u00ed, v Newcastlu se s \u00fasp\u011bchem nepo\u010d\u00edtalo a porazit West Ham je senzace. Pravda, Forest m\u011bli po\u0159\u00e1dn\u00fd kus \u0161t\u011bst\u00ed, ale body z\u016fstaly doma a na okolnosti se historie nept\u00e1. Mu\u017estvo si na sout\u011b\u017e teprve zvyk\u00e1, hodn\u011b t\u011b\u017e\u00ed z nad\u0161en\u00ed a doma z podpory fanou\u0161k\u016f. Samoz\u0159ejm\u011b chyb\u00ed sehranost, je to nov\u011b sestaven\u00fd t\u00fdm. Asi je\u0161t\u011b n\u011bkdo p\u0159ijde, do konce srpna je daleko. V ka\u017ed\u00e9m p\u0159\u00edpad\u011b liga je dlouh\u00e1 a slabiny nebo p\u0159ednosti se teprve odhal\u00ed.<\/p>\n<h4><span style=\"font-size: 12pt;\"><strong>V\u00a0sobotu sa stretneme v\u00a0Goodison Parku prv\u00fdkr\u00e1t od 30. janu\u00e1ra 1999. Vtedy ste n\u00e1m u\u0161tedrili tesn\u00fa por\u00e1\u017eku 0:1. Ako vid\u00ed\u0161 spolo\u010dn\u00e9 meranie s\u00edl v\u00a0s\u00fa\u010dasnosti? Vn\u00edma\u0161, \u010do sa deje v\u00a0modrej \u010dasti Liverpoolu, a\u00a0\u017ee v\u00fdkonnostne nem\u00e1me \u010faleko k\u00a0va\u0161im ex-s\u00faperom v\u00a0Championship? M\u00f4\u017ee\u0161 da\u0165 aj odv\u00e1\u017eny tip na presn\u00fd v\u00fdsledok\/priebeh z\u00e1pasu.<\/strong><\/span><\/h4>\n<p>Na ja\u0159e jsem sledoval boj Evertonu o z\u00e1chranu. Nezn\u00e1m detaily, ale asi nejen m\u011b p\u0159ekvapilo, \u017ee takov\u00fd t\u00fdm m\u011bl obrovsk\u00e9 probl\u00e9my a jen tak tak se udr\u017eel. Zat\u00edm jste na nule, ale to po dvou kolech nic neznamen\u00e1. Pro Everton je v z\u00e1pase proti Forest v\u00edcem\u00e9n\u011b povinnost\u00ed bodovat naplno, zvl\u00e1\u0161\u0165 doma. Ale Cooperovi ho\u0161i mohou p\u0159ekvapit a mo\u017en\u00e1 by na rem\u00edzu mohli dos\u00e1hnout. Silnou zbran\u00ed Reds, tedy n\u00e1s, jsou proti\u00fatoky. Hlavn\u011b po prav\u00e9 stran\u011b, kde operuj\u00ed Williams a Johnson. Ale to va\u0161i tren\u00e9\u0159i i hr\u00e1\u010di jist\u011b moc dob\u0159e v\u00ed. M\u016fj fanou\u0161kovsk\u00fd tip je 1:1, ale s\u00e1zet na tenhle z\u00e1pas rozhodn\u011b nebudu.<\/p>\n<h4><span style=\"font-size: 12pt;\"><strong>Na z\u00e1ver, ke\u010f odhliadne\u0161 od kone\u010dn\u00e9ho rezult\u00e1tu sobot\u0148aj\u0161ieho s\u00faperenia, a pozrie\u0161 sa na ligov\u00fd rozpis, kde sa vid\u00edte na konci sez\u00f3ny? \u010co bude \u00faspech, a\u00a0ak\u00e9 m\u00e1te ciele s\u00a0tak\u00fdmito v\u00fdrazn\u00fdmi invest\u00edciami? \u010co bude k\u013e\u00fa\u010dov\u00e9 a\u00a0\u010do ho sa treba ur\u010dite vyvarova\u0165? Predsa len, bude ur\u010dite fajn, ak \u0165a takto o\u00a0rok budem m\u00f4c\u0165 vyspoveda\u0165 op\u00e4\u0165. No sn\u00e1\u010f nie o\u00a0poschodie ni\u017e\u0161ie hehe&#8230; E\u0161te raz v\u010faka za tvoj \u010das a\u00a0ve\u013ea \u0161\u0165astia na tr\u00e1vniku!<\/strong><\/span><\/h4>\n<p>Podle m\u00e9ho je c\u00edlem \u010d\u00edslo jedna z\u00e1chrana. Mus\u00ed\u0161 naj\u00edt t\u0159i t\u00fdmy, kter\u00e9 budou v kone\u010dn\u00e9 tabulce pod tebou. To je v prvn\u00ed sezon\u011b z\u00e1sadn\u00ed, nejd\u016fle\u017eit\u011bj\u0161\u00ed. Od toho se m\u016f\u017ee odv\u00edjet budoucnost \u2013 skladba k\u00e1dru, vylep\u0161en\u00ed stadionu apod.\u00a0 Jsou fandov\u00e9 \u2013 hlavn\u011b tedy mezi Angli\u010dany \u2013, kte\u0159\u00ed zaslepeni t\u011bmi n\u00e1kupy hr\u00e1\u010d\u016f a snad i tradic\u00ed odhaduj\u00ed Reds na konci sezony t\u0159eba i kolem 9., 10. m\u00edsta. No, nev\u00edm, nev\u00edm. Asi to chce trochu soudnosti.<\/p>\n<p>Jist\u011b by bylo fajn se tak\u00e9 v dal\u0161\u00ed sezon\u011b utkat s Evertonem v Premier League. Tak jako jsme se b\u011b\u017en\u011b potk\u00e1vali v I. divizi p\u0159ed 30 a v\u00edce lety. Mimochodem, velice dob\u0159e si pamatuju v\u00e1\u0161 vynikaj\u00edc\u00ed t\u00fdm Howarda Kendalla v 80. letech. Up\u0159\u00edmn\u011b bych v\u00e1m p\u0159\u00e1l, abyste se k tehdej\u0161\u00edm \u00fasp\u011bch\u016fm je\u0161t\u011b n\u011bkdy p\u0159ibl\u00ed\u017eili. D\u00edky za ot\u00e1zky, p\u0159eji \u010desk\u00fdm a slovensk\u00fdm fand\u016fm Evertonu v\u0161e dobr\u00e9 a t\u00fdmu a\u0165 se \u2013 s v\u00fdjimkou duel\u016f s n\u00e1mi \u2013 da\u0159\u00ed.<\/p>\n<hr \/>\n<h4 style=\"text-align: center;\"><span style=\"text-decoration: underline;\"><strong>Frank Lampard na tla\u010dovej konferencii:<\/strong><\/span><\/h4>\n<p><strong>O mo\u017enom prestupe Gordona a Dele Alliho&#8230;<\/strong><\/p>\n<blockquote><p><span style=\"font-size: 11pt;\"><em>\u201eJe hr\u00e1\u010d Evertonu. Nechcem odpoveda\u0165 na hypotetick\u00e9 ot\u00e1zky. Po prv\u00e9, pre m\u0148a m\u00e1 ve\u013ek\u00fa hodnotu v t\u00edme. Videli a c\u00edtili sme jeho pokrok v minulej sez\u00f3ne. Je to d\u00f4le\u017eit\u00fd hr\u00e1\u010d dru\u017estva, ve\u013emi hodnotn\u00fd pre klub, ktor\u00e9ho sme si sami vychovali. Tak\u017ee je tam spojenie s klubom a fan\u00fa\u0161ikmi. Na zajtra je v t\u00edme. Ak\u00e9ko\u013evek rozhovory medzi nami ostan\u00fa s\u00fakromn\u00e9. Je to n\u00e1\u0161 hr\u00e1\u010d, a tak to jednoducho je. <\/em><\/span><em style=\"font-size: 11pt;\">O Deleho je z\u00e1ujem. My to mus\u00edme v z\u00e1kulis\u00ed zv\u00e1\u017ei\u0165 a Dele tie\u017e. Aby odi\u0161iel, musela by to by\u0165 vyhovuj\u00faca situ\u00e1cia pre v\u0161etk\u00fdch.\u201c<\/em><\/p><\/blockquote>\n<p><strong>O\u00a0s\u00faperovi zo City Ground&#8230;<\/strong><\/p>\n<blockquote><p><span style=\"font-size: 11pt;\"><em>\u201eNottingham Forest mohutne investoval do svojho mu\u017estva a\u00a0disponuje mno\u017estvom talentu. \u0164a\u017eko sa analyzuj\u00fa kv\u00f4li tomu, a\u00a0maj\u00fa ve\u013emi dobr\u00e9ho tr\u00e9nera. Samozrejme, m\u00e1me predstavu ako hraj\u00fa, ur\u010dit\u00e9 charakteristiky bez oh\u013eadu na person\u00e1l. Budeme ich re\u0161pektova\u0165, ale budeme sa s\u00fastredi\u0165 na n\u00e1s.\u201c<\/em><\/span><\/p><\/blockquote>\n<p><strong>O\u00a0hernom prejave EFC&#8230;<\/strong><\/p>\n<blockquote><p><span style=\"font-size: 12pt;\"><em><span style=\"font-size: 11pt;\">\u201eSna\u017e\u00edme sa rozv\u00edja\u0165 na\u0161u hru. Ale z\u00e1rove\u0148 si mus\u00edme by\u0165 vedom\u00ed kde sme. Uk\u00e1zali sme odu\u0161evnenos\u0165 a\u00a0charakter. Teraz sa mus\u00edme rozvin\u00fa\u0165 \u010falej, ale je to postupn\u00fd proces. Mus\u00edme si udr\u017ea\u0165 to nad\u0161enie a\u00a0pok\u00fa\u0161a\u0165 sa by\u0165 odv\u00e1\u017enej\u0161\u00ed na lopte v\u00a0ist\u00fdch situ\u00e1ci\u00e1ch. Boli tam dobr\u00e9 n\u00e1znaky a\u00a0zlep\u0161\u00edme sa len \u010fal\u0161ou pr\u00e1cou.\u201c<\/span> \u00a0<\/em><\/span><\/p><\/blockquote>\n<h4 style=\"text-align: center;\"><span style=\"text-decoration: underline;\"><strong>Zranenia a\u00a0absencie:<\/strong><\/span><\/h4>\n<ul style=\"list-style-type: circle;\">\n<li><strong>Everton \u2013 <\/strong>Doucour\u00e9 (hamstring, 3 t\u00fd\u017edne), Calvert-Lewin (koleno), Mina (\u010dlenok), Godfrey (zlomen\u00e1 ihlica),\u00a0 \u00a0 \u00a0 \u00a0 \u00a0 \u00a0 \u00a0 \u00a0 \u00a0 \u00a0Townsend (koleno), Gomes (ne\u0161pecifikovan\u00e9)<\/li>\n<li><strong>Forest \u2013 <\/strong>Yates (koleno), Cook (ne\u0161pecifikovan\u00e9), Colback (choroba), Richards (l\u00fdtko)<\/li>\n<\/ul>\n<h4 style=\"text-align: center;\"><span style=\"text-decoration: underline;\"><strong>Zauj\u00edmavosti &amp; \u0161tatistiky:<\/strong><\/span><\/h4>\n<ul style=\"list-style-type: square;\">\n<li>Ide o prv\u00fd s\u00fa\u0165a\u017en\u00fd z\u00e1pas medzi Evertonom a Nottinghamom Forest od ich spolo\u010dn\u00e9ho p\u00f4sobenia v Premier League v rokoch 1998-99. V tej sez\u00f3ne Toffees vyhrali 2:0 na City Ground a Forest vyhrali 1:0 v Goodison Parku.<\/li>\n<li>49 v\u00ed\u0165azstiev Evertonu v najvy\u0161\u0161ej s\u00fa\u0165a\u017ei v tomto z\u00e1pase je najviac zo v\u0161etk\u00fdch klubov proti Forest.<\/li>\n<li>V \u017eiadnom z 10 stretnut\u00ed Premier League nedo\u0161lo k rem\u00edze. EFC m\u00e1 na konte \u0161es\u0165 v\u00ed\u0165azstiev a Forest \u0161tyri.<\/li>\n<li>Everton neprehral prv\u00e9 tri z\u00e1pasy najvy\u0161\u0161ej s\u00fa\u0165a\u017ee od roku 1990.<\/li>\n<li>Derby County pod Lampardom nedok\u00e1zalo sk\u00f3rova\u0165 v oboch z\u00e1pasoch proti Nottinghamu v Championship 2018\/19, no jeho t\u00edm Chelsea porazil Forest 2:0 na Stamford Bridge v FA Cupe pred dvoma rokmi.<\/li>\n<li>Nov\u00e1 posila Forest\u00a0 Remo Freuler hral pri oboch v\u00ed\u0165azstv\u00e1ch Atalanty nad Evertonom v skupinovej f\u00e1ze Eur\u00f3pskej ligy 2017\/18, vr\u00e1tane v\u00ed\u0165azstva 5:1 v Goodison Parku.<\/li>\n<\/ul>\n<h3 style=\"text-align: center;\"><em><span style=\"color: #3366ff;\"><strong>Up The Toffees !!!<\/strong><\/span><\/em><\/h3>\n<p><strong>\u010co:<\/strong> Everton FC \u2013 Nottingham Forest FC, 3. kolo Premier League<br \/>\n<strong>Kedy:<\/strong> 20.8. 2022 od 16:00 SE\u010c<br \/>\n<strong>Ako:<\/strong> Stream na CANAL+ Sport 4<br \/>\n<strong>Kde:<\/strong> Goodison Park \u2013 Goodison Rd, Liverpool L4 4EL (kapacita: 39 572)<br \/>\n<strong>Rozhodca:<\/strong> Andre Marriner\u00a0 <strong>Asistenti:<\/strong> S. Long, R. West \u00a0<strong>\u0160tvrt\u00fd rozhodca:<\/strong> J. Simpson<br \/>\n<strong>VAR: <\/strong>Tony Harrington\u00a0 <strong>Asistent VAR: <\/strong>Dan Cook<\/p>\n","protected":false},"excerpt":{"rendered":"<p>Do tretice v\u0161etko dobr\u00e9? Karamelky maj\u00fa posledn\u00fd pokus na potvrdenia pravidla, a\u00a0nie, v\u00fdnimky ho nepotvrdzuj\u00fa. Opak v\u0161ak bude chcie\u0165 dok\u00e1za\u0165 nov\u00e1\u010dik po 23 rokoch.<\/p>\n","protected":false},"author":1,"featured_media":19505,"comment_status":"open","ping_status":"closed","sticky":false,"template":"","format":"standard","meta":{"_eb_attr":"","_monsterinsights_skip_tracking":false,"_monsterinsights_sitenote_active":false,"_monsterinsights_sitenote_note":"","_monsterinsights_sitenote_category":0,"footnotes":""},"categories":[1,4],"tags":[],"yoast_head":"<!-- This site is optimized with the Yoast SEO plugin v23.4 - https:\/\/yoast.com\/wordpress\/plugins\/seo\/ -->\n<title>Preview: Everton \u2013 Nottingham Forest - Official Czech &amp; Slovak Everton Supporters&#039; Club<\/title>\n<meta name=\"robots\" content=\"index, follow, max-snippet:-1, max-image-preview:large, max-video-preview:-1\" \/>\n<link rel=\"canonical\" href=\"https:\/\/evertonfc.cz\/index.php\/2022\/08\/19\/preview-everton-nottingham-forest\/\" \/>\n<meta property=\"og:locale\" content=\"cs_CZ\" \/>\n<meta property=\"og:type\" content=\"article\" \/>\n<meta property=\"og:title\" content=\"Preview: Everton \u2013 Nottingham Forest - Official Czech &amp; Slovak Everton Supporters&#039; Club\" \/>\n<meta property=\"og:description\" content=\"Do tretice v\u0161etko dobr\u00e9? Karamelky maj\u00fa posledn\u00fd pokus na potvrdenia pravidla, a\u00a0nie, v\u00fdnimky ho nepotvrdzuj\u00fa. Opak v\u0161ak bude chcie\u0165 dok\u00e1za\u0165 nov\u00e1\u010dik po 23 rokoch.\" \/>\n<meta property=\"og:url\" content=\"https:\/\/evertonfc.cz\/index.php\/2022\/08\/19\/preview-everton-nottingham-forest\/\" \/>\n<meta property=\"og:site_name\" content=\"Official Czech &amp; Slovak Everton Supporters&#039; Club\" \/>\n<meta property=\"article:publisher\" content=\"https:\/\/www.facebook.com\/everton.fans.cz.sk\" \/>\n<meta property=\"article:published_time\" content=\"2022-08-19T16:15:37+00:00\" \/>\n<meta property=\"article:modified_time\" content=\"2022-08-19T16:37:28+00:00\" \/>\n<meta property=\"og:image\" content=\"https:\/\/evertonfc.cz\/wp-content\/uploads\/2022\/08\/Everton-VS-Nottingham-Forest.png\" \/>\n\t<meta property=\"og:image:width\" content=\"720\" \/>\n\t<meta property=\"og:image:height\" content=\"405\" \/>\n\t<meta property=\"og:image:type\" content=\"image\/png\" \/>\n<meta name=\"author\" content=\"BlueBlooded\" \/>\n<meta name=\"twitter:card\" content=\"summary_large_image\" \/>\n<meta name=\"twitter:label1\" content=\"Napsal(a)\" \/>\n\t<meta name=\"twitter:data1\" content=\"BlueBlooded\" \/>\n\t<meta name=\"twitter:label2\" content=\"Odhadovan\u00e1 doba \u010dten\u00ed\" \/>\n\t<meta name=\"twitter:data2\" content=\"11 minut\" \/>\n<script type=\"application\/ld+json\" class=\"yoast-schema-graph\">{\"@context\":\"https:\/\/schema.org\",\"@graph\":[{\"@type\":\"Article\",\"@id\":\"https:\/\/evertonfc.cz\/index.php\/2022\/08\/19\/preview-everton-nottingham-forest\/#article\",\"isPartOf\":{\"@id\":\"https:\/\/evertonfc.cz\/index.php\/2022\/08\/19\/preview-everton-nottingham-forest\/\"},\"author\":{\"name\":\"BlueBlooded\",\"@id\":\"https:\/\/evertonfc.cz\/#\/schema\/person\/d4493b8cbea51532597fbc4685698916\"},\"headline\":\"Preview: Everton \u2013 Nottingham Forest\",\"datePublished\":\"2022-08-19T16:15:37+00:00\",\"dateModified\":\"2022-08-19T16:37:28+00:00\",\"mainEntityOfPage\":{\"@id\":\"https:\/\/evertonfc.cz\/index.php\/2022\/08\/19\/preview-everton-nottingham-forest\/\"},\"wordCount\":2328,\"commentCount\":13,\"publisher\":{\"@id\":\"https:\/\/evertonfc.cz\/#organization\"},\"image\":{\"@id\":\"https:\/\/evertonfc.cz\/index.php\/2022\/08\/19\/preview-everton-nottingham-forest\/#primaryimage\"},\"thumbnailUrl\":\"https:\/\/evertonfc.cz\/wp-content\/uploads\/2022\/08\/Everton-VS-Nottingham-Forest.png\",\"articleSection\":[\"Rozhovory\",\"Z\u00e1pasy\"],\"inLanguage\":\"cs\",\"potentialAction\":[{\"@type\":\"CommentAction\",\"name\":\"Comment\",\"target\":[\"https:\/\/evertonfc.cz\/index.php\/2022\/08\/19\/preview-everton-nottingham-forest\/#respond\"]}]},{\"@type\":\"WebPage\",\"@id\":\"https:\/\/evertonfc.cz\/index.php\/2022\/08\/19\/preview-everton-nottingham-forest\/\",\"url\":\"https:\/\/evertonfc.cz\/index.php\/2022\/08\/19\/preview-everton-nottingham-forest\/\",\"name\":\"Preview: Everton \u2013 Nottingham Forest - Official Czech &amp; Slovak Everton Supporters&#039; Club\",\"isPartOf\":{\"@id\":\"https:\/\/evertonfc.cz\/#website\"},\"primaryImageOfPage\":{\"@id\":\"https:\/\/evertonfc.cz\/index.php\/2022\/08\/19\/preview-everton-nottingham-forest\/#primaryimage\"},\"image\":{\"@id\":\"https:\/\/evertonfc.cz\/index.php\/2022\/08\/19\/preview-everton-nottingham-forest\/#primaryimage\"},\"thumbnailUrl\":\"https:\/\/evertonfc.cz\/wp-content\/uploads\/2022\/08\/Everton-VS-Nottingham-Forest.png\",\"datePublished\":\"2022-08-19T16:15:37+00:00\",\"dateModified\":\"2022-08-19T16:37:28+00:00\",\"breadcrumb\":{\"@id\":\"https:\/\/evertonfc.cz\/index.php\/2022\/08\/19\/preview-everton-nottingham-forest\/#breadcrumb\"},\"inLanguage\":\"cs\",\"potentialAction\":[{\"@type\":\"ReadAction\",\"target\":[\"https:\/\/evertonfc.cz\/index.php\/2022\/08\/19\/preview-everton-nottingham-forest\/\"]}]},{\"@type\":\"ImageObject\",\"inLanguage\":\"cs\",\"@id\":\"https:\/\/evertonfc.cz\/index.php\/2022\/08\/19\/preview-everton-nottingham-forest\/#primaryimage\",\"url\":\"https:\/\/evertonfc.cz\/wp-content\/uploads\/2022\/08\/Everton-VS-Nottingham-Forest.png\",\"contentUrl\":\"https:\/\/evertonfc.cz\/wp-content\/uploads\/2022\/08\/Everton-VS-Nottingham-Forest.png\",\"width\":720,\"height\":405},{\"@type\":\"BreadcrumbList\",\"@id\":\"https:\/\/evertonfc.cz\/index.php\/2022\/08\/19\/preview-everton-nottingham-forest\/#breadcrumb\",\"itemListElement\":[{\"@type\":\"ListItem\",\"position\":1,\"name\":\"Home\",\"item\":\"https:\/\/evertonfc.cz\/\"},{\"@type\":\"ListItem\",\"position\":2,\"name\":\"Preview: Everton \u2013 Nottingham Forest\"}]},{\"@type\":\"WebSite\",\"@id\":\"https:\/\/evertonfc.cz\/#website\",\"url\":\"https:\/\/evertonfc.cz\/\",\"name\":\"Official Czech &amp; Slovak Everton Supporters&#039; Club\",\"description\":\"\",\"publisher\":{\"@id\":\"https:\/\/evertonfc.cz\/#organization\"},\"potentialAction\":[{\"@type\":\"SearchAction\",\"target\":{\"@type\":\"EntryPoint\",\"urlTemplate\":\"https:\/\/evertonfc.cz\/?s={search_term_string}\"},\"query-input\":{\"@type\":\"PropertyValueSpecification\",\"valueRequired\":true,\"valueName\":\"search_term_string\"}}],\"inLanguage\":\"cs\"},{\"@type\":\"Organization\",\"@id\":\"https:\/\/evertonfc.cz\/#organization\",\"name\":\"Official Czech & Slovak Everton Supporters' Club\",\"url\":\"https:\/\/evertonfc.cz\/\",\"logo\":{\"@type\":\"ImageObject\",\"inLanguage\":\"cs\",\"@id\":\"https:\/\/evertonfc.cz\/#\/schema\/logo\/image\/\",\"url\":\"https:\/\/evertonfc.cz\/wp-content\/uploads\/2019\/05\/logo.png\",\"contentUrl\":\"https:\/\/evertonfc.cz\/wp-content\/uploads\/2019\/05\/logo.png\",\"width\":112,\"height\":112,\"caption\":\"Official Czech & Slovak Everton Supporters' Club\"},\"image\":{\"@id\":\"https:\/\/evertonfc.cz\/#\/schema\/logo\/image\/\"},\"sameAs\":[\"https:\/\/www.facebook.com\/everton.fans.cz.sk\"]},{\"@type\":\"Person\",\"@id\":\"https:\/\/evertonfc.cz\/#\/schema\/person\/d4493b8cbea51532597fbc4685698916\",\"name\":\"BlueBlooded\",\"url\":\"https:\/\/evertonfc.cz\/index.php\/author\/admin\/\"}]}<\/script>\n<!-- \/ Yoast SEO plugin. -->","yoast_head_json":{"title":"Preview: Everton \u2013 Nottingham Forest - Official Czech &amp; Slovak Everton Supporters&#039; Club","robots":{"index":"index","follow":"follow","max-snippet":"max-snippet:-1","max-image-preview":"max-image-preview:large","max-video-preview":"max-video-preview:-1"},"canonical":"https:\/\/evertonfc.cz\/index.php\/2022\/08\/19\/preview-everton-nottingham-forest\/","og_locale":"cs_CZ","og_type":"article","og_title":"Preview: Everton \u2013 Nottingham Forest - Official Czech &amp; Slovak Everton Supporters&#039; Club","og_description":"Do tretice v\u0161etko dobr\u00e9? Karamelky maj\u00fa posledn\u00fd pokus na potvrdenia pravidla, a\u00a0nie, v\u00fdnimky ho nepotvrdzuj\u00fa. Opak v\u0161ak bude chcie\u0165 dok\u00e1za\u0165 nov\u00e1\u010dik po 23 rokoch.","og_url":"https:\/\/evertonfc.cz\/index.php\/2022\/08\/19\/preview-everton-nottingham-forest\/","og_site_name":"Official Czech &amp; Slovak Everton Supporters&#039; Club","article_publisher":"https:\/\/www.facebook.com\/everton.fans.cz.sk","article_published_time":"2022-08-19T16:15:37+00:00","article_modified_time":"2022-08-19T16:37:28+00:00","og_image":[{"width":720,"height":405,"url":"https:\/\/evertonfc.cz\/wp-content\/uploads\/2022\/08\/Everton-VS-Nottingham-Forest.png","type":"image\/png"}],"author":"BlueBlooded","twitter_card":"summary_large_image","twitter_misc":{"Napsal(a)":"BlueBlooded","Odhadovan\u00e1 doba \u010dten\u00ed":"11 minut"},"schema":{"@context":"https:\/\/schema.org","@graph":[{"@type":"Article","@id":"https:\/\/evertonfc.cz\/index.php\/2022\/08\/19\/preview-everton-nottingham-forest\/#article","isPartOf":{"@id":"https:\/\/evertonfc.cz\/index.php\/2022\/08\/19\/preview-everton-nottingham-forest\/"},"author":{"name":"BlueBlooded","@id":"https:\/\/evertonfc.cz\/#\/schema\/person\/d4493b8cbea51532597fbc4685698916"},"headline":"Preview: Everton \u2013 Nottingham Forest","datePublished":"2022-08-19T16:15:37+00:00","dateModified":"2022-08-19T16:37:28+00:00","mainEntityOfPage":{"@id":"https:\/\/evertonfc.cz\/index.php\/2022\/08\/19\/preview-everton-nottingham-forest\/"},"wordCount":2328,"commentCount":13,"publisher":{"@id":"https:\/\/evertonfc.cz\/#organization"},"image":{"@id":"https:\/\/evertonfc.cz\/index.php\/2022\/08\/19\/preview-everton-nottingham-forest\/#primaryimage"},"thumbnailUrl":"https:\/\/evertonfc.cz\/wp-content\/uploads\/2022\/08\/Everton-VS-Nottingham-Forest.png","articleSection":["Rozhovory","Z\u00e1pasy"],"inLanguage":"cs","potentialAction":[{"@type":"CommentAction","name":"Comment","target":["https:\/\/evertonfc.cz\/index.php\/2022\/08\/19\/preview-everton-nottingham-forest\/#respond"]}]},{"@type":"WebPage","@id":"https:\/\/evertonfc.cz\/index.php\/2022\/08\/19\/preview-everton-nottingham-forest\/","url":"https:\/\/evertonfc.cz\/index.php\/2022\/08\/19\/preview-everton-nottingham-forest\/","name":"Preview: Everton \u2013 Nottingham Forest - Official Czech &amp; Slovak Everton Supporters&#039; Club","isPartOf":{"@id":"https:\/\/evertonfc.cz\/#website"},"primaryImageOfPage":{"@id":"https:\/\/evertonfc.cz\/index.php\/2022\/08\/19\/preview-everton-nottingham-forest\/#primaryimage"},"image":{"@id":"https:\/\/evertonfc.cz\/index.php\/2022\/08\/19\/preview-everton-nottingham-forest\/#primaryimage"},"thumbnailUrl":"https:\/\/evertonfc.cz\/wp-content\/uploads\/2022\/08\/Everton-VS-Nottingham-Forest.png","datePublished":"2022-08-19T16:15:37+00:00","dateModified":"2022-08-19T16:37:28+00:00","breadcrumb":{"@id":"https:\/\/evertonfc.cz\/index.php\/2022\/08\/19\/preview-everton-nottingham-forest\/#breadcrumb"},"inLanguage":"cs","potentialAction":[{"@type":"ReadAction","target":["https:\/\/evertonfc.cz\/index.php\/2022\/08\/19\/preview-everton-nottingham-forest\/"]}]},{"@type":"ImageObject","inLanguage":"cs","@id":"https:\/\/evertonfc.cz\/index.php\/2022\/08\/19\/preview-everton-nottingham-forest\/#primaryimage","url":"https:\/\/evertonfc.cz\/wp-content\/uploads\/2022\/08\/Everton-VS-Nottingham-Forest.png","contentUrl":"https:\/\/evertonfc.cz\/wp-content\/uploads\/2022\/08\/Everton-VS-Nottingham-Forest.png","width":720,"height":405},{"@type":"BreadcrumbList","@id":"https:\/\/evertonfc.cz\/index.php\/2022\/08\/19\/preview-everton-nottingham-forest\/#breadcrumb","itemListElement":[{"@type":"ListItem","position":1,"name":"Home","item":"https:\/\/evertonfc.cz\/"},{"@type":"ListItem","position":2,"name":"Preview: Everton \u2013 Nottingham Forest"}]},{"@type":"WebSite","@id":"https:\/\/evertonfc.cz\/#website","url":"https:\/\/evertonfc.cz\/","name":"Official Czech &amp; Slovak Everton Supporters&#039; Club","description":"","publisher":{"@id":"https:\/\/evertonfc.cz\/#organization"},"potentialAction":[{"@type":"SearchAction","target":{"@type":"EntryPoint","urlTemplate":"https:\/\/evertonfc.cz\/?s={search_term_string}"},"query-input":{"@type":"PropertyValueSpecification","valueRequired":true,"valueName":"search_term_string"}}],"inLanguage":"cs"},{"@type":"Organization","@id":"https:\/\/evertonfc.cz\/#organization","name":"Official Czech & Slovak Everton Supporters' Club","url":"https:\/\/evertonfc.cz\/","logo":{"@type":"ImageObject","inLanguage":"cs","@id":"https:\/\/evertonfc.cz\/#\/schema\/logo\/image\/","url":"https:\/\/evertonfc.cz\/wp-content\/uploads\/2019\/05\/logo.png","contentUrl":"https:\/\/evertonfc.cz\/wp-content\/uploads\/2019\/05\/logo.png","width":112,"height":112,"caption":"Official Czech & Slovak Everton Supporters' Club"},"image":{"@id":"https:\/\/evertonfc.cz\/#\/schema\/logo\/image\/"},"sameAs":["https:\/\/www.facebook.com\/everton.fans.cz.sk"]},{"@type":"Person","@id":"https:\/\/evertonfc.cz\/#\/schema\/person\/d4493b8cbea51532597fbc4685698916","name":"BlueBlooded","url":"https:\/\/evertonfc.cz\/index.php\/author\/admin\/"}]}},"_links":{"self":[{"href":"https:\/\/evertonfc.cz\/index.php\/wp-json\/wp\/v2\/posts\/19488"}],"collection":[{"href":"https:\/\/evertonfc.cz\/index.php\/wp-json\/wp\/v2\/posts"}],"about":[{"href":"https:\/\/evertonfc.cz\/index.php\/wp-json\/wp\/v2\/types\/post"}],"author":[{"embeddable":true,"href":"https:\/\/evertonfc.cz\/index.php\/wp-json\/wp\/v2\/users\/1"}],"replies":[{"embeddable":true,"href":"https:\/\/evertonfc.cz\/index.php\/wp-json\/wp\/v2\/comments?post=19488"}],"version-history":[{"count":16,"href":"https:\/\/evertonfc.cz\/index.php\/wp-json\/wp\/v2\/posts\/19488\/revisions"}],"predecessor-version":[{"id":19509,"href":"https:\/\/evertonfc.cz\/index.php\/wp-json\/wp\/v2\/posts\/19488\/revisions\/19509"}],"wp:featuredmedia":[{"embeddable":true,"href":"https:\/\/evertonfc.cz\/index.php\/wp-json\/wp\/v2\/media\/19505"}],"wp:attachment":[{"href":"https:\/\/evertonfc.cz\/index.php\/wp-json\/wp\/v2\/media?parent=19488"}],"wp:term":[{"taxonomy":"category","embeddable":true,"href":"https:\/\/evertonfc.cz\/index.php\/wp-json\/wp\/v2\/categories?post=19488"},{"taxonomy":"post_tag","embeddable":true,"href":"https:\/\/evertonfc.cz\/index.php\/wp-json\/wp\/v2\/tags?post=19488"}],"curies":[{"name":"wp","href":"https:\/\/api.w.org\/{rel}","templated":true}]}}