{"id":1949,"date":"2018-08-09T18:57:11","date_gmt":"2018-08-09T16:57:11","guid":{"rendered":"http:\/\/evertonfc.cz\/?p=1949"},"modified":"2019-01-31T18:58:15","modified_gmt":"2019-01-31T17:58:15","slug":"prichazi-barcelonske-duo-mina-a-gomes","status":"publish","type":"post","link":"https:\/\/evertonfc.cz\/index.php\/2018\/08\/09\/prichazi-barcelonske-duo-mina-a-gomes\/","title":{"rendered":"P\u0159ich\u00e1z\u00ed barcelonsk\u00e9 duo Mina a Gomes"},"content":{"rendered":"\n<h4 class=\"wp-block-heading\">Deadline Day leto\u0161n\u00ed l\u00e9ta se Evertonu vyda\u0159il. Krom\u011b brazilsk\u00e9ho \u0161p\u00edlmachra Bernarda si rovn\u011b\u017e zajistil slu\u017eby stopera Yerryho Miny a z\u00e1lo\u017en\u00edka Andr\u00e9ho Gomese. Oba hr\u00e1\u010di p\u0159ich\u00e1zej\u00ed z Barcelony.<\/h4>\n\n\n\n<p>23let\u00fd Mina zt\u011bles\u0148uje k\u00fd\u017eenou posilu do st\u0159edu obrany, smlouvu podepsal na p\u011bt let do roku 2023. Everton podle ofici\u00e1ln\u00edho webu Barcelony zaplatil za p\u0159estup 27,2 milionu liber a dal\u0161\u00ed 1,5 milionu m\u016f\u017ee doplatit v z\u00e1vislosti na hr\u00e1\u010dov\u00fdch v\u00fdkonech.<\/p>\n\n\n\n<p>\u0160pan\u011blsk\u00fd velkoklub si ponechal opci na zp\u011btn\u00fd odkup, jej\u00ed\u017e hodnota podle \u0161pan\u011blsk\u00e9ho den\u00edku Marca \u010din\u00ed 60 milion\u016f eur.<\/p>\n\n\n\n<p>195 centimetr\u016f vysok\u00fd stoper p\u016fsobil v Barcelon\u011b jenom od leto\u0161n\u00ed zimy, po sv\u00e9m p\u0159\u00edchodu z brazilsk\u00e9ho Palmeiras ale nasko\u010dil pouze do p\u011bti utk\u00e1n\u00ed. Minovi se nicm\u00e9n\u011b o pozn\u00e1n\u00ed l\u00e9pe da\u0159ilo na mistrovstv\u00ed sv\u011bta v Rusku, na n\u011bm\u017e s Kolumbi\u00ed dokr\u00e1\u010del do osmifin\u00e1le. Na z\u00e1klad\u011b sv\u00fdch v\u00fdkon\u016f pat\u0159il mezi nejlep\u0161\u00ed obr\u00e1nce turnaje, i proto\u017ee vst\u0159elil t\u0159i branky \u2013 v\u0161echny po rohov\u00fdch kopech.<\/p>\n\n\n\n<p>Andr\u00e9ho Gomese Everton p\u0159ivedl v r\u00e1mci ro\u010dn\u00edho hostov\u00e1n\u00ed bez opce na p\u0159estup, za kter\u00e9 Blaugranas obdr\u017e\u00ed dva miliony liber, a Toffees budou rovn\u011b\u017e hradit cel\u00fd hr\u00e1\u010d\u016fv plat, o \u010dem\u017e tak\u00e9 informoval barcelonsk\u00fd web. Podle neofici\u00e1ln\u00edch zpr\u00e1v Gomes\u016fv t\u00fddenn\u00ed p\u0159\u00edjem \u010din\u00ed 80 tis\u00edc liber.<\/p>\n\n\n\n<p>Gomes je 29n\u00e1sobn\u00fd portugalsk\u00fd reprezentant a mistr Evropy z roku 2016. B\u011bhem sv\u00e9 kari\u00e9ry nastupoval&nbsp;<a href=\"https:\/\/www.transfermarkt.com\/andre-gomes\/leistungsdatendetails\/spieler\/221025\" target=\"_blank\" rel=\"noreferrer noopener\">na mnoha r\u016fzn\u00fdch postech<\/a>, nejl\u00e9pe se ale c\u00edt\u00ed ve st\u0159edu z\u00e1lohy. Na Camp Nou p\u0159i\u0161el p\u0159ed dv\u011bma lety z Valencie za astronomickou \u010d\u00e1stku v z\u00e1kladn\u00ed hodnot\u011b&nbsp;29 milion\u016f liber a dal\u0161\u00ed 16 milion\u016f v bonusech.<\/p>\n\n\n\n<p>V Barcelon\u011b se v\u0161ak nikdy neprosadil. I kdy\u017e b\u011bhem dvou sez\u00f3n odehr\u00e1l 78 utk\u00e1n\u00ed, jeho v\u00fdkony byly obrovsk\u00fdm zklam\u00e1n\u00edm. Sv\u00e9 tr\u00e1pen\u00ed otev\u0159el p\u0159iznal letos na ja\u0159e, kdy potvrdil, \u017ee se pot\u00fdk\u00e1 s psychick\u00fdmi probl\u00e9my a nezvl\u00e1d\u00e1 tlak okol\u00ed.<\/p>\n\n\n\n<p>V Evertonu se Gomes setk\u00e1 s krajanem Silvou. Jeho p\u0159\u00edtomnost a nov\u00e9 prost\u0159ed\u00ed by mu mohly pomoct restartovat kari\u00e9ru. St\u00e1le m\u00e1 jenom 25 let.<\/p>\n\n\n\n<p>Na debut v nov\u00e9m p\u016fsobi\u0161ti si ale bude muset n\u011bkolik t\u00fddn\u016f po\u010dkat, proto\u017ee ho moment\u00e1ln\u011b tr\u00e1p\u00ed svalov\u00e9 zran\u011bn\u00ed.<\/p>\n","protected":false},"excerpt":{"rendered":"<p>Deadline Day leto\u0161n\u00ed l\u00e9ta se Evertonu vyda\u0159il. Krom\u011b brazilsk\u00e9ho \u0161p\u00edlmachra Bernarda si rovn\u011b\u017e zajistil slu\u017eby stopera Yerryho Miny a z\u00e1lo\u017en\u00edka&hellip;<\/p>\n","protected":false},"author":6,"featured_media":1919,"comment_status":"open","ping_status":"closed","sticky":false,"template":"","format":"standard","meta":{"_eb_attr":"","_monsterinsights_skip_tracking":false,"_monsterinsights_sitenote_active":false,"_monsterinsights_sitenote_note":"","_monsterinsights_sitenote_category":0,"footnotes":""},"categories":[41],"tags":[],"yoast_head":"<!-- This site is optimized with the Yoast SEO plugin v23.4 - https:\/\/yoast.com\/wordpress\/plugins\/seo\/ -->\n<title>P\u0159ich\u00e1z\u00ed barcelonsk\u00e9 duo Mina a Gomes - Official Czech &amp; Slovak Everton Supporters&#039; Club<\/title>\n<meta name=\"robots\" content=\"index, follow, max-snippet:-1, max-image-preview:large, max-video-preview:-1\" \/>\n<link rel=\"canonical\" href=\"https:\/\/evertonfc.cz\/index.php\/2018\/08\/09\/prichazi-barcelonske-duo-mina-a-gomes\/\" \/>\n<meta property=\"og:locale\" content=\"cs_CZ\" \/>\n<meta property=\"og:type\" content=\"article\" \/>\n<meta property=\"og:title\" content=\"P\u0159ich\u00e1z\u00ed barcelonsk\u00e9 duo Mina a Gomes - Official Czech &amp; Slovak Everton Supporters&#039; Club\" \/>\n<meta property=\"og:description\" content=\"Deadline Day leto\u0161n\u00ed l\u00e9ta se Evertonu vyda\u0159il. Krom\u011b brazilsk\u00e9ho \u0161p\u00edlmachra Bernarda si rovn\u011b\u017e zajistil slu\u017eby stopera Yerryho Miny a z\u00e1lo\u017en\u00edka&hellip;\" \/>\n<meta property=\"og:url\" content=\"https:\/\/evertonfc.cz\/index.php\/2018\/08\/09\/prichazi-barcelonske-duo-mina-a-gomes\/\" \/>\n<meta property=\"og:site_name\" content=\"Official Czech &amp; Slovak Everton Supporters&#039; Club\" \/>\n<meta property=\"article:publisher\" content=\"https:\/\/www.facebook.com\/everton.fans.cz.sk\" \/>\n<meta property=\"article:published_time\" content=\"2018-08-09T16:57:11+00:00\" \/>\n<meta property=\"article:modified_time\" content=\"2019-01-31T17:58:15+00:00\" \/>\n<meta property=\"og:image\" content=\"https:\/\/evertonfc.cz\/wp-content\/uploads\/2019\/01\/mina_9_8_2018.jpg\" \/>\n\t<meta property=\"og:image:width\" content=\"720\" \/>\n\t<meta property=\"og:image:height\" content=\"405\" \/>\n\t<meta property=\"og:image:type\" content=\"image\/jpeg\" \/>\n<meta name=\"author\" content=\"Ri\u010di\" \/>\n<meta name=\"twitter:card\" content=\"summary_large_image\" \/>\n<meta name=\"twitter:creator\" content=\"@rbrejsa\" \/>\n<meta name=\"twitter:label1\" content=\"Napsal(a)\" \/>\n\t<meta name=\"twitter:data1\" content=\"Ri\u010di\" \/>\n\t<meta name=\"twitter:label2\" content=\"Odhadovan\u00e1 doba \u010dten\u00ed\" \/>\n\t<meta name=\"twitter:data2\" content=\"2 minuty\" \/>\n<script type=\"application\/ld+json\" class=\"yoast-schema-graph\">{\"@context\":\"https:\/\/schema.org\",\"@graph\":[{\"@type\":\"Article\",\"@id\":\"https:\/\/evertonfc.cz\/index.php\/2018\/08\/09\/prichazi-barcelonske-duo-mina-a-gomes\/#article\",\"isPartOf\":{\"@id\":\"https:\/\/evertonfc.cz\/index.php\/2018\/08\/09\/prichazi-barcelonske-duo-mina-a-gomes\/\"},\"author\":{\"name\":\"Ri\u010di\",\"@id\":\"https:\/\/evertonfc.cz\/#\/schema\/person\/f7a5daedb2ffee98480bc70e191aaef1\"},\"headline\":\"P\u0159ich\u00e1z\u00ed barcelonsk\u00e9 duo Mina a Gomes\",\"datePublished\":\"2018-08-09T16:57:11+00:00\",\"dateModified\":\"2019-01-31T17:58:15+00:00\",\"mainEntityOfPage\":{\"@id\":\"https:\/\/evertonfc.cz\/index.php\/2018\/08\/09\/prichazi-barcelonske-duo-mina-a-gomes\/\"},\"wordCount\":432,\"commentCount\":0,\"publisher\":{\"@id\":\"https:\/\/evertonfc.cz\/#organization\"},\"image\":{\"@id\":\"https:\/\/evertonfc.cz\/index.php\/2018\/08\/09\/prichazi-barcelonske-duo-mina-a-gomes\/#primaryimage\"},\"thumbnailUrl\":\"https:\/\/evertonfc.cz\/wp-content\/uploads\/2019\/01\/mina_9_8_2018.jpg\",\"articleSection\":[\"P\u0159estupy\"],\"inLanguage\":\"cs\",\"potentialAction\":[{\"@type\":\"CommentAction\",\"name\":\"Comment\",\"target\":[\"https:\/\/evertonfc.cz\/index.php\/2018\/08\/09\/prichazi-barcelonske-duo-mina-a-gomes\/#respond\"]}]},{\"@type\":\"WebPage\",\"@id\":\"https:\/\/evertonfc.cz\/index.php\/2018\/08\/09\/prichazi-barcelonske-duo-mina-a-gomes\/\",\"url\":\"https:\/\/evertonfc.cz\/index.php\/2018\/08\/09\/prichazi-barcelonske-duo-mina-a-gomes\/\",\"name\":\"P\u0159ich\u00e1z\u00ed barcelonsk\u00e9 duo Mina a Gomes - Official Czech &amp; Slovak Everton Supporters&#039; Club\",\"isPartOf\":{\"@id\":\"https:\/\/evertonfc.cz\/#website\"},\"primaryImageOfPage\":{\"@id\":\"https:\/\/evertonfc.cz\/index.php\/2018\/08\/09\/prichazi-barcelonske-duo-mina-a-gomes\/#primaryimage\"},\"image\":{\"@id\":\"https:\/\/evertonfc.cz\/index.php\/2018\/08\/09\/prichazi-barcelonske-duo-mina-a-gomes\/#primaryimage\"},\"thumbnailUrl\":\"https:\/\/evertonfc.cz\/wp-content\/uploads\/2019\/01\/mina_9_8_2018.jpg\",\"datePublished\":\"2018-08-09T16:57:11+00:00\",\"dateModified\":\"2019-01-31T17:58:15+00:00\",\"breadcrumb\":{\"@id\":\"https:\/\/evertonfc.cz\/index.php\/2018\/08\/09\/prichazi-barcelonske-duo-mina-a-gomes\/#breadcrumb\"},\"inLanguage\":\"cs\",\"potentialAction\":[{\"@type\":\"ReadAction\",\"target\":[\"https:\/\/evertonfc.cz\/index.php\/2018\/08\/09\/prichazi-barcelonske-duo-mina-a-gomes\/\"]}]},{\"@type\":\"ImageObject\",\"inLanguage\":\"cs\",\"@id\":\"https:\/\/evertonfc.cz\/index.php\/2018\/08\/09\/prichazi-barcelonske-duo-mina-a-gomes\/#primaryimage\",\"url\":\"https:\/\/evertonfc.cz\/wp-content\/uploads\/2019\/01\/mina_9_8_2018.jpg\",\"contentUrl\":\"https:\/\/evertonfc.cz\/wp-content\/uploads\/2019\/01\/mina_9_8_2018.jpg\",\"width\":720,\"height\":405},{\"@type\":\"BreadcrumbList\",\"@id\":\"https:\/\/evertonfc.cz\/index.php\/2018\/08\/09\/prichazi-barcelonske-duo-mina-a-gomes\/#breadcrumb\",\"itemListElement\":[{\"@type\":\"ListItem\",\"position\":1,\"name\":\"Home\",\"item\":\"https:\/\/evertonfc.cz\/\"},{\"@type\":\"ListItem\",\"position\":2,\"name\":\"P\u0159ich\u00e1z\u00ed barcelonsk\u00e9 duo Mina a Gomes\"}]},{\"@type\":\"WebSite\",\"@id\":\"https:\/\/evertonfc.cz\/#website\",\"url\":\"https:\/\/evertonfc.cz\/\",\"name\":\"Official Czech &amp; Slovak Everton Supporters&#039; Club\",\"description\":\"\",\"publisher\":{\"@id\":\"https:\/\/evertonfc.cz\/#organization\"},\"potentialAction\":[{\"@type\":\"SearchAction\",\"target\":{\"@type\":\"EntryPoint\",\"urlTemplate\":\"https:\/\/evertonfc.cz\/?s={search_term_string}\"},\"query-input\":{\"@type\":\"PropertyValueSpecification\",\"valueRequired\":true,\"valueName\":\"search_term_string\"}}],\"inLanguage\":\"cs\"},{\"@type\":\"Organization\",\"@id\":\"https:\/\/evertonfc.cz\/#organization\",\"name\":\"Official Czech & Slovak Everton Supporters' Club\",\"url\":\"https:\/\/evertonfc.cz\/\",\"logo\":{\"@type\":\"ImageObject\",\"inLanguage\":\"cs\",\"@id\":\"https:\/\/evertonfc.cz\/#\/schema\/logo\/image\/\",\"url\":\"https:\/\/evertonfc.cz\/wp-content\/uploads\/2019\/05\/logo.png\",\"contentUrl\":\"https:\/\/evertonfc.cz\/wp-content\/uploads\/2019\/05\/logo.png\",\"width\":112,\"height\":112,\"caption\":\"Official Czech & Slovak Everton Supporters' Club\"},\"image\":{\"@id\":\"https:\/\/evertonfc.cz\/#\/schema\/logo\/image\/\"},\"sameAs\":[\"https:\/\/www.facebook.com\/everton.fans.cz.sk\"]},{\"@type\":\"Person\",\"@id\":\"https:\/\/evertonfc.cz\/#\/schema\/person\/f7a5daedb2ffee98480bc70e191aaef1\",\"name\":\"Ri\u010di\",\"sameAs\":[\"https:\/\/x.com\/rbrejsa\"],\"url\":\"https:\/\/evertonfc.cz\/index.php\/author\/rici\/\"}]}<\/script>\n<!-- \/ Yoast SEO plugin. -->","yoast_head_json":{"title":"P\u0159ich\u00e1z\u00ed barcelonsk\u00e9 duo Mina a Gomes - Official Czech &amp; Slovak Everton Supporters&#039; Club","robots":{"index":"index","follow":"follow","max-snippet":"max-snippet:-1","max-image-preview":"max-image-preview:large","max-video-preview":"max-video-preview:-1"},"canonical":"https:\/\/evertonfc.cz\/index.php\/2018\/08\/09\/prichazi-barcelonske-duo-mina-a-gomes\/","og_locale":"cs_CZ","og_type":"article","og_title":"P\u0159ich\u00e1z\u00ed barcelonsk\u00e9 duo Mina a Gomes - Official Czech &amp; Slovak Everton Supporters&#039; Club","og_description":"Deadline Day leto\u0161n\u00ed l\u00e9ta se Evertonu vyda\u0159il. Krom\u011b brazilsk\u00e9ho \u0161p\u00edlmachra Bernarda si rovn\u011b\u017e zajistil slu\u017eby stopera Yerryho Miny a z\u00e1lo\u017en\u00edka&hellip;","og_url":"https:\/\/evertonfc.cz\/index.php\/2018\/08\/09\/prichazi-barcelonske-duo-mina-a-gomes\/","og_site_name":"Official Czech &amp; Slovak Everton Supporters&#039; Club","article_publisher":"https:\/\/www.facebook.com\/everton.fans.cz.sk","article_published_time":"2018-08-09T16:57:11+00:00","article_modified_time":"2019-01-31T17:58:15+00:00","og_image":[{"width":720,"height":405,"url":"https:\/\/evertonfc.cz\/wp-content\/uploads\/2019\/01\/mina_9_8_2018.jpg","type":"image\/jpeg"}],"author":"Ri\u010di","twitter_card":"summary_large_image","twitter_creator":"@rbrejsa","twitter_misc":{"Napsal(a)":"Ri\u010di","Odhadovan\u00e1 doba \u010dten\u00ed":"2 minuty"},"schema":{"@context":"https:\/\/schema.org","@graph":[{"@type":"Article","@id":"https:\/\/evertonfc.cz\/index.php\/2018\/08\/09\/prichazi-barcelonske-duo-mina-a-gomes\/#article","isPartOf":{"@id":"https:\/\/evertonfc.cz\/index.php\/2018\/08\/09\/prichazi-barcelonske-duo-mina-a-gomes\/"},"author":{"name":"Ri\u010di","@id":"https:\/\/evertonfc.cz\/#\/schema\/person\/f7a5daedb2ffee98480bc70e191aaef1"},"headline":"P\u0159ich\u00e1z\u00ed barcelonsk\u00e9 duo Mina a Gomes","datePublished":"2018-08-09T16:57:11+00:00","dateModified":"2019-01-31T17:58:15+00:00","mainEntityOfPage":{"@id":"https:\/\/evertonfc.cz\/index.php\/2018\/08\/09\/prichazi-barcelonske-duo-mina-a-gomes\/"},"wordCount":432,"commentCount":0,"publisher":{"@id":"https:\/\/evertonfc.cz\/#organization"},"image":{"@id":"https:\/\/evertonfc.cz\/index.php\/2018\/08\/09\/prichazi-barcelonske-duo-mina-a-gomes\/#primaryimage"},"thumbnailUrl":"https:\/\/evertonfc.cz\/wp-content\/uploads\/2019\/01\/mina_9_8_2018.jpg","articleSection":["P\u0159estupy"],"inLanguage":"cs","potentialAction":[{"@type":"CommentAction","name":"Comment","target":["https:\/\/evertonfc.cz\/index.php\/2018\/08\/09\/prichazi-barcelonske-duo-mina-a-gomes\/#respond"]}]},{"@type":"WebPage","@id":"https:\/\/evertonfc.cz\/index.php\/2018\/08\/09\/prichazi-barcelonske-duo-mina-a-gomes\/","url":"https:\/\/evertonfc.cz\/index.php\/2018\/08\/09\/prichazi-barcelonske-duo-mina-a-gomes\/","name":"P\u0159ich\u00e1z\u00ed barcelonsk\u00e9 duo Mina a Gomes - Official Czech &amp; Slovak Everton Supporters&#039; Club","isPartOf":{"@id":"https:\/\/evertonfc.cz\/#website"},"primaryImageOfPage":{"@id":"https:\/\/evertonfc.cz\/index.php\/2018\/08\/09\/prichazi-barcelonske-duo-mina-a-gomes\/#primaryimage"},"image":{"@id":"https:\/\/evertonfc.cz\/index.php\/2018\/08\/09\/prichazi-barcelonske-duo-mina-a-gomes\/#primaryimage"},"thumbnailUrl":"https:\/\/evertonfc.cz\/wp-content\/uploads\/2019\/01\/mina_9_8_2018.jpg","datePublished":"2018-08-09T16:57:11+00:00","dateModified":"2019-01-31T17:58:15+00:00","breadcrumb":{"@id":"https:\/\/evertonfc.cz\/index.php\/2018\/08\/09\/prichazi-barcelonske-duo-mina-a-gomes\/#breadcrumb"},"inLanguage":"cs","potentialAction":[{"@type":"ReadAction","target":["https:\/\/evertonfc.cz\/index.php\/2018\/08\/09\/prichazi-barcelonske-duo-mina-a-gomes\/"]}]},{"@type":"ImageObject","inLanguage":"cs","@id":"https:\/\/evertonfc.cz\/index.php\/2018\/08\/09\/prichazi-barcelonske-duo-mina-a-gomes\/#primaryimage","url":"https:\/\/evertonfc.cz\/wp-content\/uploads\/2019\/01\/mina_9_8_2018.jpg","contentUrl":"https:\/\/evertonfc.cz\/wp-content\/uploads\/2019\/01\/mina_9_8_2018.jpg","width":720,"height":405},{"@type":"BreadcrumbList","@id":"https:\/\/evertonfc.cz\/index.php\/2018\/08\/09\/prichazi-barcelonske-duo-mina-a-gomes\/#breadcrumb","itemListElement":[{"@type":"ListItem","position":1,"name":"Home","item":"https:\/\/evertonfc.cz\/"},{"@type":"ListItem","position":2,"name":"P\u0159ich\u00e1z\u00ed barcelonsk\u00e9 duo Mina a Gomes"}]},{"@type":"WebSite","@id":"https:\/\/evertonfc.cz\/#website","url":"https:\/\/evertonfc.cz\/","name":"Official Czech &amp; Slovak Everton Supporters&#039; Club","description":"","publisher":{"@id":"https:\/\/evertonfc.cz\/#organization"},"potentialAction":[{"@type":"SearchAction","target":{"@type":"EntryPoint","urlTemplate":"https:\/\/evertonfc.cz\/?s={search_term_string}"},"query-input":{"@type":"PropertyValueSpecification","valueRequired":true,"valueName":"search_term_string"}}],"inLanguage":"cs"},{"@type":"Organization","@id":"https:\/\/evertonfc.cz\/#organization","name":"Official Czech & Slovak Everton Supporters' Club","url":"https:\/\/evertonfc.cz\/","logo":{"@type":"ImageObject","inLanguage":"cs","@id":"https:\/\/evertonfc.cz\/#\/schema\/logo\/image\/","url":"https:\/\/evertonfc.cz\/wp-content\/uploads\/2019\/05\/logo.png","contentUrl":"https:\/\/evertonfc.cz\/wp-content\/uploads\/2019\/05\/logo.png","width":112,"height":112,"caption":"Official Czech & Slovak Everton Supporters' Club"},"image":{"@id":"https:\/\/evertonfc.cz\/#\/schema\/logo\/image\/"},"sameAs":["https:\/\/www.facebook.com\/everton.fans.cz.sk"]},{"@type":"Person","@id":"https:\/\/evertonfc.cz\/#\/schema\/person\/f7a5daedb2ffee98480bc70e191aaef1","name":"Ri\u010di","sameAs":["https:\/\/x.com\/rbrejsa"],"url":"https:\/\/evertonfc.cz\/index.php\/author\/rici\/"}]}},"_links":{"self":[{"href":"https:\/\/evertonfc.cz\/index.php\/wp-json\/wp\/v2\/posts\/1949"}],"collection":[{"href":"https:\/\/evertonfc.cz\/index.php\/wp-json\/wp\/v2\/posts"}],"about":[{"href":"https:\/\/evertonfc.cz\/index.php\/wp-json\/wp\/v2\/types\/post"}],"author":[{"embeddable":true,"href":"https:\/\/evertonfc.cz\/index.php\/wp-json\/wp\/v2\/users\/6"}],"replies":[{"embeddable":true,"href":"https:\/\/evertonfc.cz\/index.php\/wp-json\/wp\/v2\/comments?post=1949"}],"version-history":[{"count":1,"href":"https:\/\/evertonfc.cz\/index.php\/wp-json\/wp\/v2\/posts\/1949\/revisions"}],"predecessor-version":[{"id":1950,"href":"https:\/\/evertonfc.cz\/index.php\/wp-json\/wp\/v2\/posts\/1949\/revisions\/1950"}],"wp:featuredmedia":[{"embeddable":true,"href":"https:\/\/evertonfc.cz\/index.php\/wp-json\/wp\/v2\/media\/1919"}],"wp:attachment":[{"href":"https:\/\/evertonfc.cz\/index.php\/wp-json\/wp\/v2\/media?parent=1949"}],"wp:term":[{"taxonomy":"category","embeddable":true,"href":"https:\/\/evertonfc.cz\/index.php\/wp-json\/wp\/v2\/categories?post=1949"},{"taxonomy":"post_tag","embeddable":true,"href":"https:\/\/evertonfc.cz\/index.php\/wp-json\/wp\/v2\/tags?post=1949"}],"curies":[{"name":"wp","href":"https:\/\/api.w.org\/{rel}","templated":true}]}}