{"id":1951,"date":"2018-08-09T18:58:26","date_gmt":"2018-08-09T16:58:26","guid":{"rendered":"http:\/\/evertonfc.cz\/?p=1951"},"modified":"2019-01-31T18:59:39","modified_gmt":"2019-01-31T17:59:39","slug":"druhy-kanarek-v-modrem-bernard","status":"publish","type":"post","link":"https:\/\/evertonfc.cz\/index.php\/2018\/08\/09\/druhy-kanarek-v-modrem-bernard\/","title":{"rendered":"Druh\u00fd Kan\u00e1rek v modr\u00e9m: Bernard"},"content":{"rendered":"\n<h4 class=\"wp-block-heading\">Toffees se odhodlali vyrazit vst\u0159\u00edc lep\u0161\u00edm z\u00edt\u0159k\u016fm s dvojic\u00ed Brazilc\u016f v ofenzivn\u00ed linii. Po Richarlisonovi p\u0159ich\u00e1z\u00ed vzr\u016fstem men\u0161\u00ed, nicm\u00e9n\u011b zku\u0161en\u011bj\u0161\u00ed Bernard An\u00edcio Caldeira Duarte. A p\u0159ich\u00e1z\u00ed zdarma.<\/h4>\n\n\n\n<p>Kolem Bernarda v posledn\u00edch m\u011bs\u00edc\u00edch krou\u017eilo mnoho evropsk\u00fdch klub\u016f, k 1. \u010dervenci mu toti\u017e skon\u010dila smlouva v ukrajinsk\u00e9m \u0160achtaru. Spekulovalo se o z\u00e1jmu mil\u00e1nsk\u00e9ho AC, Tottenhamu Hotspur, Chelsea \u010di West Hamu, nakonec v\u0161ak boj o jeho podpis vyhr\u00e1l Everton. Velkou roli v anga\u017eov\u00e1n\u00ed levonoh\u00e9ho dribl\u00e9ra sehr\u00e1l mana\u017eer Marco Silva, jak potvrdil s\u00e1m hr\u00e1\u010d, jen\u017e bude obl\u00e9kat dres s \u010d\u00edslem 20.<\/p>\n\n\n\n<p>Bernard podepsal na Goodison Parku smlouvu na \u010dty\u0159i roky do l\u00e9ta 2022. Jeho \u00fadajn\u00fd t\u00fddenn\u00ed plat se m\u00e1 pohybovat v rozmez\u00ed 110-125 tis\u00edc liber t\u00fddn\u011b, co\u017e z n\u011bj \u010din\u00ed jednoho z nejl\u00e9pe placen\u00fdch hr\u00e1\u010d\u016f v Evertonu.<\/p>\n\n\n\n<p>14n\u00e1sobn\u00fd brazilsk\u00fd reprezentant, za n\u00e1rodn\u00ed t\u00fdm naposledy nastoupil na mistrovstv\u00ed sv\u011bta 2014, opustil rodnou zemi coby dvacetilet\u00fd p\u0159ed p\u011bti lety. Atl\u00e9tico Mineiro \u2013 klub, v n\u011bm\u017e debutoval v profesion\u00e1ln\u00edm fotbale \u2013 obdr\u017eelo od \u0160achtaru 25 milion\u016f eur.<\/p>\n\n\n\n<p>Bernard od za\u010d\u00e1tku anga\u017em\u00e1 ve v\u00fdchodn\u00ed Evrop\u011b ukazoval sv\u016fj potenci\u00e1l, naplno ho ale rozvinul a\u017e s p\u0159\u00edchodem tren\u00e9ra Paula Fonsecy v roce 2016. V jeho \u00fato\u010dn\u00e9m a variabiln\u00edm stylu hry mohl z lev\u00e9ho k\u0159\u00eddla voln\u011b sb\u00edhat na kteroukoli ze t\u0159\u00ed ofenzivn\u00edch pozic v rozestaven\u00ed 4-2-3-1, a tak uplat\u0148ovat svou kreativitu a p\u0159ehled na h\u0159i\u0161ti.<\/p>\n\n\n\n<p>Univerz\u00e1lnost se od 25let\u00e9ho Bernarda o\u010dek\u00e1v\u00e1 tak\u00e9 v Evertonu. V\u017edy\u0165 s Richarlisonem jsou oba prim\u00e1rn\u011b lev\u00fdmi k\u0159\u00eddeln\u00edky, lze v\u0161ak p\u0159edpokl\u00e1dat, \u017ee mana\u017eer Silva s&nbsp;ob\u011bma po\u010d\u00edt\u00e1 do z\u00e1kladn\u00ed sestavy.<\/p>\n\n\n\n<p>Jen 164 centimetr\u016f vysok\u00fd fotbalista celkem odehr\u00e1l za \u0160achtar 157 z\u00e1pas\u016f s bilanc\u00ed 28 vst\u0159elen\u00fdch branek a 35 asistenc\u00ed a ve t\u0159ech ro\u010dn\u00edc\u00edch p\u0159isp\u011bl k zisku ukrajinsk\u00e9ho titulu. V posledn\u00ed sez\u00f3n\u011b nastoupil k 29 sout\u011b\u017en\u00edm utk\u00e1n\u00edm, v nich\u017e vs\u00edtil deset g\u00f3l\u016f, z toho t\u0159i v Lize mistr\u016f.<\/p>\n","protected":false},"excerpt":{"rendered":"<p>Toffees se odhodlali vyrazit vst\u0159\u00edc lep\u0161\u00edm z\u00edt\u0159k\u016fm s dvojic\u00ed Brazilc\u016f v ofenzivn\u00ed linii. Po Richarlisonovi p\u0159ich\u00e1z\u00ed vzr\u016fstem men\u0161\u00ed, nicm\u00e9n\u011b zku\u0161en\u011bj\u0161\u00ed&hellip;<\/p>\n","protected":false},"author":6,"featured_media":1914,"comment_status":"open","ping_status":"closed","sticky":false,"template":"","format":"standard","meta":{"_eb_attr":"","_monsterinsights_skip_tracking":false,"_monsterinsights_sitenote_active":false,"_monsterinsights_sitenote_note":"","_monsterinsights_sitenote_category":0,"footnotes":""},"categories":[41],"tags":[],"yoast_head":"<!-- This site is optimized with the Yoast SEO plugin v23.4 - https:\/\/yoast.com\/wordpress\/plugins\/seo\/ -->\n<title>Druh\u00fd Kan\u00e1rek v modr\u00e9m: Bernard - Official Czech &amp; Slovak Everton Supporters&#039; Club<\/title>\n<meta name=\"robots\" content=\"index, follow, max-snippet:-1, max-image-preview:large, max-video-preview:-1\" \/>\n<link rel=\"canonical\" href=\"https:\/\/evertonfc.cz\/index.php\/2018\/08\/09\/druhy-kanarek-v-modrem-bernard\/\" \/>\n<meta property=\"og:locale\" content=\"cs_CZ\" \/>\n<meta property=\"og:type\" content=\"article\" \/>\n<meta property=\"og:title\" content=\"Druh\u00fd Kan\u00e1rek v modr\u00e9m: Bernard - Official Czech &amp; Slovak Everton Supporters&#039; Club\" \/>\n<meta property=\"og:description\" content=\"Toffees se odhodlali vyrazit vst\u0159\u00edc lep\u0161\u00edm z\u00edt\u0159k\u016fm s dvojic\u00ed Brazilc\u016f v ofenzivn\u00ed linii. Po Richarlisonovi p\u0159ich\u00e1z\u00ed vzr\u016fstem men\u0161\u00ed, nicm\u00e9n\u011b zku\u0161en\u011bj\u0161\u00ed&hellip;\" \/>\n<meta property=\"og:url\" content=\"https:\/\/evertonfc.cz\/index.php\/2018\/08\/09\/druhy-kanarek-v-modrem-bernard\/\" \/>\n<meta property=\"og:site_name\" content=\"Official Czech &amp; Slovak Everton Supporters&#039; Club\" \/>\n<meta property=\"article:publisher\" content=\"https:\/\/www.facebook.com\/everton.fans.cz.sk\" \/>\n<meta property=\"article:published_time\" content=\"2018-08-09T16:58:26+00:00\" \/>\n<meta property=\"article:modified_time\" content=\"2019-01-31T17:59:39+00:00\" \/>\n<meta property=\"og:image\" content=\"https:\/\/evertonfc.cz\/wp-content\/uploads\/2019\/01\/bernard_9_8_2018.jpg\" \/>\n\t<meta property=\"og:image:width\" content=\"720\" \/>\n\t<meta property=\"og:image:height\" content=\"405\" \/>\n\t<meta property=\"og:image:type\" content=\"image\/jpeg\" \/>\n<meta name=\"author\" content=\"Ri\u010di\" \/>\n<meta name=\"twitter:card\" content=\"summary_large_image\" \/>\n<meta name=\"twitter:creator\" content=\"@rbrejsa\" \/>\n<meta name=\"twitter:label1\" content=\"Napsal(a)\" \/>\n\t<meta name=\"twitter:data1\" content=\"Ri\u010di\" \/>\n\t<meta name=\"twitter:label2\" content=\"Odhadovan\u00e1 doba \u010dten\u00ed\" \/>\n\t<meta name=\"twitter:data2\" content=\"2 minuty\" \/>\n<script type=\"application\/ld+json\" class=\"yoast-schema-graph\">{\"@context\":\"https:\/\/schema.org\",\"@graph\":[{\"@type\":\"Article\",\"@id\":\"https:\/\/evertonfc.cz\/index.php\/2018\/08\/09\/druhy-kanarek-v-modrem-bernard\/#article\",\"isPartOf\":{\"@id\":\"https:\/\/evertonfc.cz\/index.php\/2018\/08\/09\/druhy-kanarek-v-modrem-bernard\/\"},\"author\":{\"name\":\"Ri\u010di\",\"@id\":\"https:\/\/evertonfc.cz\/#\/schema\/person\/f7a5daedb2ffee98480bc70e191aaef1\"},\"headline\":\"Druh\u00fd Kan\u00e1rek v modr\u00e9m: Bernard\",\"datePublished\":\"2018-08-09T16:58:26+00:00\",\"dateModified\":\"2019-01-31T17:59:39+00:00\",\"mainEntityOfPage\":{\"@id\":\"https:\/\/evertonfc.cz\/index.php\/2018\/08\/09\/druhy-kanarek-v-modrem-bernard\/\"},\"wordCount\":394,\"commentCount\":0,\"publisher\":{\"@id\":\"https:\/\/evertonfc.cz\/#organization\"},\"image\":{\"@id\":\"https:\/\/evertonfc.cz\/index.php\/2018\/08\/09\/druhy-kanarek-v-modrem-bernard\/#primaryimage\"},\"thumbnailUrl\":\"https:\/\/evertonfc.cz\/wp-content\/uploads\/2019\/01\/bernard_9_8_2018.jpg\",\"articleSection\":[\"P\u0159estupy\"],\"inLanguage\":\"cs\",\"potentialAction\":[{\"@type\":\"CommentAction\",\"name\":\"Comment\",\"target\":[\"https:\/\/evertonfc.cz\/index.php\/2018\/08\/09\/druhy-kanarek-v-modrem-bernard\/#respond\"]}]},{\"@type\":\"WebPage\",\"@id\":\"https:\/\/evertonfc.cz\/index.php\/2018\/08\/09\/druhy-kanarek-v-modrem-bernard\/\",\"url\":\"https:\/\/evertonfc.cz\/index.php\/2018\/08\/09\/druhy-kanarek-v-modrem-bernard\/\",\"name\":\"Druh\u00fd Kan\u00e1rek v modr\u00e9m: Bernard - Official Czech &amp; Slovak Everton Supporters&#039; Club\",\"isPartOf\":{\"@id\":\"https:\/\/evertonfc.cz\/#website\"},\"primaryImageOfPage\":{\"@id\":\"https:\/\/evertonfc.cz\/index.php\/2018\/08\/09\/druhy-kanarek-v-modrem-bernard\/#primaryimage\"},\"image\":{\"@id\":\"https:\/\/evertonfc.cz\/index.php\/2018\/08\/09\/druhy-kanarek-v-modrem-bernard\/#primaryimage\"},\"thumbnailUrl\":\"https:\/\/evertonfc.cz\/wp-content\/uploads\/2019\/01\/bernard_9_8_2018.jpg\",\"datePublished\":\"2018-08-09T16:58:26+00:00\",\"dateModified\":\"2019-01-31T17:59:39+00:00\",\"breadcrumb\":{\"@id\":\"https:\/\/evertonfc.cz\/index.php\/2018\/08\/09\/druhy-kanarek-v-modrem-bernard\/#breadcrumb\"},\"inLanguage\":\"cs\",\"potentialAction\":[{\"@type\":\"ReadAction\",\"target\":[\"https:\/\/evertonfc.cz\/index.php\/2018\/08\/09\/druhy-kanarek-v-modrem-bernard\/\"]}]},{\"@type\":\"ImageObject\",\"inLanguage\":\"cs\",\"@id\":\"https:\/\/evertonfc.cz\/index.php\/2018\/08\/09\/druhy-kanarek-v-modrem-bernard\/#primaryimage\",\"url\":\"https:\/\/evertonfc.cz\/wp-content\/uploads\/2019\/01\/bernard_9_8_2018.jpg\",\"contentUrl\":\"https:\/\/evertonfc.cz\/wp-content\/uploads\/2019\/01\/bernard_9_8_2018.jpg\",\"width\":720,\"height\":405},{\"@type\":\"BreadcrumbList\",\"@id\":\"https:\/\/evertonfc.cz\/index.php\/2018\/08\/09\/druhy-kanarek-v-modrem-bernard\/#breadcrumb\",\"itemListElement\":[{\"@type\":\"ListItem\",\"position\":1,\"name\":\"Home\",\"item\":\"https:\/\/evertonfc.cz\/\"},{\"@type\":\"ListItem\",\"position\":2,\"name\":\"Druh\u00fd Kan\u00e1rek v modr\u00e9m: Bernard\"}]},{\"@type\":\"WebSite\",\"@id\":\"https:\/\/evertonfc.cz\/#website\",\"url\":\"https:\/\/evertonfc.cz\/\",\"name\":\"Official Czech &amp; Slovak Everton Supporters&#039; Club\",\"description\":\"\",\"publisher\":{\"@id\":\"https:\/\/evertonfc.cz\/#organization\"},\"potentialAction\":[{\"@type\":\"SearchAction\",\"target\":{\"@type\":\"EntryPoint\",\"urlTemplate\":\"https:\/\/evertonfc.cz\/?s={search_term_string}\"},\"query-input\":{\"@type\":\"PropertyValueSpecification\",\"valueRequired\":true,\"valueName\":\"search_term_string\"}}],\"inLanguage\":\"cs\"},{\"@type\":\"Organization\",\"@id\":\"https:\/\/evertonfc.cz\/#organization\",\"name\":\"Official Czech & Slovak Everton Supporters' Club\",\"url\":\"https:\/\/evertonfc.cz\/\",\"logo\":{\"@type\":\"ImageObject\",\"inLanguage\":\"cs\",\"@id\":\"https:\/\/evertonfc.cz\/#\/schema\/logo\/image\/\",\"url\":\"https:\/\/evertonfc.cz\/wp-content\/uploads\/2019\/05\/logo.png\",\"contentUrl\":\"https:\/\/evertonfc.cz\/wp-content\/uploads\/2019\/05\/logo.png\",\"width\":112,\"height\":112,\"caption\":\"Official Czech & Slovak Everton Supporters' Club\"},\"image\":{\"@id\":\"https:\/\/evertonfc.cz\/#\/schema\/logo\/image\/\"},\"sameAs\":[\"https:\/\/www.facebook.com\/everton.fans.cz.sk\"]},{\"@type\":\"Person\",\"@id\":\"https:\/\/evertonfc.cz\/#\/schema\/person\/f7a5daedb2ffee98480bc70e191aaef1\",\"name\":\"Ri\u010di\",\"sameAs\":[\"https:\/\/x.com\/rbrejsa\"],\"url\":\"https:\/\/evertonfc.cz\/index.php\/author\/rici\/\"}]}<\/script>\n<!-- \/ Yoast SEO plugin. -->","yoast_head_json":{"title":"Druh\u00fd Kan\u00e1rek v modr\u00e9m: Bernard - Official Czech &amp; Slovak Everton Supporters&#039; Club","robots":{"index":"index","follow":"follow","max-snippet":"max-snippet:-1","max-image-preview":"max-image-preview:large","max-video-preview":"max-video-preview:-1"},"canonical":"https:\/\/evertonfc.cz\/index.php\/2018\/08\/09\/druhy-kanarek-v-modrem-bernard\/","og_locale":"cs_CZ","og_type":"article","og_title":"Druh\u00fd Kan\u00e1rek v modr\u00e9m: Bernard - Official Czech &amp; Slovak Everton Supporters&#039; Club","og_description":"Toffees se odhodlali vyrazit vst\u0159\u00edc lep\u0161\u00edm z\u00edt\u0159k\u016fm s dvojic\u00ed Brazilc\u016f v ofenzivn\u00ed linii. Po Richarlisonovi p\u0159ich\u00e1z\u00ed vzr\u016fstem men\u0161\u00ed, nicm\u00e9n\u011b zku\u0161en\u011bj\u0161\u00ed&hellip;","og_url":"https:\/\/evertonfc.cz\/index.php\/2018\/08\/09\/druhy-kanarek-v-modrem-bernard\/","og_site_name":"Official Czech &amp; Slovak Everton Supporters&#039; Club","article_publisher":"https:\/\/www.facebook.com\/everton.fans.cz.sk","article_published_time":"2018-08-09T16:58:26+00:00","article_modified_time":"2019-01-31T17:59:39+00:00","og_image":[{"width":720,"height":405,"url":"https:\/\/evertonfc.cz\/wp-content\/uploads\/2019\/01\/bernard_9_8_2018.jpg","type":"image\/jpeg"}],"author":"Ri\u010di","twitter_card":"summary_large_image","twitter_creator":"@rbrejsa","twitter_misc":{"Napsal(a)":"Ri\u010di","Odhadovan\u00e1 doba \u010dten\u00ed":"2 minuty"},"schema":{"@context":"https:\/\/schema.org","@graph":[{"@type":"Article","@id":"https:\/\/evertonfc.cz\/index.php\/2018\/08\/09\/druhy-kanarek-v-modrem-bernard\/#article","isPartOf":{"@id":"https:\/\/evertonfc.cz\/index.php\/2018\/08\/09\/druhy-kanarek-v-modrem-bernard\/"},"author":{"name":"Ri\u010di","@id":"https:\/\/evertonfc.cz\/#\/schema\/person\/f7a5daedb2ffee98480bc70e191aaef1"},"headline":"Druh\u00fd Kan\u00e1rek v modr\u00e9m: Bernard","datePublished":"2018-08-09T16:58:26+00:00","dateModified":"2019-01-31T17:59:39+00:00","mainEntityOfPage":{"@id":"https:\/\/evertonfc.cz\/index.php\/2018\/08\/09\/druhy-kanarek-v-modrem-bernard\/"},"wordCount":394,"commentCount":0,"publisher":{"@id":"https:\/\/evertonfc.cz\/#organization"},"image":{"@id":"https:\/\/evertonfc.cz\/index.php\/2018\/08\/09\/druhy-kanarek-v-modrem-bernard\/#primaryimage"},"thumbnailUrl":"https:\/\/evertonfc.cz\/wp-content\/uploads\/2019\/01\/bernard_9_8_2018.jpg","articleSection":["P\u0159estupy"],"inLanguage":"cs","potentialAction":[{"@type":"CommentAction","name":"Comment","target":["https:\/\/evertonfc.cz\/index.php\/2018\/08\/09\/druhy-kanarek-v-modrem-bernard\/#respond"]}]},{"@type":"WebPage","@id":"https:\/\/evertonfc.cz\/index.php\/2018\/08\/09\/druhy-kanarek-v-modrem-bernard\/","url":"https:\/\/evertonfc.cz\/index.php\/2018\/08\/09\/druhy-kanarek-v-modrem-bernard\/","name":"Druh\u00fd Kan\u00e1rek v modr\u00e9m: Bernard - Official Czech &amp; Slovak Everton Supporters&#039; Club","isPartOf":{"@id":"https:\/\/evertonfc.cz\/#website"},"primaryImageOfPage":{"@id":"https:\/\/evertonfc.cz\/index.php\/2018\/08\/09\/druhy-kanarek-v-modrem-bernard\/#primaryimage"},"image":{"@id":"https:\/\/evertonfc.cz\/index.php\/2018\/08\/09\/druhy-kanarek-v-modrem-bernard\/#primaryimage"},"thumbnailUrl":"https:\/\/evertonfc.cz\/wp-content\/uploads\/2019\/01\/bernard_9_8_2018.jpg","datePublished":"2018-08-09T16:58:26+00:00","dateModified":"2019-01-31T17:59:39+00:00","breadcrumb":{"@id":"https:\/\/evertonfc.cz\/index.php\/2018\/08\/09\/druhy-kanarek-v-modrem-bernard\/#breadcrumb"},"inLanguage":"cs","potentialAction":[{"@type":"ReadAction","target":["https:\/\/evertonfc.cz\/index.php\/2018\/08\/09\/druhy-kanarek-v-modrem-bernard\/"]}]},{"@type":"ImageObject","inLanguage":"cs","@id":"https:\/\/evertonfc.cz\/index.php\/2018\/08\/09\/druhy-kanarek-v-modrem-bernard\/#primaryimage","url":"https:\/\/evertonfc.cz\/wp-content\/uploads\/2019\/01\/bernard_9_8_2018.jpg","contentUrl":"https:\/\/evertonfc.cz\/wp-content\/uploads\/2019\/01\/bernard_9_8_2018.jpg","width":720,"height":405},{"@type":"BreadcrumbList","@id":"https:\/\/evertonfc.cz\/index.php\/2018\/08\/09\/druhy-kanarek-v-modrem-bernard\/#breadcrumb","itemListElement":[{"@type":"ListItem","position":1,"name":"Home","item":"https:\/\/evertonfc.cz\/"},{"@type":"ListItem","position":2,"name":"Druh\u00fd Kan\u00e1rek v modr\u00e9m: Bernard"}]},{"@type":"WebSite","@id":"https:\/\/evertonfc.cz\/#website","url":"https:\/\/evertonfc.cz\/","name":"Official Czech &amp; Slovak Everton Supporters&#039; Club","description":"","publisher":{"@id":"https:\/\/evertonfc.cz\/#organization"},"potentialAction":[{"@type":"SearchAction","target":{"@type":"EntryPoint","urlTemplate":"https:\/\/evertonfc.cz\/?s={search_term_string}"},"query-input":{"@type":"PropertyValueSpecification","valueRequired":true,"valueName":"search_term_string"}}],"inLanguage":"cs"},{"@type":"Organization","@id":"https:\/\/evertonfc.cz\/#organization","name":"Official Czech & Slovak Everton Supporters' Club","url":"https:\/\/evertonfc.cz\/","logo":{"@type":"ImageObject","inLanguage":"cs","@id":"https:\/\/evertonfc.cz\/#\/schema\/logo\/image\/","url":"https:\/\/evertonfc.cz\/wp-content\/uploads\/2019\/05\/logo.png","contentUrl":"https:\/\/evertonfc.cz\/wp-content\/uploads\/2019\/05\/logo.png","width":112,"height":112,"caption":"Official Czech & Slovak Everton Supporters' Club"},"image":{"@id":"https:\/\/evertonfc.cz\/#\/schema\/logo\/image\/"},"sameAs":["https:\/\/www.facebook.com\/everton.fans.cz.sk"]},{"@type":"Person","@id":"https:\/\/evertonfc.cz\/#\/schema\/person\/f7a5daedb2ffee98480bc70e191aaef1","name":"Ri\u010di","sameAs":["https:\/\/x.com\/rbrejsa"],"url":"https:\/\/evertonfc.cz\/index.php\/author\/rici\/"}]}},"_links":{"self":[{"href":"https:\/\/evertonfc.cz\/index.php\/wp-json\/wp\/v2\/posts\/1951"}],"collection":[{"href":"https:\/\/evertonfc.cz\/index.php\/wp-json\/wp\/v2\/posts"}],"about":[{"href":"https:\/\/evertonfc.cz\/index.php\/wp-json\/wp\/v2\/types\/post"}],"author":[{"embeddable":true,"href":"https:\/\/evertonfc.cz\/index.php\/wp-json\/wp\/v2\/users\/6"}],"replies":[{"embeddable":true,"href":"https:\/\/evertonfc.cz\/index.php\/wp-json\/wp\/v2\/comments?post=1951"}],"version-history":[{"count":1,"href":"https:\/\/evertonfc.cz\/index.php\/wp-json\/wp\/v2\/posts\/1951\/revisions"}],"predecessor-version":[{"id":1952,"href":"https:\/\/evertonfc.cz\/index.php\/wp-json\/wp\/v2\/posts\/1951\/revisions\/1952"}],"wp:featuredmedia":[{"embeddable":true,"href":"https:\/\/evertonfc.cz\/index.php\/wp-json\/wp\/v2\/media\/1914"}],"wp:attachment":[{"href":"https:\/\/evertonfc.cz\/index.php\/wp-json\/wp\/v2\/media?parent=1951"}],"wp:term":[{"taxonomy":"category","embeddable":true,"href":"https:\/\/evertonfc.cz\/index.php\/wp-json\/wp\/v2\/categories?post=1951"},{"taxonomy":"post_tag","embeddable":true,"href":"https:\/\/evertonfc.cz\/index.php\/wp-json\/wp\/v2\/tags?post=1951"}],"curies":[{"name":"wp","href":"https:\/\/api.w.org\/{rel}","templated":true}]}}