{"id":19515,"date":"2022-08-21T11:23:39","date_gmt":"2022-08-21T09:23:39","guid":{"rendered":"https:\/\/evertonfc.cz\/?p=19515"},"modified":"2022-08-24T20:58:20","modified_gmt":"2022-08-24T18:58:20","slug":"everton-nottingham-forest-11","status":"publish","type":"post","link":"https:\/\/evertonfc.cz\/index.php\/2022\/08\/21\/everton-nottingham-forest-11\/","title":{"rendered":"Everton &#8211; Nottingham Forest 1:1"},"content":{"rendered":"<h4>Rem\u00edza s nov\u00e1\u010dkem Premier League ur\u010dit\u011b nep\u0159inesla mnoho radosti do srdc\u00ed p\u0159\u00edznivc\u016f Toffees. A to mohlo b\u00fdt je\u0161t\u011b b\u00fdt je\u0161t\u011b o pozn\u00e1n\u00ed h\u016f\u0159e, rem\u00edzu na posledn\u00ed chv\u00edli za\u0159\u00eddil Gray.<\/h4>\n<p>Vz\u00e1jemn\u00e9 souboje Toffees a Tricky Trees v \u00e9\u0159e Premier League a\u017e do v\u010derej\u0161\u00edho dne nikdy neskon\u010dily rem\u00edzou. Dlouho to vypadalo, \u017ee z\u00e1pas skon\u010d\u00ed bez g\u00f3l\u016f, z tohoto pohledu se v\u0161e podstatn\u00e9 odehr\u00e1lo v posledn\u00ed desetiminutovce. I kdy\u017e se Frank Lampard kone\u010dn\u011b odv\u00e1\u017eil za\u0159adit Salomona Rond\u00f3na do \u00fatoku, vzadu se spol\u00e9hal u\u017e tak trochu tradi\u010dn\u011b na p\u011bt obr\u00e1nc\u016f. Uprost\u0159ed z\u00e1lohy dostali \u0161anci Davies a Iwobi, kter\u00fd si odkroutil sv\u016fj st\u00fd z\u00e1pas v dresu Karamelek. Z k\u0159\u00eddel na\u0161eho hro\u0165\u00e1ka m\u011bli podporovat Gray a Gordon. Mana\u017eer host\u00ed Steve Cooper m\u011bl ur\u010dit\u011b z \u010deho vyb\u00edrat, vzhledem k ned\u00e1vn\u00e9 zna\u010dn\u00e9 investici do k\u00e1dru a rekordn\u00ed aktivit\u011b na p\u0159estupov\u00e9m poli. Pouze na lavi\u010dce n\u00e1hradn\u00edk\u016f v\u0161ak z\u016fstala rekordn\u00ed posila Morgan Gibbs-White \u010di Emmanuel Dennis. Do br\u00e1ny Nottinghamu se postavil Dean Henderson, toho \u010dasu na hostov\u00e1n\u00ed z MUFC, nebezpe\u010d\u00ed pro obranu dom\u00e1c\u00edch m\u011bli p\u0159edstavovat hlavn\u011b Lingard, Awoniyi a Johnson.<\/p>\n<h4>Prvn\u00ed p\u016fle<\/h4>\n<p>Do z\u00e1pasu vstoupili dom\u00e1c\u00ed aktivn\u011bji, prvn\u00ed dvacetiminutovka nab\u00eddla n\u011bkolik polo\u0161anc\u00ed p\u0159ed br\u00e1nou Hendersona, slibn\u011b vypadala hned prvn\u00ed Grayova standardka, po kter\u00e9 se p\u0159ed br\u00e1nou objevil Davies, bohu\u017eel byl na m\u00ed\u010d trochu kr\u00e1tk\u00fd a netrefil. Stejn\u011b to dopadlo i v des\u00e1t\u00e9 minut\u011b, kdy st\u0159\u00edlel stejn\u00fd hr\u00e1\u010d zpoza v\u00e1pna t\u011bsn\u011b vedle ty\u010de. O \u010dty\u0159i minuty pozd\u011bji n\u00e1sledovala prudk\u00e1 st\u0159ela leva\u010dkou od Gordona, tu Henderson dok\u00e1zal vyrazit, probl\u00e9m mu ned\u011blal ani n\u00e1sledn\u00fd pokus Graye. \u00davod rozhodn\u011b vypadal dob\u0159e, Everton m\u011bl v\u00edce \u0161anc\u00ed, da\u0159ilo se kombina\u010dn\u011b, a to se pochopiteln\u011b l\u00edbilo m\u00edstn\u00edm fans, kte\u0159\u00ed o sob\u011b d\u00e1vali \u010dasto a hlasit\u011b v\u011bd\u011bt.<\/p>\n<h4>Slibn\u00fd \u00favod g\u00f3l nep\u0159inesl&#8230;<\/h4>\n<p>&#8230;a tak o sob\u011b dali v\u011bd\u011bt i host\u00e9. Prvn\u00ed z\u00e1krok si p\u0159ipsal Pickford v 19. minut\u011b, kdy Williams p\u00e1lil u\u017e dost z \u00fahlu, pro Pickforda ide\u00e1ln\u00ed na zah\u0159\u00e1t\u00ed. O chv\u00edl\u00ed pozd\u011bji po dal\u0161\u00ed standardce dom\u00e1c\u00edch Gray na\u0161el na zadn\u00ed ty\u010di osamocen\u00e9ho Daviese, ten bohu\u017eel nedok\u00e1zal m\u00ed\u010d ani zpracovat, proto z toho nic nebylo. Ka\u017edop\u00e1dn\u011b \u0161ance dobr\u00e1, jen to zakon\u010den\u00ed&#8230;Na druh\u00e9 stran\u011b se po ztr\u00e1t\u011b Tarkowsk\u00e9ho dostal k m\u00ed\u010di Awoniyi. Tato akce tak trochu charakterizovala sna\u017een\u00ed Nottinghamu v cel\u00e9m z\u00e1pase, nerozhodnost na m\u00ed\u010di vedla ke slab\u00e9 st\u0159ele, se kterou Pickford nem\u011bl \u017e\u00e1dn\u00fd probl\u00e9m. Dal\u0161\u00ed \u0161ance p\u0159i\u0161la v minut\u011b t\u0159ic\u00e1t\u00e9, kde si m\u00ed\u010d p\u0159i standardce p\u0159ipravil Gray a z hranice v\u00e1pna p\u00e1lil na prvn\u00ed ty\u010d do p\u0159ipraven\u00e9ho Hendersona. V prvn\u00ed p\u016fli u\u017e se nic moc zaj\u00edmav\u00e9ho neud\u00e1lo, do \u0161aten se \u0161lo za bezbrankov\u00e9ho stavu.<\/p>\n<h4>Druh\u00e9 d\u011bjstv\u00ed<\/h4>\n<p>Do druh\u00e9 p\u016fle nastoupily t\u00fdmy beze zm\u011bn, podpr\u016fm\u011brn\u00fd v\u00fdkon na hrotu se Rond\u00f3n se sna\u017eil napravit v 52.minut\u011b, kdy si z\u00e1dy k br\u00e1n\u011b p\u0159ebral m\u00ed\u010d a p\u00e1lil z oto\u010dky &#8211; bohu\u017eel t\u011bsn\u011b vedle. D\u00e1l u\u017e se na to nevydr\u017eel d\u00edvat ani Frank Lampard, proto Rond\u00f3na o p\u011bt minut pozd\u011bji vyst\u0159\u00eddal McNeil, z\u00e1rove\u0148 ode\u0161el i Davies a pustil na h\u0159i\u0161t\u011b Onanu. O chv\u00edli pozd\u011bji se na h\u0159i\u0161t\u011b dostala i historicky nejdra\u017e\u0161\u00ed posila Nottinghamu Gibbs-White. V 62.minut\u011b se opakoval zn\u00e1m\u00fd sc\u00e9n\u00e1\u0159, Gray centruje na prvn\u00ed ty\u010d, p\u0159ipraven\u00fd Henderson vyr\u00e1\u017e\u00ed. Skv\u011ble se Henderson uk\u00e1zal tak\u00e9 o deset minut pozd\u011bji, kdy Gordon dostal ide\u00e1ln\u00ed p\u0159ihr\u00e1vku od v\u00fdborn\u011b hraj\u00edc\u00edho Iwobiho a nap\u00e1lil m\u00ed\u010d ke vzd\u00e1len\u011bj\u0161\u00ed ty\u010di. St\u0159ela dobr\u00e1, z\u00e1krok g\u00f3lmana bohu\u017eel je\u0161t\u011b lep\u0161\u00ed. Na druh\u00e9 stran\u011b p\u00e1lil po akci Gibbs-White vedle Williams.<\/p>\n<p><strong>Dva g\u00f3ly v posledn\u00edch deseti minut\u00e1ch<\/strong><\/p>\n<p>Nejpodstatn\u011bj\u0161\u00ed \u010d\u00e1st utk\u00e1n\u00ed p\u0159i\u0161la a\u017e nakonec. V 81. minut\u011b st\u0159\u00edlel zpoza v\u00e1pna st\u0159\u00eddaj\u00edc\u00ed Yates, Pickford jen vyrazil do strany, kam si nab\u011bhl nik\u00fdm nehl\u00eddan\u00fd Johnson a pohodln\u011b poslal m\u00ed\u010d do protipohybu dom\u00e1c\u00edho g\u00f3lmana. Doslova jako blesk z \u010dist\u00e9ho nebe pak p\u0159i\u0161lo vyrovn\u00e1n\u00ed. Na tvorbu postupn\u00e9ho \u00fatoku rezignoval Pickford a poslal m\u00ed\u010d p\u0159es cel\u00e9 h\u0159i\u0161t\u011b na rozb\u011bhnut\u00e9ho Graye. Stejn\u011b tak na\u0161t\u011bst\u00ed rezignovali obr\u00e1nci Nottinghamu na zm\u00edn\u011bn\u00fd centr, a proto Gray pohodln\u011b p\u0159ekonal Hendersona. Veden\u00ed mohl urvat v t\u0159et\u00ed minut\u011b nastaven\u00ed Gordon po dal\u0161\u00edm zkratu obrany Nottinghamu. Bohu\u017eel se mu nepoda\u0159ilo zakon\u010dit ide\u00e1ln\u011b a v\u00fdborn\u011b vyb\u011bhnuv\u0161\u00ed Hendeson jen podtrhnul sv\u016fj poveden\u00fd v\u00fdkon.<\/p>\n<p><strong>G\u00f3ly:<\/strong> 88. Demarai Gray\u00a0 &#8211; 82. Brennan Johnson<br \/>\n<strong>\u017dlut\u00e9 karty:<\/strong> 21. Anthony Gordon 35. Alex Iwobi 60. Amadou Onana &#8211; 20. Joe Worrall, 29. Neco Williams<\/p>\n<p><strong>Everton FC:<\/strong> Jordan Pickford, Mason Holgate, Conor Coady, James Tarkowski, Nathan Patterson, Tom Davies (57. Amadou Onana), Alex Iwobi, Vitalij Mykolenko, Anthony Gordon, Salom\u00f3n Rond\u00f3n (57. Dwight McNeil), Demarai Gray<br \/>\n<strong>Nottingham Forest:<\/strong> Dean Henderson, Joe Worrall, Steve Cook, Scott McKenna, Neco Williams, Orel Mangala (55. Ryan Yates), Lewis O&#8217;Brien, Harry Toffolo, Jesse Lingard (84. Cheikhou Kouyat\u00e9), Brennan Johnson, Taiwo Awoniyi (61. Morgan Gibbs-White)<\/p>\n<p><strong>Rozhod\u010d\u00ed:<\/strong> Andre Marriner <strong>Div\u00e1ci:<\/strong> 39 271<\/p>\n","protected":false},"excerpt":{"rendered":"<p>Rem\u00edza s nov\u00e1\u010dkem Premier League ur\u010dit\u011b nep\u0159inesla mnoho radosti do srdc\u00ed p\u0159\u00edznivc\u016f Toffees. A to mohlo b\u00fdt je\u0161t\u011b b\u00fdt je\u0161t\u011b o pozn\u00e1n\u00ed h\u016f\u0159e, rem\u00edzu na posledn\u00ed chv\u00edli za\u0159\u00eddil Gray.<\/p>\n","protected":false},"author":562,"featured_media":19514,"comment_status":"open","ping_status":"closed","sticky":false,"template":"","format":"standard","meta":{"_eb_attr":"","_monsterinsights_skip_tracking":false,"_monsterinsights_sitenote_active":false,"_monsterinsights_sitenote_note":"","_monsterinsights_sitenote_category":0,"footnotes":""},"categories":[4],"tags":[],"yoast_head":"<!-- This site is optimized with the Yoast SEO plugin v23.4 - https:\/\/yoast.com\/wordpress\/plugins\/seo\/ -->\n<title>Everton - Nottingham Forest 1:1 - Official Czech &amp; Slovak Everton Supporters&#039; Club<\/title>\n<meta name=\"robots\" content=\"index, follow, max-snippet:-1, max-image-preview:large, max-video-preview:-1\" \/>\n<link rel=\"canonical\" href=\"https:\/\/evertonfc.cz\/index.php\/2022\/08\/21\/everton-nottingham-forest-11\/\" \/>\n<meta property=\"og:locale\" content=\"cs_CZ\" \/>\n<meta property=\"og:type\" content=\"article\" \/>\n<meta property=\"og:title\" content=\"Everton - Nottingham Forest 1:1 - Official Czech &amp; Slovak Everton Supporters&#039; Club\" \/>\n<meta property=\"og:description\" content=\"Rem\u00edza s nov\u00e1\u010dkem Premier League ur\u010dit\u011b nep\u0159inesla mnoho radosti do srdc\u00ed p\u0159\u00edznivc\u016f Toffees. A to mohlo b\u00fdt je\u0161t\u011b b\u00fdt je\u0161t\u011b o pozn\u00e1n\u00ed h\u016f\u0159e, rem\u00edzu na posledn\u00ed chv\u00edli za\u0159\u00eddil Gray.\" \/>\n<meta property=\"og:url\" content=\"https:\/\/evertonfc.cz\/index.php\/2022\/08\/21\/everton-nottingham-forest-11\/\" \/>\n<meta property=\"og:site_name\" content=\"Official Czech &amp; Slovak Everton Supporters&#039; Club\" \/>\n<meta property=\"article:publisher\" content=\"https:\/\/www.facebook.com\/everton.fans.cz.sk\" \/>\n<meta property=\"article:published_time\" content=\"2022-08-21T09:23:39+00:00\" \/>\n<meta property=\"article:modified_time\" content=\"2022-08-24T18:58:20+00:00\" \/>\n<meta property=\"og:image\" content=\"https:\/\/evertonfc.cz\/wp-content\/uploads\/2022\/08\/Everton-Nottingham-1-1-21-08-2022-.jpg\" \/>\n\t<meta property=\"og:image:width\" content=\"720\" \/>\n\t<meta property=\"og:image:height\" content=\"405\" \/>\n\t<meta property=\"og:image:type\" content=\"image\/jpeg\" \/>\n<meta name=\"author\" content=\"Petr\" \/>\n<meta name=\"twitter:card\" content=\"summary_large_image\" \/>\n<meta name=\"twitter:label1\" content=\"Napsal(a)\" \/>\n\t<meta name=\"twitter:data1\" content=\"Petr\" \/>\n\t<meta name=\"twitter:label2\" content=\"Odhadovan\u00e1 doba \u010dten\u00ed\" \/>\n\t<meta name=\"twitter:data2\" content=\"4 minuty\" \/>\n<script type=\"application\/ld+json\" class=\"yoast-schema-graph\">{\"@context\":\"https:\/\/schema.org\",\"@graph\":[{\"@type\":\"Article\",\"@id\":\"https:\/\/evertonfc.cz\/index.php\/2022\/08\/21\/everton-nottingham-forest-11\/#article\",\"isPartOf\":{\"@id\":\"https:\/\/evertonfc.cz\/index.php\/2022\/08\/21\/everton-nottingham-forest-11\/\"},\"author\":{\"name\":\"Petr\",\"@id\":\"https:\/\/evertonfc.cz\/#\/schema\/person\/5b54d20cd919070efc6fd6f92621fc50\"},\"headline\":\"Everton &#8211; Nottingham Forest 1:1\",\"datePublished\":\"2022-08-21T09:23:39+00:00\",\"dateModified\":\"2022-08-24T18:58:20+00:00\",\"mainEntityOfPage\":{\"@id\":\"https:\/\/evertonfc.cz\/index.php\/2022\/08\/21\/everton-nottingham-forest-11\/\"},\"wordCount\":967,\"commentCount\":11,\"publisher\":{\"@id\":\"https:\/\/evertonfc.cz\/#organization\"},\"image\":{\"@id\":\"https:\/\/evertonfc.cz\/index.php\/2022\/08\/21\/everton-nottingham-forest-11\/#primaryimage\"},\"thumbnailUrl\":\"https:\/\/evertonfc.cz\/wp-content\/uploads\/2022\/08\/Everton-Nottingham-1-1-21-08-2022-.jpg\",\"articleSection\":[\"Z\u00e1pasy\"],\"inLanguage\":\"cs\",\"potentialAction\":[{\"@type\":\"CommentAction\",\"name\":\"Comment\",\"target\":[\"https:\/\/evertonfc.cz\/index.php\/2022\/08\/21\/everton-nottingham-forest-11\/#respond\"]}]},{\"@type\":\"WebPage\",\"@id\":\"https:\/\/evertonfc.cz\/index.php\/2022\/08\/21\/everton-nottingham-forest-11\/\",\"url\":\"https:\/\/evertonfc.cz\/index.php\/2022\/08\/21\/everton-nottingham-forest-11\/\",\"name\":\"Everton - Nottingham Forest 1:1 - Official Czech &amp; Slovak Everton Supporters&#039; Club\",\"isPartOf\":{\"@id\":\"https:\/\/evertonfc.cz\/#website\"},\"primaryImageOfPage\":{\"@id\":\"https:\/\/evertonfc.cz\/index.php\/2022\/08\/21\/everton-nottingham-forest-11\/#primaryimage\"},\"image\":{\"@id\":\"https:\/\/evertonfc.cz\/index.php\/2022\/08\/21\/everton-nottingham-forest-11\/#primaryimage\"},\"thumbnailUrl\":\"https:\/\/evertonfc.cz\/wp-content\/uploads\/2022\/08\/Everton-Nottingham-1-1-21-08-2022-.jpg\",\"datePublished\":\"2022-08-21T09:23:39+00:00\",\"dateModified\":\"2022-08-24T18:58:20+00:00\",\"breadcrumb\":{\"@id\":\"https:\/\/evertonfc.cz\/index.php\/2022\/08\/21\/everton-nottingham-forest-11\/#breadcrumb\"},\"inLanguage\":\"cs\",\"potentialAction\":[{\"@type\":\"ReadAction\",\"target\":[\"https:\/\/evertonfc.cz\/index.php\/2022\/08\/21\/everton-nottingham-forest-11\/\"]}]},{\"@type\":\"ImageObject\",\"inLanguage\":\"cs\",\"@id\":\"https:\/\/evertonfc.cz\/index.php\/2022\/08\/21\/everton-nottingham-forest-11\/#primaryimage\",\"url\":\"https:\/\/evertonfc.cz\/wp-content\/uploads\/2022\/08\/Everton-Nottingham-1-1-21-08-2022-.jpg\",\"contentUrl\":\"https:\/\/evertonfc.cz\/wp-content\/uploads\/2022\/08\/Everton-Nottingham-1-1-21-08-2022-.jpg\",\"width\":720,\"height\":405},{\"@type\":\"BreadcrumbList\",\"@id\":\"https:\/\/evertonfc.cz\/index.php\/2022\/08\/21\/everton-nottingham-forest-11\/#breadcrumb\",\"itemListElement\":[{\"@type\":\"ListItem\",\"position\":1,\"name\":\"Home\",\"item\":\"https:\/\/evertonfc.cz\/\"},{\"@type\":\"ListItem\",\"position\":2,\"name\":\"Everton &#8211; Nottingham Forest 1:1\"}]},{\"@type\":\"WebSite\",\"@id\":\"https:\/\/evertonfc.cz\/#website\",\"url\":\"https:\/\/evertonfc.cz\/\",\"name\":\"Official Czech &amp; Slovak Everton Supporters&#039; Club\",\"description\":\"\",\"publisher\":{\"@id\":\"https:\/\/evertonfc.cz\/#organization\"},\"potentialAction\":[{\"@type\":\"SearchAction\",\"target\":{\"@type\":\"EntryPoint\",\"urlTemplate\":\"https:\/\/evertonfc.cz\/?s={search_term_string}\"},\"query-input\":{\"@type\":\"PropertyValueSpecification\",\"valueRequired\":true,\"valueName\":\"search_term_string\"}}],\"inLanguage\":\"cs\"},{\"@type\":\"Organization\",\"@id\":\"https:\/\/evertonfc.cz\/#organization\",\"name\":\"Official Czech & Slovak Everton Supporters' Club\",\"url\":\"https:\/\/evertonfc.cz\/\",\"logo\":{\"@type\":\"ImageObject\",\"inLanguage\":\"cs\",\"@id\":\"https:\/\/evertonfc.cz\/#\/schema\/logo\/image\/\",\"url\":\"https:\/\/evertonfc.cz\/wp-content\/uploads\/2019\/05\/logo.png\",\"contentUrl\":\"https:\/\/evertonfc.cz\/wp-content\/uploads\/2019\/05\/logo.png\",\"width\":112,\"height\":112,\"caption\":\"Official Czech & Slovak Everton Supporters' Club\"},\"image\":{\"@id\":\"https:\/\/evertonfc.cz\/#\/schema\/logo\/image\/\"},\"sameAs\":[\"https:\/\/www.facebook.com\/everton.fans.cz.sk\"]},{\"@type\":\"Person\",\"@id\":\"https:\/\/evertonfc.cz\/#\/schema\/person\/5b54d20cd919070efc6fd6f92621fc50\",\"name\":\"Petr\",\"url\":\"https:\/\/evertonfc.cz\/index.php\/author\/petr\/\"}]}<\/script>\n<!-- \/ Yoast SEO plugin. -->","yoast_head_json":{"title":"Everton - Nottingham Forest 1:1 - Official Czech &amp; Slovak Everton Supporters&#039; Club","robots":{"index":"index","follow":"follow","max-snippet":"max-snippet:-1","max-image-preview":"max-image-preview:large","max-video-preview":"max-video-preview:-1"},"canonical":"https:\/\/evertonfc.cz\/index.php\/2022\/08\/21\/everton-nottingham-forest-11\/","og_locale":"cs_CZ","og_type":"article","og_title":"Everton - Nottingham Forest 1:1 - Official Czech &amp; Slovak Everton Supporters&#039; Club","og_description":"Rem\u00edza s nov\u00e1\u010dkem Premier League ur\u010dit\u011b nep\u0159inesla mnoho radosti do srdc\u00ed p\u0159\u00edznivc\u016f Toffees. A to mohlo b\u00fdt je\u0161t\u011b b\u00fdt je\u0161t\u011b o pozn\u00e1n\u00ed h\u016f\u0159e, rem\u00edzu na posledn\u00ed chv\u00edli za\u0159\u00eddil Gray.","og_url":"https:\/\/evertonfc.cz\/index.php\/2022\/08\/21\/everton-nottingham-forest-11\/","og_site_name":"Official Czech &amp; Slovak Everton Supporters&#039; Club","article_publisher":"https:\/\/www.facebook.com\/everton.fans.cz.sk","article_published_time":"2022-08-21T09:23:39+00:00","article_modified_time":"2022-08-24T18:58:20+00:00","og_image":[{"width":720,"height":405,"url":"https:\/\/evertonfc.cz\/wp-content\/uploads\/2022\/08\/Everton-Nottingham-1-1-21-08-2022-.jpg","type":"image\/jpeg"}],"author":"Petr","twitter_card":"summary_large_image","twitter_misc":{"Napsal(a)":"Petr","Odhadovan\u00e1 doba \u010dten\u00ed":"4 minuty"},"schema":{"@context":"https:\/\/schema.org","@graph":[{"@type":"Article","@id":"https:\/\/evertonfc.cz\/index.php\/2022\/08\/21\/everton-nottingham-forest-11\/#article","isPartOf":{"@id":"https:\/\/evertonfc.cz\/index.php\/2022\/08\/21\/everton-nottingham-forest-11\/"},"author":{"name":"Petr","@id":"https:\/\/evertonfc.cz\/#\/schema\/person\/5b54d20cd919070efc6fd6f92621fc50"},"headline":"Everton &#8211; Nottingham Forest 1:1","datePublished":"2022-08-21T09:23:39+00:00","dateModified":"2022-08-24T18:58:20+00:00","mainEntityOfPage":{"@id":"https:\/\/evertonfc.cz\/index.php\/2022\/08\/21\/everton-nottingham-forest-11\/"},"wordCount":967,"commentCount":11,"publisher":{"@id":"https:\/\/evertonfc.cz\/#organization"},"image":{"@id":"https:\/\/evertonfc.cz\/index.php\/2022\/08\/21\/everton-nottingham-forest-11\/#primaryimage"},"thumbnailUrl":"https:\/\/evertonfc.cz\/wp-content\/uploads\/2022\/08\/Everton-Nottingham-1-1-21-08-2022-.jpg","articleSection":["Z\u00e1pasy"],"inLanguage":"cs","potentialAction":[{"@type":"CommentAction","name":"Comment","target":["https:\/\/evertonfc.cz\/index.php\/2022\/08\/21\/everton-nottingham-forest-11\/#respond"]}]},{"@type":"WebPage","@id":"https:\/\/evertonfc.cz\/index.php\/2022\/08\/21\/everton-nottingham-forest-11\/","url":"https:\/\/evertonfc.cz\/index.php\/2022\/08\/21\/everton-nottingham-forest-11\/","name":"Everton - Nottingham Forest 1:1 - Official Czech &amp; Slovak Everton Supporters&#039; Club","isPartOf":{"@id":"https:\/\/evertonfc.cz\/#website"},"primaryImageOfPage":{"@id":"https:\/\/evertonfc.cz\/index.php\/2022\/08\/21\/everton-nottingham-forest-11\/#primaryimage"},"image":{"@id":"https:\/\/evertonfc.cz\/index.php\/2022\/08\/21\/everton-nottingham-forest-11\/#primaryimage"},"thumbnailUrl":"https:\/\/evertonfc.cz\/wp-content\/uploads\/2022\/08\/Everton-Nottingham-1-1-21-08-2022-.jpg","datePublished":"2022-08-21T09:23:39+00:00","dateModified":"2022-08-24T18:58:20+00:00","breadcrumb":{"@id":"https:\/\/evertonfc.cz\/index.php\/2022\/08\/21\/everton-nottingham-forest-11\/#breadcrumb"},"inLanguage":"cs","potentialAction":[{"@type":"ReadAction","target":["https:\/\/evertonfc.cz\/index.php\/2022\/08\/21\/everton-nottingham-forest-11\/"]}]},{"@type":"ImageObject","inLanguage":"cs","@id":"https:\/\/evertonfc.cz\/index.php\/2022\/08\/21\/everton-nottingham-forest-11\/#primaryimage","url":"https:\/\/evertonfc.cz\/wp-content\/uploads\/2022\/08\/Everton-Nottingham-1-1-21-08-2022-.jpg","contentUrl":"https:\/\/evertonfc.cz\/wp-content\/uploads\/2022\/08\/Everton-Nottingham-1-1-21-08-2022-.jpg","width":720,"height":405},{"@type":"BreadcrumbList","@id":"https:\/\/evertonfc.cz\/index.php\/2022\/08\/21\/everton-nottingham-forest-11\/#breadcrumb","itemListElement":[{"@type":"ListItem","position":1,"name":"Home","item":"https:\/\/evertonfc.cz\/"},{"@type":"ListItem","position":2,"name":"Everton &#8211; Nottingham Forest 1:1"}]},{"@type":"WebSite","@id":"https:\/\/evertonfc.cz\/#website","url":"https:\/\/evertonfc.cz\/","name":"Official Czech &amp; Slovak Everton Supporters&#039; Club","description":"","publisher":{"@id":"https:\/\/evertonfc.cz\/#organization"},"potentialAction":[{"@type":"SearchAction","target":{"@type":"EntryPoint","urlTemplate":"https:\/\/evertonfc.cz\/?s={search_term_string}"},"query-input":{"@type":"PropertyValueSpecification","valueRequired":true,"valueName":"search_term_string"}}],"inLanguage":"cs"},{"@type":"Organization","@id":"https:\/\/evertonfc.cz\/#organization","name":"Official Czech & Slovak Everton Supporters' Club","url":"https:\/\/evertonfc.cz\/","logo":{"@type":"ImageObject","inLanguage":"cs","@id":"https:\/\/evertonfc.cz\/#\/schema\/logo\/image\/","url":"https:\/\/evertonfc.cz\/wp-content\/uploads\/2019\/05\/logo.png","contentUrl":"https:\/\/evertonfc.cz\/wp-content\/uploads\/2019\/05\/logo.png","width":112,"height":112,"caption":"Official Czech & Slovak Everton Supporters' Club"},"image":{"@id":"https:\/\/evertonfc.cz\/#\/schema\/logo\/image\/"},"sameAs":["https:\/\/www.facebook.com\/everton.fans.cz.sk"]},{"@type":"Person","@id":"https:\/\/evertonfc.cz\/#\/schema\/person\/5b54d20cd919070efc6fd6f92621fc50","name":"Petr","url":"https:\/\/evertonfc.cz\/index.php\/author\/petr\/"}]}},"_links":{"self":[{"href":"https:\/\/evertonfc.cz\/index.php\/wp-json\/wp\/v2\/posts\/19515"}],"collection":[{"href":"https:\/\/evertonfc.cz\/index.php\/wp-json\/wp\/v2\/posts"}],"about":[{"href":"https:\/\/evertonfc.cz\/index.php\/wp-json\/wp\/v2\/types\/post"}],"author":[{"embeddable":true,"href":"https:\/\/evertonfc.cz\/index.php\/wp-json\/wp\/v2\/users\/562"}],"replies":[{"embeddable":true,"href":"https:\/\/evertonfc.cz\/index.php\/wp-json\/wp\/v2\/comments?post=19515"}],"version-history":[{"count":8,"href":"https:\/\/evertonfc.cz\/index.php\/wp-json\/wp\/v2\/posts\/19515\/revisions"}],"predecessor-version":[{"id":19550,"href":"https:\/\/evertonfc.cz\/index.php\/wp-json\/wp\/v2\/posts\/19515\/revisions\/19550"}],"wp:featuredmedia":[{"embeddable":true,"href":"https:\/\/evertonfc.cz\/index.php\/wp-json\/wp\/v2\/media\/19514"}],"wp:attachment":[{"href":"https:\/\/evertonfc.cz\/index.php\/wp-json\/wp\/v2\/media?parent=19515"}],"wp:term":[{"taxonomy":"category","embeddable":true,"href":"https:\/\/evertonfc.cz\/index.php\/wp-json\/wp\/v2\/categories?post=19515"},{"taxonomy":"post_tag","embeddable":true,"href":"https:\/\/evertonfc.cz\/index.php\/wp-json\/wp\/v2\/tags?post=19515"}],"curies":[{"name":"wp","href":"https:\/\/api.w.org\/{rel}","templated":true}]}}