{"id":19525,"date":"2022-08-23T17:26:38","date_gmt":"2022-08-23T15:26:38","guid":{"rendered":"https:\/\/evertonfc.cz\/?p=19525"},"modified":"2022-08-23T22:48:12","modified_gmt":"2022-08-23T20:48:12","slug":"lc-preview-fleetwood-town-everton-2","status":"publish","type":"post","link":"https:\/\/evertonfc.cz\/index.php\/2022\/08\/23\/lc-preview-fleetwood-town-everton-2\/","title":{"rendered":"LC Preview: Fleetwood Town \u2013 Everton"},"content":{"rendered":"<h4>V ligovom poh\u00e1ri sa n\u00e1m zvykne dari\u0165. Teda a\u017e k\u00fdm nenaraz\u00edme na seberovn\u00e9ho, \u010di nezakopneme o\u00a0vlastn\u00fd v\u00fdkon. Toto by v\u0161ak mala by\u0165 formalita. V\u0161ak?<\/h4>\n<p>Minul\u00fd ro\u010dn\u00edk najneob\u013e\u00fabenej\u0161ej s\u00fa\u0165a\u017ee sme ale neza\u0161li \u010faleko. Stopku n\u00e1m u\u017e v\u00a0druhom stretnut\u00ed poh\u00e1rov\u00e9ho pav\u00faka vystalo lond\u00fdnske QPR. Tentokr\u00e1t tu m\u00e1me na za\u010diatok <strong><a href=\"https:\/\/evertonfc.cz\/index.php\/2020\/09\/24\/fleetwood-town-everton-25\/\" target=\"_blank\" rel=\"noopener\">repete zo sez\u00f3ny 2020\/21<\/a><\/strong>, kedy n\u00e1s e\u0161te viedol Ancelotti. Ten Ancelotti, ktor\u00fd o\u00a010 mesiacov nesk\u00f4r zmizol ako jarn\u00fd sneh, a\u00a0odkryl tak probl\u00e9my <span style=\"text-decoration: line-through;\">permafrostu<\/span> \u201epermaspendu\u201c, s\u00a0ktor\u00fdmi si zatia\u013e poriadne nevie rady ani Lampard.<\/p>\n<p>St\u00e1le sa sna\u017e\u00edme zohna\u0165 \u00fato\u010dn\u00edkov za babku, Gordona streli\u0165 za bal\u00edk, a popritom spla\u0161i\u0165 ak\u00fdko\u013evek v\u00fdhodn\u00fd biznis, z ktor\u00e9ho Frankova dru\u017eine vyjde silnej\u0161ia. Na franc\u00fazskom fronte ni\u010d nov\u00e9, stagnuje aj rie\u0161enie situ\u00e1cie s Dele Allim. Nast\u00fapi\u0165 v z\u00e1kladnej\u00a0 zostave aspo\u0148 dnes by sa pre neho patrilo, no zrejme nebudeme riskova\u0165 zranenie pred jeho potenci\u00e1lnym odchodom k Turkovi.<\/p>\n<h4><strong>Obmenen\u00e9 EFC?<\/strong><\/h4>\n<p>Pred dne\u0161n\u00fdm z\u00e1pasom sa nechal \u0161\u00e9f lavi\u010dky host\u00ed po\u010du\u0165, \u017ee by kone\u010dne mohol do novej sez\u00f3ny zasiahnu\u0165 aj kapit\u00e1n Seamus Coleman. Ten po\u010das leta absolvoval men\u0161iu oper\u00e1ciu, tak\u017ee nebol na \u0161tart nov\u00e9ho ro\u010dn\u00edka v\u010das pripraven\u00fd. Pred dvomi t\u00fd\u017ed\u0148ami v\u0161ak zvl\u00e1dol odohra\u0165 pol\u010das za U21 proti Blackburnu.<\/p>\n<p>Na preto\u010denie zostavy sa taktie\u017e pon\u00faka v obrane Michael Keane, Rub\u00e9n Vinagre, alebo aj zabudnut\u00fd Niels Nkounkou. Pr\u00e1ve ten podal jeden zo svojich najokatej\u0161\u00edch v\u00fdkonov pr\u00e1ve pred dvomi rokmi na tr\u00e1vniku Fleetwoodu. V z\u00e1lohe m\u00e1 zatia\u013e pram\u00e1lo odohran\u00e9 Allan, a mo\u017eno padne orol aj Gbaminovi. V \u00fatoku nie je nad \u010d\u00edm duma\u0165. Mo\u017enosti The Toffees s\u00fa naozaj limitovan\u00e9, a\u017e tragicky z\u00fafal\u00e9. Zn\u00e1me s\u00fa aj preferencie fan\u00fa\u0161ikov Onany pred Rond\u00f3nom na hrote, ale to u\u017e nech\u00e1me na Lamparda.<\/p>\n<h4 style=\"text-align: center;\"><strong>Frank Lampard pred z\u00e1pasom:<\/strong><\/h4>\n<blockquote><p><span style=\"font-size: 12pt;\"><em>\u201eJe to d\u00f4le\u017eit\u00fd z\u00e1pas, ktor\u00fd mus\u00edme re\u0161pektova\u0165, rovnako ako s\u00fapera.\u00a0Pochopenie toho je d\u00f4le\u017eit\u00e9 pre vn\u00edmanie fan\u00fa\u0161ikov, aj n\u00e1s. M\u00e1me hr\u00e1\u010dov, ktor\u00ed st\u00e1le potrebuj\u00fa min\u00faty, aby sa dostali do formy. P\u00e1r z\u00a0nich hralo proti Forest, a\u00a0t\u00fdch p\u00e1r, ktor\u00ed nehrali, bud\u00fa hra\u0165 dnes. Onana min\u00faty potrebuje, tak\u017ee je ve\u013ek\u00e1 \u0161anca, \u017ee bude v\u00a0z\u00e1klade. Seamus je po zranen\u00ed, ale je to typick\u00fd Seamus, ktor\u00fd tvrdo pracoval, aby bol fit. Z\u00e1pas mu ur\u010dite prospeje.\u201c<\/em><\/span><\/p><\/blockquote>\n<h4><strong>Tresky<\/strong><\/h4>\n<p>Ryb\u00e1rstvo v\u00a0oblasti severne od Blackpoolu m\u00e1 dlhodob\u00fa trad\u00edciu. A\u00a0ke\u010f to nie s\u00fa krevety, ktor\u00e9 maj\u00fa v\u00a0s\u00fa\u010dasnosti v\u00a0znaku dva kluby prv\u00fdch piatich l\u00edg v\u00a0Anglicku, tak to musia by\u0165 pr\u00e1ve treskovit\u00e9 potvory, ktor\u00fdch lov je vysoko zn\u00e1my v\u00a0pobre\u017enom Fleetwoode, zhruba 30 tis\u00edcovom meste gr\u00f3fstva Lancashire.<\/p>\n<p>Futbalov\u00fd Town je v\u00a0s\u00fa\u010dasnosti veden\u00fd Scottom Brownom. \u017duj\u00faca legenda Celticu prevzala \u017eezlo po Simonovi Graysonovi, ktor\u00fd nevydr\u017eal ako n\u00e1hrada za probl\u00e9mov\u00e9ho Joeyho Bartona. Klub sa po nieko\u013ek\u00fdch postupoch potuluje u\u017e 9 rokov po League One, a\u00a0nie a\u00a0nie vymani\u0165 sa z\u00a0priemeru. Svoju z\u00e1sluhu na tom m\u00e1 aj nov\u00e1 sebesta\u010dn\u00e1 strat\u00e9gia, ktor\u00fd si osvojil predt\u00fdm \u0161tedr\u00fd majite\u013e Andy Pilley.<\/p>\n<p>Bolo preto vybudovan\u00e9 nov\u00e9, 8 mili\u00f3nov\u00e9 tr\u00e9ningov\u00e9 centrum. 12 tr\u00e1vnat\u00fdch ihr\u00edsk, 2 osvetlen\u00e9 4G umel\u00e9 ihrisk\u00e1, telocvi\u010d\u0148a, kaviare\u0148, bar a kancel\u00e1rie&#8230; to v\u0161etko tam je. Len toho talentu na spe\u0148a\u017eenie akosi neprib\u00fada, a tak \u010fal\u0161\u00ed postup hore pyram\u00eddou ost\u00e1va vzdialen\u00fd. Zo s\u00fa\u010dasn\u00e9ho k\u00e1dru mo\u017eno pozn\u00e1te Josha Velu, Ellisa Harrisona, \u010di Joea Garnera. A nie, Harrison Holgate nie je rodina s na\u0161im Masonom.<\/p>\n<p>Do \u017erebu s\u00a0nami sa dostali po v\u00fdhre nad Wiganom 1:0, aktu\u00e1lnym majstrom tretej ligy. Tam im, mimochodom, vy\u0161iel \u0161tart do nov\u00e9ho ro\u010dn\u00edka. V\u00fdhra nad Plymouthom plus tri rem\u00edzy posledn\u00fdch z\u00e1pasov sa rozhodne po\u010d\u00edtaj\u00fa, najm\u00e4 ak sa udr\u017ealo \u010dist\u00e9 konto v\u00a0posledn\u00fdch dvoch z\u00e1pasoch. Tak\u017ee Rond\u00f3n to bude ma\u0165 \u0165a\u017ek\u00e9&#8230;<\/p>\n<h3 style=\"text-align: center;\"><span style=\"color: #3366ff;\"><em><strong>Up The Toffees !!!<\/strong><\/em><\/span><\/h3>\n<p><strong>\u010co:<\/strong> Fleetwood Town FC \u2013 Everton FC, 2. kolo Ligov\u00e9ho poh\u00e1ra<br \/>\n<strong>Kedy:<\/strong> 23.8. 2022 od 20:45 SE\u010c<br \/>\n<strong>Ako:<\/strong> priamy prenos na NOVA Sport 2<br \/>\n<strong>Kde:<\/strong> Highbury Stadium \u2013 Park Ave, Fleetwood FY7 6SP (kapacita: 5 327)<br \/>\n<strong>Rozhodca:<\/strong> Tom Reeves\u00a0 <strong>Asistenti:<\/strong> D. Avent, B. Hall \u00a0<strong>\u0160tvrt\u00fd rozhodca:<\/strong> A. Haines<\/p>\n","protected":false},"excerpt":{"rendered":"<p>V ligovom poh\u00e1ri sa n\u00e1m zvykne dari\u0165. Teda a\u017e k\u00fdm nenaraz\u00edme na seberovn\u00e9ho, \u010di nezakopneme o\u00a0vlastn\u00fd v\u00fdkon. Toto by v\u0161ak mala by\u0165 formalita. V\u0161ak?<\/p>\n","protected":false},"author":1,"featured_media":12213,"comment_status":"open","ping_status":"closed","sticky":false,"template":"","format":"standard","meta":{"_eb_attr":"","_monsterinsights_skip_tracking":false,"_monsterinsights_sitenote_active":false,"_monsterinsights_sitenote_note":"","_monsterinsights_sitenote_category":0,"footnotes":""},"categories":[4],"tags":[],"yoast_head":"<!-- This site is optimized with the Yoast SEO plugin v23.4 - https:\/\/yoast.com\/wordpress\/plugins\/seo\/ -->\n<title>LC Preview: Fleetwood Town \u2013 Everton - Official Czech &amp; Slovak Everton Supporters&#039; Club<\/title>\n<meta name=\"robots\" content=\"index, follow, max-snippet:-1, max-image-preview:large, max-video-preview:-1\" \/>\n<link rel=\"canonical\" href=\"https:\/\/evertonfc.cz\/index.php\/2022\/08\/23\/lc-preview-fleetwood-town-everton-2\/\" \/>\n<meta property=\"og:locale\" content=\"cs_CZ\" \/>\n<meta property=\"og:type\" content=\"article\" \/>\n<meta property=\"og:title\" content=\"LC Preview: Fleetwood Town \u2013 Everton - Official Czech &amp; Slovak Everton Supporters&#039; Club\" \/>\n<meta property=\"og:description\" content=\"V ligovom poh\u00e1ri sa n\u00e1m zvykne dari\u0165. Teda a\u017e k\u00fdm nenaraz\u00edme na seberovn\u00e9ho, \u010di nezakopneme o\u00a0vlastn\u00fd v\u00fdkon. Toto by v\u0161ak mala by\u0165 formalita. V\u0161ak?\" \/>\n<meta property=\"og:url\" content=\"https:\/\/evertonfc.cz\/index.php\/2022\/08\/23\/lc-preview-fleetwood-town-everton-2\/\" \/>\n<meta property=\"og:site_name\" content=\"Official Czech &amp; Slovak Everton Supporters&#039; Club\" \/>\n<meta property=\"article:publisher\" content=\"https:\/\/www.facebook.com\/everton.fans.cz.sk\" \/>\n<meta property=\"article:published_time\" content=\"2022-08-23T15:26:38+00:00\" \/>\n<meta property=\"article:modified_time\" content=\"2022-08-23T20:48:12+00:00\" \/>\n<meta property=\"og:image\" content=\"https:\/\/evertonfc.cz\/wp-content\/uploads\/2020\/09\/Fleetwood-Town-Everton-League-Cup-23-9-2020.jpg\" \/>\n\t<meta property=\"og:image:width\" content=\"720\" \/>\n\t<meta property=\"og:image:height\" content=\"405\" \/>\n\t<meta property=\"og:image:type\" content=\"image\/jpeg\" \/>\n<meta name=\"author\" content=\"BlueBlooded\" \/>\n<meta name=\"twitter:card\" content=\"summary_large_image\" \/>\n<meta name=\"twitter:label1\" content=\"Napsal(a)\" \/>\n\t<meta name=\"twitter:data1\" content=\"BlueBlooded\" \/>\n\t<meta name=\"twitter:label2\" content=\"Odhadovan\u00e1 doba \u010dten\u00ed\" \/>\n\t<meta name=\"twitter:data2\" content=\"4 minuty\" \/>\n<script type=\"application\/ld+json\" class=\"yoast-schema-graph\">{\"@context\":\"https:\/\/schema.org\",\"@graph\":[{\"@type\":\"Article\",\"@id\":\"https:\/\/evertonfc.cz\/index.php\/2022\/08\/23\/lc-preview-fleetwood-town-everton-2\/#article\",\"isPartOf\":{\"@id\":\"https:\/\/evertonfc.cz\/index.php\/2022\/08\/23\/lc-preview-fleetwood-town-everton-2\/\"},\"author\":{\"name\":\"BlueBlooded\",\"@id\":\"https:\/\/evertonfc.cz\/#\/schema\/person\/d4493b8cbea51532597fbc4685698916\"},\"headline\":\"LC Preview: Fleetwood Town \u2013 Everton\",\"datePublished\":\"2022-08-23T15:26:38+00:00\",\"dateModified\":\"2022-08-23T20:48:12+00:00\",\"mainEntityOfPage\":{\"@id\":\"https:\/\/evertonfc.cz\/index.php\/2022\/08\/23\/lc-preview-fleetwood-town-everton-2\/\"},\"wordCount\":777,\"commentCount\":2,\"publisher\":{\"@id\":\"https:\/\/evertonfc.cz\/#organization\"},\"image\":{\"@id\":\"https:\/\/evertonfc.cz\/index.php\/2022\/08\/23\/lc-preview-fleetwood-town-everton-2\/#primaryimage\"},\"thumbnailUrl\":\"https:\/\/evertonfc.cz\/wp-content\/uploads\/2020\/09\/Fleetwood-Town-Everton-League-Cup-23-9-2020.jpg\",\"articleSection\":[\"Z\u00e1pasy\"],\"inLanguage\":\"cs\",\"potentialAction\":[{\"@type\":\"CommentAction\",\"name\":\"Comment\",\"target\":[\"https:\/\/evertonfc.cz\/index.php\/2022\/08\/23\/lc-preview-fleetwood-town-everton-2\/#respond\"]}]},{\"@type\":\"WebPage\",\"@id\":\"https:\/\/evertonfc.cz\/index.php\/2022\/08\/23\/lc-preview-fleetwood-town-everton-2\/\",\"url\":\"https:\/\/evertonfc.cz\/index.php\/2022\/08\/23\/lc-preview-fleetwood-town-everton-2\/\",\"name\":\"LC Preview: Fleetwood Town \u2013 Everton - Official Czech &amp; Slovak Everton Supporters&#039; Club\",\"isPartOf\":{\"@id\":\"https:\/\/evertonfc.cz\/#website\"},\"primaryImageOfPage\":{\"@id\":\"https:\/\/evertonfc.cz\/index.php\/2022\/08\/23\/lc-preview-fleetwood-town-everton-2\/#primaryimage\"},\"image\":{\"@id\":\"https:\/\/evertonfc.cz\/index.php\/2022\/08\/23\/lc-preview-fleetwood-town-everton-2\/#primaryimage\"},\"thumbnailUrl\":\"https:\/\/evertonfc.cz\/wp-content\/uploads\/2020\/09\/Fleetwood-Town-Everton-League-Cup-23-9-2020.jpg\",\"datePublished\":\"2022-08-23T15:26:38+00:00\",\"dateModified\":\"2022-08-23T20:48:12+00:00\",\"breadcrumb\":{\"@id\":\"https:\/\/evertonfc.cz\/index.php\/2022\/08\/23\/lc-preview-fleetwood-town-everton-2\/#breadcrumb\"},\"inLanguage\":\"cs\",\"potentialAction\":[{\"@type\":\"ReadAction\",\"target\":[\"https:\/\/evertonfc.cz\/index.php\/2022\/08\/23\/lc-preview-fleetwood-town-everton-2\/\"]}]},{\"@type\":\"ImageObject\",\"inLanguage\":\"cs\",\"@id\":\"https:\/\/evertonfc.cz\/index.php\/2022\/08\/23\/lc-preview-fleetwood-town-everton-2\/#primaryimage\",\"url\":\"https:\/\/evertonfc.cz\/wp-content\/uploads\/2020\/09\/Fleetwood-Town-Everton-League-Cup-23-9-2020.jpg\",\"contentUrl\":\"https:\/\/evertonfc.cz\/wp-content\/uploads\/2020\/09\/Fleetwood-Town-Everton-League-Cup-23-9-2020.jpg\",\"width\":720,\"height\":405},{\"@type\":\"BreadcrumbList\",\"@id\":\"https:\/\/evertonfc.cz\/index.php\/2022\/08\/23\/lc-preview-fleetwood-town-everton-2\/#breadcrumb\",\"itemListElement\":[{\"@type\":\"ListItem\",\"position\":1,\"name\":\"Home\",\"item\":\"https:\/\/evertonfc.cz\/\"},{\"@type\":\"ListItem\",\"position\":2,\"name\":\"LC Preview: Fleetwood Town \u2013 Everton\"}]},{\"@type\":\"WebSite\",\"@id\":\"https:\/\/evertonfc.cz\/#website\",\"url\":\"https:\/\/evertonfc.cz\/\",\"name\":\"Official Czech &amp; Slovak Everton Supporters&#039; Club\",\"description\":\"\",\"publisher\":{\"@id\":\"https:\/\/evertonfc.cz\/#organization\"},\"potentialAction\":[{\"@type\":\"SearchAction\",\"target\":{\"@type\":\"EntryPoint\",\"urlTemplate\":\"https:\/\/evertonfc.cz\/?s={search_term_string}\"},\"query-input\":{\"@type\":\"PropertyValueSpecification\",\"valueRequired\":true,\"valueName\":\"search_term_string\"}}],\"inLanguage\":\"cs\"},{\"@type\":\"Organization\",\"@id\":\"https:\/\/evertonfc.cz\/#organization\",\"name\":\"Official Czech & Slovak Everton Supporters' Club\",\"url\":\"https:\/\/evertonfc.cz\/\",\"logo\":{\"@type\":\"ImageObject\",\"inLanguage\":\"cs\",\"@id\":\"https:\/\/evertonfc.cz\/#\/schema\/logo\/image\/\",\"url\":\"https:\/\/evertonfc.cz\/wp-content\/uploads\/2019\/05\/logo.png\",\"contentUrl\":\"https:\/\/evertonfc.cz\/wp-content\/uploads\/2019\/05\/logo.png\",\"width\":112,\"height\":112,\"caption\":\"Official Czech & Slovak Everton Supporters' Club\"},\"image\":{\"@id\":\"https:\/\/evertonfc.cz\/#\/schema\/logo\/image\/\"},\"sameAs\":[\"https:\/\/www.facebook.com\/everton.fans.cz.sk\"]},{\"@type\":\"Person\",\"@id\":\"https:\/\/evertonfc.cz\/#\/schema\/person\/d4493b8cbea51532597fbc4685698916\",\"name\":\"BlueBlooded\",\"url\":\"https:\/\/evertonfc.cz\/index.php\/author\/admin\/\"}]}<\/script>\n<!-- \/ Yoast SEO plugin. -->","yoast_head_json":{"title":"LC Preview: Fleetwood Town \u2013 Everton - Official Czech &amp; Slovak Everton Supporters&#039; Club","robots":{"index":"index","follow":"follow","max-snippet":"max-snippet:-1","max-image-preview":"max-image-preview:large","max-video-preview":"max-video-preview:-1"},"canonical":"https:\/\/evertonfc.cz\/index.php\/2022\/08\/23\/lc-preview-fleetwood-town-everton-2\/","og_locale":"cs_CZ","og_type":"article","og_title":"LC Preview: Fleetwood Town \u2013 Everton - Official Czech &amp; Slovak Everton Supporters&#039; Club","og_description":"V ligovom poh\u00e1ri sa n\u00e1m zvykne dari\u0165. Teda a\u017e k\u00fdm nenaraz\u00edme na seberovn\u00e9ho, \u010di nezakopneme o\u00a0vlastn\u00fd v\u00fdkon. Toto by v\u0161ak mala by\u0165 formalita. V\u0161ak?","og_url":"https:\/\/evertonfc.cz\/index.php\/2022\/08\/23\/lc-preview-fleetwood-town-everton-2\/","og_site_name":"Official Czech &amp; Slovak Everton Supporters&#039; Club","article_publisher":"https:\/\/www.facebook.com\/everton.fans.cz.sk","article_published_time":"2022-08-23T15:26:38+00:00","article_modified_time":"2022-08-23T20:48:12+00:00","og_image":[{"width":720,"height":405,"url":"https:\/\/evertonfc.cz\/wp-content\/uploads\/2020\/09\/Fleetwood-Town-Everton-League-Cup-23-9-2020.jpg","type":"image\/jpeg"}],"author":"BlueBlooded","twitter_card":"summary_large_image","twitter_misc":{"Napsal(a)":"BlueBlooded","Odhadovan\u00e1 doba \u010dten\u00ed":"4 minuty"},"schema":{"@context":"https:\/\/schema.org","@graph":[{"@type":"Article","@id":"https:\/\/evertonfc.cz\/index.php\/2022\/08\/23\/lc-preview-fleetwood-town-everton-2\/#article","isPartOf":{"@id":"https:\/\/evertonfc.cz\/index.php\/2022\/08\/23\/lc-preview-fleetwood-town-everton-2\/"},"author":{"name":"BlueBlooded","@id":"https:\/\/evertonfc.cz\/#\/schema\/person\/d4493b8cbea51532597fbc4685698916"},"headline":"LC Preview: Fleetwood Town \u2013 Everton","datePublished":"2022-08-23T15:26:38+00:00","dateModified":"2022-08-23T20:48:12+00:00","mainEntityOfPage":{"@id":"https:\/\/evertonfc.cz\/index.php\/2022\/08\/23\/lc-preview-fleetwood-town-everton-2\/"},"wordCount":777,"commentCount":2,"publisher":{"@id":"https:\/\/evertonfc.cz\/#organization"},"image":{"@id":"https:\/\/evertonfc.cz\/index.php\/2022\/08\/23\/lc-preview-fleetwood-town-everton-2\/#primaryimage"},"thumbnailUrl":"https:\/\/evertonfc.cz\/wp-content\/uploads\/2020\/09\/Fleetwood-Town-Everton-League-Cup-23-9-2020.jpg","articleSection":["Z\u00e1pasy"],"inLanguage":"cs","potentialAction":[{"@type":"CommentAction","name":"Comment","target":["https:\/\/evertonfc.cz\/index.php\/2022\/08\/23\/lc-preview-fleetwood-town-everton-2\/#respond"]}]},{"@type":"WebPage","@id":"https:\/\/evertonfc.cz\/index.php\/2022\/08\/23\/lc-preview-fleetwood-town-everton-2\/","url":"https:\/\/evertonfc.cz\/index.php\/2022\/08\/23\/lc-preview-fleetwood-town-everton-2\/","name":"LC Preview: Fleetwood Town \u2013 Everton - Official Czech &amp; Slovak Everton Supporters&#039; Club","isPartOf":{"@id":"https:\/\/evertonfc.cz\/#website"},"primaryImageOfPage":{"@id":"https:\/\/evertonfc.cz\/index.php\/2022\/08\/23\/lc-preview-fleetwood-town-everton-2\/#primaryimage"},"image":{"@id":"https:\/\/evertonfc.cz\/index.php\/2022\/08\/23\/lc-preview-fleetwood-town-everton-2\/#primaryimage"},"thumbnailUrl":"https:\/\/evertonfc.cz\/wp-content\/uploads\/2020\/09\/Fleetwood-Town-Everton-League-Cup-23-9-2020.jpg","datePublished":"2022-08-23T15:26:38+00:00","dateModified":"2022-08-23T20:48:12+00:00","breadcrumb":{"@id":"https:\/\/evertonfc.cz\/index.php\/2022\/08\/23\/lc-preview-fleetwood-town-everton-2\/#breadcrumb"},"inLanguage":"cs","potentialAction":[{"@type":"ReadAction","target":["https:\/\/evertonfc.cz\/index.php\/2022\/08\/23\/lc-preview-fleetwood-town-everton-2\/"]}]},{"@type":"ImageObject","inLanguage":"cs","@id":"https:\/\/evertonfc.cz\/index.php\/2022\/08\/23\/lc-preview-fleetwood-town-everton-2\/#primaryimage","url":"https:\/\/evertonfc.cz\/wp-content\/uploads\/2020\/09\/Fleetwood-Town-Everton-League-Cup-23-9-2020.jpg","contentUrl":"https:\/\/evertonfc.cz\/wp-content\/uploads\/2020\/09\/Fleetwood-Town-Everton-League-Cup-23-9-2020.jpg","width":720,"height":405},{"@type":"BreadcrumbList","@id":"https:\/\/evertonfc.cz\/index.php\/2022\/08\/23\/lc-preview-fleetwood-town-everton-2\/#breadcrumb","itemListElement":[{"@type":"ListItem","position":1,"name":"Home","item":"https:\/\/evertonfc.cz\/"},{"@type":"ListItem","position":2,"name":"LC Preview: Fleetwood Town \u2013 Everton"}]},{"@type":"WebSite","@id":"https:\/\/evertonfc.cz\/#website","url":"https:\/\/evertonfc.cz\/","name":"Official Czech &amp; Slovak Everton Supporters&#039; Club","description":"","publisher":{"@id":"https:\/\/evertonfc.cz\/#organization"},"potentialAction":[{"@type":"SearchAction","target":{"@type":"EntryPoint","urlTemplate":"https:\/\/evertonfc.cz\/?s={search_term_string}"},"query-input":{"@type":"PropertyValueSpecification","valueRequired":true,"valueName":"search_term_string"}}],"inLanguage":"cs"},{"@type":"Organization","@id":"https:\/\/evertonfc.cz\/#organization","name":"Official Czech & Slovak Everton Supporters' Club","url":"https:\/\/evertonfc.cz\/","logo":{"@type":"ImageObject","inLanguage":"cs","@id":"https:\/\/evertonfc.cz\/#\/schema\/logo\/image\/","url":"https:\/\/evertonfc.cz\/wp-content\/uploads\/2019\/05\/logo.png","contentUrl":"https:\/\/evertonfc.cz\/wp-content\/uploads\/2019\/05\/logo.png","width":112,"height":112,"caption":"Official Czech & Slovak Everton Supporters' Club"},"image":{"@id":"https:\/\/evertonfc.cz\/#\/schema\/logo\/image\/"},"sameAs":["https:\/\/www.facebook.com\/everton.fans.cz.sk"]},{"@type":"Person","@id":"https:\/\/evertonfc.cz\/#\/schema\/person\/d4493b8cbea51532597fbc4685698916","name":"BlueBlooded","url":"https:\/\/evertonfc.cz\/index.php\/author\/admin\/"}]}},"_links":{"self":[{"href":"https:\/\/evertonfc.cz\/index.php\/wp-json\/wp\/v2\/posts\/19525"}],"collection":[{"href":"https:\/\/evertonfc.cz\/index.php\/wp-json\/wp\/v2\/posts"}],"about":[{"href":"https:\/\/evertonfc.cz\/index.php\/wp-json\/wp\/v2\/types\/post"}],"author":[{"embeddable":true,"href":"https:\/\/evertonfc.cz\/index.php\/wp-json\/wp\/v2\/users\/1"}],"replies":[{"embeddable":true,"href":"https:\/\/evertonfc.cz\/index.php\/wp-json\/wp\/v2\/comments?post=19525"}],"version-history":[{"count":7,"href":"https:\/\/evertonfc.cz\/index.php\/wp-json\/wp\/v2\/posts\/19525\/revisions"}],"predecessor-version":[{"id":19535,"href":"https:\/\/evertonfc.cz\/index.php\/wp-json\/wp\/v2\/posts\/19525\/revisions\/19535"}],"wp:featuredmedia":[{"embeddable":true,"href":"https:\/\/evertonfc.cz\/index.php\/wp-json\/wp\/v2\/media\/12213"}],"wp:attachment":[{"href":"https:\/\/evertonfc.cz\/index.php\/wp-json\/wp\/v2\/media?parent=19525"}],"wp:term":[{"taxonomy":"category","embeddable":true,"href":"https:\/\/evertonfc.cz\/index.php\/wp-json\/wp\/v2\/categories?post=19525"},{"taxonomy":"post_tag","embeddable":true,"href":"https:\/\/evertonfc.cz\/index.php\/wp-json\/wp\/v2\/tags?post=19525"}],"curies":[{"name":"wp","href":"https:\/\/api.w.org\/{rel}","templated":true}]}}