{"id":1953,"date":"2018-08-05T18:59:52","date_gmt":"2018-08-05T16:59:52","guid":{"rendered":"http:\/\/evertonfc.cz\/?p=1953"},"modified":"2019-01-31T19:00:56","modified_gmt":"2019-01-31T18:00:56","slug":"everton-valencia-23","status":"publish","type":"post","link":"https:\/\/evertonfc.cz\/index.php\/2018\/08\/05\/everton-valencia-23\/","title":{"rendered":"Everton &#8211; Valencia 2:3"},"content":{"rendered":"\n<h4 class=\"wp-block-heading\">Ani posledn\u00fd z\u00e1pas letnej pr\u00edpravy v\u00a0dom\u00e1com prostred\u00ed Goodison Parku nepriniesol v\u00fdsledkov\u00fa vzpruhu, tak potrebn\u00fa pre mu\u017estvo, tr\u00e9nera a najm\u00e4 pre fan\u00fa\u0161ikov.<\/h4>\n\n\n\n<p>\u0160panielskych s\u00faperov sme si v\u00a0r\u00e1mci priate\u013esk\u00fdch stretnut\u00ed pomerne ob\u013e\u00fabili. Zaka\u017ed\u00fdm na Starej D\u00e1me, zaka\u017ed\u00fdm za krat\u0161\u00ed koniec. Alebo aspo\u0148 rovn\u00fd. Nie v\u0161ak tento rok. Dru\u017estvo z\u00a0Mestally, v\u00a0tre\u0165om najv\u00e4\u010d\u0161om meste \u0160panielskeho kr\u00e1\u013eovstva, sa ur\u010dite rad\u00ed medzi lep\u0161\u00edch oponentov. Tak\u00fdch, s\u00a0ktor\u00fdmi by sme sa radi stret\u00e1vali na pravidelnej b\u00e1ze kontinent\u00e1lnych poh\u00e1rov\u00fdch s\u00fa\u0165a\u017e\u00ed. Najbli\u017e\u0161ia tak\u00e1to pr\u00edle\u017eitos\u0165 by mohla by\u0165 u\u017e o\u00a0rok. Po \u00faspe\u0161nom \u0165a\u017een\u00ed v\u00a0lige, \u010di v\u00a0dom\u00e1cich poh\u00e1roch. Len\u017ee to tak \u013eahko nep\u00f4jde, ak si Toffees \u010do najsk\u00f4r nevyrie\u0161ia ultim\u00e1tne probl\u00e9my s neplnen\u00edm si defenz\u00edvnych povinnost\u00ed. Stava\u0165 treba od z\u00e1kladov.<\/p>\n\n\n\n<p>Do zostavy pribudol dolie\u010den\u00fd Theo Walcott miesto Sandra a&nbsp;br\u00e1nke prekvapivo ostal Stekelenburg, aj napriek skor\u00e9mu n\u00e1vratu jednotky anglickej reprezent\u00e1cie zo zasl\u00fa\u017eenej dovolenky. A po tom, \u010do sa nov\u00e9mu bossovi dostalo zasl\u00fa\u017een\u00fdch ov\u00e1cii a&nbsp;potlesku, sa za\u010dalo kone\u010dne hra\u0165. Anglick\u00fd rozhodca, Chris Kavanagh, mal \u010do robi\u0165 u\u017e v&nbsp;6. min\u00fate. Z&nbsp;nevinnej akcie stredom, odkia\u013e sa lopta preniesla na \u013eav\u00e9 kr\u00eddlo, smeroval nebezpe\u010dn\u00fd center do v\u00e1pna, kde si Bainesy nechal ujs\u0165 loptu ponad seba s\u00faperovi. Ten u\u017e len \u0161ikovne posunul v&nbsp;p\u00e1de Rodrigovi, ktor\u00fd so sk\u00f3rovan\u00edm aj cez dvoch stop\u00e9rov v&nbsp;tesnej bl\u00edzkosti nemal probl\u00e9m. 0:1.<\/p>\n\n\n\n<p>Everton odpovedal u\u017e po desiatich min\u00fatach. Gylfi zachr\u00e1nil \u00fato\u010dn\u00fa tretinu \u0161pinavou pr\u00e1cou, na \u010do sa lopta dostala k&nbsp;Theovi. Ten si poradil rovno s&nbsp;p\u00e4ticou hr\u00e1\u010dov v&nbsp;bielom a&nbsp;presne prihral skvele uvo\u013e\u0148uj\u00facemu sa Tosunovi. Turek v&nbsp;sebe nezaprel zabij\u00e1cky in\u0161tinkt a&nbsp;nekompromisne zakon\u010dil k&nbsp;vzdialenej\u0161ej \u017erdi. 1:1, nie v\u0161ak nadlho. Zmenil to nevinne vyzeraj\u00faci center sprava, ktor\u00fd na\u0161iel op\u00e4\u0165 Rodriga v&nbsp;spolo\u010dnosti (v obk\u013e\u00fa\u010den\u00ed by bol pr\u00edli\u0161 siln\u00fd v\u00fdraz) \u0161tyroch dom\u00e1cich hr\u00e1\u010dov. Ko\u013ek\u00ed\u017ee zakro\u010dili? 1:2. Karamelky teda znova museli n\u00e1js\u0165 dostato\u010dn\u00e9 mno\u017estvo charakteru na vyrovnanie. V&nbsp;29. min\u00fate ho a\u017e do pol\u010dasu zariadil Michael Keane hlavi\u010dkou, po rohovom kope Sigurdssona.<\/p>\n\n\n\n<p>Po prest\u00e1vke sme sa do\u010dkali len jedinej zmeny, kedy na druh\u00fdch 45 min\u00fat nast\u00fapila nov\u00e1 posila \u013eavej obrany, Franc\u00faz Lucas Digne. Posledn\u00fd g\u00f3l duelu bol v\u00fdstavn\u00fd. Akcia sa vyvinula po snahe Sandra zastavi\u0165 s\u00faperovu rozohr\u00e1vku na kraj, len\u017ee loptu si necitlivo odkopol pr\u00edli\u0161 \u010faleko, takmer ku Colemanovi. Ke\u010f\u017ee \u00cdr pokladal ne\u0161ikovnos\u0165 \u0160paniela za prihr\u00e1vku, tak t\u00edto dvaja akt\u00e9ri neumne uviazli v&nbsp;komunik\u00e1cii a&nbsp;zrazili sa. Vyu\u017ei\u0165 to musel Wass&nbsp;a&nbsp;nep\u00e1ral sa s&nbsp;t\u00fdm. Exportne, pod brvno a&nbsp;do stredu br\u00e1ny.<\/p>\n\n\n\n<p style=\"text-align:center\"><strong><em>\u201eM\u011b by jenom zaj\u00edmalo, kde ud\u011blali soudruzi z Evertonu chybu&#8230;\u201c<\/em><\/strong><\/p>\n\n\n\n<p><strong>G\u00f3ly:<\/strong>&nbsp;6\u00b4 Rodrigo, 16&#8242; Tosun, 22\u00b4 Rodrigo, 29&#8242; Keane, 74&#8242; Wass<\/p>\n\n\n\n<p><strong>Everton FC:<\/strong>&nbsp;Stekelenburg &#8211; Coleman, Jagielka, Keane, Baines (46\u00b4Digne) Schneiderlin, Sigurdsson (87\u00b4Dowell), Gueye (7\u00b4Davies), Walcott (61\u00b4Sandro), Tosun (74\u00b4Calvert-Lewin), Richarlison (81\u00b4Lookman)<\/p>\n","protected":false},"excerpt":{"rendered":"<p>Ani posledn\u00fd z\u00e1pas letnej pr\u00edpravy v\u00a0dom\u00e1com prostred\u00ed Goodison Parku nepriniesol v\u00fdsledkov\u00fa vzpruhu, tak potrebn\u00fa pre mu\u017estvo, tr\u00e9nera a najm\u00e4 pre&hellip;<\/p>\n","protected":false},"author":1,"featured_media":1916,"comment_status":"open","ping_status":"closed","sticky":false,"template":"","format":"standard","meta":{"_eb_attr":"","_monsterinsights_skip_tracking":false,"_monsterinsights_sitenote_active":false,"_monsterinsights_sitenote_note":"","_monsterinsights_sitenote_category":0,"footnotes":""},"categories":[4],"tags":[],"yoast_head":"<!-- This site is optimized with the Yoast SEO plugin v23.4 - https:\/\/yoast.com\/wordpress\/plugins\/seo\/ -->\n<title>Everton - Valencia 2:3 - Official Czech &amp; Slovak Everton Supporters&#039; Club<\/title>\n<meta name=\"robots\" content=\"index, follow, max-snippet:-1, max-image-preview:large, max-video-preview:-1\" \/>\n<link rel=\"canonical\" href=\"https:\/\/evertonfc.cz\/index.php\/2018\/08\/05\/everton-valencia-23\/\" \/>\n<meta property=\"og:locale\" content=\"cs_CZ\" \/>\n<meta property=\"og:type\" content=\"article\" \/>\n<meta property=\"og:title\" content=\"Everton - Valencia 2:3 - Official Czech &amp; Slovak Everton Supporters&#039; Club\" \/>\n<meta property=\"og:description\" content=\"Ani posledn\u00fd z\u00e1pas letnej pr\u00edpravy v\u00a0dom\u00e1com prostred\u00ed Goodison Parku nepriniesol v\u00fdsledkov\u00fa vzpruhu, tak potrebn\u00fa pre mu\u017estvo, tr\u00e9nera a najm\u00e4 pre&hellip;\" \/>\n<meta property=\"og:url\" content=\"https:\/\/evertonfc.cz\/index.php\/2018\/08\/05\/everton-valencia-23\/\" \/>\n<meta property=\"og:site_name\" content=\"Official Czech &amp; Slovak Everton Supporters&#039; Club\" \/>\n<meta property=\"article:publisher\" content=\"https:\/\/www.facebook.com\/everton.fans.cz.sk\" \/>\n<meta property=\"article:published_time\" content=\"2018-08-05T16:59:52+00:00\" \/>\n<meta property=\"article:modified_time\" content=\"2019-01-31T18:00:56+00:00\" \/>\n<meta property=\"og:image\" content=\"https:\/\/evertonfc.cz\/wp-content\/uploads\/2019\/01\/digne_5_8_2018.jpg\" \/>\n\t<meta property=\"og:image:width\" content=\"720\" \/>\n\t<meta property=\"og:image:height\" content=\"405\" \/>\n\t<meta property=\"og:image:type\" content=\"image\/jpeg\" \/>\n<meta name=\"author\" content=\"BlueBlooded\" \/>\n<meta name=\"twitter:card\" content=\"summary_large_image\" \/>\n<meta name=\"twitter:label1\" content=\"Napsal(a)\" \/>\n\t<meta name=\"twitter:data1\" content=\"BlueBlooded\" \/>\n\t<meta name=\"twitter:label2\" content=\"Odhadovan\u00e1 doba \u010dten\u00ed\" \/>\n\t<meta name=\"twitter:data2\" content=\"3 minuty\" \/>\n<script type=\"application\/ld+json\" class=\"yoast-schema-graph\">{\"@context\":\"https:\/\/schema.org\",\"@graph\":[{\"@type\":\"Article\",\"@id\":\"https:\/\/evertonfc.cz\/index.php\/2018\/08\/05\/everton-valencia-23\/#article\",\"isPartOf\":{\"@id\":\"https:\/\/evertonfc.cz\/index.php\/2018\/08\/05\/everton-valencia-23\/\"},\"author\":{\"name\":\"BlueBlooded\",\"@id\":\"https:\/\/evertonfc.cz\/#\/schema\/person\/d4493b8cbea51532597fbc4685698916\"},\"headline\":\"Everton &#8211; Valencia 2:3\",\"datePublished\":\"2018-08-05T16:59:52+00:00\",\"dateModified\":\"2019-01-31T18:00:56+00:00\",\"mainEntityOfPage\":{\"@id\":\"https:\/\/evertonfc.cz\/index.php\/2018\/08\/05\/everton-valencia-23\/\"},\"wordCount\":580,\"commentCount\":0,\"publisher\":{\"@id\":\"https:\/\/evertonfc.cz\/#organization\"},\"image\":{\"@id\":\"https:\/\/evertonfc.cz\/index.php\/2018\/08\/05\/everton-valencia-23\/#primaryimage\"},\"thumbnailUrl\":\"https:\/\/evertonfc.cz\/wp-content\/uploads\/2019\/01\/digne_5_8_2018.jpg\",\"articleSection\":[\"Z\u00e1pasy\"],\"inLanguage\":\"cs\",\"potentialAction\":[{\"@type\":\"CommentAction\",\"name\":\"Comment\",\"target\":[\"https:\/\/evertonfc.cz\/index.php\/2018\/08\/05\/everton-valencia-23\/#respond\"]}]},{\"@type\":\"WebPage\",\"@id\":\"https:\/\/evertonfc.cz\/index.php\/2018\/08\/05\/everton-valencia-23\/\",\"url\":\"https:\/\/evertonfc.cz\/index.php\/2018\/08\/05\/everton-valencia-23\/\",\"name\":\"Everton - Valencia 2:3 - Official Czech &amp; Slovak Everton Supporters&#039; Club\",\"isPartOf\":{\"@id\":\"https:\/\/evertonfc.cz\/#website\"},\"primaryImageOfPage\":{\"@id\":\"https:\/\/evertonfc.cz\/index.php\/2018\/08\/05\/everton-valencia-23\/#primaryimage\"},\"image\":{\"@id\":\"https:\/\/evertonfc.cz\/index.php\/2018\/08\/05\/everton-valencia-23\/#primaryimage\"},\"thumbnailUrl\":\"https:\/\/evertonfc.cz\/wp-content\/uploads\/2019\/01\/digne_5_8_2018.jpg\",\"datePublished\":\"2018-08-05T16:59:52+00:00\",\"dateModified\":\"2019-01-31T18:00:56+00:00\",\"breadcrumb\":{\"@id\":\"https:\/\/evertonfc.cz\/index.php\/2018\/08\/05\/everton-valencia-23\/#breadcrumb\"},\"inLanguage\":\"cs\",\"potentialAction\":[{\"@type\":\"ReadAction\",\"target\":[\"https:\/\/evertonfc.cz\/index.php\/2018\/08\/05\/everton-valencia-23\/\"]}]},{\"@type\":\"ImageObject\",\"inLanguage\":\"cs\",\"@id\":\"https:\/\/evertonfc.cz\/index.php\/2018\/08\/05\/everton-valencia-23\/#primaryimage\",\"url\":\"https:\/\/evertonfc.cz\/wp-content\/uploads\/2019\/01\/digne_5_8_2018.jpg\",\"contentUrl\":\"https:\/\/evertonfc.cz\/wp-content\/uploads\/2019\/01\/digne_5_8_2018.jpg\",\"width\":720,\"height\":405},{\"@type\":\"BreadcrumbList\",\"@id\":\"https:\/\/evertonfc.cz\/index.php\/2018\/08\/05\/everton-valencia-23\/#breadcrumb\",\"itemListElement\":[{\"@type\":\"ListItem\",\"position\":1,\"name\":\"Home\",\"item\":\"https:\/\/evertonfc.cz\/\"},{\"@type\":\"ListItem\",\"position\":2,\"name\":\"Everton &#8211; Valencia 2:3\"}]},{\"@type\":\"WebSite\",\"@id\":\"https:\/\/evertonfc.cz\/#website\",\"url\":\"https:\/\/evertonfc.cz\/\",\"name\":\"Official Czech &amp; Slovak Everton Supporters&#039; Club\",\"description\":\"\",\"publisher\":{\"@id\":\"https:\/\/evertonfc.cz\/#organization\"},\"potentialAction\":[{\"@type\":\"SearchAction\",\"target\":{\"@type\":\"EntryPoint\",\"urlTemplate\":\"https:\/\/evertonfc.cz\/?s={search_term_string}\"},\"query-input\":{\"@type\":\"PropertyValueSpecification\",\"valueRequired\":true,\"valueName\":\"search_term_string\"}}],\"inLanguage\":\"cs\"},{\"@type\":\"Organization\",\"@id\":\"https:\/\/evertonfc.cz\/#organization\",\"name\":\"Official Czech & Slovak Everton Supporters' Club\",\"url\":\"https:\/\/evertonfc.cz\/\",\"logo\":{\"@type\":\"ImageObject\",\"inLanguage\":\"cs\",\"@id\":\"https:\/\/evertonfc.cz\/#\/schema\/logo\/image\/\",\"url\":\"https:\/\/evertonfc.cz\/wp-content\/uploads\/2019\/05\/logo.png\",\"contentUrl\":\"https:\/\/evertonfc.cz\/wp-content\/uploads\/2019\/05\/logo.png\",\"width\":112,\"height\":112,\"caption\":\"Official Czech & Slovak Everton Supporters' Club\"},\"image\":{\"@id\":\"https:\/\/evertonfc.cz\/#\/schema\/logo\/image\/\"},\"sameAs\":[\"https:\/\/www.facebook.com\/everton.fans.cz.sk\"]},{\"@type\":\"Person\",\"@id\":\"https:\/\/evertonfc.cz\/#\/schema\/person\/d4493b8cbea51532597fbc4685698916\",\"name\":\"BlueBlooded\",\"url\":\"https:\/\/evertonfc.cz\/index.php\/author\/admin\/\"}]}<\/script>\n<!-- \/ Yoast SEO plugin. -->","yoast_head_json":{"title":"Everton - Valencia 2:3 - Official Czech &amp; Slovak Everton Supporters&#039; Club","robots":{"index":"index","follow":"follow","max-snippet":"max-snippet:-1","max-image-preview":"max-image-preview:large","max-video-preview":"max-video-preview:-1"},"canonical":"https:\/\/evertonfc.cz\/index.php\/2018\/08\/05\/everton-valencia-23\/","og_locale":"cs_CZ","og_type":"article","og_title":"Everton - Valencia 2:3 - Official Czech &amp; Slovak Everton Supporters&#039; Club","og_description":"Ani posledn\u00fd z\u00e1pas letnej pr\u00edpravy v\u00a0dom\u00e1com prostred\u00ed Goodison Parku nepriniesol v\u00fdsledkov\u00fa vzpruhu, tak potrebn\u00fa pre mu\u017estvo, tr\u00e9nera a najm\u00e4 pre&hellip;","og_url":"https:\/\/evertonfc.cz\/index.php\/2018\/08\/05\/everton-valencia-23\/","og_site_name":"Official Czech &amp; Slovak Everton Supporters&#039; Club","article_publisher":"https:\/\/www.facebook.com\/everton.fans.cz.sk","article_published_time":"2018-08-05T16:59:52+00:00","article_modified_time":"2019-01-31T18:00:56+00:00","og_image":[{"width":720,"height":405,"url":"https:\/\/evertonfc.cz\/wp-content\/uploads\/2019\/01\/digne_5_8_2018.jpg","type":"image\/jpeg"}],"author":"BlueBlooded","twitter_card":"summary_large_image","twitter_misc":{"Napsal(a)":"BlueBlooded","Odhadovan\u00e1 doba \u010dten\u00ed":"3 minuty"},"schema":{"@context":"https:\/\/schema.org","@graph":[{"@type":"Article","@id":"https:\/\/evertonfc.cz\/index.php\/2018\/08\/05\/everton-valencia-23\/#article","isPartOf":{"@id":"https:\/\/evertonfc.cz\/index.php\/2018\/08\/05\/everton-valencia-23\/"},"author":{"name":"BlueBlooded","@id":"https:\/\/evertonfc.cz\/#\/schema\/person\/d4493b8cbea51532597fbc4685698916"},"headline":"Everton &#8211; Valencia 2:3","datePublished":"2018-08-05T16:59:52+00:00","dateModified":"2019-01-31T18:00:56+00:00","mainEntityOfPage":{"@id":"https:\/\/evertonfc.cz\/index.php\/2018\/08\/05\/everton-valencia-23\/"},"wordCount":580,"commentCount":0,"publisher":{"@id":"https:\/\/evertonfc.cz\/#organization"},"image":{"@id":"https:\/\/evertonfc.cz\/index.php\/2018\/08\/05\/everton-valencia-23\/#primaryimage"},"thumbnailUrl":"https:\/\/evertonfc.cz\/wp-content\/uploads\/2019\/01\/digne_5_8_2018.jpg","articleSection":["Z\u00e1pasy"],"inLanguage":"cs","potentialAction":[{"@type":"CommentAction","name":"Comment","target":["https:\/\/evertonfc.cz\/index.php\/2018\/08\/05\/everton-valencia-23\/#respond"]}]},{"@type":"WebPage","@id":"https:\/\/evertonfc.cz\/index.php\/2018\/08\/05\/everton-valencia-23\/","url":"https:\/\/evertonfc.cz\/index.php\/2018\/08\/05\/everton-valencia-23\/","name":"Everton - Valencia 2:3 - Official Czech &amp; Slovak Everton Supporters&#039; Club","isPartOf":{"@id":"https:\/\/evertonfc.cz\/#website"},"primaryImageOfPage":{"@id":"https:\/\/evertonfc.cz\/index.php\/2018\/08\/05\/everton-valencia-23\/#primaryimage"},"image":{"@id":"https:\/\/evertonfc.cz\/index.php\/2018\/08\/05\/everton-valencia-23\/#primaryimage"},"thumbnailUrl":"https:\/\/evertonfc.cz\/wp-content\/uploads\/2019\/01\/digne_5_8_2018.jpg","datePublished":"2018-08-05T16:59:52+00:00","dateModified":"2019-01-31T18:00:56+00:00","breadcrumb":{"@id":"https:\/\/evertonfc.cz\/index.php\/2018\/08\/05\/everton-valencia-23\/#breadcrumb"},"inLanguage":"cs","potentialAction":[{"@type":"ReadAction","target":["https:\/\/evertonfc.cz\/index.php\/2018\/08\/05\/everton-valencia-23\/"]}]},{"@type":"ImageObject","inLanguage":"cs","@id":"https:\/\/evertonfc.cz\/index.php\/2018\/08\/05\/everton-valencia-23\/#primaryimage","url":"https:\/\/evertonfc.cz\/wp-content\/uploads\/2019\/01\/digne_5_8_2018.jpg","contentUrl":"https:\/\/evertonfc.cz\/wp-content\/uploads\/2019\/01\/digne_5_8_2018.jpg","width":720,"height":405},{"@type":"BreadcrumbList","@id":"https:\/\/evertonfc.cz\/index.php\/2018\/08\/05\/everton-valencia-23\/#breadcrumb","itemListElement":[{"@type":"ListItem","position":1,"name":"Home","item":"https:\/\/evertonfc.cz\/"},{"@type":"ListItem","position":2,"name":"Everton &#8211; Valencia 2:3"}]},{"@type":"WebSite","@id":"https:\/\/evertonfc.cz\/#website","url":"https:\/\/evertonfc.cz\/","name":"Official Czech &amp; Slovak Everton Supporters&#039; Club","description":"","publisher":{"@id":"https:\/\/evertonfc.cz\/#organization"},"potentialAction":[{"@type":"SearchAction","target":{"@type":"EntryPoint","urlTemplate":"https:\/\/evertonfc.cz\/?s={search_term_string}"},"query-input":{"@type":"PropertyValueSpecification","valueRequired":true,"valueName":"search_term_string"}}],"inLanguage":"cs"},{"@type":"Organization","@id":"https:\/\/evertonfc.cz\/#organization","name":"Official Czech & Slovak Everton Supporters' Club","url":"https:\/\/evertonfc.cz\/","logo":{"@type":"ImageObject","inLanguage":"cs","@id":"https:\/\/evertonfc.cz\/#\/schema\/logo\/image\/","url":"https:\/\/evertonfc.cz\/wp-content\/uploads\/2019\/05\/logo.png","contentUrl":"https:\/\/evertonfc.cz\/wp-content\/uploads\/2019\/05\/logo.png","width":112,"height":112,"caption":"Official Czech & Slovak Everton Supporters' Club"},"image":{"@id":"https:\/\/evertonfc.cz\/#\/schema\/logo\/image\/"},"sameAs":["https:\/\/www.facebook.com\/everton.fans.cz.sk"]},{"@type":"Person","@id":"https:\/\/evertonfc.cz\/#\/schema\/person\/d4493b8cbea51532597fbc4685698916","name":"BlueBlooded","url":"https:\/\/evertonfc.cz\/index.php\/author\/admin\/"}]}},"_links":{"self":[{"href":"https:\/\/evertonfc.cz\/index.php\/wp-json\/wp\/v2\/posts\/1953"}],"collection":[{"href":"https:\/\/evertonfc.cz\/index.php\/wp-json\/wp\/v2\/posts"}],"about":[{"href":"https:\/\/evertonfc.cz\/index.php\/wp-json\/wp\/v2\/types\/post"}],"author":[{"embeddable":true,"href":"https:\/\/evertonfc.cz\/index.php\/wp-json\/wp\/v2\/users\/1"}],"replies":[{"embeddable":true,"href":"https:\/\/evertonfc.cz\/index.php\/wp-json\/wp\/v2\/comments?post=1953"}],"version-history":[{"count":1,"href":"https:\/\/evertonfc.cz\/index.php\/wp-json\/wp\/v2\/posts\/1953\/revisions"}],"predecessor-version":[{"id":1954,"href":"https:\/\/evertonfc.cz\/index.php\/wp-json\/wp\/v2\/posts\/1953\/revisions\/1954"}],"wp:featuredmedia":[{"embeddable":true,"href":"https:\/\/evertonfc.cz\/index.php\/wp-json\/wp\/v2\/media\/1916"}],"wp:attachment":[{"href":"https:\/\/evertonfc.cz\/index.php\/wp-json\/wp\/v2\/media?parent=1953"}],"wp:term":[{"taxonomy":"category","embeddable":true,"href":"https:\/\/evertonfc.cz\/index.php\/wp-json\/wp\/v2\/categories?post=1953"},{"taxonomy":"post_tag","embeddable":true,"href":"https:\/\/evertonfc.cz\/index.php\/wp-json\/wp\/v2\/tags?post=1953"}],"curies":[{"name":"wp","href":"https:\/\/api.w.org\/{rel}","templated":true}]}}