{"id":19533,"date":"2022-08-23T22:54:08","date_gmt":"2022-08-23T20:54:08","guid":{"rendered":"https:\/\/evertonfc.cz\/?p=19533"},"modified":"2022-08-26T17:03:38","modified_gmt":"2022-08-26T15:03:38","slug":"fleetwood-town-everton-0-1","status":"publish","type":"post","link":"https:\/\/evertonfc.cz\/index.php\/2022\/08\/23\/fleetwood-town-everton-0-1\/","title":{"rendered":"Fleetwood Town \u2013 Everton 0:1"},"content":{"rendered":"<h4>Everton hern\u011b neoslnil, ale splnil svou povinnost a po prvn\u00ed v\u00fdh\u0159e v sez\u00f3n\u011b postupuje do t\u0159et\u00edho kola Ligov\u00e9ho poh\u00e1ru.<\/h4>\n<p>Frank Lampard i proti t\u0159etiligov\u00e9mu soupe\u0159i z\u016fstal v\u011brn\u00fd obl\u00edben\u00e9mu rozestaven\u00ed se t\u0159emi stopery, jinak v\u0161ak zna\u010dn\u011b obm\u011bnil slo\u017een\u00ed z\u00e1kladn\u00ed sestavy. Oproti sobotn\u00edmu ligov\u00e9mu z\u00e1pasu nasko\u010dili od prvn\u00ed minuty Begovi\u0107, Coleman, Keane, McNeil, Welch, Vinagre a Onana, p\u0159i\u010dem\u017e posledn\u00ed t\u0159i debutovali za Toffees v z\u00e1kladn\u00ed sestav\u011b.<\/p>\n<p>V \u00favodn\u00ed jeden\u00e1ctce m\u011bl tak\u00e9 startovat Tom Davies, kter\u00fd si v\u0161ak b\u011bhem p\u0159edz\u00e1pasov\u00e9ho rozcvi\u010den\u00ed poranil t\u0159\u00edslo, a tak ho musel nahradit Gray. Hv\u011bzdn\u00fd Gordon, jen\u017e koketuje s Chelsea, z\u016fstal na lavi\u010dce n\u00e1hradn\u00edk\u016f, na n\u00ed\u017e chyb\u011bl Alli, pro zm\u011bnu m\u00ed\u0159\u00edc\u00ed do tureck\u00e9ho Besiktase. Do z\u00e1pasov\u00e9 nominace se z nezn\u00e1m\u00fdch d\u016fvod\u016f nevm\u011bstnali ani Allan, Gomes, Gbamin \u010di Nkounkou.<\/p>\n<p>Everton se jako favorit utk\u00e1n\u00ed chopil taktovky, nicm\u00e9n\u011b jeho akce postr\u00e1daly p\u0159esnost a kreativitu. Duel ani nem\u011bl nikterak z\u00e1vratn\u00e9 tempo a sp\u00ed\u0161e nudil. Prvn\u00ed v\u011bt\u0161\u00ed vzru\u0161en\u00ed p\u0159inesla a\u017e 28. minuta, kdy dom\u00e1c\u00ed zpackali rozehr\u00e1vku a Demirai Gray otev\u0159el sk\u00f3re po svi\u017en\u00e9 kombinaci s McNeilem a Iwobim &#8211; <strong>0:1<\/strong>.<\/p>\n<p>Fleetwood a\u017e na \u010destn\u00e9 vyjimky nejevil z\u00e1jem o fotbal, v\u00edce se uchyloval k wrestlingov\u00fdm chvat\u016fm, jejich\u017e ter\u010dem byl zejm\u00e9na Onana. Na druhou stranu co jin\u00e9ho \u010dekat od t\u00fdmu, kter\u00fd vede b\u00fdval\u00fd profesion\u00e1ln\u00ed \u0159ezn\u00edk Scott Brown.<\/p>\n<p>Koncem polo\u010dasu je\u0161t\u011b zaujal z\u00e1b\u011br na sm\u011bj\u00edc\u00edho se Gordona, jak na lavi\u010dce n\u00e1hradn\u00edk\u016f obj\u00edm\u00e1 neboh\u00e9ho Mykolenka. Ten se ov\u0161em p\u0159\u00edli\u0161 neveselil.<\/p>\n<p>Do druh\u00e9ho polo\u010dasu vstoupil Everton velmi laxn\u011b a dovolil protivn\u00edkovi n\u011bkolikr\u00e1t nebezpe\u010dn\u011b zahrozit po standardn\u00edch situac\u00edch. Men\u0161\u00ed tlak ale nakonec p\u0159e\u010dkal a s bl\u00ed\u017e\u00edc\u00ed se hodinou utk\u00e1n\u00ed op\u011bt p\u0159evzal iniciativu, z n\u00ed\u017e se tak\u00e9 vyklubala nebezpe\u010dn\u00e1 Pattersonova st\u0159ela, kterou zne\u0161kodnil dom\u00e1c\u00ed g\u00f3lman, jeho\u017e za chv\u00edli na prot\u011bj\u0161\u00ed stran\u011b napodobil Begovi\u0107.<\/p>\n<p>V 64. minut\u011b s\u00e1hl mana\u017eer Lampard k dvojit\u00e9mu st\u0159\u00edd\u00e1n\u00ed. Na h\u0159i\u0161t\u011b vyb\u011bhli Tarkowski s debutuj\u00edc\u00edm odchovancem Warringtonem, jim\u017e uvolnili m\u00edsta Welch a Patterson. Everton rovn\u011b\u017e p\u0159e\u0161el k rozestaven\u00ed 4-3-3. V 76. minut\u011b se prvn\u00edho duelu v modr\u00e9m dresu do\u010dkal dal\u0161\u00ed odchovanec, st\u0159elce Graye vyst\u0159\u00eddal Stanley Mills.<\/p>\n<p>Zm\u011bna rozestaven\u00ed se uk\u00e1zala jako dobr\u00fd tah a host\u00e9 do z\u00e1v\u011bre\u010dn\u00e9ho hvizdu hl\u00eddali veden\u00ed s m\u00ed\u010dem na kopa\u010dk\u00e1ch. V\u00fdhra i \u010dist\u00e9 konto se po\u010d\u00edtaj\u00ed, pot\u011b\u0161ily tak\u00e9 starty odchovanc\u016f a letn\u00edch posil.<\/p>\n<p><strong>Branka:<\/strong> 28. Gray<\/p>\n<p><strong>\u017dK:<\/strong> 34. G. Garner, 44. Andrew, 90+1. Baker &#8211; 49. Vinagre<\/p>\n<p><strong>Fleetwood Town:<\/strong> Stolarczyk, Andrew, Wiredu (46. Vela), J. Garner, G. Garner (65. Batty), Hayes (87. Glenfield), Rooney (65. Omochera), Macadam (85. White), Johnston, Earl, Baker<\/p>\n<p><strong>Everton:<\/strong> Begovi\u0107, Patterson (64. Warrington), Coleman, Keane, Welch (64. Tarkowski), Vinagre, Onana, Iwobi, McNeil, Gray (76. Mills), Rond\u00f3n<\/p>\n<p><strong>Rozhod\u010d\u00ed:<\/strong> Reeves<\/p>\n","protected":false},"excerpt":{"rendered":"<p>Everton hern\u011b neoslnil, ale splnil svou povinnost a po prvn\u00ed v\u00fdh\u0159e v sez\u00f3n\u011b postupuje do t\u0159et\u00edho kola Ligov\u00e9ho poh\u00e1ru.<\/p>\n","protected":false},"author":6,"featured_media":19534,"comment_status":"open","ping_status":"closed","sticky":false,"template":"","format":"standard","meta":{"_eb_attr":"","_monsterinsights_skip_tracking":false,"_monsterinsights_sitenote_active":false,"_monsterinsights_sitenote_note":"","_monsterinsights_sitenote_category":0,"footnotes":""},"categories":[4],"tags":[],"yoast_head":"<!-- This site is optimized with the Yoast SEO plugin v23.4 - https:\/\/yoast.com\/wordpress\/plugins\/seo\/ -->\n<title>Fleetwood Town \u2013 Everton 0:1 - Official Czech &amp; Slovak Everton Supporters&#039; Club<\/title>\n<meta name=\"robots\" content=\"index, follow, max-snippet:-1, max-image-preview:large, max-video-preview:-1\" \/>\n<link rel=\"canonical\" href=\"https:\/\/evertonfc.cz\/index.php\/2022\/08\/23\/fleetwood-town-everton-0-1\/\" \/>\n<meta property=\"og:locale\" content=\"cs_CZ\" \/>\n<meta property=\"og:type\" content=\"article\" \/>\n<meta property=\"og:title\" content=\"Fleetwood Town \u2013 Everton 0:1 - Official Czech &amp; Slovak Everton Supporters&#039; Club\" \/>\n<meta property=\"og:description\" content=\"Everton hern\u011b neoslnil, ale splnil svou povinnost a po prvn\u00ed v\u00fdh\u0159e v sez\u00f3n\u011b postupuje do t\u0159et\u00edho kola Ligov\u00e9ho poh\u00e1ru.\" \/>\n<meta property=\"og:url\" content=\"https:\/\/evertonfc.cz\/index.php\/2022\/08\/23\/fleetwood-town-everton-0-1\/\" \/>\n<meta property=\"og:site_name\" content=\"Official Czech &amp; Slovak Everton Supporters&#039; Club\" \/>\n<meta property=\"article:publisher\" content=\"https:\/\/www.facebook.com\/everton.fans.cz.sk\" \/>\n<meta property=\"article:published_time\" content=\"2022-08-23T20:54:08+00:00\" \/>\n<meta property=\"article:modified_time\" content=\"2022-08-26T15:03:38+00:00\" \/>\n<meta property=\"og:image\" content=\"https:\/\/evertonfc.cz\/wp-content\/uploads\/2022\/08\/gray_23_8_2022.jpg\" \/>\n\t<meta property=\"og:image:width\" content=\"720\" \/>\n\t<meta property=\"og:image:height\" content=\"405\" \/>\n\t<meta property=\"og:image:type\" content=\"image\/jpeg\" \/>\n<meta name=\"author\" content=\"Ri\u010di\" \/>\n<meta name=\"twitter:card\" content=\"summary_large_image\" \/>\n<meta name=\"twitter:creator\" content=\"@rbrejsa\" \/>\n<meta name=\"twitter:label1\" content=\"Napsal(a)\" \/>\n\t<meta name=\"twitter:data1\" content=\"Ri\u010di\" \/>\n\t<meta name=\"twitter:label2\" content=\"Odhadovan\u00e1 doba \u010dten\u00ed\" \/>\n\t<meta name=\"twitter:data2\" content=\"3 minuty\" \/>\n<script type=\"application\/ld+json\" class=\"yoast-schema-graph\">{\"@context\":\"https:\/\/schema.org\",\"@graph\":[{\"@type\":\"Article\",\"@id\":\"https:\/\/evertonfc.cz\/index.php\/2022\/08\/23\/fleetwood-town-everton-0-1\/#article\",\"isPartOf\":{\"@id\":\"https:\/\/evertonfc.cz\/index.php\/2022\/08\/23\/fleetwood-town-everton-0-1\/\"},\"author\":{\"name\":\"Ri\u010di\",\"@id\":\"https:\/\/evertonfc.cz\/#\/schema\/person\/f7a5daedb2ffee98480bc70e191aaef1\"},\"headline\":\"Fleetwood Town \u2013 Everton 0:1\",\"datePublished\":\"2022-08-23T20:54:08+00:00\",\"dateModified\":\"2022-08-26T15:03:38+00:00\",\"mainEntityOfPage\":{\"@id\":\"https:\/\/evertonfc.cz\/index.php\/2022\/08\/23\/fleetwood-town-everton-0-1\/\"},\"wordCount\":542,\"commentCount\":0,\"publisher\":{\"@id\":\"https:\/\/evertonfc.cz\/#organization\"},\"image\":{\"@id\":\"https:\/\/evertonfc.cz\/index.php\/2022\/08\/23\/fleetwood-town-everton-0-1\/#primaryimage\"},\"thumbnailUrl\":\"https:\/\/evertonfc.cz\/wp-content\/uploads\/2022\/08\/gray_23_8_2022.jpg\",\"articleSection\":[\"Z\u00e1pasy\"],\"inLanguage\":\"cs\",\"potentialAction\":[{\"@type\":\"CommentAction\",\"name\":\"Comment\",\"target\":[\"https:\/\/evertonfc.cz\/index.php\/2022\/08\/23\/fleetwood-town-everton-0-1\/#respond\"]}]},{\"@type\":\"WebPage\",\"@id\":\"https:\/\/evertonfc.cz\/index.php\/2022\/08\/23\/fleetwood-town-everton-0-1\/\",\"url\":\"https:\/\/evertonfc.cz\/index.php\/2022\/08\/23\/fleetwood-town-everton-0-1\/\",\"name\":\"Fleetwood Town \u2013 Everton 0:1 - Official Czech &amp; Slovak Everton Supporters&#039; Club\",\"isPartOf\":{\"@id\":\"https:\/\/evertonfc.cz\/#website\"},\"primaryImageOfPage\":{\"@id\":\"https:\/\/evertonfc.cz\/index.php\/2022\/08\/23\/fleetwood-town-everton-0-1\/#primaryimage\"},\"image\":{\"@id\":\"https:\/\/evertonfc.cz\/index.php\/2022\/08\/23\/fleetwood-town-everton-0-1\/#primaryimage\"},\"thumbnailUrl\":\"https:\/\/evertonfc.cz\/wp-content\/uploads\/2022\/08\/gray_23_8_2022.jpg\",\"datePublished\":\"2022-08-23T20:54:08+00:00\",\"dateModified\":\"2022-08-26T15:03:38+00:00\",\"breadcrumb\":{\"@id\":\"https:\/\/evertonfc.cz\/index.php\/2022\/08\/23\/fleetwood-town-everton-0-1\/#breadcrumb\"},\"inLanguage\":\"cs\",\"potentialAction\":[{\"@type\":\"ReadAction\",\"target\":[\"https:\/\/evertonfc.cz\/index.php\/2022\/08\/23\/fleetwood-town-everton-0-1\/\"]}]},{\"@type\":\"ImageObject\",\"inLanguage\":\"cs\",\"@id\":\"https:\/\/evertonfc.cz\/index.php\/2022\/08\/23\/fleetwood-town-everton-0-1\/#primaryimage\",\"url\":\"https:\/\/evertonfc.cz\/wp-content\/uploads\/2022\/08\/gray_23_8_2022.jpg\",\"contentUrl\":\"https:\/\/evertonfc.cz\/wp-content\/uploads\/2022\/08\/gray_23_8_2022.jpg\",\"width\":720,\"height\":405},{\"@type\":\"BreadcrumbList\",\"@id\":\"https:\/\/evertonfc.cz\/index.php\/2022\/08\/23\/fleetwood-town-everton-0-1\/#breadcrumb\",\"itemListElement\":[{\"@type\":\"ListItem\",\"position\":1,\"name\":\"Home\",\"item\":\"https:\/\/evertonfc.cz\/\"},{\"@type\":\"ListItem\",\"position\":2,\"name\":\"Fleetwood Town \u2013 Everton 0:1\"}]},{\"@type\":\"WebSite\",\"@id\":\"https:\/\/evertonfc.cz\/#website\",\"url\":\"https:\/\/evertonfc.cz\/\",\"name\":\"Official Czech &amp; Slovak Everton Supporters&#039; Club\",\"description\":\"\",\"publisher\":{\"@id\":\"https:\/\/evertonfc.cz\/#organization\"},\"potentialAction\":[{\"@type\":\"SearchAction\",\"target\":{\"@type\":\"EntryPoint\",\"urlTemplate\":\"https:\/\/evertonfc.cz\/?s={search_term_string}\"},\"query-input\":{\"@type\":\"PropertyValueSpecification\",\"valueRequired\":true,\"valueName\":\"search_term_string\"}}],\"inLanguage\":\"cs\"},{\"@type\":\"Organization\",\"@id\":\"https:\/\/evertonfc.cz\/#organization\",\"name\":\"Official Czech & Slovak Everton Supporters' Club\",\"url\":\"https:\/\/evertonfc.cz\/\",\"logo\":{\"@type\":\"ImageObject\",\"inLanguage\":\"cs\",\"@id\":\"https:\/\/evertonfc.cz\/#\/schema\/logo\/image\/\",\"url\":\"https:\/\/evertonfc.cz\/wp-content\/uploads\/2019\/05\/logo.png\",\"contentUrl\":\"https:\/\/evertonfc.cz\/wp-content\/uploads\/2019\/05\/logo.png\",\"width\":112,\"height\":112,\"caption\":\"Official Czech & Slovak Everton Supporters' Club\"},\"image\":{\"@id\":\"https:\/\/evertonfc.cz\/#\/schema\/logo\/image\/\"},\"sameAs\":[\"https:\/\/www.facebook.com\/everton.fans.cz.sk\"]},{\"@type\":\"Person\",\"@id\":\"https:\/\/evertonfc.cz\/#\/schema\/person\/f7a5daedb2ffee98480bc70e191aaef1\",\"name\":\"Ri\u010di\",\"sameAs\":[\"https:\/\/x.com\/rbrejsa\"],\"url\":\"https:\/\/evertonfc.cz\/index.php\/author\/rici\/\"}]}<\/script>\n<!-- \/ Yoast SEO plugin. -->","yoast_head_json":{"title":"Fleetwood Town \u2013 Everton 0:1 - Official Czech &amp; Slovak Everton Supporters&#039; Club","robots":{"index":"index","follow":"follow","max-snippet":"max-snippet:-1","max-image-preview":"max-image-preview:large","max-video-preview":"max-video-preview:-1"},"canonical":"https:\/\/evertonfc.cz\/index.php\/2022\/08\/23\/fleetwood-town-everton-0-1\/","og_locale":"cs_CZ","og_type":"article","og_title":"Fleetwood Town \u2013 Everton 0:1 - Official Czech &amp; Slovak Everton Supporters&#039; Club","og_description":"Everton hern\u011b neoslnil, ale splnil svou povinnost a po prvn\u00ed v\u00fdh\u0159e v sez\u00f3n\u011b postupuje do t\u0159et\u00edho kola Ligov\u00e9ho poh\u00e1ru.","og_url":"https:\/\/evertonfc.cz\/index.php\/2022\/08\/23\/fleetwood-town-everton-0-1\/","og_site_name":"Official Czech &amp; Slovak Everton Supporters&#039; Club","article_publisher":"https:\/\/www.facebook.com\/everton.fans.cz.sk","article_published_time":"2022-08-23T20:54:08+00:00","article_modified_time":"2022-08-26T15:03:38+00:00","og_image":[{"width":720,"height":405,"url":"https:\/\/evertonfc.cz\/wp-content\/uploads\/2022\/08\/gray_23_8_2022.jpg","type":"image\/jpeg"}],"author":"Ri\u010di","twitter_card":"summary_large_image","twitter_creator":"@rbrejsa","twitter_misc":{"Napsal(a)":"Ri\u010di","Odhadovan\u00e1 doba \u010dten\u00ed":"3 minuty"},"schema":{"@context":"https:\/\/schema.org","@graph":[{"@type":"Article","@id":"https:\/\/evertonfc.cz\/index.php\/2022\/08\/23\/fleetwood-town-everton-0-1\/#article","isPartOf":{"@id":"https:\/\/evertonfc.cz\/index.php\/2022\/08\/23\/fleetwood-town-everton-0-1\/"},"author":{"name":"Ri\u010di","@id":"https:\/\/evertonfc.cz\/#\/schema\/person\/f7a5daedb2ffee98480bc70e191aaef1"},"headline":"Fleetwood Town \u2013 Everton 0:1","datePublished":"2022-08-23T20:54:08+00:00","dateModified":"2022-08-26T15:03:38+00:00","mainEntityOfPage":{"@id":"https:\/\/evertonfc.cz\/index.php\/2022\/08\/23\/fleetwood-town-everton-0-1\/"},"wordCount":542,"commentCount":0,"publisher":{"@id":"https:\/\/evertonfc.cz\/#organization"},"image":{"@id":"https:\/\/evertonfc.cz\/index.php\/2022\/08\/23\/fleetwood-town-everton-0-1\/#primaryimage"},"thumbnailUrl":"https:\/\/evertonfc.cz\/wp-content\/uploads\/2022\/08\/gray_23_8_2022.jpg","articleSection":["Z\u00e1pasy"],"inLanguage":"cs","potentialAction":[{"@type":"CommentAction","name":"Comment","target":["https:\/\/evertonfc.cz\/index.php\/2022\/08\/23\/fleetwood-town-everton-0-1\/#respond"]}]},{"@type":"WebPage","@id":"https:\/\/evertonfc.cz\/index.php\/2022\/08\/23\/fleetwood-town-everton-0-1\/","url":"https:\/\/evertonfc.cz\/index.php\/2022\/08\/23\/fleetwood-town-everton-0-1\/","name":"Fleetwood Town \u2013 Everton 0:1 - Official Czech &amp; Slovak Everton Supporters&#039; Club","isPartOf":{"@id":"https:\/\/evertonfc.cz\/#website"},"primaryImageOfPage":{"@id":"https:\/\/evertonfc.cz\/index.php\/2022\/08\/23\/fleetwood-town-everton-0-1\/#primaryimage"},"image":{"@id":"https:\/\/evertonfc.cz\/index.php\/2022\/08\/23\/fleetwood-town-everton-0-1\/#primaryimage"},"thumbnailUrl":"https:\/\/evertonfc.cz\/wp-content\/uploads\/2022\/08\/gray_23_8_2022.jpg","datePublished":"2022-08-23T20:54:08+00:00","dateModified":"2022-08-26T15:03:38+00:00","breadcrumb":{"@id":"https:\/\/evertonfc.cz\/index.php\/2022\/08\/23\/fleetwood-town-everton-0-1\/#breadcrumb"},"inLanguage":"cs","potentialAction":[{"@type":"ReadAction","target":["https:\/\/evertonfc.cz\/index.php\/2022\/08\/23\/fleetwood-town-everton-0-1\/"]}]},{"@type":"ImageObject","inLanguage":"cs","@id":"https:\/\/evertonfc.cz\/index.php\/2022\/08\/23\/fleetwood-town-everton-0-1\/#primaryimage","url":"https:\/\/evertonfc.cz\/wp-content\/uploads\/2022\/08\/gray_23_8_2022.jpg","contentUrl":"https:\/\/evertonfc.cz\/wp-content\/uploads\/2022\/08\/gray_23_8_2022.jpg","width":720,"height":405},{"@type":"BreadcrumbList","@id":"https:\/\/evertonfc.cz\/index.php\/2022\/08\/23\/fleetwood-town-everton-0-1\/#breadcrumb","itemListElement":[{"@type":"ListItem","position":1,"name":"Home","item":"https:\/\/evertonfc.cz\/"},{"@type":"ListItem","position":2,"name":"Fleetwood Town \u2013 Everton 0:1"}]},{"@type":"WebSite","@id":"https:\/\/evertonfc.cz\/#website","url":"https:\/\/evertonfc.cz\/","name":"Official Czech &amp; Slovak Everton Supporters&#039; Club","description":"","publisher":{"@id":"https:\/\/evertonfc.cz\/#organization"},"potentialAction":[{"@type":"SearchAction","target":{"@type":"EntryPoint","urlTemplate":"https:\/\/evertonfc.cz\/?s={search_term_string}"},"query-input":{"@type":"PropertyValueSpecification","valueRequired":true,"valueName":"search_term_string"}}],"inLanguage":"cs"},{"@type":"Organization","@id":"https:\/\/evertonfc.cz\/#organization","name":"Official Czech & Slovak Everton Supporters' Club","url":"https:\/\/evertonfc.cz\/","logo":{"@type":"ImageObject","inLanguage":"cs","@id":"https:\/\/evertonfc.cz\/#\/schema\/logo\/image\/","url":"https:\/\/evertonfc.cz\/wp-content\/uploads\/2019\/05\/logo.png","contentUrl":"https:\/\/evertonfc.cz\/wp-content\/uploads\/2019\/05\/logo.png","width":112,"height":112,"caption":"Official Czech & Slovak Everton Supporters' Club"},"image":{"@id":"https:\/\/evertonfc.cz\/#\/schema\/logo\/image\/"},"sameAs":["https:\/\/www.facebook.com\/everton.fans.cz.sk"]},{"@type":"Person","@id":"https:\/\/evertonfc.cz\/#\/schema\/person\/f7a5daedb2ffee98480bc70e191aaef1","name":"Ri\u010di","sameAs":["https:\/\/x.com\/rbrejsa"],"url":"https:\/\/evertonfc.cz\/index.php\/author\/rici\/"}]}},"_links":{"self":[{"href":"https:\/\/evertonfc.cz\/index.php\/wp-json\/wp\/v2\/posts\/19533"}],"collection":[{"href":"https:\/\/evertonfc.cz\/index.php\/wp-json\/wp\/v2\/posts"}],"about":[{"href":"https:\/\/evertonfc.cz\/index.php\/wp-json\/wp\/v2\/types\/post"}],"author":[{"embeddable":true,"href":"https:\/\/evertonfc.cz\/index.php\/wp-json\/wp\/v2\/users\/6"}],"replies":[{"embeddable":true,"href":"https:\/\/evertonfc.cz\/index.php\/wp-json\/wp\/v2\/comments?post=19533"}],"version-history":[{"count":12,"href":"https:\/\/evertonfc.cz\/index.php\/wp-json\/wp\/v2\/posts\/19533\/revisions"}],"predecessor-version":[{"id":19552,"href":"https:\/\/evertonfc.cz\/index.php\/wp-json\/wp\/v2\/posts\/19533\/revisions\/19552"}],"wp:featuredmedia":[{"embeddable":true,"href":"https:\/\/evertonfc.cz\/index.php\/wp-json\/wp\/v2\/media\/19534"}],"wp:attachment":[{"href":"https:\/\/evertonfc.cz\/index.php\/wp-json\/wp\/v2\/media?parent=19533"}],"wp:term":[{"taxonomy":"category","embeddable":true,"href":"https:\/\/evertonfc.cz\/index.php\/wp-json\/wp\/v2\/categories?post=19533"},{"taxonomy":"post_tag","embeddable":true,"href":"https:\/\/evertonfc.cz\/index.php\/wp-json\/wp\/v2\/tags?post=19533"}],"curies":[{"name":"wp","href":"https:\/\/api.w.org\/{rel}","templated":true}]}}