{"id":19575,"date":"2022-08-26T21:54:35","date_gmt":"2022-08-26T19:54:35","guid":{"rendered":"https:\/\/evertonfc.cz\/?p=19575"},"modified":"2022-08-27T10:53:37","modified_gmt":"2022-08-27T08:53:37","slug":"konecne-novy-bienvenue-maupay","status":"publish","type":"post","link":"https:\/\/evertonfc.cz\/index.php\/2022\/08\/26\/konecne-novy-bienvenue-maupay\/","title":{"rendered":"Kone\u010dn\u011b \u00fato\u010dn\u00edk: Bienvenue, Maupay!"},"content":{"rendered":"<h4>Frank Lampard se p\u0159eci jenom do\u010dkal vysn\u011bn\u00e9 posily do \u00fatoku, z Brightonu byl koupen ne\u00fanavn\u00fd \u0161t\u00edrek Neal Maupay.<\/h4>\n<p>26let\u00fd Francouz sice nen\u00ed g\u00f3lovou ma\u0161inou v prav\u00e9m slova smyslu, b\u011bhem t\u0159\u00edlet\u00e9ho p\u016fsoben\u00ed v dresu Seagulls nast\u0159\u00edlel 27 branek ve 109 z\u00e1pasech, mana\u017eer Lampard ale nov\u00e9ho sv\u011b\u0159ence p\u0159iv\u00edtal s otev\u0159enou n\u00e1ru\u010d\u00ed: \u201e<em>Neal pos\u00edl\u00ed na\u0161i ofenzivu a tak\u00e9 p\u0159inese g\u00f3ly. Jedn\u00e1 se o velmi energick\u00e9ho hr\u00e1\u010de s bojovn\u00fdm duchem. Podobn\u00e9 typy jsou v na\u0161em klubu velmi r\u00e1dy vid\u011bny.\u201d<\/em><\/p>\n<p>173 centimetr\u016f vysok\u00fd Maupay nejrad\u011bji nastupuje na sam\u00e9m hrotu \u00fatoku, kde zlob\u00ed obranu soupe\u0159e dravost\u00ed a dareb\u00e1ctv\u00edm, v \u010dem\u017e m\u00e1 zcela jist\u011b nad\u011bjn\u00fd potenci\u00e1l nahradit Richarlisona.<\/p>\n<p><em>\u201eEverton je obrovsk\u00fdm klubem se skv\u011bl\u00fdmi fanou\u0161ky. Kdy\u017e se ozval se z\u00e1jmem, okam\u017eit\u011b jsem v\u011bd\u011bl, \u017ee chci obl\u00e9kat jeho barvy,\u201d<\/em> zalichotila oblig\u00e1tn\u011b posila nov\u00e9mu zam\u011bstnavateli, o n\u00ed\u017e st\u00e1li tak\u00e9 Fulham a Nottingham Forest.<\/p>\n<p>Pravdou ale je, \u017ee Maupay hledal novou v\u00fdzvu. V Brightonu odm\u00edtal prodlou\u017eil kontrakt, kter\u00fd mu kon\u010dil za rok. Toffees se proto nemuseli p\u0159\u00edli\u0161 pl\u00e1cnout p\u0159es kapsu. Podle britsk\u00fdch m\u00e9di\u00edch zaplatili za jeho p\u0159estup garantovan\u00fdch 12 milion\u016f liber a dal\u0161\u00ed t\u0159i miliony \u010din\u00ed v\u00fdkonnostn\u00ed bonusy. Rod\u00e1k z Versailles podepsal na Goodison Parku t\u0159\u00edletou smlouvu s opc\u00ed na dal\u0161\u00ed rok.<\/p>\n<p>Maupay je\u0161t\u011b nebude moci debutovat za Blues v sobotn\u00edm ligov\u00e9m utk\u00e1n\u00ed na p\u016fd\u011b Brenfordu, premi\u00e9ru si nejd\u0159\u00edve odbude v n\u00e1sleduj\u00edc\u00edm \u00fatern\u00edm kole na h\u0159i\u0161ti Leedsu United.<\/p>\n<p>Ve 26 letech je Maypay pom\u011brn\u011b slu\u0161n\u00fdm cestovatelem, Evertonu je u\u017e jeho \u0161est\u00fdm klubem. B\u011bhem kari\u00e9ry postupn\u011b hr\u00e1val za Nice, Saint-\u00c9tienne, Brest, Brentford a v nejvy\u0161\u0161\u00ed anglick\u00e9 nejvy\u0161\u0161\u00ed sout\u011b\u017ei za zm\u00edn\u011bn\u00fd Brighton &amp; Hove Albion.<\/p>\n<p>Everton z\u00e1rove\u0148 z\u00edskal svou \u0161estou letn\u00ed posilu a z p\u0159estupov\u00e9ho trhu se zat\u00edm nestahuje. Podle aktu\u00e1ln\u00edch zpr\u00e1v by je\u0161t\u011b r\u00e1d vyztu\u017eil z\u00e1lohu a \u00fatok. P\u0159estupov\u00e9 okno se uzav\u00edr\u00e1 ve \u010dtvrtek.<\/p>\n","protected":false},"excerpt":{"rendered":"<p>Frank Lampard se p\u0159eci jenom do\u010dkal vysn\u011bn\u00e9 posily do \u00fatoku, z Brightonu byl koupen ne\u00fanavn\u00fd \u0161t\u00edrek Neal Maupay.<\/p>\n","protected":false},"author":6,"featured_media":19587,"comment_status":"open","ping_status":"closed","sticky":false,"template":"","format":"standard","meta":{"_eb_attr":"","_monsterinsights_skip_tracking":false,"_monsterinsights_sitenote_active":false,"_monsterinsights_sitenote_note":"","_monsterinsights_sitenote_category":0,"footnotes":""},"categories":[41],"tags":[],"yoast_head":"<!-- This site is optimized with the Yoast SEO plugin v23.4 - https:\/\/yoast.com\/wordpress\/plugins\/seo\/ -->\n<title>Kone\u010dn\u011b \u00fato\u010dn\u00edk: Bienvenue, Maupay! - Official Czech &amp; Slovak Everton Supporters&#039; Club<\/title>\n<meta name=\"description\" content=\"Frank Lampard se p\u0159eci jenom do\u010dkal vysn\u011bn\u00e9 posily do \u00fatoku, z Brightonu p\u0159estoupil na Merseyside ne\u00fanavn\u00fd \u0161t\u00edrek Neal Maupay.\" \/>\n<meta name=\"robots\" content=\"index, follow, max-snippet:-1, max-image-preview:large, max-video-preview:-1\" \/>\n<link rel=\"canonical\" href=\"https:\/\/evertonfc.cz\/index.php\/2022\/08\/26\/konecne-novy-bienvenue-maupay\/\" \/>\n<meta property=\"og:locale\" content=\"cs_CZ\" \/>\n<meta property=\"og:type\" content=\"article\" \/>\n<meta property=\"og:title\" content=\"Kone\u010dn\u011b \u00fato\u010dn\u00edk: Bienvenue, Maupay! - Official Czech &amp; Slovak Everton Supporters&#039; Club\" \/>\n<meta property=\"og:description\" content=\"Frank Lampard se p\u0159eci jenom do\u010dkal vysn\u011bn\u00e9 posily do \u00fatoku, z Brightonu p\u0159estoupil na Merseyside ne\u00fanavn\u00fd \u0161t\u00edrek Neal Maupay.\" \/>\n<meta property=\"og:url\" content=\"https:\/\/evertonfc.cz\/index.php\/2022\/08\/26\/konecne-novy-bienvenue-maupay\/\" \/>\n<meta property=\"og:site_name\" content=\"Official Czech &amp; Slovak Everton Supporters&#039; Club\" \/>\n<meta property=\"article:publisher\" content=\"https:\/\/www.facebook.com\/everton.fans.cz.sk\" \/>\n<meta property=\"article:published_time\" content=\"2022-08-26T19:54:35+00:00\" \/>\n<meta property=\"article:modified_time\" content=\"2022-08-27T08:53:37+00:00\" \/>\n<meta property=\"og:image\" content=\"https:\/\/evertonfc.cz\/wp-content\/uploads\/2022\/08\/neal_maupay_25_8_2022.jpg\" \/>\n\t<meta property=\"og:image:width\" content=\"720\" \/>\n\t<meta property=\"og:image:height\" content=\"405\" \/>\n\t<meta property=\"og:image:type\" content=\"image\/jpeg\" \/>\n<meta name=\"author\" content=\"Ri\u010di\" \/>\n<meta name=\"twitter:card\" content=\"summary_large_image\" \/>\n<meta name=\"twitter:creator\" content=\"@rbrejsa\" \/>\n<meta name=\"twitter:label1\" content=\"Napsal(a)\" \/>\n\t<meta name=\"twitter:data1\" content=\"Ri\u010di\" \/>\n\t<meta name=\"twitter:label2\" content=\"Odhadovan\u00e1 doba \u010dten\u00ed\" \/>\n\t<meta name=\"twitter:data2\" content=\"2 minuty\" \/>\n<script type=\"application\/ld+json\" class=\"yoast-schema-graph\">{\"@context\":\"https:\/\/schema.org\",\"@graph\":[{\"@type\":\"Article\",\"@id\":\"https:\/\/evertonfc.cz\/index.php\/2022\/08\/26\/konecne-novy-bienvenue-maupay\/#article\",\"isPartOf\":{\"@id\":\"https:\/\/evertonfc.cz\/index.php\/2022\/08\/26\/konecne-novy-bienvenue-maupay\/\"},\"author\":{\"name\":\"Ri\u010di\",\"@id\":\"https:\/\/evertonfc.cz\/#\/schema\/person\/f7a5daedb2ffee98480bc70e191aaef1\"},\"headline\":\"Kone\u010dn\u011b \u00fato\u010dn\u00edk: Bienvenue, Maupay!\",\"datePublished\":\"2022-08-26T19:54:35+00:00\",\"dateModified\":\"2022-08-27T08:53:37+00:00\",\"mainEntityOfPage\":{\"@id\":\"https:\/\/evertonfc.cz\/index.php\/2022\/08\/26\/konecne-novy-bienvenue-maupay\/\"},\"wordCount\":390,\"commentCount\":4,\"publisher\":{\"@id\":\"https:\/\/evertonfc.cz\/#organization\"},\"image\":{\"@id\":\"https:\/\/evertonfc.cz\/index.php\/2022\/08\/26\/konecne-novy-bienvenue-maupay\/#primaryimage\"},\"thumbnailUrl\":\"https:\/\/evertonfc.cz\/wp-content\/uploads\/2022\/08\/neal_maupay_25_8_2022.jpg\",\"articleSection\":[\"P\u0159estupy\"],\"inLanguage\":\"cs\",\"potentialAction\":[{\"@type\":\"CommentAction\",\"name\":\"Comment\",\"target\":[\"https:\/\/evertonfc.cz\/index.php\/2022\/08\/26\/konecne-novy-bienvenue-maupay\/#respond\"]}]},{\"@type\":\"WebPage\",\"@id\":\"https:\/\/evertonfc.cz\/index.php\/2022\/08\/26\/konecne-novy-bienvenue-maupay\/\",\"url\":\"https:\/\/evertonfc.cz\/index.php\/2022\/08\/26\/konecne-novy-bienvenue-maupay\/\",\"name\":\"Kone\u010dn\u011b \u00fato\u010dn\u00edk: Bienvenue, Maupay! - Official Czech &amp; Slovak Everton Supporters&#039; Club\",\"isPartOf\":{\"@id\":\"https:\/\/evertonfc.cz\/#website\"},\"primaryImageOfPage\":{\"@id\":\"https:\/\/evertonfc.cz\/index.php\/2022\/08\/26\/konecne-novy-bienvenue-maupay\/#primaryimage\"},\"image\":{\"@id\":\"https:\/\/evertonfc.cz\/index.php\/2022\/08\/26\/konecne-novy-bienvenue-maupay\/#primaryimage\"},\"thumbnailUrl\":\"https:\/\/evertonfc.cz\/wp-content\/uploads\/2022\/08\/neal_maupay_25_8_2022.jpg\",\"datePublished\":\"2022-08-26T19:54:35+00:00\",\"dateModified\":\"2022-08-27T08:53:37+00:00\",\"description\":\"Frank Lampard se p\u0159eci jenom do\u010dkal vysn\u011bn\u00e9 posily do \u00fatoku, z Brightonu p\u0159estoupil na Merseyside ne\u00fanavn\u00fd \u0161t\u00edrek Neal Maupay.\",\"breadcrumb\":{\"@id\":\"https:\/\/evertonfc.cz\/index.php\/2022\/08\/26\/konecne-novy-bienvenue-maupay\/#breadcrumb\"},\"inLanguage\":\"cs\",\"potentialAction\":[{\"@type\":\"ReadAction\",\"target\":[\"https:\/\/evertonfc.cz\/index.php\/2022\/08\/26\/konecne-novy-bienvenue-maupay\/\"]}]},{\"@type\":\"ImageObject\",\"inLanguage\":\"cs\",\"@id\":\"https:\/\/evertonfc.cz\/index.php\/2022\/08\/26\/konecne-novy-bienvenue-maupay\/#primaryimage\",\"url\":\"https:\/\/evertonfc.cz\/wp-content\/uploads\/2022\/08\/neal_maupay_25_8_2022.jpg\",\"contentUrl\":\"https:\/\/evertonfc.cz\/wp-content\/uploads\/2022\/08\/neal_maupay_25_8_2022.jpg\",\"width\":720,\"height\":405},{\"@type\":\"BreadcrumbList\",\"@id\":\"https:\/\/evertonfc.cz\/index.php\/2022\/08\/26\/konecne-novy-bienvenue-maupay\/#breadcrumb\",\"itemListElement\":[{\"@type\":\"ListItem\",\"position\":1,\"name\":\"Home\",\"item\":\"https:\/\/evertonfc.cz\/\"},{\"@type\":\"ListItem\",\"position\":2,\"name\":\"Kone\u010dn\u011b \u00fato\u010dn\u00edk: Bienvenue, Maupay!\"}]},{\"@type\":\"WebSite\",\"@id\":\"https:\/\/evertonfc.cz\/#website\",\"url\":\"https:\/\/evertonfc.cz\/\",\"name\":\"Official Czech &amp; Slovak Everton Supporters&#039; Club\",\"description\":\"\",\"publisher\":{\"@id\":\"https:\/\/evertonfc.cz\/#organization\"},\"potentialAction\":[{\"@type\":\"SearchAction\",\"target\":{\"@type\":\"EntryPoint\",\"urlTemplate\":\"https:\/\/evertonfc.cz\/?s={search_term_string}\"},\"query-input\":{\"@type\":\"PropertyValueSpecification\",\"valueRequired\":true,\"valueName\":\"search_term_string\"}}],\"inLanguage\":\"cs\"},{\"@type\":\"Organization\",\"@id\":\"https:\/\/evertonfc.cz\/#organization\",\"name\":\"Official Czech & Slovak Everton Supporters' Club\",\"url\":\"https:\/\/evertonfc.cz\/\",\"logo\":{\"@type\":\"ImageObject\",\"inLanguage\":\"cs\",\"@id\":\"https:\/\/evertonfc.cz\/#\/schema\/logo\/image\/\",\"url\":\"https:\/\/evertonfc.cz\/wp-content\/uploads\/2019\/05\/logo.png\",\"contentUrl\":\"https:\/\/evertonfc.cz\/wp-content\/uploads\/2019\/05\/logo.png\",\"width\":112,\"height\":112,\"caption\":\"Official Czech & Slovak Everton Supporters' Club\"},\"image\":{\"@id\":\"https:\/\/evertonfc.cz\/#\/schema\/logo\/image\/\"},\"sameAs\":[\"https:\/\/www.facebook.com\/everton.fans.cz.sk\"]},{\"@type\":\"Person\",\"@id\":\"https:\/\/evertonfc.cz\/#\/schema\/person\/f7a5daedb2ffee98480bc70e191aaef1\",\"name\":\"Ri\u010di\",\"sameAs\":[\"https:\/\/x.com\/rbrejsa\"],\"url\":\"https:\/\/evertonfc.cz\/index.php\/author\/rici\/\"}]}<\/script>\n<!-- \/ Yoast SEO plugin. -->","yoast_head_json":{"title":"Kone\u010dn\u011b \u00fato\u010dn\u00edk: Bienvenue, Maupay! - Official Czech &amp; Slovak Everton Supporters&#039; Club","description":"Frank Lampard se p\u0159eci jenom do\u010dkal vysn\u011bn\u00e9 posily do \u00fatoku, z Brightonu p\u0159estoupil na Merseyside ne\u00fanavn\u00fd \u0161t\u00edrek Neal Maupay.","robots":{"index":"index","follow":"follow","max-snippet":"max-snippet:-1","max-image-preview":"max-image-preview:large","max-video-preview":"max-video-preview:-1"},"canonical":"https:\/\/evertonfc.cz\/index.php\/2022\/08\/26\/konecne-novy-bienvenue-maupay\/","og_locale":"cs_CZ","og_type":"article","og_title":"Kone\u010dn\u011b \u00fato\u010dn\u00edk: Bienvenue, Maupay! - Official Czech &amp; Slovak Everton Supporters&#039; Club","og_description":"Frank Lampard se p\u0159eci jenom do\u010dkal vysn\u011bn\u00e9 posily do \u00fatoku, z Brightonu p\u0159estoupil na Merseyside ne\u00fanavn\u00fd \u0161t\u00edrek Neal Maupay.","og_url":"https:\/\/evertonfc.cz\/index.php\/2022\/08\/26\/konecne-novy-bienvenue-maupay\/","og_site_name":"Official Czech &amp; Slovak Everton Supporters&#039; Club","article_publisher":"https:\/\/www.facebook.com\/everton.fans.cz.sk","article_published_time":"2022-08-26T19:54:35+00:00","article_modified_time":"2022-08-27T08:53:37+00:00","og_image":[{"width":720,"height":405,"url":"https:\/\/evertonfc.cz\/wp-content\/uploads\/2022\/08\/neal_maupay_25_8_2022.jpg","type":"image\/jpeg"}],"author":"Ri\u010di","twitter_card":"summary_large_image","twitter_creator":"@rbrejsa","twitter_misc":{"Napsal(a)":"Ri\u010di","Odhadovan\u00e1 doba \u010dten\u00ed":"2 minuty"},"schema":{"@context":"https:\/\/schema.org","@graph":[{"@type":"Article","@id":"https:\/\/evertonfc.cz\/index.php\/2022\/08\/26\/konecne-novy-bienvenue-maupay\/#article","isPartOf":{"@id":"https:\/\/evertonfc.cz\/index.php\/2022\/08\/26\/konecne-novy-bienvenue-maupay\/"},"author":{"name":"Ri\u010di","@id":"https:\/\/evertonfc.cz\/#\/schema\/person\/f7a5daedb2ffee98480bc70e191aaef1"},"headline":"Kone\u010dn\u011b \u00fato\u010dn\u00edk: Bienvenue, Maupay!","datePublished":"2022-08-26T19:54:35+00:00","dateModified":"2022-08-27T08:53:37+00:00","mainEntityOfPage":{"@id":"https:\/\/evertonfc.cz\/index.php\/2022\/08\/26\/konecne-novy-bienvenue-maupay\/"},"wordCount":390,"commentCount":4,"publisher":{"@id":"https:\/\/evertonfc.cz\/#organization"},"image":{"@id":"https:\/\/evertonfc.cz\/index.php\/2022\/08\/26\/konecne-novy-bienvenue-maupay\/#primaryimage"},"thumbnailUrl":"https:\/\/evertonfc.cz\/wp-content\/uploads\/2022\/08\/neal_maupay_25_8_2022.jpg","articleSection":["P\u0159estupy"],"inLanguage":"cs","potentialAction":[{"@type":"CommentAction","name":"Comment","target":["https:\/\/evertonfc.cz\/index.php\/2022\/08\/26\/konecne-novy-bienvenue-maupay\/#respond"]}]},{"@type":"WebPage","@id":"https:\/\/evertonfc.cz\/index.php\/2022\/08\/26\/konecne-novy-bienvenue-maupay\/","url":"https:\/\/evertonfc.cz\/index.php\/2022\/08\/26\/konecne-novy-bienvenue-maupay\/","name":"Kone\u010dn\u011b \u00fato\u010dn\u00edk: Bienvenue, Maupay! - Official Czech &amp; Slovak Everton Supporters&#039; Club","isPartOf":{"@id":"https:\/\/evertonfc.cz\/#website"},"primaryImageOfPage":{"@id":"https:\/\/evertonfc.cz\/index.php\/2022\/08\/26\/konecne-novy-bienvenue-maupay\/#primaryimage"},"image":{"@id":"https:\/\/evertonfc.cz\/index.php\/2022\/08\/26\/konecne-novy-bienvenue-maupay\/#primaryimage"},"thumbnailUrl":"https:\/\/evertonfc.cz\/wp-content\/uploads\/2022\/08\/neal_maupay_25_8_2022.jpg","datePublished":"2022-08-26T19:54:35+00:00","dateModified":"2022-08-27T08:53:37+00:00","description":"Frank Lampard se p\u0159eci jenom do\u010dkal vysn\u011bn\u00e9 posily do \u00fatoku, z Brightonu p\u0159estoupil na Merseyside ne\u00fanavn\u00fd \u0161t\u00edrek Neal Maupay.","breadcrumb":{"@id":"https:\/\/evertonfc.cz\/index.php\/2022\/08\/26\/konecne-novy-bienvenue-maupay\/#breadcrumb"},"inLanguage":"cs","potentialAction":[{"@type":"ReadAction","target":["https:\/\/evertonfc.cz\/index.php\/2022\/08\/26\/konecne-novy-bienvenue-maupay\/"]}]},{"@type":"ImageObject","inLanguage":"cs","@id":"https:\/\/evertonfc.cz\/index.php\/2022\/08\/26\/konecne-novy-bienvenue-maupay\/#primaryimage","url":"https:\/\/evertonfc.cz\/wp-content\/uploads\/2022\/08\/neal_maupay_25_8_2022.jpg","contentUrl":"https:\/\/evertonfc.cz\/wp-content\/uploads\/2022\/08\/neal_maupay_25_8_2022.jpg","width":720,"height":405},{"@type":"BreadcrumbList","@id":"https:\/\/evertonfc.cz\/index.php\/2022\/08\/26\/konecne-novy-bienvenue-maupay\/#breadcrumb","itemListElement":[{"@type":"ListItem","position":1,"name":"Home","item":"https:\/\/evertonfc.cz\/"},{"@type":"ListItem","position":2,"name":"Kone\u010dn\u011b \u00fato\u010dn\u00edk: Bienvenue, Maupay!"}]},{"@type":"WebSite","@id":"https:\/\/evertonfc.cz\/#website","url":"https:\/\/evertonfc.cz\/","name":"Official Czech &amp; Slovak Everton Supporters&#039; Club","description":"","publisher":{"@id":"https:\/\/evertonfc.cz\/#organization"},"potentialAction":[{"@type":"SearchAction","target":{"@type":"EntryPoint","urlTemplate":"https:\/\/evertonfc.cz\/?s={search_term_string}"},"query-input":{"@type":"PropertyValueSpecification","valueRequired":true,"valueName":"search_term_string"}}],"inLanguage":"cs"},{"@type":"Organization","@id":"https:\/\/evertonfc.cz\/#organization","name":"Official Czech & Slovak Everton Supporters' Club","url":"https:\/\/evertonfc.cz\/","logo":{"@type":"ImageObject","inLanguage":"cs","@id":"https:\/\/evertonfc.cz\/#\/schema\/logo\/image\/","url":"https:\/\/evertonfc.cz\/wp-content\/uploads\/2019\/05\/logo.png","contentUrl":"https:\/\/evertonfc.cz\/wp-content\/uploads\/2019\/05\/logo.png","width":112,"height":112,"caption":"Official Czech & Slovak Everton Supporters' Club"},"image":{"@id":"https:\/\/evertonfc.cz\/#\/schema\/logo\/image\/"},"sameAs":["https:\/\/www.facebook.com\/everton.fans.cz.sk"]},{"@type":"Person","@id":"https:\/\/evertonfc.cz\/#\/schema\/person\/f7a5daedb2ffee98480bc70e191aaef1","name":"Ri\u010di","sameAs":["https:\/\/x.com\/rbrejsa"],"url":"https:\/\/evertonfc.cz\/index.php\/author\/rici\/"}]}},"_links":{"self":[{"href":"https:\/\/evertonfc.cz\/index.php\/wp-json\/wp\/v2\/posts\/19575"}],"collection":[{"href":"https:\/\/evertonfc.cz\/index.php\/wp-json\/wp\/v2\/posts"}],"about":[{"href":"https:\/\/evertonfc.cz\/index.php\/wp-json\/wp\/v2\/types\/post"}],"author":[{"embeddable":true,"href":"https:\/\/evertonfc.cz\/index.php\/wp-json\/wp\/v2\/users\/6"}],"replies":[{"embeddable":true,"href":"https:\/\/evertonfc.cz\/index.php\/wp-json\/wp\/v2\/comments?post=19575"}],"version-history":[{"count":12,"href":"https:\/\/evertonfc.cz\/index.php\/wp-json\/wp\/v2\/posts\/19575\/revisions"}],"predecessor-version":[{"id":19600,"href":"https:\/\/evertonfc.cz\/index.php\/wp-json\/wp\/v2\/posts\/19575\/revisions\/19600"}],"wp:featuredmedia":[{"embeddable":true,"href":"https:\/\/evertonfc.cz\/index.php\/wp-json\/wp\/v2\/media\/19587"}],"wp:attachment":[{"href":"https:\/\/evertonfc.cz\/index.php\/wp-json\/wp\/v2\/media?parent=19575"}],"wp:term":[{"taxonomy":"category","embeddable":true,"href":"https:\/\/evertonfc.cz\/index.php\/wp-json\/wp\/v2\/categories?post=19575"},{"taxonomy":"post_tag","embeddable":true,"href":"https:\/\/evertonfc.cz\/index.php\/wp-json\/wp\/v2\/tags?post=19575"}],"curies":[{"name":"wp","href":"https:\/\/api.w.org\/{rel}","templated":true}]}}